{"id":17299,"date":"2020-09-13T12:00:01","date_gmt":"2020-09-13T15:00:01","guid":{"rendered":"https:\/\/marcelolopes.jor.br\/?p=17299"},"modified":"2020-09-13T11:38:34","modified_gmt":"2020-09-13T14:38:34","slug":"pai-e-filho-sao-mortos-a-tiros-em-alem-paraiba","status":"publish","type":"post","link":"https:\/\/marcelolopes.jor.br\/site\/2020\/09\/13\/pai-e-filho-sao-mortos-a-tiros-em-alem-paraiba\/","title":{"rendered":"Pai e filho s\u00e3o mortos a tiros em Al\u00e9m Para\u00edba"},"content":{"rendered":"<p style=\"text-align: justify;\">A Pol\u00edcia Militar de Al\u00e9m Para\u00edba registrou no in\u00edcio da noite deste s\u00e1bado, 12 de setembro, um duplo homic\u00eddio ocorrido naquela cidade, no Bairro Goiabal. De acordo com informa\u00e7\u00f5es do Blog do Adenilson Mendes, as v\u00edtimas s\u00e3o Jorge Matias Soares, 71 anos, e seu filho Matheus Teodoro Rosa Soares, de 20 anos de idade. O crime aconteceu quando os dois estavam na chegada do bairro, quando foram alvejados por disparos de arma de fogo disparados por pessoas ainda n\u00e3o identificadas.<!--more--><\/p>\n<p style=\"text-align: justify;\"><img loading=\"lazy\" decoding=\"async\" class=\"alignleft wp-image-17301\" src=\"https:\/\/marcelolopes.jor.br\/site\/wp-content\/uploads\/2020\/09\/WhatsApp-Image-2020-09-13-at-11.31.00.jpeg\" alt=\"\" width=\"200\" height=\"366\" srcset=\"https:\/\/marcelolopes.jor.br\/site\/wp-content\/uploads\/2020\/09\/WhatsApp-Image-2020-09-13-at-11.31.00.jpeg 262w, https:\/\/marcelolopes.jor.br\/site\/wp-content\/uploads\/2020\/09\/WhatsApp-Image-2020-09-13-at-11.31.00-164x300.jpeg 164w\" sizes=\"auto, (max-width: 200px) 100vw, 200px\" \/>Os autores estavam em uma moto Honda Twister de cor vermelha, sendo que os disparos teriam sido feitos pela pessoa que estava na garupa, fugindo em seguida em dire\u00e7\u00e3o \u00e0 BR-116, tomando rumo ignorado. Jorge Matias, conforme revelaram moradores do local, era uma pessoa &#8220;trabalhadora, religiosa e de bom conv\u00edvio&#8221;. Ele e seu filho foram alvejados enquanto conversavam na rua. Matheus n\u00e3o resistiu e morreu no local, j\u00e1 seu pai foi levado ao Hospital S\u00e3o Salvador, mas n\u00e3o resistiu aos ferimentos.<\/p>\n<p style=\"text-align: justify;\">A guarni\u00e7\u00e3o da Pol\u00edcia Militar preservou a cena do crime, acionou a Per\u00edcia T\u00e9cnica da Pol\u00edcia Civil que ap\u00f3s os trabalhos de praxe, liberou o corpo do jovem que foi encaminhado juntamente com o do seu pai para o IML de Juiz de Fora, para os exames de rotina. At\u00e9 o fechamento desta mat\u00e9ria os autores ainda n\u00e3o haviam sido identificados. Aparentemente, o alvo dos marginais era o jovem Matheus, irm\u00e3o de Bruno, que tamb\u00e9m foi morto a tiros no dia 21 de junho deste ano. A motiva\u00e7\u00e3o dos crimes permanece desconhecida. A Pol\u00edcia Civil atrav\u00e9s da 28\u00aa Delegacia de Pol\u00edcia Civil de Al\u00e9m Para\u00edba vai investigar o caso.<\/p>\n<p style=\"text-align: justify;\">Fonte: Blog do Adenilson Mendes | Fotos: Adenilson Mendes<\/p>\n<div class=\"iloix69f76f3b05773\" ><br><\/div><style type=\"text\/css\">\r\n@media screen and (min-width: 1201px) {\r\n.iloix69f76f3b05773 {\r\ndisplay: block;\r\n}\r\n}\r\n@media screen and (min-width: 993px) and (max-width: 1200px) {\r\n.iloix69f76f3b05773 {\r\ndisplay: block;\r\n}\r\n}\r\n@media screen and (min-width: 769px) and (max-width: 992px) {\r\n.iloix69f76f3b05773 {\r\ndisplay: block;\r\n}\r\n}\r\n@media screen and (min-width: 768px) and (max-width: 768px) {\r\n.iloix69f76f3b05773 {\r\ndisplay: block;\r\n}\r\n}\r\n@media screen and (max-width: 767px) {\r\n.iloix69f76f3b05773 {\r\ndisplay: block;\r\n}\r\n}\r\n<\/style>\r\n<div class=\"ecoki69f76f3b0b124\" ><div id=\"div_destino\"><\/div>\r\n<script src=\"https:\/\/cdn.snsrsv.com\/sdk.js\"><\/script>\r\n<script >\r\n      new sdk(\"464030C30061EA8BE065000000000001\") \r\n          .appendTo(\"div_destino\")\r\n          .disableStyle(true) \r\n          .setCacheBusterMacro(\"%%CACHEBUSTER%%\")\r\n          .setSize(\"800\",\"214\")\r\n          .setClickMacro(\"%%CLICK_URL_ESC%%\") \r\n          .setReferrerUrlMacro(\"%%REFERRER_URL_ESC%%\") \r\n          .start(); \r\n<\/script><\/div><style type=\"text\/css\">\r\n@media screen and (min-width: 1201px) {\r\n.ecoki69f76f3b0b124 {\r\ndisplay: block;\r\n}\r\n}\r\n@media screen and (min-width: 993px) and (max-width: 1200px) {\r\n.ecoki69f76f3b0b124 {\r\ndisplay: block;\r\n}\r\n}\r\n@media screen and (min-width: 769px) and (max-width: 992px) {\r\n.ecoki69f76f3b0b124 {\r\ndisplay: block;\r\n}\r\n}\r\n@media screen and (min-width: 768px) and (max-width: 768px) {\r\n.ecoki69f76f3b0b124 {\r\ndisplay: block;\r\n}\r\n}\r\n@media screen and (max-width: 767px) {\r\n.ecoki69f76f3b0b124 {\r\ndisplay: block;\r\n}\r\n}\r\n<\/style>\r\n","protected":false},"excerpt":{"rendered":"<p>A Pol\u00edcia Militar de Al\u00e9m Para\u00edba registrou no in\u00edcio da noite deste s\u00e1bado, 12 de setembro, um duplo homic\u00eddio ocorrido naquela cidade, no Bairro Goiabal. De acordo com informa\u00e7\u00f5es do Blog do Adenilson Mendes, as v\u00edtimas s\u00e3o Jorge Matias Soares,<\/p>\n<p class=\"link-more\"><a class=\"more-link\" href=\"https:\/\/marcelolopes.jor.br\/site\/2020\/09\/13\/pai-e-filho-sao-mortos-a-tiros-em-alem-paraiba\/\">Leia mais <span class=\"screen-reader-text\">Pai e filho s\u00e3o mortos a tiros em Al\u00e9m Para\u00edba<\/span><\/a><\/p>\n","protected":false},"author":2,"featured_media":17302,"comment_status":"open","ping_status":"open","sticky":false,"template":"","format":"standard","meta":{"footnotes":""},"categories":[1],"tags":[768,74,252,269],"class_list":["post-17299","post","type-post","status-publish","format-standard","has-post-thumbnail","hentry","category-noticias","tag-alem-paraiba","tag-crime","tag-duplo-homicidio","tag-tiros","thumb-below-title"],"yoast_head":"<!-- This site is optimized with the Yoast SEO plugin v27.4 - https:\/\/yoast.com\/product\/yoast-seo-wordpress\/ -->\n<title>Pai e filho s\u00e3o mortos a tiros em Al\u00e9m Para\u00edba | Marcelo Lopes<\/title>\n<meta name=\"robots\" content=\"index, follow, max-snippet:-1, max-image-preview:large, max-video-preview:-1\" \/>\n<link rel=\"canonical\" href=\"https:\/\/marcelolopes.jor.br\/site\/2020\/09\/13\/pai-e-filho-sao-mortos-a-tiros-em-alem-paraiba\/\" \/>\n<meta property=\"og:locale\" content=\"pt_BR\" \/>\n<meta property=\"og:type\" content=\"article\" \/>\n<meta property=\"og:title\" content=\"Pai e filho s\u00e3o mortos a tiros em Al\u00e9m Para\u00edba | Marcelo Lopes\" \/>\n<meta property=\"og:description\" content=\"A Pol\u00edcia Militar de Al\u00e9m Para\u00edba registrou no in\u00edcio da noite deste s\u00e1bado, 12 de setembro, um duplo homic\u00eddio ocorrido naquela cidade, no Bairro Goiabal. De acordo com informa\u00e7\u00f5es do Blog do Adenilson Mendes, as v\u00edtimas s\u00e3o Jorge Matias Soares,Leia mais Pai e filho s\u00e3o mortos a tiros em Al\u00e9m Para\u00edba\" \/>\n<meta property=\"og:url\" content=\"https:\/\/marcelolopes.jor.br\/site\/2020\/09\/13\/pai-e-filho-sao-mortos-a-tiros-em-alem-paraiba\/\" \/>\n<meta property=\"og:site_name\" content=\"Marcelo Lopes\" \/>\n<meta property=\"article:publisher\" content=\"https:\/\/www.facebook.com\/sitedomarcelolopes\" \/>\n<meta property=\"article:published_time\" content=\"2020-09-13T15:00:01+00:00\" \/>\n<meta property=\"og:image\" content=\"https:\/\/marcelolopes.jor.br\/site\/wp-content\/uploads\/2020\/09\/goiabalmorte.jpg\" \/>\n\t<meta property=\"og:image:width\" content=\"800\" \/>\n\t<meta property=\"og:image:height\" content=\"516\" \/>\n\t<meta property=\"og:image:type\" content=\"image\/jpeg\" \/>\n<meta name=\"author\" content=\"Marcelo Lopes\" \/>\n<meta name=\"twitter:card\" content=\"summary_large_image\" \/>\n<meta name=\"twitter:label1\" content=\"Escrito por\" \/>\n\t<meta name=\"twitter:data1\" content=\"Marcelo Lopes\" \/>\n\t<meta name=\"twitter:label2\" content=\"Est. tempo de leitura\" \/>\n\t<meta name=\"twitter:data2\" content=\"2 minutos\" \/>\n<script type=\"application\/ld+json\" class=\"yoast-schema-graph\">{\"@context\":\"https:\\\/\\\/schema.org\",\"@graph\":[{\"@type\":\"NewsArticle\",\"@id\":\"https:\\\/\\\/marcelolopes.jor.br\\\/site\\\/2020\\\/09\\\/13\\\/pai-e-filho-sao-mortos-a-tiros-em-alem-paraiba\\\/#article\",\"isPartOf\":{\"@id\":\"https:\\\/\\\/marcelolopes.jor.br\\\/site\\\/2020\\\/09\\\/13\\\/pai-e-filho-sao-mortos-a-tiros-em-alem-paraiba\\\/\"},\"author\":{\"name\":\"Marcelo Lopes\",\"@id\":\"https:\\\/\\\/marcelolopes.jor.br\\\/site\\\/#\\\/schema\\\/person\\\/3e7216a35c34d8fdf952b31da3d1f89f\"},\"headline\":\"Pai e filho s\u00e3o mortos a tiros em Al\u00e9m Para\u00edba\",\"datePublished\":\"2020-09-13T15:00:01+00:00\",\"mainEntityOfPage\":{\"@id\":\"https:\\\/\\\/marcelolopes.jor.br\\\/site\\\/2020\\\/09\\\/13\\\/pai-e-filho-sao-mortos-a-tiros-em-alem-paraiba\\\/\"},\"wordCount\":316,\"commentCount\":0,\"publisher\":{\"@id\":\"https:\\\/\\\/marcelolopes.jor.br\\\/site\\\/#organization\"},\"image\":{\"@id\":\"https:\\\/\\\/marcelolopes.jor.br\\\/site\\\/2020\\\/09\\\/13\\\/pai-e-filho-sao-mortos-a-tiros-em-alem-paraiba\\\/#primaryimage\"},\"thumbnailUrl\":\"https:\\\/\\\/marcelolopes.jor.br\\\/site\\\/wp-content\\\/uploads\\\/2020\\\/09\\\/goiabalmorte.jpg\",\"keywords\":[\"Al\u00e9m Para\u00edba\",\"crime\",\"duplo homic\u00eddio\",\"tiros\"],\"articleSection\":[\"Not\u00edcias\"],\"inLanguage\":\"pt-BR\",\"potentialAction\":[{\"@type\":\"CommentAction\",\"name\":\"Comment\",\"target\":[\"https:\\\/\\\/marcelolopes.jor.br\\\/site\\\/2020\\\/09\\\/13\\\/pai-e-filho-sao-mortos-a-tiros-em-alem-paraiba\\\/#respond\"]}]},{\"@type\":\"WebPage\",\"@id\":\"https:\\\/\\\/marcelolopes.jor.br\\\/site\\\/2020\\\/09\\\/13\\\/pai-e-filho-sao-mortos-a-tiros-em-alem-paraiba\\\/\",\"url\":\"https:\\\/\\\/marcelolopes.jor.br\\\/site\\\/2020\\\/09\\\/13\\\/pai-e-filho-sao-mortos-a-tiros-em-alem-paraiba\\\/\",\"name\":\"Pai e filho s\u00e3o mortos a tiros em Al\u00e9m Para\u00edba | Marcelo Lopes\",\"isPartOf\":{\"@id\":\"https:\\\/\\\/marcelolopes.jor.br\\\/site\\\/#website\"},\"primaryImageOfPage\":{\"@id\":\"https:\\\/\\\/marcelolopes.jor.br\\\/site\\\/2020\\\/09\\\/13\\\/pai-e-filho-sao-mortos-a-tiros-em-alem-paraiba\\\/#primaryimage\"},\"image\":{\"@id\":\"https:\\\/\\\/marcelolopes.jor.br\\\/site\\\/2020\\\/09\\\/13\\\/pai-e-filho-sao-mortos-a-tiros-em-alem-paraiba\\\/#primaryimage\"},\"thumbnailUrl\":\"https:\\\/\\\/marcelolopes.jor.br\\\/site\\\/wp-content\\\/uploads\\\/2020\\\/09\\\/goiabalmorte.jpg\",\"datePublished\":\"2020-09-13T15:00:01+00:00\",\"breadcrumb\":{\"@id\":\"https:\\\/\\\/marcelolopes.jor.br\\\/site\\\/2020\\\/09\\\/13\\\/pai-e-filho-sao-mortos-a-tiros-em-alem-paraiba\\\/#breadcrumb\"},\"inLanguage\":\"pt-BR\",\"potentialAction\":[{\"@type\":\"ReadAction\",\"target\":[\"https:\\\/\\\/marcelolopes.jor.br\\\/site\\\/2020\\\/09\\\/13\\\/pai-e-filho-sao-mortos-a-tiros-em-alem-paraiba\\\/\"]}]},{\"@type\":\"ImageObject\",\"inLanguage\":\"pt-BR\",\"@id\":\"https:\\\/\\\/marcelolopes.jor.br\\\/site\\\/2020\\\/09\\\/13\\\/pai-e-filho-sao-mortos-a-tiros-em-alem-paraiba\\\/#primaryimage\",\"url\":\"https:\\\/\\\/marcelolopes.jor.br\\\/site\\\/wp-content\\\/uploads\\\/2020\\\/09\\\/goiabalmorte.jpg\",\"contentUrl\":\"https:\\\/\\\/marcelolopes.jor.br\\\/site\\\/wp-content\\\/uploads\\\/2020\\\/09\\\/goiabalmorte.jpg\",\"width\":800,\"height\":516},{\"@type\":\"BreadcrumbList\",\"@id\":\"https:\\\/\\\/marcelolopes.jor.br\\\/site\\\/2020\\\/09\\\/13\\\/pai-e-filho-sao-mortos-a-tiros-em-alem-paraiba\\\/#breadcrumb\",\"itemListElement\":[{\"@type\":\"ListItem\",\"position\":1,\"name\":\"Home\",\"item\":\"https:\\\/\\\/marcelolopes.jor.br\\\/site\\\/\"},{\"@type\":\"ListItem\",\"position\":2,\"name\":\"Pai e filho s\u00e3o mortos a tiros em Al\u00e9m Para\u00edba\"}]},{\"@type\":\"WebSite\",\"@id\":\"https:\\\/\\\/marcelolopes.jor.br\\\/site\\\/#website\",\"url\":\"https:\\\/\\\/marcelolopes.jor.br\\\/site\\\/\",\"name\":\"Marcelo Lopes\",\"description\":\"Not\u00edcias de Cataguases e Regi\u00e3o\",\"publisher\":{\"@id\":\"https:\\\/\\\/marcelolopes.jor.br\\\/site\\\/#organization\"},\"potentialAction\":[{\"@type\":\"SearchAction\",\"target\":{\"@type\":\"EntryPoint\",\"urlTemplate\":\"https:\\\/\\\/marcelolopes.jor.br\\\/site\\\/?s={search_term_string}\"},\"query-input\":{\"@type\":\"PropertyValueSpecification\",\"valueRequired\":true,\"valueName\":\"search_term_string\"}}],\"inLanguage\":\"pt-BR\"},{\"@type\":\"Organization\",\"@id\":\"https:\\\/\\\/marcelolopes.jor.br\\\/site\\\/#organization\",\"name\":\"Site do Marcelo Lopes\",\"url\":\"https:\\\/\\\/marcelolopes.jor.br\\\/site\\\/\",\"logo\":{\"@type\":\"ImageObject\",\"inLanguage\":\"pt-BR\",\"@id\":\"https:\\\/\\\/marcelolopes.jor.br\\\/site\\\/#\\\/schema\\\/logo\\\/image\\\/\",\"url\":\"https:\\\/\\\/marcelolopes.jor.br\\\/site\\\/wp-content\\\/uploads\\\/2024\\\/11\\\/logo-1.png\",\"contentUrl\":\"https:\\\/\\\/marcelolopes.jor.br\\\/site\\\/wp-content\\\/uploads\\\/2024\\\/11\\\/logo-1.png\",\"width\":475,\"height\":80,\"caption\":\"Site do Marcelo Lopes\"},\"image\":{\"@id\":\"https:\\\/\\\/marcelolopes.jor.br\\\/site\\\/#\\\/schema\\\/logo\\\/image\\\/\"},\"sameAs\":[\"https:\\\/\\\/www.facebook.com\\\/sitedomarcelolopes\",\"https:\\\/\\\/www.instagram.com\\\/sitedomarcelolopes\\\/\",\"https:\\\/\\\/www.linkedin.com\\\/company\\\/site-do-marcelo-lopes\\\/\",\"https:\\\/\\\/www.youtube.com\\\/user\\\/marcelolopes957\"]},{\"@type\":\"Person\",\"@id\":\"https:\\\/\\\/marcelolopes.jor.br\\\/site\\\/#\\\/schema\\\/person\\\/3e7216a35c34d8fdf952b31da3d1f89f\",\"name\":\"Marcelo Lopes\",\"sameAs\":[\"http:\\\/\\\/www.marcelolopes.jor.br\"],\"url\":\"https:\\\/\\\/marcelolopes.jor.br\\\/site\\\/author\\\/marcelo\\\/\"}]}<\/script>\n<!-- \/ Yoast SEO plugin. -->","yoast_head_json":{"title":"Pai e filho s\u00e3o mortos a tiros em Al\u00e9m Para\u00edba | Marcelo Lopes","robots":{"index":"index","follow":"follow","max-snippet":"max-snippet:-1","max-image-preview":"max-image-preview:large","max-video-preview":"max-video-preview:-1"},"canonical":"https:\/\/marcelolopes.jor.br\/site\/2020\/09\/13\/pai-e-filho-sao-mortos-a-tiros-em-alem-paraiba\/","og_locale":"pt_BR","og_type":"article","og_title":"Pai e filho s\u00e3o mortos a tiros em Al\u00e9m Para\u00edba | Marcelo Lopes","og_description":"A Pol\u00edcia Militar de Al\u00e9m Para\u00edba registrou no in\u00edcio da noite deste s\u00e1bado, 12 de setembro, um duplo homic\u00eddio ocorrido naquela cidade, no Bairro Goiabal. De acordo com informa\u00e7\u00f5es do Blog do Adenilson Mendes, as v\u00edtimas s\u00e3o Jorge Matias Soares,Leia mais Pai e filho s\u00e3o mortos a tiros em Al\u00e9m Para\u00edba","og_url":"https:\/\/marcelolopes.jor.br\/site\/2020\/09\/13\/pai-e-filho-sao-mortos-a-tiros-em-alem-paraiba\/","og_site_name":"Marcelo Lopes","article_publisher":"https:\/\/www.facebook.com\/sitedomarcelolopes","article_published_time":"2020-09-13T15:00:01+00:00","og_image":[{"width":800,"height":516,"url":"https:\/\/marcelolopes.jor.br\/site\/wp-content\/uploads\/2020\/09\/goiabalmorte.jpg","type":"image\/jpeg"}],"author":"Marcelo Lopes","twitter_card":"summary_large_image","twitter_misc":{"Escrito por":"Marcelo Lopes","Est. tempo de leitura":"2 minutos"},"schema":{"@context":"https:\/\/schema.org","@graph":[{"@type":"NewsArticle","@id":"https:\/\/marcelolopes.jor.br\/site\/2020\/09\/13\/pai-e-filho-sao-mortos-a-tiros-em-alem-paraiba\/#article","isPartOf":{"@id":"https:\/\/marcelolopes.jor.br\/site\/2020\/09\/13\/pai-e-filho-sao-mortos-a-tiros-em-alem-paraiba\/"},"author":{"name":"Marcelo Lopes","@id":"https:\/\/marcelolopes.jor.br\/site\/#\/schema\/person\/3e7216a35c34d8fdf952b31da3d1f89f"},"headline":"Pai e filho s\u00e3o mortos a tiros em Al\u00e9m Para\u00edba","datePublished":"2020-09-13T15:00:01+00:00","mainEntityOfPage":{"@id":"https:\/\/marcelolopes.jor.br\/site\/2020\/09\/13\/pai-e-filho-sao-mortos-a-tiros-em-alem-paraiba\/"},"wordCount":316,"commentCount":0,"publisher":{"@id":"https:\/\/marcelolopes.jor.br\/site\/#organization"},"image":{"@id":"https:\/\/marcelolopes.jor.br\/site\/2020\/09\/13\/pai-e-filho-sao-mortos-a-tiros-em-alem-paraiba\/#primaryimage"},"thumbnailUrl":"https:\/\/marcelolopes.jor.br\/site\/wp-content\/uploads\/2020\/09\/goiabalmorte.jpg","keywords":["Al\u00e9m Para\u00edba","crime","duplo homic\u00eddio","tiros"],"articleSection":["Not\u00edcias"],"inLanguage":"pt-BR","potentialAction":[{"@type":"CommentAction","name":"Comment","target":["https:\/\/marcelolopes.jor.br\/site\/2020\/09\/13\/pai-e-filho-sao-mortos-a-tiros-em-alem-paraiba\/#respond"]}]},{"@type":"WebPage","@id":"https:\/\/marcelolopes.jor.br\/site\/2020\/09\/13\/pai-e-filho-sao-mortos-a-tiros-em-alem-paraiba\/","url":"https:\/\/marcelolopes.jor.br\/site\/2020\/09\/13\/pai-e-filho-sao-mortos-a-tiros-em-alem-paraiba\/","name":"Pai e filho s\u00e3o mortos a tiros em Al\u00e9m Para\u00edba | Marcelo Lopes","isPartOf":{"@id":"https:\/\/marcelolopes.jor.br\/site\/#website"},"primaryImageOfPage":{"@id":"https:\/\/marcelolopes.jor.br\/site\/2020\/09\/13\/pai-e-filho-sao-mortos-a-tiros-em-alem-paraiba\/#primaryimage"},"image":{"@id":"https:\/\/marcelolopes.jor.br\/site\/2020\/09\/13\/pai-e-filho-sao-mortos-a-tiros-em-alem-paraiba\/#primaryimage"},"thumbnailUrl":"https:\/\/marcelolopes.jor.br\/site\/wp-content\/uploads\/2020\/09\/goiabalmorte.jpg","datePublished":"2020-09-13T15:00:01+00:00","breadcrumb":{"@id":"https:\/\/marcelolopes.jor.br\/site\/2020\/09\/13\/pai-e-filho-sao-mortos-a-tiros-em-alem-paraiba\/#breadcrumb"},"inLanguage":"pt-BR","potentialAction":[{"@type":"ReadAction","target":["https:\/\/marcelolopes.jor.br\/site\/2020\/09\/13\/pai-e-filho-sao-mortos-a-tiros-em-alem-paraiba\/"]}]},{"@type":"ImageObject","inLanguage":"pt-BR","@id":"https:\/\/marcelolopes.jor.br\/site\/2020\/09\/13\/pai-e-filho-sao-mortos-a-tiros-em-alem-paraiba\/#primaryimage","url":"https:\/\/marcelolopes.jor.br\/site\/wp-content\/uploads\/2020\/09\/goiabalmorte.jpg","contentUrl":"https:\/\/marcelolopes.jor.br\/site\/wp-content\/uploads\/2020\/09\/goiabalmorte.jpg","width":800,"height":516},{"@type":"BreadcrumbList","@id":"https:\/\/marcelolopes.jor.br\/site\/2020\/09\/13\/pai-e-filho-sao-mortos-a-tiros-em-alem-paraiba\/#breadcrumb","itemListElement":[{"@type":"ListItem","position":1,"name":"Home","item":"https:\/\/marcelolopes.jor.br\/site\/"},{"@type":"ListItem","position":2,"name":"Pai e filho s\u00e3o mortos a tiros em Al\u00e9m Para\u00edba"}]},{"@type":"WebSite","@id":"https:\/\/marcelolopes.jor.br\/site\/#website","url":"https:\/\/marcelolopes.jor.br\/site\/","name":"Marcelo Lopes","description":"Not\u00edcias de Cataguases e Regi\u00e3o","publisher":{"@id":"https:\/\/marcelolopes.jor.br\/site\/#organization"},"potentialAction":[{"@type":"SearchAction","target":{"@type":"EntryPoint","urlTemplate":"https:\/\/marcelolopes.jor.br\/site\/?s={search_term_string}"},"query-input":{"@type":"PropertyValueSpecification","valueRequired":true,"valueName":"search_term_string"}}],"inLanguage":"pt-BR"},{"@type":"Organization","@id":"https:\/\/marcelolopes.jor.br\/site\/#organization","name":"Site do Marcelo Lopes","url":"https:\/\/marcelolopes.jor.br\/site\/","logo":{"@type":"ImageObject","inLanguage":"pt-BR","@id":"https:\/\/marcelolopes.jor.br\/site\/#\/schema\/logo\/image\/","url":"https:\/\/marcelolopes.jor.br\/site\/wp-content\/uploads\/2024\/11\/logo-1.png","contentUrl":"https:\/\/marcelolopes.jor.br\/site\/wp-content\/uploads\/2024\/11\/logo-1.png","width":475,"height":80,"caption":"Site do Marcelo Lopes"},"image":{"@id":"https:\/\/marcelolopes.jor.br\/site\/#\/schema\/logo\/image\/"},"sameAs":["https:\/\/www.facebook.com\/sitedomarcelolopes","https:\/\/www.instagram.com\/sitedomarcelolopes\/","https:\/\/www.linkedin.com\/company\/site-do-marcelo-lopes\/","https:\/\/www.youtube.com\/user\/marcelolopes957"]},{"@type":"Person","@id":"https:\/\/marcelolopes.jor.br\/site\/#\/schema\/person\/3e7216a35c34d8fdf952b31da3d1f89f","name":"Marcelo Lopes","sameAs":["http:\/\/www.marcelolopes.jor.br"],"url":"https:\/\/marcelolopes.jor.br\/site\/author\/marcelo\/"}]}},"wps_subtitle":"Duplo homic\u00eddio aconteceu na noite deste s\u00e1bado, 12, no Bairro Goiabal.","_links":{"self":[{"href":"https:\/\/marcelolopes.jor.br\/site\/wp-json\/wp\/v2\/posts\/17299","targetHints":{"allow":["GET"]}}],"collection":[{"href":"https:\/\/marcelolopes.jor.br\/site\/wp-json\/wp\/v2\/posts"}],"about":[{"href":"https:\/\/marcelolopes.jor.br\/site\/wp-json\/wp\/v2\/types\/post"}],"author":[{"embeddable":true,"href":"https:\/\/marcelolopes.jor.br\/site\/wp-json\/wp\/v2\/users\/2"}],"replies":[{"embeddable":true,"href":"https:\/\/marcelolopes.jor.br\/site\/wp-json\/wp\/v2\/comments?post=17299"}],"version-history":[{"count":0,"href":"https:\/\/marcelolopes.jor.br\/site\/wp-json\/wp\/v2\/posts\/17299\/revisions"}],"wp:featuredmedia":[{"embeddable":true,"href":"https:\/\/marcelolopes.jor.br\/site\/wp-json\/wp\/v2\/media\/17302"}],"wp:attachment":[{"href":"https:\/\/marcelolopes.jor.br\/site\/wp-json\/wp\/v2\/media?parent=17299"}],"wp:term":[{"taxonomy":"category","embeddable":true,"href":"https:\/\/marcelolopes.jor.br\/site\/wp-json\/wp\/v2\/categories?post=17299"},{"taxonomy":"post_tag","embeddable":true,"href":"https:\/\/marcelolopes.jor.br\/site\/wp-json\/wp\/v2\/tags?post=17299"}],"curies":[{"name":"wp","href":"https:\/\/api.w.org\/{rel}","templated":true}]}}