{"id":17228,"date":"2020-09-10T16:00:01","date_gmt":"2020-09-10T19:00:01","guid":{"rendered":"https:\/\/marcelolopes.jor.br\/?p=17228"},"modified":"2020-09-10T14:01:18","modified_gmt":"2020-09-10T17:01:18","slug":"sao-joao-nepomuceno-lanca-o-projeto-cidade-da-musica-e-anuncia-atracoes","status":"publish","type":"post","link":"https:\/\/marcelolopes.jor.br\/site\/2020\/09\/10\/sao-joao-nepomuceno-lanca-o-projeto-cidade-da-musica-e-anuncia-atracoes\/","title":{"rendered":"S\u00e3o Jo\u00e3o Nepomuceno lan\u00e7a o projeto Cidade da M\u00fasica e anuncia atra\u00e7\u00f5es"},"content":{"rendered":"<p style=\"text-align: justify;\">Foi lan\u00e7ado oficialmente nesta quinta-feira, 10 de setembro, \u00e0s 10 horas, o projeto F\u00f3rum Cidade da M\u00fasica. O evento aconteceu de forma online, na p\u00e1gina do Polo do Audiovisual da Zona da Mata, no YouTube. Participaram da iniciativa artistas, produtores, representantes de entidades parceiras, empres\u00e1rios e autoridades estaduais e regionais.<!--more--><\/p>\n<p style=\"text-align: justify;\">O projeto Cidade da M\u00fasica \u00e9 uma iniciativa de um potente grupo de profissionais locais do setor musical, em parceria com o Polo Audiovisual da Zona da Mata de Minas Gerais e a Associa\u00e7\u00e3o de M\u00fasica no Interior (AMI). A ideia \u00e9 diversificar a economia da cidade e fortalecer a integra\u00e7\u00e3o de profissionais da m\u00fasica e do audiovisual da Zona da Mata Mineira. Vai desenvolver diversas atividades art\u00edsticas e de forma\u00e7\u00e3o dentro do universo da m\u00fasica, que devido ao momento, ser\u00e3o realizadas de forma remota, com transmiss\u00e3o pela internet, seguindo todos os protocolos de seguran\u00e7a para seus participantes e o p\u00fablico.<\/p>\n<p style=\"text-align: justify;\">Ao longo dos pr\u00f3ximos meses acontecer\u00e3o dezenas de a\u00e7\u00f5es culturais, com serestas, \u201clives\u201d musicais, encontro de compositores, mostras de m\u00fasica instrumental, workshops, rodas did\u00e1ticas de choro, entre outras atra\u00e7\u00f5es. Neste sentido, o projeto nasce com a for\u00e7a de importantes parcerias, reunindo os setores do audiovisual e da m\u00fasica \u00e0 diversas institui\u00e7\u00f5es p\u00fablicas e privadas. O patroc\u00ednio \u00e9 do grupo ENERGISA atrav\u00e9s da Lei de Incentivo \u00e0 Cultura da Secretaria de Estado da Cultura e Turismo do Governo de Minas Gerais.<\/p>\n<p style=\"text-align: justify;\">Por meio de uma nova parceria, entre a Prefeitura Municipal de S\u00e3o Jo\u00e3o Nepomuceno e o SEBRAE-MG, o projeto ir\u00e1 realizar tamb\u00e9m um estudo para mapear o quadro profissional do setor musical local, identificar o potencial de toda uma cadeia produtiva de servi\u00e7os e fornecedores. Uma a\u00e7\u00e3o que garante uma base essencial para um plano de longo prazo, que tem como objetivo principal promover a Economia Criativa da M\u00fasica.<\/p>\n<p style=\"text-align: justify;\"><img loading=\"lazy\" decoding=\"async\" class=\"aligncenter wp-image-17231 size-full\" src=\"https:\/\/marcelolopes.jor.br\/site\/wp-content\/uploads\/2020\/09\/Cidade-da-m\u00fasica1.jpg\" alt=\"\" width=\"600\" height=\"376\" srcset=\"https:\/\/marcelolopes.jor.br\/site\/wp-content\/uploads\/2020\/09\/Cidade-da-m\u00fasica1.jpg 600w, https:\/\/marcelolopes.jor.br\/site\/wp-content\/uploads\/2020\/09\/Cidade-da-m\u00fasica1-300x188.jpg 300w\" sizes=\"auto, (max-width: 600px) 100vw, 600px\" \/>Para Cesar Piva, presidente da Ag\u00eancia de Desenvolvimento do Polo Audiovisual da Zona da Mata mineira, \u201cesse \u00e9 um sonho antigo do Polo Audiovisual, um arranjo criativo e produtivo regional que re\u00fana e integre de maneira duradoura toda a pot\u00eancia do setor do \u00e1udio e da m\u00fasica, junto \u00e0s produ\u00e7\u00f5es de cinema, televis\u00e3o, anima\u00e7\u00e3o, entre outras que j\u00e1 estamos realizando e as que vir\u00e3o em futuro breve. Tenho a certeza de que estamos inaugurando assim, um novo ciclo em nosso trabalho, de profissionalismo no setor cultural com relev\u00e2ncia para o desenvolvimento de nossa regi\u00e3o.\u201d<\/p>\n<p style=\"text-align: justify;\">O pontap\u00e9 inicial do projeto ser\u00e1 com o evento \u201cS\u00e3o Jo\u00e3o ao Luar\u201d, atividade que acontecer\u00e1 j\u00e1 neste m\u00eas de setembro, com a realiza\u00e7\u00e3o de cortejos de serestas pelas ruas dos distritos Tarua\u00e7u, Ro\u00e7a Grande, Carlos Alves, Itu\u00ed, Araci e no Centro de S\u00e3o Jo\u00e3o Nepomuceno, quando o p\u00fablico ser\u00e1 convidado a assistir a performance das janelas de suas casas, como forma de garantir o distanciamento social.<\/p>\n<p style=\"text-align: justify;\">Ainda em Setembro, o Projeto publicar\u00e1 dois editais de sele\u00e7\u00e3o para a realiza\u00e7\u00e3o das a\u00e7\u00f5es \u201cS\u00e3o Jo\u00e3o Fique em Cena\u201d e \u201cEsta\u00e7\u00e3o Autoral\u201d. Na primeira, ser\u00e3o selecionados 30 m\u00fasicos e int\u00e9rpretes sanjoanenses para uma s\u00e9rie de apresenta\u00e7\u00f5es virtuais. J\u00e1 a \u00faltima prev\u00ea a sele\u00e7\u00e3o de 24 compositores de toda a Zona da Mata mineira, para uma Mostra Regional. Ambas atividades preveem uma premia\u00e7\u00e3o financeira aos selecionados, como uma forma de proporcionar trabalho e renda a estes profissionais, que est\u00e3o sofrendo os impactos da pandemia neste momento.<\/p>\n<p style=\"text-align: justify;\">De acordo com o m\u00fasico Ricardo Itaborahy, (na foto mais acima tocando sanfona) um dos idealizadores do projeto, \u201cessa quantidade expressiva de m\u00fasicos em S\u00e3o Jo\u00e3o Nepomuceno, n\u00e3o \u00e9 \u00e0 toa, a cidade carrega a m\u00fasica em seu DNA. Al\u00e9m das orquestras Eldorado e Conjunto Itaborahy, que tiveram atua\u00e7\u00e3o muito importante nas d\u00e9cadas de 1960 e 1970, o munic\u00edpio ainda conta com as fanfarras e tr\u00eas escolas de samba, que permanecem ativas at\u00e9 os dias de hoje. N\u00f3s temos tradi\u00e7\u00e3o nas escolas de samba, cada bateria nossa aqui tem mais ou menos 40 pessoas, muitos dos nossos m\u00fasicos passaram por elas\u201d.<\/p>\n<p style=\"text-align: justify;\">E n\u00e3o \u00e9 s\u00f3 de m\u00fasicos que se faz uma Cidade da M\u00fasica. O munic\u00edpio conta com uma consolidada estrutura da ind\u00fastria fonogr\u00e1fica. No total, s\u00e3o tr\u00eas est\u00fadios, incluindo o Est\u00fadio Vers\u00e3o Ac\u00fastica, que \u00e9 administrado pelo reconhecido m\u00fasico Emmerson Nogueira.<\/p>\n<p style=\"text-align: justify;\">Segundo Ricardo Itaborahy, \u201cTocar no Estudio do Emmerson n\u00e3o \u00e9 s\u00f3 tocar, \u00e9 uma experi\u00eancia. Al\u00e9m de ter os melhores equipamentos dispon\u00edveis no mercado, os m\u00fasicos podem ficar imersos em um ambiente de natureza\u201d. O Est\u00fadio Vers\u00e3o Ac\u00fastica, ao longo de mais de 15 anos, j\u00e1 recebeu grandes nomes da m\u00fasica nacional como Milton Nascimento, Criolo e, entre os m\u00fasicos internacionais, o guitarrista Stanley Jordan.<\/p>\n<p>Texto: Beth Sanna &#8211; Polo Audiovisual da Zona da Mata | \u00a0Foto: Acervo Ricardo Itaborahy<\/p>\n<div class=\"psszg69f715b52e4be\" ><br><\/div><style type=\"text\/css\">\r\n@media screen and (min-width: 1201px) {\r\n.psszg69f715b52e4be {\r\ndisplay: block;\r\n}\r\n}\r\n@media screen and (min-width: 993px) and (max-width: 1200px) {\r\n.psszg69f715b52e4be {\r\ndisplay: block;\r\n}\r\n}\r\n@media screen and (min-width: 769px) and (max-width: 992px) {\r\n.psszg69f715b52e4be {\r\ndisplay: block;\r\n}\r\n}\r\n@media screen and (min-width: 768px) and (max-width: 768px) {\r\n.psszg69f715b52e4be {\r\ndisplay: block;\r\n}\r\n}\r\n@media screen and (max-width: 767px) {\r\n.psszg69f715b52e4be {\r\ndisplay: block;\r\n}\r\n}\r\n<\/style>\r\n<div class=\"jbxaz69f715b5354ad\" ><div id=\"div_destino\"><\/div>\r\n<script src=\"https:\/\/cdn.snsrsv.com\/sdk.js\"><\/script>\r\n<script >\r\n      new sdk(\"464030C30061EA8BE065000000000001\") \r\n          .appendTo(\"div_destino\")\r\n          .disableStyle(true) \r\n          .setCacheBusterMacro(\"%%CACHEBUSTER%%\")\r\n          .setSize(\"800\",\"214\")\r\n          .setClickMacro(\"%%CLICK_URL_ESC%%\") \r\n          .setReferrerUrlMacro(\"%%REFERRER_URL_ESC%%\") \r\n          .start(); \r\n<\/script><\/div><style type=\"text\/css\">\r\n@media screen and (min-width: 1201px) {\r\n.jbxaz69f715b5354ad {\r\ndisplay: block;\r\n}\r\n}\r\n@media screen and (min-width: 993px) and (max-width: 1200px) {\r\n.jbxaz69f715b5354ad {\r\ndisplay: block;\r\n}\r\n}\r\n@media screen and (min-width: 769px) and (max-width: 992px) {\r\n.jbxaz69f715b5354ad {\r\ndisplay: block;\r\n}\r\n}\r\n@media screen and (min-width: 768px) and (max-width: 768px) {\r\n.jbxaz69f715b5354ad {\r\ndisplay: block;\r\n}\r\n}\r\n@media screen and (max-width: 767px) {\r\n.jbxaz69f715b5354ad {\r\ndisplay: block;\r\n}\r\n}\r\n<\/style>\r\n","protected":false},"excerpt":{"rendered":"<p>Foi lan\u00e7ado oficialmente nesta quinta-feira, 10 de setembro, \u00e0s 10 horas, o projeto F\u00f3rum Cidade da M\u00fasica. O evento aconteceu de forma online, na p\u00e1gina do Polo do Audiovisual da Zona da Mata, no YouTube. Participaram da iniciativa artistas, produtores,<\/p>\n<p class=\"link-more\"><a class=\"more-link\" href=\"https:\/\/marcelolopes.jor.br\/site\/2020\/09\/10\/sao-joao-nepomuceno-lanca-o-projeto-cidade-da-musica-e-anuncia-atracoes\/\">Leia mais <span class=\"screen-reader-text\">S\u00e3o Jo\u00e3o Nepomuceno lan\u00e7a o projeto Cidade da M\u00fasica e anuncia atra\u00e7\u00f5es<\/span><\/a><\/p>\n","protected":false},"author":2,"featured_media":17230,"comment_status":"open","ping_status":"open","sticky":false,"template":"","format":"standard","meta":{"footnotes":""},"categories":[1],"tags":[2960,347,349,2961],"class_list":["post-17228","post","type-post","status-publish","format-standard","has-post-thumbnail","hentry","category-noticias","tag-cidade-da-musica","tag-cinema","tag-polo-audiovisual","tag-serestas","thumb-below-title"],"yoast_head":"<!-- This site is optimized with the Yoast SEO plugin v27.4 - https:\/\/yoast.com\/product\/yoast-seo-wordpress\/ -->\n<title>S\u00e3o Jo\u00e3o Nepomuceno lan\u00e7a o projeto Cidade da M\u00fasica e anuncia atra\u00e7\u00f5es | Marcelo Lopes<\/title>\n<meta name=\"robots\" content=\"index, follow, max-snippet:-1, max-image-preview:large, max-video-preview:-1\" \/>\n<link rel=\"canonical\" href=\"https:\/\/marcelolopes.jor.br\/site\/2020\/09\/10\/sao-joao-nepomuceno-lanca-o-projeto-cidade-da-musica-e-anuncia-atracoes\/\" \/>\n<meta property=\"og:locale\" content=\"pt_BR\" \/>\n<meta property=\"og:type\" content=\"article\" \/>\n<meta property=\"og:title\" content=\"S\u00e3o Jo\u00e3o Nepomuceno lan\u00e7a o projeto Cidade da M\u00fasica e anuncia atra\u00e7\u00f5es | Marcelo Lopes\" \/>\n<meta property=\"og:description\" content=\"Foi lan\u00e7ado oficialmente nesta quinta-feira, 10 de setembro, \u00e0s 10 horas, o projeto F\u00f3rum Cidade da M\u00fasica. O evento aconteceu de forma online, na p\u00e1gina do Polo do Audiovisual da Zona da Mata, no YouTube. Participaram da iniciativa artistas, produtores,Leia mais S\u00e3o Jo\u00e3o Nepomuceno lan\u00e7a o projeto Cidade da M\u00fasica e anuncia atra\u00e7\u00f5es\" \/>\n<meta property=\"og:url\" content=\"https:\/\/marcelolopes.jor.br\/site\/2020\/09\/10\/sao-joao-nepomuceno-lanca-o-projeto-cidade-da-musica-e-anuncia-atracoes\/\" \/>\n<meta property=\"og:site_name\" content=\"Marcelo Lopes\" \/>\n<meta property=\"article:publisher\" content=\"https:\/\/www.facebook.com\/sitedomarcelolopes\" \/>\n<meta property=\"article:published_time\" content=\"2020-09-10T19:00:01+00:00\" \/>\n<meta property=\"og:image\" content=\"https:\/\/marcelolopes.jor.br\/site\/wp-content\/uploads\/2020\/09\/Cidade-da-M\u00fasica.jpg\" \/>\n\t<meta property=\"og:image:width\" content=\"800\" \/>\n\t<meta property=\"og:image:height\" content=\"507\" \/>\n\t<meta property=\"og:image:type\" content=\"image\/jpeg\" \/>\n<meta name=\"author\" content=\"Marcelo Lopes\" \/>\n<meta name=\"twitter:card\" content=\"summary_large_image\" \/>\n<meta name=\"twitter:label1\" content=\"Escrito por\" \/>\n\t<meta name=\"twitter:data1\" content=\"Marcelo Lopes\" \/>\n\t<meta name=\"twitter:label2\" content=\"Est. tempo de leitura\" \/>\n\t<meta name=\"twitter:data2\" content=\"4 minutos\" \/>\n<script type=\"application\/ld+json\" class=\"yoast-schema-graph\">{\"@context\":\"https:\\\/\\\/schema.org\",\"@graph\":[{\"@type\":\"NewsArticle\",\"@id\":\"https:\\\/\\\/marcelolopes.jor.br\\\/site\\\/2020\\\/09\\\/10\\\/sao-joao-nepomuceno-lanca-o-projeto-cidade-da-musica-e-anuncia-atracoes\\\/#article\",\"isPartOf\":{\"@id\":\"https:\\\/\\\/marcelolopes.jor.br\\\/site\\\/2020\\\/09\\\/10\\\/sao-joao-nepomuceno-lanca-o-projeto-cidade-da-musica-e-anuncia-atracoes\\\/\"},\"author\":{\"name\":\"Marcelo Lopes\",\"@id\":\"https:\\\/\\\/marcelolopes.jor.br\\\/site\\\/#\\\/schema\\\/person\\\/3e7216a35c34d8fdf952b31da3d1f89f\"},\"headline\":\"S\u00e3o Jo\u00e3o Nepomuceno lan\u00e7a o projeto Cidade da M\u00fasica e anuncia atra\u00e7\u00f5es\",\"datePublished\":\"2020-09-10T19:00:01+00:00\",\"mainEntityOfPage\":{\"@id\":\"https:\\\/\\\/marcelolopes.jor.br\\\/site\\\/2020\\\/09\\\/10\\\/sao-joao-nepomuceno-lanca-o-projeto-cidade-da-musica-e-anuncia-atracoes\\\/\"},\"wordCount\":870,\"commentCount\":0,\"publisher\":{\"@id\":\"https:\\\/\\\/marcelolopes.jor.br\\\/site\\\/#organization\"},\"image\":{\"@id\":\"https:\\\/\\\/marcelolopes.jor.br\\\/site\\\/2020\\\/09\\\/10\\\/sao-joao-nepomuceno-lanca-o-projeto-cidade-da-musica-e-anuncia-atracoes\\\/#primaryimage\"},\"thumbnailUrl\":\"https:\\\/\\\/marcelolopes.jor.br\\\/site\\\/wp-content\\\/uploads\\\/2020\\\/09\\\/Cidade-da-M\u00fasica.jpg\",\"keywords\":[\"Cidade da M\u00fasica\",\"Cinema\",\"Polo Audiovisual\",\"serestas\"],\"articleSection\":[\"Not\u00edcias\"],\"inLanguage\":\"pt-BR\",\"potentialAction\":[{\"@type\":\"CommentAction\",\"name\":\"Comment\",\"target\":[\"https:\\\/\\\/marcelolopes.jor.br\\\/site\\\/2020\\\/09\\\/10\\\/sao-joao-nepomuceno-lanca-o-projeto-cidade-da-musica-e-anuncia-atracoes\\\/#respond\"]}]},{\"@type\":\"WebPage\",\"@id\":\"https:\\\/\\\/marcelolopes.jor.br\\\/site\\\/2020\\\/09\\\/10\\\/sao-joao-nepomuceno-lanca-o-projeto-cidade-da-musica-e-anuncia-atracoes\\\/\",\"url\":\"https:\\\/\\\/marcelolopes.jor.br\\\/site\\\/2020\\\/09\\\/10\\\/sao-joao-nepomuceno-lanca-o-projeto-cidade-da-musica-e-anuncia-atracoes\\\/\",\"name\":\"S\u00e3o Jo\u00e3o Nepomuceno lan\u00e7a o projeto Cidade da M\u00fasica e anuncia atra\u00e7\u00f5es | Marcelo Lopes\",\"isPartOf\":{\"@id\":\"https:\\\/\\\/marcelolopes.jor.br\\\/site\\\/#website\"},\"primaryImageOfPage\":{\"@id\":\"https:\\\/\\\/marcelolopes.jor.br\\\/site\\\/2020\\\/09\\\/10\\\/sao-joao-nepomuceno-lanca-o-projeto-cidade-da-musica-e-anuncia-atracoes\\\/#primaryimage\"},\"image\":{\"@id\":\"https:\\\/\\\/marcelolopes.jor.br\\\/site\\\/2020\\\/09\\\/10\\\/sao-joao-nepomuceno-lanca-o-projeto-cidade-da-musica-e-anuncia-atracoes\\\/#primaryimage\"},\"thumbnailUrl\":\"https:\\\/\\\/marcelolopes.jor.br\\\/site\\\/wp-content\\\/uploads\\\/2020\\\/09\\\/Cidade-da-M\u00fasica.jpg\",\"datePublished\":\"2020-09-10T19:00:01+00:00\",\"breadcrumb\":{\"@id\":\"https:\\\/\\\/marcelolopes.jor.br\\\/site\\\/2020\\\/09\\\/10\\\/sao-joao-nepomuceno-lanca-o-projeto-cidade-da-musica-e-anuncia-atracoes\\\/#breadcrumb\"},\"inLanguage\":\"pt-BR\",\"potentialAction\":[{\"@type\":\"ReadAction\",\"target\":[\"https:\\\/\\\/marcelolopes.jor.br\\\/site\\\/2020\\\/09\\\/10\\\/sao-joao-nepomuceno-lanca-o-projeto-cidade-da-musica-e-anuncia-atracoes\\\/\"]}]},{\"@type\":\"ImageObject\",\"inLanguage\":\"pt-BR\",\"@id\":\"https:\\\/\\\/marcelolopes.jor.br\\\/site\\\/2020\\\/09\\\/10\\\/sao-joao-nepomuceno-lanca-o-projeto-cidade-da-musica-e-anuncia-atracoes\\\/#primaryimage\",\"url\":\"https:\\\/\\\/marcelolopes.jor.br\\\/site\\\/wp-content\\\/uploads\\\/2020\\\/09\\\/Cidade-da-M\u00fasica.jpg\",\"contentUrl\":\"https:\\\/\\\/marcelolopes.jor.br\\\/site\\\/wp-content\\\/uploads\\\/2020\\\/09\\\/Cidade-da-M\u00fasica.jpg\",\"width\":800,\"height\":507},{\"@type\":\"BreadcrumbList\",\"@id\":\"https:\\\/\\\/marcelolopes.jor.br\\\/site\\\/2020\\\/09\\\/10\\\/sao-joao-nepomuceno-lanca-o-projeto-cidade-da-musica-e-anuncia-atracoes\\\/#breadcrumb\",\"itemListElement\":[{\"@type\":\"ListItem\",\"position\":1,\"name\":\"Home\",\"item\":\"https:\\\/\\\/marcelolopes.jor.br\\\/site\\\/\"},{\"@type\":\"ListItem\",\"position\":2,\"name\":\"S\u00e3o Jo\u00e3o Nepomuceno lan\u00e7a o projeto Cidade da M\u00fasica e anuncia atra\u00e7\u00f5es\"}]},{\"@type\":\"WebSite\",\"@id\":\"https:\\\/\\\/marcelolopes.jor.br\\\/site\\\/#website\",\"url\":\"https:\\\/\\\/marcelolopes.jor.br\\\/site\\\/\",\"name\":\"Marcelo Lopes\",\"description\":\"Not\u00edcias de Cataguases e Regi\u00e3o\",\"publisher\":{\"@id\":\"https:\\\/\\\/marcelolopes.jor.br\\\/site\\\/#organization\"},\"potentialAction\":[{\"@type\":\"SearchAction\",\"target\":{\"@type\":\"EntryPoint\",\"urlTemplate\":\"https:\\\/\\\/marcelolopes.jor.br\\\/site\\\/?s={search_term_string}\"},\"query-input\":{\"@type\":\"PropertyValueSpecification\",\"valueRequired\":true,\"valueName\":\"search_term_string\"}}],\"inLanguage\":\"pt-BR\"},{\"@type\":\"Organization\",\"@id\":\"https:\\\/\\\/marcelolopes.jor.br\\\/site\\\/#organization\",\"name\":\"Site do Marcelo Lopes\",\"url\":\"https:\\\/\\\/marcelolopes.jor.br\\\/site\\\/\",\"logo\":{\"@type\":\"ImageObject\",\"inLanguage\":\"pt-BR\",\"@id\":\"https:\\\/\\\/marcelolopes.jor.br\\\/site\\\/#\\\/schema\\\/logo\\\/image\\\/\",\"url\":\"https:\\\/\\\/marcelolopes.jor.br\\\/site\\\/wp-content\\\/uploads\\\/2024\\\/11\\\/logo-1.png\",\"contentUrl\":\"https:\\\/\\\/marcelolopes.jor.br\\\/site\\\/wp-content\\\/uploads\\\/2024\\\/11\\\/logo-1.png\",\"width\":475,\"height\":80,\"caption\":\"Site do Marcelo Lopes\"},\"image\":{\"@id\":\"https:\\\/\\\/marcelolopes.jor.br\\\/site\\\/#\\\/schema\\\/logo\\\/image\\\/\"},\"sameAs\":[\"https:\\\/\\\/www.facebook.com\\\/sitedomarcelolopes\",\"https:\\\/\\\/www.instagram.com\\\/sitedomarcelolopes\\\/\",\"https:\\\/\\\/www.linkedin.com\\\/company\\\/site-do-marcelo-lopes\\\/\",\"https:\\\/\\\/www.youtube.com\\\/user\\\/marcelolopes957\"]},{\"@type\":\"Person\",\"@id\":\"https:\\\/\\\/marcelolopes.jor.br\\\/site\\\/#\\\/schema\\\/person\\\/3e7216a35c34d8fdf952b31da3d1f89f\",\"name\":\"Marcelo Lopes\",\"sameAs\":[\"http:\\\/\\\/www.marcelolopes.jor.br\"],\"url\":\"https:\\\/\\\/marcelolopes.jor.br\\\/site\\\/author\\\/marcelo\\\/\"}]}<\/script>\n<!-- \/ Yoast SEO plugin. -->","yoast_head_json":{"title":"S\u00e3o Jo\u00e3o Nepomuceno lan\u00e7a o projeto Cidade da M\u00fasica e anuncia atra\u00e7\u00f5es | Marcelo Lopes","robots":{"index":"index","follow":"follow","max-snippet":"max-snippet:-1","max-image-preview":"max-image-preview:large","max-video-preview":"max-video-preview:-1"},"canonical":"https:\/\/marcelolopes.jor.br\/site\/2020\/09\/10\/sao-joao-nepomuceno-lanca-o-projeto-cidade-da-musica-e-anuncia-atracoes\/","og_locale":"pt_BR","og_type":"article","og_title":"S\u00e3o Jo\u00e3o Nepomuceno lan\u00e7a o projeto Cidade da M\u00fasica e anuncia atra\u00e7\u00f5es | Marcelo Lopes","og_description":"Foi lan\u00e7ado oficialmente nesta quinta-feira, 10 de setembro, \u00e0s 10 horas, o projeto F\u00f3rum Cidade da M\u00fasica. O evento aconteceu de forma online, na p\u00e1gina do Polo do Audiovisual da Zona da Mata, no YouTube. Participaram da iniciativa artistas, produtores,Leia mais S\u00e3o Jo\u00e3o Nepomuceno lan\u00e7a o projeto Cidade da M\u00fasica e anuncia atra\u00e7\u00f5es","og_url":"https:\/\/marcelolopes.jor.br\/site\/2020\/09\/10\/sao-joao-nepomuceno-lanca-o-projeto-cidade-da-musica-e-anuncia-atracoes\/","og_site_name":"Marcelo Lopes","article_publisher":"https:\/\/www.facebook.com\/sitedomarcelolopes","article_published_time":"2020-09-10T19:00:01+00:00","og_image":[{"width":800,"height":507,"url":"https:\/\/marcelolopes.jor.br\/site\/wp-content\/uploads\/2020\/09\/Cidade-da-M\u00fasica.jpg","type":"image\/jpeg"}],"author":"Marcelo Lopes","twitter_card":"summary_large_image","twitter_misc":{"Escrito por":"Marcelo Lopes","Est. tempo de leitura":"4 minutos"},"schema":{"@context":"https:\/\/schema.org","@graph":[{"@type":"NewsArticle","@id":"https:\/\/marcelolopes.jor.br\/site\/2020\/09\/10\/sao-joao-nepomuceno-lanca-o-projeto-cidade-da-musica-e-anuncia-atracoes\/#article","isPartOf":{"@id":"https:\/\/marcelolopes.jor.br\/site\/2020\/09\/10\/sao-joao-nepomuceno-lanca-o-projeto-cidade-da-musica-e-anuncia-atracoes\/"},"author":{"name":"Marcelo Lopes","@id":"https:\/\/marcelolopes.jor.br\/site\/#\/schema\/person\/3e7216a35c34d8fdf952b31da3d1f89f"},"headline":"S\u00e3o Jo\u00e3o Nepomuceno lan\u00e7a o projeto Cidade da M\u00fasica e anuncia atra\u00e7\u00f5es","datePublished":"2020-09-10T19:00:01+00:00","mainEntityOfPage":{"@id":"https:\/\/marcelolopes.jor.br\/site\/2020\/09\/10\/sao-joao-nepomuceno-lanca-o-projeto-cidade-da-musica-e-anuncia-atracoes\/"},"wordCount":870,"commentCount":0,"publisher":{"@id":"https:\/\/marcelolopes.jor.br\/site\/#organization"},"image":{"@id":"https:\/\/marcelolopes.jor.br\/site\/2020\/09\/10\/sao-joao-nepomuceno-lanca-o-projeto-cidade-da-musica-e-anuncia-atracoes\/#primaryimage"},"thumbnailUrl":"https:\/\/marcelolopes.jor.br\/site\/wp-content\/uploads\/2020\/09\/Cidade-da-M\u00fasica.jpg","keywords":["Cidade da M\u00fasica","Cinema","Polo Audiovisual","serestas"],"articleSection":["Not\u00edcias"],"inLanguage":"pt-BR","potentialAction":[{"@type":"CommentAction","name":"Comment","target":["https:\/\/marcelolopes.jor.br\/site\/2020\/09\/10\/sao-joao-nepomuceno-lanca-o-projeto-cidade-da-musica-e-anuncia-atracoes\/#respond"]}]},{"@type":"WebPage","@id":"https:\/\/marcelolopes.jor.br\/site\/2020\/09\/10\/sao-joao-nepomuceno-lanca-o-projeto-cidade-da-musica-e-anuncia-atracoes\/","url":"https:\/\/marcelolopes.jor.br\/site\/2020\/09\/10\/sao-joao-nepomuceno-lanca-o-projeto-cidade-da-musica-e-anuncia-atracoes\/","name":"S\u00e3o Jo\u00e3o Nepomuceno lan\u00e7a o projeto Cidade da M\u00fasica e anuncia atra\u00e7\u00f5es | Marcelo Lopes","isPartOf":{"@id":"https:\/\/marcelolopes.jor.br\/site\/#website"},"primaryImageOfPage":{"@id":"https:\/\/marcelolopes.jor.br\/site\/2020\/09\/10\/sao-joao-nepomuceno-lanca-o-projeto-cidade-da-musica-e-anuncia-atracoes\/#primaryimage"},"image":{"@id":"https:\/\/marcelolopes.jor.br\/site\/2020\/09\/10\/sao-joao-nepomuceno-lanca-o-projeto-cidade-da-musica-e-anuncia-atracoes\/#primaryimage"},"thumbnailUrl":"https:\/\/marcelolopes.jor.br\/site\/wp-content\/uploads\/2020\/09\/Cidade-da-M\u00fasica.jpg","datePublished":"2020-09-10T19:00:01+00:00","breadcrumb":{"@id":"https:\/\/marcelolopes.jor.br\/site\/2020\/09\/10\/sao-joao-nepomuceno-lanca-o-projeto-cidade-da-musica-e-anuncia-atracoes\/#breadcrumb"},"inLanguage":"pt-BR","potentialAction":[{"@type":"ReadAction","target":["https:\/\/marcelolopes.jor.br\/site\/2020\/09\/10\/sao-joao-nepomuceno-lanca-o-projeto-cidade-da-musica-e-anuncia-atracoes\/"]}]},{"@type":"ImageObject","inLanguage":"pt-BR","@id":"https:\/\/marcelolopes.jor.br\/site\/2020\/09\/10\/sao-joao-nepomuceno-lanca-o-projeto-cidade-da-musica-e-anuncia-atracoes\/#primaryimage","url":"https:\/\/marcelolopes.jor.br\/site\/wp-content\/uploads\/2020\/09\/Cidade-da-M\u00fasica.jpg","contentUrl":"https:\/\/marcelolopes.jor.br\/site\/wp-content\/uploads\/2020\/09\/Cidade-da-M\u00fasica.jpg","width":800,"height":507},{"@type":"BreadcrumbList","@id":"https:\/\/marcelolopes.jor.br\/site\/2020\/09\/10\/sao-joao-nepomuceno-lanca-o-projeto-cidade-da-musica-e-anuncia-atracoes\/#breadcrumb","itemListElement":[{"@type":"ListItem","position":1,"name":"Home","item":"https:\/\/marcelolopes.jor.br\/site\/"},{"@type":"ListItem","position":2,"name":"S\u00e3o Jo\u00e3o Nepomuceno lan\u00e7a o projeto Cidade da M\u00fasica e anuncia atra\u00e7\u00f5es"}]},{"@type":"WebSite","@id":"https:\/\/marcelolopes.jor.br\/site\/#website","url":"https:\/\/marcelolopes.jor.br\/site\/","name":"Marcelo Lopes","description":"Not\u00edcias de Cataguases e Regi\u00e3o","publisher":{"@id":"https:\/\/marcelolopes.jor.br\/site\/#organization"},"potentialAction":[{"@type":"SearchAction","target":{"@type":"EntryPoint","urlTemplate":"https:\/\/marcelolopes.jor.br\/site\/?s={search_term_string}"},"query-input":{"@type":"PropertyValueSpecification","valueRequired":true,"valueName":"search_term_string"}}],"inLanguage":"pt-BR"},{"@type":"Organization","@id":"https:\/\/marcelolopes.jor.br\/site\/#organization","name":"Site do Marcelo Lopes","url":"https:\/\/marcelolopes.jor.br\/site\/","logo":{"@type":"ImageObject","inLanguage":"pt-BR","@id":"https:\/\/marcelolopes.jor.br\/site\/#\/schema\/logo\/image\/","url":"https:\/\/marcelolopes.jor.br\/site\/wp-content\/uploads\/2024\/11\/logo-1.png","contentUrl":"https:\/\/marcelolopes.jor.br\/site\/wp-content\/uploads\/2024\/11\/logo-1.png","width":475,"height":80,"caption":"Site do Marcelo Lopes"},"image":{"@id":"https:\/\/marcelolopes.jor.br\/site\/#\/schema\/logo\/image\/"},"sameAs":["https:\/\/www.facebook.com\/sitedomarcelolopes","https:\/\/www.instagram.com\/sitedomarcelolopes\/","https:\/\/www.linkedin.com\/company\/site-do-marcelo-lopes\/","https:\/\/www.youtube.com\/user\/marcelolopes957"]},{"@type":"Person","@id":"https:\/\/marcelolopes.jor.br\/site\/#\/schema\/person\/3e7216a35c34d8fdf952b31da3d1f89f","name":"Marcelo Lopes","sameAs":["http:\/\/www.marcelolopes.jor.br"],"url":"https:\/\/marcelolopes.jor.br\/site\/author\/marcelo\/"}]}},"wps_subtitle":"Projeto vai desenvolver atividades art\u00edsticas e diversificar a economia.","_links":{"self":[{"href":"https:\/\/marcelolopes.jor.br\/site\/wp-json\/wp\/v2\/posts\/17228","targetHints":{"allow":["GET"]}}],"collection":[{"href":"https:\/\/marcelolopes.jor.br\/site\/wp-json\/wp\/v2\/posts"}],"about":[{"href":"https:\/\/marcelolopes.jor.br\/site\/wp-json\/wp\/v2\/types\/post"}],"author":[{"embeddable":true,"href":"https:\/\/marcelolopes.jor.br\/site\/wp-json\/wp\/v2\/users\/2"}],"replies":[{"embeddable":true,"href":"https:\/\/marcelolopes.jor.br\/site\/wp-json\/wp\/v2\/comments?post=17228"}],"version-history":[{"count":0,"href":"https:\/\/marcelolopes.jor.br\/site\/wp-json\/wp\/v2\/posts\/17228\/revisions"}],"wp:featuredmedia":[{"embeddable":true,"href":"https:\/\/marcelolopes.jor.br\/site\/wp-json\/wp\/v2\/media\/17230"}],"wp:attachment":[{"href":"https:\/\/marcelolopes.jor.br\/site\/wp-json\/wp\/v2\/media?parent=17228"}],"wp:term":[{"taxonomy":"category","embeddable":true,"href":"https:\/\/marcelolopes.jor.br\/site\/wp-json\/wp\/v2\/categories?post=17228"},{"taxonomy":"post_tag","embeddable":true,"href":"https:\/\/marcelolopes.jor.br\/site\/wp-json\/wp\/v2\/tags?post=17228"}],"curies":[{"name":"wp","href":"https:\/\/api.w.org\/{rel}","templated":true}]}}