{"id":17138,"date":"2020-09-06T19:00:32","date_gmt":"2020-09-06T22:00:32","guid":{"rendered":"https:\/\/marcelolopes.jor.br\/?p=17138"},"modified":"2020-09-06T16:27:55","modified_gmt":"2020-09-06T19:27:55","slug":"grs-leopoldina-discute-desenvolvimento-da-rede-de-urgencia-e-emergencia-na-regiao","status":"publish","type":"post","link":"https:\/\/marcelolopes.jor.br\/site\/2020\/09\/06\/grs-leopoldina-discute-desenvolvimento-da-rede-de-urgencia-e-emergencia-na-regiao\/","title":{"rendered":"GRS-Leopoldina discute desenvolvimento da Rede de Urg\u00eancia e Emerg\u00eancia na regi\u00e3o"},"content":{"rendered":"<p style=\"text-align: justify;\">A Ger\u00eancia Regional de Sa\u00fade de Leopoldina (GRS) participou, no dia 1\u00ba de setembro, de reuni\u00f5es entre os gestores municipais e os hospitais da regi\u00e3o para discuss\u00e3o e debate do Termo de Coopera\u00e7\u00e3o para o desenvolvimento da Rede de Urg\u00eancia e Emerg\u00eancia na regi\u00e3o. O objetivo destes encontros, al\u00e9m da presta\u00e7\u00e3o de contas aos munic\u00edpios cooperados, foi tratar dos atendimentos prestados, as receitas e as despesas inseridas nesse processo e especialmente, dialogar sobre eventuais falhas dos fluxos de atendimentos e tentativas de melhorias na qualidade da presta\u00e7\u00e3o dos servi\u00e7os.<!--more--><\/p>\n<p style=\"text-align: justify;\">Na primeira etapa, realizada por videoconfer\u00eancia, foi discutido o termo de coopera\u00e7\u00e3o entre os munic\u00edpios de Al\u00e9m Para\u00edba, Estrela Dalva, Pirapetinga, Santo Ant\u00f4nio do Aventureiro e Volta Grande com o Hospital S\u00e3o Salvador, localizado em Al\u00e9m Para\u00edba. Em um segundo momento, de forma presencial, com todos os cuidados de higieniza\u00e7\u00e3o e distanciamento, foram discutidos os termos de coopera\u00e7\u00e3o entre os munic\u00edpios de Argirita, Cataguases, Santana de Cataguases, Itamarati de Minas e Dona Euz\u00e9bia com o Hospital de Cataguases.<\/p>\n<p style=\"text-align: justify;\">Segundo a Refer\u00eancia T\u00e9cnica da Urg\u00eancia e Emerg\u00eancia da Regional de Sa\u00fade de Leopoldina, Fernanda de Oliveira Guimar\u00e3es, \u201ca realiza\u00e7\u00e3o das reuni\u00f5es, que inclusive j\u00e1 se encontra afirmada dentro do Termo de Coopera\u00e7\u00e3o assinado entre os munic\u00edpios, prestadores e Minist\u00e9rio P\u00fablico, \u00e9 um excelente espa\u00e7o para discuss\u00e3o dos fluxos assistenciais, para que os munic\u00edpios tenham clareza da condu\u00e7\u00e3o e local para uma resposta a uma determinada situa\u00e7\u00e3o. \u00c9 fundamental que ao avaliarmos tais fluxos assistenciais, consigamos integrar os servi\u00e7os de urg\u00eancia e emerg\u00eancia hospitalar aos demais n\u00edveis de aten\u00e7\u00e3o\u201d, disse.<\/p>\n<p style=\"text-align: justify;\">O Termo de Coopera\u00e7\u00e3o tem sido um instrumento valioso que reconhece a import\u00e2ncia do fortalecimento financeiro, de forma complementar, para a Rede de Urg\u00eancia e Emerg\u00eancia na garantia da melhoria do acesso \u00e0s a\u00e7\u00f5es e servi\u00e7os de aten\u00e7\u00e3o ambulatorial e hospitalar. A Regional de Sa\u00fade de Leopoldina atua como apoiadora desses encontros, visando a constante melhoria na rela\u00e7\u00e3o entre as unidades hospitalares e os munic\u00edpios cooperados que resulta no melhor atendimento da popula\u00e7\u00e3o.<\/p>\n<p style=\"text-align: justify;\">O secret\u00e1rio de Sa\u00fade de Al\u00e9m Para\u00edba, Fl\u00e1vio Henrique Falc\u00e3o Ara\u00fajo, destacou a import\u00e2ncia da reuni\u00e3o. \u201cO car\u00e1ter in\u00e9dito dessa reuni\u00e3o traz, n\u00e3o somente para mim, mas tamb\u00e9m para todos os seus participantes, uma vis\u00e3o n\u00edtida do qu\u00e3o importante \u00e9 a efetiva\u00e7\u00e3o dos princ\u00edpios do SUS, notadamente no que tange \u00e0 regionaliza\u00e7\u00e3o do comando das a\u00e7\u00f5es e servi\u00e7os p\u00fablicos de sa\u00fade. No mesmo espa\u00e7o, ainda que virtual, os gestores locais, os mais qualificados no conhecimento das realidades de seus territ\u00f3rios, o prestador hospitalar, que teve a oportunidade de expor suas a\u00e7\u00f5es e desafios e, atrav\u00e9s da intermedia\u00e7\u00e3o t\u00e9cnica da ger\u00eancia regional de sa\u00fade, hoje \u00e9 poss\u00edvel dizer que se est\u00e1 em constru\u00e7\u00e3o um novo cen\u00e1rio assistencial, com potencial qualidade na nossa microrregi\u00e3o\u201d, afirmou.<\/p>\n<p>Fonte e foto: SES-MG<\/p>\n<div class=\"enzvs69f70b8f94768\" ><br><\/div><style type=\"text\/css\">\r\n@media screen and (min-width: 1201px) {\r\n.enzvs69f70b8f94768 {\r\ndisplay: block;\r\n}\r\n}\r\n@media screen and (min-width: 993px) and (max-width: 1200px) {\r\n.enzvs69f70b8f94768 {\r\ndisplay: block;\r\n}\r\n}\r\n@media screen and (min-width: 769px) and (max-width: 992px) {\r\n.enzvs69f70b8f94768 {\r\ndisplay: block;\r\n}\r\n}\r\n@media screen and (min-width: 768px) and (max-width: 768px) {\r\n.enzvs69f70b8f94768 {\r\ndisplay: block;\r\n}\r\n}\r\n@media screen and (max-width: 767px) {\r\n.enzvs69f70b8f94768 {\r\ndisplay: block;\r\n}\r\n}\r\n<\/style>\r\n<div class=\"raefz69f70b8f99ad0\" ><div id=\"div_destino\"><\/div>\r\n<script src=\"https:\/\/cdn.snsrsv.com\/sdk.js\"><\/script>\r\n<script >\r\n      new sdk(\"464030C30061EA8BE065000000000001\") \r\n          .appendTo(\"div_destino\")\r\n          .disableStyle(true) \r\n          .setCacheBusterMacro(\"%%CACHEBUSTER%%\")\r\n          .setSize(\"800\",\"214\")\r\n          .setClickMacro(\"%%CLICK_URL_ESC%%\") \r\n          .setReferrerUrlMacro(\"%%REFERRER_URL_ESC%%\") \r\n          .start(); \r\n<\/script><\/div><style type=\"text\/css\">\r\n@media screen and (min-width: 1201px) {\r\n.raefz69f70b8f99ad0 {\r\ndisplay: block;\r\n}\r\n}\r\n@media screen and (min-width: 993px) and (max-width: 1200px) {\r\n.raefz69f70b8f99ad0 {\r\ndisplay: block;\r\n}\r\n}\r\n@media screen and (min-width: 769px) and (max-width: 992px) {\r\n.raefz69f70b8f99ad0 {\r\ndisplay: block;\r\n}\r\n}\r\n@media screen and (min-width: 768px) and (max-width: 768px) {\r\n.raefz69f70b8f99ad0 {\r\ndisplay: block;\r\n}\r\n}\r\n@media screen and (max-width: 767px) {\r\n.raefz69f70b8f99ad0 {\r\ndisplay: block;\r\n}\r\n}\r\n<\/style>\r\n","protected":false},"excerpt":{"rendered":"<p>A Ger\u00eancia Regional de Sa\u00fade de Leopoldina (GRS) participou, no dia 1\u00ba de setembro, de reuni\u00f5es entre os gestores municipais e os hospitais da regi\u00e3o para discuss\u00e3o e debate do Termo de Coopera\u00e7\u00e3o para o desenvolvimento da Rede de Urg\u00eancia<\/p>\n<p class=\"link-more\"><a class=\"more-link\" href=\"https:\/\/marcelolopes.jor.br\/site\/2020\/09\/06\/grs-leopoldina-discute-desenvolvimento-da-rede-de-urgencia-e-emergencia-na-regiao\/\">Leia mais <span class=\"screen-reader-text\">GRS-Leopoldina discute desenvolvimento da Rede de Urg\u00eancia e Emerg\u00eancia na regi\u00e3o<\/span><\/a><\/p>\n","protected":false},"author":2,"featured_media":17140,"comment_status":"open","ping_status":"open","sticky":false,"template":"","format":"standard","meta":{"footnotes":""},"categories":[1],"tags":[1945,2561,2937],"class_list":["post-17138","post","type-post","status-publish","format-standard","has-post-thumbnail","hentry","category-noticias","tag-grs-leopoldina","tag-hospitais","tag-referencia-tecnica","thumb-below-title"],"yoast_head":"<!-- This site is optimized with the Yoast SEO plugin v27.4 - https:\/\/yoast.com\/product\/yoast-seo-wordpress\/ -->\n<title>GRS-Leopoldina discute desenvolvimento da Rede de Urg\u00eancia e Emerg\u00eancia na regi\u00e3o | Marcelo Lopes<\/title>\n<meta name=\"robots\" content=\"index, follow, max-snippet:-1, max-image-preview:large, max-video-preview:-1\" \/>\n<link rel=\"canonical\" href=\"https:\/\/marcelolopes.jor.br\/site\/2020\/09\/06\/grs-leopoldina-discute-desenvolvimento-da-rede-de-urgencia-e-emergencia-na-regiao\/\" \/>\n<meta property=\"og:locale\" content=\"pt_BR\" \/>\n<meta property=\"og:type\" content=\"article\" \/>\n<meta property=\"og:title\" content=\"GRS-Leopoldina discute desenvolvimento da Rede de Urg\u00eancia e Emerg\u00eancia na regi\u00e3o | Marcelo Lopes\" \/>\n<meta property=\"og:description\" content=\"A Ger\u00eancia Regional de Sa\u00fade de Leopoldina (GRS) participou, no dia 1\u00ba de setembro, de reuni\u00f5es entre os gestores municipais e os hospitais da regi\u00e3o para discuss\u00e3o e debate do Termo de Coopera\u00e7\u00e3o para o desenvolvimento da Rede de Urg\u00eanciaLeia mais GRS-Leopoldina discute desenvolvimento da Rede de Urg\u00eancia e Emerg\u00eancia na regi\u00e3o\" \/>\n<meta property=\"og:url\" content=\"https:\/\/marcelolopes.jor.br\/site\/2020\/09\/06\/grs-leopoldina-discute-desenvolvimento-da-rede-de-urgencia-e-emergencia-na-regiao\/\" \/>\n<meta property=\"og:site_name\" content=\"Marcelo Lopes\" \/>\n<meta property=\"article:publisher\" content=\"https:\/\/www.facebook.com\/sitedomarcelolopes\" \/>\n<meta property=\"article:published_time\" content=\"2020-09-06T22:00:32+00:00\" \/>\n<meta property=\"og:image\" content=\"https:\/\/marcelolopes.jor.br\/site\/wp-content\/uploads\/2020\/09\/95e8a9bd37b84a1cb0b2fc7d3bc494d6.jpg\" \/>\n\t<meta property=\"og:image:width\" content=\"900\" \/>\n\t<meta property=\"og:image:height\" content=\"500\" \/>\n\t<meta property=\"og:image:type\" content=\"image\/jpeg\" \/>\n<meta name=\"author\" content=\"Marcelo Lopes\" \/>\n<meta name=\"twitter:card\" content=\"summary_large_image\" \/>\n<meta name=\"twitter:label1\" content=\"Escrito por\" \/>\n\t<meta name=\"twitter:data1\" content=\"Marcelo Lopes\" \/>\n\t<meta name=\"twitter:label2\" content=\"Est. tempo de leitura\" \/>\n\t<meta name=\"twitter:data2\" content=\"3 minutos\" \/>\n<script type=\"application\/ld+json\" class=\"yoast-schema-graph\">{\"@context\":\"https:\\\/\\\/schema.org\",\"@graph\":[{\"@type\":\"NewsArticle\",\"@id\":\"https:\\\/\\\/marcelolopes.jor.br\\\/site\\\/2020\\\/09\\\/06\\\/grs-leopoldina-discute-desenvolvimento-da-rede-de-urgencia-e-emergencia-na-regiao\\\/#article\",\"isPartOf\":{\"@id\":\"https:\\\/\\\/marcelolopes.jor.br\\\/site\\\/2020\\\/09\\\/06\\\/grs-leopoldina-discute-desenvolvimento-da-rede-de-urgencia-e-emergencia-na-regiao\\\/\"},\"author\":{\"name\":\"Marcelo Lopes\",\"@id\":\"https:\\\/\\\/marcelolopes.jor.br\\\/site\\\/#\\\/schema\\\/person\\\/3e7216a35c34d8fdf952b31da3d1f89f\"},\"headline\":\"GRS-Leopoldina discute desenvolvimento da Rede de Urg\u00eancia e Emerg\u00eancia na regi\u00e3o\",\"datePublished\":\"2020-09-06T22:00:32+00:00\",\"mainEntityOfPage\":{\"@id\":\"https:\\\/\\\/marcelolopes.jor.br\\\/site\\\/2020\\\/09\\\/06\\\/grs-leopoldina-discute-desenvolvimento-da-rede-de-urgencia-e-emergencia-na-regiao\\\/\"},\"wordCount\":561,\"commentCount\":0,\"publisher\":{\"@id\":\"https:\\\/\\\/marcelolopes.jor.br\\\/site\\\/#organization\"},\"image\":{\"@id\":\"https:\\\/\\\/marcelolopes.jor.br\\\/site\\\/2020\\\/09\\\/06\\\/grs-leopoldina-discute-desenvolvimento-da-rede-de-urgencia-e-emergencia-na-regiao\\\/#primaryimage\"},\"thumbnailUrl\":\"https:\\\/\\\/marcelolopes.jor.br\\\/site\\\/wp-content\\\/uploads\\\/2020\\\/09\\\/95e8a9bd37b84a1cb0b2fc7d3bc494d6.jpg\",\"keywords\":[\"GRS-Leopoldina\",\"hospitais\",\"refer\u00eancia t\u00e9cnica\"],\"articleSection\":[\"Not\u00edcias\"],\"inLanguage\":\"pt-BR\",\"potentialAction\":[{\"@type\":\"CommentAction\",\"name\":\"Comment\",\"target\":[\"https:\\\/\\\/marcelolopes.jor.br\\\/site\\\/2020\\\/09\\\/06\\\/grs-leopoldina-discute-desenvolvimento-da-rede-de-urgencia-e-emergencia-na-regiao\\\/#respond\"]}]},{\"@type\":\"WebPage\",\"@id\":\"https:\\\/\\\/marcelolopes.jor.br\\\/site\\\/2020\\\/09\\\/06\\\/grs-leopoldina-discute-desenvolvimento-da-rede-de-urgencia-e-emergencia-na-regiao\\\/\",\"url\":\"https:\\\/\\\/marcelolopes.jor.br\\\/site\\\/2020\\\/09\\\/06\\\/grs-leopoldina-discute-desenvolvimento-da-rede-de-urgencia-e-emergencia-na-regiao\\\/\",\"name\":\"GRS-Leopoldina discute desenvolvimento da Rede de Urg\u00eancia e Emerg\u00eancia na regi\u00e3o | Marcelo Lopes\",\"isPartOf\":{\"@id\":\"https:\\\/\\\/marcelolopes.jor.br\\\/site\\\/#website\"},\"primaryImageOfPage\":{\"@id\":\"https:\\\/\\\/marcelolopes.jor.br\\\/site\\\/2020\\\/09\\\/06\\\/grs-leopoldina-discute-desenvolvimento-da-rede-de-urgencia-e-emergencia-na-regiao\\\/#primaryimage\"},\"image\":{\"@id\":\"https:\\\/\\\/marcelolopes.jor.br\\\/site\\\/2020\\\/09\\\/06\\\/grs-leopoldina-discute-desenvolvimento-da-rede-de-urgencia-e-emergencia-na-regiao\\\/#primaryimage\"},\"thumbnailUrl\":\"https:\\\/\\\/marcelolopes.jor.br\\\/site\\\/wp-content\\\/uploads\\\/2020\\\/09\\\/95e8a9bd37b84a1cb0b2fc7d3bc494d6.jpg\",\"datePublished\":\"2020-09-06T22:00:32+00:00\",\"breadcrumb\":{\"@id\":\"https:\\\/\\\/marcelolopes.jor.br\\\/site\\\/2020\\\/09\\\/06\\\/grs-leopoldina-discute-desenvolvimento-da-rede-de-urgencia-e-emergencia-na-regiao\\\/#breadcrumb\"},\"inLanguage\":\"pt-BR\",\"potentialAction\":[{\"@type\":\"ReadAction\",\"target\":[\"https:\\\/\\\/marcelolopes.jor.br\\\/site\\\/2020\\\/09\\\/06\\\/grs-leopoldina-discute-desenvolvimento-da-rede-de-urgencia-e-emergencia-na-regiao\\\/\"]}]},{\"@type\":\"ImageObject\",\"inLanguage\":\"pt-BR\",\"@id\":\"https:\\\/\\\/marcelolopes.jor.br\\\/site\\\/2020\\\/09\\\/06\\\/grs-leopoldina-discute-desenvolvimento-da-rede-de-urgencia-e-emergencia-na-regiao\\\/#primaryimage\",\"url\":\"https:\\\/\\\/marcelolopes.jor.br\\\/site\\\/wp-content\\\/uploads\\\/2020\\\/09\\\/95e8a9bd37b84a1cb0b2fc7d3bc494d6.jpg\",\"contentUrl\":\"https:\\\/\\\/marcelolopes.jor.br\\\/site\\\/wp-content\\\/uploads\\\/2020\\\/09\\\/95e8a9bd37b84a1cb0b2fc7d3bc494d6.jpg\",\"width\":900,\"height\":500},{\"@type\":\"BreadcrumbList\",\"@id\":\"https:\\\/\\\/marcelolopes.jor.br\\\/site\\\/2020\\\/09\\\/06\\\/grs-leopoldina-discute-desenvolvimento-da-rede-de-urgencia-e-emergencia-na-regiao\\\/#breadcrumb\",\"itemListElement\":[{\"@type\":\"ListItem\",\"position\":1,\"name\":\"Home\",\"item\":\"https:\\\/\\\/marcelolopes.jor.br\\\/site\\\/\"},{\"@type\":\"ListItem\",\"position\":2,\"name\":\"GRS-Leopoldina discute desenvolvimento da Rede de Urg\u00eancia e Emerg\u00eancia na regi\u00e3o\"}]},{\"@type\":\"WebSite\",\"@id\":\"https:\\\/\\\/marcelolopes.jor.br\\\/site\\\/#website\",\"url\":\"https:\\\/\\\/marcelolopes.jor.br\\\/site\\\/\",\"name\":\"Marcelo Lopes\",\"description\":\"Not\u00edcias de Cataguases e Regi\u00e3o\",\"publisher\":{\"@id\":\"https:\\\/\\\/marcelolopes.jor.br\\\/site\\\/#organization\"},\"potentialAction\":[{\"@type\":\"SearchAction\",\"target\":{\"@type\":\"EntryPoint\",\"urlTemplate\":\"https:\\\/\\\/marcelolopes.jor.br\\\/site\\\/?s={search_term_string}\"},\"query-input\":{\"@type\":\"PropertyValueSpecification\",\"valueRequired\":true,\"valueName\":\"search_term_string\"}}],\"inLanguage\":\"pt-BR\"},{\"@type\":\"Organization\",\"@id\":\"https:\\\/\\\/marcelolopes.jor.br\\\/site\\\/#organization\",\"name\":\"Site do Marcelo Lopes\",\"url\":\"https:\\\/\\\/marcelolopes.jor.br\\\/site\\\/\",\"logo\":{\"@type\":\"ImageObject\",\"inLanguage\":\"pt-BR\",\"@id\":\"https:\\\/\\\/marcelolopes.jor.br\\\/site\\\/#\\\/schema\\\/logo\\\/image\\\/\",\"url\":\"https:\\\/\\\/marcelolopes.jor.br\\\/site\\\/wp-content\\\/uploads\\\/2024\\\/11\\\/logo-1.png\",\"contentUrl\":\"https:\\\/\\\/marcelolopes.jor.br\\\/site\\\/wp-content\\\/uploads\\\/2024\\\/11\\\/logo-1.png\",\"width\":475,\"height\":80,\"caption\":\"Site do Marcelo Lopes\"},\"image\":{\"@id\":\"https:\\\/\\\/marcelolopes.jor.br\\\/site\\\/#\\\/schema\\\/logo\\\/image\\\/\"},\"sameAs\":[\"https:\\\/\\\/www.facebook.com\\\/sitedomarcelolopes\",\"https:\\\/\\\/www.instagram.com\\\/sitedomarcelolopes\\\/\",\"https:\\\/\\\/www.linkedin.com\\\/company\\\/site-do-marcelo-lopes\\\/\",\"https:\\\/\\\/www.youtube.com\\\/user\\\/marcelolopes957\"]},{\"@type\":\"Person\",\"@id\":\"https:\\\/\\\/marcelolopes.jor.br\\\/site\\\/#\\\/schema\\\/person\\\/3e7216a35c34d8fdf952b31da3d1f89f\",\"name\":\"Marcelo Lopes\",\"sameAs\":[\"http:\\\/\\\/www.marcelolopes.jor.br\"],\"url\":\"https:\\\/\\\/marcelolopes.jor.br\\\/site\\\/author\\\/marcelo\\\/\"}]}<\/script>\n<!-- \/ Yoast SEO plugin. -->","yoast_head_json":{"title":"GRS-Leopoldina discute desenvolvimento da Rede de Urg\u00eancia e Emerg\u00eancia na regi\u00e3o | Marcelo Lopes","robots":{"index":"index","follow":"follow","max-snippet":"max-snippet:-1","max-image-preview":"max-image-preview:large","max-video-preview":"max-video-preview:-1"},"canonical":"https:\/\/marcelolopes.jor.br\/site\/2020\/09\/06\/grs-leopoldina-discute-desenvolvimento-da-rede-de-urgencia-e-emergencia-na-regiao\/","og_locale":"pt_BR","og_type":"article","og_title":"GRS-Leopoldina discute desenvolvimento da Rede de Urg\u00eancia e Emerg\u00eancia na regi\u00e3o | Marcelo Lopes","og_description":"A Ger\u00eancia Regional de Sa\u00fade de Leopoldina (GRS) participou, no dia 1\u00ba de setembro, de reuni\u00f5es entre os gestores municipais e os hospitais da regi\u00e3o para discuss\u00e3o e debate do Termo de Coopera\u00e7\u00e3o para o desenvolvimento da Rede de Urg\u00eanciaLeia mais GRS-Leopoldina discute desenvolvimento da Rede de Urg\u00eancia e Emerg\u00eancia na regi\u00e3o","og_url":"https:\/\/marcelolopes.jor.br\/site\/2020\/09\/06\/grs-leopoldina-discute-desenvolvimento-da-rede-de-urgencia-e-emergencia-na-regiao\/","og_site_name":"Marcelo Lopes","article_publisher":"https:\/\/www.facebook.com\/sitedomarcelolopes","article_published_time":"2020-09-06T22:00:32+00:00","og_image":[{"width":900,"height":500,"url":"https:\/\/marcelolopes.jor.br\/site\/wp-content\/uploads\/2020\/09\/95e8a9bd37b84a1cb0b2fc7d3bc494d6.jpg","type":"image\/jpeg"}],"author":"Marcelo Lopes","twitter_card":"summary_large_image","twitter_misc":{"Escrito por":"Marcelo Lopes","Est. tempo de leitura":"3 minutos"},"schema":{"@context":"https:\/\/schema.org","@graph":[{"@type":"NewsArticle","@id":"https:\/\/marcelolopes.jor.br\/site\/2020\/09\/06\/grs-leopoldina-discute-desenvolvimento-da-rede-de-urgencia-e-emergencia-na-regiao\/#article","isPartOf":{"@id":"https:\/\/marcelolopes.jor.br\/site\/2020\/09\/06\/grs-leopoldina-discute-desenvolvimento-da-rede-de-urgencia-e-emergencia-na-regiao\/"},"author":{"name":"Marcelo Lopes","@id":"https:\/\/marcelolopes.jor.br\/site\/#\/schema\/person\/3e7216a35c34d8fdf952b31da3d1f89f"},"headline":"GRS-Leopoldina discute desenvolvimento da Rede de Urg\u00eancia e Emerg\u00eancia na regi\u00e3o","datePublished":"2020-09-06T22:00:32+00:00","mainEntityOfPage":{"@id":"https:\/\/marcelolopes.jor.br\/site\/2020\/09\/06\/grs-leopoldina-discute-desenvolvimento-da-rede-de-urgencia-e-emergencia-na-regiao\/"},"wordCount":561,"commentCount":0,"publisher":{"@id":"https:\/\/marcelolopes.jor.br\/site\/#organization"},"image":{"@id":"https:\/\/marcelolopes.jor.br\/site\/2020\/09\/06\/grs-leopoldina-discute-desenvolvimento-da-rede-de-urgencia-e-emergencia-na-regiao\/#primaryimage"},"thumbnailUrl":"https:\/\/marcelolopes.jor.br\/site\/wp-content\/uploads\/2020\/09\/95e8a9bd37b84a1cb0b2fc7d3bc494d6.jpg","keywords":["GRS-Leopoldina","hospitais","refer\u00eancia t\u00e9cnica"],"articleSection":["Not\u00edcias"],"inLanguage":"pt-BR","potentialAction":[{"@type":"CommentAction","name":"Comment","target":["https:\/\/marcelolopes.jor.br\/site\/2020\/09\/06\/grs-leopoldina-discute-desenvolvimento-da-rede-de-urgencia-e-emergencia-na-regiao\/#respond"]}]},{"@type":"WebPage","@id":"https:\/\/marcelolopes.jor.br\/site\/2020\/09\/06\/grs-leopoldina-discute-desenvolvimento-da-rede-de-urgencia-e-emergencia-na-regiao\/","url":"https:\/\/marcelolopes.jor.br\/site\/2020\/09\/06\/grs-leopoldina-discute-desenvolvimento-da-rede-de-urgencia-e-emergencia-na-regiao\/","name":"GRS-Leopoldina discute desenvolvimento da Rede de Urg\u00eancia e Emerg\u00eancia na regi\u00e3o | Marcelo Lopes","isPartOf":{"@id":"https:\/\/marcelolopes.jor.br\/site\/#website"},"primaryImageOfPage":{"@id":"https:\/\/marcelolopes.jor.br\/site\/2020\/09\/06\/grs-leopoldina-discute-desenvolvimento-da-rede-de-urgencia-e-emergencia-na-regiao\/#primaryimage"},"image":{"@id":"https:\/\/marcelolopes.jor.br\/site\/2020\/09\/06\/grs-leopoldina-discute-desenvolvimento-da-rede-de-urgencia-e-emergencia-na-regiao\/#primaryimage"},"thumbnailUrl":"https:\/\/marcelolopes.jor.br\/site\/wp-content\/uploads\/2020\/09\/95e8a9bd37b84a1cb0b2fc7d3bc494d6.jpg","datePublished":"2020-09-06T22:00:32+00:00","breadcrumb":{"@id":"https:\/\/marcelolopes.jor.br\/site\/2020\/09\/06\/grs-leopoldina-discute-desenvolvimento-da-rede-de-urgencia-e-emergencia-na-regiao\/#breadcrumb"},"inLanguage":"pt-BR","potentialAction":[{"@type":"ReadAction","target":["https:\/\/marcelolopes.jor.br\/site\/2020\/09\/06\/grs-leopoldina-discute-desenvolvimento-da-rede-de-urgencia-e-emergencia-na-regiao\/"]}]},{"@type":"ImageObject","inLanguage":"pt-BR","@id":"https:\/\/marcelolopes.jor.br\/site\/2020\/09\/06\/grs-leopoldina-discute-desenvolvimento-da-rede-de-urgencia-e-emergencia-na-regiao\/#primaryimage","url":"https:\/\/marcelolopes.jor.br\/site\/wp-content\/uploads\/2020\/09\/95e8a9bd37b84a1cb0b2fc7d3bc494d6.jpg","contentUrl":"https:\/\/marcelolopes.jor.br\/site\/wp-content\/uploads\/2020\/09\/95e8a9bd37b84a1cb0b2fc7d3bc494d6.jpg","width":900,"height":500},{"@type":"BreadcrumbList","@id":"https:\/\/marcelolopes.jor.br\/site\/2020\/09\/06\/grs-leopoldina-discute-desenvolvimento-da-rede-de-urgencia-e-emergencia-na-regiao\/#breadcrumb","itemListElement":[{"@type":"ListItem","position":1,"name":"Home","item":"https:\/\/marcelolopes.jor.br\/site\/"},{"@type":"ListItem","position":2,"name":"GRS-Leopoldina discute desenvolvimento da Rede de Urg\u00eancia e Emerg\u00eancia na regi\u00e3o"}]},{"@type":"WebSite","@id":"https:\/\/marcelolopes.jor.br\/site\/#website","url":"https:\/\/marcelolopes.jor.br\/site\/","name":"Marcelo Lopes","description":"Not\u00edcias de Cataguases e Regi\u00e3o","publisher":{"@id":"https:\/\/marcelolopes.jor.br\/site\/#organization"},"potentialAction":[{"@type":"SearchAction","target":{"@type":"EntryPoint","urlTemplate":"https:\/\/marcelolopes.jor.br\/site\/?s={search_term_string}"},"query-input":{"@type":"PropertyValueSpecification","valueRequired":true,"valueName":"search_term_string"}}],"inLanguage":"pt-BR"},{"@type":"Organization","@id":"https:\/\/marcelolopes.jor.br\/site\/#organization","name":"Site do Marcelo Lopes","url":"https:\/\/marcelolopes.jor.br\/site\/","logo":{"@type":"ImageObject","inLanguage":"pt-BR","@id":"https:\/\/marcelolopes.jor.br\/site\/#\/schema\/logo\/image\/","url":"https:\/\/marcelolopes.jor.br\/site\/wp-content\/uploads\/2024\/11\/logo-1.png","contentUrl":"https:\/\/marcelolopes.jor.br\/site\/wp-content\/uploads\/2024\/11\/logo-1.png","width":475,"height":80,"caption":"Site do Marcelo Lopes"},"image":{"@id":"https:\/\/marcelolopes.jor.br\/site\/#\/schema\/logo\/image\/"},"sameAs":["https:\/\/www.facebook.com\/sitedomarcelolopes","https:\/\/www.instagram.com\/sitedomarcelolopes\/","https:\/\/www.linkedin.com\/company\/site-do-marcelo-lopes\/","https:\/\/www.youtube.com\/user\/marcelolopes957"]},{"@type":"Person","@id":"https:\/\/marcelolopes.jor.br\/site\/#\/schema\/person\/3e7216a35c34d8fdf952b31da3d1f89f","name":"Marcelo Lopes","sameAs":["http:\/\/www.marcelolopes.jor.br"],"url":"https:\/\/marcelolopes.jor.br\/site\/author\/marcelo\/"}]}},"wps_subtitle":"O objetivo \u00e9 dialogar sobre eventuais falhas e tentativas de melhorias.","_links":{"self":[{"href":"https:\/\/marcelolopes.jor.br\/site\/wp-json\/wp\/v2\/posts\/17138","targetHints":{"allow":["GET"]}}],"collection":[{"href":"https:\/\/marcelolopes.jor.br\/site\/wp-json\/wp\/v2\/posts"}],"about":[{"href":"https:\/\/marcelolopes.jor.br\/site\/wp-json\/wp\/v2\/types\/post"}],"author":[{"embeddable":true,"href":"https:\/\/marcelolopes.jor.br\/site\/wp-json\/wp\/v2\/users\/2"}],"replies":[{"embeddable":true,"href":"https:\/\/marcelolopes.jor.br\/site\/wp-json\/wp\/v2\/comments?post=17138"}],"version-history":[{"count":0,"href":"https:\/\/marcelolopes.jor.br\/site\/wp-json\/wp\/v2\/posts\/17138\/revisions"}],"wp:featuredmedia":[{"embeddable":true,"href":"https:\/\/marcelolopes.jor.br\/site\/wp-json\/wp\/v2\/media\/17140"}],"wp:attachment":[{"href":"https:\/\/marcelolopes.jor.br\/site\/wp-json\/wp\/v2\/media?parent=17138"}],"wp:term":[{"taxonomy":"category","embeddable":true,"href":"https:\/\/marcelolopes.jor.br\/site\/wp-json\/wp\/v2\/categories?post=17138"},{"taxonomy":"post_tag","embeddable":true,"href":"https:\/\/marcelolopes.jor.br\/site\/wp-json\/wp\/v2\/tags?post=17138"}],"curies":[{"name":"wp","href":"https:\/\/api.w.org\/{rel}","templated":true}]}}