{"id":1713,"date":"2019-05-25T07:00:22","date_gmt":"2019-05-25T10:00:22","guid":{"rendered":"https:\/\/marcelolopes.jor.br\/?p=1713"},"modified":"2019-05-25T08:55:17","modified_gmt":"2019-05-25T11:55:17","slug":"camara-de-laranjal-cassa-vereador-por-falta-de-decoro-parlamentar","status":"publish","type":"post","link":"https:\/\/marcelolopes.jor.br\/site\/2019\/05\/25\/camara-de-laranjal-cassa-vereador-por-falta-de-decoro-parlamentar\/","title":{"rendered":"C\u00e2mara de Laranjal cassa vereador por falta de decoro parlamentar"},"content":{"rendered":"<p style=\"text-align: justify;\">A C\u00e2mara Municipal de Laranjal cassou nesta sexta-feira, 24 de maio, o mandato do vereador Andr\u00e9 Luis Barbosa de Carvalho (PSDB), 42 anos, por falta de decoro parlamentar. A den\u00fancia que culminou na perda do mandato foi feita por um cidad\u00e3o daquele munic\u00edpio, Liovaldo Nunes de Moraes, no dia 02 de janeiro deste ano e lida em plen\u00e1rio na primeira sess\u00e3o ordin\u00e1ria de 2019 que aconteceu em 26 de fevereiro. Por sete votos favor\u00e1veis ela foi aceita pela Casa que, em seguida, instalou a Comiss\u00e3o Processante formada pelos vereadores Guilherme Lancini (presidente) Giovanni Costa de Souza (relator) e Narlon Lopes da Silva (secret\u00e1rio).<!--more--><\/p>\n<p style=\"text-align: justify;\">De acordo com a den\u00fancia, o vereador Andr\u00e9 Luis Barbosa, no dia em que seria realizada a \u00faltima sess\u00e3o legislativa de 2018, e tamb\u00e9m haveria a elei\u00e7\u00e3o da nova Mesa Diretora daquela Casa para o bi\u00eanio 2019\/20, fechou o pr\u00e9dio da C\u00e2mara Municipal e enxotou os vereadores presentes, chegando a manter um deles, Carlos Alberto, conhecido como Chiquinho do Artur, por um longo per\u00edodo no interior daquele recinto, &#8220;como se ali fosse um c\u00e1rcere privado e ainda desligou os disjuntores que ficam na parte de dentro da sala de arquivo de documentos da C\u00e2mara trancando-a, n\u00e3o permitindo assim que fosse ligada a luz, internet nem os aparelhos de ar condicionado, permanecendo no recinto at\u00e9 o in\u00edcio da reuni\u00e3o quando esta foi realizada&#8221;, detalhou o relat\u00f3rio da referida Comiss\u00e3o.<\/p>\n<p style=\"text-align: justify;\">O ent\u00e3o vereador Andr\u00e9 Barbosa negou-se ainda, naquele dia, a acatar ordens dos policiais militares e, segundo o denunciante, o agora ex-vereador teria afirmado que n\u00e3o atenderia nem ordem judicial. A porta da C\u00e2mara precisou ser arrombada para que pudesse abrigar a sess\u00e3o legislativa, conforme narra o Relat\u00f3rio da Comiss\u00e3o Processante. Para o denunciante, estes fatos constituem &#8220;atitudes incompat\u00edveis com a dignidade da C\u00e2mara, constituindo, pois, quebra de decoro parlamentar&#8221; e, por isso, requereu a puni\u00e7\u00e3o cab\u00edvel.<\/p>\n<p style=\"text-align: justify;\"><img loading=\"lazy\" decoding=\"async\" class=\"alignleft wp-image-1716\" src=\"https:\/\/marcelolopes.jor.br\/site\/wp-content\/uploads\/2019\/05\/andre-barbosinha-45111.jpg\" alt=\"\" width=\"132\" height=\"185\" \/>Chamado a apresentar sua defesa pr\u00e9via, o ent\u00e3o vereador Andr\u00e9 Luis Barbosa (foto) descumpriu o prazo estabelecido pela Comiss\u00e3o que era de dez dias e s\u00f3 o fez tr\u00eas dias depois de encerrado o prazo. Seus integrantes, fizeram valer o direito \u00e0 ampla defesa, resolveram aceitar a documenta\u00e7\u00e3o do colega evitando assim julg\u00e1-lo \u00e0 revelia, conforme consta no relat\u00f3rio final daquela Comiss\u00e3o. Sua defesa pediu o arquivamento liminar da den\u00fancia com base no argumento de que &#8220;os vereadores gozam de inviolabilidade nas suas opini\u00f5es e palavras e votos no exerc\u00edcio do mandato e na circunscri\u00e7\u00e3o do munic\u00edpio.&#8221; Ele tamb\u00e9m chamou o conte\u00fado da den\u00fancia de &#8220;vazio, inepto, sem respaldo legal.&#8221; Por fim alegou ainda que o instrumento legal para instaurar o processo investigativo \u00e9 uma Resolu\u00e7\u00e3o e n\u00e3o Portaria.<\/p>\n<p style=\"text-align: justify;\">A Comiss\u00e3o recusou todas as suas alega\u00e7\u00f5es e fez constar no Relat\u00f3rio final que o acusado tratou o processo &#8220;com desprezo&#8221; por n\u00e3o ter respeitado os prazos e fazendo inserir declara\u00e7\u00f5es falsas &#8220;culminando em n\u00e3o apresentar as alega\u00e7\u00f5es finais&#8221;. Diante destes fatos os membros da referida Comiss\u00e3o conclu\u00edram pela proced\u00eancia da den\u00fancia e a cassa\u00e7\u00e3o do mandato daquele vereador. Nesta sexta-feira, 24 de maio, o presidente daquela Casa, vereador Carlos Alberto Alves Ferreira, baixou decreto legislativo n\u00ba 01\/2019, cassando o mandato do colega Andr\u00e9 Luis Barbosa. Todo o processo contou com a orienta\u00e7\u00e3o e consultoria da advogada Elis Regina Coelho, assessora jur\u00eddica daquela Casa.<\/p>\n<p><em>Foto: Gazeta do Povo e Reprodu\u00e7\u00e3o de v\u00eddeo da sess\u00e3o.<\/em><\/p>\n<div class=\"edcke69f74d3eb205d\" ><br><\/div><style type=\"text\/css\">\r\n@media screen and (min-width: 1201px) {\r\n.edcke69f74d3eb205d {\r\ndisplay: block;\r\n}\r\n}\r\n@media screen and (min-width: 993px) and (max-width: 1200px) {\r\n.edcke69f74d3eb205d {\r\ndisplay: block;\r\n}\r\n}\r\n@media screen and (min-width: 769px) and (max-width: 992px) {\r\n.edcke69f74d3eb205d {\r\ndisplay: block;\r\n}\r\n}\r\n@media screen and (min-width: 768px) and (max-width: 768px) {\r\n.edcke69f74d3eb205d {\r\ndisplay: block;\r\n}\r\n}\r\n@media screen and (max-width: 767px) {\r\n.edcke69f74d3eb205d {\r\ndisplay: block;\r\n}\r\n}\r\n<\/style>\r\n<div class=\"drnat69f74d3eb73a9\" ><div id=\"div_destino\"><\/div>\r\n<script src=\"https:\/\/cdn.snsrsv.com\/sdk.js\"><\/script>\r\n<script >\r\n      new sdk(\"464030C30061EA8BE065000000000001\") \r\n          .appendTo(\"div_destino\")\r\n          .disableStyle(true) \r\n          .setCacheBusterMacro(\"%%CACHEBUSTER%%\")\r\n          .setSize(\"800\",\"214\")\r\n          .setClickMacro(\"%%CLICK_URL_ESC%%\") \r\n          .setReferrerUrlMacro(\"%%REFERRER_URL_ESC%%\") \r\n          .start(); \r\n<\/script><\/div><style type=\"text\/css\">\r\n@media screen and (min-width: 1201px) {\r\n.drnat69f74d3eb73a9 {\r\ndisplay: block;\r\n}\r\n}\r\n@media screen and (min-width: 993px) and (max-width: 1200px) {\r\n.drnat69f74d3eb73a9 {\r\ndisplay: block;\r\n}\r\n}\r\n@media screen and (min-width: 769px) and (max-width: 992px) {\r\n.drnat69f74d3eb73a9 {\r\ndisplay: block;\r\n}\r\n}\r\n@media screen and (min-width: 768px) and (max-width: 768px) {\r\n.drnat69f74d3eb73a9 {\r\ndisplay: block;\r\n}\r\n}\r\n@media screen and (max-width: 767px) {\r\n.drnat69f74d3eb73a9 {\r\ndisplay: block;\r\n}\r\n}\r\n<\/style>\r\n","protected":false},"excerpt":{"rendered":"<p>A C\u00e2mara Municipal de Laranjal cassou nesta sexta-feira, 24 de maio, o mandato do vereador Andr\u00e9 Luis Barbosa de Carvalho (PSDB), 42 anos, por falta de decoro parlamentar. A den\u00fancia que culminou na perda do mandato foi feita por um<\/p>\n<p class=\"link-more\"><a class=\"more-link\" href=\"https:\/\/marcelolopes.jor.br\/site\/2019\/05\/25\/camara-de-laranjal-cassa-vereador-por-falta-de-decoro-parlamentar\/\">Leia mais <span class=\"screen-reader-text\">C\u00e2mara de Laranjal cassa vereador por falta de decoro parlamentar<\/span><\/a><\/p>\n","protected":false},"author":2,"featured_media":1715,"comment_status":"open","ping_status":"open","sticky":false,"template":"","format":"standard","meta":{"footnotes":""},"categories":[1],"tags":[345,223,187,346],"class_list":["post-1713","post","type-post","status-publish","format-standard","has-post-thumbnail","hentry","category-noticias","tag-camara-municipal","tag-cassacao","tag-laranjal","tag-vereador","thumb-below-title"],"yoast_head":"<!-- This site is optimized with the Yoast SEO plugin v27.4 - https:\/\/yoast.com\/product\/yoast-seo-wordpress\/ -->\n<title>C\u00e2mara de Laranjal cassa vereador por falta de decoro parlamentar | Marcelo Lopes<\/title>\n<meta name=\"robots\" content=\"index, follow, max-snippet:-1, max-image-preview:large, max-video-preview:-1\" \/>\n<link rel=\"canonical\" href=\"https:\/\/marcelolopes.jor.br\/site\/2019\/05\/25\/camara-de-laranjal-cassa-vereador-por-falta-de-decoro-parlamentar\/\" \/>\n<meta property=\"og:locale\" content=\"pt_BR\" \/>\n<meta property=\"og:type\" content=\"article\" \/>\n<meta property=\"og:title\" content=\"C\u00e2mara de Laranjal cassa vereador por falta de decoro parlamentar | Marcelo Lopes\" \/>\n<meta property=\"og:description\" content=\"A C\u00e2mara Municipal de Laranjal cassou nesta sexta-feira, 24 de maio, o mandato do vereador Andr\u00e9 Luis Barbosa de Carvalho (PSDB), 42 anos, por falta de decoro parlamentar. A den\u00fancia que culminou na perda do mandato foi feita por umLeia mais C\u00e2mara de Laranjal cassa vereador por falta de decoro parlamentar\" \/>\n<meta property=\"og:url\" content=\"https:\/\/marcelolopes.jor.br\/site\/2019\/05\/25\/camara-de-laranjal-cassa-vereador-por-falta-de-decoro-parlamentar\/\" \/>\n<meta property=\"og:site_name\" content=\"Marcelo Lopes\" \/>\n<meta property=\"article:publisher\" content=\"https:\/\/www.facebook.com\/sitedomarcelolopes\" \/>\n<meta property=\"article:published_time\" content=\"2019-05-25T10:00:22+00:00\" \/>\n<meta property=\"article:modified_time\" content=\"2019-05-25T11:55:17+00:00\" \/>\n<meta property=\"og:image\" content=\"https:\/\/marcelolopes.jor.br\/site\/wp-content\/uploads\/2019\/05\/Laranjal.jpg\" \/>\n\t<meta property=\"og:image:width\" content=\"800\" \/>\n\t<meta property=\"og:image:height\" content=\"532\" \/>\n\t<meta property=\"og:image:type\" content=\"image\/jpeg\" \/>\n<meta name=\"author\" content=\"Marcelo Lopes\" \/>\n<meta name=\"twitter:card\" content=\"summary_large_image\" \/>\n<meta name=\"twitter:label1\" content=\"Escrito por\" \/>\n\t<meta name=\"twitter:data1\" content=\"Marcelo Lopes\" \/>\n\t<meta name=\"twitter:label2\" content=\"Est. tempo de leitura\" \/>\n\t<meta name=\"twitter:data2\" content=\"3 minutos\" \/>\n<script type=\"application\/ld+json\" class=\"yoast-schema-graph\">{\"@context\":\"https:\\\/\\\/schema.org\",\"@graph\":[{\"@type\":\"NewsArticle\",\"@id\":\"https:\\\/\\\/marcelolopes.jor.br\\\/site\\\/2019\\\/05\\\/25\\\/camara-de-laranjal-cassa-vereador-por-falta-de-decoro-parlamentar\\\/#article\",\"isPartOf\":{\"@id\":\"https:\\\/\\\/marcelolopes.jor.br\\\/site\\\/2019\\\/05\\\/25\\\/camara-de-laranjal-cassa-vereador-por-falta-de-decoro-parlamentar\\\/\"},\"author\":{\"name\":\"Marcelo Lopes\",\"@id\":\"https:\\\/\\\/marcelolopes.jor.br\\\/site\\\/#\\\/schema\\\/person\\\/3e7216a35c34d8fdf952b31da3d1f89f\"},\"headline\":\"C\u00e2mara de Laranjal cassa vereador por falta de decoro parlamentar\",\"datePublished\":\"2019-05-25T10:00:22+00:00\",\"dateModified\":\"2019-05-25T11:55:17+00:00\",\"mainEntityOfPage\":{\"@id\":\"https:\\\/\\\/marcelolopes.jor.br\\\/site\\\/2019\\\/05\\\/25\\\/camara-de-laranjal-cassa-vereador-por-falta-de-decoro-parlamentar\\\/\"},\"wordCount\":620,\"commentCount\":0,\"publisher\":{\"@id\":\"https:\\\/\\\/marcelolopes.jor.br\\\/site\\\/#organization\"},\"image\":{\"@id\":\"https:\\\/\\\/marcelolopes.jor.br\\\/site\\\/2019\\\/05\\\/25\\\/camara-de-laranjal-cassa-vereador-por-falta-de-decoro-parlamentar\\\/#primaryimage\"},\"thumbnailUrl\":\"https:\\\/\\\/marcelolopes.jor.br\\\/site\\\/wp-content\\\/uploads\\\/2019\\\/05\\\/Laranjal.jpg\",\"keywords\":[\"C\u00e2mara Municipal\",\"cassa\u00e7\u00e3o\",\"Laranjal\",\"vereador\"],\"articleSection\":[\"Not\u00edcias\"],\"inLanguage\":\"pt-BR\",\"potentialAction\":[{\"@type\":\"CommentAction\",\"name\":\"Comment\",\"target\":[\"https:\\\/\\\/marcelolopes.jor.br\\\/site\\\/2019\\\/05\\\/25\\\/camara-de-laranjal-cassa-vereador-por-falta-de-decoro-parlamentar\\\/#respond\"]}]},{\"@type\":\"WebPage\",\"@id\":\"https:\\\/\\\/marcelolopes.jor.br\\\/site\\\/2019\\\/05\\\/25\\\/camara-de-laranjal-cassa-vereador-por-falta-de-decoro-parlamentar\\\/\",\"url\":\"https:\\\/\\\/marcelolopes.jor.br\\\/site\\\/2019\\\/05\\\/25\\\/camara-de-laranjal-cassa-vereador-por-falta-de-decoro-parlamentar\\\/\",\"name\":\"C\u00e2mara de Laranjal cassa vereador por falta de decoro parlamentar | Marcelo Lopes\",\"isPartOf\":{\"@id\":\"https:\\\/\\\/marcelolopes.jor.br\\\/site\\\/#website\"},\"primaryImageOfPage\":{\"@id\":\"https:\\\/\\\/marcelolopes.jor.br\\\/site\\\/2019\\\/05\\\/25\\\/camara-de-laranjal-cassa-vereador-por-falta-de-decoro-parlamentar\\\/#primaryimage\"},\"image\":{\"@id\":\"https:\\\/\\\/marcelolopes.jor.br\\\/site\\\/2019\\\/05\\\/25\\\/camara-de-laranjal-cassa-vereador-por-falta-de-decoro-parlamentar\\\/#primaryimage\"},\"thumbnailUrl\":\"https:\\\/\\\/marcelolopes.jor.br\\\/site\\\/wp-content\\\/uploads\\\/2019\\\/05\\\/Laranjal.jpg\",\"datePublished\":\"2019-05-25T10:00:22+00:00\",\"dateModified\":\"2019-05-25T11:55:17+00:00\",\"breadcrumb\":{\"@id\":\"https:\\\/\\\/marcelolopes.jor.br\\\/site\\\/2019\\\/05\\\/25\\\/camara-de-laranjal-cassa-vereador-por-falta-de-decoro-parlamentar\\\/#breadcrumb\"},\"inLanguage\":\"pt-BR\",\"potentialAction\":[{\"@type\":\"ReadAction\",\"target\":[\"https:\\\/\\\/marcelolopes.jor.br\\\/site\\\/2019\\\/05\\\/25\\\/camara-de-laranjal-cassa-vereador-por-falta-de-decoro-parlamentar\\\/\"]}]},{\"@type\":\"ImageObject\",\"inLanguage\":\"pt-BR\",\"@id\":\"https:\\\/\\\/marcelolopes.jor.br\\\/site\\\/2019\\\/05\\\/25\\\/camara-de-laranjal-cassa-vereador-por-falta-de-decoro-parlamentar\\\/#primaryimage\",\"url\":\"https:\\\/\\\/marcelolopes.jor.br\\\/site\\\/wp-content\\\/uploads\\\/2019\\\/05\\\/Laranjal.jpg\",\"contentUrl\":\"https:\\\/\\\/marcelolopes.jor.br\\\/site\\\/wp-content\\\/uploads\\\/2019\\\/05\\\/Laranjal.jpg\",\"width\":800,\"height\":532,\"caption\":\"Ap\u00f3s tr\u00eas meses de funcionamento, a Comiss\u00e3o Processante decidiu pela cassa\u00e7\u00e3o do vereador\"},{\"@type\":\"BreadcrumbList\",\"@id\":\"https:\\\/\\\/marcelolopes.jor.br\\\/site\\\/2019\\\/05\\\/25\\\/camara-de-laranjal-cassa-vereador-por-falta-de-decoro-parlamentar\\\/#breadcrumb\",\"itemListElement\":[{\"@type\":\"ListItem\",\"position\":1,\"name\":\"Home\",\"item\":\"https:\\\/\\\/marcelolopes.jor.br\\\/site\\\/\"},{\"@type\":\"ListItem\",\"position\":2,\"name\":\"C\u00e2mara de Laranjal cassa vereador por falta de decoro parlamentar\"}]},{\"@type\":\"WebSite\",\"@id\":\"https:\\\/\\\/marcelolopes.jor.br\\\/site\\\/#website\",\"url\":\"https:\\\/\\\/marcelolopes.jor.br\\\/site\\\/\",\"name\":\"Marcelo Lopes\",\"description\":\"Not\u00edcias de Cataguases e Regi\u00e3o\",\"publisher\":{\"@id\":\"https:\\\/\\\/marcelolopes.jor.br\\\/site\\\/#organization\"},\"potentialAction\":[{\"@type\":\"SearchAction\",\"target\":{\"@type\":\"EntryPoint\",\"urlTemplate\":\"https:\\\/\\\/marcelolopes.jor.br\\\/site\\\/?s={search_term_string}\"},\"query-input\":{\"@type\":\"PropertyValueSpecification\",\"valueRequired\":true,\"valueName\":\"search_term_string\"}}],\"inLanguage\":\"pt-BR\"},{\"@type\":\"Organization\",\"@id\":\"https:\\\/\\\/marcelolopes.jor.br\\\/site\\\/#organization\",\"name\":\"Site do Marcelo Lopes\",\"url\":\"https:\\\/\\\/marcelolopes.jor.br\\\/site\\\/\",\"logo\":{\"@type\":\"ImageObject\",\"inLanguage\":\"pt-BR\",\"@id\":\"https:\\\/\\\/marcelolopes.jor.br\\\/site\\\/#\\\/schema\\\/logo\\\/image\\\/\",\"url\":\"https:\\\/\\\/marcelolopes.jor.br\\\/site\\\/wp-content\\\/uploads\\\/2024\\\/11\\\/logo-1.png\",\"contentUrl\":\"https:\\\/\\\/marcelolopes.jor.br\\\/site\\\/wp-content\\\/uploads\\\/2024\\\/11\\\/logo-1.png\",\"width\":475,\"height\":80,\"caption\":\"Site do Marcelo Lopes\"},\"image\":{\"@id\":\"https:\\\/\\\/marcelolopes.jor.br\\\/site\\\/#\\\/schema\\\/logo\\\/image\\\/\"},\"sameAs\":[\"https:\\\/\\\/www.facebook.com\\\/sitedomarcelolopes\",\"https:\\\/\\\/www.instagram.com\\\/sitedomarcelolopes\\\/\",\"https:\\\/\\\/www.linkedin.com\\\/company\\\/site-do-marcelo-lopes\\\/\",\"https:\\\/\\\/www.youtube.com\\\/user\\\/marcelolopes957\"]},{\"@type\":\"Person\",\"@id\":\"https:\\\/\\\/marcelolopes.jor.br\\\/site\\\/#\\\/schema\\\/person\\\/3e7216a35c34d8fdf952b31da3d1f89f\",\"name\":\"Marcelo Lopes\",\"sameAs\":[\"http:\\\/\\\/www.marcelolopes.jor.br\"],\"url\":\"https:\\\/\\\/marcelolopes.jor.br\\\/site\\\/author\\\/marcelo\\\/\"}]}<\/script>\n<!-- \/ Yoast SEO plugin. -->","yoast_head_json":{"title":"C\u00e2mara de Laranjal cassa vereador por falta de decoro parlamentar | Marcelo Lopes","robots":{"index":"index","follow":"follow","max-snippet":"max-snippet:-1","max-image-preview":"max-image-preview:large","max-video-preview":"max-video-preview:-1"},"canonical":"https:\/\/marcelolopes.jor.br\/site\/2019\/05\/25\/camara-de-laranjal-cassa-vereador-por-falta-de-decoro-parlamentar\/","og_locale":"pt_BR","og_type":"article","og_title":"C\u00e2mara de Laranjal cassa vereador por falta de decoro parlamentar | Marcelo Lopes","og_description":"A C\u00e2mara Municipal de Laranjal cassou nesta sexta-feira, 24 de maio, o mandato do vereador Andr\u00e9 Luis Barbosa de Carvalho (PSDB), 42 anos, por falta de decoro parlamentar. A den\u00fancia que culminou na perda do mandato foi feita por umLeia mais C\u00e2mara de Laranjal cassa vereador por falta de decoro parlamentar","og_url":"https:\/\/marcelolopes.jor.br\/site\/2019\/05\/25\/camara-de-laranjal-cassa-vereador-por-falta-de-decoro-parlamentar\/","og_site_name":"Marcelo Lopes","article_publisher":"https:\/\/www.facebook.com\/sitedomarcelolopes","article_published_time":"2019-05-25T10:00:22+00:00","article_modified_time":"2019-05-25T11:55:17+00:00","og_image":[{"width":800,"height":532,"url":"https:\/\/marcelolopes.jor.br\/site\/wp-content\/uploads\/2019\/05\/Laranjal.jpg","type":"image\/jpeg"}],"author":"Marcelo Lopes","twitter_card":"summary_large_image","twitter_misc":{"Escrito por":"Marcelo Lopes","Est. tempo de leitura":"3 minutos"},"schema":{"@context":"https:\/\/schema.org","@graph":[{"@type":"NewsArticle","@id":"https:\/\/marcelolopes.jor.br\/site\/2019\/05\/25\/camara-de-laranjal-cassa-vereador-por-falta-de-decoro-parlamentar\/#article","isPartOf":{"@id":"https:\/\/marcelolopes.jor.br\/site\/2019\/05\/25\/camara-de-laranjal-cassa-vereador-por-falta-de-decoro-parlamentar\/"},"author":{"name":"Marcelo Lopes","@id":"https:\/\/marcelolopes.jor.br\/site\/#\/schema\/person\/3e7216a35c34d8fdf952b31da3d1f89f"},"headline":"C\u00e2mara de Laranjal cassa vereador por falta de decoro parlamentar","datePublished":"2019-05-25T10:00:22+00:00","dateModified":"2019-05-25T11:55:17+00:00","mainEntityOfPage":{"@id":"https:\/\/marcelolopes.jor.br\/site\/2019\/05\/25\/camara-de-laranjal-cassa-vereador-por-falta-de-decoro-parlamentar\/"},"wordCount":620,"commentCount":0,"publisher":{"@id":"https:\/\/marcelolopes.jor.br\/site\/#organization"},"image":{"@id":"https:\/\/marcelolopes.jor.br\/site\/2019\/05\/25\/camara-de-laranjal-cassa-vereador-por-falta-de-decoro-parlamentar\/#primaryimage"},"thumbnailUrl":"https:\/\/marcelolopes.jor.br\/site\/wp-content\/uploads\/2019\/05\/Laranjal.jpg","keywords":["C\u00e2mara Municipal","cassa\u00e7\u00e3o","Laranjal","vereador"],"articleSection":["Not\u00edcias"],"inLanguage":"pt-BR","potentialAction":[{"@type":"CommentAction","name":"Comment","target":["https:\/\/marcelolopes.jor.br\/site\/2019\/05\/25\/camara-de-laranjal-cassa-vereador-por-falta-de-decoro-parlamentar\/#respond"]}]},{"@type":"WebPage","@id":"https:\/\/marcelolopes.jor.br\/site\/2019\/05\/25\/camara-de-laranjal-cassa-vereador-por-falta-de-decoro-parlamentar\/","url":"https:\/\/marcelolopes.jor.br\/site\/2019\/05\/25\/camara-de-laranjal-cassa-vereador-por-falta-de-decoro-parlamentar\/","name":"C\u00e2mara de Laranjal cassa vereador por falta de decoro parlamentar | Marcelo Lopes","isPartOf":{"@id":"https:\/\/marcelolopes.jor.br\/site\/#website"},"primaryImageOfPage":{"@id":"https:\/\/marcelolopes.jor.br\/site\/2019\/05\/25\/camara-de-laranjal-cassa-vereador-por-falta-de-decoro-parlamentar\/#primaryimage"},"image":{"@id":"https:\/\/marcelolopes.jor.br\/site\/2019\/05\/25\/camara-de-laranjal-cassa-vereador-por-falta-de-decoro-parlamentar\/#primaryimage"},"thumbnailUrl":"https:\/\/marcelolopes.jor.br\/site\/wp-content\/uploads\/2019\/05\/Laranjal.jpg","datePublished":"2019-05-25T10:00:22+00:00","dateModified":"2019-05-25T11:55:17+00:00","breadcrumb":{"@id":"https:\/\/marcelolopes.jor.br\/site\/2019\/05\/25\/camara-de-laranjal-cassa-vereador-por-falta-de-decoro-parlamentar\/#breadcrumb"},"inLanguage":"pt-BR","potentialAction":[{"@type":"ReadAction","target":["https:\/\/marcelolopes.jor.br\/site\/2019\/05\/25\/camara-de-laranjal-cassa-vereador-por-falta-de-decoro-parlamentar\/"]}]},{"@type":"ImageObject","inLanguage":"pt-BR","@id":"https:\/\/marcelolopes.jor.br\/site\/2019\/05\/25\/camara-de-laranjal-cassa-vereador-por-falta-de-decoro-parlamentar\/#primaryimage","url":"https:\/\/marcelolopes.jor.br\/site\/wp-content\/uploads\/2019\/05\/Laranjal.jpg","contentUrl":"https:\/\/marcelolopes.jor.br\/site\/wp-content\/uploads\/2019\/05\/Laranjal.jpg","width":800,"height":532,"caption":"Ap\u00f3s tr\u00eas meses de funcionamento, a Comiss\u00e3o Processante decidiu pela cassa\u00e7\u00e3o do vereador"},{"@type":"BreadcrumbList","@id":"https:\/\/marcelolopes.jor.br\/site\/2019\/05\/25\/camara-de-laranjal-cassa-vereador-por-falta-de-decoro-parlamentar\/#breadcrumb","itemListElement":[{"@type":"ListItem","position":1,"name":"Home","item":"https:\/\/marcelolopes.jor.br\/site\/"},{"@type":"ListItem","position":2,"name":"C\u00e2mara de Laranjal cassa vereador por falta de decoro parlamentar"}]},{"@type":"WebSite","@id":"https:\/\/marcelolopes.jor.br\/site\/#website","url":"https:\/\/marcelolopes.jor.br\/site\/","name":"Marcelo Lopes","description":"Not\u00edcias de Cataguases e Regi\u00e3o","publisher":{"@id":"https:\/\/marcelolopes.jor.br\/site\/#organization"},"potentialAction":[{"@type":"SearchAction","target":{"@type":"EntryPoint","urlTemplate":"https:\/\/marcelolopes.jor.br\/site\/?s={search_term_string}"},"query-input":{"@type":"PropertyValueSpecification","valueRequired":true,"valueName":"search_term_string"}}],"inLanguage":"pt-BR"},{"@type":"Organization","@id":"https:\/\/marcelolopes.jor.br\/site\/#organization","name":"Site do Marcelo Lopes","url":"https:\/\/marcelolopes.jor.br\/site\/","logo":{"@type":"ImageObject","inLanguage":"pt-BR","@id":"https:\/\/marcelolopes.jor.br\/site\/#\/schema\/logo\/image\/","url":"https:\/\/marcelolopes.jor.br\/site\/wp-content\/uploads\/2024\/11\/logo-1.png","contentUrl":"https:\/\/marcelolopes.jor.br\/site\/wp-content\/uploads\/2024\/11\/logo-1.png","width":475,"height":80,"caption":"Site do Marcelo Lopes"},"image":{"@id":"https:\/\/marcelolopes.jor.br\/site\/#\/schema\/logo\/image\/"},"sameAs":["https:\/\/www.facebook.com\/sitedomarcelolopes","https:\/\/www.instagram.com\/sitedomarcelolopes\/","https:\/\/www.linkedin.com\/company\/site-do-marcelo-lopes\/","https:\/\/www.youtube.com\/user\/marcelolopes957"]},{"@type":"Person","@id":"https:\/\/marcelolopes.jor.br\/site\/#\/schema\/person\/3e7216a35c34d8fdf952b31da3d1f89f","name":"Marcelo Lopes","sameAs":["http:\/\/www.marcelolopes.jor.br"],"url":"https:\/\/marcelolopes.jor.br\/site\/author\/marcelo\/"}]}},"wps_subtitle":"Vereador trancou a C\u00e2mara Municipal com um colega no seu interior e negou-se a reabri-la e devolver a chave.","_links":{"self":[{"href":"https:\/\/marcelolopes.jor.br\/site\/wp-json\/wp\/v2\/posts\/1713","targetHints":{"allow":["GET"]}}],"collection":[{"href":"https:\/\/marcelolopes.jor.br\/site\/wp-json\/wp\/v2\/posts"}],"about":[{"href":"https:\/\/marcelolopes.jor.br\/site\/wp-json\/wp\/v2\/types\/post"}],"author":[{"embeddable":true,"href":"https:\/\/marcelolopes.jor.br\/site\/wp-json\/wp\/v2\/users\/2"}],"replies":[{"embeddable":true,"href":"https:\/\/marcelolopes.jor.br\/site\/wp-json\/wp\/v2\/comments?post=1713"}],"version-history":[{"count":0,"href":"https:\/\/marcelolopes.jor.br\/site\/wp-json\/wp\/v2\/posts\/1713\/revisions"}],"wp:featuredmedia":[{"embeddable":true,"href":"https:\/\/marcelolopes.jor.br\/site\/wp-json\/wp\/v2\/media\/1715"}],"wp:attachment":[{"href":"https:\/\/marcelolopes.jor.br\/site\/wp-json\/wp\/v2\/media?parent=1713"}],"wp:term":[{"taxonomy":"category","embeddable":true,"href":"https:\/\/marcelolopes.jor.br\/site\/wp-json\/wp\/v2\/categories?post=1713"},{"taxonomy":"post_tag","embeddable":true,"href":"https:\/\/marcelolopes.jor.br\/site\/wp-json\/wp\/v2\/tags?post=1713"}],"curies":[{"name":"wp","href":"https:\/\/api.w.org\/{rel}","templated":true}]}}