{"id":16943,"date":"2020-08-30T12:30:52","date_gmt":"2020-08-30T15:30:52","guid":{"rendered":"https:\/\/marcelolopes.jor.br\/?p=16943"},"modified":"2020-08-30T11:48:20","modified_gmt":"2020-08-30T14:48:20","slug":"empresa-devera-indenizar-por-atraso-na-entrega-de-presente","status":"publish","type":"post","link":"https:\/\/marcelolopes.jor.br\/site\/2020\/08\/30\/empresa-devera-indenizar-por-atraso-na-entrega-de-presente\/","title":{"rendered":"Empresa dever\u00e1 indenizar por atraso na entrega de presente"},"content":{"rendered":"<p style=\"text-align: justify;\">A empresa RN Com\u00e9rcio Varejista S.A. (Ricardo Eletro) foi condenada pela 9\u00aa C\u00e2mara C\u00edvel do Tribunal de Justi\u00e7a de Minas Gerais (TJMG) a indenizar um consumidor cataguasense por danos morais no valor de R$ 5 mil. A decis\u00e3o manteve a senten\u00e7a proferida em primeira inst\u00e2ncia.<!--more--><\/p>\n<p style=\"text-align: justify;\">O consumidor contou que, em 15 de dezembro de 2017, adquiriu uma lavadora de roupas marca Consul CWS12AB, 12kg, 110V, por R$ 1.299. Ele pretendia presentear sua esposa no Natal, e a data prevista para a entrega do produto era justamente a v\u00e9spera da festividade.<\/p>\n<p style=\"text-align: justify;\">A m\u00e1quina de lavar, no entanto, s\u00f3 foi entregue em 31 de janeiro de 2018, e o consumidor decidiu procurar a Justi\u00e7a. A 1\u00aa Vara C\u00edvel da Comarca de Cataguases julgou procedente o pedido de indeniza\u00e7\u00e3o.<\/p>\n<p style=\"text-align: justify;\">A RN Com\u00e9rcio recorreu, alegando que a entrega do produto n\u00e3o ocorreu no prazo estipulado devido a um extravio, o que excluiria sua responsabilidade. Alternativamente, pediu pela diminui\u00e7\u00e3o do valor da indeniza\u00e7\u00e3o, caso a condena\u00e7\u00e3o fosse mantida em segunda inst\u00e2ncia.<\/p>\n<p style=\"text-align: justify;\">O relator do ac\u00f3rd\u00e3o, desembargador Luiz Artur Hil\u00e1rio, decidiu negar provimento ao recurso e manter a senten\u00e7a. Para o magistrado, n\u00e3o ficou comprovado que o produto tenha sido extraviado e n\u00e3o h\u00e1 d\u00favidas da falha na presta\u00e7\u00e3o de servi\u00e7o por parte do fornecedor, de acordo com o que indica o artigo 14\u00ba do C\u00f3digo de Defesa do Consumidor: &#8220;O fornecedor de servi\u00e7os responde, independentemente da exist\u00eancia de culpa, pela repara\u00e7\u00e3o dos danos causados aos consumidores por defeitos relativos \u00e0 presta\u00e7\u00e3o dos servi\u00e7os, bem como por informa\u00e7\u00f5es insuficientes ou inadequadas sobre sua frui\u00e7\u00e3o e riscos&#8221;.<\/p>\n<p style=\"text-align: justify;\">O desembargador ressaltou que o consumidor foi exposto a dano que &#8220;ultrapassa o mero aborrecimento da vida cotidiana e\/ou o simples descumprimento contratual&#8221;. Para o magistrado, o comprador passou por severa frustra\u00e7\u00e3o e transtorno. &#8220;Em data t\u00e3o especial, ficou impossibilitado de presentear a sua esposa\u2019\u2019, destacou.<\/p>\n<p style=\"text-align: justify;\">Luiz Artur Hil\u00e1rio foi acompanhado em seu voto pelos desembargadores M\u00e1rcio Idalmo Santos Miranda e Amorim Siqueira.<\/p>\n<p style=\"text-align: justify;\">Fonte: Tribunal de Justi\u00e7a de Minas Gerais | Foto: Reprodu\u00e7\u00e3o internet<\/p>\n<div class=\"hwabq69f6ff0088289\" ><br><\/div><style type=\"text\/css\">\r\n@media screen and (min-width: 1201px) {\r\n.hwabq69f6ff0088289 {\r\ndisplay: block;\r\n}\r\n}\r\n@media screen and (min-width: 993px) and (max-width: 1200px) {\r\n.hwabq69f6ff0088289 {\r\ndisplay: block;\r\n}\r\n}\r\n@media screen and (min-width: 769px) and (max-width: 992px) {\r\n.hwabq69f6ff0088289 {\r\ndisplay: block;\r\n}\r\n}\r\n@media screen and (min-width: 768px) and (max-width: 768px) {\r\n.hwabq69f6ff0088289 {\r\ndisplay: block;\r\n}\r\n}\r\n@media screen and (max-width: 767px) {\r\n.hwabq69f6ff0088289 {\r\ndisplay: block;\r\n}\r\n}\r\n<\/style>\r\n<div class=\"ouoom69f6ff008d6b7\" ><div id=\"div_destino\"><\/div>\r\n<script src=\"https:\/\/cdn.snsrsv.com\/sdk.js\"><\/script>\r\n<script >\r\n      new sdk(\"464030C30061EA8BE065000000000001\") \r\n          .appendTo(\"div_destino\")\r\n          .disableStyle(true) \r\n          .setCacheBusterMacro(\"%%CACHEBUSTER%%\")\r\n          .setSize(\"800\",\"214\")\r\n          .setClickMacro(\"%%CLICK_URL_ESC%%\") \r\n          .setReferrerUrlMacro(\"%%REFERRER_URL_ESC%%\") \r\n          .start(); \r\n<\/script><\/div><style type=\"text\/css\">\r\n@media screen and (min-width: 1201px) {\r\n.ouoom69f6ff008d6b7 {\r\ndisplay: block;\r\n}\r\n}\r\n@media screen and (min-width: 993px) and (max-width: 1200px) {\r\n.ouoom69f6ff008d6b7 {\r\ndisplay: block;\r\n}\r\n}\r\n@media screen and (min-width: 769px) and (max-width: 992px) {\r\n.ouoom69f6ff008d6b7 {\r\ndisplay: block;\r\n}\r\n}\r\n@media screen and (min-width: 768px) and (max-width: 768px) {\r\n.ouoom69f6ff008d6b7 {\r\ndisplay: block;\r\n}\r\n}\r\n@media screen and (max-width: 767px) {\r\n.ouoom69f6ff008d6b7 {\r\ndisplay: block;\r\n}\r\n}\r\n<\/style>\r\n","protected":false},"excerpt":{"rendered":"<p>A empresa RN Com\u00e9rcio Varejista S.A. (Ricardo Eletro) foi condenada pela 9\u00aa C\u00e2mara C\u00edvel do Tribunal de Justi\u00e7a de Minas Gerais (TJMG) a indenizar um consumidor cataguasense por danos morais no valor de R$ 5 mil. A decis\u00e3o manteve a<\/p>\n<p class=\"link-more\"><a class=\"more-link\" href=\"https:\/\/marcelolopes.jor.br\/site\/2020\/08\/30\/empresa-devera-indenizar-por-atraso-na-entrega-de-presente\/\">Leia mais <span class=\"screen-reader-text\">Empresa dever\u00e1 indenizar por atraso na entrega de presente<\/span><\/a><\/p>\n","protected":false},"author":2,"featured_media":16945,"comment_status":"open","ping_status":"open","sticky":false,"template":"","format":"standard","meta":{"footnotes":""},"categories":[1],"tags":[423,2279,2900,1790],"class_list":["post-16943","post","type-post","status-publish","format-standard","has-post-thumbnail","hentry","category-noticias","tag-consumidor","tag-defesa-do-consumidor","tag-maquina-de-lavar","tag-ricardo-eletro","thumb-below-title"],"yoast_head":"<!-- This site is optimized with the Yoast SEO plugin v27.4 - https:\/\/yoast.com\/product\/yoast-seo-wordpress\/ -->\n<title>Empresa dever\u00e1 indenizar por atraso na entrega de presente | Marcelo Lopes<\/title>\n<meta name=\"robots\" content=\"index, follow, max-snippet:-1, max-image-preview:large, max-video-preview:-1\" \/>\n<link rel=\"canonical\" href=\"https:\/\/marcelolopes.jor.br\/site\/2020\/08\/30\/empresa-devera-indenizar-por-atraso-na-entrega-de-presente\/\" \/>\n<meta property=\"og:locale\" content=\"pt_BR\" \/>\n<meta property=\"og:type\" content=\"article\" \/>\n<meta property=\"og:title\" content=\"Empresa dever\u00e1 indenizar por atraso na entrega de presente | Marcelo Lopes\" \/>\n<meta property=\"og:description\" content=\"A empresa RN Com\u00e9rcio Varejista S.A. (Ricardo Eletro) foi condenada pela 9\u00aa C\u00e2mara C\u00edvel do Tribunal de Justi\u00e7a de Minas Gerais (TJMG) a indenizar um consumidor cataguasense por danos morais no valor de R$ 5 mil. A decis\u00e3o manteve aLeia mais Empresa dever\u00e1 indenizar por atraso na entrega de presente\" \/>\n<meta property=\"og:url\" content=\"https:\/\/marcelolopes.jor.br\/site\/2020\/08\/30\/empresa-devera-indenizar-por-atraso-na-entrega-de-presente\/\" \/>\n<meta property=\"og:site_name\" content=\"Marcelo Lopes\" \/>\n<meta property=\"article:publisher\" content=\"https:\/\/www.facebook.com\/sitedomarcelolopes\" \/>\n<meta property=\"article:published_time\" content=\"2020-08-30T15:30:52+00:00\" \/>\n<meta property=\"og:image\" content=\"https:\/\/marcelolopes.jor.br\/site\/wp-content\/uploads\/2020\/08\/maquina-de-lavar-consul-facilite-11kg-branca-220v-cwe11ab-D_NQ_NP_983111-MLB20498759487_112015-F.jpg\" \/>\n\t<meta property=\"og:image:width\" content=\"800\" \/>\n\t<meta property=\"og:image:height\" content=\"560\" \/>\n\t<meta property=\"og:image:type\" content=\"image\/jpeg\" \/>\n<meta name=\"author\" content=\"Marcelo Lopes\" \/>\n<meta name=\"twitter:card\" content=\"summary_large_image\" \/>\n<meta name=\"twitter:label1\" content=\"Escrito por\" \/>\n\t<meta name=\"twitter:data1\" content=\"Marcelo Lopes\" \/>\n\t<meta name=\"twitter:label2\" content=\"Est. tempo de leitura\" \/>\n\t<meta name=\"twitter:data2\" content=\"2 minutos\" \/>\n<script type=\"application\/ld+json\" class=\"yoast-schema-graph\">{\"@context\":\"https:\\\/\\\/schema.org\",\"@graph\":[{\"@type\":\"NewsArticle\",\"@id\":\"https:\\\/\\\/marcelolopes.jor.br\\\/site\\\/2020\\\/08\\\/30\\\/empresa-devera-indenizar-por-atraso-na-entrega-de-presente\\\/#article\",\"isPartOf\":{\"@id\":\"https:\\\/\\\/marcelolopes.jor.br\\\/site\\\/2020\\\/08\\\/30\\\/empresa-devera-indenizar-por-atraso-na-entrega-de-presente\\\/\"},\"author\":{\"name\":\"Marcelo Lopes\",\"@id\":\"https:\\\/\\\/marcelolopes.jor.br\\\/site\\\/#\\\/schema\\\/person\\\/3e7216a35c34d8fdf952b31da3d1f89f\"},\"headline\":\"Empresa dever\u00e1 indenizar por atraso na entrega de presente\",\"datePublished\":\"2020-08-30T15:30:52+00:00\",\"mainEntityOfPage\":{\"@id\":\"https:\\\/\\\/marcelolopes.jor.br\\\/site\\\/2020\\\/08\\\/30\\\/empresa-devera-indenizar-por-atraso-na-entrega-de-presente\\\/\"},\"wordCount\":376,\"commentCount\":0,\"publisher\":{\"@id\":\"https:\\\/\\\/marcelolopes.jor.br\\\/site\\\/#organization\"},\"image\":{\"@id\":\"https:\\\/\\\/marcelolopes.jor.br\\\/site\\\/2020\\\/08\\\/30\\\/empresa-devera-indenizar-por-atraso-na-entrega-de-presente\\\/#primaryimage\"},\"thumbnailUrl\":\"https:\\\/\\\/marcelolopes.jor.br\\\/site\\\/wp-content\\\/uploads\\\/2020\\\/08\\\/maquina-de-lavar-consul-facilite-11kg-branca-220v-cwe11ab-D_NQ_NP_983111-MLB20498759487_112015-F.jpg\",\"keywords\":[\"consumidor\",\"Defesa do Consumidor\",\"m\u00e1quina de lavar\",\"Ricardo Eletro\"],\"articleSection\":[\"Not\u00edcias\"],\"inLanguage\":\"pt-BR\",\"potentialAction\":[{\"@type\":\"CommentAction\",\"name\":\"Comment\",\"target\":[\"https:\\\/\\\/marcelolopes.jor.br\\\/site\\\/2020\\\/08\\\/30\\\/empresa-devera-indenizar-por-atraso-na-entrega-de-presente\\\/#respond\"]}]},{\"@type\":\"WebPage\",\"@id\":\"https:\\\/\\\/marcelolopes.jor.br\\\/site\\\/2020\\\/08\\\/30\\\/empresa-devera-indenizar-por-atraso-na-entrega-de-presente\\\/\",\"url\":\"https:\\\/\\\/marcelolopes.jor.br\\\/site\\\/2020\\\/08\\\/30\\\/empresa-devera-indenizar-por-atraso-na-entrega-de-presente\\\/\",\"name\":\"Empresa dever\u00e1 indenizar por atraso na entrega de presente | Marcelo Lopes\",\"isPartOf\":{\"@id\":\"https:\\\/\\\/marcelolopes.jor.br\\\/site\\\/#website\"},\"primaryImageOfPage\":{\"@id\":\"https:\\\/\\\/marcelolopes.jor.br\\\/site\\\/2020\\\/08\\\/30\\\/empresa-devera-indenizar-por-atraso-na-entrega-de-presente\\\/#primaryimage\"},\"image\":{\"@id\":\"https:\\\/\\\/marcelolopes.jor.br\\\/site\\\/2020\\\/08\\\/30\\\/empresa-devera-indenizar-por-atraso-na-entrega-de-presente\\\/#primaryimage\"},\"thumbnailUrl\":\"https:\\\/\\\/marcelolopes.jor.br\\\/site\\\/wp-content\\\/uploads\\\/2020\\\/08\\\/maquina-de-lavar-consul-facilite-11kg-branca-220v-cwe11ab-D_NQ_NP_983111-MLB20498759487_112015-F.jpg\",\"datePublished\":\"2020-08-30T15:30:52+00:00\",\"breadcrumb\":{\"@id\":\"https:\\\/\\\/marcelolopes.jor.br\\\/site\\\/2020\\\/08\\\/30\\\/empresa-devera-indenizar-por-atraso-na-entrega-de-presente\\\/#breadcrumb\"},\"inLanguage\":\"pt-BR\",\"potentialAction\":[{\"@type\":\"ReadAction\",\"target\":[\"https:\\\/\\\/marcelolopes.jor.br\\\/site\\\/2020\\\/08\\\/30\\\/empresa-devera-indenizar-por-atraso-na-entrega-de-presente\\\/\"]}]},{\"@type\":\"ImageObject\",\"inLanguage\":\"pt-BR\",\"@id\":\"https:\\\/\\\/marcelolopes.jor.br\\\/site\\\/2020\\\/08\\\/30\\\/empresa-devera-indenizar-por-atraso-na-entrega-de-presente\\\/#primaryimage\",\"url\":\"https:\\\/\\\/marcelolopes.jor.br\\\/site\\\/wp-content\\\/uploads\\\/2020\\\/08\\\/maquina-de-lavar-consul-facilite-11kg-branca-220v-cwe11ab-D_NQ_NP_983111-MLB20498759487_112015-F.jpg\",\"contentUrl\":\"https:\\\/\\\/marcelolopes.jor.br\\\/site\\\/wp-content\\\/uploads\\\/2020\\\/08\\\/maquina-de-lavar-consul-facilite-11kg-branca-220v-cwe11ab-D_NQ_NP_983111-MLB20498759487_112015-F.jpg\",\"width\":800,\"height\":560},{\"@type\":\"BreadcrumbList\",\"@id\":\"https:\\\/\\\/marcelolopes.jor.br\\\/site\\\/2020\\\/08\\\/30\\\/empresa-devera-indenizar-por-atraso-na-entrega-de-presente\\\/#breadcrumb\",\"itemListElement\":[{\"@type\":\"ListItem\",\"position\":1,\"name\":\"Home\",\"item\":\"https:\\\/\\\/marcelolopes.jor.br\\\/site\\\/\"},{\"@type\":\"ListItem\",\"position\":2,\"name\":\"Empresa dever\u00e1 indenizar por atraso na entrega de presente\"}]},{\"@type\":\"WebSite\",\"@id\":\"https:\\\/\\\/marcelolopes.jor.br\\\/site\\\/#website\",\"url\":\"https:\\\/\\\/marcelolopes.jor.br\\\/site\\\/\",\"name\":\"Marcelo Lopes\",\"description\":\"Not\u00edcias de Cataguases e Regi\u00e3o\",\"publisher\":{\"@id\":\"https:\\\/\\\/marcelolopes.jor.br\\\/site\\\/#organization\"},\"potentialAction\":[{\"@type\":\"SearchAction\",\"target\":{\"@type\":\"EntryPoint\",\"urlTemplate\":\"https:\\\/\\\/marcelolopes.jor.br\\\/site\\\/?s={search_term_string}\"},\"query-input\":{\"@type\":\"PropertyValueSpecification\",\"valueRequired\":true,\"valueName\":\"search_term_string\"}}],\"inLanguage\":\"pt-BR\"},{\"@type\":\"Organization\",\"@id\":\"https:\\\/\\\/marcelolopes.jor.br\\\/site\\\/#organization\",\"name\":\"Site do Marcelo Lopes\",\"url\":\"https:\\\/\\\/marcelolopes.jor.br\\\/site\\\/\",\"logo\":{\"@type\":\"ImageObject\",\"inLanguage\":\"pt-BR\",\"@id\":\"https:\\\/\\\/marcelolopes.jor.br\\\/site\\\/#\\\/schema\\\/logo\\\/image\\\/\",\"url\":\"https:\\\/\\\/marcelolopes.jor.br\\\/site\\\/wp-content\\\/uploads\\\/2024\\\/11\\\/logo-1.png\",\"contentUrl\":\"https:\\\/\\\/marcelolopes.jor.br\\\/site\\\/wp-content\\\/uploads\\\/2024\\\/11\\\/logo-1.png\",\"width\":475,\"height\":80,\"caption\":\"Site do Marcelo Lopes\"},\"image\":{\"@id\":\"https:\\\/\\\/marcelolopes.jor.br\\\/site\\\/#\\\/schema\\\/logo\\\/image\\\/\"},\"sameAs\":[\"https:\\\/\\\/www.facebook.com\\\/sitedomarcelolopes\",\"https:\\\/\\\/www.instagram.com\\\/sitedomarcelolopes\\\/\",\"https:\\\/\\\/www.linkedin.com\\\/company\\\/site-do-marcelo-lopes\\\/\",\"https:\\\/\\\/www.youtube.com\\\/user\\\/marcelolopes957\"]},{\"@type\":\"Person\",\"@id\":\"https:\\\/\\\/marcelolopes.jor.br\\\/site\\\/#\\\/schema\\\/person\\\/3e7216a35c34d8fdf952b31da3d1f89f\",\"name\":\"Marcelo Lopes\",\"sameAs\":[\"http:\\\/\\\/www.marcelolopes.jor.br\"],\"url\":\"https:\\\/\\\/marcelolopes.jor.br\\\/site\\\/author\\\/marcelo\\\/\"}]}<\/script>\n<!-- \/ Yoast SEO plugin. -->","yoast_head_json":{"title":"Empresa dever\u00e1 indenizar por atraso na entrega de presente | Marcelo Lopes","robots":{"index":"index","follow":"follow","max-snippet":"max-snippet:-1","max-image-preview":"max-image-preview:large","max-video-preview":"max-video-preview:-1"},"canonical":"https:\/\/marcelolopes.jor.br\/site\/2020\/08\/30\/empresa-devera-indenizar-por-atraso-na-entrega-de-presente\/","og_locale":"pt_BR","og_type":"article","og_title":"Empresa dever\u00e1 indenizar por atraso na entrega de presente | Marcelo Lopes","og_description":"A empresa RN Com\u00e9rcio Varejista S.A. (Ricardo Eletro) foi condenada pela 9\u00aa C\u00e2mara C\u00edvel do Tribunal de Justi\u00e7a de Minas Gerais (TJMG) a indenizar um consumidor cataguasense por danos morais no valor de R$ 5 mil. A decis\u00e3o manteve aLeia mais Empresa dever\u00e1 indenizar por atraso na entrega de presente","og_url":"https:\/\/marcelolopes.jor.br\/site\/2020\/08\/30\/empresa-devera-indenizar-por-atraso-na-entrega-de-presente\/","og_site_name":"Marcelo Lopes","article_publisher":"https:\/\/www.facebook.com\/sitedomarcelolopes","article_published_time":"2020-08-30T15:30:52+00:00","og_image":[{"width":800,"height":560,"url":"https:\/\/marcelolopes.jor.br\/site\/wp-content\/uploads\/2020\/08\/maquina-de-lavar-consul-facilite-11kg-branca-220v-cwe11ab-D_NQ_NP_983111-MLB20498759487_112015-F.jpg","type":"image\/jpeg"}],"author":"Marcelo Lopes","twitter_card":"summary_large_image","twitter_misc":{"Escrito por":"Marcelo Lopes","Est. tempo de leitura":"2 minutos"},"schema":{"@context":"https:\/\/schema.org","@graph":[{"@type":"NewsArticle","@id":"https:\/\/marcelolopes.jor.br\/site\/2020\/08\/30\/empresa-devera-indenizar-por-atraso-na-entrega-de-presente\/#article","isPartOf":{"@id":"https:\/\/marcelolopes.jor.br\/site\/2020\/08\/30\/empresa-devera-indenizar-por-atraso-na-entrega-de-presente\/"},"author":{"name":"Marcelo Lopes","@id":"https:\/\/marcelolopes.jor.br\/site\/#\/schema\/person\/3e7216a35c34d8fdf952b31da3d1f89f"},"headline":"Empresa dever\u00e1 indenizar por atraso na entrega de presente","datePublished":"2020-08-30T15:30:52+00:00","mainEntityOfPage":{"@id":"https:\/\/marcelolopes.jor.br\/site\/2020\/08\/30\/empresa-devera-indenizar-por-atraso-na-entrega-de-presente\/"},"wordCount":376,"commentCount":0,"publisher":{"@id":"https:\/\/marcelolopes.jor.br\/site\/#organization"},"image":{"@id":"https:\/\/marcelolopes.jor.br\/site\/2020\/08\/30\/empresa-devera-indenizar-por-atraso-na-entrega-de-presente\/#primaryimage"},"thumbnailUrl":"https:\/\/marcelolopes.jor.br\/site\/wp-content\/uploads\/2020\/08\/maquina-de-lavar-consul-facilite-11kg-branca-220v-cwe11ab-D_NQ_NP_983111-MLB20498759487_112015-F.jpg","keywords":["consumidor","Defesa do Consumidor","m\u00e1quina de lavar","Ricardo Eletro"],"articleSection":["Not\u00edcias"],"inLanguage":"pt-BR","potentialAction":[{"@type":"CommentAction","name":"Comment","target":["https:\/\/marcelolopes.jor.br\/site\/2020\/08\/30\/empresa-devera-indenizar-por-atraso-na-entrega-de-presente\/#respond"]}]},{"@type":"WebPage","@id":"https:\/\/marcelolopes.jor.br\/site\/2020\/08\/30\/empresa-devera-indenizar-por-atraso-na-entrega-de-presente\/","url":"https:\/\/marcelolopes.jor.br\/site\/2020\/08\/30\/empresa-devera-indenizar-por-atraso-na-entrega-de-presente\/","name":"Empresa dever\u00e1 indenizar por atraso na entrega de presente | Marcelo Lopes","isPartOf":{"@id":"https:\/\/marcelolopes.jor.br\/site\/#website"},"primaryImageOfPage":{"@id":"https:\/\/marcelolopes.jor.br\/site\/2020\/08\/30\/empresa-devera-indenizar-por-atraso-na-entrega-de-presente\/#primaryimage"},"image":{"@id":"https:\/\/marcelolopes.jor.br\/site\/2020\/08\/30\/empresa-devera-indenizar-por-atraso-na-entrega-de-presente\/#primaryimage"},"thumbnailUrl":"https:\/\/marcelolopes.jor.br\/site\/wp-content\/uploads\/2020\/08\/maquina-de-lavar-consul-facilite-11kg-branca-220v-cwe11ab-D_NQ_NP_983111-MLB20498759487_112015-F.jpg","datePublished":"2020-08-30T15:30:52+00:00","breadcrumb":{"@id":"https:\/\/marcelolopes.jor.br\/site\/2020\/08\/30\/empresa-devera-indenizar-por-atraso-na-entrega-de-presente\/#breadcrumb"},"inLanguage":"pt-BR","potentialAction":[{"@type":"ReadAction","target":["https:\/\/marcelolopes.jor.br\/site\/2020\/08\/30\/empresa-devera-indenizar-por-atraso-na-entrega-de-presente\/"]}]},{"@type":"ImageObject","inLanguage":"pt-BR","@id":"https:\/\/marcelolopes.jor.br\/site\/2020\/08\/30\/empresa-devera-indenizar-por-atraso-na-entrega-de-presente\/#primaryimage","url":"https:\/\/marcelolopes.jor.br\/site\/wp-content\/uploads\/2020\/08\/maquina-de-lavar-consul-facilite-11kg-branca-220v-cwe11ab-D_NQ_NP_983111-MLB20498759487_112015-F.jpg","contentUrl":"https:\/\/marcelolopes.jor.br\/site\/wp-content\/uploads\/2020\/08\/maquina-de-lavar-consul-facilite-11kg-branca-220v-cwe11ab-D_NQ_NP_983111-MLB20498759487_112015-F.jpg","width":800,"height":560},{"@type":"BreadcrumbList","@id":"https:\/\/marcelolopes.jor.br\/site\/2020\/08\/30\/empresa-devera-indenizar-por-atraso-na-entrega-de-presente\/#breadcrumb","itemListElement":[{"@type":"ListItem","position":1,"name":"Home","item":"https:\/\/marcelolopes.jor.br\/site\/"},{"@type":"ListItem","position":2,"name":"Empresa dever\u00e1 indenizar por atraso na entrega de presente"}]},{"@type":"WebSite","@id":"https:\/\/marcelolopes.jor.br\/site\/#website","url":"https:\/\/marcelolopes.jor.br\/site\/","name":"Marcelo Lopes","description":"Not\u00edcias de Cataguases e Regi\u00e3o","publisher":{"@id":"https:\/\/marcelolopes.jor.br\/site\/#organization"},"potentialAction":[{"@type":"SearchAction","target":{"@type":"EntryPoint","urlTemplate":"https:\/\/marcelolopes.jor.br\/site\/?s={search_term_string}"},"query-input":{"@type":"PropertyValueSpecification","valueRequired":true,"valueName":"search_term_string"}}],"inLanguage":"pt-BR"},{"@type":"Organization","@id":"https:\/\/marcelolopes.jor.br\/site\/#organization","name":"Site do Marcelo Lopes","url":"https:\/\/marcelolopes.jor.br\/site\/","logo":{"@type":"ImageObject","inLanguage":"pt-BR","@id":"https:\/\/marcelolopes.jor.br\/site\/#\/schema\/logo\/image\/","url":"https:\/\/marcelolopes.jor.br\/site\/wp-content\/uploads\/2024\/11\/logo-1.png","contentUrl":"https:\/\/marcelolopes.jor.br\/site\/wp-content\/uploads\/2024\/11\/logo-1.png","width":475,"height":80,"caption":"Site do Marcelo Lopes"},"image":{"@id":"https:\/\/marcelolopes.jor.br\/site\/#\/schema\/logo\/image\/"},"sameAs":["https:\/\/www.facebook.com\/sitedomarcelolopes","https:\/\/www.instagram.com\/sitedomarcelolopes\/","https:\/\/www.linkedin.com\/company\/site-do-marcelo-lopes\/","https:\/\/www.youtube.com\/user\/marcelolopes957"]},{"@type":"Person","@id":"https:\/\/marcelolopes.jor.br\/site\/#\/schema\/person\/3e7216a35c34d8fdf952b31da3d1f89f","name":"Marcelo Lopes","sameAs":["http:\/\/www.marcelolopes.jor.br"],"url":"https:\/\/marcelolopes.jor.br\/site\/author\/marcelo\/"}]}},"wps_subtitle":"Cliente cataguasense recebeu o produto um m\u00eas depois do Natal","_links":{"self":[{"href":"https:\/\/marcelolopes.jor.br\/site\/wp-json\/wp\/v2\/posts\/16943","targetHints":{"allow":["GET"]}}],"collection":[{"href":"https:\/\/marcelolopes.jor.br\/site\/wp-json\/wp\/v2\/posts"}],"about":[{"href":"https:\/\/marcelolopes.jor.br\/site\/wp-json\/wp\/v2\/types\/post"}],"author":[{"embeddable":true,"href":"https:\/\/marcelolopes.jor.br\/site\/wp-json\/wp\/v2\/users\/2"}],"replies":[{"embeddable":true,"href":"https:\/\/marcelolopes.jor.br\/site\/wp-json\/wp\/v2\/comments?post=16943"}],"version-history":[{"count":0,"href":"https:\/\/marcelolopes.jor.br\/site\/wp-json\/wp\/v2\/posts\/16943\/revisions"}],"wp:featuredmedia":[{"embeddable":true,"href":"https:\/\/marcelolopes.jor.br\/site\/wp-json\/wp\/v2\/media\/16945"}],"wp:attachment":[{"href":"https:\/\/marcelolopes.jor.br\/site\/wp-json\/wp\/v2\/media?parent=16943"}],"wp:term":[{"taxonomy":"category","embeddable":true,"href":"https:\/\/marcelolopes.jor.br\/site\/wp-json\/wp\/v2\/categories?post=16943"},{"taxonomy":"post_tag","embeddable":true,"href":"https:\/\/marcelolopes.jor.br\/site\/wp-json\/wp\/v2\/tags?post=16943"}],"curies":[{"name":"wp","href":"https:\/\/api.w.org\/{rel}","templated":true}]}}