{"id":16939,"date":"2020-08-30T07:00:56","date_gmt":"2020-08-30T10:00:56","guid":{"rendered":"https:\/\/marcelolopes.jor.br\/?p=16939"},"modified":"2020-08-29T16:36:03","modified_gmt":"2020-08-29T19:36:03","slug":"vacinacao-contra-sarampo-e-prorrogada-ate-31-de-outubro","status":"publish","type":"post","link":"https:\/\/marcelolopes.jor.br\/site\/2020\/08\/30\/vacinacao-contra-sarampo-e-prorrogada-ate-31-de-outubro\/","title":{"rendered":"Vacina\u00e7\u00e3o contra sarampo \u00e9 prorrogada at\u00e9 31 de outubro"},"content":{"rendered":"<p style=\"text-align: justify;\">Brasileiros com idade entre 20 e 49 anos t\u00eam at\u00e9 o dia 31 de outubro para se vacinar contra o sarampo. O prazo terminaria na pr\u00f3xima segunda-feira, 31 de agosto, mas o Minist\u00e9rio da Sa\u00fade anunciou nesta tarde a prorroga\u00e7\u00e3o do prazo. Devido \u00e0 pandemia \u2013 e \u00e0 preocupa\u00e7\u00e3o com os riscos de contamina\u00e7\u00e3o pela covid-19 \u2013 a campanha deste ano acabou atingindo um p\u00fablico menor do que o esperado.<!--more--><\/p>\n<p style=\"text-align: justify;\">Dados preliminares das secretarias estaduais de sa\u00fade, registrados no Sistema de Informa\u00e7\u00e3o do Programa Nacional de Imuniza\u00e7\u00f5es, apontam que, do in\u00edcio da campanha em 16 de mar\u00e7o at\u00e9 o dia 17 de agosto, 5.299.087 de pessoas na faixa et\u00e1ria de 20 a 49 anos foram vacinadas.<\/p>\n<p style=\"text-align: justify;\">O n\u00famero corresponde a apenas 5,8% das 90 milh\u00f5es de pessoas que t\u00eam entre 20 e 49 anos, p\u00fablico-alvo da quarta etapa da Mobiliza\u00e7\u00e3o Nacional de Vacina\u00e7\u00e3o contra o Sarampo, doen\u00e7a considerada \u201cgrave e de alta transmissibilidade\u201d, uma vez que cada pessoa contaminada poder transmiti-la a at\u00e9 18 pessoas, principalmente por via a\u00e9rea, ao tossir, espirrar, falar ou mesmo respirar.<\/p>\n<p style=\"text-align: justify;\">De acordo com as autoridades de sa\u00fade, a principal medida de preven\u00e7\u00e3o e controle do sarampo \u00e9 a vacina\u00e7\u00e3o. Nesse sentido, alertas t\u00eam sido dados \u00e0 popula\u00e7\u00e3o sobre \u201ca import\u00e2ncia da vacina\u00e7\u00e3o contra o sarampo, mesmo com a pandemia de covid-19 em evid\u00eancia no pa\u00eds\u201d.<\/p>\n<p style=\"text-align: justify;\"><strong>Campanha<br \/>\n<\/strong>A vacina\u00e7\u00e3o \u00e9 a estrat\u00e9gia que o Minist\u00e9rio da Sa\u00fade adota para interromper a transmiss\u00e3o, de forma a eliminar a circula\u00e7\u00e3o do v\u00edrus no pa\u00eds.<\/p>\n<p style=\"text-align: justify;\">As duas primeiras etapas da campanha ocorreram em 2019. Em outubro, voltada a crian\u00e7as de seis meses a menores de 5 anos de idade; e em novembro, a segunda etapa, voltada ao p\u00fablico com idade entre 20 e 29 anos. Entre fevereiro e mar\u00e7o de 2020, o p\u00fablico-alvo foi a popula\u00e7\u00e3o de 5 a 19 anos. Quem n\u00e3o tomou nenhuma dose, perdeu o cart\u00e3o ou n\u00e3o se lembra de ter sido vacinado, deve receber apenas uma dose da vacina.<\/p>\n<p style=\"text-align: justify;\">Em caso de d\u00favida, a orienta\u00e7\u00e3o do Minist\u00e9rio da Sa\u00fade \u00e9 a de procurar a unidade b\u00e1sica de sa\u00fade mais pr\u00f3xima levando o cart\u00e3o de vacina\u00e7\u00e3o e um documento. \u201cL\u00e1 a situa\u00e7\u00e3o vacinal ser\u00e1 avaliada e atualizada conforme recomenda\u00e7\u00f5es do calend\u00e1rio b\u00e1sico de vacina\u00e7\u00e3o\u201d, informa o minist\u00e9rio por meio de seu site.<\/p>\n<p style=\"text-align: justify;\"><strong>Sintomas<br \/>\n<\/strong>Pessoas acometidas pela doen\u00e7a apresentam febre, manchas avermelhadas pelo corpo, tosse, coriza, conjuntivite (olhos vermelhos e lacrimejantes), fotofobia (sensibilidade \u00e0 luz) e pequenas manchas brancas dentro da boca.<br \/>\nGestantes<\/p>\n<p style=\"text-align: justify;\">A vacina \u00e9 contraindicada durante a gravidez pois \u00e9 produzida com o v\u00edrus do sarampo vivo, apesar de atenuado, e a gesta\u00e7\u00e3o tende a diminuir a imunidade da mulher. O Programa Nacional de Imuniza\u00e7\u00f5es recomenda, inclusive, que mulheres em idade f\u00e9rtil devem evitar gravidez at\u00e9 um m\u00eas ap\u00f3s a vacina\u00e7\u00e3o.<\/p>\n<p style=\"text-align: justify;\"><strong>Situa\u00e7\u00e3o no pa\u00eds<\/strong><br \/>\nDe acordo com o \u00faltimo Boletim Epidemiol\u00f3gico do Minist\u00e9rio da Sa\u00fade, neste ano, at\u00e9 25 de julho, foram confirmados 7.293 casos de sarampo em 21 estados, entre eles: Par\u00e1 (4.713 casos \u2013 64,6%); Rio de Janeiro (1.241 casos \u2013 17%); S\u00e3o Paulo (721 casos \u2013 9,9%); Paran\u00e1 (305 casos \u2013 4,2%); e Santa Catarina (111 casos \u2013 1,5%).<\/p>\n<p style=\"text-align: justify;\">O Brasil permanece com surto de sarampo nas cinco regi\u00f5es, com 11 estados com circula\u00e7\u00e3o ativa do v\u00edrus. Os estados do Par\u00e1, Rio de Janeiro, S\u00e3o Paulo, Paran\u00e1 e Santa Catarina concentram o maior n\u00famero de casos confirmados de sarampo, totalizando 7.091 (98,3%) casos.<\/p>\n<p style=\"text-align: justify;\">De acordo com o Minist\u00e9rio da Sa\u00fade, o pa\u00eds teve cinco \u00f3bitos por sarampo em 2020. Tr\u00eas deles no Par\u00e1, um no Rio de Janeiro e um em S\u00e3o Paulo.<\/p>\n<p style=\"text-align: justify;\">Fonte: Ag\u00eancia Brasil | Foto: T\u00e2nia Rego<\/p>\n<div class=\"kbffz69f715b3a2906\" ><br><\/div><style type=\"text\/css\">\r\n@media screen and (min-width: 1201px) {\r\n.kbffz69f715b3a2906 {\r\ndisplay: block;\r\n}\r\n}\r\n@media screen and (min-width: 993px) and (max-width: 1200px) {\r\n.kbffz69f715b3a2906 {\r\ndisplay: block;\r\n}\r\n}\r\n@media screen and (min-width: 769px) and (max-width: 992px) {\r\n.kbffz69f715b3a2906 {\r\ndisplay: block;\r\n}\r\n}\r\n@media screen and (min-width: 768px) and (max-width: 768px) {\r\n.kbffz69f715b3a2906 {\r\ndisplay: block;\r\n}\r\n}\r\n@media screen and (max-width: 767px) {\r\n.kbffz69f715b3a2906 {\r\ndisplay: block;\r\n}\r\n}\r\n<\/style>\r\n<div class=\"cqlba69f715b3a9307\" ><div id=\"div_destino\"><\/div>\r\n<script src=\"https:\/\/cdn.snsrsv.com\/sdk.js\"><\/script>\r\n<script >\r\n      new sdk(\"464030C30061EA8BE065000000000001\") \r\n          .appendTo(\"div_destino\")\r\n          .disableStyle(true) \r\n          .setCacheBusterMacro(\"%%CACHEBUSTER%%\")\r\n          .setSize(\"800\",\"214\")\r\n          .setClickMacro(\"%%CLICK_URL_ESC%%\") \r\n          .setReferrerUrlMacro(\"%%REFERRER_URL_ESC%%\") \r\n          .start(); \r\n<\/script><\/div><style type=\"text\/css\">\r\n@media screen and (min-width: 1201px) {\r\n.cqlba69f715b3a9307 {\r\ndisplay: block;\r\n}\r\n}\r\n@media screen and (min-width: 993px) and (max-width: 1200px) {\r\n.cqlba69f715b3a9307 {\r\ndisplay: block;\r\n}\r\n}\r\n@media screen and (min-width: 769px) and (max-width: 992px) {\r\n.cqlba69f715b3a9307 {\r\ndisplay: block;\r\n}\r\n}\r\n@media screen and (min-width: 768px) and (max-width: 768px) {\r\n.cqlba69f715b3a9307 {\r\ndisplay: block;\r\n}\r\n}\r\n@media screen and (max-width: 767px) {\r\n.cqlba69f715b3a9307 {\r\ndisplay: block;\r\n}\r\n}\r\n<\/style>\r\n","protected":false},"excerpt":{"rendered":"<p>Brasileiros com idade entre 20 e 49 anos t\u00eam at\u00e9 o dia 31 de outubro para se vacinar contra o sarampo. O prazo terminaria na pr\u00f3xima segunda-feira, 31 de agosto, mas o Minist\u00e9rio da Sa\u00fade anunciou nesta tarde a prorroga\u00e7\u00e3o<\/p>\n<p class=\"link-more\"><a class=\"more-link\" href=\"https:\/\/marcelolopes.jor.br\/site\/2020\/08\/30\/vacinacao-contra-sarampo-e-prorrogada-ate-31-de-outubro\/\">Leia mais <span class=\"screen-reader-text\">Vacina\u00e7\u00e3o contra sarampo \u00e9 prorrogada at\u00e9 31 de outubro<\/span><\/a><\/p>\n","protected":false},"author":2,"featured_media":16941,"comment_status":"open","ping_status":"open","sticky":false,"template":"","format":"standard","meta":{"footnotes":""},"categories":[1],"tags":[1332,430,59,389],"class_list":["post-16939","post","type-post","status-publish","format-standard","has-post-thumbnail","hentry","category-noticias","tag-campanha-de-vacinacao","tag-sarampo","tag-saude","tag-vacina","thumb-below-title"],"yoast_head":"<!-- This site is optimized with the Yoast SEO plugin v27.4 - https:\/\/yoast.com\/product\/yoast-seo-wordpress\/ -->\n<title>Vacina\u00e7\u00e3o contra sarampo \u00e9 prorrogada at\u00e9 31 de outubro | Marcelo Lopes<\/title>\n<meta name=\"robots\" content=\"index, follow, max-snippet:-1, max-image-preview:large, max-video-preview:-1\" \/>\n<link rel=\"canonical\" href=\"https:\/\/marcelolopes.jor.br\/site\/2020\/08\/30\/vacinacao-contra-sarampo-e-prorrogada-ate-31-de-outubro\/\" \/>\n<meta property=\"og:locale\" content=\"pt_BR\" \/>\n<meta property=\"og:type\" content=\"article\" \/>\n<meta property=\"og:title\" content=\"Vacina\u00e7\u00e3o contra sarampo \u00e9 prorrogada at\u00e9 31 de outubro | Marcelo Lopes\" \/>\n<meta property=\"og:description\" content=\"Brasileiros com idade entre 20 e 49 anos t\u00eam at\u00e9 o dia 31 de outubro para se vacinar contra o sarampo. O prazo terminaria na pr\u00f3xima segunda-feira, 31 de agosto, mas o Minist\u00e9rio da Sa\u00fade anunciou nesta tarde a prorroga\u00e7\u00e3oLeia mais Vacina\u00e7\u00e3o contra sarampo \u00e9 prorrogada at\u00e9 31 de outubro\" \/>\n<meta property=\"og:url\" content=\"https:\/\/marcelolopes.jor.br\/site\/2020\/08\/30\/vacinacao-contra-sarampo-e-prorrogada-ate-31-de-outubro\/\" \/>\n<meta property=\"og:site_name\" content=\"Marcelo Lopes\" \/>\n<meta property=\"article:publisher\" content=\"https:\/\/www.facebook.com\/sitedomarcelolopes\" \/>\n<meta property=\"article:published_time\" content=\"2020-08-30T10:00:56+00:00\" \/>\n<meta property=\"og:image\" content=\"https:\/\/marcelolopes.jor.br\/site\/wp-content\/uploads\/2020\/08\/2d4e8ec1554c4baf890b62d977812d05.jpg\" \/>\n\t<meta property=\"og:image:width\" content=\"900\" \/>\n\t<meta property=\"og:image:height\" content=\"500\" \/>\n\t<meta property=\"og:image:type\" content=\"image\/jpeg\" \/>\n<meta name=\"author\" content=\"Marcelo Lopes\" \/>\n<meta name=\"twitter:card\" content=\"summary_large_image\" \/>\n<meta name=\"twitter:label1\" content=\"Escrito por\" \/>\n\t<meta name=\"twitter:data1\" content=\"Marcelo Lopes\" \/>\n\t<meta name=\"twitter:label2\" content=\"Est. tempo de leitura\" \/>\n\t<meta name=\"twitter:data2\" content=\"3 minutos\" \/>\n<script type=\"application\/ld+json\" class=\"yoast-schema-graph\">{\"@context\":\"https:\\\/\\\/schema.org\",\"@graph\":[{\"@type\":\"NewsArticle\",\"@id\":\"https:\\\/\\\/marcelolopes.jor.br\\\/site\\\/2020\\\/08\\\/30\\\/vacinacao-contra-sarampo-e-prorrogada-ate-31-de-outubro\\\/#article\",\"isPartOf\":{\"@id\":\"https:\\\/\\\/marcelolopes.jor.br\\\/site\\\/2020\\\/08\\\/30\\\/vacinacao-contra-sarampo-e-prorrogada-ate-31-de-outubro\\\/\"},\"author\":{\"name\":\"Marcelo Lopes\",\"@id\":\"https:\\\/\\\/marcelolopes.jor.br\\\/site\\\/#\\\/schema\\\/person\\\/3e7216a35c34d8fdf952b31da3d1f89f\"},\"headline\":\"Vacina\u00e7\u00e3o contra sarampo \u00e9 prorrogada at\u00e9 31 de outubro\",\"datePublished\":\"2020-08-30T10:00:56+00:00\",\"mainEntityOfPage\":{\"@id\":\"https:\\\/\\\/marcelolopes.jor.br\\\/site\\\/2020\\\/08\\\/30\\\/vacinacao-contra-sarampo-e-prorrogada-ate-31-de-outubro\\\/\"},\"wordCount\":641,\"commentCount\":0,\"publisher\":{\"@id\":\"https:\\\/\\\/marcelolopes.jor.br\\\/site\\\/#organization\"},\"image\":{\"@id\":\"https:\\\/\\\/marcelolopes.jor.br\\\/site\\\/2020\\\/08\\\/30\\\/vacinacao-contra-sarampo-e-prorrogada-ate-31-de-outubro\\\/#primaryimage\"},\"thumbnailUrl\":\"https:\\\/\\\/marcelolopes.jor.br\\\/site\\\/wp-content\\\/uploads\\\/2020\\\/08\\\/2d4e8ec1554c4baf890b62d977812d05.jpg\",\"keywords\":[\"campanha de vacina\u00e7\u00e3o\",\"sarampo\",\"sa\u00fade\",\"vacina\"],\"articleSection\":[\"Not\u00edcias\"],\"inLanguage\":\"pt-BR\",\"potentialAction\":[{\"@type\":\"CommentAction\",\"name\":\"Comment\",\"target\":[\"https:\\\/\\\/marcelolopes.jor.br\\\/site\\\/2020\\\/08\\\/30\\\/vacinacao-contra-sarampo-e-prorrogada-ate-31-de-outubro\\\/#respond\"]}]},{\"@type\":\"WebPage\",\"@id\":\"https:\\\/\\\/marcelolopes.jor.br\\\/site\\\/2020\\\/08\\\/30\\\/vacinacao-contra-sarampo-e-prorrogada-ate-31-de-outubro\\\/\",\"url\":\"https:\\\/\\\/marcelolopes.jor.br\\\/site\\\/2020\\\/08\\\/30\\\/vacinacao-contra-sarampo-e-prorrogada-ate-31-de-outubro\\\/\",\"name\":\"Vacina\u00e7\u00e3o contra sarampo \u00e9 prorrogada at\u00e9 31 de outubro | Marcelo Lopes\",\"isPartOf\":{\"@id\":\"https:\\\/\\\/marcelolopes.jor.br\\\/site\\\/#website\"},\"primaryImageOfPage\":{\"@id\":\"https:\\\/\\\/marcelolopes.jor.br\\\/site\\\/2020\\\/08\\\/30\\\/vacinacao-contra-sarampo-e-prorrogada-ate-31-de-outubro\\\/#primaryimage\"},\"image\":{\"@id\":\"https:\\\/\\\/marcelolopes.jor.br\\\/site\\\/2020\\\/08\\\/30\\\/vacinacao-contra-sarampo-e-prorrogada-ate-31-de-outubro\\\/#primaryimage\"},\"thumbnailUrl\":\"https:\\\/\\\/marcelolopes.jor.br\\\/site\\\/wp-content\\\/uploads\\\/2020\\\/08\\\/2d4e8ec1554c4baf890b62d977812d05.jpg\",\"datePublished\":\"2020-08-30T10:00:56+00:00\",\"breadcrumb\":{\"@id\":\"https:\\\/\\\/marcelolopes.jor.br\\\/site\\\/2020\\\/08\\\/30\\\/vacinacao-contra-sarampo-e-prorrogada-ate-31-de-outubro\\\/#breadcrumb\"},\"inLanguage\":\"pt-BR\",\"potentialAction\":[{\"@type\":\"ReadAction\",\"target\":[\"https:\\\/\\\/marcelolopes.jor.br\\\/site\\\/2020\\\/08\\\/30\\\/vacinacao-contra-sarampo-e-prorrogada-ate-31-de-outubro\\\/\"]}]},{\"@type\":\"ImageObject\",\"inLanguage\":\"pt-BR\",\"@id\":\"https:\\\/\\\/marcelolopes.jor.br\\\/site\\\/2020\\\/08\\\/30\\\/vacinacao-contra-sarampo-e-prorrogada-ate-31-de-outubro\\\/#primaryimage\",\"url\":\"https:\\\/\\\/marcelolopes.jor.br\\\/site\\\/wp-content\\\/uploads\\\/2020\\\/08\\\/2d4e8ec1554c4baf890b62d977812d05.jpg\",\"contentUrl\":\"https:\\\/\\\/marcelolopes.jor.br\\\/site\\\/wp-content\\\/uploads\\\/2020\\\/08\\\/2d4e8ec1554c4baf890b62d977812d05.jpg\",\"width\":900,\"height\":500},{\"@type\":\"BreadcrumbList\",\"@id\":\"https:\\\/\\\/marcelolopes.jor.br\\\/site\\\/2020\\\/08\\\/30\\\/vacinacao-contra-sarampo-e-prorrogada-ate-31-de-outubro\\\/#breadcrumb\",\"itemListElement\":[{\"@type\":\"ListItem\",\"position\":1,\"name\":\"Home\",\"item\":\"https:\\\/\\\/marcelolopes.jor.br\\\/site\\\/\"},{\"@type\":\"ListItem\",\"position\":2,\"name\":\"Vacina\u00e7\u00e3o contra sarampo \u00e9 prorrogada at\u00e9 31 de outubro\"}]},{\"@type\":\"WebSite\",\"@id\":\"https:\\\/\\\/marcelolopes.jor.br\\\/site\\\/#website\",\"url\":\"https:\\\/\\\/marcelolopes.jor.br\\\/site\\\/\",\"name\":\"Marcelo Lopes\",\"description\":\"Not\u00edcias de Cataguases e Regi\u00e3o\",\"publisher\":{\"@id\":\"https:\\\/\\\/marcelolopes.jor.br\\\/site\\\/#organization\"},\"potentialAction\":[{\"@type\":\"SearchAction\",\"target\":{\"@type\":\"EntryPoint\",\"urlTemplate\":\"https:\\\/\\\/marcelolopes.jor.br\\\/site\\\/?s={search_term_string}\"},\"query-input\":{\"@type\":\"PropertyValueSpecification\",\"valueRequired\":true,\"valueName\":\"search_term_string\"}}],\"inLanguage\":\"pt-BR\"},{\"@type\":\"Organization\",\"@id\":\"https:\\\/\\\/marcelolopes.jor.br\\\/site\\\/#organization\",\"name\":\"Site do Marcelo Lopes\",\"url\":\"https:\\\/\\\/marcelolopes.jor.br\\\/site\\\/\",\"logo\":{\"@type\":\"ImageObject\",\"inLanguage\":\"pt-BR\",\"@id\":\"https:\\\/\\\/marcelolopes.jor.br\\\/site\\\/#\\\/schema\\\/logo\\\/image\\\/\",\"url\":\"https:\\\/\\\/marcelolopes.jor.br\\\/site\\\/wp-content\\\/uploads\\\/2024\\\/11\\\/logo-1.png\",\"contentUrl\":\"https:\\\/\\\/marcelolopes.jor.br\\\/site\\\/wp-content\\\/uploads\\\/2024\\\/11\\\/logo-1.png\",\"width\":475,\"height\":80,\"caption\":\"Site do Marcelo Lopes\"},\"image\":{\"@id\":\"https:\\\/\\\/marcelolopes.jor.br\\\/site\\\/#\\\/schema\\\/logo\\\/image\\\/\"},\"sameAs\":[\"https:\\\/\\\/www.facebook.com\\\/sitedomarcelolopes\",\"https:\\\/\\\/www.instagram.com\\\/sitedomarcelolopes\\\/\",\"https:\\\/\\\/www.linkedin.com\\\/company\\\/site-do-marcelo-lopes\\\/\",\"https:\\\/\\\/www.youtube.com\\\/user\\\/marcelolopes957\"]},{\"@type\":\"Person\",\"@id\":\"https:\\\/\\\/marcelolopes.jor.br\\\/site\\\/#\\\/schema\\\/person\\\/3e7216a35c34d8fdf952b31da3d1f89f\",\"name\":\"Marcelo Lopes\",\"sameAs\":[\"http:\\\/\\\/www.marcelolopes.jor.br\"],\"url\":\"https:\\\/\\\/marcelolopes.jor.br\\\/site\\\/author\\\/marcelo\\\/\"}]}<\/script>\n<!-- \/ Yoast SEO plugin. -->","yoast_head_json":{"title":"Vacina\u00e7\u00e3o contra sarampo \u00e9 prorrogada at\u00e9 31 de outubro | Marcelo Lopes","robots":{"index":"index","follow":"follow","max-snippet":"max-snippet:-1","max-image-preview":"max-image-preview:large","max-video-preview":"max-video-preview:-1"},"canonical":"https:\/\/marcelolopes.jor.br\/site\/2020\/08\/30\/vacinacao-contra-sarampo-e-prorrogada-ate-31-de-outubro\/","og_locale":"pt_BR","og_type":"article","og_title":"Vacina\u00e7\u00e3o contra sarampo \u00e9 prorrogada at\u00e9 31 de outubro | Marcelo Lopes","og_description":"Brasileiros com idade entre 20 e 49 anos t\u00eam at\u00e9 o dia 31 de outubro para se vacinar contra o sarampo. O prazo terminaria na pr\u00f3xima segunda-feira, 31 de agosto, mas o Minist\u00e9rio da Sa\u00fade anunciou nesta tarde a prorroga\u00e7\u00e3oLeia mais Vacina\u00e7\u00e3o contra sarampo \u00e9 prorrogada at\u00e9 31 de outubro","og_url":"https:\/\/marcelolopes.jor.br\/site\/2020\/08\/30\/vacinacao-contra-sarampo-e-prorrogada-ate-31-de-outubro\/","og_site_name":"Marcelo Lopes","article_publisher":"https:\/\/www.facebook.com\/sitedomarcelolopes","article_published_time":"2020-08-30T10:00:56+00:00","og_image":[{"width":900,"height":500,"url":"https:\/\/marcelolopes.jor.br\/site\/wp-content\/uploads\/2020\/08\/2d4e8ec1554c4baf890b62d977812d05.jpg","type":"image\/jpeg"}],"author":"Marcelo Lopes","twitter_card":"summary_large_image","twitter_misc":{"Escrito por":"Marcelo Lopes","Est. tempo de leitura":"3 minutos"},"schema":{"@context":"https:\/\/schema.org","@graph":[{"@type":"NewsArticle","@id":"https:\/\/marcelolopes.jor.br\/site\/2020\/08\/30\/vacinacao-contra-sarampo-e-prorrogada-ate-31-de-outubro\/#article","isPartOf":{"@id":"https:\/\/marcelolopes.jor.br\/site\/2020\/08\/30\/vacinacao-contra-sarampo-e-prorrogada-ate-31-de-outubro\/"},"author":{"name":"Marcelo Lopes","@id":"https:\/\/marcelolopes.jor.br\/site\/#\/schema\/person\/3e7216a35c34d8fdf952b31da3d1f89f"},"headline":"Vacina\u00e7\u00e3o contra sarampo \u00e9 prorrogada at\u00e9 31 de outubro","datePublished":"2020-08-30T10:00:56+00:00","mainEntityOfPage":{"@id":"https:\/\/marcelolopes.jor.br\/site\/2020\/08\/30\/vacinacao-contra-sarampo-e-prorrogada-ate-31-de-outubro\/"},"wordCount":641,"commentCount":0,"publisher":{"@id":"https:\/\/marcelolopes.jor.br\/site\/#organization"},"image":{"@id":"https:\/\/marcelolopes.jor.br\/site\/2020\/08\/30\/vacinacao-contra-sarampo-e-prorrogada-ate-31-de-outubro\/#primaryimage"},"thumbnailUrl":"https:\/\/marcelolopes.jor.br\/site\/wp-content\/uploads\/2020\/08\/2d4e8ec1554c4baf890b62d977812d05.jpg","keywords":["campanha de vacina\u00e7\u00e3o","sarampo","sa\u00fade","vacina"],"articleSection":["Not\u00edcias"],"inLanguage":"pt-BR","potentialAction":[{"@type":"CommentAction","name":"Comment","target":["https:\/\/marcelolopes.jor.br\/site\/2020\/08\/30\/vacinacao-contra-sarampo-e-prorrogada-ate-31-de-outubro\/#respond"]}]},{"@type":"WebPage","@id":"https:\/\/marcelolopes.jor.br\/site\/2020\/08\/30\/vacinacao-contra-sarampo-e-prorrogada-ate-31-de-outubro\/","url":"https:\/\/marcelolopes.jor.br\/site\/2020\/08\/30\/vacinacao-contra-sarampo-e-prorrogada-ate-31-de-outubro\/","name":"Vacina\u00e7\u00e3o contra sarampo \u00e9 prorrogada at\u00e9 31 de outubro | Marcelo Lopes","isPartOf":{"@id":"https:\/\/marcelolopes.jor.br\/site\/#website"},"primaryImageOfPage":{"@id":"https:\/\/marcelolopes.jor.br\/site\/2020\/08\/30\/vacinacao-contra-sarampo-e-prorrogada-ate-31-de-outubro\/#primaryimage"},"image":{"@id":"https:\/\/marcelolopes.jor.br\/site\/2020\/08\/30\/vacinacao-contra-sarampo-e-prorrogada-ate-31-de-outubro\/#primaryimage"},"thumbnailUrl":"https:\/\/marcelolopes.jor.br\/site\/wp-content\/uploads\/2020\/08\/2d4e8ec1554c4baf890b62d977812d05.jpg","datePublished":"2020-08-30T10:00:56+00:00","breadcrumb":{"@id":"https:\/\/marcelolopes.jor.br\/site\/2020\/08\/30\/vacinacao-contra-sarampo-e-prorrogada-ate-31-de-outubro\/#breadcrumb"},"inLanguage":"pt-BR","potentialAction":[{"@type":"ReadAction","target":["https:\/\/marcelolopes.jor.br\/site\/2020\/08\/30\/vacinacao-contra-sarampo-e-prorrogada-ate-31-de-outubro\/"]}]},{"@type":"ImageObject","inLanguage":"pt-BR","@id":"https:\/\/marcelolopes.jor.br\/site\/2020\/08\/30\/vacinacao-contra-sarampo-e-prorrogada-ate-31-de-outubro\/#primaryimage","url":"https:\/\/marcelolopes.jor.br\/site\/wp-content\/uploads\/2020\/08\/2d4e8ec1554c4baf890b62d977812d05.jpg","contentUrl":"https:\/\/marcelolopes.jor.br\/site\/wp-content\/uploads\/2020\/08\/2d4e8ec1554c4baf890b62d977812d05.jpg","width":900,"height":500},{"@type":"BreadcrumbList","@id":"https:\/\/marcelolopes.jor.br\/site\/2020\/08\/30\/vacinacao-contra-sarampo-e-prorrogada-ate-31-de-outubro\/#breadcrumb","itemListElement":[{"@type":"ListItem","position":1,"name":"Home","item":"https:\/\/marcelolopes.jor.br\/site\/"},{"@type":"ListItem","position":2,"name":"Vacina\u00e7\u00e3o contra sarampo \u00e9 prorrogada at\u00e9 31 de outubro"}]},{"@type":"WebSite","@id":"https:\/\/marcelolopes.jor.br\/site\/#website","url":"https:\/\/marcelolopes.jor.br\/site\/","name":"Marcelo Lopes","description":"Not\u00edcias de Cataguases e Regi\u00e3o","publisher":{"@id":"https:\/\/marcelolopes.jor.br\/site\/#organization"},"potentialAction":[{"@type":"SearchAction","target":{"@type":"EntryPoint","urlTemplate":"https:\/\/marcelolopes.jor.br\/site\/?s={search_term_string}"},"query-input":{"@type":"PropertyValueSpecification","valueRequired":true,"valueName":"search_term_string"}}],"inLanguage":"pt-BR"},{"@type":"Organization","@id":"https:\/\/marcelolopes.jor.br\/site\/#organization","name":"Site do Marcelo Lopes","url":"https:\/\/marcelolopes.jor.br\/site\/","logo":{"@type":"ImageObject","inLanguage":"pt-BR","@id":"https:\/\/marcelolopes.jor.br\/site\/#\/schema\/logo\/image\/","url":"https:\/\/marcelolopes.jor.br\/site\/wp-content\/uploads\/2024\/11\/logo-1.png","contentUrl":"https:\/\/marcelolopes.jor.br\/site\/wp-content\/uploads\/2024\/11\/logo-1.png","width":475,"height":80,"caption":"Site do Marcelo Lopes"},"image":{"@id":"https:\/\/marcelolopes.jor.br\/site\/#\/schema\/logo\/image\/"},"sameAs":["https:\/\/www.facebook.com\/sitedomarcelolopes","https:\/\/www.instagram.com\/sitedomarcelolopes\/","https:\/\/www.linkedin.com\/company\/site-do-marcelo-lopes\/","https:\/\/www.youtube.com\/user\/marcelolopes957"]},{"@type":"Person","@id":"https:\/\/marcelolopes.jor.br\/site\/#\/schema\/person\/3e7216a35c34d8fdf952b31da3d1f89f","name":"Marcelo Lopes","sameAs":["http:\/\/www.marcelolopes.jor.br"],"url":"https:\/\/marcelolopes.jor.br\/site\/author\/marcelo\/"}]}},"wps_subtitle":"Campanha foi estendida para quem tem de 20 a 49 anos.","_links":{"self":[{"href":"https:\/\/marcelolopes.jor.br\/site\/wp-json\/wp\/v2\/posts\/16939","targetHints":{"allow":["GET"]}}],"collection":[{"href":"https:\/\/marcelolopes.jor.br\/site\/wp-json\/wp\/v2\/posts"}],"about":[{"href":"https:\/\/marcelolopes.jor.br\/site\/wp-json\/wp\/v2\/types\/post"}],"author":[{"embeddable":true,"href":"https:\/\/marcelolopes.jor.br\/site\/wp-json\/wp\/v2\/users\/2"}],"replies":[{"embeddable":true,"href":"https:\/\/marcelolopes.jor.br\/site\/wp-json\/wp\/v2\/comments?post=16939"}],"version-history":[{"count":0,"href":"https:\/\/marcelolopes.jor.br\/site\/wp-json\/wp\/v2\/posts\/16939\/revisions"}],"wp:featuredmedia":[{"embeddable":true,"href":"https:\/\/marcelolopes.jor.br\/site\/wp-json\/wp\/v2\/media\/16941"}],"wp:attachment":[{"href":"https:\/\/marcelolopes.jor.br\/site\/wp-json\/wp\/v2\/media?parent=16939"}],"wp:term":[{"taxonomy":"category","embeddable":true,"href":"https:\/\/marcelolopes.jor.br\/site\/wp-json\/wp\/v2\/categories?post=16939"},{"taxonomy":"post_tag","embeddable":true,"href":"https:\/\/marcelolopes.jor.br\/site\/wp-json\/wp\/v2\/tags?post=16939"}],"curies":[{"name":"wp","href":"https:\/\/api.w.org\/{rel}","templated":true}]}}