{"id":16796,"date":"2020-08-24T07:00:04","date_gmt":"2020-08-24T10:00:04","guid":{"rendered":"https:\/\/marcelolopes.jor.br\/?p=16796"},"modified":"2020-08-23T18:30:40","modified_gmt":"2020-08-23T21:30:40","slug":"governo-de-minas-investe-em-ampliacao-da-testagem-para-covid-19","status":"publish","type":"post","link":"https:\/\/marcelolopes.jor.br\/site\/2020\/08\/24\/governo-de-minas-investe-em-ampliacao-da-testagem-para-covid-19\/","title":{"rendered":"Governo de Minas investe em amplia\u00e7\u00e3o da testagem para covid-19"},"content":{"rendered":"<p style=\"text-align: justify;\">Como forma de ampliar os mecanismos de combate ao coronav\u00edrus em Minas Gerais, a Secretaria de Estado de Sa\u00fade (SES-MG) come\u00e7ou a orientar os profissionais da rede de assist\u00eancia sobre uma nova forma do teste RT-PCR, realizado por meio da coleta de saliva. A novidade foi anunciada pelo secret\u00e1rio de Estado de Sa\u00fade de Minas Gerais, Carlos Eduardo Amaral, durante coletiva virtual realizada dia 20 de agosto, em Belo Horizonte.<!--more--><\/p>\n<p style=\"text-align: justify;\">A nova forma de testagem \u00e9 encabe\u00e7ada pela coordena\u00e7\u00e3o estadual de Laborat\u00f3rio e Pesquisa da SES-MG, um grupo que conta com a participa\u00e7\u00e3o de representantes da Funed, Hemominas, Funda\u00e7\u00e3o Oswaldo Cruz e Centro de Refer\u00eancia em Sa\u00fade do Trabalhador de Belo Horizonte (Cerest). Segundo o secret\u00e1rio, o principal objetivo da SES-MG \u00e9 comparar as formas de coleta do tipo swab, em que utiliza-se uma esp\u00e9cie de cotonete, e a forma de coleta por meio da saliva.<\/p>\n<p style=\"text-align: justify;\">\u201cN\u00f3s validamos que o uso da saliva tem a mesma confiabilidade que o uso do swab. Al\u00e9m disso, a coleta por meio da saliva \u00e9 mais simples, n\u00e3o interfere no tempo para processamento do exame e \u00e9 mais confort\u00e1vel para quem passa pelo exame. Como n\u00e3o haveria mais necessidade do swab, aumenta a chance de podermos, num tempo mais curto, expandir a indica\u00e7\u00e3o para coleta do exame\u201d, explicou o secret\u00e1rio.<\/p>\n<p>Fonte e foto: Ag\u00eancia Minas<\/p>\n<div class=\"bnbfl69f6ff1eb1d4b\" ><br><\/div><style type=\"text\/css\">\r\n@media screen and (min-width: 1201px) {\r\n.bnbfl69f6ff1eb1d4b {\r\ndisplay: block;\r\n}\r\n}\r\n@media screen and (min-width: 993px) and (max-width: 1200px) {\r\n.bnbfl69f6ff1eb1d4b {\r\ndisplay: block;\r\n}\r\n}\r\n@media screen and (min-width: 769px) and (max-width: 992px) {\r\n.bnbfl69f6ff1eb1d4b {\r\ndisplay: block;\r\n}\r\n}\r\n@media screen and (min-width: 768px) and (max-width: 768px) {\r\n.bnbfl69f6ff1eb1d4b {\r\ndisplay: block;\r\n}\r\n}\r\n@media screen and (max-width: 767px) {\r\n.bnbfl69f6ff1eb1d4b {\r\ndisplay: block;\r\n}\r\n}\r\n<\/style>\r\n<div class=\"nixxq69f6ff1eb765c\" ><div id=\"div_destino\"><\/div>\r\n<script src=\"https:\/\/cdn.snsrsv.com\/sdk.js\"><\/script>\r\n<script >\r\n      new sdk(\"464030C30061EA8BE065000000000001\") \r\n          .appendTo(\"div_destino\")\r\n          .disableStyle(true) \r\n          .setCacheBusterMacro(\"%%CACHEBUSTER%%\")\r\n          .setSize(\"800\",\"214\")\r\n          .setClickMacro(\"%%CLICK_URL_ESC%%\") \r\n          .setReferrerUrlMacro(\"%%REFERRER_URL_ESC%%\") \r\n          .start(); \r\n<\/script><\/div><style type=\"text\/css\">\r\n@media screen and (min-width: 1201px) {\r\n.nixxq69f6ff1eb765c {\r\ndisplay: block;\r\n}\r\n}\r\n@media screen and (min-width: 993px) and (max-width: 1200px) {\r\n.nixxq69f6ff1eb765c {\r\ndisplay: block;\r\n}\r\n}\r\n@media screen and (min-width: 769px) and (max-width: 992px) {\r\n.nixxq69f6ff1eb765c {\r\ndisplay: block;\r\n}\r\n}\r\n@media screen and (min-width: 768px) and (max-width: 768px) {\r\n.nixxq69f6ff1eb765c {\r\ndisplay: block;\r\n}\r\n}\r\n@media screen and (max-width: 767px) {\r\n.nixxq69f6ff1eb765c {\r\ndisplay: block;\r\n}\r\n}\r\n<\/style>\r\n","protected":false},"excerpt":{"rendered":"<p>Como forma de ampliar os mecanismos de combate ao coronav\u00edrus em Minas Gerais, a Secretaria de Estado de Sa\u00fade (SES-MG) come\u00e7ou a orientar os profissionais da rede de assist\u00eancia sobre uma nova forma do teste RT-PCR, realizado por meio da<\/p>\n<p class=\"link-more\"><a class=\"more-link\" href=\"https:\/\/marcelolopes.jor.br\/site\/2020\/08\/24\/governo-de-minas-investe-em-ampliacao-da-testagem-para-covid-19\/\">Leia mais <span class=\"screen-reader-text\">Governo de Minas investe em amplia\u00e7\u00e3o da testagem para covid-19<\/span><\/a><\/p>\n","protected":false},"author":2,"featured_media":16798,"comment_status":"open","ping_status":"open","sticky":false,"template":"","format":"standard","meta":{"footnotes":""},"categories":[1],"tags":[2241,343,2871,2581],"class_list":["post-16796","post","type-post","status-publish","format-standard","has-post-thumbnail","hentry","category-noticias","tag-covid-19","tag-prevencao","tag-saliva","tag-testes-de-covid-19","thumb-below-title"],"yoast_head":"<!-- This site is optimized with the Yoast SEO plugin v27.4 - https:\/\/yoast.com\/product\/yoast-seo-wordpress\/ -->\n<title>Governo de Minas investe em amplia\u00e7\u00e3o da testagem para covid-19 | Marcelo Lopes<\/title>\n<meta name=\"robots\" content=\"index, follow, max-snippet:-1, max-image-preview:large, max-video-preview:-1\" \/>\n<link rel=\"canonical\" href=\"https:\/\/marcelolopes.jor.br\/site\/2020\/08\/24\/governo-de-minas-investe-em-ampliacao-da-testagem-para-covid-19\/\" \/>\n<meta property=\"og:locale\" content=\"pt_BR\" \/>\n<meta property=\"og:type\" content=\"article\" \/>\n<meta property=\"og:title\" content=\"Governo de Minas investe em amplia\u00e7\u00e3o da testagem para covid-19 | Marcelo Lopes\" \/>\n<meta property=\"og:description\" content=\"Como forma de ampliar os mecanismos de combate ao coronav\u00edrus em Minas Gerais, a Secretaria de Estado de Sa\u00fade (SES-MG) come\u00e7ou a orientar os profissionais da rede de assist\u00eancia sobre uma nova forma do teste RT-PCR, realizado por meio daLeia mais Governo de Minas investe em amplia\u00e7\u00e3o da testagem para covid-19\" \/>\n<meta property=\"og:url\" content=\"https:\/\/marcelolopes.jor.br\/site\/2020\/08\/24\/governo-de-minas-investe-em-ampliacao-da-testagem-para-covid-19\/\" \/>\n<meta property=\"og:site_name\" content=\"Marcelo Lopes\" \/>\n<meta property=\"article:publisher\" content=\"https:\/\/www.facebook.com\/sitedomarcelolopes\" \/>\n<meta property=\"article:published_time\" content=\"2020-08-24T10:00:04+00:00\" \/>\n<meta property=\"og:image\" content=\"https:\/\/marcelolopes.jor.br\/site\/wp-content\/uploads\/2020\/08\/content_whatsapp_image_2020-08-20_at_16_11_35.jpg\" \/>\n\t<meta property=\"og:image:width\" content=\"800\" \/>\n\t<meta property=\"og:image:height\" content=\"437\" \/>\n\t<meta property=\"og:image:type\" content=\"image\/jpeg\" \/>\n<meta name=\"author\" content=\"Marcelo Lopes\" \/>\n<meta name=\"twitter:card\" content=\"summary_large_image\" \/>\n<meta name=\"twitter:label1\" content=\"Escrito por\" \/>\n\t<meta name=\"twitter:data1\" content=\"Marcelo Lopes\" \/>\n\t<meta name=\"twitter:label2\" content=\"Est. tempo de leitura\" \/>\n\t<meta name=\"twitter:data2\" content=\"1 minuto\" \/>\n<script type=\"application\/ld+json\" class=\"yoast-schema-graph\">{\"@context\":\"https:\\\/\\\/schema.org\",\"@graph\":[{\"@type\":\"NewsArticle\",\"@id\":\"https:\\\/\\\/marcelolopes.jor.br\\\/site\\\/2020\\\/08\\\/24\\\/governo-de-minas-investe-em-ampliacao-da-testagem-para-covid-19\\\/#article\",\"isPartOf\":{\"@id\":\"https:\\\/\\\/marcelolopes.jor.br\\\/site\\\/2020\\\/08\\\/24\\\/governo-de-minas-investe-em-ampliacao-da-testagem-para-covid-19\\\/\"},\"author\":{\"name\":\"Marcelo Lopes\",\"@id\":\"https:\\\/\\\/marcelolopes.jor.br\\\/site\\\/#\\\/schema\\\/person\\\/3e7216a35c34d8fdf952b31da3d1f89f\"},\"headline\":\"Governo de Minas investe em amplia\u00e7\u00e3o da testagem para covid-19\",\"datePublished\":\"2020-08-24T10:00:04+00:00\",\"mainEntityOfPage\":{\"@id\":\"https:\\\/\\\/marcelolopes.jor.br\\\/site\\\/2020\\\/08\\\/24\\\/governo-de-minas-investe-em-ampliacao-da-testagem-para-covid-19\\\/\"},\"wordCount\":250,\"commentCount\":0,\"publisher\":{\"@id\":\"https:\\\/\\\/marcelolopes.jor.br\\\/site\\\/#organization\"},\"image\":{\"@id\":\"https:\\\/\\\/marcelolopes.jor.br\\\/site\\\/2020\\\/08\\\/24\\\/governo-de-minas-investe-em-ampliacao-da-testagem-para-covid-19\\\/#primaryimage\"},\"thumbnailUrl\":\"https:\\\/\\\/marcelolopes.jor.br\\\/site\\\/wp-content\\\/uploads\\\/2020\\\/08\\\/content_whatsapp_image_2020-08-20_at_16_11_35.jpg\",\"keywords\":[\"covid-19\",\"preven\u00e7\u00e3o\",\"saliva\",\"testes de Covid-19\"],\"articleSection\":[\"Not\u00edcias\"],\"inLanguage\":\"pt-BR\",\"potentialAction\":[{\"@type\":\"CommentAction\",\"name\":\"Comment\",\"target\":[\"https:\\\/\\\/marcelolopes.jor.br\\\/site\\\/2020\\\/08\\\/24\\\/governo-de-minas-investe-em-ampliacao-da-testagem-para-covid-19\\\/#respond\"]}]},{\"@type\":\"WebPage\",\"@id\":\"https:\\\/\\\/marcelolopes.jor.br\\\/site\\\/2020\\\/08\\\/24\\\/governo-de-minas-investe-em-ampliacao-da-testagem-para-covid-19\\\/\",\"url\":\"https:\\\/\\\/marcelolopes.jor.br\\\/site\\\/2020\\\/08\\\/24\\\/governo-de-minas-investe-em-ampliacao-da-testagem-para-covid-19\\\/\",\"name\":\"Governo de Minas investe em amplia\u00e7\u00e3o da testagem para covid-19 | Marcelo Lopes\",\"isPartOf\":{\"@id\":\"https:\\\/\\\/marcelolopes.jor.br\\\/site\\\/#website\"},\"primaryImageOfPage\":{\"@id\":\"https:\\\/\\\/marcelolopes.jor.br\\\/site\\\/2020\\\/08\\\/24\\\/governo-de-minas-investe-em-ampliacao-da-testagem-para-covid-19\\\/#primaryimage\"},\"image\":{\"@id\":\"https:\\\/\\\/marcelolopes.jor.br\\\/site\\\/2020\\\/08\\\/24\\\/governo-de-minas-investe-em-ampliacao-da-testagem-para-covid-19\\\/#primaryimage\"},\"thumbnailUrl\":\"https:\\\/\\\/marcelolopes.jor.br\\\/site\\\/wp-content\\\/uploads\\\/2020\\\/08\\\/content_whatsapp_image_2020-08-20_at_16_11_35.jpg\",\"datePublished\":\"2020-08-24T10:00:04+00:00\",\"breadcrumb\":{\"@id\":\"https:\\\/\\\/marcelolopes.jor.br\\\/site\\\/2020\\\/08\\\/24\\\/governo-de-minas-investe-em-ampliacao-da-testagem-para-covid-19\\\/#breadcrumb\"},\"inLanguage\":\"pt-BR\",\"potentialAction\":[{\"@type\":\"ReadAction\",\"target\":[\"https:\\\/\\\/marcelolopes.jor.br\\\/site\\\/2020\\\/08\\\/24\\\/governo-de-minas-investe-em-ampliacao-da-testagem-para-covid-19\\\/\"]}]},{\"@type\":\"ImageObject\",\"inLanguage\":\"pt-BR\",\"@id\":\"https:\\\/\\\/marcelolopes.jor.br\\\/site\\\/2020\\\/08\\\/24\\\/governo-de-minas-investe-em-ampliacao-da-testagem-para-covid-19\\\/#primaryimage\",\"url\":\"https:\\\/\\\/marcelolopes.jor.br\\\/site\\\/wp-content\\\/uploads\\\/2020\\\/08\\\/content_whatsapp_image_2020-08-20_at_16_11_35.jpg\",\"contentUrl\":\"https:\\\/\\\/marcelolopes.jor.br\\\/site\\\/wp-content\\\/uploads\\\/2020\\\/08\\\/content_whatsapp_image_2020-08-20_at_16_11_35.jpg\",\"width\":800,\"height\":437},{\"@type\":\"BreadcrumbList\",\"@id\":\"https:\\\/\\\/marcelolopes.jor.br\\\/site\\\/2020\\\/08\\\/24\\\/governo-de-minas-investe-em-ampliacao-da-testagem-para-covid-19\\\/#breadcrumb\",\"itemListElement\":[{\"@type\":\"ListItem\",\"position\":1,\"name\":\"Home\",\"item\":\"https:\\\/\\\/marcelolopes.jor.br\\\/site\\\/\"},{\"@type\":\"ListItem\",\"position\":2,\"name\":\"Governo de Minas investe em amplia\u00e7\u00e3o da testagem para covid-19\"}]},{\"@type\":\"WebSite\",\"@id\":\"https:\\\/\\\/marcelolopes.jor.br\\\/site\\\/#website\",\"url\":\"https:\\\/\\\/marcelolopes.jor.br\\\/site\\\/\",\"name\":\"Marcelo Lopes\",\"description\":\"Not\u00edcias de Cataguases e Regi\u00e3o\",\"publisher\":{\"@id\":\"https:\\\/\\\/marcelolopes.jor.br\\\/site\\\/#organization\"},\"potentialAction\":[{\"@type\":\"SearchAction\",\"target\":{\"@type\":\"EntryPoint\",\"urlTemplate\":\"https:\\\/\\\/marcelolopes.jor.br\\\/site\\\/?s={search_term_string}\"},\"query-input\":{\"@type\":\"PropertyValueSpecification\",\"valueRequired\":true,\"valueName\":\"search_term_string\"}}],\"inLanguage\":\"pt-BR\"},{\"@type\":\"Organization\",\"@id\":\"https:\\\/\\\/marcelolopes.jor.br\\\/site\\\/#organization\",\"name\":\"Site do Marcelo Lopes\",\"url\":\"https:\\\/\\\/marcelolopes.jor.br\\\/site\\\/\",\"logo\":{\"@type\":\"ImageObject\",\"inLanguage\":\"pt-BR\",\"@id\":\"https:\\\/\\\/marcelolopes.jor.br\\\/site\\\/#\\\/schema\\\/logo\\\/image\\\/\",\"url\":\"https:\\\/\\\/marcelolopes.jor.br\\\/site\\\/wp-content\\\/uploads\\\/2024\\\/11\\\/logo-1.png\",\"contentUrl\":\"https:\\\/\\\/marcelolopes.jor.br\\\/site\\\/wp-content\\\/uploads\\\/2024\\\/11\\\/logo-1.png\",\"width\":475,\"height\":80,\"caption\":\"Site do Marcelo Lopes\"},\"image\":{\"@id\":\"https:\\\/\\\/marcelolopes.jor.br\\\/site\\\/#\\\/schema\\\/logo\\\/image\\\/\"},\"sameAs\":[\"https:\\\/\\\/www.facebook.com\\\/sitedomarcelolopes\",\"https:\\\/\\\/www.instagram.com\\\/sitedomarcelolopes\\\/\",\"https:\\\/\\\/www.linkedin.com\\\/company\\\/site-do-marcelo-lopes\\\/\",\"https:\\\/\\\/www.youtube.com\\\/user\\\/marcelolopes957\"]},{\"@type\":\"Person\",\"@id\":\"https:\\\/\\\/marcelolopes.jor.br\\\/site\\\/#\\\/schema\\\/person\\\/3e7216a35c34d8fdf952b31da3d1f89f\",\"name\":\"Marcelo Lopes\",\"sameAs\":[\"http:\\\/\\\/www.marcelolopes.jor.br\"],\"url\":\"https:\\\/\\\/marcelolopes.jor.br\\\/site\\\/author\\\/marcelo\\\/\"}]}<\/script>\n<!-- \/ Yoast SEO plugin. -->","yoast_head_json":{"title":"Governo de Minas investe em amplia\u00e7\u00e3o da testagem para covid-19 | Marcelo Lopes","robots":{"index":"index","follow":"follow","max-snippet":"max-snippet:-1","max-image-preview":"max-image-preview:large","max-video-preview":"max-video-preview:-1"},"canonical":"https:\/\/marcelolopes.jor.br\/site\/2020\/08\/24\/governo-de-minas-investe-em-ampliacao-da-testagem-para-covid-19\/","og_locale":"pt_BR","og_type":"article","og_title":"Governo de Minas investe em amplia\u00e7\u00e3o da testagem para covid-19 | Marcelo Lopes","og_description":"Como forma de ampliar os mecanismos de combate ao coronav\u00edrus em Minas Gerais, a Secretaria de Estado de Sa\u00fade (SES-MG) come\u00e7ou a orientar os profissionais da rede de assist\u00eancia sobre uma nova forma do teste RT-PCR, realizado por meio daLeia mais Governo de Minas investe em amplia\u00e7\u00e3o da testagem para covid-19","og_url":"https:\/\/marcelolopes.jor.br\/site\/2020\/08\/24\/governo-de-minas-investe-em-ampliacao-da-testagem-para-covid-19\/","og_site_name":"Marcelo Lopes","article_publisher":"https:\/\/www.facebook.com\/sitedomarcelolopes","article_published_time":"2020-08-24T10:00:04+00:00","og_image":[{"width":800,"height":437,"url":"https:\/\/marcelolopes.jor.br\/site\/wp-content\/uploads\/2020\/08\/content_whatsapp_image_2020-08-20_at_16_11_35.jpg","type":"image\/jpeg"}],"author":"Marcelo Lopes","twitter_card":"summary_large_image","twitter_misc":{"Escrito por":"Marcelo Lopes","Est. tempo de leitura":"1 minuto"},"schema":{"@context":"https:\/\/schema.org","@graph":[{"@type":"NewsArticle","@id":"https:\/\/marcelolopes.jor.br\/site\/2020\/08\/24\/governo-de-minas-investe-em-ampliacao-da-testagem-para-covid-19\/#article","isPartOf":{"@id":"https:\/\/marcelolopes.jor.br\/site\/2020\/08\/24\/governo-de-minas-investe-em-ampliacao-da-testagem-para-covid-19\/"},"author":{"name":"Marcelo Lopes","@id":"https:\/\/marcelolopes.jor.br\/site\/#\/schema\/person\/3e7216a35c34d8fdf952b31da3d1f89f"},"headline":"Governo de Minas investe em amplia\u00e7\u00e3o da testagem para covid-19","datePublished":"2020-08-24T10:00:04+00:00","mainEntityOfPage":{"@id":"https:\/\/marcelolopes.jor.br\/site\/2020\/08\/24\/governo-de-minas-investe-em-ampliacao-da-testagem-para-covid-19\/"},"wordCount":250,"commentCount":0,"publisher":{"@id":"https:\/\/marcelolopes.jor.br\/site\/#organization"},"image":{"@id":"https:\/\/marcelolopes.jor.br\/site\/2020\/08\/24\/governo-de-minas-investe-em-ampliacao-da-testagem-para-covid-19\/#primaryimage"},"thumbnailUrl":"https:\/\/marcelolopes.jor.br\/site\/wp-content\/uploads\/2020\/08\/content_whatsapp_image_2020-08-20_at_16_11_35.jpg","keywords":["covid-19","preven\u00e7\u00e3o","saliva","testes de Covid-19"],"articleSection":["Not\u00edcias"],"inLanguage":"pt-BR","potentialAction":[{"@type":"CommentAction","name":"Comment","target":["https:\/\/marcelolopes.jor.br\/site\/2020\/08\/24\/governo-de-minas-investe-em-ampliacao-da-testagem-para-covid-19\/#respond"]}]},{"@type":"WebPage","@id":"https:\/\/marcelolopes.jor.br\/site\/2020\/08\/24\/governo-de-minas-investe-em-ampliacao-da-testagem-para-covid-19\/","url":"https:\/\/marcelolopes.jor.br\/site\/2020\/08\/24\/governo-de-minas-investe-em-ampliacao-da-testagem-para-covid-19\/","name":"Governo de Minas investe em amplia\u00e7\u00e3o da testagem para covid-19 | Marcelo Lopes","isPartOf":{"@id":"https:\/\/marcelolopes.jor.br\/site\/#website"},"primaryImageOfPage":{"@id":"https:\/\/marcelolopes.jor.br\/site\/2020\/08\/24\/governo-de-minas-investe-em-ampliacao-da-testagem-para-covid-19\/#primaryimage"},"image":{"@id":"https:\/\/marcelolopes.jor.br\/site\/2020\/08\/24\/governo-de-minas-investe-em-ampliacao-da-testagem-para-covid-19\/#primaryimage"},"thumbnailUrl":"https:\/\/marcelolopes.jor.br\/site\/wp-content\/uploads\/2020\/08\/content_whatsapp_image_2020-08-20_at_16_11_35.jpg","datePublished":"2020-08-24T10:00:04+00:00","breadcrumb":{"@id":"https:\/\/marcelolopes.jor.br\/site\/2020\/08\/24\/governo-de-minas-investe-em-ampliacao-da-testagem-para-covid-19\/#breadcrumb"},"inLanguage":"pt-BR","potentialAction":[{"@type":"ReadAction","target":["https:\/\/marcelolopes.jor.br\/site\/2020\/08\/24\/governo-de-minas-investe-em-ampliacao-da-testagem-para-covid-19\/"]}]},{"@type":"ImageObject","inLanguage":"pt-BR","@id":"https:\/\/marcelolopes.jor.br\/site\/2020\/08\/24\/governo-de-minas-investe-em-ampliacao-da-testagem-para-covid-19\/#primaryimage","url":"https:\/\/marcelolopes.jor.br\/site\/wp-content\/uploads\/2020\/08\/content_whatsapp_image_2020-08-20_at_16_11_35.jpg","contentUrl":"https:\/\/marcelolopes.jor.br\/site\/wp-content\/uploads\/2020\/08\/content_whatsapp_image_2020-08-20_at_16_11_35.jpg","width":800,"height":437},{"@type":"BreadcrumbList","@id":"https:\/\/marcelolopes.jor.br\/site\/2020\/08\/24\/governo-de-minas-investe-em-ampliacao-da-testagem-para-covid-19\/#breadcrumb","itemListElement":[{"@type":"ListItem","position":1,"name":"Home","item":"https:\/\/marcelolopes.jor.br\/site\/"},{"@type":"ListItem","position":2,"name":"Governo de Minas investe em amplia\u00e7\u00e3o da testagem para covid-19"}]},{"@type":"WebSite","@id":"https:\/\/marcelolopes.jor.br\/site\/#website","url":"https:\/\/marcelolopes.jor.br\/site\/","name":"Marcelo Lopes","description":"Not\u00edcias de Cataguases e Regi\u00e3o","publisher":{"@id":"https:\/\/marcelolopes.jor.br\/site\/#organization"},"potentialAction":[{"@type":"SearchAction","target":{"@type":"EntryPoint","urlTemplate":"https:\/\/marcelolopes.jor.br\/site\/?s={search_term_string}"},"query-input":{"@type":"PropertyValueSpecification","valueRequired":true,"valueName":"search_term_string"}}],"inLanguage":"pt-BR"},{"@type":"Organization","@id":"https:\/\/marcelolopes.jor.br\/site\/#organization","name":"Site do Marcelo Lopes","url":"https:\/\/marcelolopes.jor.br\/site\/","logo":{"@type":"ImageObject","inLanguage":"pt-BR","@id":"https:\/\/marcelolopes.jor.br\/site\/#\/schema\/logo\/image\/","url":"https:\/\/marcelolopes.jor.br\/site\/wp-content\/uploads\/2024\/11\/logo-1.png","contentUrl":"https:\/\/marcelolopes.jor.br\/site\/wp-content\/uploads\/2024\/11\/logo-1.png","width":475,"height":80,"caption":"Site do Marcelo Lopes"},"image":{"@id":"https:\/\/marcelolopes.jor.br\/site\/#\/schema\/logo\/image\/"},"sameAs":["https:\/\/www.facebook.com\/sitedomarcelolopes","https:\/\/www.instagram.com\/sitedomarcelolopes\/","https:\/\/www.linkedin.com\/company\/site-do-marcelo-lopes\/","https:\/\/www.youtube.com\/user\/marcelolopes957"]},{"@type":"Person","@id":"https:\/\/marcelolopes.jor.br\/site\/#\/schema\/person\/3e7216a35c34d8fdf952b31da3d1f89f","name":"Marcelo Lopes","sameAs":["http:\/\/www.marcelolopes.jor.br"],"url":"https:\/\/marcelolopes.jor.br\/site\/author\/marcelo\/"}]}},"wps_subtitle":"Sa\u00fade passar\u00e1 a utilizar amostras de saliva para diagn\u00f3stico da doen\u00e7a.","_links":{"self":[{"href":"https:\/\/marcelolopes.jor.br\/site\/wp-json\/wp\/v2\/posts\/16796","targetHints":{"allow":["GET"]}}],"collection":[{"href":"https:\/\/marcelolopes.jor.br\/site\/wp-json\/wp\/v2\/posts"}],"about":[{"href":"https:\/\/marcelolopes.jor.br\/site\/wp-json\/wp\/v2\/types\/post"}],"author":[{"embeddable":true,"href":"https:\/\/marcelolopes.jor.br\/site\/wp-json\/wp\/v2\/users\/2"}],"replies":[{"embeddable":true,"href":"https:\/\/marcelolopes.jor.br\/site\/wp-json\/wp\/v2\/comments?post=16796"}],"version-history":[{"count":0,"href":"https:\/\/marcelolopes.jor.br\/site\/wp-json\/wp\/v2\/posts\/16796\/revisions"}],"wp:featuredmedia":[{"embeddable":true,"href":"https:\/\/marcelolopes.jor.br\/site\/wp-json\/wp\/v2\/media\/16798"}],"wp:attachment":[{"href":"https:\/\/marcelolopes.jor.br\/site\/wp-json\/wp\/v2\/media?parent=16796"}],"wp:term":[{"taxonomy":"category","embeddable":true,"href":"https:\/\/marcelolopes.jor.br\/site\/wp-json\/wp\/v2\/categories?post=16796"},{"taxonomy":"post_tag","embeddable":true,"href":"https:\/\/marcelolopes.jor.br\/site\/wp-json\/wp\/v2\/tags?post=16796"}],"curies":[{"name":"wp","href":"https:\/\/api.w.org\/{rel}","templated":true}]}}