{"id":16541,"date":"2020-08-14T12:30:08","date_gmt":"2020-08-14T15:30:08","guid":{"rendered":"https:\/\/marcelolopes.jor.br\/?p=16541"},"modified":"2020-08-14T09:32:06","modified_gmt":"2020-08-14T12:32:06","slug":"energisa-e-unesco-selecionam-organizacoes-sociais-sem-fins-lucrativos","status":"publish","type":"post","link":"https:\/\/marcelolopes.jor.br\/site\/2020\/08\/14\/energisa-e-unesco-selecionam-organizacoes-sociais-sem-fins-lucrativos\/","title":{"rendered":"Energisa e UNESCO selecionam organiza\u00e7\u00f5es sociais sem fins lucrativos"},"content":{"rendered":"<p style=\"text-align: justify;\">Terminam dia 21 de agosto as inscri\u00e7\u00f5es para a sele\u00e7\u00e3o de organiza\u00e7\u00f5es da sociedade civil sem fins lucrativos interessadas em participar da a\u00e7\u00e3o humanit\u00e1ria promovida entre o Grupo Energisa e a Organiza\u00e7\u00e3o das Na\u00e7\u00f5es Unidas para a Educa\u00e7\u00e3o, a Ci\u00eancia e a Cultura (UNESCO). A iniciativa tem o objetivo de minimizar os impactos socioecon\u00f4micos da pandemia de Covid-19 e combater a fome. As institui\u00e7\u00f5es ter\u00e3o como principal atividade distribuir 100 toneladas de alimentos que abastecer\u00e3o 3.300 fam\u00edlias em vulnerabilidade durante tr\u00eas meses nos 11 estados onde a Energia atua. <!--more--><br \/>\nAs organiza\u00e7\u00f5es selecionadas receber\u00e3o da UNESCO recursos financeiros de at\u00e9 R$ 60 mil provenientes de doa\u00e7\u00e3o da Energisa, no valor de R$ 900 mil, para implementar as a\u00e7\u00f5es emergenciais. A iniciativa integra o Movimento Energia do Bem, liderado pela empresa, que destinou um total R$ 8 milh\u00f5es a diversas frentes de combate ao coronav\u00edrus. O edital est\u00e1 dispon\u00edvel em <a href=\"https:\/\/fornecedor.brasilia.unesco.org\/processes\/2927\"><strong><span style=\"color: #800080;\">https:\/\/fornecedor.brasilia.unesco.org\/processes\/2927<\/span><\/strong><\/a>. A UNESCO \u00e9 ag\u00eancia especializada da ONU e refer\u00eancia mundial em projetos de inclus\u00e3o social.<\/p>\n<p>Al\u00e9m disso, as organiza\u00e7\u00f5es dever\u00e3o realizar, sob a supervis\u00e3o da UNESCO, cadastro e levantamento de informa\u00e7\u00f5es socioecon\u00f4micas b\u00e1sicas das fam\u00edlias beneficiadas. As candidatas devem apresentar propostas para atuarem em Cataguases e em outras localidades: Aracaju (SE); Jo\u00e3o Pessoa e Campina Grande (PB); Bragan\u00e7a Paulista e Presidente Prudente (SP); Campo Grande (MS); Cuiab\u00e1 (MT); Nova Friburgo (RJ); Porto Velho (RO); Rio Branco (AC); Tocantin\u00f3polis (TO); Guarapuava (PR). De acordo com o edital lan\u00e7ado pela UNESCO, as organiza\u00e7\u00f5es devem ser constitu\u00eddas no Brasil e ter pelo menos tr\u00eas anos de funda\u00e7\u00e3o, entre outros crit\u00e9rios de elegibilidade.<\/p>\n<p>\u201cA presen\u00e7a da Energisa em Minas permite levar nossas a\u00e7\u00f5es humanit\u00e1rias para todas as regi\u00f5es brasileiras. Mais do que fornecer energia el\u00e9trica, estamos comprometidos em apoiar as comunidades pr\u00f3ximas, principalmente, neste momento adverso\u201d, afirma Eduardo Mantovani, presidente da Energisa Minas Gerais.<\/p>\n<p>A parceria da Energisa com a UNESCO no combate aos efeitos da pandemia come\u00e7ou no lan\u00e7amento do Movimento Energia do Bem. A organiza\u00e7\u00e3o fez a curadoria de conte\u00fados para o portal <a href=\"http:\/\/www.movimentoenergiadobem.com.br\"><strong><span style=\"color: #800080;\">www.movimentoenergiadobem.com.br<\/span><\/strong><\/a>, incluindo materiais de dom\u00ednio p\u00fablico de sua biblioteca digital.<\/p>\n<h4 style=\"text-align: justify;\">Movimento Energia do Bem<\/h4>\n<p style=\"text-align: justify;\">A rede de solidariedade liderada pelo Grupo Energisa tem parceria com entidades como Senai, Confedera\u00e7\u00e3o Nacional das Ind\u00fastrias (CNI), Federa\u00e7\u00e3o das Ind\u00fastrias do Estado de Minas Gerais (FIEMG) e Unesco. O engajamento promove a\u00e7\u00f5es inovadoras e com impacto nas comunidades onde a empresa est\u00e1 presente. O objetivo conjunto \u00e9 contribuir para minimizar o impacto da pandemia por meio e a\u00e7\u00f5es na \u00e1rea de sa\u00fade, assist\u00eancia social, educa\u00e7\u00e3o, cultura e comunica\u00e7\u00e3o.<\/p>\n<p>O Movimento Energia do Bem tamb\u00e9m apoia o pequeno empreendedor brasileiro. A Energisa doou R$ 1,9 milh\u00e3o ao Est\u00edmulo 2020 Minas Gerais, que oferece cr\u00e9dito barato e facilitado a micro e pequenas empresas da Zona da Mata e do Sul do estado.<\/p>\n<p style=\"text-align: justify;\">Outro foco \u00e9 a capacita\u00e7\u00e3o. Junto com a CNI e o Senai, foram abertas 100 mil vagas em cursos de educa\u00e7\u00e3o a dist\u00e2ncia em Educa\u00e7\u00e3o Ambiental, Empreendedorismo e Intelig\u00eancia Artificial.<\/p>\n<p style=\"text-align: justify;\">Na frente da sa\u00fade, a empresa fez diversas a\u00e7\u00f5es, como a doa\u00e7\u00e3o de respiradores e aspiradores pulmonares port\u00e1teis; protetores faciais; e m\u00e1scaras tipo N95 para hospitais, e de tecido para comunidades ind\u00edgenas no Mato Grosso do Sul.<\/p>\n<p style=\"text-align: justify;\">No campo da cultura, foram desenvolvidas a\u00e7\u00f5es como a realiza\u00e7\u00e3o do festival \u201cFique em Cena\u201d, com lives musicais para a arrecada\u00e7\u00e3o de recursos a artistas locais; e com exibi\u00e7\u00e3o gratuita de filmes na plataforma <a href=\"http:\/\/www.poloaudiovisual.tv\"><strong><span style=\"color: #800080;\">www.poloaudiovisual.tv<\/span><\/strong><\/a> com produ\u00e7\u00f5es nacionais patrocinadas pela empresa no Polo Audiovisual da Zona da Mata (MG) e em outras regi\u00f5es.<\/p>\n<p style=\"text-align: justify;\">Fonte: Assessoria de Comunica\u00e7\u00e3o da Energisa<\/p>\n<div class=\"iwuwx69f77a9738c1d\" ><br><\/div><style type=\"text\/css\">\r\n@media screen and (min-width: 1201px) {\r\n.iwuwx69f77a9738c1d {\r\ndisplay: block;\r\n}\r\n}\r\n@media screen and (min-width: 993px) and (max-width: 1200px) {\r\n.iwuwx69f77a9738c1d {\r\ndisplay: block;\r\n}\r\n}\r\n@media screen and (min-width: 769px) and (max-width: 992px) {\r\n.iwuwx69f77a9738c1d {\r\ndisplay: block;\r\n}\r\n}\r\n@media screen and (min-width: 768px) and (max-width: 768px) {\r\n.iwuwx69f77a9738c1d {\r\ndisplay: block;\r\n}\r\n}\r\n@media screen and (max-width: 767px) {\r\n.iwuwx69f77a9738c1d {\r\ndisplay: block;\r\n}\r\n}\r\n<\/style>\r\n<div class=\"hlyxn69f77a973eb0d\" ><div id=\"div_destino\"><\/div>\r\n<script src=\"https:\/\/cdn.snsrsv.com\/sdk.js\"><\/script>\r\n<script >\r\n      new sdk(\"464030C30061EA8BE065000000000001\") \r\n          .appendTo(\"div_destino\")\r\n          .disableStyle(true) \r\n          .setCacheBusterMacro(\"%%CACHEBUSTER%%\")\r\n          .setSize(\"800\",\"214\")\r\n          .setClickMacro(\"%%CLICK_URL_ESC%%\") \r\n          .setReferrerUrlMacro(\"%%REFERRER_URL_ESC%%\") \r\n          .start(); \r\n<\/script><\/div><style type=\"text\/css\">\r\n@media screen and (min-width: 1201px) {\r\n.hlyxn69f77a973eb0d {\r\ndisplay: block;\r\n}\r\n}\r\n@media screen and (min-width: 993px) and (max-width: 1200px) {\r\n.hlyxn69f77a973eb0d {\r\ndisplay: block;\r\n}\r\n}\r\n@media screen and (min-width: 769px) and (max-width: 992px) {\r\n.hlyxn69f77a973eb0d {\r\ndisplay: block;\r\n}\r\n}\r\n@media screen and (min-width: 768px) and (max-width: 768px) {\r\n.hlyxn69f77a973eb0d {\r\ndisplay: block;\r\n}\r\n}\r\n@media screen and (max-width: 767px) {\r\n.hlyxn69f77a973eb0d {\r\ndisplay: block;\r\n}\r\n}\r\n<\/style>\r\n","protected":false},"excerpt":{"rendered":"<p>Terminam dia 21 de agosto as inscri\u00e7\u00f5es para a sele\u00e7\u00e3o de organiza\u00e7\u00f5es da sociedade civil sem fins lucrativos interessadas em participar da a\u00e7\u00e3o humanit\u00e1ria promovida entre o Grupo Energisa e a Organiza\u00e7\u00e3o das Na\u00e7\u00f5es Unidas para a Educa\u00e7\u00e3o, a Ci\u00eancia<\/p>\n<p class=\"link-more\"><a class=\"more-link\" href=\"https:\/\/marcelolopes.jor.br\/site\/2020\/08\/14\/energisa-e-unesco-selecionam-organizacoes-sociais-sem-fins-lucrativos\/\">Leia mais <span class=\"screen-reader-text\">Energisa e UNESCO selecionam organiza\u00e7\u00f5es sociais sem fins lucrativos<\/span><\/a><\/p>\n","protected":false},"author":2,"featured_media":16543,"comment_status":"open","ping_status":"open","sticky":false,"template":"","format":"standard","meta":{"footnotes":""},"categories":[1],"tags":[2817,120,2818,377],"class_list":["post-16541","post","type-post","status-publish","format-standard","has-post-thumbnail","hentry","category-noticias","tag-alimentos","tag-energisa","tag-familias-carentes","tag-unesco","thumb-below-title"],"yoast_head":"<!-- This site is optimized with the Yoast SEO plugin v27.4 - https:\/\/yoast.com\/product\/yoast-seo-wordpress\/ -->\n<title>Energisa e UNESCO selecionam organiza\u00e7\u00f5es sociais sem fins lucrativos | Marcelo Lopes<\/title>\n<meta name=\"robots\" content=\"index, follow, max-snippet:-1, max-image-preview:large, max-video-preview:-1\" \/>\n<link rel=\"canonical\" href=\"https:\/\/marcelolopes.jor.br\/site\/2020\/08\/14\/energisa-e-unesco-selecionam-organizacoes-sociais-sem-fins-lucrativos\/\" \/>\n<meta property=\"og:locale\" content=\"pt_BR\" \/>\n<meta property=\"og:type\" content=\"article\" \/>\n<meta property=\"og:title\" content=\"Energisa e UNESCO selecionam organiza\u00e7\u00f5es sociais sem fins lucrativos | Marcelo Lopes\" \/>\n<meta property=\"og:description\" content=\"Terminam dia 21 de agosto as inscri\u00e7\u00f5es para a sele\u00e7\u00e3o de organiza\u00e7\u00f5es da sociedade civil sem fins lucrativos interessadas em participar da a\u00e7\u00e3o humanit\u00e1ria promovida entre o Grupo Energisa e a Organiza\u00e7\u00e3o das Na\u00e7\u00f5es Unidas para a Educa\u00e7\u00e3o, a Ci\u00eanciaLeia mais Energisa e UNESCO selecionam organiza\u00e7\u00f5es sociais sem fins lucrativos\" \/>\n<meta property=\"og:url\" content=\"https:\/\/marcelolopes.jor.br\/site\/2020\/08\/14\/energisa-e-unesco-selecionam-organizacoes-sociais-sem-fins-lucrativos\/\" \/>\n<meta property=\"og:site_name\" content=\"Marcelo Lopes\" \/>\n<meta property=\"article:publisher\" content=\"https:\/\/www.facebook.com\/sitedomarcelolopes\" \/>\n<meta property=\"article:published_time\" content=\"2020-08-14T15:30:08+00:00\" \/>\n<meta property=\"og:image\" content=\"https:\/\/marcelolopes.jor.br\/site\/wp-content\/uploads\/2020\/08\/Wandell-Seixas-1.jpg\" \/>\n\t<meta property=\"og:image:width\" content=\"1600\" \/>\n\t<meta property=\"og:image:height\" content=\"1059\" \/>\n\t<meta property=\"og:image:type\" content=\"image\/jpeg\" \/>\n<meta name=\"author\" content=\"Marcelo Lopes\" \/>\n<meta name=\"twitter:card\" content=\"summary_large_image\" \/>\n<meta name=\"twitter:label1\" content=\"Escrito por\" \/>\n\t<meta name=\"twitter:data1\" content=\"Marcelo Lopes\" \/>\n\t<meta name=\"twitter:label2\" content=\"Est. tempo de leitura\" \/>\n\t<meta name=\"twitter:data2\" content=\"3 minutos\" \/>\n<script type=\"application\/ld+json\" class=\"yoast-schema-graph\">{\"@context\":\"https:\\\/\\\/schema.org\",\"@graph\":[{\"@type\":\"NewsArticle\",\"@id\":\"https:\\\/\\\/marcelolopes.jor.br\\\/site\\\/2020\\\/08\\\/14\\\/energisa-e-unesco-selecionam-organizacoes-sociais-sem-fins-lucrativos\\\/#article\",\"isPartOf\":{\"@id\":\"https:\\\/\\\/marcelolopes.jor.br\\\/site\\\/2020\\\/08\\\/14\\\/energisa-e-unesco-selecionam-organizacoes-sociais-sem-fins-lucrativos\\\/\"},\"author\":{\"name\":\"Marcelo Lopes\",\"@id\":\"https:\\\/\\\/marcelolopes.jor.br\\\/site\\\/#\\\/schema\\\/person\\\/3e7216a35c34d8fdf952b31da3d1f89f\"},\"headline\":\"Energisa e UNESCO selecionam organiza\u00e7\u00f5es sociais sem fins lucrativos\",\"datePublished\":\"2020-08-14T15:30:08+00:00\",\"mainEntityOfPage\":{\"@id\":\"https:\\\/\\\/marcelolopes.jor.br\\\/site\\\/2020\\\/08\\\/14\\\/energisa-e-unesco-selecionam-organizacoes-sociais-sem-fins-lucrativos\\\/\"},\"wordCount\":675,\"commentCount\":0,\"publisher\":{\"@id\":\"https:\\\/\\\/marcelolopes.jor.br\\\/site\\\/#organization\"},\"image\":{\"@id\":\"https:\\\/\\\/marcelolopes.jor.br\\\/site\\\/2020\\\/08\\\/14\\\/energisa-e-unesco-selecionam-organizacoes-sociais-sem-fins-lucrativos\\\/#primaryimage\"},\"thumbnailUrl\":\"https:\\\/\\\/marcelolopes.jor.br\\\/site\\\/wp-content\\\/uploads\\\/2020\\\/08\\\/Wandell-Seixas-1.jpg\",\"keywords\":[\"alimentos\",\"Energisa\",\"fam\u00edlias carentes\",\"Unesco\"],\"articleSection\":[\"Not\u00edcias\"],\"inLanguage\":\"pt-BR\",\"potentialAction\":[{\"@type\":\"CommentAction\",\"name\":\"Comment\",\"target\":[\"https:\\\/\\\/marcelolopes.jor.br\\\/site\\\/2020\\\/08\\\/14\\\/energisa-e-unesco-selecionam-organizacoes-sociais-sem-fins-lucrativos\\\/#respond\"]}]},{\"@type\":\"WebPage\",\"@id\":\"https:\\\/\\\/marcelolopes.jor.br\\\/site\\\/2020\\\/08\\\/14\\\/energisa-e-unesco-selecionam-organizacoes-sociais-sem-fins-lucrativos\\\/\",\"url\":\"https:\\\/\\\/marcelolopes.jor.br\\\/site\\\/2020\\\/08\\\/14\\\/energisa-e-unesco-selecionam-organizacoes-sociais-sem-fins-lucrativos\\\/\",\"name\":\"Energisa e UNESCO selecionam organiza\u00e7\u00f5es sociais sem fins lucrativos | Marcelo Lopes\",\"isPartOf\":{\"@id\":\"https:\\\/\\\/marcelolopes.jor.br\\\/site\\\/#website\"},\"primaryImageOfPage\":{\"@id\":\"https:\\\/\\\/marcelolopes.jor.br\\\/site\\\/2020\\\/08\\\/14\\\/energisa-e-unesco-selecionam-organizacoes-sociais-sem-fins-lucrativos\\\/#primaryimage\"},\"image\":{\"@id\":\"https:\\\/\\\/marcelolopes.jor.br\\\/site\\\/2020\\\/08\\\/14\\\/energisa-e-unesco-selecionam-organizacoes-sociais-sem-fins-lucrativos\\\/#primaryimage\"},\"thumbnailUrl\":\"https:\\\/\\\/marcelolopes.jor.br\\\/site\\\/wp-content\\\/uploads\\\/2020\\\/08\\\/Wandell-Seixas-1.jpg\",\"datePublished\":\"2020-08-14T15:30:08+00:00\",\"breadcrumb\":{\"@id\":\"https:\\\/\\\/marcelolopes.jor.br\\\/site\\\/2020\\\/08\\\/14\\\/energisa-e-unesco-selecionam-organizacoes-sociais-sem-fins-lucrativos\\\/#breadcrumb\"},\"inLanguage\":\"pt-BR\",\"potentialAction\":[{\"@type\":\"ReadAction\",\"target\":[\"https:\\\/\\\/marcelolopes.jor.br\\\/site\\\/2020\\\/08\\\/14\\\/energisa-e-unesco-selecionam-organizacoes-sociais-sem-fins-lucrativos\\\/\"]}]},{\"@type\":\"ImageObject\",\"inLanguage\":\"pt-BR\",\"@id\":\"https:\\\/\\\/marcelolopes.jor.br\\\/site\\\/2020\\\/08\\\/14\\\/energisa-e-unesco-selecionam-organizacoes-sociais-sem-fins-lucrativos\\\/#primaryimage\",\"url\":\"https:\\\/\\\/marcelolopes.jor.br\\\/site\\\/wp-content\\\/uploads\\\/2020\\\/08\\\/Wandell-Seixas-1.jpg\",\"contentUrl\":\"https:\\\/\\\/marcelolopes.jor.br\\\/site\\\/wp-content\\\/uploads\\\/2020\\\/08\\\/Wandell-Seixas-1.jpg\",\"width\":1600,\"height\":1059},{\"@type\":\"BreadcrumbList\",\"@id\":\"https:\\\/\\\/marcelolopes.jor.br\\\/site\\\/2020\\\/08\\\/14\\\/energisa-e-unesco-selecionam-organizacoes-sociais-sem-fins-lucrativos\\\/#breadcrumb\",\"itemListElement\":[{\"@type\":\"ListItem\",\"position\":1,\"name\":\"Home\",\"item\":\"https:\\\/\\\/marcelolopes.jor.br\\\/site\\\/\"},{\"@type\":\"ListItem\",\"position\":2,\"name\":\"Energisa e UNESCO selecionam organiza\u00e7\u00f5es sociais sem fins lucrativos\"}]},{\"@type\":\"WebSite\",\"@id\":\"https:\\\/\\\/marcelolopes.jor.br\\\/site\\\/#website\",\"url\":\"https:\\\/\\\/marcelolopes.jor.br\\\/site\\\/\",\"name\":\"Marcelo Lopes\",\"description\":\"Not\u00edcias de Cataguases e Regi\u00e3o\",\"publisher\":{\"@id\":\"https:\\\/\\\/marcelolopes.jor.br\\\/site\\\/#organization\"},\"potentialAction\":[{\"@type\":\"SearchAction\",\"target\":{\"@type\":\"EntryPoint\",\"urlTemplate\":\"https:\\\/\\\/marcelolopes.jor.br\\\/site\\\/?s={search_term_string}\"},\"query-input\":{\"@type\":\"PropertyValueSpecification\",\"valueRequired\":true,\"valueName\":\"search_term_string\"}}],\"inLanguage\":\"pt-BR\"},{\"@type\":\"Organization\",\"@id\":\"https:\\\/\\\/marcelolopes.jor.br\\\/site\\\/#organization\",\"name\":\"Site do Marcelo Lopes\",\"url\":\"https:\\\/\\\/marcelolopes.jor.br\\\/site\\\/\",\"logo\":{\"@type\":\"ImageObject\",\"inLanguage\":\"pt-BR\",\"@id\":\"https:\\\/\\\/marcelolopes.jor.br\\\/site\\\/#\\\/schema\\\/logo\\\/image\\\/\",\"url\":\"https:\\\/\\\/marcelolopes.jor.br\\\/site\\\/wp-content\\\/uploads\\\/2024\\\/11\\\/logo-1.png\",\"contentUrl\":\"https:\\\/\\\/marcelolopes.jor.br\\\/site\\\/wp-content\\\/uploads\\\/2024\\\/11\\\/logo-1.png\",\"width\":475,\"height\":80,\"caption\":\"Site do Marcelo Lopes\"},\"image\":{\"@id\":\"https:\\\/\\\/marcelolopes.jor.br\\\/site\\\/#\\\/schema\\\/logo\\\/image\\\/\"},\"sameAs\":[\"https:\\\/\\\/www.facebook.com\\\/sitedomarcelolopes\",\"https:\\\/\\\/www.instagram.com\\\/sitedomarcelolopes\\\/\",\"https:\\\/\\\/www.linkedin.com\\\/company\\\/site-do-marcelo-lopes\\\/\",\"https:\\\/\\\/www.youtube.com\\\/user\\\/marcelolopes957\"]},{\"@type\":\"Person\",\"@id\":\"https:\\\/\\\/marcelolopes.jor.br\\\/site\\\/#\\\/schema\\\/person\\\/3e7216a35c34d8fdf952b31da3d1f89f\",\"name\":\"Marcelo Lopes\",\"sameAs\":[\"http:\\\/\\\/www.marcelolopes.jor.br\"],\"url\":\"https:\\\/\\\/marcelolopes.jor.br\\\/site\\\/author\\\/marcelo\\\/\"}]}<\/script>\n<!-- \/ Yoast SEO plugin. -->","yoast_head_json":{"title":"Energisa e UNESCO selecionam organiza\u00e7\u00f5es sociais sem fins lucrativos | Marcelo Lopes","robots":{"index":"index","follow":"follow","max-snippet":"max-snippet:-1","max-image-preview":"max-image-preview:large","max-video-preview":"max-video-preview:-1"},"canonical":"https:\/\/marcelolopes.jor.br\/site\/2020\/08\/14\/energisa-e-unesco-selecionam-organizacoes-sociais-sem-fins-lucrativos\/","og_locale":"pt_BR","og_type":"article","og_title":"Energisa e UNESCO selecionam organiza\u00e7\u00f5es sociais sem fins lucrativos | Marcelo Lopes","og_description":"Terminam dia 21 de agosto as inscri\u00e7\u00f5es para a sele\u00e7\u00e3o de organiza\u00e7\u00f5es da sociedade civil sem fins lucrativos interessadas em participar da a\u00e7\u00e3o humanit\u00e1ria promovida entre o Grupo Energisa e a Organiza\u00e7\u00e3o das Na\u00e7\u00f5es Unidas para a Educa\u00e7\u00e3o, a Ci\u00eanciaLeia mais Energisa e UNESCO selecionam organiza\u00e7\u00f5es sociais sem fins lucrativos","og_url":"https:\/\/marcelolopes.jor.br\/site\/2020\/08\/14\/energisa-e-unesco-selecionam-organizacoes-sociais-sem-fins-lucrativos\/","og_site_name":"Marcelo Lopes","article_publisher":"https:\/\/www.facebook.com\/sitedomarcelolopes","article_published_time":"2020-08-14T15:30:08+00:00","og_image":[{"width":1600,"height":1059,"url":"https:\/\/marcelolopes.jor.br\/site\/wp-content\/uploads\/2020\/08\/Wandell-Seixas-1.jpg","type":"image\/jpeg"}],"author":"Marcelo Lopes","twitter_card":"summary_large_image","twitter_misc":{"Escrito por":"Marcelo Lopes","Est. tempo de leitura":"3 minutos"},"schema":{"@context":"https:\/\/schema.org","@graph":[{"@type":"NewsArticle","@id":"https:\/\/marcelolopes.jor.br\/site\/2020\/08\/14\/energisa-e-unesco-selecionam-organizacoes-sociais-sem-fins-lucrativos\/#article","isPartOf":{"@id":"https:\/\/marcelolopes.jor.br\/site\/2020\/08\/14\/energisa-e-unesco-selecionam-organizacoes-sociais-sem-fins-lucrativos\/"},"author":{"name":"Marcelo Lopes","@id":"https:\/\/marcelolopes.jor.br\/site\/#\/schema\/person\/3e7216a35c34d8fdf952b31da3d1f89f"},"headline":"Energisa e UNESCO selecionam organiza\u00e7\u00f5es sociais sem fins lucrativos","datePublished":"2020-08-14T15:30:08+00:00","mainEntityOfPage":{"@id":"https:\/\/marcelolopes.jor.br\/site\/2020\/08\/14\/energisa-e-unesco-selecionam-organizacoes-sociais-sem-fins-lucrativos\/"},"wordCount":675,"commentCount":0,"publisher":{"@id":"https:\/\/marcelolopes.jor.br\/site\/#organization"},"image":{"@id":"https:\/\/marcelolopes.jor.br\/site\/2020\/08\/14\/energisa-e-unesco-selecionam-organizacoes-sociais-sem-fins-lucrativos\/#primaryimage"},"thumbnailUrl":"https:\/\/marcelolopes.jor.br\/site\/wp-content\/uploads\/2020\/08\/Wandell-Seixas-1.jpg","keywords":["alimentos","Energisa","fam\u00edlias carentes","Unesco"],"articleSection":["Not\u00edcias"],"inLanguage":"pt-BR","potentialAction":[{"@type":"CommentAction","name":"Comment","target":["https:\/\/marcelolopes.jor.br\/site\/2020\/08\/14\/energisa-e-unesco-selecionam-organizacoes-sociais-sem-fins-lucrativos\/#respond"]}]},{"@type":"WebPage","@id":"https:\/\/marcelolopes.jor.br\/site\/2020\/08\/14\/energisa-e-unesco-selecionam-organizacoes-sociais-sem-fins-lucrativos\/","url":"https:\/\/marcelolopes.jor.br\/site\/2020\/08\/14\/energisa-e-unesco-selecionam-organizacoes-sociais-sem-fins-lucrativos\/","name":"Energisa e UNESCO selecionam organiza\u00e7\u00f5es sociais sem fins lucrativos | Marcelo Lopes","isPartOf":{"@id":"https:\/\/marcelolopes.jor.br\/site\/#website"},"primaryImageOfPage":{"@id":"https:\/\/marcelolopes.jor.br\/site\/2020\/08\/14\/energisa-e-unesco-selecionam-organizacoes-sociais-sem-fins-lucrativos\/#primaryimage"},"image":{"@id":"https:\/\/marcelolopes.jor.br\/site\/2020\/08\/14\/energisa-e-unesco-selecionam-organizacoes-sociais-sem-fins-lucrativos\/#primaryimage"},"thumbnailUrl":"https:\/\/marcelolopes.jor.br\/site\/wp-content\/uploads\/2020\/08\/Wandell-Seixas-1.jpg","datePublished":"2020-08-14T15:30:08+00:00","breadcrumb":{"@id":"https:\/\/marcelolopes.jor.br\/site\/2020\/08\/14\/energisa-e-unesco-selecionam-organizacoes-sociais-sem-fins-lucrativos\/#breadcrumb"},"inLanguage":"pt-BR","potentialAction":[{"@type":"ReadAction","target":["https:\/\/marcelolopes.jor.br\/site\/2020\/08\/14\/energisa-e-unesco-selecionam-organizacoes-sociais-sem-fins-lucrativos\/"]}]},{"@type":"ImageObject","inLanguage":"pt-BR","@id":"https:\/\/marcelolopes.jor.br\/site\/2020\/08\/14\/energisa-e-unesco-selecionam-organizacoes-sociais-sem-fins-lucrativos\/#primaryimage","url":"https:\/\/marcelolopes.jor.br\/site\/wp-content\/uploads\/2020\/08\/Wandell-Seixas-1.jpg","contentUrl":"https:\/\/marcelolopes.jor.br\/site\/wp-content\/uploads\/2020\/08\/Wandell-Seixas-1.jpg","width":1600,"height":1059},{"@type":"BreadcrumbList","@id":"https:\/\/marcelolopes.jor.br\/site\/2020\/08\/14\/energisa-e-unesco-selecionam-organizacoes-sociais-sem-fins-lucrativos\/#breadcrumb","itemListElement":[{"@type":"ListItem","position":1,"name":"Home","item":"https:\/\/marcelolopes.jor.br\/site\/"},{"@type":"ListItem","position":2,"name":"Energisa e UNESCO selecionam organiza\u00e7\u00f5es sociais sem fins lucrativos"}]},{"@type":"WebSite","@id":"https:\/\/marcelolopes.jor.br\/site\/#website","url":"https:\/\/marcelolopes.jor.br\/site\/","name":"Marcelo Lopes","description":"Not\u00edcias de Cataguases e Regi\u00e3o","publisher":{"@id":"https:\/\/marcelolopes.jor.br\/site\/#organization"},"potentialAction":[{"@type":"SearchAction","target":{"@type":"EntryPoint","urlTemplate":"https:\/\/marcelolopes.jor.br\/site\/?s={search_term_string}"},"query-input":{"@type":"PropertyValueSpecification","valueRequired":true,"valueName":"search_term_string"}}],"inLanguage":"pt-BR"},{"@type":"Organization","@id":"https:\/\/marcelolopes.jor.br\/site\/#organization","name":"Site do Marcelo Lopes","url":"https:\/\/marcelolopes.jor.br\/site\/","logo":{"@type":"ImageObject","inLanguage":"pt-BR","@id":"https:\/\/marcelolopes.jor.br\/site\/#\/schema\/logo\/image\/","url":"https:\/\/marcelolopes.jor.br\/site\/wp-content\/uploads\/2024\/11\/logo-1.png","contentUrl":"https:\/\/marcelolopes.jor.br\/site\/wp-content\/uploads\/2024\/11\/logo-1.png","width":475,"height":80,"caption":"Site do Marcelo Lopes"},"image":{"@id":"https:\/\/marcelolopes.jor.br\/site\/#\/schema\/logo\/image\/"},"sameAs":["https:\/\/www.facebook.com\/sitedomarcelolopes","https:\/\/www.instagram.com\/sitedomarcelolopes\/","https:\/\/www.linkedin.com\/company\/site-do-marcelo-lopes\/","https:\/\/www.youtube.com\/user\/marcelolopes957"]},{"@type":"Person","@id":"https:\/\/marcelolopes.jor.br\/site\/#\/schema\/person\/3e7216a35c34d8fdf952b31da3d1f89f","name":"Marcelo Lopes","sameAs":["http:\/\/www.marcelolopes.jor.br"],"url":"https:\/\/marcelolopes.jor.br\/site\/author\/marcelo\/"}]}},"wps_subtitle":"Inscri\u00e7\u00f5es terminam dia 21\/08. Iniciativa integra o Movimento Energia do Bem.","_links":{"self":[{"href":"https:\/\/marcelolopes.jor.br\/site\/wp-json\/wp\/v2\/posts\/16541","targetHints":{"allow":["GET"]}}],"collection":[{"href":"https:\/\/marcelolopes.jor.br\/site\/wp-json\/wp\/v2\/posts"}],"about":[{"href":"https:\/\/marcelolopes.jor.br\/site\/wp-json\/wp\/v2\/types\/post"}],"author":[{"embeddable":true,"href":"https:\/\/marcelolopes.jor.br\/site\/wp-json\/wp\/v2\/users\/2"}],"replies":[{"embeddable":true,"href":"https:\/\/marcelolopes.jor.br\/site\/wp-json\/wp\/v2\/comments?post=16541"}],"version-history":[{"count":0,"href":"https:\/\/marcelolopes.jor.br\/site\/wp-json\/wp\/v2\/posts\/16541\/revisions"}],"wp:featuredmedia":[{"embeddable":true,"href":"https:\/\/marcelolopes.jor.br\/site\/wp-json\/wp\/v2\/media\/16543"}],"wp:attachment":[{"href":"https:\/\/marcelolopes.jor.br\/site\/wp-json\/wp\/v2\/media?parent=16541"}],"wp:term":[{"taxonomy":"category","embeddable":true,"href":"https:\/\/marcelolopes.jor.br\/site\/wp-json\/wp\/v2\/categories?post=16541"},{"taxonomy":"post_tag","embeddable":true,"href":"https:\/\/marcelolopes.jor.br\/site\/wp-json\/wp\/v2\/tags?post=16541"}],"curies":[{"name":"wp","href":"https:\/\/api.w.org\/{rel}","templated":true}]}}