{"id":16521,"date":"2020-08-14T07:00:16","date_gmt":"2020-08-14T10:00:16","guid":{"rendered":"https:\/\/marcelolopes.jor.br\/?p=16521"},"modified":"2020-08-13T14:11:49","modified_gmt":"2020-08-13T17:11:49","slug":"uemg-leopoldina-participa-do-dia-internacional-da-juventude","status":"publish","type":"post","link":"https:\/\/marcelolopes.jor.br\/site\/2020\/08\/14\/uemg-leopoldina-participa-do-dia-internacional-da-juventude\/","title":{"rendered":"UEMG\u2013Leopoldina participa do Dia Internacional da Juventude"},"content":{"rendered":"<p style=\"text-align: justify;\">As acad\u00eamicas do Curso de Pedagogia da UEMG-Leopoldina, Ana Paula Gouv\u00eaa Chiconeli, Ariane Malta Beata e Francieli Braga Costa conduzir\u00e3o o workshop Engajamento jovem: potencializa\u00e7\u00e3o da leitura liter\u00e1ria na forma\u00e7\u00e3o do Pedagogo, pela plataforma on-line TEAMs, no pr\u00f3ximo dia 18, \u00e0s 20h. A informa\u00e7\u00e3o \u00e9 da dire\u00e7\u00e3o daquela institui\u00e7\u00e3o.<!--more--><\/p>\n<p style=\"text-align: justify;\">Essa atividade est\u00e1 atrelada ao projeto de extens\u00e3o &#8211; PAeX \u2013 \u201cConto Sonoro, Centro de estudos e oficinas de leitura liter\u00e1ria, conta\u00e7\u00e3o de hist\u00f3rias e uso de bibliotecas\u201d e \u00e0s a\u00e7\u00f5es do PIBID-subprojeto de Leopoldina.<\/p>\n<p style=\"text-align: justify;\">O p\u00fablico alvo s\u00e3o os discentes que cursam Pedagogia nas Institui\u00e7\u00f5es de Ensino Superior do Estado de Minas Gerais, tanto das redes p\u00fablicas como particulares, evidenciando aqueles que participam do PIBID-Pedagogia.<\/p>\n<p style=\"text-align: justify;\">A discuss\u00e3o ser\u00e1 norteada a partir dos resultados de pesquisas estaduais, nacionais e internacionais, no que se refere \u00e0 defici\u00eancia da escola brasileira na forma\u00e7\u00e3o leitora dos alunos de Educa\u00e7\u00e3o B\u00e1sica, o que sugere urg\u00eancia de atitudes para a mudan\u00e7a desse cen\u00e1rio.<\/p>\n<p style=\"text-align: justify;\">Sabe-se que o n\u00edvel de desenvolvimento de leitura dos indiv\u00edduos interfere no desenvolvimento humano e econ\u00f4mico de uma na\u00e7\u00e3o. Se \u00e9 responsabilidade dos futuros pedagogos formarem os leitores das gera\u00e7\u00f5es vindouras, torna-se relevante refletir sobre como potencializar o n\u00edvel de leitura desses universit\u00e1rios por meio de di\u00e1logos e a\u00e7\u00f5es conjuntas.<\/p>\n<p style=\"text-align: justify;\">Nesse sentido, caber\u00e1 envolver, tamb\u00e9m, nessa interlocu\u00e7\u00e3o os seguintes objetivos da Agenda 2030 da ONU: 04 &#8211; Educa\u00e7\u00e3o de qualidade; 08 \u2013 Trabalho decente e crescimento econ\u00f4mico; 10 \u2013 Redu\u00e7\u00e3o das desigualdades; 03 &#8211; Sa\u00fade e bem-estar; 16 \u2013 Paz, Justi\u00e7a e Institui\u00e7\u00f5es eficazes.<\/p>\n<p style=\"text-align: justify;\">Como a literatura \u00e9 tema recorrente no \u00e2mbito educacional, haja vista os documentos norteadores da Educa\u00e7\u00e3o B\u00e1sica (BNCC \u2013 2017; e, Curr\u00edculo Refer\u00eancia de Minas Gerais &#8211; 2018), \u00e9 ineg\u00e1vel n\u00e3o aprofundar nessa modalidade de leitura na gradua\u00e7\u00e3o de Pedagogia. Al\u00e9m de ser arte da palavra, os textos art\u00edsticos despertam no leitor a sensibilidade, as interlocu\u00e7\u00f5es transdisciplinares, o autoconhecimento e a reflex\u00e3o sobre suas pr\u00e1ticas sociais, tanto que Sartre afirmou que \u201c[&#8230;] o tema da literatura sempre foi o homem no mundo\u201d (2006, p\u00e1g. 118).<\/p>\n<p style=\"text-align: justify;\">Vale salientar que este evento est\u00e1 inserido na programa\u00e7\u00e3o de O dia Internacional da Juventude, criado pela Organiza\u00e7\u00e3o das Na\u00e7\u00f5es Unidas (ONU), ocorrendo em 20 pa\u00edses, at\u00e9 o dia 19 de agosto deste ano.<\/p>\n<p style=\"text-align: justify;\">O objetivo principal desse programa \u00e9 focar na educa\u00e7\u00e3o e na conscientiza\u00e7\u00e3o dos jovens sobre a responsabilidade que assumem como representantes do futuro do planeta.<\/p>\n<p>Os interessados dever\u00e3o preencher o formul\u00e1rio da Microsoft Forms &#8211; <a href=\"https:\/\/bit.ly\/2ChElAy\"><strong><span style=\"color: #800080;\">https:\/\/bit.ly\/2ChElAy<\/span><\/strong><\/a>. O link para participa\u00e7\u00e3o no evento ser\u00e1 enviado, no mesmo dia do workshop, \u00e0s 19h, para o email dos inscritos. Ser\u00e1 emitido certifica\u00e7\u00e3o como carga hor\u00e1ria complementar com o selo do programa da ONU.<\/p>\n<p style=\"text-align: justify;\"><em>Texto de Anic\u00e9zia P. Romanhol Bette &#8211; Professora da UEMG e coordenadora do PIBID\/subprojeto de Leopoldina | Foto montagem feita a partir de fotos cedidas pelas alunas.<\/em><\/p>\n<div class=\"wvrlv69f7477f6aae9\" ><br><\/div><style type=\"text\/css\">\r\n@media screen and (min-width: 1201px) {\r\n.wvrlv69f7477f6aae9 {\r\ndisplay: block;\r\n}\r\n}\r\n@media screen and (min-width: 993px) and (max-width: 1200px) {\r\n.wvrlv69f7477f6aae9 {\r\ndisplay: block;\r\n}\r\n}\r\n@media screen and (min-width: 769px) and (max-width: 992px) {\r\n.wvrlv69f7477f6aae9 {\r\ndisplay: block;\r\n}\r\n}\r\n@media screen and (min-width: 768px) and (max-width: 768px) {\r\n.wvrlv69f7477f6aae9 {\r\ndisplay: block;\r\n}\r\n}\r\n@media screen and (max-width: 767px) {\r\n.wvrlv69f7477f6aae9 {\r\ndisplay: block;\r\n}\r\n}\r\n<\/style>\r\n<div class=\"rfjsr69f7477f705f9\" ><div id=\"div_destino\"><\/div>\r\n<script src=\"https:\/\/cdn.snsrsv.com\/sdk.js\"><\/script>\r\n<script >\r\n      new sdk(\"464030C30061EA8BE065000000000001\") \r\n          .appendTo(\"div_destino\")\r\n          .disableStyle(true) \r\n          .setCacheBusterMacro(\"%%CACHEBUSTER%%\")\r\n          .setSize(\"800\",\"214\")\r\n          .setClickMacro(\"%%CLICK_URL_ESC%%\") \r\n          .setReferrerUrlMacro(\"%%REFERRER_URL_ESC%%\") \r\n          .start(); \r\n<\/script><\/div><style type=\"text\/css\">\r\n@media screen and (min-width: 1201px) {\r\n.rfjsr69f7477f705f9 {\r\ndisplay: block;\r\n}\r\n}\r\n@media screen and (min-width: 993px) and (max-width: 1200px) {\r\n.rfjsr69f7477f705f9 {\r\ndisplay: block;\r\n}\r\n}\r\n@media screen and (min-width: 769px) and (max-width: 992px) {\r\n.rfjsr69f7477f705f9 {\r\ndisplay: block;\r\n}\r\n}\r\n@media screen and (min-width: 768px) and (max-width: 768px) {\r\n.rfjsr69f7477f705f9 {\r\ndisplay: block;\r\n}\r\n}\r\n@media screen and (max-width: 767px) {\r\n.rfjsr69f7477f705f9 {\r\ndisplay: block;\r\n}\r\n}\r\n<\/style>\r\n","protected":false},"excerpt":{"rendered":"<p>As acad\u00eamicas do Curso de Pedagogia da UEMG-Leopoldina, Ana Paula Gouv\u00eaa Chiconeli, Ariane Malta Beata e Francieli Braga Costa conduzir\u00e3o o workshop Engajamento jovem: potencializa\u00e7\u00e3o da leitura liter\u00e1ria na forma\u00e7\u00e3o do Pedagogo, pela plataforma on-line TEAMs, no pr\u00f3ximo dia 18,<\/p>\n<p class=\"link-more\"><a class=\"more-link\" href=\"https:\/\/marcelolopes.jor.br\/site\/2020\/08\/14\/uemg-leopoldina-participa-do-dia-internacional-da-juventude\/\">Leia mais <span class=\"screen-reader-text\">UEMG\u2013Leopoldina participa do Dia Internacional da Juventude<\/span><\/a><\/p>\n","protected":false},"author":2,"featured_media":16523,"comment_status":"open","ping_status":"open","sticky":false,"template":"","format":"standard","meta":{"footnotes":""},"categories":[1],"tags":[2742,2815,1282,1572],"class_list":["post-16521","post","type-post","status-publish","format-standard","has-post-thumbnail","hentry","category-noticias","tag-juventude","tag-programa-da-onu","tag-uemg-leopoldina","tag-workshop","thumb-below-title"],"yoast_head":"<!-- This site is optimized with the Yoast SEO plugin v27.4 - https:\/\/yoast.com\/product\/yoast-seo-wordpress\/ -->\n<title>UEMG\u2013Leopoldina participa do Dia Internacional da Juventude | Marcelo Lopes<\/title>\n<meta name=\"robots\" content=\"index, follow, max-snippet:-1, max-image-preview:large, max-video-preview:-1\" \/>\n<link rel=\"canonical\" href=\"https:\/\/marcelolopes.jor.br\/site\/2020\/08\/14\/uemg-leopoldina-participa-do-dia-internacional-da-juventude\/\" \/>\n<meta property=\"og:locale\" content=\"pt_BR\" \/>\n<meta property=\"og:type\" content=\"article\" \/>\n<meta property=\"og:title\" content=\"UEMG\u2013Leopoldina participa do Dia Internacional da Juventude | Marcelo Lopes\" \/>\n<meta property=\"og:description\" content=\"As acad\u00eamicas do Curso de Pedagogia da UEMG-Leopoldina, Ana Paula Gouv\u00eaa Chiconeli, Ariane Malta Beata e Francieli Braga Costa conduzir\u00e3o o workshop Engajamento jovem: potencializa\u00e7\u00e3o da leitura liter\u00e1ria na forma\u00e7\u00e3o do Pedagogo, pela plataforma on-line TEAMs, no pr\u00f3ximo dia 18,Leia mais UEMG\u2013Leopoldina participa do Dia Internacional da Juventude\" \/>\n<meta property=\"og:url\" content=\"https:\/\/marcelolopes.jor.br\/site\/2020\/08\/14\/uemg-leopoldina-participa-do-dia-internacional-da-juventude\/\" \/>\n<meta property=\"og:site_name\" content=\"Marcelo Lopes\" \/>\n<meta property=\"article:publisher\" content=\"https:\/\/www.facebook.com\/sitedomarcelolopes\" \/>\n<meta property=\"article:published_time\" content=\"2020-08-14T10:00:16+00:00\" \/>\n<meta property=\"og:image\" content=\"https:\/\/marcelolopes.jor.br\/site\/wp-content\/uploads\/2020\/08\/Alunas.jpg\" \/>\n\t<meta property=\"og:image:width\" content=\"806\" \/>\n\t<meta property=\"og:image:height\" content=\"502\" \/>\n\t<meta property=\"og:image:type\" content=\"image\/jpeg\" \/>\n<meta name=\"author\" content=\"Marcelo Lopes\" \/>\n<meta name=\"twitter:card\" content=\"summary_large_image\" \/>\n<meta name=\"twitter:label1\" content=\"Escrito por\" \/>\n\t<meta name=\"twitter:data1\" content=\"Marcelo Lopes\" \/>\n\t<meta name=\"twitter:label2\" content=\"Est. tempo de leitura\" \/>\n\t<meta name=\"twitter:data2\" content=\"3 minutos\" \/>\n<script type=\"application\/ld+json\" class=\"yoast-schema-graph\">{\"@context\":\"https:\\\/\\\/schema.org\",\"@graph\":[{\"@type\":\"NewsArticle\",\"@id\":\"https:\\\/\\\/marcelolopes.jor.br\\\/site\\\/2020\\\/08\\\/14\\\/uemg-leopoldina-participa-do-dia-internacional-da-juventude\\\/#article\",\"isPartOf\":{\"@id\":\"https:\\\/\\\/marcelolopes.jor.br\\\/site\\\/2020\\\/08\\\/14\\\/uemg-leopoldina-participa-do-dia-internacional-da-juventude\\\/\"},\"author\":{\"name\":\"Marcelo Lopes\",\"@id\":\"https:\\\/\\\/marcelolopes.jor.br\\\/site\\\/#\\\/schema\\\/person\\\/3e7216a35c34d8fdf952b31da3d1f89f\"},\"headline\":\"UEMG\u2013Leopoldina participa do Dia Internacional da Juventude\",\"datePublished\":\"2020-08-14T10:00:16+00:00\",\"mainEntityOfPage\":{\"@id\":\"https:\\\/\\\/marcelolopes.jor.br\\\/site\\\/2020\\\/08\\\/14\\\/uemg-leopoldina-participa-do-dia-internacional-da-juventude\\\/\"},\"wordCount\":522,\"commentCount\":0,\"publisher\":{\"@id\":\"https:\\\/\\\/marcelolopes.jor.br\\\/site\\\/#organization\"},\"image\":{\"@id\":\"https:\\\/\\\/marcelolopes.jor.br\\\/site\\\/2020\\\/08\\\/14\\\/uemg-leopoldina-participa-do-dia-internacional-da-juventude\\\/#primaryimage\"},\"thumbnailUrl\":\"https:\\\/\\\/marcelolopes.jor.br\\\/site\\\/wp-content\\\/uploads\\\/2020\\\/08\\\/Alunas.jpg\",\"keywords\":[\"juventude\",\"Programa da ONU\",\"UEMG Leopoldina\",\"Workshop\"],\"articleSection\":[\"Not\u00edcias\"],\"inLanguage\":\"pt-BR\",\"potentialAction\":[{\"@type\":\"CommentAction\",\"name\":\"Comment\",\"target\":[\"https:\\\/\\\/marcelolopes.jor.br\\\/site\\\/2020\\\/08\\\/14\\\/uemg-leopoldina-participa-do-dia-internacional-da-juventude\\\/#respond\"]}]},{\"@type\":\"WebPage\",\"@id\":\"https:\\\/\\\/marcelolopes.jor.br\\\/site\\\/2020\\\/08\\\/14\\\/uemg-leopoldina-participa-do-dia-internacional-da-juventude\\\/\",\"url\":\"https:\\\/\\\/marcelolopes.jor.br\\\/site\\\/2020\\\/08\\\/14\\\/uemg-leopoldina-participa-do-dia-internacional-da-juventude\\\/\",\"name\":\"UEMG\u2013Leopoldina participa do Dia Internacional da Juventude | Marcelo Lopes\",\"isPartOf\":{\"@id\":\"https:\\\/\\\/marcelolopes.jor.br\\\/site\\\/#website\"},\"primaryImageOfPage\":{\"@id\":\"https:\\\/\\\/marcelolopes.jor.br\\\/site\\\/2020\\\/08\\\/14\\\/uemg-leopoldina-participa-do-dia-internacional-da-juventude\\\/#primaryimage\"},\"image\":{\"@id\":\"https:\\\/\\\/marcelolopes.jor.br\\\/site\\\/2020\\\/08\\\/14\\\/uemg-leopoldina-participa-do-dia-internacional-da-juventude\\\/#primaryimage\"},\"thumbnailUrl\":\"https:\\\/\\\/marcelolopes.jor.br\\\/site\\\/wp-content\\\/uploads\\\/2020\\\/08\\\/Alunas.jpg\",\"datePublished\":\"2020-08-14T10:00:16+00:00\",\"breadcrumb\":{\"@id\":\"https:\\\/\\\/marcelolopes.jor.br\\\/site\\\/2020\\\/08\\\/14\\\/uemg-leopoldina-participa-do-dia-internacional-da-juventude\\\/#breadcrumb\"},\"inLanguage\":\"pt-BR\",\"potentialAction\":[{\"@type\":\"ReadAction\",\"target\":[\"https:\\\/\\\/marcelolopes.jor.br\\\/site\\\/2020\\\/08\\\/14\\\/uemg-leopoldina-participa-do-dia-internacional-da-juventude\\\/\"]}]},{\"@type\":\"ImageObject\",\"inLanguage\":\"pt-BR\",\"@id\":\"https:\\\/\\\/marcelolopes.jor.br\\\/site\\\/2020\\\/08\\\/14\\\/uemg-leopoldina-participa-do-dia-internacional-da-juventude\\\/#primaryimage\",\"url\":\"https:\\\/\\\/marcelolopes.jor.br\\\/site\\\/wp-content\\\/uploads\\\/2020\\\/08\\\/Alunas.jpg\",\"contentUrl\":\"https:\\\/\\\/marcelolopes.jor.br\\\/site\\\/wp-content\\\/uploads\\\/2020\\\/08\\\/Alunas.jpg\",\"width\":806,\"height\":502},{\"@type\":\"BreadcrumbList\",\"@id\":\"https:\\\/\\\/marcelolopes.jor.br\\\/site\\\/2020\\\/08\\\/14\\\/uemg-leopoldina-participa-do-dia-internacional-da-juventude\\\/#breadcrumb\",\"itemListElement\":[{\"@type\":\"ListItem\",\"position\":1,\"name\":\"Home\",\"item\":\"https:\\\/\\\/marcelolopes.jor.br\\\/site\\\/\"},{\"@type\":\"ListItem\",\"position\":2,\"name\":\"UEMG\u2013Leopoldina participa do Dia Internacional da Juventude\"}]},{\"@type\":\"WebSite\",\"@id\":\"https:\\\/\\\/marcelolopes.jor.br\\\/site\\\/#website\",\"url\":\"https:\\\/\\\/marcelolopes.jor.br\\\/site\\\/\",\"name\":\"Marcelo Lopes\",\"description\":\"Not\u00edcias de Cataguases e Regi\u00e3o\",\"publisher\":{\"@id\":\"https:\\\/\\\/marcelolopes.jor.br\\\/site\\\/#organization\"},\"potentialAction\":[{\"@type\":\"SearchAction\",\"target\":{\"@type\":\"EntryPoint\",\"urlTemplate\":\"https:\\\/\\\/marcelolopes.jor.br\\\/site\\\/?s={search_term_string}\"},\"query-input\":{\"@type\":\"PropertyValueSpecification\",\"valueRequired\":true,\"valueName\":\"search_term_string\"}}],\"inLanguage\":\"pt-BR\"},{\"@type\":\"Organization\",\"@id\":\"https:\\\/\\\/marcelolopes.jor.br\\\/site\\\/#organization\",\"name\":\"Site do Marcelo Lopes\",\"url\":\"https:\\\/\\\/marcelolopes.jor.br\\\/site\\\/\",\"logo\":{\"@type\":\"ImageObject\",\"inLanguage\":\"pt-BR\",\"@id\":\"https:\\\/\\\/marcelolopes.jor.br\\\/site\\\/#\\\/schema\\\/logo\\\/image\\\/\",\"url\":\"https:\\\/\\\/marcelolopes.jor.br\\\/site\\\/wp-content\\\/uploads\\\/2024\\\/11\\\/logo-1.png\",\"contentUrl\":\"https:\\\/\\\/marcelolopes.jor.br\\\/site\\\/wp-content\\\/uploads\\\/2024\\\/11\\\/logo-1.png\",\"width\":475,\"height\":80,\"caption\":\"Site do Marcelo Lopes\"},\"image\":{\"@id\":\"https:\\\/\\\/marcelolopes.jor.br\\\/site\\\/#\\\/schema\\\/logo\\\/image\\\/\"},\"sameAs\":[\"https:\\\/\\\/www.facebook.com\\\/sitedomarcelolopes\",\"https:\\\/\\\/www.instagram.com\\\/sitedomarcelolopes\\\/\",\"https:\\\/\\\/www.linkedin.com\\\/company\\\/site-do-marcelo-lopes\\\/\",\"https:\\\/\\\/www.youtube.com\\\/user\\\/marcelolopes957\"]},{\"@type\":\"Person\",\"@id\":\"https:\\\/\\\/marcelolopes.jor.br\\\/site\\\/#\\\/schema\\\/person\\\/3e7216a35c34d8fdf952b31da3d1f89f\",\"name\":\"Marcelo Lopes\",\"sameAs\":[\"http:\\\/\\\/www.marcelolopes.jor.br\"],\"url\":\"https:\\\/\\\/marcelolopes.jor.br\\\/site\\\/author\\\/marcelo\\\/\"}]}<\/script>\n<!-- \/ Yoast SEO plugin. -->","yoast_head_json":{"title":"UEMG\u2013Leopoldina participa do Dia Internacional da Juventude | Marcelo Lopes","robots":{"index":"index","follow":"follow","max-snippet":"max-snippet:-1","max-image-preview":"max-image-preview:large","max-video-preview":"max-video-preview:-1"},"canonical":"https:\/\/marcelolopes.jor.br\/site\/2020\/08\/14\/uemg-leopoldina-participa-do-dia-internacional-da-juventude\/","og_locale":"pt_BR","og_type":"article","og_title":"UEMG\u2013Leopoldina participa do Dia Internacional da Juventude | Marcelo Lopes","og_description":"As acad\u00eamicas do Curso de Pedagogia da UEMG-Leopoldina, Ana Paula Gouv\u00eaa Chiconeli, Ariane Malta Beata e Francieli Braga Costa conduzir\u00e3o o workshop Engajamento jovem: potencializa\u00e7\u00e3o da leitura liter\u00e1ria na forma\u00e7\u00e3o do Pedagogo, pela plataforma on-line TEAMs, no pr\u00f3ximo dia 18,Leia mais UEMG\u2013Leopoldina participa do Dia Internacional da Juventude","og_url":"https:\/\/marcelolopes.jor.br\/site\/2020\/08\/14\/uemg-leopoldina-participa-do-dia-internacional-da-juventude\/","og_site_name":"Marcelo Lopes","article_publisher":"https:\/\/www.facebook.com\/sitedomarcelolopes","article_published_time":"2020-08-14T10:00:16+00:00","og_image":[{"width":806,"height":502,"url":"https:\/\/marcelolopes.jor.br\/site\/wp-content\/uploads\/2020\/08\/Alunas.jpg","type":"image\/jpeg"}],"author":"Marcelo Lopes","twitter_card":"summary_large_image","twitter_misc":{"Escrito por":"Marcelo Lopes","Est. tempo de leitura":"3 minutos"},"schema":{"@context":"https:\/\/schema.org","@graph":[{"@type":"NewsArticle","@id":"https:\/\/marcelolopes.jor.br\/site\/2020\/08\/14\/uemg-leopoldina-participa-do-dia-internacional-da-juventude\/#article","isPartOf":{"@id":"https:\/\/marcelolopes.jor.br\/site\/2020\/08\/14\/uemg-leopoldina-participa-do-dia-internacional-da-juventude\/"},"author":{"name":"Marcelo Lopes","@id":"https:\/\/marcelolopes.jor.br\/site\/#\/schema\/person\/3e7216a35c34d8fdf952b31da3d1f89f"},"headline":"UEMG\u2013Leopoldina participa do Dia Internacional da Juventude","datePublished":"2020-08-14T10:00:16+00:00","mainEntityOfPage":{"@id":"https:\/\/marcelolopes.jor.br\/site\/2020\/08\/14\/uemg-leopoldina-participa-do-dia-internacional-da-juventude\/"},"wordCount":522,"commentCount":0,"publisher":{"@id":"https:\/\/marcelolopes.jor.br\/site\/#organization"},"image":{"@id":"https:\/\/marcelolopes.jor.br\/site\/2020\/08\/14\/uemg-leopoldina-participa-do-dia-internacional-da-juventude\/#primaryimage"},"thumbnailUrl":"https:\/\/marcelolopes.jor.br\/site\/wp-content\/uploads\/2020\/08\/Alunas.jpg","keywords":["juventude","Programa da ONU","UEMG Leopoldina","Workshop"],"articleSection":["Not\u00edcias"],"inLanguage":"pt-BR","potentialAction":[{"@type":"CommentAction","name":"Comment","target":["https:\/\/marcelolopes.jor.br\/site\/2020\/08\/14\/uemg-leopoldina-participa-do-dia-internacional-da-juventude\/#respond"]}]},{"@type":"WebPage","@id":"https:\/\/marcelolopes.jor.br\/site\/2020\/08\/14\/uemg-leopoldina-participa-do-dia-internacional-da-juventude\/","url":"https:\/\/marcelolopes.jor.br\/site\/2020\/08\/14\/uemg-leopoldina-participa-do-dia-internacional-da-juventude\/","name":"UEMG\u2013Leopoldina participa do Dia Internacional da Juventude | Marcelo Lopes","isPartOf":{"@id":"https:\/\/marcelolopes.jor.br\/site\/#website"},"primaryImageOfPage":{"@id":"https:\/\/marcelolopes.jor.br\/site\/2020\/08\/14\/uemg-leopoldina-participa-do-dia-internacional-da-juventude\/#primaryimage"},"image":{"@id":"https:\/\/marcelolopes.jor.br\/site\/2020\/08\/14\/uemg-leopoldina-participa-do-dia-internacional-da-juventude\/#primaryimage"},"thumbnailUrl":"https:\/\/marcelolopes.jor.br\/site\/wp-content\/uploads\/2020\/08\/Alunas.jpg","datePublished":"2020-08-14T10:00:16+00:00","breadcrumb":{"@id":"https:\/\/marcelolopes.jor.br\/site\/2020\/08\/14\/uemg-leopoldina-participa-do-dia-internacional-da-juventude\/#breadcrumb"},"inLanguage":"pt-BR","potentialAction":[{"@type":"ReadAction","target":["https:\/\/marcelolopes.jor.br\/site\/2020\/08\/14\/uemg-leopoldina-participa-do-dia-internacional-da-juventude\/"]}]},{"@type":"ImageObject","inLanguage":"pt-BR","@id":"https:\/\/marcelolopes.jor.br\/site\/2020\/08\/14\/uemg-leopoldina-participa-do-dia-internacional-da-juventude\/#primaryimage","url":"https:\/\/marcelolopes.jor.br\/site\/wp-content\/uploads\/2020\/08\/Alunas.jpg","contentUrl":"https:\/\/marcelolopes.jor.br\/site\/wp-content\/uploads\/2020\/08\/Alunas.jpg","width":806,"height":502},{"@type":"BreadcrumbList","@id":"https:\/\/marcelolopes.jor.br\/site\/2020\/08\/14\/uemg-leopoldina-participa-do-dia-internacional-da-juventude\/#breadcrumb","itemListElement":[{"@type":"ListItem","position":1,"name":"Home","item":"https:\/\/marcelolopes.jor.br\/site\/"},{"@type":"ListItem","position":2,"name":"UEMG\u2013Leopoldina participa do Dia Internacional da Juventude"}]},{"@type":"WebSite","@id":"https:\/\/marcelolopes.jor.br\/site\/#website","url":"https:\/\/marcelolopes.jor.br\/site\/","name":"Marcelo Lopes","description":"Not\u00edcias de Cataguases e Regi\u00e3o","publisher":{"@id":"https:\/\/marcelolopes.jor.br\/site\/#organization"},"potentialAction":[{"@type":"SearchAction","target":{"@type":"EntryPoint","urlTemplate":"https:\/\/marcelolopes.jor.br\/site\/?s={search_term_string}"},"query-input":{"@type":"PropertyValueSpecification","valueRequired":true,"valueName":"search_term_string"}}],"inLanguage":"pt-BR"},{"@type":"Organization","@id":"https:\/\/marcelolopes.jor.br\/site\/#organization","name":"Site do Marcelo Lopes","url":"https:\/\/marcelolopes.jor.br\/site\/","logo":{"@type":"ImageObject","inLanguage":"pt-BR","@id":"https:\/\/marcelolopes.jor.br\/site\/#\/schema\/logo\/image\/","url":"https:\/\/marcelolopes.jor.br\/site\/wp-content\/uploads\/2024\/11\/logo-1.png","contentUrl":"https:\/\/marcelolopes.jor.br\/site\/wp-content\/uploads\/2024\/11\/logo-1.png","width":475,"height":80,"caption":"Site do Marcelo Lopes"},"image":{"@id":"https:\/\/marcelolopes.jor.br\/site\/#\/schema\/logo\/image\/"},"sameAs":["https:\/\/www.facebook.com\/sitedomarcelolopes","https:\/\/www.instagram.com\/sitedomarcelolopes\/","https:\/\/www.linkedin.com\/company\/site-do-marcelo-lopes\/","https:\/\/www.youtube.com\/user\/marcelolopes957"]},{"@type":"Person","@id":"https:\/\/marcelolopes.jor.br\/site\/#\/schema\/person\/3e7216a35c34d8fdf952b31da3d1f89f","name":"Marcelo Lopes","sameAs":["http:\/\/www.marcelolopes.jor.br"],"url":"https:\/\/marcelolopes.jor.br\/site\/author\/marcelo\/"}]}},"wps_subtitle":"Evento est\u00e1 inserido em programa da ONU e ser\u00e1 realizado em 20 pa\u00edses.","_links":{"self":[{"href":"https:\/\/marcelolopes.jor.br\/site\/wp-json\/wp\/v2\/posts\/16521","targetHints":{"allow":["GET"]}}],"collection":[{"href":"https:\/\/marcelolopes.jor.br\/site\/wp-json\/wp\/v2\/posts"}],"about":[{"href":"https:\/\/marcelolopes.jor.br\/site\/wp-json\/wp\/v2\/types\/post"}],"author":[{"embeddable":true,"href":"https:\/\/marcelolopes.jor.br\/site\/wp-json\/wp\/v2\/users\/2"}],"replies":[{"embeddable":true,"href":"https:\/\/marcelolopes.jor.br\/site\/wp-json\/wp\/v2\/comments?post=16521"}],"version-history":[{"count":0,"href":"https:\/\/marcelolopes.jor.br\/site\/wp-json\/wp\/v2\/posts\/16521\/revisions"}],"wp:featuredmedia":[{"embeddable":true,"href":"https:\/\/marcelolopes.jor.br\/site\/wp-json\/wp\/v2\/media\/16523"}],"wp:attachment":[{"href":"https:\/\/marcelolopes.jor.br\/site\/wp-json\/wp\/v2\/media?parent=16521"}],"wp:term":[{"taxonomy":"category","embeddable":true,"href":"https:\/\/marcelolopes.jor.br\/site\/wp-json\/wp\/v2\/categories?post=16521"},{"taxonomy":"post_tag","embeddable":true,"href":"https:\/\/marcelolopes.jor.br\/site\/wp-json\/wp\/v2\/tags?post=16521"}],"curies":[{"name":"wp","href":"https:\/\/api.w.org\/{rel}","templated":true}]}}