{"id":16475,"date":"2020-08-11T18:32:21","date_gmt":"2020-08-11T21:32:21","guid":{"rendered":"https:\/\/marcelolopes.jor.br\/?p=16475"},"modified":"2020-08-12T09:41:51","modified_gmt":"2020-08-12T12:41:51","slug":"alguns-idosos-e-trabalhadores-do-lar-sao-vicente-de-paulo-estao-com-covid-19","status":"publish","type":"post","link":"https:\/\/marcelolopes.jor.br\/site\/2020\/08\/11\/alguns-idosos-e-trabalhadores-do-lar-sao-vicente-de-paulo-estao-com-covid-19\/","title":{"rendered":"Alguns idosos e trabalhadores do Lar S\u00e3o Vicente de Paulo est\u00e3o com Covid-19"},"content":{"rendered":"<p style=\"text-align: justify;\">O Lar S\u00e3o Vicente de Paulo, desde o in\u00edcio da pandemia, cumpre uma rigorosa quarentena. Entre outras atitudes, proibiu a visita\u00e7\u00e3o e, apesar do Protocolo de Seguran\u00e7a que est\u00e1 em vigor desde o in\u00edcio de mar\u00e7o, quando come\u00e7aram a surgir no munic\u00edpio os primeiros registros da doen\u00e7a, nesta ter\u00e7a-feira, 11 de agosto, foram diagnosticados casos de contamina\u00e7\u00e3o por Covid-19. A informa\u00e7\u00e3o foi divulgada no final desta tarde pelo m\u00e9dico Joseph Freire, respons\u00e1vel pelo atendimento aos idosos e funcion\u00e1rios daquela institui\u00e7\u00e3o. \u00c9 dele tamb\u00e9m a implanta\u00e7\u00e3o das medidas de seguran\u00e7a preventivas naquele Lar.<!--more--><\/p>\n<p style=\"text-align: justify;\">Apesar do Lar S\u00e3o Vicente de Paulo ter sido infectado, Joseph diz que a situa\u00e7\u00e3o \u00e9 de tranquilidade e que todas as medidas est\u00e3o sendo tomadas no sentido de conter a transmiss\u00e3o e evitar que a doen\u00e7a avance entre os j\u00e1 infectados com a piora do estado de sa\u00fade. Neste sentido, explicou ao Site do Marcelo Lopes, que todos os funcion\u00e1rios e idosos moradores do Lar fizeram o teste RT-PCR e os resultados apontaram positivo para tr\u00eas trabalhadores, que j\u00e1 est\u00e3o isolados e monitorados pela equipe de sa\u00fade do munic\u00edpio. Quanto aos idosos 17 testaram positivo para Covid-19, mas est\u00e3o assintom\u00e1ticos e outros 9 sintom\u00e1ticos. Dez velhinhos testaram negativo, completou.<\/p>\n<p style=\"text-align: justify;\">&#8211; Estes idosos com resultados negativos est\u00e3o sendo transferidos neste momento para o Albergue da Prefeitura onde permanecer\u00e3o at\u00e9 que o asilo n\u00e3o tenha mais ningu\u00e9m contaminado, explicou Joseph. A respeito dos idosos infectados, ele informou que ficar\u00e3o no pr\u00f3prio Lar, que foi dividido em duas alas distintas, sendo uma destinada aos assintom\u00e1ticos e outra para os que apresentam sintomas. &#8220;Quero ressaltar aqui que entre os velhinhos com sintomas todos passam bem e est\u00e3o sendo monitorados permanentemente por profissionais de sa\u00fade, assim como os demais assintom\u00e1ticos&#8221;, garantiu. Por fim ele disse que ainda aguarda o resultado de outros 49 exames, dos demais idosos e funcion\u00e1rios.<\/p>\n<p style=\"text-align: justify;\">A hip\u00f3tese mais prov\u00e1vel para a contamina\u00e7\u00e3o de funcion\u00e1rios e moradores do Lar \u00e9 que ela tenha ocorrido por meio de algum trabalhador assintom\u00e1tico. Ele aproveita para tranquilizar a todos sobre o estado de sa\u00fade dos idosos. &#8220;Todos passam bem e seus familiares j\u00e1 foram avisados. A situa\u00e7\u00e3o \u00e9 de alerta, mas n\u00e3o \u00e9 motivo para p\u00e2nico porque todas as medidas preconizadas para esta situa\u00e7\u00e3o j\u00e1 foram ou est\u00e3o sendo tomadas&#8221;, garantiu. Os idosos e funcion\u00e1rios s\u00e3o monitorados vinte e quatro horas, finalizou Joseph Freire.<\/p>\n<div class=\"hgyds69f5f495a9635\" ><br><\/div><style type=\"text\/css\">\r\n@media screen and (min-width: 1201px) {\r\n.hgyds69f5f495a9635 {\r\ndisplay: block;\r\n}\r\n}\r\n@media screen and (min-width: 993px) and (max-width: 1200px) {\r\n.hgyds69f5f495a9635 {\r\ndisplay: block;\r\n}\r\n}\r\n@media screen and (min-width: 769px) and (max-width: 992px) {\r\n.hgyds69f5f495a9635 {\r\ndisplay: block;\r\n}\r\n}\r\n@media screen and (min-width: 768px) and (max-width: 768px) {\r\n.hgyds69f5f495a9635 {\r\ndisplay: block;\r\n}\r\n}\r\n@media screen and (max-width: 767px) {\r\n.hgyds69f5f495a9635 {\r\ndisplay: block;\r\n}\r\n}\r\n<\/style>\r\n<div class=\"fpwgo69f5f495b03c9\" ><div id=\"div_destino\"><\/div>\r\n<script src=\"https:\/\/cdn.snsrsv.com\/sdk.js\"><\/script>\r\n<script >\r\n      new sdk(\"464030C30061EA8BE065000000000001\") \r\n          .appendTo(\"div_destino\")\r\n          .disableStyle(true) \r\n          .setCacheBusterMacro(\"%%CACHEBUSTER%%\")\r\n          .setSize(\"800\",\"214\")\r\n          .setClickMacro(\"%%CLICK_URL_ESC%%\") \r\n          .setReferrerUrlMacro(\"%%REFERRER_URL_ESC%%\") \r\n          .start(); \r\n<\/script><\/div><style type=\"text\/css\">\r\n@media screen and (min-width: 1201px) {\r\n.fpwgo69f5f495b03c9 {\r\ndisplay: block;\r\n}\r\n}\r\n@media screen and (min-width: 993px) and (max-width: 1200px) {\r\n.fpwgo69f5f495b03c9 {\r\ndisplay: block;\r\n}\r\n}\r\n@media screen and (min-width: 769px) and (max-width: 992px) {\r\n.fpwgo69f5f495b03c9 {\r\ndisplay: block;\r\n}\r\n}\r\n@media screen and (min-width: 768px) and (max-width: 768px) {\r\n.fpwgo69f5f495b03c9 {\r\ndisplay: block;\r\n}\r\n}\r\n@media screen and (max-width: 767px) {\r\n.fpwgo69f5f495b03c9 {\r\ndisplay: block;\r\n}\r\n}\r\n<\/style>\r\n","protected":false},"excerpt":{"rendered":"<p>O Lar S\u00e3o Vicente de Paulo, desde o in\u00edcio da pandemia, cumpre uma rigorosa quarentena. Entre outras atitudes, proibiu a visita\u00e7\u00e3o e, apesar do Protocolo de Seguran\u00e7a que est\u00e1 em vigor desde o in\u00edcio de mar\u00e7o, quando come\u00e7aram a surgir<\/p>\n<p class=\"link-more\"><a class=\"more-link\" href=\"https:\/\/marcelolopes.jor.br\/site\/2020\/08\/11\/alguns-idosos-e-trabalhadores-do-lar-sao-vicente-de-paulo-estao-com-covid-19\/\">Leia mais <span class=\"screen-reader-text\">Alguns idosos e trabalhadores do Lar S\u00e3o Vicente de Paulo est\u00e3o com Covid-19<\/span><\/a><\/p>\n","protected":false},"author":2,"featured_media":16477,"comment_status":"open","ping_status":"open","sticky":false,"template":"","format":"standard","meta":{"footnotes":""},"categories":[1],"tags":[2241,2219,2216,508],"class_list":["post-16475","post","type-post","status-publish","format-standard","has-post-thumbnail","hentry","category-noticias","tag-covid-19","tag-idosos","tag-lar-sao-vicente-de-paulo","tag-trabalhadores","thumb-below-title"],"yoast_head":"<!-- This site is optimized with the Yoast SEO plugin v27.4 - https:\/\/yoast.com\/product\/yoast-seo-wordpress\/ -->\n<title>Alguns idosos e trabalhadores do Lar S\u00e3o Vicente de Paulo est\u00e3o com Covid-19 | Marcelo Lopes<\/title>\n<meta name=\"robots\" content=\"index, follow, max-snippet:-1, max-image-preview:large, max-video-preview:-1\" \/>\n<link rel=\"canonical\" href=\"https:\/\/marcelolopes.jor.br\/site\/2020\/08\/11\/alguns-idosos-e-trabalhadores-do-lar-sao-vicente-de-paulo-estao-com-covid-19\/\" \/>\n<meta property=\"og:locale\" content=\"pt_BR\" \/>\n<meta property=\"og:type\" content=\"article\" \/>\n<meta property=\"og:title\" content=\"Alguns idosos e trabalhadores do Lar S\u00e3o Vicente de Paulo est\u00e3o com Covid-19 | Marcelo Lopes\" \/>\n<meta property=\"og:description\" content=\"O Lar S\u00e3o Vicente de Paulo, desde o in\u00edcio da pandemia, cumpre uma rigorosa quarentena. Entre outras atitudes, proibiu a visita\u00e7\u00e3o e, apesar do Protocolo de Seguran\u00e7a que est\u00e1 em vigor desde o in\u00edcio de mar\u00e7o, quando come\u00e7aram a surgirLeia mais Alguns idosos e trabalhadores do Lar S\u00e3o Vicente de Paulo est\u00e3o com Covid-19\" \/>\n<meta property=\"og:url\" content=\"https:\/\/marcelolopes.jor.br\/site\/2020\/08\/11\/alguns-idosos-e-trabalhadores-do-lar-sao-vicente-de-paulo-estao-com-covid-19\/\" \/>\n<meta property=\"og:site_name\" content=\"Marcelo Lopes\" \/>\n<meta property=\"article:publisher\" content=\"https:\/\/www.facebook.com\/sitedomarcelolopes\" \/>\n<meta property=\"article:published_time\" content=\"2020-08-11T21:32:21+00:00\" \/>\n<meta property=\"article:modified_time\" content=\"2020-08-12T12:41:51+00:00\" \/>\n<meta property=\"og:image\" content=\"https:\/\/marcelolopes.jor.br\/site\/wp-content\/uploads\/2020\/08\/DSC_0109.jpg\" \/>\n\t<meta property=\"og:image:width\" content=\"800\" \/>\n\t<meta property=\"og:image:height\" content=\"533\" \/>\n\t<meta property=\"og:image:type\" content=\"image\/jpeg\" \/>\n<meta name=\"author\" content=\"Marcelo Lopes\" \/>\n<meta name=\"twitter:card\" content=\"summary_large_image\" \/>\n<meta name=\"twitter:label1\" content=\"Escrito por\" \/>\n\t<meta name=\"twitter:data1\" content=\"Marcelo Lopes\" \/>\n\t<meta name=\"twitter:label2\" content=\"Est. tempo de leitura\" \/>\n\t<meta name=\"twitter:data2\" content=\"2 minutos\" \/>\n<script type=\"application\/ld+json\" class=\"yoast-schema-graph\">{\"@context\":\"https:\\\/\\\/schema.org\",\"@graph\":[{\"@type\":\"NewsArticle\",\"@id\":\"https:\\\/\\\/marcelolopes.jor.br\\\/site\\\/2020\\\/08\\\/11\\\/alguns-idosos-e-trabalhadores-do-lar-sao-vicente-de-paulo-estao-com-covid-19\\\/#article\",\"isPartOf\":{\"@id\":\"https:\\\/\\\/marcelolopes.jor.br\\\/site\\\/2020\\\/08\\\/11\\\/alguns-idosos-e-trabalhadores-do-lar-sao-vicente-de-paulo-estao-com-covid-19\\\/\"},\"author\":{\"name\":\"Marcelo Lopes\",\"@id\":\"https:\\\/\\\/marcelolopes.jor.br\\\/site\\\/#\\\/schema\\\/person\\\/3e7216a35c34d8fdf952b31da3d1f89f\"},\"headline\":\"Alguns idosos e trabalhadores do Lar S\u00e3o Vicente de Paulo est\u00e3o com Covid-19\",\"datePublished\":\"2020-08-11T21:32:21+00:00\",\"dateModified\":\"2020-08-12T12:41:51+00:00\",\"mainEntityOfPage\":{\"@id\":\"https:\\\/\\\/marcelolopes.jor.br\\\/site\\\/2020\\\/08\\\/11\\\/alguns-idosos-e-trabalhadores-do-lar-sao-vicente-de-paulo-estao-com-covid-19\\\/\"},\"wordCount\":455,\"commentCount\":0,\"publisher\":{\"@id\":\"https:\\\/\\\/marcelolopes.jor.br\\\/site\\\/#organization\"},\"image\":{\"@id\":\"https:\\\/\\\/marcelolopes.jor.br\\\/site\\\/2020\\\/08\\\/11\\\/alguns-idosos-e-trabalhadores-do-lar-sao-vicente-de-paulo-estao-com-covid-19\\\/#primaryimage\"},\"thumbnailUrl\":\"https:\\\/\\\/marcelolopes.jor.br\\\/site\\\/wp-content\\\/uploads\\\/2020\\\/08\\\/DSC_0109.jpg\",\"keywords\":[\"covid-19\",\"idosos\",\"Lar S\u00e3o Vicente de Paulo\",\"trabalhadores\"],\"articleSection\":[\"Not\u00edcias\"],\"inLanguage\":\"pt-BR\",\"potentialAction\":[{\"@type\":\"CommentAction\",\"name\":\"Comment\",\"target\":[\"https:\\\/\\\/marcelolopes.jor.br\\\/site\\\/2020\\\/08\\\/11\\\/alguns-idosos-e-trabalhadores-do-lar-sao-vicente-de-paulo-estao-com-covid-19\\\/#respond\"]}]},{\"@type\":\"WebPage\",\"@id\":\"https:\\\/\\\/marcelolopes.jor.br\\\/site\\\/2020\\\/08\\\/11\\\/alguns-idosos-e-trabalhadores-do-lar-sao-vicente-de-paulo-estao-com-covid-19\\\/\",\"url\":\"https:\\\/\\\/marcelolopes.jor.br\\\/site\\\/2020\\\/08\\\/11\\\/alguns-idosos-e-trabalhadores-do-lar-sao-vicente-de-paulo-estao-com-covid-19\\\/\",\"name\":\"Alguns idosos e trabalhadores do Lar S\u00e3o Vicente de Paulo est\u00e3o com Covid-19 | Marcelo Lopes\",\"isPartOf\":{\"@id\":\"https:\\\/\\\/marcelolopes.jor.br\\\/site\\\/#website\"},\"primaryImageOfPage\":{\"@id\":\"https:\\\/\\\/marcelolopes.jor.br\\\/site\\\/2020\\\/08\\\/11\\\/alguns-idosos-e-trabalhadores-do-lar-sao-vicente-de-paulo-estao-com-covid-19\\\/#primaryimage\"},\"image\":{\"@id\":\"https:\\\/\\\/marcelolopes.jor.br\\\/site\\\/2020\\\/08\\\/11\\\/alguns-idosos-e-trabalhadores-do-lar-sao-vicente-de-paulo-estao-com-covid-19\\\/#primaryimage\"},\"thumbnailUrl\":\"https:\\\/\\\/marcelolopes.jor.br\\\/site\\\/wp-content\\\/uploads\\\/2020\\\/08\\\/DSC_0109.jpg\",\"datePublished\":\"2020-08-11T21:32:21+00:00\",\"dateModified\":\"2020-08-12T12:41:51+00:00\",\"breadcrumb\":{\"@id\":\"https:\\\/\\\/marcelolopes.jor.br\\\/site\\\/2020\\\/08\\\/11\\\/alguns-idosos-e-trabalhadores-do-lar-sao-vicente-de-paulo-estao-com-covid-19\\\/#breadcrumb\"},\"inLanguage\":\"pt-BR\",\"potentialAction\":[{\"@type\":\"ReadAction\",\"target\":[\"https:\\\/\\\/marcelolopes.jor.br\\\/site\\\/2020\\\/08\\\/11\\\/alguns-idosos-e-trabalhadores-do-lar-sao-vicente-de-paulo-estao-com-covid-19\\\/\"]}]},{\"@type\":\"ImageObject\",\"inLanguage\":\"pt-BR\",\"@id\":\"https:\\\/\\\/marcelolopes.jor.br\\\/site\\\/2020\\\/08\\\/11\\\/alguns-idosos-e-trabalhadores-do-lar-sao-vicente-de-paulo-estao-com-covid-19\\\/#primaryimage\",\"url\":\"https:\\\/\\\/marcelolopes.jor.br\\\/site\\\/wp-content\\\/uploads\\\/2020\\\/08\\\/DSC_0109.jpg\",\"contentUrl\":\"https:\\\/\\\/marcelolopes.jor.br\\\/site\\\/wp-content\\\/uploads\\\/2020\\\/08\\\/DSC_0109.jpg\",\"width\":800,\"height\":533},{\"@type\":\"BreadcrumbList\",\"@id\":\"https:\\\/\\\/marcelolopes.jor.br\\\/site\\\/2020\\\/08\\\/11\\\/alguns-idosos-e-trabalhadores-do-lar-sao-vicente-de-paulo-estao-com-covid-19\\\/#breadcrumb\",\"itemListElement\":[{\"@type\":\"ListItem\",\"position\":1,\"name\":\"Home\",\"item\":\"https:\\\/\\\/marcelolopes.jor.br\\\/site\\\/\"},{\"@type\":\"ListItem\",\"position\":2,\"name\":\"Alguns idosos e trabalhadores do Lar S\u00e3o Vicente de Paulo est\u00e3o com Covid-19\"}]},{\"@type\":\"WebSite\",\"@id\":\"https:\\\/\\\/marcelolopes.jor.br\\\/site\\\/#website\",\"url\":\"https:\\\/\\\/marcelolopes.jor.br\\\/site\\\/\",\"name\":\"Marcelo Lopes\",\"description\":\"Not\u00edcias de Cataguases e Regi\u00e3o\",\"publisher\":{\"@id\":\"https:\\\/\\\/marcelolopes.jor.br\\\/site\\\/#organization\"},\"potentialAction\":[{\"@type\":\"SearchAction\",\"target\":{\"@type\":\"EntryPoint\",\"urlTemplate\":\"https:\\\/\\\/marcelolopes.jor.br\\\/site\\\/?s={search_term_string}\"},\"query-input\":{\"@type\":\"PropertyValueSpecification\",\"valueRequired\":true,\"valueName\":\"search_term_string\"}}],\"inLanguage\":\"pt-BR\"},{\"@type\":\"Organization\",\"@id\":\"https:\\\/\\\/marcelolopes.jor.br\\\/site\\\/#organization\",\"name\":\"Site do Marcelo Lopes\",\"url\":\"https:\\\/\\\/marcelolopes.jor.br\\\/site\\\/\",\"logo\":{\"@type\":\"ImageObject\",\"inLanguage\":\"pt-BR\",\"@id\":\"https:\\\/\\\/marcelolopes.jor.br\\\/site\\\/#\\\/schema\\\/logo\\\/image\\\/\",\"url\":\"https:\\\/\\\/marcelolopes.jor.br\\\/site\\\/wp-content\\\/uploads\\\/2024\\\/11\\\/logo-1.png\",\"contentUrl\":\"https:\\\/\\\/marcelolopes.jor.br\\\/site\\\/wp-content\\\/uploads\\\/2024\\\/11\\\/logo-1.png\",\"width\":475,\"height\":80,\"caption\":\"Site do Marcelo Lopes\"},\"image\":{\"@id\":\"https:\\\/\\\/marcelolopes.jor.br\\\/site\\\/#\\\/schema\\\/logo\\\/image\\\/\"},\"sameAs\":[\"https:\\\/\\\/www.facebook.com\\\/sitedomarcelolopes\",\"https:\\\/\\\/www.instagram.com\\\/sitedomarcelolopes\\\/\",\"https:\\\/\\\/www.linkedin.com\\\/company\\\/site-do-marcelo-lopes\\\/\",\"https:\\\/\\\/www.youtube.com\\\/user\\\/marcelolopes957\"]},{\"@type\":\"Person\",\"@id\":\"https:\\\/\\\/marcelolopes.jor.br\\\/site\\\/#\\\/schema\\\/person\\\/3e7216a35c34d8fdf952b31da3d1f89f\",\"name\":\"Marcelo Lopes\",\"sameAs\":[\"http:\\\/\\\/www.marcelolopes.jor.br\"],\"url\":\"https:\\\/\\\/marcelolopes.jor.br\\\/site\\\/author\\\/marcelo\\\/\"}]}<\/script>\n<!-- \/ Yoast SEO plugin. -->","yoast_head_json":{"title":"Alguns idosos e trabalhadores do Lar S\u00e3o Vicente de Paulo est\u00e3o com Covid-19 | Marcelo Lopes","robots":{"index":"index","follow":"follow","max-snippet":"max-snippet:-1","max-image-preview":"max-image-preview:large","max-video-preview":"max-video-preview:-1"},"canonical":"https:\/\/marcelolopes.jor.br\/site\/2020\/08\/11\/alguns-idosos-e-trabalhadores-do-lar-sao-vicente-de-paulo-estao-com-covid-19\/","og_locale":"pt_BR","og_type":"article","og_title":"Alguns idosos e trabalhadores do Lar S\u00e3o Vicente de Paulo est\u00e3o com Covid-19 | Marcelo Lopes","og_description":"O Lar S\u00e3o Vicente de Paulo, desde o in\u00edcio da pandemia, cumpre uma rigorosa quarentena. Entre outras atitudes, proibiu a visita\u00e7\u00e3o e, apesar do Protocolo de Seguran\u00e7a que est\u00e1 em vigor desde o in\u00edcio de mar\u00e7o, quando come\u00e7aram a surgirLeia mais Alguns idosos e trabalhadores do Lar S\u00e3o Vicente de Paulo est\u00e3o com Covid-19","og_url":"https:\/\/marcelolopes.jor.br\/site\/2020\/08\/11\/alguns-idosos-e-trabalhadores-do-lar-sao-vicente-de-paulo-estao-com-covid-19\/","og_site_name":"Marcelo Lopes","article_publisher":"https:\/\/www.facebook.com\/sitedomarcelolopes","article_published_time":"2020-08-11T21:32:21+00:00","article_modified_time":"2020-08-12T12:41:51+00:00","og_image":[{"width":800,"height":533,"url":"https:\/\/marcelolopes.jor.br\/site\/wp-content\/uploads\/2020\/08\/DSC_0109.jpg","type":"image\/jpeg"}],"author":"Marcelo Lopes","twitter_card":"summary_large_image","twitter_misc":{"Escrito por":"Marcelo Lopes","Est. tempo de leitura":"2 minutos"},"schema":{"@context":"https:\/\/schema.org","@graph":[{"@type":"NewsArticle","@id":"https:\/\/marcelolopes.jor.br\/site\/2020\/08\/11\/alguns-idosos-e-trabalhadores-do-lar-sao-vicente-de-paulo-estao-com-covid-19\/#article","isPartOf":{"@id":"https:\/\/marcelolopes.jor.br\/site\/2020\/08\/11\/alguns-idosos-e-trabalhadores-do-lar-sao-vicente-de-paulo-estao-com-covid-19\/"},"author":{"name":"Marcelo Lopes","@id":"https:\/\/marcelolopes.jor.br\/site\/#\/schema\/person\/3e7216a35c34d8fdf952b31da3d1f89f"},"headline":"Alguns idosos e trabalhadores do Lar S\u00e3o Vicente de Paulo est\u00e3o com Covid-19","datePublished":"2020-08-11T21:32:21+00:00","dateModified":"2020-08-12T12:41:51+00:00","mainEntityOfPage":{"@id":"https:\/\/marcelolopes.jor.br\/site\/2020\/08\/11\/alguns-idosos-e-trabalhadores-do-lar-sao-vicente-de-paulo-estao-com-covid-19\/"},"wordCount":455,"commentCount":0,"publisher":{"@id":"https:\/\/marcelolopes.jor.br\/site\/#organization"},"image":{"@id":"https:\/\/marcelolopes.jor.br\/site\/2020\/08\/11\/alguns-idosos-e-trabalhadores-do-lar-sao-vicente-de-paulo-estao-com-covid-19\/#primaryimage"},"thumbnailUrl":"https:\/\/marcelolopes.jor.br\/site\/wp-content\/uploads\/2020\/08\/DSC_0109.jpg","keywords":["covid-19","idosos","Lar S\u00e3o Vicente de Paulo","trabalhadores"],"articleSection":["Not\u00edcias"],"inLanguage":"pt-BR","potentialAction":[{"@type":"CommentAction","name":"Comment","target":["https:\/\/marcelolopes.jor.br\/site\/2020\/08\/11\/alguns-idosos-e-trabalhadores-do-lar-sao-vicente-de-paulo-estao-com-covid-19\/#respond"]}]},{"@type":"WebPage","@id":"https:\/\/marcelolopes.jor.br\/site\/2020\/08\/11\/alguns-idosos-e-trabalhadores-do-lar-sao-vicente-de-paulo-estao-com-covid-19\/","url":"https:\/\/marcelolopes.jor.br\/site\/2020\/08\/11\/alguns-idosos-e-trabalhadores-do-lar-sao-vicente-de-paulo-estao-com-covid-19\/","name":"Alguns idosos e trabalhadores do Lar S\u00e3o Vicente de Paulo est\u00e3o com Covid-19 | Marcelo Lopes","isPartOf":{"@id":"https:\/\/marcelolopes.jor.br\/site\/#website"},"primaryImageOfPage":{"@id":"https:\/\/marcelolopes.jor.br\/site\/2020\/08\/11\/alguns-idosos-e-trabalhadores-do-lar-sao-vicente-de-paulo-estao-com-covid-19\/#primaryimage"},"image":{"@id":"https:\/\/marcelolopes.jor.br\/site\/2020\/08\/11\/alguns-idosos-e-trabalhadores-do-lar-sao-vicente-de-paulo-estao-com-covid-19\/#primaryimage"},"thumbnailUrl":"https:\/\/marcelolopes.jor.br\/site\/wp-content\/uploads\/2020\/08\/DSC_0109.jpg","datePublished":"2020-08-11T21:32:21+00:00","dateModified":"2020-08-12T12:41:51+00:00","breadcrumb":{"@id":"https:\/\/marcelolopes.jor.br\/site\/2020\/08\/11\/alguns-idosos-e-trabalhadores-do-lar-sao-vicente-de-paulo-estao-com-covid-19\/#breadcrumb"},"inLanguage":"pt-BR","potentialAction":[{"@type":"ReadAction","target":["https:\/\/marcelolopes.jor.br\/site\/2020\/08\/11\/alguns-idosos-e-trabalhadores-do-lar-sao-vicente-de-paulo-estao-com-covid-19\/"]}]},{"@type":"ImageObject","inLanguage":"pt-BR","@id":"https:\/\/marcelolopes.jor.br\/site\/2020\/08\/11\/alguns-idosos-e-trabalhadores-do-lar-sao-vicente-de-paulo-estao-com-covid-19\/#primaryimage","url":"https:\/\/marcelolopes.jor.br\/site\/wp-content\/uploads\/2020\/08\/DSC_0109.jpg","contentUrl":"https:\/\/marcelolopes.jor.br\/site\/wp-content\/uploads\/2020\/08\/DSC_0109.jpg","width":800,"height":533},{"@type":"BreadcrumbList","@id":"https:\/\/marcelolopes.jor.br\/site\/2020\/08\/11\/alguns-idosos-e-trabalhadores-do-lar-sao-vicente-de-paulo-estao-com-covid-19\/#breadcrumb","itemListElement":[{"@type":"ListItem","position":1,"name":"Home","item":"https:\/\/marcelolopes.jor.br\/site\/"},{"@type":"ListItem","position":2,"name":"Alguns idosos e trabalhadores do Lar S\u00e3o Vicente de Paulo est\u00e3o com Covid-19"}]},{"@type":"WebSite","@id":"https:\/\/marcelolopes.jor.br\/site\/#website","url":"https:\/\/marcelolopes.jor.br\/site\/","name":"Marcelo Lopes","description":"Not\u00edcias de Cataguases e Regi\u00e3o","publisher":{"@id":"https:\/\/marcelolopes.jor.br\/site\/#organization"},"potentialAction":[{"@type":"SearchAction","target":{"@type":"EntryPoint","urlTemplate":"https:\/\/marcelolopes.jor.br\/site\/?s={search_term_string}"},"query-input":{"@type":"PropertyValueSpecification","valueRequired":true,"valueName":"search_term_string"}}],"inLanguage":"pt-BR"},{"@type":"Organization","@id":"https:\/\/marcelolopes.jor.br\/site\/#organization","name":"Site do Marcelo Lopes","url":"https:\/\/marcelolopes.jor.br\/site\/","logo":{"@type":"ImageObject","inLanguage":"pt-BR","@id":"https:\/\/marcelolopes.jor.br\/site\/#\/schema\/logo\/image\/","url":"https:\/\/marcelolopes.jor.br\/site\/wp-content\/uploads\/2024\/11\/logo-1.png","contentUrl":"https:\/\/marcelolopes.jor.br\/site\/wp-content\/uploads\/2024\/11\/logo-1.png","width":475,"height":80,"caption":"Site do Marcelo Lopes"},"image":{"@id":"https:\/\/marcelolopes.jor.br\/site\/#\/schema\/logo\/image\/"},"sameAs":["https:\/\/www.facebook.com\/sitedomarcelolopes","https:\/\/www.instagram.com\/sitedomarcelolopes\/","https:\/\/www.linkedin.com\/company\/site-do-marcelo-lopes\/","https:\/\/www.youtube.com\/user\/marcelolopes957"]},{"@type":"Person","@id":"https:\/\/marcelolopes.jor.br\/site\/#\/schema\/person\/3e7216a35c34d8fdf952b31da3d1f89f","name":"Marcelo Lopes","sameAs":["http:\/\/www.marcelolopes.jor.br"],"url":"https:\/\/marcelolopes.jor.br\/site\/author\/marcelo\/"}]}},"wps_subtitle":"O m\u00e9dico Joseph Freire disse que todos passam bem e est\u00e3o sendo monitorados.","_links":{"self":[{"href":"https:\/\/marcelolopes.jor.br\/site\/wp-json\/wp\/v2\/posts\/16475","targetHints":{"allow":["GET"]}}],"collection":[{"href":"https:\/\/marcelolopes.jor.br\/site\/wp-json\/wp\/v2\/posts"}],"about":[{"href":"https:\/\/marcelolopes.jor.br\/site\/wp-json\/wp\/v2\/types\/post"}],"author":[{"embeddable":true,"href":"https:\/\/marcelolopes.jor.br\/site\/wp-json\/wp\/v2\/users\/2"}],"replies":[{"embeddable":true,"href":"https:\/\/marcelolopes.jor.br\/site\/wp-json\/wp\/v2\/comments?post=16475"}],"version-history":[{"count":0,"href":"https:\/\/marcelolopes.jor.br\/site\/wp-json\/wp\/v2\/posts\/16475\/revisions"}],"wp:featuredmedia":[{"embeddable":true,"href":"https:\/\/marcelolopes.jor.br\/site\/wp-json\/wp\/v2\/media\/16477"}],"wp:attachment":[{"href":"https:\/\/marcelolopes.jor.br\/site\/wp-json\/wp\/v2\/media?parent=16475"}],"wp:term":[{"taxonomy":"category","embeddable":true,"href":"https:\/\/marcelolopes.jor.br\/site\/wp-json\/wp\/v2\/categories?post=16475"},{"taxonomy":"post_tag","embeddable":true,"href":"https:\/\/marcelolopes.jor.br\/site\/wp-json\/wp\/v2\/tags?post=16475"}],"curies":[{"name":"wp","href":"https:\/\/api.w.org\/{rel}","templated":true}]}}