{"id":16471,"date":"2020-08-11T16:00:22","date_gmt":"2020-08-11T19:00:22","guid":{"rendered":"https:\/\/marcelolopes.jor.br\/?p=16471"},"modified":"2020-08-11T13:45:41","modified_gmt":"2020-08-11T16:45:41","slug":"pcmg-prende-suspeito-de-envolvimento-em-homicidio-em-dona-euzebia","status":"publish","type":"post","link":"https:\/\/marcelolopes.jor.br\/site\/2020\/08\/11\/pcmg-prende-suspeito-de-envolvimento-em-homicidio-em-dona-euzebia\/","title":{"rendered":"PCMG prende suspeito de envolvimento em homic\u00eddio em Dona Euz\u00e9bia"},"content":{"rendered":"<p style=\"text-align: justify;\">Na segunda-feira, 10 de agosto, a Pol\u00edcia Civil de Minas Gerais prendeu, no munic\u00edpio de Dona Euz\u00e9bia, um jovem de 20 anos, suspeito de envolvimento em um homic\u00eddio consumado, ocorrido na mesma cidade, no dia 13 de junho.<!--more--><\/p>\n<p style=\"text-align: justify;\">De acordo com informa\u00e7\u00f5es do Delegado Marcelo Manna, na noite dos fatos, \u201ca v\u00edtima teria se deslocado at\u00e9 uma \u2018boca de fumo\u2019 com a inten\u00e7\u00e3o de comprar entorpecentes, por\u00e9m, foi surpreendida com disparos de arma de fogo\u201d.<\/p>\n<p style=\"text-align: justify;\">Investiga\u00e7\u00f5es apontam que a a\u00e7\u00e3o inesperada teria como motivo uma retalia\u00e7\u00e3o. \u201cIsto porque a v\u00edtima, em outra ocasi\u00e3o, teria subtra\u00eddo drogas do suspeito\u201d, explicou complementando que as investiga\u00e7\u00f5es prosseguem visando obter mais informa\u00e7\u00f5es acerca da motiva\u00e7\u00e3o do crime e do envolvimento do investigado no homic\u00eddio.<\/p>\n<p>Fonte: Ascom Pol\u00edcia Civil de Minas Gerais<\/p>\n<div class=\"byyiz69f5db40e7cd7\" ><br><\/div><style type=\"text\/css\">\r\n@media screen and (min-width: 1201px) {\r\n.byyiz69f5db40e7cd7 {\r\ndisplay: block;\r\n}\r\n}\r\n@media screen and (min-width: 993px) and (max-width: 1200px) {\r\n.byyiz69f5db40e7cd7 {\r\ndisplay: block;\r\n}\r\n}\r\n@media screen and (min-width: 769px) and (max-width: 992px) {\r\n.byyiz69f5db40e7cd7 {\r\ndisplay: block;\r\n}\r\n}\r\n@media screen and (min-width: 768px) and (max-width: 768px) {\r\n.byyiz69f5db40e7cd7 {\r\ndisplay: block;\r\n}\r\n}\r\n@media screen and (max-width: 767px) {\r\n.byyiz69f5db40e7cd7 {\r\ndisplay: block;\r\n}\r\n}\r\n<\/style>\r\n<div class=\"atgqn69f5db40ed9e1\" ><div id=\"div_destino\"><\/div>\r\n<script src=\"https:\/\/cdn.snsrsv.com\/sdk.js\"><\/script>\r\n<script >\r\n      new sdk(\"464030C30061EA8BE065000000000001\") \r\n          .appendTo(\"div_destino\")\r\n          .disableStyle(true) \r\n          .setCacheBusterMacro(\"%%CACHEBUSTER%%\")\r\n          .setSize(\"800\",\"214\")\r\n          .setClickMacro(\"%%CLICK_URL_ESC%%\") \r\n          .setReferrerUrlMacro(\"%%REFERRER_URL_ESC%%\") \r\n          .start(); \r\n<\/script><\/div><style type=\"text\/css\">\r\n@media screen and (min-width: 1201px) {\r\n.atgqn69f5db40ed9e1 {\r\ndisplay: block;\r\n}\r\n}\r\n@media screen and (min-width: 993px) and (max-width: 1200px) {\r\n.atgqn69f5db40ed9e1 {\r\ndisplay: block;\r\n}\r\n}\r\n@media screen and (min-width: 769px) and (max-width: 992px) {\r\n.atgqn69f5db40ed9e1 {\r\ndisplay: block;\r\n}\r\n}\r\n@media screen and (min-width: 768px) and (max-width: 768px) {\r\n.atgqn69f5db40ed9e1 {\r\ndisplay: block;\r\n}\r\n}\r\n@media screen and (max-width: 767px) {\r\n.atgqn69f5db40ed9e1 {\r\ndisplay: block;\r\n}\r\n}\r\n<\/style>\r\n","protected":false},"excerpt":{"rendered":"<p>Na segunda-feira, 10 de agosto, a Pol\u00edcia Civil de Minas Gerais prendeu, no munic\u00edpio de Dona Euz\u00e9bia, um jovem de 20 anos, suspeito de envolvimento em um homic\u00eddio consumado, ocorrido na mesma cidade, no dia 13 de junho.<\/p>\n","protected":false},"author":2,"featured_media":16473,"comment_status":"open","ping_status":"open","sticky":false,"template":"","format":"standard","meta":{"footnotes":""},"categories":[1],"tags":[388,1697,75,76],"class_list":["post-16471","post","type-post","status-publish","format-standard","has-post-thumbnail","hentry","category-noticias","tag-dona-euzebia","tag-pcmg","tag-policia-civil","tag-suspeito","thumb-below-title"],"yoast_head":"<!-- This site is optimized with the Yoast SEO plugin v27.4 - https:\/\/yoast.com\/product\/yoast-seo-wordpress\/ -->\n<title>PCMG prende suspeito de envolvimento em homic\u00eddio em Dona Euz\u00e9bia | Marcelo Lopes<\/title>\n<meta name=\"robots\" content=\"index, follow, max-snippet:-1, max-image-preview:large, max-video-preview:-1\" \/>\n<link rel=\"canonical\" href=\"https:\/\/marcelolopes.jor.br\/site\/2020\/08\/11\/pcmg-prende-suspeito-de-envolvimento-em-homicidio-em-dona-euzebia\/\" \/>\n<meta property=\"og:locale\" content=\"pt_BR\" \/>\n<meta property=\"og:type\" content=\"article\" \/>\n<meta property=\"og:title\" content=\"PCMG prende suspeito de envolvimento em homic\u00eddio em Dona Euz\u00e9bia | Marcelo Lopes\" \/>\n<meta property=\"og:description\" content=\"Na segunda-feira, 10 de agosto, a Pol\u00edcia Civil de Minas Gerais prendeu, no munic\u00edpio de Dona Euz\u00e9bia, um jovem de 20 anos, suspeito de envolvimento em um homic\u00eddio consumado, ocorrido na mesma cidade, no dia 13 de junho.\" \/>\n<meta property=\"og:url\" content=\"https:\/\/marcelolopes.jor.br\/site\/2020\/08\/11\/pcmg-prende-suspeito-de-envolvimento-em-homicidio-em-dona-euzebia\/\" \/>\n<meta property=\"og:site_name\" content=\"Marcelo Lopes\" \/>\n<meta property=\"article:publisher\" content=\"https:\/\/www.facebook.com\/sitedomarcelolopes\" \/>\n<meta property=\"article:published_time\" content=\"2020-08-11T19:00:22+00:00\" \/>\n<meta property=\"og:image\" content=\"https:\/\/marcelolopes.jor.br\/site\/wp-content\/uploads\/2020\/08\/viatura-850x491.jpg\" \/>\n\t<meta property=\"og:image:width\" content=\"850\" \/>\n\t<meta property=\"og:image:height\" content=\"491\" \/>\n\t<meta property=\"og:image:type\" content=\"image\/jpeg\" \/>\n<meta name=\"author\" content=\"Marcelo Lopes\" \/>\n<meta name=\"twitter:card\" content=\"summary_large_image\" \/>\n<meta name=\"twitter:label1\" content=\"Escrito por\" \/>\n\t<meta name=\"twitter:data1\" content=\"Marcelo Lopes\" \/>\n\t<meta name=\"twitter:label2\" content=\"Est. tempo de leitura\" \/>\n\t<meta name=\"twitter:data2\" content=\"1 minuto\" \/>\n<script type=\"application\/ld+json\" class=\"yoast-schema-graph\">{\"@context\":\"https:\\\/\\\/schema.org\",\"@graph\":[{\"@type\":\"NewsArticle\",\"@id\":\"https:\\\/\\\/marcelolopes.jor.br\\\/site\\\/2020\\\/08\\\/11\\\/pcmg-prende-suspeito-de-envolvimento-em-homicidio-em-dona-euzebia\\\/#article\",\"isPartOf\":{\"@id\":\"https:\\\/\\\/marcelolopes.jor.br\\\/site\\\/2020\\\/08\\\/11\\\/pcmg-prende-suspeito-de-envolvimento-em-homicidio-em-dona-euzebia\\\/\"},\"author\":{\"name\":\"Marcelo Lopes\",\"@id\":\"https:\\\/\\\/marcelolopes.jor.br\\\/site\\\/#\\\/schema\\\/person\\\/3e7216a35c34d8fdf952b31da3d1f89f\"},\"headline\":\"PCMG prende suspeito de envolvimento em homic\u00eddio em Dona Euz\u00e9bia\",\"datePublished\":\"2020-08-11T19:00:22+00:00\",\"mainEntityOfPage\":{\"@id\":\"https:\\\/\\\/marcelolopes.jor.br\\\/site\\\/2020\\\/08\\\/11\\\/pcmg-prende-suspeito-de-envolvimento-em-homicidio-em-dona-euzebia\\\/\"},\"wordCount\":155,\"commentCount\":0,\"publisher\":{\"@id\":\"https:\\\/\\\/marcelolopes.jor.br\\\/site\\\/#organization\"},\"image\":{\"@id\":\"https:\\\/\\\/marcelolopes.jor.br\\\/site\\\/2020\\\/08\\\/11\\\/pcmg-prende-suspeito-de-envolvimento-em-homicidio-em-dona-euzebia\\\/#primaryimage\"},\"thumbnailUrl\":\"https:\\\/\\\/marcelolopes.jor.br\\\/site\\\/wp-content\\\/uploads\\\/2020\\\/08\\\/viatura-850x491.jpg\",\"keywords\":[\"Dona Euz\u00e9bia\",\"PCMG\",\"pol\u00edcia civil\",\"suspeito\"],\"articleSection\":[\"Not\u00edcias\"],\"inLanguage\":\"pt-BR\",\"potentialAction\":[{\"@type\":\"CommentAction\",\"name\":\"Comment\",\"target\":[\"https:\\\/\\\/marcelolopes.jor.br\\\/site\\\/2020\\\/08\\\/11\\\/pcmg-prende-suspeito-de-envolvimento-em-homicidio-em-dona-euzebia\\\/#respond\"]}]},{\"@type\":\"WebPage\",\"@id\":\"https:\\\/\\\/marcelolopes.jor.br\\\/site\\\/2020\\\/08\\\/11\\\/pcmg-prende-suspeito-de-envolvimento-em-homicidio-em-dona-euzebia\\\/\",\"url\":\"https:\\\/\\\/marcelolopes.jor.br\\\/site\\\/2020\\\/08\\\/11\\\/pcmg-prende-suspeito-de-envolvimento-em-homicidio-em-dona-euzebia\\\/\",\"name\":\"PCMG prende suspeito de envolvimento em homic\u00eddio em Dona Euz\u00e9bia | Marcelo Lopes\",\"isPartOf\":{\"@id\":\"https:\\\/\\\/marcelolopes.jor.br\\\/site\\\/#website\"},\"primaryImageOfPage\":{\"@id\":\"https:\\\/\\\/marcelolopes.jor.br\\\/site\\\/2020\\\/08\\\/11\\\/pcmg-prende-suspeito-de-envolvimento-em-homicidio-em-dona-euzebia\\\/#primaryimage\"},\"image\":{\"@id\":\"https:\\\/\\\/marcelolopes.jor.br\\\/site\\\/2020\\\/08\\\/11\\\/pcmg-prende-suspeito-de-envolvimento-em-homicidio-em-dona-euzebia\\\/#primaryimage\"},\"thumbnailUrl\":\"https:\\\/\\\/marcelolopes.jor.br\\\/site\\\/wp-content\\\/uploads\\\/2020\\\/08\\\/viatura-850x491.jpg\",\"datePublished\":\"2020-08-11T19:00:22+00:00\",\"breadcrumb\":{\"@id\":\"https:\\\/\\\/marcelolopes.jor.br\\\/site\\\/2020\\\/08\\\/11\\\/pcmg-prende-suspeito-de-envolvimento-em-homicidio-em-dona-euzebia\\\/#breadcrumb\"},\"inLanguage\":\"pt-BR\",\"potentialAction\":[{\"@type\":\"ReadAction\",\"target\":[\"https:\\\/\\\/marcelolopes.jor.br\\\/site\\\/2020\\\/08\\\/11\\\/pcmg-prende-suspeito-de-envolvimento-em-homicidio-em-dona-euzebia\\\/\"]}]},{\"@type\":\"ImageObject\",\"inLanguage\":\"pt-BR\",\"@id\":\"https:\\\/\\\/marcelolopes.jor.br\\\/site\\\/2020\\\/08\\\/11\\\/pcmg-prende-suspeito-de-envolvimento-em-homicidio-em-dona-euzebia\\\/#primaryimage\",\"url\":\"https:\\\/\\\/marcelolopes.jor.br\\\/site\\\/wp-content\\\/uploads\\\/2020\\\/08\\\/viatura-850x491.jpg\",\"contentUrl\":\"https:\\\/\\\/marcelolopes.jor.br\\\/site\\\/wp-content\\\/uploads\\\/2020\\\/08\\\/viatura-850x491.jpg\",\"width\":850,\"height\":491},{\"@type\":\"BreadcrumbList\",\"@id\":\"https:\\\/\\\/marcelolopes.jor.br\\\/site\\\/2020\\\/08\\\/11\\\/pcmg-prende-suspeito-de-envolvimento-em-homicidio-em-dona-euzebia\\\/#breadcrumb\",\"itemListElement\":[{\"@type\":\"ListItem\",\"position\":1,\"name\":\"Home\",\"item\":\"https:\\\/\\\/marcelolopes.jor.br\\\/site\\\/\"},{\"@type\":\"ListItem\",\"position\":2,\"name\":\"PCMG prende suspeito de envolvimento em homic\u00eddio em Dona Euz\u00e9bia\"}]},{\"@type\":\"WebSite\",\"@id\":\"https:\\\/\\\/marcelolopes.jor.br\\\/site\\\/#website\",\"url\":\"https:\\\/\\\/marcelolopes.jor.br\\\/site\\\/\",\"name\":\"Marcelo Lopes\",\"description\":\"Not\u00edcias de Cataguases e Regi\u00e3o\",\"publisher\":{\"@id\":\"https:\\\/\\\/marcelolopes.jor.br\\\/site\\\/#organization\"},\"potentialAction\":[{\"@type\":\"SearchAction\",\"target\":{\"@type\":\"EntryPoint\",\"urlTemplate\":\"https:\\\/\\\/marcelolopes.jor.br\\\/site\\\/?s={search_term_string}\"},\"query-input\":{\"@type\":\"PropertyValueSpecification\",\"valueRequired\":true,\"valueName\":\"search_term_string\"}}],\"inLanguage\":\"pt-BR\"},{\"@type\":\"Organization\",\"@id\":\"https:\\\/\\\/marcelolopes.jor.br\\\/site\\\/#organization\",\"name\":\"Site do Marcelo Lopes\",\"url\":\"https:\\\/\\\/marcelolopes.jor.br\\\/site\\\/\",\"logo\":{\"@type\":\"ImageObject\",\"inLanguage\":\"pt-BR\",\"@id\":\"https:\\\/\\\/marcelolopes.jor.br\\\/site\\\/#\\\/schema\\\/logo\\\/image\\\/\",\"url\":\"https:\\\/\\\/marcelolopes.jor.br\\\/site\\\/wp-content\\\/uploads\\\/2024\\\/11\\\/logo-1.png\",\"contentUrl\":\"https:\\\/\\\/marcelolopes.jor.br\\\/site\\\/wp-content\\\/uploads\\\/2024\\\/11\\\/logo-1.png\",\"width\":475,\"height\":80,\"caption\":\"Site do Marcelo Lopes\"},\"image\":{\"@id\":\"https:\\\/\\\/marcelolopes.jor.br\\\/site\\\/#\\\/schema\\\/logo\\\/image\\\/\"},\"sameAs\":[\"https:\\\/\\\/www.facebook.com\\\/sitedomarcelolopes\",\"https:\\\/\\\/www.instagram.com\\\/sitedomarcelolopes\\\/\",\"https:\\\/\\\/www.linkedin.com\\\/company\\\/site-do-marcelo-lopes\\\/\",\"https:\\\/\\\/www.youtube.com\\\/user\\\/marcelolopes957\"]},{\"@type\":\"Person\",\"@id\":\"https:\\\/\\\/marcelolopes.jor.br\\\/site\\\/#\\\/schema\\\/person\\\/3e7216a35c34d8fdf952b31da3d1f89f\",\"name\":\"Marcelo Lopes\",\"sameAs\":[\"http:\\\/\\\/www.marcelolopes.jor.br\"],\"url\":\"https:\\\/\\\/marcelolopes.jor.br\\\/site\\\/author\\\/marcelo\\\/\"}]}<\/script>\n<!-- \/ Yoast SEO plugin. -->","yoast_head_json":{"title":"PCMG prende suspeito de envolvimento em homic\u00eddio em Dona Euz\u00e9bia | Marcelo Lopes","robots":{"index":"index","follow":"follow","max-snippet":"max-snippet:-1","max-image-preview":"max-image-preview:large","max-video-preview":"max-video-preview:-1"},"canonical":"https:\/\/marcelolopes.jor.br\/site\/2020\/08\/11\/pcmg-prende-suspeito-de-envolvimento-em-homicidio-em-dona-euzebia\/","og_locale":"pt_BR","og_type":"article","og_title":"PCMG prende suspeito de envolvimento em homic\u00eddio em Dona Euz\u00e9bia | Marcelo Lopes","og_description":"Na segunda-feira, 10 de agosto, a Pol\u00edcia Civil de Minas Gerais prendeu, no munic\u00edpio de Dona Euz\u00e9bia, um jovem de 20 anos, suspeito de envolvimento em um homic\u00eddio consumado, ocorrido na mesma cidade, no dia 13 de junho.","og_url":"https:\/\/marcelolopes.jor.br\/site\/2020\/08\/11\/pcmg-prende-suspeito-de-envolvimento-em-homicidio-em-dona-euzebia\/","og_site_name":"Marcelo Lopes","article_publisher":"https:\/\/www.facebook.com\/sitedomarcelolopes","article_published_time":"2020-08-11T19:00:22+00:00","og_image":[{"width":850,"height":491,"url":"https:\/\/marcelolopes.jor.br\/site\/wp-content\/uploads\/2020\/08\/viatura-850x491.jpg","type":"image\/jpeg"}],"author":"Marcelo Lopes","twitter_card":"summary_large_image","twitter_misc":{"Escrito por":"Marcelo Lopes","Est. tempo de leitura":"1 minuto"},"schema":{"@context":"https:\/\/schema.org","@graph":[{"@type":"NewsArticle","@id":"https:\/\/marcelolopes.jor.br\/site\/2020\/08\/11\/pcmg-prende-suspeito-de-envolvimento-em-homicidio-em-dona-euzebia\/#article","isPartOf":{"@id":"https:\/\/marcelolopes.jor.br\/site\/2020\/08\/11\/pcmg-prende-suspeito-de-envolvimento-em-homicidio-em-dona-euzebia\/"},"author":{"name":"Marcelo Lopes","@id":"https:\/\/marcelolopes.jor.br\/site\/#\/schema\/person\/3e7216a35c34d8fdf952b31da3d1f89f"},"headline":"PCMG prende suspeito de envolvimento em homic\u00eddio em Dona Euz\u00e9bia","datePublished":"2020-08-11T19:00:22+00:00","mainEntityOfPage":{"@id":"https:\/\/marcelolopes.jor.br\/site\/2020\/08\/11\/pcmg-prende-suspeito-de-envolvimento-em-homicidio-em-dona-euzebia\/"},"wordCount":155,"commentCount":0,"publisher":{"@id":"https:\/\/marcelolopes.jor.br\/site\/#organization"},"image":{"@id":"https:\/\/marcelolopes.jor.br\/site\/2020\/08\/11\/pcmg-prende-suspeito-de-envolvimento-em-homicidio-em-dona-euzebia\/#primaryimage"},"thumbnailUrl":"https:\/\/marcelolopes.jor.br\/site\/wp-content\/uploads\/2020\/08\/viatura-850x491.jpg","keywords":["Dona Euz\u00e9bia","PCMG","pol\u00edcia civil","suspeito"],"articleSection":["Not\u00edcias"],"inLanguage":"pt-BR","potentialAction":[{"@type":"CommentAction","name":"Comment","target":["https:\/\/marcelolopes.jor.br\/site\/2020\/08\/11\/pcmg-prende-suspeito-de-envolvimento-em-homicidio-em-dona-euzebia\/#respond"]}]},{"@type":"WebPage","@id":"https:\/\/marcelolopes.jor.br\/site\/2020\/08\/11\/pcmg-prende-suspeito-de-envolvimento-em-homicidio-em-dona-euzebia\/","url":"https:\/\/marcelolopes.jor.br\/site\/2020\/08\/11\/pcmg-prende-suspeito-de-envolvimento-em-homicidio-em-dona-euzebia\/","name":"PCMG prende suspeito de envolvimento em homic\u00eddio em Dona Euz\u00e9bia | Marcelo Lopes","isPartOf":{"@id":"https:\/\/marcelolopes.jor.br\/site\/#website"},"primaryImageOfPage":{"@id":"https:\/\/marcelolopes.jor.br\/site\/2020\/08\/11\/pcmg-prende-suspeito-de-envolvimento-em-homicidio-em-dona-euzebia\/#primaryimage"},"image":{"@id":"https:\/\/marcelolopes.jor.br\/site\/2020\/08\/11\/pcmg-prende-suspeito-de-envolvimento-em-homicidio-em-dona-euzebia\/#primaryimage"},"thumbnailUrl":"https:\/\/marcelolopes.jor.br\/site\/wp-content\/uploads\/2020\/08\/viatura-850x491.jpg","datePublished":"2020-08-11T19:00:22+00:00","breadcrumb":{"@id":"https:\/\/marcelolopes.jor.br\/site\/2020\/08\/11\/pcmg-prende-suspeito-de-envolvimento-em-homicidio-em-dona-euzebia\/#breadcrumb"},"inLanguage":"pt-BR","potentialAction":[{"@type":"ReadAction","target":["https:\/\/marcelolopes.jor.br\/site\/2020\/08\/11\/pcmg-prende-suspeito-de-envolvimento-em-homicidio-em-dona-euzebia\/"]}]},{"@type":"ImageObject","inLanguage":"pt-BR","@id":"https:\/\/marcelolopes.jor.br\/site\/2020\/08\/11\/pcmg-prende-suspeito-de-envolvimento-em-homicidio-em-dona-euzebia\/#primaryimage","url":"https:\/\/marcelolopes.jor.br\/site\/wp-content\/uploads\/2020\/08\/viatura-850x491.jpg","contentUrl":"https:\/\/marcelolopes.jor.br\/site\/wp-content\/uploads\/2020\/08\/viatura-850x491.jpg","width":850,"height":491},{"@type":"BreadcrumbList","@id":"https:\/\/marcelolopes.jor.br\/site\/2020\/08\/11\/pcmg-prende-suspeito-de-envolvimento-em-homicidio-em-dona-euzebia\/#breadcrumb","itemListElement":[{"@type":"ListItem","position":1,"name":"Home","item":"https:\/\/marcelolopes.jor.br\/site\/"},{"@type":"ListItem","position":2,"name":"PCMG prende suspeito de envolvimento em homic\u00eddio em Dona Euz\u00e9bia"}]},{"@type":"WebSite","@id":"https:\/\/marcelolopes.jor.br\/site\/#website","url":"https:\/\/marcelolopes.jor.br\/site\/","name":"Marcelo Lopes","description":"Not\u00edcias de Cataguases e Regi\u00e3o","publisher":{"@id":"https:\/\/marcelolopes.jor.br\/site\/#organization"},"potentialAction":[{"@type":"SearchAction","target":{"@type":"EntryPoint","urlTemplate":"https:\/\/marcelolopes.jor.br\/site\/?s={search_term_string}"},"query-input":{"@type":"PropertyValueSpecification","valueRequired":true,"valueName":"search_term_string"}}],"inLanguage":"pt-BR"},{"@type":"Organization","@id":"https:\/\/marcelolopes.jor.br\/site\/#organization","name":"Site do Marcelo Lopes","url":"https:\/\/marcelolopes.jor.br\/site\/","logo":{"@type":"ImageObject","inLanguage":"pt-BR","@id":"https:\/\/marcelolopes.jor.br\/site\/#\/schema\/logo\/image\/","url":"https:\/\/marcelolopes.jor.br\/site\/wp-content\/uploads\/2024\/11\/logo-1.png","contentUrl":"https:\/\/marcelolopes.jor.br\/site\/wp-content\/uploads\/2024\/11\/logo-1.png","width":475,"height":80,"caption":"Site do Marcelo Lopes"},"image":{"@id":"https:\/\/marcelolopes.jor.br\/site\/#\/schema\/logo\/image\/"},"sameAs":["https:\/\/www.facebook.com\/sitedomarcelolopes","https:\/\/www.instagram.com\/sitedomarcelolopes\/","https:\/\/www.linkedin.com\/company\/site-do-marcelo-lopes\/","https:\/\/www.youtube.com\/user\/marcelolopes957"]},{"@type":"Person","@id":"https:\/\/marcelolopes.jor.br\/site\/#\/schema\/person\/3e7216a35c34d8fdf952b31da3d1f89f","name":"Marcelo Lopes","sameAs":["http:\/\/www.marcelolopes.jor.br"],"url":"https:\/\/marcelolopes.jor.br\/site\/author\/marcelo\/"}]}},"wps_subtitle":"Crime ocorreu em junho. Um jovem de 20 anos foi preso, ap\u00f3s investiga\u00e7\u00f5es.","_links":{"self":[{"href":"https:\/\/marcelolopes.jor.br\/site\/wp-json\/wp\/v2\/posts\/16471","targetHints":{"allow":["GET"]}}],"collection":[{"href":"https:\/\/marcelolopes.jor.br\/site\/wp-json\/wp\/v2\/posts"}],"about":[{"href":"https:\/\/marcelolopes.jor.br\/site\/wp-json\/wp\/v2\/types\/post"}],"author":[{"embeddable":true,"href":"https:\/\/marcelolopes.jor.br\/site\/wp-json\/wp\/v2\/users\/2"}],"replies":[{"embeddable":true,"href":"https:\/\/marcelolopes.jor.br\/site\/wp-json\/wp\/v2\/comments?post=16471"}],"version-history":[{"count":0,"href":"https:\/\/marcelolopes.jor.br\/site\/wp-json\/wp\/v2\/posts\/16471\/revisions"}],"wp:featuredmedia":[{"embeddable":true,"href":"https:\/\/marcelolopes.jor.br\/site\/wp-json\/wp\/v2\/media\/16473"}],"wp:attachment":[{"href":"https:\/\/marcelolopes.jor.br\/site\/wp-json\/wp\/v2\/media?parent=16471"}],"wp:term":[{"taxonomy":"category","embeddable":true,"href":"https:\/\/marcelolopes.jor.br\/site\/wp-json\/wp\/v2\/categories?post=16471"},{"taxonomy":"post_tag","embeddable":true,"href":"https:\/\/marcelolopes.jor.br\/site\/wp-json\/wp\/v2\/tags?post=16471"}],"curies":[{"name":"wp","href":"https:\/\/api.w.org\/{rel}","templated":true}]}}