{"id":16325,"date":"2020-08-05T20:00:19","date_gmt":"2020-08-05T23:00:19","guid":{"rendered":"https:\/\/marcelolopes.jor.br\/?p=16325"},"modified":"2020-08-05T16:22:12","modified_gmt":"2020-08-05T19:22:12","slug":"if-sudeste-mg-oferece-auxilio-para-aquisicao-de-servico-de-internet","status":"publish","type":"post","link":"https:\/\/marcelolopes.jor.br\/site\/2020\/08\/05\/if-sudeste-mg-oferece-auxilio-para-aquisicao-de-servico-de-internet\/","title":{"rendered":"IF Sudeste MG oferece aux\u00edlio para aquisi\u00e7\u00e3o de servi\u00e7o de internet"},"content":{"rendered":"<p style=\"text-align: justify;\">Estudantes do IF Sudeste MG em baixa condi\u00e7\u00e3o socioecon\u00f4mica v\u00e3o receber aux\u00edlio para aquisi\u00e7\u00e3o de servi\u00e7o de internet. Podem solicitar o Benef\u00edcio de Inclus\u00e3o Digital os alunos devidamente matriculados na institui\u00e7\u00e3o e que tenham renda per capita mensal familiar de at\u00e9 1,5 sal\u00e1rio m\u00ednimo. Os pedidos devem ser feitos at\u00e9 10 de agosto. Os recursos ser\u00e3o repassados para que os estudantes tenham condi\u00e7\u00e3o de participar do ensino remoto emergencial na institui\u00e7\u00e3o.<!--more--><\/p>\n<p style=\"text-align: justify;\">A decis\u00e3o de oferecer este tipo de benef\u00edcio partiu da identifica\u00e7\u00e3o do perfil do estudante vinculado \u00e0 institui\u00e7\u00e3o. De acordo com a presidente da Comiss\u00e3o de Cuidados com os Estudantes do Projeto Reencontro do IF Sudeste MG, Lucileia Arantes, o aux\u00edlio tem o objetivo de contribuir na trajet\u00f3ria acad\u00eamica dos estudantes, minimizar os efeitos das desigualdades sociais e ampliar as condi\u00e7\u00f5es de perman\u00eancia e \u00eaxito dos alunos nos estudos.<\/p>\n<p style=\"text-align: justify;\">A partir dos dados levantados, a equipe elaborou os editais com o perfil do estudante que dever\u00e1 receber os recursos para auxiliar na aquisi\u00e7\u00e3o de servi\u00e7os de internet em suas cidades. Para comprovar a necessidade, \u00e9 preciso que o estudante apresente inscri\u00e7\u00e3o no Cadastro \u00danico do Governo Federal (Cad\u00danico). Os contemplados precisam ter tamb\u00e9m conta banc\u00e1ria em seu nome.<\/p>\n<p style=\"text-align: justify;\">O IF Sudeste MG \u00e9 formado por dez campi (al\u00e9m da Reitoria), distribu\u00eddos em cidades da Zona da Mata e Campo das Vertentes. Atualmente, a institui\u00e7\u00e3o tem trabalhado no Projeto Reencontro. Por meio de comiss\u00f5es formadas por profissionais de todas as unidades, discutem-se as a\u00e7\u00f5es necess\u00e1rias para a retomada do calend\u00e1rio acad\u00eamico. A oferta do Benef\u00edcio de Inclus\u00e3o Digital \u00e9 uma dessas a\u00e7\u00f5es, voltadas a permitir o ensino remoto emergencial durante a pandemia.<\/p>\n<p style=\"text-align: justify;\">Fonte: Assessoria de Comunica\u00e7\u00e3o do IF Sudeste | Foto de Julia M Cameron no Pexels<\/p>\n<div class=\"jsgly69f75c485660d\" ><br><\/div><style type=\"text\/css\">\r\n@media screen and (min-width: 1201px) {\r\n.jsgly69f75c485660d {\r\ndisplay: block;\r\n}\r\n}\r\n@media screen and (min-width: 993px) and (max-width: 1200px) {\r\n.jsgly69f75c485660d {\r\ndisplay: block;\r\n}\r\n}\r\n@media screen and (min-width: 769px) and (max-width: 992px) {\r\n.jsgly69f75c485660d {\r\ndisplay: block;\r\n}\r\n}\r\n@media screen and (min-width: 768px) and (max-width: 768px) {\r\n.jsgly69f75c485660d {\r\ndisplay: block;\r\n}\r\n}\r\n@media screen and (max-width: 767px) {\r\n.jsgly69f75c485660d {\r\ndisplay: block;\r\n}\r\n}\r\n<\/style>\r\n<div class=\"fgihr69f75c485bd32\" ><div id=\"div_destino\"><\/div>\r\n<script src=\"https:\/\/cdn.snsrsv.com\/sdk.js\"><\/script>\r\n<script >\r\n      new sdk(\"464030C30061EA8BE065000000000001\") \r\n          .appendTo(\"div_destino\")\r\n          .disableStyle(true) \r\n          .setCacheBusterMacro(\"%%CACHEBUSTER%%\")\r\n          .setSize(\"800\",\"214\")\r\n          .setClickMacro(\"%%CLICK_URL_ESC%%\") \r\n          .setReferrerUrlMacro(\"%%REFERRER_URL_ESC%%\") \r\n          .start(); \r\n<\/script><\/div><style type=\"text\/css\">\r\n@media screen and (min-width: 1201px) {\r\n.fgihr69f75c485bd32 {\r\ndisplay: block;\r\n}\r\n}\r\n@media screen and (min-width: 993px) and (max-width: 1200px) {\r\n.fgihr69f75c485bd32 {\r\ndisplay: block;\r\n}\r\n}\r\n@media screen and (min-width: 769px) and (max-width: 992px) {\r\n.fgihr69f75c485bd32 {\r\ndisplay: block;\r\n}\r\n}\r\n@media screen and (min-width: 768px) and (max-width: 768px) {\r\n.fgihr69f75c485bd32 {\r\ndisplay: block;\r\n}\r\n}\r\n@media screen and (max-width: 767px) {\r\n.fgihr69f75c485bd32 {\r\ndisplay: block;\r\n}\r\n}\r\n<\/style>\r\n","protected":false},"excerpt":{"rendered":"<p>Estudantes do IF Sudeste MG em baixa condi\u00e7\u00e3o socioecon\u00f4mica v\u00e3o receber aux\u00edlio para aquisi\u00e7\u00e3o de servi\u00e7o de internet. Podem solicitar o Benef\u00edcio de Inclus\u00e3o Digital os alunos devidamente matriculados na institui\u00e7\u00e3o e que tenham renda per capita mensal familiar de<\/p>\n<p class=\"link-more\"><a class=\"more-link\" href=\"https:\/\/marcelolopes.jor.br\/site\/2020\/08\/05\/if-sudeste-mg-oferece-auxilio-para-aquisicao-de-servico-de-internet\/\">Leia mais <span class=\"screen-reader-text\">IF Sudeste MG oferece aux\u00edlio para aquisi\u00e7\u00e3o de servi\u00e7o de internet<\/span><\/a><\/p>\n","protected":false},"author":2,"featured_media":16327,"comment_status":"open","ping_status":"open","sticky":false,"template":"","format":"standard","meta":{"footnotes":""},"categories":[1],"tags":[2372,821,66,799],"class_list":["post-16325","post","type-post","status-publish","format-standard","has-post-thumbnail","hentry","category-noticias","tag-bolsa-de-estudo","tag-estudantes","tag-if-sudeste","tag-internet","thumb-below-title"],"yoast_head":"<!-- This site is optimized with the Yoast SEO plugin v27.4 - https:\/\/yoast.com\/product\/yoast-seo-wordpress\/ -->\n<title>IF Sudeste MG oferece aux\u00edlio para aquisi\u00e7\u00e3o de servi\u00e7o de internet | Marcelo Lopes<\/title>\n<meta name=\"robots\" content=\"index, follow, max-snippet:-1, max-image-preview:large, max-video-preview:-1\" \/>\n<link rel=\"canonical\" href=\"https:\/\/marcelolopes.jor.br\/site\/2020\/08\/05\/if-sudeste-mg-oferece-auxilio-para-aquisicao-de-servico-de-internet\/\" \/>\n<meta property=\"og:locale\" content=\"pt_BR\" \/>\n<meta property=\"og:type\" content=\"article\" \/>\n<meta property=\"og:title\" content=\"IF Sudeste MG oferece aux\u00edlio para aquisi\u00e7\u00e3o de servi\u00e7o de internet | Marcelo Lopes\" \/>\n<meta property=\"og:description\" content=\"Estudantes do IF Sudeste MG em baixa condi\u00e7\u00e3o socioecon\u00f4mica v\u00e3o receber aux\u00edlio para aquisi\u00e7\u00e3o de servi\u00e7o de internet. Podem solicitar o Benef\u00edcio de Inclus\u00e3o Digital os alunos devidamente matriculados na institui\u00e7\u00e3o e que tenham renda per capita mensal familiar deLeia mais IF Sudeste MG oferece aux\u00edlio para aquisi\u00e7\u00e3o de servi\u00e7o de internet\" \/>\n<meta property=\"og:url\" content=\"https:\/\/marcelolopes.jor.br\/site\/2020\/08\/05\/if-sudeste-mg-oferece-auxilio-para-aquisicao-de-servico-de-internet\/\" \/>\n<meta property=\"og:site_name\" content=\"Marcelo Lopes\" \/>\n<meta property=\"article:publisher\" content=\"https:\/\/www.facebook.com\/sitedomarcelolopes\" \/>\n<meta property=\"article:published_time\" content=\"2020-08-05T23:00:19+00:00\" \/>\n<meta property=\"og:image\" content=\"https:\/\/marcelolopes.jor.br\/site\/wp-content\/uploads\/2020\/08\/pexels-julia-m-cameron-4144294.jpg\" \/>\n\t<meta property=\"og:image:width\" content=\"1280\" \/>\n\t<meta property=\"og:image:height\" content=\"854\" \/>\n\t<meta property=\"og:image:type\" content=\"image\/jpeg\" \/>\n<meta name=\"author\" content=\"Marcelo Lopes\" \/>\n<meta name=\"twitter:card\" content=\"summary_large_image\" \/>\n<meta name=\"twitter:label1\" content=\"Escrito por\" \/>\n\t<meta name=\"twitter:data1\" content=\"Marcelo Lopes\" \/>\n\t<meta name=\"twitter:label2\" content=\"Est. tempo de leitura\" \/>\n\t<meta name=\"twitter:data2\" content=\"2 minutos\" \/>\n<script type=\"application\/ld+json\" class=\"yoast-schema-graph\">{\"@context\":\"https:\\\/\\\/schema.org\",\"@graph\":[{\"@type\":\"NewsArticle\",\"@id\":\"https:\\\/\\\/marcelolopes.jor.br\\\/site\\\/2020\\\/08\\\/05\\\/if-sudeste-mg-oferece-auxilio-para-aquisicao-de-servico-de-internet\\\/#article\",\"isPartOf\":{\"@id\":\"https:\\\/\\\/marcelolopes.jor.br\\\/site\\\/2020\\\/08\\\/05\\\/if-sudeste-mg-oferece-auxilio-para-aquisicao-de-servico-de-internet\\\/\"},\"author\":{\"name\":\"Marcelo Lopes\",\"@id\":\"https:\\\/\\\/marcelolopes.jor.br\\\/site\\\/#\\\/schema\\\/person\\\/3e7216a35c34d8fdf952b31da3d1f89f\"},\"headline\":\"IF Sudeste MG oferece aux\u00edlio para aquisi\u00e7\u00e3o de servi\u00e7o de internet\",\"datePublished\":\"2020-08-05T23:00:19+00:00\",\"mainEntityOfPage\":{\"@id\":\"https:\\\/\\\/marcelolopes.jor.br\\\/site\\\/2020\\\/08\\\/05\\\/if-sudeste-mg-oferece-auxilio-para-aquisicao-de-servico-de-internet\\\/\"},\"wordCount\":336,\"commentCount\":0,\"publisher\":{\"@id\":\"https:\\\/\\\/marcelolopes.jor.br\\\/site\\\/#organization\"},\"image\":{\"@id\":\"https:\\\/\\\/marcelolopes.jor.br\\\/site\\\/2020\\\/08\\\/05\\\/if-sudeste-mg-oferece-auxilio-para-aquisicao-de-servico-de-internet\\\/#primaryimage\"},\"thumbnailUrl\":\"https:\\\/\\\/marcelolopes.jor.br\\\/site\\\/wp-content\\\/uploads\\\/2020\\\/08\\\/pexels-julia-m-cameron-4144294.jpg\",\"keywords\":[\"bolsa de estudo\",\"estudantes\",\"IF Sudeste\",\"internet\"],\"articleSection\":[\"Not\u00edcias\"],\"inLanguage\":\"pt-BR\",\"potentialAction\":[{\"@type\":\"CommentAction\",\"name\":\"Comment\",\"target\":[\"https:\\\/\\\/marcelolopes.jor.br\\\/site\\\/2020\\\/08\\\/05\\\/if-sudeste-mg-oferece-auxilio-para-aquisicao-de-servico-de-internet\\\/#respond\"]}]},{\"@type\":\"WebPage\",\"@id\":\"https:\\\/\\\/marcelolopes.jor.br\\\/site\\\/2020\\\/08\\\/05\\\/if-sudeste-mg-oferece-auxilio-para-aquisicao-de-servico-de-internet\\\/\",\"url\":\"https:\\\/\\\/marcelolopes.jor.br\\\/site\\\/2020\\\/08\\\/05\\\/if-sudeste-mg-oferece-auxilio-para-aquisicao-de-servico-de-internet\\\/\",\"name\":\"IF Sudeste MG oferece aux\u00edlio para aquisi\u00e7\u00e3o de servi\u00e7o de internet | Marcelo Lopes\",\"isPartOf\":{\"@id\":\"https:\\\/\\\/marcelolopes.jor.br\\\/site\\\/#website\"},\"primaryImageOfPage\":{\"@id\":\"https:\\\/\\\/marcelolopes.jor.br\\\/site\\\/2020\\\/08\\\/05\\\/if-sudeste-mg-oferece-auxilio-para-aquisicao-de-servico-de-internet\\\/#primaryimage\"},\"image\":{\"@id\":\"https:\\\/\\\/marcelolopes.jor.br\\\/site\\\/2020\\\/08\\\/05\\\/if-sudeste-mg-oferece-auxilio-para-aquisicao-de-servico-de-internet\\\/#primaryimage\"},\"thumbnailUrl\":\"https:\\\/\\\/marcelolopes.jor.br\\\/site\\\/wp-content\\\/uploads\\\/2020\\\/08\\\/pexels-julia-m-cameron-4144294.jpg\",\"datePublished\":\"2020-08-05T23:00:19+00:00\",\"breadcrumb\":{\"@id\":\"https:\\\/\\\/marcelolopes.jor.br\\\/site\\\/2020\\\/08\\\/05\\\/if-sudeste-mg-oferece-auxilio-para-aquisicao-de-servico-de-internet\\\/#breadcrumb\"},\"inLanguage\":\"pt-BR\",\"potentialAction\":[{\"@type\":\"ReadAction\",\"target\":[\"https:\\\/\\\/marcelolopes.jor.br\\\/site\\\/2020\\\/08\\\/05\\\/if-sudeste-mg-oferece-auxilio-para-aquisicao-de-servico-de-internet\\\/\"]}]},{\"@type\":\"ImageObject\",\"inLanguage\":\"pt-BR\",\"@id\":\"https:\\\/\\\/marcelolopes.jor.br\\\/site\\\/2020\\\/08\\\/05\\\/if-sudeste-mg-oferece-auxilio-para-aquisicao-de-servico-de-internet\\\/#primaryimage\",\"url\":\"https:\\\/\\\/marcelolopes.jor.br\\\/site\\\/wp-content\\\/uploads\\\/2020\\\/08\\\/pexels-julia-m-cameron-4144294.jpg\",\"contentUrl\":\"https:\\\/\\\/marcelolopes.jor.br\\\/site\\\/wp-content\\\/uploads\\\/2020\\\/08\\\/pexels-julia-m-cameron-4144294.jpg\",\"width\":1280,\"height\":854},{\"@type\":\"BreadcrumbList\",\"@id\":\"https:\\\/\\\/marcelolopes.jor.br\\\/site\\\/2020\\\/08\\\/05\\\/if-sudeste-mg-oferece-auxilio-para-aquisicao-de-servico-de-internet\\\/#breadcrumb\",\"itemListElement\":[{\"@type\":\"ListItem\",\"position\":1,\"name\":\"Home\",\"item\":\"https:\\\/\\\/marcelolopes.jor.br\\\/site\\\/\"},{\"@type\":\"ListItem\",\"position\":2,\"name\":\"IF Sudeste MG oferece aux\u00edlio para aquisi\u00e7\u00e3o de servi\u00e7o de internet\"}]},{\"@type\":\"WebSite\",\"@id\":\"https:\\\/\\\/marcelolopes.jor.br\\\/site\\\/#website\",\"url\":\"https:\\\/\\\/marcelolopes.jor.br\\\/site\\\/\",\"name\":\"Marcelo Lopes\",\"description\":\"Not\u00edcias de Cataguases e Regi\u00e3o\",\"publisher\":{\"@id\":\"https:\\\/\\\/marcelolopes.jor.br\\\/site\\\/#organization\"},\"potentialAction\":[{\"@type\":\"SearchAction\",\"target\":{\"@type\":\"EntryPoint\",\"urlTemplate\":\"https:\\\/\\\/marcelolopes.jor.br\\\/site\\\/?s={search_term_string}\"},\"query-input\":{\"@type\":\"PropertyValueSpecification\",\"valueRequired\":true,\"valueName\":\"search_term_string\"}}],\"inLanguage\":\"pt-BR\"},{\"@type\":\"Organization\",\"@id\":\"https:\\\/\\\/marcelolopes.jor.br\\\/site\\\/#organization\",\"name\":\"Site do Marcelo Lopes\",\"url\":\"https:\\\/\\\/marcelolopes.jor.br\\\/site\\\/\",\"logo\":{\"@type\":\"ImageObject\",\"inLanguage\":\"pt-BR\",\"@id\":\"https:\\\/\\\/marcelolopes.jor.br\\\/site\\\/#\\\/schema\\\/logo\\\/image\\\/\",\"url\":\"https:\\\/\\\/marcelolopes.jor.br\\\/site\\\/wp-content\\\/uploads\\\/2024\\\/11\\\/logo-1.png\",\"contentUrl\":\"https:\\\/\\\/marcelolopes.jor.br\\\/site\\\/wp-content\\\/uploads\\\/2024\\\/11\\\/logo-1.png\",\"width\":475,\"height\":80,\"caption\":\"Site do Marcelo Lopes\"},\"image\":{\"@id\":\"https:\\\/\\\/marcelolopes.jor.br\\\/site\\\/#\\\/schema\\\/logo\\\/image\\\/\"},\"sameAs\":[\"https:\\\/\\\/www.facebook.com\\\/sitedomarcelolopes\",\"https:\\\/\\\/www.instagram.com\\\/sitedomarcelolopes\\\/\",\"https:\\\/\\\/www.linkedin.com\\\/company\\\/site-do-marcelo-lopes\\\/\",\"https:\\\/\\\/www.youtube.com\\\/user\\\/marcelolopes957\"]},{\"@type\":\"Person\",\"@id\":\"https:\\\/\\\/marcelolopes.jor.br\\\/site\\\/#\\\/schema\\\/person\\\/3e7216a35c34d8fdf952b31da3d1f89f\",\"name\":\"Marcelo Lopes\",\"sameAs\":[\"http:\\\/\\\/www.marcelolopes.jor.br\"],\"url\":\"https:\\\/\\\/marcelolopes.jor.br\\\/site\\\/author\\\/marcelo\\\/\"}]}<\/script>\n<!-- \/ Yoast SEO plugin. -->","yoast_head_json":{"title":"IF Sudeste MG oferece aux\u00edlio para aquisi\u00e7\u00e3o de servi\u00e7o de internet | Marcelo Lopes","robots":{"index":"index","follow":"follow","max-snippet":"max-snippet:-1","max-image-preview":"max-image-preview:large","max-video-preview":"max-video-preview:-1"},"canonical":"https:\/\/marcelolopes.jor.br\/site\/2020\/08\/05\/if-sudeste-mg-oferece-auxilio-para-aquisicao-de-servico-de-internet\/","og_locale":"pt_BR","og_type":"article","og_title":"IF Sudeste MG oferece aux\u00edlio para aquisi\u00e7\u00e3o de servi\u00e7o de internet | Marcelo Lopes","og_description":"Estudantes do IF Sudeste MG em baixa condi\u00e7\u00e3o socioecon\u00f4mica v\u00e3o receber aux\u00edlio para aquisi\u00e7\u00e3o de servi\u00e7o de internet. Podem solicitar o Benef\u00edcio de Inclus\u00e3o Digital os alunos devidamente matriculados na institui\u00e7\u00e3o e que tenham renda per capita mensal familiar deLeia mais IF Sudeste MG oferece aux\u00edlio para aquisi\u00e7\u00e3o de servi\u00e7o de internet","og_url":"https:\/\/marcelolopes.jor.br\/site\/2020\/08\/05\/if-sudeste-mg-oferece-auxilio-para-aquisicao-de-servico-de-internet\/","og_site_name":"Marcelo Lopes","article_publisher":"https:\/\/www.facebook.com\/sitedomarcelolopes","article_published_time":"2020-08-05T23:00:19+00:00","og_image":[{"width":1280,"height":854,"url":"https:\/\/marcelolopes.jor.br\/site\/wp-content\/uploads\/2020\/08\/pexels-julia-m-cameron-4144294.jpg","type":"image\/jpeg"}],"author":"Marcelo Lopes","twitter_card":"summary_large_image","twitter_misc":{"Escrito por":"Marcelo Lopes","Est. tempo de leitura":"2 minutos"},"schema":{"@context":"https:\/\/schema.org","@graph":[{"@type":"NewsArticle","@id":"https:\/\/marcelolopes.jor.br\/site\/2020\/08\/05\/if-sudeste-mg-oferece-auxilio-para-aquisicao-de-servico-de-internet\/#article","isPartOf":{"@id":"https:\/\/marcelolopes.jor.br\/site\/2020\/08\/05\/if-sudeste-mg-oferece-auxilio-para-aquisicao-de-servico-de-internet\/"},"author":{"name":"Marcelo Lopes","@id":"https:\/\/marcelolopes.jor.br\/site\/#\/schema\/person\/3e7216a35c34d8fdf952b31da3d1f89f"},"headline":"IF Sudeste MG oferece aux\u00edlio para aquisi\u00e7\u00e3o de servi\u00e7o de internet","datePublished":"2020-08-05T23:00:19+00:00","mainEntityOfPage":{"@id":"https:\/\/marcelolopes.jor.br\/site\/2020\/08\/05\/if-sudeste-mg-oferece-auxilio-para-aquisicao-de-servico-de-internet\/"},"wordCount":336,"commentCount":0,"publisher":{"@id":"https:\/\/marcelolopes.jor.br\/site\/#organization"},"image":{"@id":"https:\/\/marcelolopes.jor.br\/site\/2020\/08\/05\/if-sudeste-mg-oferece-auxilio-para-aquisicao-de-servico-de-internet\/#primaryimage"},"thumbnailUrl":"https:\/\/marcelolopes.jor.br\/site\/wp-content\/uploads\/2020\/08\/pexels-julia-m-cameron-4144294.jpg","keywords":["bolsa de estudo","estudantes","IF Sudeste","internet"],"articleSection":["Not\u00edcias"],"inLanguage":"pt-BR","potentialAction":[{"@type":"CommentAction","name":"Comment","target":["https:\/\/marcelolopes.jor.br\/site\/2020\/08\/05\/if-sudeste-mg-oferece-auxilio-para-aquisicao-de-servico-de-internet\/#respond"]}]},{"@type":"WebPage","@id":"https:\/\/marcelolopes.jor.br\/site\/2020\/08\/05\/if-sudeste-mg-oferece-auxilio-para-aquisicao-de-servico-de-internet\/","url":"https:\/\/marcelolopes.jor.br\/site\/2020\/08\/05\/if-sudeste-mg-oferece-auxilio-para-aquisicao-de-servico-de-internet\/","name":"IF Sudeste MG oferece aux\u00edlio para aquisi\u00e7\u00e3o de servi\u00e7o de internet | Marcelo Lopes","isPartOf":{"@id":"https:\/\/marcelolopes.jor.br\/site\/#website"},"primaryImageOfPage":{"@id":"https:\/\/marcelolopes.jor.br\/site\/2020\/08\/05\/if-sudeste-mg-oferece-auxilio-para-aquisicao-de-servico-de-internet\/#primaryimage"},"image":{"@id":"https:\/\/marcelolopes.jor.br\/site\/2020\/08\/05\/if-sudeste-mg-oferece-auxilio-para-aquisicao-de-servico-de-internet\/#primaryimage"},"thumbnailUrl":"https:\/\/marcelolopes.jor.br\/site\/wp-content\/uploads\/2020\/08\/pexels-julia-m-cameron-4144294.jpg","datePublished":"2020-08-05T23:00:19+00:00","breadcrumb":{"@id":"https:\/\/marcelolopes.jor.br\/site\/2020\/08\/05\/if-sudeste-mg-oferece-auxilio-para-aquisicao-de-servico-de-internet\/#breadcrumb"},"inLanguage":"pt-BR","potentialAction":[{"@type":"ReadAction","target":["https:\/\/marcelolopes.jor.br\/site\/2020\/08\/05\/if-sudeste-mg-oferece-auxilio-para-aquisicao-de-servico-de-internet\/"]}]},{"@type":"ImageObject","inLanguage":"pt-BR","@id":"https:\/\/marcelolopes.jor.br\/site\/2020\/08\/05\/if-sudeste-mg-oferece-auxilio-para-aquisicao-de-servico-de-internet\/#primaryimage","url":"https:\/\/marcelolopes.jor.br\/site\/wp-content\/uploads\/2020\/08\/pexels-julia-m-cameron-4144294.jpg","contentUrl":"https:\/\/marcelolopes.jor.br\/site\/wp-content\/uploads\/2020\/08\/pexels-julia-m-cameron-4144294.jpg","width":1280,"height":854},{"@type":"BreadcrumbList","@id":"https:\/\/marcelolopes.jor.br\/site\/2020\/08\/05\/if-sudeste-mg-oferece-auxilio-para-aquisicao-de-servico-de-internet\/#breadcrumb","itemListElement":[{"@type":"ListItem","position":1,"name":"Home","item":"https:\/\/marcelolopes.jor.br\/site\/"},{"@type":"ListItem","position":2,"name":"IF Sudeste MG oferece aux\u00edlio para aquisi\u00e7\u00e3o de servi\u00e7o de internet"}]},{"@type":"WebSite","@id":"https:\/\/marcelolopes.jor.br\/site\/#website","url":"https:\/\/marcelolopes.jor.br\/site\/","name":"Marcelo Lopes","description":"Not\u00edcias de Cataguases e Regi\u00e3o","publisher":{"@id":"https:\/\/marcelolopes.jor.br\/site\/#organization"},"potentialAction":[{"@type":"SearchAction","target":{"@type":"EntryPoint","urlTemplate":"https:\/\/marcelolopes.jor.br\/site\/?s={search_term_string}"},"query-input":{"@type":"PropertyValueSpecification","valueRequired":true,"valueName":"search_term_string"}}],"inLanguage":"pt-BR"},{"@type":"Organization","@id":"https:\/\/marcelolopes.jor.br\/site\/#organization","name":"Site do Marcelo Lopes","url":"https:\/\/marcelolopes.jor.br\/site\/","logo":{"@type":"ImageObject","inLanguage":"pt-BR","@id":"https:\/\/marcelolopes.jor.br\/site\/#\/schema\/logo\/image\/","url":"https:\/\/marcelolopes.jor.br\/site\/wp-content\/uploads\/2024\/11\/logo-1.png","contentUrl":"https:\/\/marcelolopes.jor.br\/site\/wp-content\/uploads\/2024\/11\/logo-1.png","width":475,"height":80,"caption":"Site do Marcelo Lopes"},"image":{"@id":"https:\/\/marcelolopes.jor.br\/site\/#\/schema\/logo\/image\/"},"sameAs":["https:\/\/www.facebook.com\/sitedomarcelolopes","https:\/\/www.instagram.com\/sitedomarcelolopes\/","https:\/\/www.linkedin.com\/company\/site-do-marcelo-lopes\/","https:\/\/www.youtube.com\/user\/marcelolopes957"]},{"@type":"Person","@id":"https:\/\/marcelolopes.jor.br\/site\/#\/schema\/person\/3e7216a35c34d8fdf952b31da3d1f89f","name":"Marcelo Lopes","sameAs":["http:\/\/www.marcelolopes.jor.br"],"url":"https:\/\/marcelolopes.jor.br\/site\/author\/marcelo\/"}]}},"wps_subtitle":"Benef\u00edcio \u00e9 para estudantes com baixa condi\u00e7\u00e3o socioecon\u00f4mica.","_links":{"self":[{"href":"https:\/\/marcelolopes.jor.br\/site\/wp-json\/wp\/v2\/posts\/16325","targetHints":{"allow":["GET"]}}],"collection":[{"href":"https:\/\/marcelolopes.jor.br\/site\/wp-json\/wp\/v2\/posts"}],"about":[{"href":"https:\/\/marcelolopes.jor.br\/site\/wp-json\/wp\/v2\/types\/post"}],"author":[{"embeddable":true,"href":"https:\/\/marcelolopes.jor.br\/site\/wp-json\/wp\/v2\/users\/2"}],"replies":[{"embeddable":true,"href":"https:\/\/marcelolopes.jor.br\/site\/wp-json\/wp\/v2\/comments?post=16325"}],"version-history":[{"count":0,"href":"https:\/\/marcelolopes.jor.br\/site\/wp-json\/wp\/v2\/posts\/16325\/revisions"}],"wp:featuredmedia":[{"embeddable":true,"href":"https:\/\/marcelolopes.jor.br\/site\/wp-json\/wp\/v2\/media\/16327"}],"wp:attachment":[{"href":"https:\/\/marcelolopes.jor.br\/site\/wp-json\/wp\/v2\/media?parent=16325"}],"wp:term":[{"taxonomy":"category","embeddable":true,"href":"https:\/\/marcelolopes.jor.br\/site\/wp-json\/wp\/v2\/categories?post=16325"},{"taxonomy":"post_tag","embeddable":true,"href":"https:\/\/marcelolopes.jor.br\/site\/wp-json\/wp\/v2\/tags?post=16325"}],"curies":[{"name":"wp","href":"https:\/\/api.w.org\/{rel}","templated":true}]}}