{"id":16287,"date":"2020-08-04T22:30:40","date_gmt":"2020-08-05T01:30:40","guid":{"rendered":"https:\/\/marcelolopes.jor.br\/?p=16287"},"modified":"2020-08-04T18:39:06","modified_gmt":"2020-08-04T21:39:06","slug":"prf-e-pm-recuperam-carro-clonado-e-prende-suspeito-de-roubos-em-muriae","status":"publish","type":"post","link":"https:\/\/marcelolopes.jor.br\/site\/2020\/08\/04\/prf-e-pm-recuperam-carro-clonado-e-prende-suspeito-de-roubos-em-muriae\/","title":{"rendered":"PRF e PM recuperam carro clonado e prende suspeito de roubos em Muria\u00e9"},"content":{"rendered":"<p style=\"text-align: justify;\">Um homem foi preso na tarde desta ter\u00e7a-feira, 04 de agosto, no per\u00edmetro urbano da BR 356, em Muria\u00e9, com um carro clonado. De acordo com informa\u00e7\u00f5es da Pol\u00edcia Rodovi\u00e1ria Federal, o rapaz \u00e9 suspeito de praticar diversos roubos em pontos diferentes da BR 116, que tamb\u00e9m passa por aquele munic\u00edpio.<!--more--><\/p>\n<p style=\"text-align: justify;\">Durante a abordagem, a PRF constatou que al\u00e9m do ve\u00edculo ter sido clonado, foi furtado em 2016, em S\u00e3o Jo\u00e3o do Meriti, na baixada Fluminense, Rio de Janeiro. A Pol\u00edcia Rodovi\u00e1ria Federal informou ainda que duas das \u00faltimas tr\u00eas v\u00edtimas reconheceram o rapaz como autor dos roubos.<\/p>\n<p style=\"text-align: justify;\">A opera\u00e7\u00e3o contou tamb\u00e9m com o apoio da Pol\u00edcia Militar que foi at\u00e9 a resid\u00eancia do suspeito, no bairro Prefeito H\u00e9lio Ara\u00fajo (Bico Doce), onde encontrou um rev\u00f3lver calibre 38, municiado. Os policiais acreditam que a arma \u00e9 a mesma utilizada nos crimes. Foram apreendidos diversos aparelhos eletr\u00f4nicos que ser\u00e3o periciados pela Pol\u00edcia Civil.<\/p>\n<p style=\"text-align: justify;\">O rapaz foi conduzido para o Pres\u00eddio do bairro Safira e apresentado ao Delegado respons\u00e1vel pela divis\u00e3o de furtos e roubos.<\/p>\n<p><img loading=\"lazy\" decoding=\"async\" class=\"aligncenter wp-image-16290\" src=\"https:\/\/marcelolopes.jor.br\/site\/wp-content\/uploads\/2020\/08\/e7b7ec1f9d799c00d1a03c7abf861e31.103.jpg\" alt=\"\" width=\"600\" height=\"450\" srcset=\"https:\/\/marcelolopes.jor.br\/site\/wp-content\/uploads\/2020\/08\/e7b7ec1f9d799c00d1a03c7abf861e31.103.jpg 700w, https:\/\/marcelolopes.jor.br\/site\/wp-content\/uploads\/2020\/08\/e7b7ec1f9d799c00d1a03c7abf861e31.103-300x225.jpg 300w\" sizes=\"auto, (max-width: 600px) 100vw, 600px\" \/><\/p>\n<p>Fonte e fotos: R\u00e1dio Muria\u00e9<\/p>\n<div class=\"evkdn69f747e71350e\" ><br><\/div><style type=\"text\/css\">\r\n@media screen and (min-width: 1201px) {\r\n.evkdn69f747e71350e {\r\ndisplay: block;\r\n}\r\n}\r\n@media screen and (min-width: 993px) and (max-width: 1200px) {\r\n.evkdn69f747e71350e {\r\ndisplay: block;\r\n}\r\n}\r\n@media screen and (min-width: 769px) and (max-width: 992px) {\r\n.evkdn69f747e71350e {\r\ndisplay: block;\r\n}\r\n}\r\n@media screen and (min-width: 768px) and (max-width: 768px) {\r\n.evkdn69f747e71350e {\r\ndisplay: block;\r\n}\r\n}\r\n@media screen and (max-width: 767px) {\r\n.evkdn69f747e71350e {\r\ndisplay: block;\r\n}\r\n}\r\n<\/style>\r\n<div class=\"kdzsa69f747e7196ab\" ><div id=\"div_destino\"><\/div>\r\n<script src=\"https:\/\/cdn.snsrsv.com\/sdk.js\"><\/script>\r\n<script >\r\n      new sdk(\"464030C30061EA8BE065000000000001\") \r\n          .appendTo(\"div_destino\")\r\n          .disableStyle(true) \r\n          .setCacheBusterMacro(\"%%CACHEBUSTER%%\")\r\n          .setSize(\"800\",\"214\")\r\n          .setClickMacro(\"%%CLICK_URL_ESC%%\") \r\n          .setReferrerUrlMacro(\"%%REFERRER_URL_ESC%%\") \r\n          .start(); \r\n<\/script><\/div><style type=\"text\/css\">\r\n@media screen and (min-width: 1201px) {\r\n.kdzsa69f747e7196ab {\r\ndisplay: block;\r\n}\r\n}\r\n@media screen and (min-width: 993px) and (max-width: 1200px) {\r\n.kdzsa69f747e7196ab {\r\ndisplay: block;\r\n}\r\n}\r\n@media screen and (min-width: 769px) and (max-width: 992px) {\r\n.kdzsa69f747e7196ab {\r\ndisplay: block;\r\n}\r\n}\r\n@media screen and (min-width: 768px) and (max-width: 768px) {\r\n.kdzsa69f747e7196ab {\r\ndisplay: block;\r\n}\r\n}\r\n@media screen and (max-width: 767px) {\r\n.kdzsa69f747e7196ab {\r\ndisplay: block;\r\n}\r\n}\r\n<\/style>\r\n","protected":false},"excerpt":{"rendered":"<p>Um homem foi preso na tarde desta ter\u00e7a-feira, 04 de agosto, no per\u00edmetro urbano da BR 356, em Muria\u00e9, com um carro clonado. De acordo com informa\u00e7\u00f5es da Pol\u00edcia Rodovi\u00e1ria Federal, o rapaz \u00e9 suspeito de praticar diversos roubos em<\/p>\n<p class=\"link-more\"><a class=\"more-link\" href=\"https:\/\/marcelolopes.jor.br\/site\/2020\/08\/04\/prf-e-pm-recuperam-carro-clonado-e-prende-suspeito-de-roubos-em-muriae\/\">Leia mais <span class=\"screen-reader-text\">PRF e PM recuperam carro clonado e prende suspeito de roubos em Muria\u00e9<\/span><\/a><\/p>\n","protected":false},"author":2,"featured_media":16289,"comment_status":"open","ping_status":"open","sticky":false,"template":"","format":"standard","meta":{"footnotes":""},"categories":[1],"tags":[973,1343,2302,101],"class_list":["post-16287","post","type-post","status-publish","format-standard","has-post-thumbnail","hentry","category-noticias","tag-br-356","tag-carro-clonado","tag-revolver","tag-roubo","thumb-below-title"],"yoast_head":"<!-- This site is optimized with the Yoast SEO plugin v27.4 - https:\/\/yoast.com\/product\/yoast-seo-wordpress\/ -->\n<title>PRF e PM recuperam carro clonado e prende suspeito de roubos em Muria\u00e9 | Marcelo Lopes<\/title>\n<meta name=\"robots\" content=\"index, follow, max-snippet:-1, max-image-preview:large, max-video-preview:-1\" \/>\n<link rel=\"canonical\" href=\"https:\/\/marcelolopes.jor.br\/site\/2020\/08\/04\/prf-e-pm-recuperam-carro-clonado-e-prende-suspeito-de-roubos-em-muriae\/\" \/>\n<meta property=\"og:locale\" content=\"pt_BR\" \/>\n<meta property=\"og:type\" content=\"article\" \/>\n<meta property=\"og:title\" content=\"PRF e PM recuperam carro clonado e prende suspeito de roubos em Muria\u00e9 | Marcelo Lopes\" \/>\n<meta property=\"og:description\" content=\"Um homem foi preso na tarde desta ter\u00e7a-feira, 04 de agosto, no per\u00edmetro urbano da BR 356, em Muria\u00e9, com um carro clonado. De acordo com informa\u00e7\u00f5es da Pol\u00edcia Rodovi\u00e1ria Federal, o rapaz \u00e9 suspeito de praticar diversos roubos emLeia mais PRF e PM recuperam carro clonado e prende suspeito de roubos em Muria\u00e9\" \/>\n<meta property=\"og:url\" content=\"https:\/\/marcelolopes.jor.br\/site\/2020\/08\/04\/prf-e-pm-recuperam-carro-clonado-e-prende-suspeito-de-roubos-em-muriae\/\" \/>\n<meta property=\"og:site_name\" content=\"Marcelo Lopes\" \/>\n<meta property=\"article:publisher\" content=\"https:\/\/www.facebook.com\/sitedomarcelolopes\" \/>\n<meta property=\"article:published_time\" content=\"2020-08-05T01:30:40+00:00\" \/>\n<meta property=\"og:image\" content=\"https:\/\/marcelolopes.jor.br\/site\/wp-content\/uploads\/2020\/08\/e9710ea4d70d5f0ef2d8993b3e41545c.107.jpg\" \/>\n\t<meta property=\"og:image:width\" content=\"700\" \/>\n\t<meta property=\"og:image:height\" content=\"525\" \/>\n\t<meta property=\"og:image:type\" content=\"image\/jpeg\" \/>\n<meta name=\"author\" content=\"Marcelo Lopes\" \/>\n<meta name=\"twitter:card\" content=\"summary_large_image\" \/>\n<meta name=\"twitter:label1\" content=\"Escrito por\" \/>\n\t<meta name=\"twitter:data1\" content=\"Marcelo Lopes\" \/>\n\t<meta name=\"twitter:label2\" content=\"Est. tempo de leitura\" \/>\n\t<meta name=\"twitter:data2\" content=\"1 minuto\" \/>\n<script type=\"application\/ld+json\" class=\"yoast-schema-graph\">{\"@context\":\"https:\\\/\\\/schema.org\",\"@graph\":[{\"@type\":\"NewsArticle\",\"@id\":\"https:\\\/\\\/marcelolopes.jor.br\\\/site\\\/2020\\\/08\\\/04\\\/prf-e-pm-recuperam-carro-clonado-e-prende-suspeito-de-roubos-em-muriae\\\/#article\",\"isPartOf\":{\"@id\":\"https:\\\/\\\/marcelolopes.jor.br\\\/site\\\/2020\\\/08\\\/04\\\/prf-e-pm-recuperam-carro-clonado-e-prende-suspeito-de-roubos-em-muriae\\\/\"},\"author\":{\"name\":\"Marcelo Lopes\",\"@id\":\"https:\\\/\\\/marcelolopes.jor.br\\\/site\\\/#\\\/schema\\\/person\\\/3e7216a35c34d8fdf952b31da3d1f89f\"},\"headline\":\"PRF e PM recuperam carro clonado e prende suspeito de roubos em Muria\u00e9\",\"datePublished\":\"2020-08-05T01:30:40+00:00\",\"mainEntityOfPage\":{\"@id\":\"https:\\\/\\\/marcelolopes.jor.br\\\/site\\\/2020\\\/08\\\/04\\\/prf-e-pm-recuperam-carro-clonado-e-prende-suspeito-de-roubos-em-muriae\\\/\"},\"wordCount\":213,\"commentCount\":0,\"publisher\":{\"@id\":\"https:\\\/\\\/marcelolopes.jor.br\\\/site\\\/#organization\"},\"image\":{\"@id\":\"https:\\\/\\\/marcelolopes.jor.br\\\/site\\\/2020\\\/08\\\/04\\\/prf-e-pm-recuperam-carro-clonado-e-prende-suspeito-de-roubos-em-muriae\\\/#primaryimage\"},\"thumbnailUrl\":\"https:\\\/\\\/marcelolopes.jor.br\\\/site\\\/wp-content\\\/uploads\\\/2020\\\/08\\\/e9710ea4d70d5f0ef2d8993b3e41545c.107.jpg\",\"keywords\":[\"BR-356\",\"carro clonado\",\"rev\u00f3lver\",\"roubo\"],\"articleSection\":[\"Not\u00edcias\"],\"inLanguage\":\"pt-BR\",\"potentialAction\":[{\"@type\":\"CommentAction\",\"name\":\"Comment\",\"target\":[\"https:\\\/\\\/marcelolopes.jor.br\\\/site\\\/2020\\\/08\\\/04\\\/prf-e-pm-recuperam-carro-clonado-e-prende-suspeito-de-roubos-em-muriae\\\/#respond\"]}]},{\"@type\":\"WebPage\",\"@id\":\"https:\\\/\\\/marcelolopes.jor.br\\\/site\\\/2020\\\/08\\\/04\\\/prf-e-pm-recuperam-carro-clonado-e-prende-suspeito-de-roubos-em-muriae\\\/\",\"url\":\"https:\\\/\\\/marcelolopes.jor.br\\\/site\\\/2020\\\/08\\\/04\\\/prf-e-pm-recuperam-carro-clonado-e-prende-suspeito-de-roubos-em-muriae\\\/\",\"name\":\"PRF e PM recuperam carro clonado e prende suspeito de roubos em Muria\u00e9 | Marcelo Lopes\",\"isPartOf\":{\"@id\":\"https:\\\/\\\/marcelolopes.jor.br\\\/site\\\/#website\"},\"primaryImageOfPage\":{\"@id\":\"https:\\\/\\\/marcelolopes.jor.br\\\/site\\\/2020\\\/08\\\/04\\\/prf-e-pm-recuperam-carro-clonado-e-prende-suspeito-de-roubos-em-muriae\\\/#primaryimage\"},\"image\":{\"@id\":\"https:\\\/\\\/marcelolopes.jor.br\\\/site\\\/2020\\\/08\\\/04\\\/prf-e-pm-recuperam-carro-clonado-e-prende-suspeito-de-roubos-em-muriae\\\/#primaryimage\"},\"thumbnailUrl\":\"https:\\\/\\\/marcelolopes.jor.br\\\/site\\\/wp-content\\\/uploads\\\/2020\\\/08\\\/e9710ea4d70d5f0ef2d8993b3e41545c.107.jpg\",\"datePublished\":\"2020-08-05T01:30:40+00:00\",\"breadcrumb\":{\"@id\":\"https:\\\/\\\/marcelolopes.jor.br\\\/site\\\/2020\\\/08\\\/04\\\/prf-e-pm-recuperam-carro-clonado-e-prende-suspeito-de-roubos-em-muriae\\\/#breadcrumb\"},\"inLanguage\":\"pt-BR\",\"potentialAction\":[{\"@type\":\"ReadAction\",\"target\":[\"https:\\\/\\\/marcelolopes.jor.br\\\/site\\\/2020\\\/08\\\/04\\\/prf-e-pm-recuperam-carro-clonado-e-prende-suspeito-de-roubos-em-muriae\\\/\"]}]},{\"@type\":\"ImageObject\",\"inLanguage\":\"pt-BR\",\"@id\":\"https:\\\/\\\/marcelolopes.jor.br\\\/site\\\/2020\\\/08\\\/04\\\/prf-e-pm-recuperam-carro-clonado-e-prende-suspeito-de-roubos-em-muriae\\\/#primaryimage\",\"url\":\"https:\\\/\\\/marcelolopes.jor.br\\\/site\\\/wp-content\\\/uploads\\\/2020\\\/08\\\/e9710ea4d70d5f0ef2d8993b3e41545c.107.jpg\",\"contentUrl\":\"https:\\\/\\\/marcelolopes.jor.br\\\/site\\\/wp-content\\\/uploads\\\/2020\\\/08\\\/e9710ea4d70d5f0ef2d8993b3e41545c.107.jpg\",\"width\":700,\"height\":525},{\"@type\":\"BreadcrumbList\",\"@id\":\"https:\\\/\\\/marcelolopes.jor.br\\\/site\\\/2020\\\/08\\\/04\\\/prf-e-pm-recuperam-carro-clonado-e-prende-suspeito-de-roubos-em-muriae\\\/#breadcrumb\",\"itemListElement\":[{\"@type\":\"ListItem\",\"position\":1,\"name\":\"Home\",\"item\":\"https:\\\/\\\/marcelolopes.jor.br\\\/site\\\/\"},{\"@type\":\"ListItem\",\"position\":2,\"name\":\"PRF e PM recuperam carro clonado e prende suspeito de roubos em Muria\u00e9\"}]},{\"@type\":\"WebSite\",\"@id\":\"https:\\\/\\\/marcelolopes.jor.br\\\/site\\\/#website\",\"url\":\"https:\\\/\\\/marcelolopes.jor.br\\\/site\\\/\",\"name\":\"Marcelo Lopes\",\"description\":\"Not\u00edcias de Cataguases e Regi\u00e3o\",\"publisher\":{\"@id\":\"https:\\\/\\\/marcelolopes.jor.br\\\/site\\\/#organization\"},\"potentialAction\":[{\"@type\":\"SearchAction\",\"target\":{\"@type\":\"EntryPoint\",\"urlTemplate\":\"https:\\\/\\\/marcelolopes.jor.br\\\/site\\\/?s={search_term_string}\"},\"query-input\":{\"@type\":\"PropertyValueSpecification\",\"valueRequired\":true,\"valueName\":\"search_term_string\"}}],\"inLanguage\":\"pt-BR\"},{\"@type\":\"Organization\",\"@id\":\"https:\\\/\\\/marcelolopes.jor.br\\\/site\\\/#organization\",\"name\":\"Site do Marcelo Lopes\",\"url\":\"https:\\\/\\\/marcelolopes.jor.br\\\/site\\\/\",\"logo\":{\"@type\":\"ImageObject\",\"inLanguage\":\"pt-BR\",\"@id\":\"https:\\\/\\\/marcelolopes.jor.br\\\/site\\\/#\\\/schema\\\/logo\\\/image\\\/\",\"url\":\"https:\\\/\\\/marcelolopes.jor.br\\\/site\\\/wp-content\\\/uploads\\\/2024\\\/11\\\/logo-1.png\",\"contentUrl\":\"https:\\\/\\\/marcelolopes.jor.br\\\/site\\\/wp-content\\\/uploads\\\/2024\\\/11\\\/logo-1.png\",\"width\":475,\"height\":80,\"caption\":\"Site do Marcelo Lopes\"},\"image\":{\"@id\":\"https:\\\/\\\/marcelolopes.jor.br\\\/site\\\/#\\\/schema\\\/logo\\\/image\\\/\"},\"sameAs\":[\"https:\\\/\\\/www.facebook.com\\\/sitedomarcelolopes\",\"https:\\\/\\\/www.instagram.com\\\/sitedomarcelolopes\\\/\",\"https:\\\/\\\/www.linkedin.com\\\/company\\\/site-do-marcelo-lopes\\\/\",\"https:\\\/\\\/www.youtube.com\\\/user\\\/marcelolopes957\"]},{\"@type\":\"Person\",\"@id\":\"https:\\\/\\\/marcelolopes.jor.br\\\/site\\\/#\\\/schema\\\/person\\\/3e7216a35c34d8fdf952b31da3d1f89f\",\"name\":\"Marcelo Lopes\",\"sameAs\":[\"http:\\\/\\\/www.marcelolopes.jor.br\"],\"url\":\"https:\\\/\\\/marcelolopes.jor.br\\\/site\\\/author\\\/marcelo\\\/\"}]}<\/script>\n<!-- \/ Yoast SEO plugin. -->","yoast_head_json":{"title":"PRF e PM recuperam carro clonado e prende suspeito de roubos em Muria\u00e9 | Marcelo Lopes","robots":{"index":"index","follow":"follow","max-snippet":"max-snippet:-1","max-image-preview":"max-image-preview:large","max-video-preview":"max-video-preview:-1"},"canonical":"https:\/\/marcelolopes.jor.br\/site\/2020\/08\/04\/prf-e-pm-recuperam-carro-clonado-e-prende-suspeito-de-roubos-em-muriae\/","og_locale":"pt_BR","og_type":"article","og_title":"PRF e PM recuperam carro clonado e prende suspeito de roubos em Muria\u00e9 | Marcelo Lopes","og_description":"Um homem foi preso na tarde desta ter\u00e7a-feira, 04 de agosto, no per\u00edmetro urbano da BR 356, em Muria\u00e9, com um carro clonado. De acordo com informa\u00e7\u00f5es da Pol\u00edcia Rodovi\u00e1ria Federal, o rapaz \u00e9 suspeito de praticar diversos roubos emLeia mais PRF e PM recuperam carro clonado e prende suspeito de roubos em Muria\u00e9","og_url":"https:\/\/marcelolopes.jor.br\/site\/2020\/08\/04\/prf-e-pm-recuperam-carro-clonado-e-prende-suspeito-de-roubos-em-muriae\/","og_site_name":"Marcelo Lopes","article_publisher":"https:\/\/www.facebook.com\/sitedomarcelolopes","article_published_time":"2020-08-05T01:30:40+00:00","og_image":[{"width":700,"height":525,"url":"https:\/\/marcelolopes.jor.br\/site\/wp-content\/uploads\/2020\/08\/e9710ea4d70d5f0ef2d8993b3e41545c.107.jpg","type":"image\/jpeg"}],"author":"Marcelo Lopes","twitter_card":"summary_large_image","twitter_misc":{"Escrito por":"Marcelo Lopes","Est. tempo de leitura":"1 minuto"},"schema":{"@context":"https:\/\/schema.org","@graph":[{"@type":"NewsArticle","@id":"https:\/\/marcelolopes.jor.br\/site\/2020\/08\/04\/prf-e-pm-recuperam-carro-clonado-e-prende-suspeito-de-roubos-em-muriae\/#article","isPartOf":{"@id":"https:\/\/marcelolopes.jor.br\/site\/2020\/08\/04\/prf-e-pm-recuperam-carro-clonado-e-prende-suspeito-de-roubos-em-muriae\/"},"author":{"name":"Marcelo Lopes","@id":"https:\/\/marcelolopes.jor.br\/site\/#\/schema\/person\/3e7216a35c34d8fdf952b31da3d1f89f"},"headline":"PRF e PM recuperam carro clonado e prende suspeito de roubos em Muria\u00e9","datePublished":"2020-08-05T01:30:40+00:00","mainEntityOfPage":{"@id":"https:\/\/marcelolopes.jor.br\/site\/2020\/08\/04\/prf-e-pm-recuperam-carro-clonado-e-prende-suspeito-de-roubos-em-muriae\/"},"wordCount":213,"commentCount":0,"publisher":{"@id":"https:\/\/marcelolopes.jor.br\/site\/#organization"},"image":{"@id":"https:\/\/marcelolopes.jor.br\/site\/2020\/08\/04\/prf-e-pm-recuperam-carro-clonado-e-prende-suspeito-de-roubos-em-muriae\/#primaryimage"},"thumbnailUrl":"https:\/\/marcelolopes.jor.br\/site\/wp-content\/uploads\/2020\/08\/e9710ea4d70d5f0ef2d8993b3e41545c.107.jpg","keywords":["BR-356","carro clonado","rev\u00f3lver","roubo"],"articleSection":["Not\u00edcias"],"inLanguage":"pt-BR","potentialAction":[{"@type":"CommentAction","name":"Comment","target":["https:\/\/marcelolopes.jor.br\/site\/2020\/08\/04\/prf-e-pm-recuperam-carro-clonado-e-prende-suspeito-de-roubos-em-muriae\/#respond"]}]},{"@type":"WebPage","@id":"https:\/\/marcelolopes.jor.br\/site\/2020\/08\/04\/prf-e-pm-recuperam-carro-clonado-e-prende-suspeito-de-roubos-em-muriae\/","url":"https:\/\/marcelolopes.jor.br\/site\/2020\/08\/04\/prf-e-pm-recuperam-carro-clonado-e-prende-suspeito-de-roubos-em-muriae\/","name":"PRF e PM recuperam carro clonado e prende suspeito de roubos em Muria\u00e9 | Marcelo Lopes","isPartOf":{"@id":"https:\/\/marcelolopes.jor.br\/site\/#website"},"primaryImageOfPage":{"@id":"https:\/\/marcelolopes.jor.br\/site\/2020\/08\/04\/prf-e-pm-recuperam-carro-clonado-e-prende-suspeito-de-roubos-em-muriae\/#primaryimage"},"image":{"@id":"https:\/\/marcelolopes.jor.br\/site\/2020\/08\/04\/prf-e-pm-recuperam-carro-clonado-e-prende-suspeito-de-roubos-em-muriae\/#primaryimage"},"thumbnailUrl":"https:\/\/marcelolopes.jor.br\/site\/wp-content\/uploads\/2020\/08\/e9710ea4d70d5f0ef2d8993b3e41545c.107.jpg","datePublished":"2020-08-05T01:30:40+00:00","breadcrumb":{"@id":"https:\/\/marcelolopes.jor.br\/site\/2020\/08\/04\/prf-e-pm-recuperam-carro-clonado-e-prende-suspeito-de-roubos-em-muriae\/#breadcrumb"},"inLanguage":"pt-BR","potentialAction":[{"@type":"ReadAction","target":["https:\/\/marcelolopes.jor.br\/site\/2020\/08\/04\/prf-e-pm-recuperam-carro-clonado-e-prende-suspeito-de-roubos-em-muriae\/"]}]},{"@type":"ImageObject","inLanguage":"pt-BR","@id":"https:\/\/marcelolopes.jor.br\/site\/2020\/08\/04\/prf-e-pm-recuperam-carro-clonado-e-prende-suspeito-de-roubos-em-muriae\/#primaryimage","url":"https:\/\/marcelolopes.jor.br\/site\/wp-content\/uploads\/2020\/08\/e9710ea4d70d5f0ef2d8993b3e41545c.107.jpg","contentUrl":"https:\/\/marcelolopes.jor.br\/site\/wp-content\/uploads\/2020\/08\/e9710ea4d70d5f0ef2d8993b3e41545c.107.jpg","width":700,"height":525},{"@type":"BreadcrumbList","@id":"https:\/\/marcelolopes.jor.br\/site\/2020\/08\/04\/prf-e-pm-recuperam-carro-clonado-e-prende-suspeito-de-roubos-em-muriae\/#breadcrumb","itemListElement":[{"@type":"ListItem","position":1,"name":"Home","item":"https:\/\/marcelolopes.jor.br\/site\/"},{"@type":"ListItem","position":2,"name":"PRF e PM recuperam carro clonado e prende suspeito de roubos em Muria\u00e9"}]},{"@type":"WebSite","@id":"https:\/\/marcelolopes.jor.br\/site\/#website","url":"https:\/\/marcelolopes.jor.br\/site\/","name":"Marcelo Lopes","description":"Not\u00edcias de Cataguases e Regi\u00e3o","publisher":{"@id":"https:\/\/marcelolopes.jor.br\/site\/#organization"},"potentialAction":[{"@type":"SearchAction","target":{"@type":"EntryPoint","urlTemplate":"https:\/\/marcelolopes.jor.br\/site\/?s={search_term_string}"},"query-input":{"@type":"PropertyValueSpecification","valueRequired":true,"valueName":"search_term_string"}}],"inLanguage":"pt-BR"},{"@type":"Organization","@id":"https:\/\/marcelolopes.jor.br\/site\/#organization","name":"Site do Marcelo Lopes","url":"https:\/\/marcelolopes.jor.br\/site\/","logo":{"@type":"ImageObject","inLanguage":"pt-BR","@id":"https:\/\/marcelolopes.jor.br\/site\/#\/schema\/logo\/image\/","url":"https:\/\/marcelolopes.jor.br\/site\/wp-content\/uploads\/2024\/11\/logo-1.png","contentUrl":"https:\/\/marcelolopes.jor.br\/site\/wp-content\/uploads\/2024\/11\/logo-1.png","width":475,"height":80,"caption":"Site do Marcelo Lopes"},"image":{"@id":"https:\/\/marcelolopes.jor.br\/site\/#\/schema\/logo\/image\/"},"sameAs":["https:\/\/www.facebook.com\/sitedomarcelolopes","https:\/\/www.instagram.com\/sitedomarcelolopes\/","https:\/\/www.linkedin.com\/company\/site-do-marcelo-lopes\/","https:\/\/www.youtube.com\/user\/marcelolopes957"]},{"@type":"Person","@id":"https:\/\/marcelolopes.jor.br\/site\/#\/schema\/person\/3e7216a35c34d8fdf952b31da3d1f89f","name":"Marcelo Lopes","sameAs":["http:\/\/www.marcelolopes.jor.br"],"url":"https:\/\/marcelolopes.jor.br\/site\/author\/marcelo\/"}]}},"wps_subtitle":"Os policiais encontraram um rev\u00f3lver municiado na resid\u00eancia do suspeito.","_links":{"self":[{"href":"https:\/\/marcelolopes.jor.br\/site\/wp-json\/wp\/v2\/posts\/16287","targetHints":{"allow":["GET"]}}],"collection":[{"href":"https:\/\/marcelolopes.jor.br\/site\/wp-json\/wp\/v2\/posts"}],"about":[{"href":"https:\/\/marcelolopes.jor.br\/site\/wp-json\/wp\/v2\/types\/post"}],"author":[{"embeddable":true,"href":"https:\/\/marcelolopes.jor.br\/site\/wp-json\/wp\/v2\/users\/2"}],"replies":[{"embeddable":true,"href":"https:\/\/marcelolopes.jor.br\/site\/wp-json\/wp\/v2\/comments?post=16287"}],"version-history":[{"count":0,"href":"https:\/\/marcelolopes.jor.br\/site\/wp-json\/wp\/v2\/posts\/16287\/revisions"}],"wp:featuredmedia":[{"embeddable":true,"href":"https:\/\/marcelolopes.jor.br\/site\/wp-json\/wp\/v2\/media\/16289"}],"wp:attachment":[{"href":"https:\/\/marcelolopes.jor.br\/site\/wp-json\/wp\/v2\/media?parent=16287"}],"wp:term":[{"taxonomy":"category","embeddable":true,"href":"https:\/\/marcelolopes.jor.br\/site\/wp-json\/wp\/v2\/categories?post=16287"},{"taxonomy":"post_tag","embeddable":true,"href":"https:\/\/marcelolopes.jor.br\/site\/wp-json\/wp\/v2\/tags?post=16287"}],"curies":[{"name":"wp","href":"https:\/\/api.w.org\/{rel}","templated":true}]}}