{"id":16241,"date":"2020-08-02T14:02:18","date_gmt":"2020-08-02T17:02:18","guid":{"rendered":"https:\/\/marcelolopes.jor.br\/?p=16241"},"modified":"2020-08-02T14:02:18","modified_gmt":"2020-08-02T17:02:18","slug":"homem-e-baleado-nas-costas-em-dona-euzebia","status":"publish","type":"post","link":"https:\/\/marcelolopes.jor.br\/site\/2020\/08\/02\/homem-e-baleado-nas-costas-em-dona-euzebia\/","title":{"rendered":"Homem \u00e9 baleado nas costas em Dona Euz\u00e9bia"},"content":{"rendered":"<p style=\"text-align: justify;\">Um homem foi baleado na manh\u00e3 deste domingo, 02 de agosto, em Dona Euz\u00e9bia. O autor do disparo, um jovem de 22 anos, estava foragido at\u00e9 o fechamento desta mat\u00e9ria. A Pol\u00edcia Militar, que atendeu a ocorr\u00eancia, faz buscas \u00e0 procura do suspeito e a v\u00edtima foi encaminhada para o Pronto-Socorro do Hospital de Cataguases com a ajuda da m\u00e3e do autor dos disparos. Seu quadro de sa\u00fade \u00e9 est\u00e1vel, segundo informa\u00e7\u00f5es preliminares.<!--more--><\/p>\n<p style=\"text-align: justify;\">De acordo com informa\u00e7\u00f5es obtidas junto aos militares do Destacamento da Pol\u00edcia Militar em Dona Euz\u00e9bia, \u00a0a v\u00edtima, cuja idade n\u00e3o foi divulgada, vem se desentendendo h\u00e1 alguns dias com o autor do disparo.\u00a0O motivo, inicialmente, seria o fato dele ter &#8211; supostamente &#8211; manifestado interesse pela m\u00e3e do autor. \u00a0No come\u00e7o da manh\u00e3 deste domingo, 02, inclusive, ap\u00f3s um atrito verbal, a v\u00edtima acertou-lhe um soco. Poucos minutos depois, o jovem voltou ao local &#8211; em frente a um bar localizado em um bairro daquela cidade &#8211; e efetuou um disparo de arma de fogo que atingiu seu desafeto nas costas, fugindo em seguida.<\/p>\n<p>At\u00e9 o fechamento desta mat\u00e9ria a Pol\u00edcia Militar seguia \u00e0 procura do autor e da arma de fogo por ele utilizada.<\/p>\n<div class=\"whpti69f5db78782f6\" ><br><\/div><style type=\"text\/css\">\r\n@media screen and (min-width: 1201px) {\r\n.whpti69f5db78782f6 {\r\ndisplay: block;\r\n}\r\n}\r\n@media screen and (min-width: 993px) and (max-width: 1200px) {\r\n.whpti69f5db78782f6 {\r\ndisplay: block;\r\n}\r\n}\r\n@media screen and (min-width: 769px) and (max-width: 992px) {\r\n.whpti69f5db78782f6 {\r\ndisplay: block;\r\n}\r\n}\r\n@media screen and (min-width: 768px) and (max-width: 768px) {\r\n.whpti69f5db78782f6 {\r\ndisplay: block;\r\n}\r\n}\r\n@media screen and (max-width: 767px) {\r\n.whpti69f5db78782f6 {\r\ndisplay: block;\r\n}\r\n}\r\n<\/style>\r\n<div class=\"xjfli69f5db787cf53\" ><div id=\"div_destino\"><\/div>\r\n<script src=\"https:\/\/cdn.snsrsv.com\/sdk.js\"><\/script>\r\n<script >\r\n      new sdk(\"464030C30061EA8BE065000000000001\") \r\n          .appendTo(\"div_destino\")\r\n          .disableStyle(true) \r\n          .setCacheBusterMacro(\"%%CACHEBUSTER%%\")\r\n          .setSize(\"800\",\"214\")\r\n          .setClickMacro(\"%%CLICK_URL_ESC%%\") \r\n          .setReferrerUrlMacro(\"%%REFERRER_URL_ESC%%\") \r\n          .start(); \r\n<\/script><\/div><style type=\"text\/css\">\r\n@media screen and (min-width: 1201px) {\r\n.xjfli69f5db787cf53 {\r\ndisplay: block;\r\n}\r\n}\r\n@media screen and (min-width: 993px) and (max-width: 1200px) {\r\n.xjfli69f5db787cf53 {\r\ndisplay: block;\r\n}\r\n}\r\n@media screen and (min-width: 769px) and (max-width: 992px) {\r\n.xjfli69f5db787cf53 {\r\ndisplay: block;\r\n}\r\n}\r\n@media screen and (min-width: 768px) and (max-width: 768px) {\r\n.xjfli69f5db787cf53 {\r\ndisplay: block;\r\n}\r\n}\r\n@media screen and (max-width: 767px) {\r\n.xjfli69f5db787cf53 {\r\ndisplay: block;\r\n}\r\n}\r\n<\/style>\r\n","protected":false},"excerpt":{"rendered":"<p>Um homem foi baleado na manh\u00e3 deste domingo, 02 de agosto, em Dona Euz\u00e9bia. O autor do disparo, um jovem de 22 anos, estava foragido at\u00e9 o fechamento desta mat\u00e9ria. A Pol\u00edcia Militar, que atendeu a ocorr\u00eancia, faz buscas \u00e0<\/p>\n<p class=\"link-more\"><a class=\"more-link\" href=\"https:\/\/marcelolopes.jor.br\/site\/2020\/08\/02\/homem-e-baleado-nas-costas-em-dona-euzebia\/\">Leia mais <span class=\"screen-reader-text\">Homem \u00e9 baleado nas costas em Dona Euz\u00e9bia<\/span><\/a><\/p>\n","protected":false},"author":2,"featured_media":3195,"comment_status":"open","ping_status":"open","sticky":false,"template":"","format":"standard","meta":{"footnotes":""},"categories":[1],"tags":[360,222,388,132],"class_list":["post-16241","post","type-post","status-publish","format-standard","has-post-thumbnail","hentry","category-noticias","tag-baleado","tag-briga","tag-dona-euzebia","tag-tiro","thumb-below-title"],"yoast_head":"<!-- This site is optimized with the Yoast SEO plugin v27.4 - https:\/\/yoast.com\/product\/yoast-seo-wordpress\/ -->\n<title>Homem \u00e9 baleado nas costas em Dona Euz\u00e9bia | Marcelo Lopes<\/title>\n<meta name=\"robots\" content=\"index, follow, max-snippet:-1, max-image-preview:large, max-video-preview:-1\" \/>\n<link rel=\"canonical\" href=\"https:\/\/marcelolopes.jor.br\/site\/2020\/08\/02\/homem-e-baleado-nas-costas-em-dona-euzebia\/\" \/>\n<meta property=\"og:locale\" content=\"pt_BR\" \/>\n<meta property=\"og:type\" content=\"article\" \/>\n<meta property=\"og:title\" content=\"Homem \u00e9 baleado nas costas em Dona Euz\u00e9bia | Marcelo Lopes\" \/>\n<meta property=\"og:description\" content=\"Um homem foi baleado na manh\u00e3 deste domingo, 02 de agosto, em Dona Euz\u00e9bia. O autor do disparo, um jovem de 22 anos, estava foragido at\u00e9 o fechamento desta mat\u00e9ria. A Pol\u00edcia Militar, que atendeu a ocorr\u00eancia, faz buscas \u00e0Leia mais Homem \u00e9 baleado nas costas em Dona Euz\u00e9bia\" \/>\n<meta property=\"og:url\" content=\"https:\/\/marcelolopes.jor.br\/site\/2020\/08\/02\/homem-e-baleado-nas-costas-em-dona-euzebia\/\" \/>\n<meta property=\"og:site_name\" content=\"Marcelo Lopes\" \/>\n<meta property=\"article:publisher\" content=\"https:\/\/www.facebook.com\/sitedomarcelolopes\" \/>\n<meta property=\"article:published_time\" content=\"2020-08-02T17:02:18+00:00\" \/>\n<meta property=\"og:image\" content=\"https:\/\/marcelolopes.jor.br\/site\/wp-content\/uploads\/2019\/07\/Vinheta-Pol\u00edcia.jpg\" \/>\n\t<meta property=\"og:image:width\" content=\"680\" \/>\n\t<meta property=\"og:image:height\" content=\"431\" \/>\n\t<meta property=\"og:image:type\" content=\"image\/jpeg\" \/>\n<meta name=\"author\" content=\"Marcelo Lopes\" \/>\n<meta name=\"twitter:card\" content=\"summary_large_image\" \/>\n<meta name=\"twitter:label1\" content=\"Escrito por\" \/>\n\t<meta name=\"twitter:data1\" content=\"Marcelo Lopes\" \/>\n\t<meta name=\"twitter:label2\" content=\"Est. tempo de leitura\" \/>\n\t<meta name=\"twitter:data2\" content=\"1 minuto\" \/>\n<script type=\"application\/ld+json\" class=\"yoast-schema-graph\">{\"@context\":\"https:\\\/\\\/schema.org\",\"@graph\":[{\"@type\":\"NewsArticle\",\"@id\":\"https:\\\/\\\/marcelolopes.jor.br\\\/site\\\/2020\\\/08\\\/02\\\/homem-e-baleado-nas-costas-em-dona-euzebia\\\/#article\",\"isPartOf\":{\"@id\":\"https:\\\/\\\/marcelolopes.jor.br\\\/site\\\/2020\\\/08\\\/02\\\/homem-e-baleado-nas-costas-em-dona-euzebia\\\/\"},\"author\":{\"name\":\"Marcelo Lopes\",\"@id\":\"https:\\\/\\\/marcelolopes.jor.br\\\/site\\\/#\\\/schema\\\/person\\\/3e7216a35c34d8fdf952b31da3d1f89f\"},\"headline\":\"Homem \u00e9 baleado nas costas em Dona Euz\u00e9bia\",\"datePublished\":\"2020-08-02T17:02:18+00:00\",\"mainEntityOfPage\":{\"@id\":\"https:\\\/\\\/marcelolopes.jor.br\\\/site\\\/2020\\\/08\\\/02\\\/homem-e-baleado-nas-costas-em-dona-euzebia\\\/\"},\"wordCount\":222,\"commentCount\":0,\"publisher\":{\"@id\":\"https:\\\/\\\/marcelolopes.jor.br\\\/site\\\/#organization\"},\"image\":{\"@id\":\"https:\\\/\\\/marcelolopes.jor.br\\\/site\\\/2020\\\/08\\\/02\\\/homem-e-baleado-nas-costas-em-dona-euzebia\\\/#primaryimage\"},\"thumbnailUrl\":\"https:\\\/\\\/marcelolopes.jor.br\\\/site\\\/wp-content\\\/uploads\\\/2019\\\/07\\\/Vinheta-Pol\u00edcia.jpg\",\"keywords\":[\"baleado\",\"briga\",\"Dona Euz\u00e9bia\",\"tiro\"],\"articleSection\":[\"Not\u00edcias\"],\"inLanguage\":\"pt-BR\",\"potentialAction\":[{\"@type\":\"CommentAction\",\"name\":\"Comment\",\"target\":[\"https:\\\/\\\/marcelolopes.jor.br\\\/site\\\/2020\\\/08\\\/02\\\/homem-e-baleado-nas-costas-em-dona-euzebia\\\/#respond\"]}]},{\"@type\":\"WebPage\",\"@id\":\"https:\\\/\\\/marcelolopes.jor.br\\\/site\\\/2020\\\/08\\\/02\\\/homem-e-baleado-nas-costas-em-dona-euzebia\\\/\",\"url\":\"https:\\\/\\\/marcelolopes.jor.br\\\/site\\\/2020\\\/08\\\/02\\\/homem-e-baleado-nas-costas-em-dona-euzebia\\\/\",\"name\":\"Homem \u00e9 baleado nas costas em Dona Euz\u00e9bia | Marcelo Lopes\",\"isPartOf\":{\"@id\":\"https:\\\/\\\/marcelolopes.jor.br\\\/site\\\/#website\"},\"primaryImageOfPage\":{\"@id\":\"https:\\\/\\\/marcelolopes.jor.br\\\/site\\\/2020\\\/08\\\/02\\\/homem-e-baleado-nas-costas-em-dona-euzebia\\\/#primaryimage\"},\"image\":{\"@id\":\"https:\\\/\\\/marcelolopes.jor.br\\\/site\\\/2020\\\/08\\\/02\\\/homem-e-baleado-nas-costas-em-dona-euzebia\\\/#primaryimage\"},\"thumbnailUrl\":\"https:\\\/\\\/marcelolopes.jor.br\\\/site\\\/wp-content\\\/uploads\\\/2019\\\/07\\\/Vinheta-Pol\u00edcia.jpg\",\"datePublished\":\"2020-08-02T17:02:18+00:00\",\"breadcrumb\":{\"@id\":\"https:\\\/\\\/marcelolopes.jor.br\\\/site\\\/2020\\\/08\\\/02\\\/homem-e-baleado-nas-costas-em-dona-euzebia\\\/#breadcrumb\"},\"inLanguage\":\"pt-BR\",\"potentialAction\":[{\"@type\":\"ReadAction\",\"target\":[\"https:\\\/\\\/marcelolopes.jor.br\\\/site\\\/2020\\\/08\\\/02\\\/homem-e-baleado-nas-costas-em-dona-euzebia\\\/\"]}]},{\"@type\":\"ImageObject\",\"inLanguage\":\"pt-BR\",\"@id\":\"https:\\\/\\\/marcelolopes.jor.br\\\/site\\\/2020\\\/08\\\/02\\\/homem-e-baleado-nas-costas-em-dona-euzebia\\\/#primaryimage\",\"url\":\"https:\\\/\\\/marcelolopes.jor.br\\\/site\\\/wp-content\\\/uploads\\\/2019\\\/07\\\/Vinheta-Pol\u00edcia.jpg\",\"contentUrl\":\"https:\\\/\\\/marcelolopes.jor.br\\\/site\\\/wp-content\\\/uploads\\\/2019\\\/07\\\/Vinheta-Pol\u00edcia.jpg\",\"width\":680,\"height\":431},{\"@type\":\"BreadcrumbList\",\"@id\":\"https:\\\/\\\/marcelolopes.jor.br\\\/site\\\/2020\\\/08\\\/02\\\/homem-e-baleado-nas-costas-em-dona-euzebia\\\/#breadcrumb\",\"itemListElement\":[{\"@type\":\"ListItem\",\"position\":1,\"name\":\"Home\",\"item\":\"https:\\\/\\\/marcelolopes.jor.br\\\/site\\\/\"},{\"@type\":\"ListItem\",\"position\":2,\"name\":\"Homem \u00e9 baleado nas costas em Dona Euz\u00e9bia\"}]},{\"@type\":\"WebSite\",\"@id\":\"https:\\\/\\\/marcelolopes.jor.br\\\/site\\\/#website\",\"url\":\"https:\\\/\\\/marcelolopes.jor.br\\\/site\\\/\",\"name\":\"Marcelo Lopes\",\"description\":\"Not\u00edcias de Cataguases e Regi\u00e3o\",\"publisher\":{\"@id\":\"https:\\\/\\\/marcelolopes.jor.br\\\/site\\\/#organization\"},\"potentialAction\":[{\"@type\":\"SearchAction\",\"target\":{\"@type\":\"EntryPoint\",\"urlTemplate\":\"https:\\\/\\\/marcelolopes.jor.br\\\/site\\\/?s={search_term_string}\"},\"query-input\":{\"@type\":\"PropertyValueSpecification\",\"valueRequired\":true,\"valueName\":\"search_term_string\"}}],\"inLanguage\":\"pt-BR\"},{\"@type\":\"Organization\",\"@id\":\"https:\\\/\\\/marcelolopes.jor.br\\\/site\\\/#organization\",\"name\":\"Site do Marcelo Lopes\",\"url\":\"https:\\\/\\\/marcelolopes.jor.br\\\/site\\\/\",\"logo\":{\"@type\":\"ImageObject\",\"inLanguage\":\"pt-BR\",\"@id\":\"https:\\\/\\\/marcelolopes.jor.br\\\/site\\\/#\\\/schema\\\/logo\\\/image\\\/\",\"url\":\"https:\\\/\\\/marcelolopes.jor.br\\\/site\\\/wp-content\\\/uploads\\\/2024\\\/11\\\/logo-1.png\",\"contentUrl\":\"https:\\\/\\\/marcelolopes.jor.br\\\/site\\\/wp-content\\\/uploads\\\/2024\\\/11\\\/logo-1.png\",\"width\":475,\"height\":80,\"caption\":\"Site do Marcelo Lopes\"},\"image\":{\"@id\":\"https:\\\/\\\/marcelolopes.jor.br\\\/site\\\/#\\\/schema\\\/logo\\\/image\\\/\"},\"sameAs\":[\"https:\\\/\\\/www.facebook.com\\\/sitedomarcelolopes\",\"https:\\\/\\\/www.instagram.com\\\/sitedomarcelolopes\\\/\",\"https:\\\/\\\/www.linkedin.com\\\/company\\\/site-do-marcelo-lopes\\\/\",\"https:\\\/\\\/www.youtube.com\\\/user\\\/marcelolopes957\"]},{\"@type\":\"Person\",\"@id\":\"https:\\\/\\\/marcelolopes.jor.br\\\/site\\\/#\\\/schema\\\/person\\\/3e7216a35c34d8fdf952b31da3d1f89f\",\"name\":\"Marcelo Lopes\",\"sameAs\":[\"http:\\\/\\\/www.marcelolopes.jor.br\"],\"url\":\"https:\\\/\\\/marcelolopes.jor.br\\\/site\\\/author\\\/marcelo\\\/\"}]}<\/script>\n<!-- \/ Yoast SEO plugin. -->","yoast_head_json":{"title":"Homem \u00e9 baleado nas costas em Dona Euz\u00e9bia | Marcelo Lopes","robots":{"index":"index","follow":"follow","max-snippet":"max-snippet:-1","max-image-preview":"max-image-preview:large","max-video-preview":"max-video-preview:-1"},"canonical":"https:\/\/marcelolopes.jor.br\/site\/2020\/08\/02\/homem-e-baleado-nas-costas-em-dona-euzebia\/","og_locale":"pt_BR","og_type":"article","og_title":"Homem \u00e9 baleado nas costas em Dona Euz\u00e9bia | Marcelo Lopes","og_description":"Um homem foi baleado na manh\u00e3 deste domingo, 02 de agosto, em Dona Euz\u00e9bia. O autor do disparo, um jovem de 22 anos, estava foragido at\u00e9 o fechamento desta mat\u00e9ria. A Pol\u00edcia Militar, que atendeu a ocorr\u00eancia, faz buscas \u00e0Leia mais Homem \u00e9 baleado nas costas em Dona Euz\u00e9bia","og_url":"https:\/\/marcelolopes.jor.br\/site\/2020\/08\/02\/homem-e-baleado-nas-costas-em-dona-euzebia\/","og_site_name":"Marcelo Lopes","article_publisher":"https:\/\/www.facebook.com\/sitedomarcelolopes","article_published_time":"2020-08-02T17:02:18+00:00","og_image":[{"width":680,"height":431,"url":"https:\/\/marcelolopes.jor.br\/site\/wp-content\/uploads\/2019\/07\/Vinheta-Pol\u00edcia.jpg","type":"image\/jpeg"}],"author":"Marcelo Lopes","twitter_card":"summary_large_image","twitter_misc":{"Escrito por":"Marcelo Lopes","Est. tempo de leitura":"1 minuto"},"schema":{"@context":"https:\/\/schema.org","@graph":[{"@type":"NewsArticle","@id":"https:\/\/marcelolopes.jor.br\/site\/2020\/08\/02\/homem-e-baleado-nas-costas-em-dona-euzebia\/#article","isPartOf":{"@id":"https:\/\/marcelolopes.jor.br\/site\/2020\/08\/02\/homem-e-baleado-nas-costas-em-dona-euzebia\/"},"author":{"name":"Marcelo Lopes","@id":"https:\/\/marcelolopes.jor.br\/site\/#\/schema\/person\/3e7216a35c34d8fdf952b31da3d1f89f"},"headline":"Homem \u00e9 baleado nas costas em Dona Euz\u00e9bia","datePublished":"2020-08-02T17:02:18+00:00","mainEntityOfPage":{"@id":"https:\/\/marcelolopes.jor.br\/site\/2020\/08\/02\/homem-e-baleado-nas-costas-em-dona-euzebia\/"},"wordCount":222,"commentCount":0,"publisher":{"@id":"https:\/\/marcelolopes.jor.br\/site\/#organization"},"image":{"@id":"https:\/\/marcelolopes.jor.br\/site\/2020\/08\/02\/homem-e-baleado-nas-costas-em-dona-euzebia\/#primaryimage"},"thumbnailUrl":"https:\/\/marcelolopes.jor.br\/site\/wp-content\/uploads\/2019\/07\/Vinheta-Pol\u00edcia.jpg","keywords":["baleado","briga","Dona Euz\u00e9bia","tiro"],"articleSection":["Not\u00edcias"],"inLanguage":"pt-BR","potentialAction":[{"@type":"CommentAction","name":"Comment","target":["https:\/\/marcelolopes.jor.br\/site\/2020\/08\/02\/homem-e-baleado-nas-costas-em-dona-euzebia\/#respond"]}]},{"@type":"WebPage","@id":"https:\/\/marcelolopes.jor.br\/site\/2020\/08\/02\/homem-e-baleado-nas-costas-em-dona-euzebia\/","url":"https:\/\/marcelolopes.jor.br\/site\/2020\/08\/02\/homem-e-baleado-nas-costas-em-dona-euzebia\/","name":"Homem \u00e9 baleado nas costas em Dona Euz\u00e9bia | Marcelo Lopes","isPartOf":{"@id":"https:\/\/marcelolopes.jor.br\/site\/#website"},"primaryImageOfPage":{"@id":"https:\/\/marcelolopes.jor.br\/site\/2020\/08\/02\/homem-e-baleado-nas-costas-em-dona-euzebia\/#primaryimage"},"image":{"@id":"https:\/\/marcelolopes.jor.br\/site\/2020\/08\/02\/homem-e-baleado-nas-costas-em-dona-euzebia\/#primaryimage"},"thumbnailUrl":"https:\/\/marcelolopes.jor.br\/site\/wp-content\/uploads\/2019\/07\/Vinheta-Pol\u00edcia.jpg","datePublished":"2020-08-02T17:02:18+00:00","breadcrumb":{"@id":"https:\/\/marcelolopes.jor.br\/site\/2020\/08\/02\/homem-e-baleado-nas-costas-em-dona-euzebia\/#breadcrumb"},"inLanguage":"pt-BR","potentialAction":[{"@type":"ReadAction","target":["https:\/\/marcelolopes.jor.br\/site\/2020\/08\/02\/homem-e-baleado-nas-costas-em-dona-euzebia\/"]}]},{"@type":"ImageObject","inLanguage":"pt-BR","@id":"https:\/\/marcelolopes.jor.br\/site\/2020\/08\/02\/homem-e-baleado-nas-costas-em-dona-euzebia\/#primaryimage","url":"https:\/\/marcelolopes.jor.br\/site\/wp-content\/uploads\/2019\/07\/Vinheta-Pol\u00edcia.jpg","contentUrl":"https:\/\/marcelolopes.jor.br\/site\/wp-content\/uploads\/2019\/07\/Vinheta-Pol\u00edcia.jpg","width":680,"height":431},{"@type":"BreadcrumbList","@id":"https:\/\/marcelolopes.jor.br\/site\/2020\/08\/02\/homem-e-baleado-nas-costas-em-dona-euzebia\/#breadcrumb","itemListElement":[{"@type":"ListItem","position":1,"name":"Home","item":"https:\/\/marcelolopes.jor.br\/site\/"},{"@type":"ListItem","position":2,"name":"Homem \u00e9 baleado nas costas em Dona Euz\u00e9bia"}]},{"@type":"WebSite","@id":"https:\/\/marcelolopes.jor.br\/site\/#website","url":"https:\/\/marcelolopes.jor.br\/site\/","name":"Marcelo Lopes","description":"Not\u00edcias de Cataguases e Regi\u00e3o","publisher":{"@id":"https:\/\/marcelolopes.jor.br\/site\/#organization"},"potentialAction":[{"@type":"SearchAction","target":{"@type":"EntryPoint","urlTemplate":"https:\/\/marcelolopes.jor.br\/site\/?s={search_term_string}"},"query-input":{"@type":"PropertyValueSpecification","valueRequired":true,"valueName":"search_term_string"}}],"inLanguage":"pt-BR"},{"@type":"Organization","@id":"https:\/\/marcelolopes.jor.br\/site\/#organization","name":"Site do Marcelo Lopes","url":"https:\/\/marcelolopes.jor.br\/site\/","logo":{"@type":"ImageObject","inLanguage":"pt-BR","@id":"https:\/\/marcelolopes.jor.br\/site\/#\/schema\/logo\/image\/","url":"https:\/\/marcelolopes.jor.br\/site\/wp-content\/uploads\/2024\/11\/logo-1.png","contentUrl":"https:\/\/marcelolopes.jor.br\/site\/wp-content\/uploads\/2024\/11\/logo-1.png","width":475,"height":80,"caption":"Site do Marcelo Lopes"},"image":{"@id":"https:\/\/marcelolopes.jor.br\/site\/#\/schema\/logo\/image\/"},"sameAs":["https:\/\/www.facebook.com\/sitedomarcelolopes","https:\/\/www.instagram.com\/sitedomarcelolopes\/","https:\/\/www.linkedin.com\/company\/site-do-marcelo-lopes\/","https:\/\/www.youtube.com\/user\/marcelolopes957"]},{"@type":"Person","@id":"https:\/\/marcelolopes.jor.br\/site\/#\/schema\/person\/3e7216a35c34d8fdf952b31da3d1f89f","name":"Marcelo Lopes","sameAs":["http:\/\/www.marcelolopes.jor.br"],"url":"https:\/\/marcelolopes.jor.br\/site\/author\/marcelo\/"}]}},"wps_subtitle":"Rapaz est\u00e1 foragido. Fato aconteceu depois de uma briga.","_links":{"self":[{"href":"https:\/\/marcelolopes.jor.br\/site\/wp-json\/wp\/v2\/posts\/16241","targetHints":{"allow":["GET"]}}],"collection":[{"href":"https:\/\/marcelolopes.jor.br\/site\/wp-json\/wp\/v2\/posts"}],"about":[{"href":"https:\/\/marcelolopes.jor.br\/site\/wp-json\/wp\/v2\/types\/post"}],"author":[{"embeddable":true,"href":"https:\/\/marcelolopes.jor.br\/site\/wp-json\/wp\/v2\/users\/2"}],"replies":[{"embeddable":true,"href":"https:\/\/marcelolopes.jor.br\/site\/wp-json\/wp\/v2\/comments?post=16241"}],"version-history":[{"count":0,"href":"https:\/\/marcelolopes.jor.br\/site\/wp-json\/wp\/v2\/posts\/16241\/revisions"}],"wp:featuredmedia":[{"embeddable":true,"href":"https:\/\/marcelolopes.jor.br\/site\/wp-json\/wp\/v2\/media\/3195"}],"wp:attachment":[{"href":"https:\/\/marcelolopes.jor.br\/site\/wp-json\/wp\/v2\/media?parent=16241"}],"wp:term":[{"taxonomy":"category","embeddable":true,"href":"https:\/\/marcelolopes.jor.br\/site\/wp-json\/wp\/v2\/categories?post=16241"},{"taxonomy":"post_tag","embeddable":true,"href":"https:\/\/marcelolopes.jor.br\/site\/wp-json\/wp\/v2\/tags?post=16241"}],"curies":[{"name":"wp","href":"https:\/\/api.w.org\/{rel}","templated":true}]}}