{"id":16203,"date":"2020-07-31T19:00:48","date_gmt":"2020-07-31T22:00:48","guid":{"rendered":"https:\/\/marcelolopes.jor.br\/?p=16203"},"modified":"2020-07-31T18:27:54","modified_gmt":"2020-07-31T21:27:54","slug":"quase-todos-os-funcionarios-do-hc-positivos-para-covid-19-sao-assintomaticos","status":"publish","type":"post","link":"https:\/\/marcelolopes.jor.br\/site\/2020\/07\/31\/quase-todos-os-funcionarios-do-hc-positivos-para-covid-19-sao-assintomaticos\/","title":{"rendered":"Testes revelam 31 funcion\u00e1rios do HC positivos para Covid-19"},"content":{"rendered":"<p style=\"text-align: justify;\">O Hospital de Cataguases come\u00e7ou, quinta-feira, 30 de julho, a testar seus funcion\u00e1rios para a Covid-19. No come\u00e7o da tarde desta sexta-feira, 31, as redes sociais entraram em alvoro\u00e7o com a divulga\u00e7\u00e3o an\u00f4nima do resultado parcial destes testes. Apesar de verdadeiro o boato, a situa\u00e7\u00e3o est\u00e1 longe de ser grave ou motivo de p\u00e2nico. Pelo menos \u00e9 o que garantem os profissionais da \u00e1rea que atuam no Hospital de Cataguases ouvidos pela reportagem do Site do Marcelo Lopes que foi at\u00e9 l\u00e1 esclarecer o assunto.<!--more--><\/p>\n<p style=\"text-align: justify;\">A biom\u00e9dica Let\u00edcia Lima Cardoso Abdo, respons\u00e1vel pelo laborat\u00f3rio de an\u00e1lises cl\u00ednicas do Hospital de Cataguases, confirmou que 56 profissionais das UTIs Geral e Covid, al\u00e9m daqueles que trabalham na Enfermaria Covid foram os primeiros a serem testados, sendo que 31 resultaram positivo para a doen\u00e7a. Destes, completa Eloi de Oliveira Rodrigues, Gerente de Enfermagem, &#8220;noventa por cento s\u00e3o assintom\u00e1ticos e os demais apresentaram sintomas leves. Todos foram medicados e orientados al\u00e9m de estarem em isolamento, obedecendo os protocolos de sa\u00fade&#8221;, explicou.<\/p>\n<p style=\"text-align: justify;\">Let\u00edcia conta que apesar do n\u00famero de infectados divulgado inicialmente assustar as pessoas, \u00e9 preciso analisar o quadro como um todo. &#8220;Neste caso aqui do Hospital tivemos v\u00e1rios pacientes testados que j\u00e1 apresentam, inclusive, os anticorpos da doen\u00e7a. Ou seja: pegaram a Covid-19, n\u00e3o tiveram nenhum sintoma e j\u00e1 desenvolveram a defesa para o v\u00edrus. Isto, ali\u00e1s, \u00e9 o que mais ocorre, porque a maioria das pessoas n\u00e3o apresenta os sintomas da doen\u00e7a&#8221;, ressalta. Para tranquilizar ainda mais, Eloi completa dizendo que nenhum destes profissionais testados est\u00e1 internado no Hospital.<\/p>\n<p style=\"text-align: justify;\">&#8211; O \u00fanico entrave que esta situa\u00e7\u00e3o trouxe para o Hospital foi a perda repentina de m\u00e3o-de-obra, explica M\u00e1ximo Barbosa Silva, Administrador do Hospital. &#8220;Como estes funcion\u00e1rios est\u00e3o em isolamento n\u00f3s estamos alterando as escalas de trabalho e os que est\u00e3o na ativa se revezam para dar conta do atendimento que, gra\u00e7as a esta compreens\u00e3o e profissionalismo, se mant\u00e9m inalterado&#8221;, disse. Neste s\u00e1bado, 1\u00ba, a testagem ser\u00e1 realizada nos profissionais do Pronto-Socorro, e refor\u00e7ou: &#8220;Aqui, todos ser\u00e3o testados.&#8221; \u00c9 importante lembrar que quanto mais testes, mais resultados positivos ser\u00e3o conhecidos.<\/p>\n<div class=\"dacsm69f75c48cb4ae\" ><br><\/div><style type=\"text\/css\">\r\n@media screen and (min-width: 1201px) {\r\n.dacsm69f75c48cb4ae {\r\ndisplay: block;\r\n}\r\n}\r\n@media screen and (min-width: 993px) and (max-width: 1200px) {\r\n.dacsm69f75c48cb4ae {\r\ndisplay: block;\r\n}\r\n}\r\n@media screen and (min-width: 769px) and (max-width: 992px) {\r\n.dacsm69f75c48cb4ae {\r\ndisplay: block;\r\n}\r\n}\r\n@media screen and (min-width: 768px) and (max-width: 768px) {\r\n.dacsm69f75c48cb4ae {\r\ndisplay: block;\r\n}\r\n}\r\n@media screen and (max-width: 767px) {\r\n.dacsm69f75c48cb4ae {\r\ndisplay: block;\r\n}\r\n}\r\n<\/style>\r\n<div class=\"twmsh69f75c48d05aa\" ><div id=\"div_destino\"><\/div>\r\n<script src=\"https:\/\/cdn.snsrsv.com\/sdk.js\"><\/script>\r\n<script >\r\n      new sdk(\"464030C30061EA8BE065000000000001\") \r\n          .appendTo(\"div_destino\")\r\n          .disableStyle(true) \r\n          .setCacheBusterMacro(\"%%CACHEBUSTER%%\")\r\n          .setSize(\"800\",\"214\")\r\n          .setClickMacro(\"%%CLICK_URL_ESC%%\") \r\n          .setReferrerUrlMacro(\"%%REFERRER_URL_ESC%%\") \r\n          .start(); \r\n<\/script><\/div><style type=\"text\/css\">\r\n@media screen and (min-width: 1201px) {\r\n.twmsh69f75c48d05aa {\r\ndisplay: block;\r\n}\r\n}\r\n@media screen and (min-width: 993px) and (max-width: 1200px) {\r\n.twmsh69f75c48d05aa {\r\ndisplay: block;\r\n}\r\n}\r\n@media screen and (min-width: 769px) and (max-width: 992px) {\r\n.twmsh69f75c48d05aa {\r\ndisplay: block;\r\n}\r\n}\r\n@media screen and (min-width: 768px) and (max-width: 768px) {\r\n.twmsh69f75c48d05aa {\r\ndisplay: block;\r\n}\r\n}\r\n@media screen and (max-width: 767px) {\r\n.twmsh69f75c48d05aa {\r\ndisplay: block;\r\n}\r\n}\r\n<\/style>\r\n","protected":false},"excerpt":{"rendered":"<p>O Hospital de Cataguases come\u00e7ou, quinta-feira, 30 de julho, a testar seus funcion\u00e1rios para a Covid-19. No come\u00e7o da tarde desta sexta-feira, 31, as redes sociais entraram em alvoro\u00e7o com a divulga\u00e7\u00e3o an\u00f4nima do resultado parcial destes testes. Apesar de<\/p>\n<p class=\"link-more\"><a class=\"more-link\" href=\"https:\/\/marcelolopes.jor.br\/site\/2020\/07\/31\/quase-todos-os-funcionarios-do-hc-positivos-para-covid-19-sao-assintomaticos\/\">Leia mais <span class=\"screen-reader-text\">Testes revelam 31 funcion\u00e1rios do HC positivos para Covid-19<\/span><\/a><\/p>\n","protected":false},"author":2,"featured_media":16205,"comment_status":"open","ping_status":"open","sticky":false,"template":"","format":"standard","meta":{"footnotes":""},"categories":[1],"tags":[2241,496,341,2477],"class_list":["post-16203","post","type-post","status-publish","format-standard","has-post-thumbnail","hentry","category-noticias","tag-covid-19","tag-funcionarios","tag-hospital-de-cataguases","tag-testes-covid-19","thumb-below-title"],"yoast_head":"<!-- This site is optimized with the Yoast SEO plugin v27.4 - https:\/\/yoast.com\/product\/yoast-seo-wordpress\/ -->\n<title>Testes revelam 31 funcion\u00e1rios do HC positivos para Covid-19 | Marcelo Lopes<\/title>\n<meta name=\"robots\" content=\"index, follow, max-snippet:-1, max-image-preview:large, max-video-preview:-1\" \/>\n<link rel=\"canonical\" href=\"https:\/\/marcelolopes.jor.br\/site\/2020\/07\/31\/quase-todos-os-funcionarios-do-hc-positivos-para-covid-19-sao-assintomaticos\/\" \/>\n<meta property=\"og:locale\" content=\"pt_BR\" \/>\n<meta property=\"og:type\" content=\"article\" \/>\n<meta property=\"og:title\" content=\"Testes revelam 31 funcion\u00e1rios do HC positivos para Covid-19 | Marcelo Lopes\" \/>\n<meta property=\"og:description\" content=\"O Hospital de Cataguases come\u00e7ou, quinta-feira, 30 de julho, a testar seus funcion\u00e1rios para a Covid-19. No come\u00e7o da tarde desta sexta-feira, 31, as redes sociais entraram em alvoro\u00e7o com a divulga\u00e7\u00e3o an\u00f4nima do resultado parcial destes testes. Apesar deLeia mais Testes revelam 31 funcion\u00e1rios do HC positivos para Covid-19\" \/>\n<meta property=\"og:url\" content=\"https:\/\/marcelolopes.jor.br\/site\/2020\/07\/31\/quase-todos-os-funcionarios-do-hc-positivos-para-covid-19-sao-assintomaticos\/\" \/>\n<meta property=\"og:site_name\" content=\"Marcelo Lopes\" \/>\n<meta property=\"article:publisher\" content=\"https:\/\/www.facebook.com\/sitedomarcelolopes\" \/>\n<meta property=\"article:published_time\" content=\"2020-07-31T22:00:48+00:00\" \/>\n<meta property=\"og:image\" content=\"https:\/\/marcelolopes.jor.br\/site\/wp-content\/uploads\/2020\/07\/IMG_4221.jpeg\" \/>\n\t<meta property=\"og:image:width\" content=\"800\" \/>\n\t<meta property=\"og:image:height\" content=\"450\" \/>\n\t<meta property=\"og:image:type\" content=\"image\/jpeg\" \/>\n<meta name=\"author\" content=\"Marcelo Lopes\" \/>\n<meta name=\"twitter:card\" content=\"summary_large_image\" \/>\n<meta name=\"twitter:label1\" content=\"Escrito por\" \/>\n\t<meta name=\"twitter:data1\" content=\"Marcelo Lopes\" \/>\n\t<meta name=\"twitter:label2\" content=\"Est. tempo de leitura\" \/>\n\t<meta name=\"twitter:data2\" content=\"2 minutos\" \/>\n<script type=\"application\/ld+json\" class=\"yoast-schema-graph\">{\"@context\":\"https:\\\/\\\/schema.org\",\"@graph\":[{\"@type\":\"NewsArticle\",\"@id\":\"https:\\\/\\\/marcelolopes.jor.br\\\/site\\\/2020\\\/07\\\/31\\\/quase-todos-os-funcionarios-do-hc-positivos-para-covid-19-sao-assintomaticos\\\/#article\",\"isPartOf\":{\"@id\":\"https:\\\/\\\/marcelolopes.jor.br\\\/site\\\/2020\\\/07\\\/31\\\/quase-todos-os-funcionarios-do-hc-positivos-para-covid-19-sao-assintomaticos\\\/\"},\"author\":{\"name\":\"Marcelo Lopes\",\"@id\":\"https:\\\/\\\/marcelolopes.jor.br\\\/site\\\/#\\\/schema\\\/person\\\/3e7216a35c34d8fdf952b31da3d1f89f\"},\"headline\":\"Testes revelam 31 funcion\u00e1rios do HC positivos para Covid-19\",\"datePublished\":\"2020-07-31T22:00:48+00:00\",\"mainEntityOfPage\":{\"@id\":\"https:\\\/\\\/marcelolopes.jor.br\\\/site\\\/2020\\\/07\\\/31\\\/quase-todos-os-funcionarios-do-hc-positivos-para-covid-19-sao-assintomaticos\\\/\"},\"wordCount\":390,\"commentCount\":0,\"publisher\":{\"@id\":\"https:\\\/\\\/marcelolopes.jor.br\\\/site\\\/#organization\"},\"image\":{\"@id\":\"https:\\\/\\\/marcelolopes.jor.br\\\/site\\\/2020\\\/07\\\/31\\\/quase-todos-os-funcionarios-do-hc-positivos-para-covid-19-sao-assintomaticos\\\/#primaryimage\"},\"thumbnailUrl\":\"https:\\\/\\\/marcelolopes.jor.br\\\/site\\\/wp-content\\\/uploads\\\/2020\\\/07\\\/IMG_4221.jpeg\",\"keywords\":[\"covid-19\",\"funcion\u00e1rios\",\"Hospital de Cataguases\",\"testes Covid-19\"],\"articleSection\":[\"Not\u00edcias\"],\"inLanguage\":\"pt-BR\",\"potentialAction\":[{\"@type\":\"CommentAction\",\"name\":\"Comment\",\"target\":[\"https:\\\/\\\/marcelolopes.jor.br\\\/site\\\/2020\\\/07\\\/31\\\/quase-todos-os-funcionarios-do-hc-positivos-para-covid-19-sao-assintomaticos\\\/#respond\"]}]},{\"@type\":\"WebPage\",\"@id\":\"https:\\\/\\\/marcelolopes.jor.br\\\/site\\\/2020\\\/07\\\/31\\\/quase-todos-os-funcionarios-do-hc-positivos-para-covid-19-sao-assintomaticos\\\/\",\"url\":\"https:\\\/\\\/marcelolopes.jor.br\\\/site\\\/2020\\\/07\\\/31\\\/quase-todos-os-funcionarios-do-hc-positivos-para-covid-19-sao-assintomaticos\\\/\",\"name\":\"Testes revelam 31 funcion\u00e1rios do HC positivos para Covid-19 | Marcelo Lopes\",\"isPartOf\":{\"@id\":\"https:\\\/\\\/marcelolopes.jor.br\\\/site\\\/#website\"},\"primaryImageOfPage\":{\"@id\":\"https:\\\/\\\/marcelolopes.jor.br\\\/site\\\/2020\\\/07\\\/31\\\/quase-todos-os-funcionarios-do-hc-positivos-para-covid-19-sao-assintomaticos\\\/#primaryimage\"},\"image\":{\"@id\":\"https:\\\/\\\/marcelolopes.jor.br\\\/site\\\/2020\\\/07\\\/31\\\/quase-todos-os-funcionarios-do-hc-positivos-para-covid-19-sao-assintomaticos\\\/#primaryimage\"},\"thumbnailUrl\":\"https:\\\/\\\/marcelolopes.jor.br\\\/site\\\/wp-content\\\/uploads\\\/2020\\\/07\\\/IMG_4221.jpeg\",\"datePublished\":\"2020-07-31T22:00:48+00:00\",\"breadcrumb\":{\"@id\":\"https:\\\/\\\/marcelolopes.jor.br\\\/site\\\/2020\\\/07\\\/31\\\/quase-todos-os-funcionarios-do-hc-positivos-para-covid-19-sao-assintomaticos\\\/#breadcrumb\"},\"inLanguage\":\"pt-BR\",\"potentialAction\":[{\"@type\":\"ReadAction\",\"target\":[\"https:\\\/\\\/marcelolopes.jor.br\\\/site\\\/2020\\\/07\\\/31\\\/quase-todos-os-funcionarios-do-hc-positivos-para-covid-19-sao-assintomaticos\\\/\"]}]},{\"@type\":\"ImageObject\",\"inLanguage\":\"pt-BR\",\"@id\":\"https:\\\/\\\/marcelolopes.jor.br\\\/site\\\/2020\\\/07\\\/31\\\/quase-todos-os-funcionarios-do-hc-positivos-para-covid-19-sao-assintomaticos\\\/#primaryimage\",\"url\":\"https:\\\/\\\/marcelolopes.jor.br\\\/site\\\/wp-content\\\/uploads\\\/2020\\\/07\\\/IMG_4221.jpeg\",\"contentUrl\":\"https:\\\/\\\/marcelolopes.jor.br\\\/site\\\/wp-content\\\/uploads\\\/2020\\\/07\\\/IMG_4221.jpeg\",\"width\":800,\"height\":450},{\"@type\":\"BreadcrumbList\",\"@id\":\"https:\\\/\\\/marcelolopes.jor.br\\\/site\\\/2020\\\/07\\\/31\\\/quase-todos-os-funcionarios-do-hc-positivos-para-covid-19-sao-assintomaticos\\\/#breadcrumb\",\"itemListElement\":[{\"@type\":\"ListItem\",\"position\":1,\"name\":\"Home\",\"item\":\"https:\\\/\\\/marcelolopes.jor.br\\\/site\\\/\"},{\"@type\":\"ListItem\",\"position\":2,\"name\":\"Testes revelam 31 funcion\u00e1rios do HC positivos para Covid-19\"}]},{\"@type\":\"WebSite\",\"@id\":\"https:\\\/\\\/marcelolopes.jor.br\\\/site\\\/#website\",\"url\":\"https:\\\/\\\/marcelolopes.jor.br\\\/site\\\/\",\"name\":\"Marcelo Lopes\",\"description\":\"Not\u00edcias de Cataguases e Regi\u00e3o\",\"publisher\":{\"@id\":\"https:\\\/\\\/marcelolopes.jor.br\\\/site\\\/#organization\"},\"potentialAction\":[{\"@type\":\"SearchAction\",\"target\":{\"@type\":\"EntryPoint\",\"urlTemplate\":\"https:\\\/\\\/marcelolopes.jor.br\\\/site\\\/?s={search_term_string}\"},\"query-input\":{\"@type\":\"PropertyValueSpecification\",\"valueRequired\":true,\"valueName\":\"search_term_string\"}}],\"inLanguage\":\"pt-BR\"},{\"@type\":\"Organization\",\"@id\":\"https:\\\/\\\/marcelolopes.jor.br\\\/site\\\/#organization\",\"name\":\"Site do Marcelo Lopes\",\"url\":\"https:\\\/\\\/marcelolopes.jor.br\\\/site\\\/\",\"logo\":{\"@type\":\"ImageObject\",\"inLanguage\":\"pt-BR\",\"@id\":\"https:\\\/\\\/marcelolopes.jor.br\\\/site\\\/#\\\/schema\\\/logo\\\/image\\\/\",\"url\":\"https:\\\/\\\/marcelolopes.jor.br\\\/site\\\/wp-content\\\/uploads\\\/2024\\\/11\\\/logo-1.png\",\"contentUrl\":\"https:\\\/\\\/marcelolopes.jor.br\\\/site\\\/wp-content\\\/uploads\\\/2024\\\/11\\\/logo-1.png\",\"width\":475,\"height\":80,\"caption\":\"Site do Marcelo Lopes\"},\"image\":{\"@id\":\"https:\\\/\\\/marcelolopes.jor.br\\\/site\\\/#\\\/schema\\\/logo\\\/image\\\/\"},\"sameAs\":[\"https:\\\/\\\/www.facebook.com\\\/sitedomarcelolopes\",\"https:\\\/\\\/www.instagram.com\\\/sitedomarcelolopes\\\/\",\"https:\\\/\\\/www.linkedin.com\\\/company\\\/site-do-marcelo-lopes\\\/\",\"https:\\\/\\\/www.youtube.com\\\/user\\\/marcelolopes957\"]},{\"@type\":\"Person\",\"@id\":\"https:\\\/\\\/marcelolopes.jor.br\\\/site\\\/#\\\/schema\\\/person\\\/3e7216a35c34d8fdf952b31da3d1f89f\",\"name\":\"Marcelo Lopes\",\"sameAs\":[\"http:\\\/\\\/www.marcelolopes.jor.br\"],\"url\":\"https:\\\/\\\/marcelolopes.jor.br\\\/site\\\/author\\\/marcelo\\\/\"}]}<\/script>\n<!-- \/ Yoast SEO plugin. -->","yoast_head_json":{"title":"Testes revelam 31 funcion\u00e1rios do HC positivos para Covid-19 | Marcelo Lopes","robots":{"index":"index","follow":"follow","max-snippet":"max-snippet:-1","max-image-preview":"max-image-preview:large","max-video-preview":"max-video-preview:-1"},"canonical":"https:\/\/marcelolopes.jor.br\/site\/2020\/07\/31\/quase-todos-os-funcionarios-do-hc-positivos-para-covid-19-sao-assintomaticos\/","og_locale":"pt_BR","og_type":"article","og_title":"Testes revelam 31 funcion\u00e1rios do HC positivos para Covid-19 | Marcelo Lopes","og_description":"O Hospital de Cataguases come\u00e7ou, quinta-feira, 30 de julho, a testar seus funcion\u00e1rios para a Covid-19. No come\u00e7o da tarde desta sexta-feira, 31, as redes sociais entraram em alvoro\u00e7o com a divulga\u00e7\u00e3o an\u00f4nima do resultado parcial destes testes. Apesar deLeia mais Testes revelam 31 funcion\u00e1rios do HC positivos para Covid-19","og_url":"https:\/\/marcelolopes.jor.br\/site\/2020\/07\/31\/quase-todos-os-funcionarios-do-hc-positivos-para-covid-19-sao-assintomaticos\/","og_site_name":"Marcelo Lopes","article_publisher":"https:\/\/www.facebook.com\/sitedomarcelolopes","article_published_time":"2020-07-31T22:00:48+00:00","og_image":[{"width":800,"height":450,"url":"https:\/\/marcelolopes.jor.br\/site\/wp-content\/uploads\/2020\/07\/IMG_4221.jpeg","type":"image\/jpeg"}],"author":"Marcelo Lopes","twitter_card":"summary_large_image","twitter_misc":{"Escrito por":"Marcelo Lopes","Est. tempo de leitura":"2 minutos"},"schema":{"@context":"https:\/\/schema.org","@graph":[{"@type":"NewsArticle","@id":"https:\/\/marcelolopes.jor.br\/site\/2020\/07\/31\/quase-todos-os-funcionarios-do-hc-positivos-para-covid-19-sao-assintomaticos\/#article","isPartOf":{"@id":"https:\/\/marcelolopes.jor.br\/site\/2020\/07\/31\/quase-todos-os-funcionarios-do-hc-positivos-para-covid-19-sao-assintomaticos\/"},"author":{"name":"Marcelo Lopes","@id":"https:\/\/marcelolopes.jor.br\/site\/#\/schema\/person\/3e7216a35c34d8fdf952b31da3d1f89f"},"headline":"Testes revelam 31 funcion\u00e1rios do HC positivos para Covid-19","datePublished":"2020-07-31T22:00:48+00:00","mainEntityOfPage":{"@id":"https:\/\/marcelolopes.jor.br\/site\/2020\/07\/31\/quase-todos-os-funcionarios-do-hc-positivos-para-covid-19-sao-assintomaticos\/"},"wordCount":390,"commentCount":0,"publisher":{"@id":"https:\/\/marcelolopes.jor.br\/site\/#organization"},"image":{"@id":"https:\/\/marcelolopes.jor.br\/site\/2020\/07\/31\/quase-todos-os-funcionarios-do-hc-positivos-para-covid-19-sao-assintomaticos\/#primaryimage"},"thumbnailUrl":"https:\/\/marcelolopes.jor.br\/site\/wp-content\/uploads\/2020\/07\/IMG_4221.jpeg","keywords":["covid-19","funcion\u00e1rios","Hospital de Cataguases","testes Covid-19"],"articleSection":["Not\u00edcias"],"inLanguage":"pt-BR","potentialAction":[{"@type":"CommentAction","name":"Comment","target":["https:\/\/marcelolopes.jor.br\/site\/2020\/07\/31\/quase-todos-os-funcionarios-do-hc-positivos-para-covid-19-sao-assintomaticos\/#respond"]}]},{"@type":"WebPage","@id":"https:\/\/marcelolopes.jor.br\/site\/2020\/07\/31\/quase-todos-os-funcionarios-do-hc-positivos-para-covid-19-sao-assintomaticos\/","url":"https:\/\/marcelolopes.jor.br\/site\/2020\/07\/31\/quase-todos-os-funcionarios-do-hc-positivos-para-covid-19-sao-assintomaticos\/","name":"Testes revelam 31 funcion\u00e1rios do HC positivos para Covid-19 | Marcelo Lopes","isPartOf":{"@id":"https:\/\/marcelolopes.jor.br\/site\/#website"},"primaryImageOfPage":{"@id":"https:\/\/marcelolopes.jor.br\/site\/2020\/07\/31\/quase-todos-os-funcionarios-do-hc-positivos-para-covid-19-sao-assintomaticos\/#primaryimage"},"image":{"@id":"https:\/\/marcelolopes.jor.br\/site\/2020\/07\/31\/quase-todos-os-funcionarios-do-hc-positivos-para-covid-19-sao-assintomaticos\/#primaryimage"},"thumbnailUrl":"https:\/\/marcelolopes.jor.br\/site\/wp-content\/uploads\/2020\/07\/IMG_4221.jpeg","datePublished":"2020-07-31T22:00:48+00:00","breadcrumb":{"@id":"https:\/\/marcelolopes.jor.br\/site\/2020\/07\/31\/quase-todos-os-funcionarios-do-hc-positivos-para-covid-19-sao-assintomaticos\/#breadcrumb"},"inLanguage":"pt-BR","potentialAction":[{"@type":"ReadAction","target":["https:\/\/marcelolopes.jor.br\/site\/2020\/07\/31\/quase-todos-os-funcionarios-do-hc-positivos-para-covid-19-sao-assintomaticos\/"]}]},{"@type":"ImageObject","inLanguage":"pt-BR","@id":"https:\/\/marcelolopes.jor.br\/site\/2020\/07\/31\/quase-todos-os-funcionarios-do-hc-positivos-para-covid-19-sao-assintomaticos\/#primaryimage","url":"https:\/\/marcelolopes.jor.br\/site\/wp-content\/uploads\/2020\/07\/IMG_4221.jpeg","contentUrl":"https:\/\/marcelolopes.jor.br\/site\/wp-content\/uploads\/2020\/07\/IMG_4221.jpeg","width":800,"height":450},{"@type":"BreadcrumbList","@id":"https:\/\/marcelolopes.jor.br\/site\/2020\/07\/31\/quase-todos-os-funcionarios-do-hc-positivos-para-covid-19-sao-assintomaticos\/#breadcrumb","itemListElement":[{"@type":"ListItem","position":1,"name":"Home","item":"https:\/\/marcelolopes.jor.br\/site\/"},{"@type":"ListItem","position":2,"name":"Testes revelam 31 funcion\u00e1rios do HC positivos para Covid-19"}]},{"@type":"WebSite","@id":"https:\/\/marcelolopes.jor.br\/site\/#website","url":"https:\/\/marcelolopes.jor.br\/site\/","name":"Marcelo Lopes","description":"Not\u00edcias de Cataguases e Regi\u00e3o","publisher":{"@id":"https:\/\/marcelolopes.jor.br\/site\/#organization"},"potentialAction":[{"@type":"SearchAction","target":{"@type":"EntryPoint","urlTemplate":"https:\/\/marcelolopes.jor.br\/site\/?s={search_term_string}"},"query-input":{"@type":"PropertyValueSpecification","valueRequired":true,"valueName":"search_term_string"}}],"inLanguage":"pt-BR"},{"@type":"Organization","@id":"https:\/\/marcelolopes.jor.br\/site\/#organization","name":"Site do Marcelo Lopes","url":"https:\/\/marcelolopes.jor.br\/site\/","logo":{"@type":"ImageObject","inLanguage":"pt-BR","@id":"https:\/\/marcelolopes.jor.br\/site\/#\/schema\/logo\/image\/","url":"https:\/\/marcelolopes.jor.br\/site\/wp-content\/uploads\/2024\/11\/logo-1.png","contentUrl":"https:\/\/marcelolopes.jor.br\/site\/wp-content\/uploads\/2024\/11\/logo-1.png","width":475,"height":80,"caption":"Site do Marcelo Lopes"},"image":{"@id":"https:\/\/marcelolopes.jor.br\/site\/#\/schema\/logo\/image\/"},"sameAs":["https:\/\/www.facebook.com\/sitedomarcelolopes","https:\/\/www.instagram.com\/sitedomarcelolopes\/","https:\/\/www.linkedin.com\/company\/site-do-marcelo-lopes\/","https:\/\/www.youtube.com\/user\/marcelolopes957"]},{"@type":"Person","@id":"https:\/\/marcelolopes.jor.br\/site\/#\/schema\/person\/3e7216a35c34d8fdf952b31da3d1f89f","name":"Marcelo Lopes","sameAs":["http:\/\/www.marcelolopes.jor.br"],"url":"https:\/\/marcelolopes.jor.br\/site\/author\/marcelo\/"}]}},"wps_subtitle":"Maioria \u00e9 assintom\u00e1tica, nenhum internado e poucos t\u00eam sintomas leves da doen\u00e7a.","_links":{"self":[{"href":"https:\/\/marcelolopes.jor.br\/site\/wp-json\/wp\/v2\/posts\/16203","targetHints":{"allow":["GET"]}}],"collection":[{"href":"https:\/\/marcelolopes.jor.br\/site\/wp-json\/wp\/v2\/posts"}],"about":[{"href":"https:\/\/marcelolopes.jor.br\/site\/wp-json\/wp\/v2\/types\/post"}],"author":[{"embeddable":true,"href":"https:\/\/marcelolopes.jor.br\/site\/wp-json\/wp\/v2\/users\/2"}],"replies":[{"embeddable":true,"href":"https:\/\/marcelolopes.jor.br\/site\/wp-json\/wp\/v2\/comments?post=16203"}],"version-history":[{"count":0,"href":"https:\/\/marcelolopes.jor.br\/site\/wp-json\/wp\/v2\/posts\/16203\/revisions"}],"wp:featuredmedia":[{"embeddable":true,"href":"https:\/\/marcelolopes.jor.br\/site\/wp-json\/wp\/v2\/media\/16205"}],"wp:attachment":[{"href":"https:\/\/marcelolopes.jor.br\/site\/wp-json\/wp\/v2\/media?parent=16203"}],"wp:term":[{"taxonomy":"category","embeddable":true,"href":"https:\/\/marcelolopes.jor.br\/site\/wp-json\/wp\/v2\/categories?post=16203"},{"taxonomy":"post_tag","embeddable":true,"href":"https:\/\/marcelolopes.jor.br\/site\/wp-json\/wp\/v2\/tags?post=16203"}],"curies":[{"name":"wp","href":"https:\/\/api.w.org\/{rel}","templated":true}]}}