{"id":16049,"date":"2020-07-26T19:00:15","date_gmt":"2020-07-26T22:00:15","guid":{"rendered":"https:\/\/marcelolopes.jor.br\/?p=16049"},"modified":"2020-07-26T15:46:52","modified_gmt":"2020-07-26T18:46:52","slug":"ministerio-publico-denuncia-ex-presidente-da-camara-municipal-de-mirai","status":"publish","type":"post","link":"https:\/\/marcelolopes.jor.br\/site\/2020\/07\/26\/ministerio-publico-denuncia-ex-presidente-da-camara-municipal-de-mirai\/","title":{"rendered":"Minist\u00e9rio P\u00fablico denuncia ex-presidente da C\u00e2mara Municipal de Mira\u00ed"},"content":{"rendered":"<p style=\"text-align: justify;\">O vereador de Mira\u00ed, Marcileide Carlos do Santos, ex-presidente da C\u00e2mara Municipal por tr\u00eas mandatos (2011 a 2016), \u00e9 r\u00e9u em A\u00e7\u00e3o Civil por Ato de Improbidade Administrativa movida pela Promotoria de Justi\u00e7a da Comarca de Mira\u00ed, por suposto superfaturamento na compra de um dos im\u00f3veis por aquela Casa Legislativa. Em 2014, quando exercia o cargo de presidente daquela Casa, ele autorizou a aquisi\u00e7\u00e3o de dois im\u00f3veis cont\u00edguos (foto acima) com o objetivo de construir a sede pr\u00f3pria da C\u00e2mara Municipal de Mira\u00ed.<!--more--><\/p>\n<p style=\"text-align: justify;\">A obra jamais aconteceu. A C\u00e2mara Municipal alegou que desistiu de construir sua sede pr\u00f3pria devido ao antigo F\u00f3rum da Comarca ter sido desocupado e, por ser de sua propriedade, decidiu transferir suas atividades para aquele recinto. Al\u00e9m disso, afirma o MP, o neg\u00f3cio foi conclu\u00eddo em julho, mas somente em setembro daquele mesmo ano, \u00e9 que o recurso foi liberado por meio da abertura de cr\u00e9dito suplementar em favor do Legislativo Municipal, atrav\u00e9s do Decreto n\u00ba 45, de 09 de setembro de 2014.<\/p>\n<p style=\"text-align: justify;\"><img loading=\"lazy\" decoding=\"async\" class=\"aligncenter wp-image-16052\" src=\"https:\/\/marcelolopes.jor.br\/site\/wp-content\/uploads\/2020\/07\/mini-_DSC8098.jpg\" alt=\"\" width=\"600\" height=\"400\" srcset=\"https:\/\/marcelolopes.jor.br\/site\/wp-content\/uploads\/2020\/07\/mini-_DSC8098.jpg 800w, https:\/\/marcelolopes.jor.br\/site\/wp-content\/uploads\/2020\/07\/mini-_DSC8098-300x200.jpg 300w, https:\/\/marcelolopes.jor.br\/site\/wp-content\/uploads\/2020\/07\/mini-_DSC8098-768x512.jpg 768w\" sizes=\"auto, (max-width: 600px) 100vw, 600px\" \/>Conforme documentos que constam no processo a que o Site do Marcelo Lopes teve acesso, o Poder Legislativo adquiriu os im\u00f3veis sem fazer licita\u00e7\u00e3o e sem a autoriza\u00e7\u00e3o do plen\u00e1rio. Isso, para o Minist\u00e9rio P\u00fablico, configura descumprimento do Regimento Interno da C\u00e2mara Municipal de Mira\u00ed, que continua funcionando no mesmo lugar (foto acima). Um dos im\u00f3veis, com \u00e1rea total de 405 metros quadrados e \u00e1rea constru\u00edda de 69,15 metros quadrados, foi avaliado em R$ 105.581,15, mas o Legislativo pagou R$ 438 mil. &#8220;A diferen\u00e7a, considerada dano ao er\u00e1rio, foi de R$ 332.418,85&#8221;, que hoje corresponde a R$ 374.776,46, salienta o texto da A\u00e7\u00e3o Civil P\u00fablica. O outro, avaliado em R$ 407.681,16 foi adquirido por R$ 400 mil.<\/p>\n<p style=\"text-align: justify;\">Segundo o Minist\u00e9rio P\u00fablico &#8220;o superfaturamento detectado pela per\u00edcia ministerial s\u00f3 veio a refor\u00e7ar o que j\u00e1 era \u00f3bvio: a compra e venda entabulada entre os Requeridos foi engendrada por estes ao arrepio do interesse p\u00fablico mirando, na verdade, enriquecer ilicitamente os envolvidos e causar preju\u00edzo ao er\u00e1rio.&#8221; Al\u00e9m disso, o Legislativo n\u00e3o \u00e9 mais propriet\u00e1rio dos im\u00f3veis. Em 2018 os vereadores decidiram do\u00e1-los ao Executivo por meio da Resolu\u00e7\u00e3o n\u00ba 019\/2018, mas foi somente no final do ano seguinte, no dia 18 de dezembro de 2019, que aprovaram a Lei n\u00ba 1.756 autorizando o prefeito a vend\u00ea-los.<\/p>\n<p style=\"text-align: justify;\">Diante destas constata\u00e7\u00f5es o Minist\u00e9rio P\u00fablico est\u00e1 pedindo \u00e0 justi\u00e7a a indisponibilidade dos bens de Marcileide e da pessoa que vendeu os im\u00f3veis ao Legislativo a fim de devolver o dinheiro aos cofres p\u00fablicos. Pede tamb\u00e9m a condena\u00e7\u00e3o do vereador e ex-presidente da C\u00e2mara \u00e0 perda da fun\u00e7\u00e3o p\u00fablica, suspens\u00e3o de seus direitos pol\u00edticos por oito anos, pagamento de multa civil de duas vezes o valor do dano patrimonial, proibi\u00e7\u00e3o de contratar com o poder p\u00fablico ou receber benef\u00edcios ou incentivos fiscais ou credit\u00edcios pelo prazo de cinco anos.<\/p>\n<p style=\"text-align: justify;\">O vereador Marcileide Carlos dos Santos, conversou com a reportagem por telefone e disse estar tranquilo porque &#8220;n\u00e3o h\u00e1 nada ilegal no procedimento adotado pelo legislativo para comprar os im\u00f3veis, e na hora certa vamos apresentar as provas&#8221;, afirmou. Ele tamb\u00e9m revelou que ainda n\u00e3o foi notificado sobre este procedimento tendo em vista que a den\u00fancia feita pelo Minist\u00e9rio P\u00fablico \u00e9 recente. &#8220;Por\u00e9m, j\u00e1 conversei com o meu advogado e estamos aguardando tomar conhecimento do processo para gente se defender&#8221;, finalizou.<\/p>\n<div class=\"grtop69f754db1c3b5\" ><br><\/div><style type=\"text\/css\">\r\n@media screen and (min-width: 1201px) {\r\n.grtop69f754db1c3b5 {\r\ndisplay: block;\r\n}\r\n}\r\n@media screen and (min-width: 993px) and (max-width: 1200px) {\r\n.grtop69f754db1c3b5 {\r\ndisplay: block;\r\n}\r\n}\r\n@media screen and (min-width: 769px) and (max-width: 992px) {\r\n.grtop69f754db1c3b5 {\r\ndisplay: block;\r\n}\r\n}\r\n@media screen and (min-width: 768px) and (max-width: 768px) {\r\n.grtop69f754db1c3b5 {\r\ndisplay: block;\r\n}\r\n}\r\n@media screen and (max-width: 767px) {\r\n.grtop69f754db1c3b5 {\r\ndisplay: block;\r\n}\r\n}\r\n<\/style>\r\n<div class=\"atkny69f754db223fc\" ><div id=\"div_destino\"><\/div>\r\n<script src=\"https:\/\/cdn.snsrsv.com\/sdk.js\"><\/script>\r\n<script >\r\n      new sdk(\"464030C30061EA8BE065000000000001\") \r\n          .appendTo(\"div_destino\")\r\n          .disableStyle(true) \r\n          .setCacheBusterMacro(\"%%CACHEBUSTER%%\")\r\n          .setSize(\"800\",\"214\")\r\n          .setClickMacro(\"%%CLICK_URL_ESC%%\") \r\n          .setReferrerUrlMacro(\"%%REFERRER_URL_ESC%%\") \r\n          .start(); \r\n<\/script><\/div><style type=\"text\/css\">\r\n@media screen and (min-width: 1201px) {\r\n.atkny69f754db223fc {\r\ndisplay: block;\r\n}\r\n}\r\n@media screen and (min-width: 993px) and (max-width: 1200px) {\r\n.atkny69f754db223fc {\r\ndisplay: block;\r\n}\r\n}\r\n@media screen and (min-width: 769px) and (max-width: 992px) {\r\n.atkny69f754db223fc {\r\ndisplay: block;\r\n}\r\n}\r\n@media screen and (min-width: 768px) and (max-width: 768px) {\r\n.atkny69f754db223fc {\r\ndisplay: block;\r\n}\r\n}\r\n@media screen and (max-width: 767px) {\r\n.atkny69f754db223fc {\r\ndisplay: block;\r\n}\r\n}\r\n<\/style>\r\n","protected":false},"excerpt":{"rendered":"<p>O vereador de Mira\u00ed, Marcileide Carlos do Santos, ex-presidente da C\u00e2mara Municipal por tr\u00eas mandatos (2011 a 2016), \u00e9 r\u00e9u em A\u00e7\u00e3o Civil por Ato de Improbidade Administrativa movida pela Promotoria de Justi\u00e7a da Comarca de Mira\u00ed, por suposto superfaturamento<\/p>\n<p class=\"link-more\"><a class=\"more-link\" href=\"https:\/\/marcelolopes.jor.br\/site\/2020\/07\/26\/ministerio-publico-denuncia-ex-presidente-da-camara-municipal-de-mirai\/\">Leia mais <span class=\"screen-reader-text\">Minist\u00e9rio P\u00fablico denuncia ex-presidente da C\u00e2mara Municipal de Mira\u00ed<\/span><\/a><\/p>\n","protected":false},"author":2,"featured_media":16051,"comment_status":"open","ping_status":"open","sticky":false,"template":"","format":"standard","meta":{"footnotes":""},"categories":[1],"tags":[345,2753,71,126,670],"class_list":["post-16049","post","type-post","status-publish","format-standard","has-post-thumbnail","hentry","category-noticias","tag-camara-municipal","tag-compra-superfaturada","tag-ministerio-publico","tag-mirai","tag-sede-propria","thumb-below-title"],"yoast_head":"<!-- This site is optimized with the Yoast SEO plugin v27.4 - https:\/\/yoast.com\/product\/yoast-seo-wordpress\/ -->\n<title>Minist\u00e9rio P\u00fablico denuncia ex-presidente da C\u00e2mara Municipal de Mira\u00ed | Marcelo Lopes<\/title>\n<meta name=\"robots\" content=\"index, follow, max-snippet:-1, max-image-preview:large, max-video-preview:-1\" \/>\n<link rel=\"canonical\" href=\"https:\/\/marcelolopes.jor.br\/site\/2020\/07\/26\/ministerio-publico-denuncia-ex-presidente-da-camara-municipal-de-mirai\/\" \/>\n<meta property=\"og:locale\" content=\"pt_BR\" \/>\n<meta property=\"og:type\" content=\"article\" \/>\n<meta property=\"og:title\" content=\"Minist\u00e9rio P\u00fablico denuncia ex-presidente da C\u00e2mara Municipal de Mira\u00ed | Marcelo Lopes\" \/>\n<meta property=\"og:description\" content=\"O vereador de Mira\u00ed, Marcileide Carlos do Santos, ex-presidente da C\u00e2mara Municipal por tr\u00eas mandatos (2011 a 2016), \u00e9 r\u00e9u em A\u00e7\u00e3o Civil por Ato de Improbidade Administrativa movida pela Promotoria de Justi\u00e7a da Comarca de Mira\u00ed, por suposto superfaturamentoLeia mais Minist\u00e9rio P\u00fablico denuncia ex-presidente da C\u00e2mara Municipal de Mira\u00ed\" \/>\n<meta property=\"og:url\" content=\"https:\/\/marcelolopes.jor.br\/site\/2020\/07\/26\/ministerio-publico-denuncia-ex-presidente-da-camara-municipal-de-mirai\/\" \/>\n<meta property=\"og:site_name\" content=\"Marcelo Lopes\" \/>\n<meta property=\"article:publisher\" content=\"https:\/\/www.facebook.com\/sitedomarcelolopes\" \/>\n<meta property=\"article:published_time\" content=\"2020-07-26T22:00:15+00:00\" \/>\n<meta property=\"og:image\" content=\"https:\/\/marcelolopes.jor.br\/site\/wp-content\/uploads\/2020\/07\/WhatsApp-Image-2020-07-24-at-15.54.28.jpeg\" \/>\n\t<meta property=\"og:image:width\" content=\"1280\" \/>\n\t<meta property=\"og:image:height\" content=\"960\" \/>\n\t<meta property=\"og:image:type\" content=\"image\/jpeg\" \/>\n<meta name=\"author\" content=\"Marcelo Lopes\" \/>\n<meta name=\"twitter:card\" content=\"summary_large_image\" \/>\n<meta name=\"twitter:label1\" content=\"Escrito por\" \/>\n\t<meta name=\"twitter:data1\" content=\"Marcelo Lopes\" \/>\n\t<meta name=\"twitter:label2\" content=\"Est. tempo de leitura\" \/>\n\t<meta name=\"twitter:data2\" content=\"3 minutos\" \/>\n<script type=\"application\/ld+json\" class=\"yoast-schema-graph\">{\"@context\":\"https:\\\/\\\/schema.org\",\"@graph\":[{\"@type\":\"NewsArticle\",\"@id\":\"https:\\\/\\\/marcelolopes.jor.br\\\/site\\\/2020\\\/07\\\/26\\\/ministerio-publico-denuncia-ex-presidente-da-camara-municipal-de-mirai\\\/#article\",\"isPartOf\":{\"@id\":\"https:\\\/\\\/marcelolopes.jor.br\\\/site\\\/2020\\\/07\\\/26\\\/ministerio-publico-denuncia-ex-presidente-da-camara-municipal-de-mirai\\\/\"},\"author\":{\"name\":\"Marcelo Lopes\",\"@id\":\"https:\\\/\\\/marcelolopes.jor.br\\\/site\\\/#\\\/schema\\\/person\\\/3e7216a35c34d8fdf952b31da3d1f89f\"},\"headline\":\"Minist\u00e9rio P\u00fablico denuncia ex-presidente da C\u00e2mara Municipal de Mira\u00ed\",\"datePublished\":\"2020-07-26T22:00:15+00:00\",\"mainEntityOfPage\":{\"@id\":\"https:\\\/\\\/marcelolopes.jor.br\\\/site\\\/2020\\\/07\\\/26\\\/ministerio-publico-denuncia-ex-presidente-da-camara-municipal-de-mirai\\\/\"},\"wordCount\":610,\"commentCount\":0,\"publisher\":{\"@id\":\"https:\\\/\\\/marcelolopes.jor.br\\\/site\\\/#organization\"},\"image\":{\"@id\":\"https:\\\/\\\/marcelolopes.jor.br\\\/site\\\/2020\\\/07\\\/26\\\/ministerio-publico-denuncia-ex-presidente-da-camara-municipal-de-mirai\\\/#primaryimage\"},\"thumbnailUrl\":\"https:\\\/\\\/marcelolopes.jor.br\\\/site\\\/wp-content\\\/uploads\\\/2020\\\/07\\\/WhatsApp-Image-2020-07-24-at-15.54.28.jpeg\",\"keywords\":[\"C\u00e2mara Municipal\",\"compra superfaturada\",\"Minist\u00e9rio P\u00fablico\",\"Mira\u00ed\",\"sede pr\u00f3pria\"],\"articleSection\":[\"Not\u00edcias\"],\"inLanguage\":\"pt-BR\",\"potentialAction\":[{\"@type\":\"CommentAction\",\"name\":\"Comment\",\"target\":[\"https:\\\/\\\/marcelolopes.jor.br\\\/site\\\/2020\\\/07\\\/26\\\/ministerio-publico-denuncia-ex-presidente-da-camara-municipal-de-mirai\\\/#respond\"]}]},{\"@type\":\"WebPage\",\"@id\":\"https:\\\/\\\/marcelolopes.jor.br\\\/site\\\/2020\\\/07\\\/26\\\/ministerio-publico-denuncia-ex-presidente-da-camara-municipal-de-mirai\\\/\",\"url\":\"https:\\\/\\\/marcelolopes.jor.br\\\/site\\\/2020\\\/07\\\/26\\\/ministerio-publico-denuncia-ex-presidente-da-camara-municipal-de-mirai\\\/\",\"name\":\"Minist\u00e9rio P\u00fablico denuncia ex-presidente da C\u00e2mara Municipal de Mira\u00ed | Marcelo Lopes\",\"isPartOf\":{\"@id\":\"https:\\\/\\\/marcelolopes.jor.br\\\/site\\\/#website\"},\"primaryImageOfPage\":{\"@id\":\"https:\\\/\\\/marcelolopes.jor.br\\\/site\\\/2020\\\/07\\\/26\\\/ministerio-publico-denuncia-ex-presidente-da-camara-municipal-de-mirai\\\/#primaryimage\"},\"image\":{\"@id\":\"https:\\\/\\\/marcelolopes.jor.br\\\/site\\\/2020\\\/07\\\/26\\\/ministerio-publico-denuncia-ex-presidente-da-camara-municipal-de-mirai\\\/#primaryimage\"},\"thumbnailUrl\":\"https:\\\/\\\/marcelolopes.jor.br\\\/site\\\/wp-content\\\/uploads\\\/2020\\\/07\\\/WhatsApp-Image-2020-07-24-at-15.54.28.jpeg\",\"datePublished\":\"2020-07-26T22:00:15+00:00\",\"breadcrumb\":{\"@id\":\"https:\\\/\\\/marcelolopes.jor.br\\\/site\\\/2020\\\/07\\\/26\\\/ministerio-publico-denuncia-ex-presidente-da-camara-municipal-de-mirai\\\/#breadcrumb\"},\"inLanguage\":\"pt-BR\",\"potentialAction\":[{\"@type\":\"ReadAction\",\"target\":[\"https:\\\/\\\/marcelolopes.jor.br\\\/site\\\/2020\\\/07\\\/26\\\/ministerio-publico-denuncia-ex-presidente-da-camara-municipal-de-mirai\\\/\"]}]},{\"@type\":\"ImageObject\",\"inLanguage\":\"pt-BR\",\"@id\":\"https:\\\/\\\/marcelolopes.jor.br\\\/site\\\/2020\\\/07\\\/26\\\/ministerio-publico-denuncia-ex-presidente-da-camara-municipal-de-mirai\\\/#primaryimage\",\"url\":\"https:\\\/\\\/marcelolopes.jor.br\\\/site\\\/wp-content\\\/uploads\\\/2020\\\/07\\\/WhatsApp-Image-2020-07-24-at-15.54.28.jpeg\",\"contentUrl\":\"https:\\\/\\\/marcelolopes.jor.br\\\/site\\\/wp-content\\\/uploads\\\/2020\\\/07\\\/WhatsApp-Image-2020-07-24-at-15.54.28.jpeg\",\"width\":1280,\"height\":960},{\"@type\":\"BreadcrumbList\",\"@id\":\"https:\\\/\\\/marcelolopes.jor.br\\\/site\\\/2020\\\/07\\\/26\\\/ministerio-publico-denuncia-ex-presidente-da-camara-municipal-de-mirai\\\/#breadcrumb\",\"itemListElement\":[{\"@type\":\"ListItem\",\"position\":1,\"name\":\"Home\",\"item\":\"https:\\\/\\\/marcelolopes.jor.br\\\/site\\\/\"},{\"@type\":\"ListItem\",\"position\":2,\"name\":\"Minist\u00e9rio P\u00fablico denuncia ex-presidente da C\u00e2mara Municipal de Mira\u00ed\"}]},{\"@type\":\"WebSite\",\"@id\":\"https:\\\/\\\/marcelolopes.jor.br\\\/site\\\/#website\",\"url\":\"https:\\\/\\\/marcelolopes.jor.br\\\/site\\\/\",\"name\":\"Marcelo Lopes\",\"description\":\"Not\u00edcias de Cataguases e Regi\u00e3o\",\"publisher\":{\"@id\":\"https:\\\/\\\/marcelolopes.jor.br\\\/site\\\/#organization\"},\"potentialAction\":[{\"@type\":\"SearchAction\",\"target\":{\"@type\":\"EntryPoint\",\"urlTemplate\":\"https:\\\/\\\/marcelolopes.jor.br\\\/site\\\/?s={search_term_string}\"},\"query-input\":{\"@type\":\"PropertyValueSpecification\",\"valueRequired\":true,\"valueName\":\"search_term_string\"}}],\"inLanguage\":\"pt-BR\"},{\"@type\":\"Organization\",\"@id\":\"https:\\\/\\\/marcelolopes.jor.br\\\/site\\\/#organization\",\"name\":\"Site do Marcelo Lopes\",\"url\":\"https:\\\/\\\/marcelolopes.jor.br\\\/site\\\/\",\"logo\":{\"@type\":\"ImageObject\",\"inLanguage\":\"pt-BR\",\"@id\":\"https:\\\/\\\/marcelolopes.jor.br\\\/site\\\/#\\\/schema\\\/logo\\\/image\\\/\",\"url\":\"https:\\\/\\\/marcelolopes.jor.br\\\/site\\\/wp-content\\\/uploads\\\/2024\\\/11\\\/logo-1.png\",\"contentUrl\":\"https:\\\/\\\/marcelolopes.jor.br\\\/site\\\/wp-content\\\/uploads\\\/2024\\\/11\\\/logo-1.png\",\"width\":475,\"height\":80,\"caption\":\"Site do Marcelo Lopes\"},\"image\":{\"@id\":\"https:\\\/\\\/marcelolopes.jor.br\\\/site\\\/#\\\/schema\\\/logo\\\/image\\\/\"},\"sameAs\":[\"https:\\\/\\\/www.facebook.com\\\/sitedomarcelolopes\",\"https:\\\/\\\/www.instagram.com\\\/sitedomarcelolopes\\\/\",\"https:\\\/\\\/www.linkedin.com\\\/company\\\/site-do-marcelo-lopes\\\/\",\"https:\\\/\\\/www.youtube.com\\\/user\\\/marcelolopes957\"]},{\"@type\":\"Person\",\"@id\":\"https:\\\/\\\/marcelolopes.jor.br\\\/site\\\/#\\\/schema\\\/person\\\/3e7216a35c34d8fdf952b31da3d1f89f\",\"name\":\"Marcelo Lopes\",\"sameAs\":[\"http:\\\/\\\/www.marcelolopes.jor.br\"],\"url\":\"https:\\\/\\\/marcelolopes.jor.br\\\/site\\\/author\\\/marcelo\\\/\"}]}<\/script>\n<!-- \/ Yoast SEO plugin. -->","yoast_head_json":{"title":"Minist\u00e9rio P\u00fablico denuncia ex-presidente da C\u00e2mara Municipal de Mira\u00ed | Marcelo Lopes","robots":{"index":"index","follow":"follow","max-snippet":"max-snippet:-1","max-image-preview":"max-image-preview:large","max-video-preview":"max-video-preview:-1"},"canonical":"https:\/\/marcelolopes.jor.br\/site\/2020\/07\/26\/ministerio-publico-denuncia-ex-presidente-da-camara-municipal-de-mirai\/","og_locale":"pt_BR","og_type":"article","og_title":"Minist\u00e9rio P\u00fablico denuncia ex-presidente da C\u00e2mara Municipal de Mira\u00ed | Marcelo Lopes","og_description":"O vereador de Mira\u00ed, Marcileide Carlos do Santos, ex-presidente da C\u00e2mara Municipal por tr\u00eas mandatos (2011 a 2016), \u00e9 r\u00e9u em A\u00e7\u00e3o Civil por Ato de Improbidade Administrativa movida pela Promotoria de Justi\u00e7a da Comarca de Mira\u00ed, por suposto superfaturamentoLeia mais Minist\u00e9rio P\u00fablico denuncia ex-presidente da C\u00e2mara Municipal de Mira\u00ed","og_url":"https:\/\/marcelolopes.jor.br\/site\/2020\/07\/26\/ministerio-publico-denuncia-ex-presidente-da-camara-municipal-de-mirai\/","og_site_name":"Marcelo Lopes","article_publisher":"https:\/\/www.facebook.com\/sitedomarcelolopes","article_published_time":"2020-07-26T22:00:15+00:00","og_image":[{"width":1280,"height":960,"url":"https:\/\/marcelolopes.jor.br\/site\/wp-content\/uploads\/2020\/07\/WhatsApp-Image-2020-07-24-at-15.54.28.jpeg","type":"image\/jpeg"}],"author":"Marcelo Lopes","twitter_card":"summary_large_image","twitter_misc":{"Escrito por":"Marcelo Lopes","Est. tempo de leitura":"3 minutos"},"schema":{"@context":"https:\/\/schema.org","@graph":[{"@type":"NewsArticle","@id":"https:\/\/marcelolopes.jor.br\/site\/2020\/07\/26\/ministerio-publico-denuncia-ex-presidente-da-camara-municipal-de-mirai\/#article","isPartOf":{"@id":"https:\/\/marcelolopes.jor.br\/site\/2020\/07\/26\/ministerio-publico-denuncia-ex-presidente-da-camara-municipal-de-mirai\/"},"author":{"name":"Marcelo Lopes","@id":"https:\/\/marcelolopes.jor.br\/site\/#\/schema\/person\/3e7216a35c34d8fdf952b31da3d1f89f"},"headline":"Minist\u00e9rio P\u00fablico denuncia ex-presidente da C\u00e2mara Municipal de Mira\u00ed","datePublished":"2020-07-26T22:00:15+00:00","mainEntityOfPage":{"@id":"https:\/\/marcelolopes.jor.br\/site\/2020\/07\/26\/ministerio-publico-denuncia-ex-presidente-da-camara-municipal-de-mirai\/"},"wordCount":610,"commentCount":0,"publisher":{"@id":"https:\/\/marcelolopes.jor.br\/site\/#organization"},"image":{"@id":"https:\/\/marcelolopes.jor.br\/site\/2020\/07\/26\/ministerio-publico-denuncia-ex-presidente-da-camara-municipal-de-mirai\/#primaryimage"},"thumbnailUrl":"https:\/\/marcelolopes.jor.br\/site\/wp-content\/uploads\/2020\/07\/WhatsApp-Image-2020-07-24-at-15.54.28.jpeg","keywords":["C\u00e2mara Municipal","compra superfaturada","Minist\u00e9rio P\u00fablico","Mira\u00ed","sede pr\u00f3pria"],"articleSection":["Not\u00edcias"],"inLanguage":"pt-BR","potentialAction":[{"@type":"CommentAction","name":"Comment","target":["https:\/\/marcelolopes.jor.br\/site\/2020\/07\/26\/ministerio-publico-denuncia-ex-presidente-da-camara-municipal-de-mirai\/#respond"]}]},{"@type":"WebPage","@id":"https:\/\/marcelolopes.jor.br\/site\/2020\/07\/26\/ministerio-publico-denuncia-ex-presidente-da-camara-municipal-de-mirai\/","url":"https:\/\/marcelolopes.jor.br\/site\/2020\/07\/26\/ministerio-publico-denuncia-ex-presidente-da-camara-municipal-de-mirai\/","name":"Minist\u00e9rio P\u00fablico denuncia ex-presidente da C\u00e2mara Municipal de Mira\u00ed | Marcelo Lopes","isPartOf":{"@id":"https:\/\/marcelolopes.jor.br\/site\/#website"},"primaryImageOfPage":{"@id":"https:\/\/marcelolopes.jor.br\/site\/2020\/07\/26\/ministerio-publico-denuncia-ex-presidente-da-camara-municipal-de-mirai\/#primaryimage"},"image":{"@id":"https:\/\/marcelolopes.jor.br\/site\/2020\/07\/26\/ministerio-publico-denuncia-ex-presidente-da-camara-municipal-de-mirai\/#primaryimage"},"thumbnailUrl":"https:\/\/marcelolopes.jor.br\/site\/wp-content\/uploads\/2020\/07\/WhatsApp-Image-2020-07-24-at-15.54.28.jpeg","datePublished":"2020-07-26T22:00:15+00:00","breadcrumb":{"@id":"https:\/\/marcelolopes.jor.br\/site\/2020\/07\/26\/ministerio-publico-denuncia-ex-presidente-da-camara-municipal-de-mirai\/#breadcrumb"},"inLanguage":"pt-BR","potentialAction":[{"@type":"ReadAction","target":["https:\/\/marcelolopes.jor.br\/site\/2020\/07\/26\/ministerio-publico-denuncia-ex-presidente-da-camara-municipal-de-mirai\/"]}]},{"@type":"ImageObject","inLanguage":"pt-BR","@id":"https:\/\/marcelolopes.jor.br\/site\/2020\/07\/26\/ministerio-publico-denuncia-ex-presidente-da-camara-municipal-de-mirai\/#primaryimage","url":"https:\/\/marcelolopes.jor.br\/site\/wp-content\/uploads\/2020\/07\/WhatsApp-Image-2020-07-24-at-15.54.28.jpeg","contentUrl":"https:\/\/marcelolopes.jor.br\/site\/wp-content\/uploads\/2020\/07\/WhatsApp-Image-2020-07-24-at-15.54.28.jpeg","width":1280,"height":960},{"@type":"BreadcrumbList","@id":"https:\/\/marcelolopes.jor.br\/site\/2020\/07\/26\/ministerio-publico-denuncia-ex-presidente-da-camara-municipal-de-mirai\/#breadcrumb","itemListElement":[{"@type":"ListItem","position":1,"name":"Home","item":"https:\/\/marcelolopes.jor.br\/site\/"},{"@type":"ListItem","position":2,"name":"Minist\u00e9rio P\u00fablico denuncia ex-presidente da C\u00e2mara Municipal de Mira\u00ed"}]},{"@type":"WebSite","@id":"https:\/\/marcelolopes.jor.br\/site\/#website","url":"https:\/\/marcelolopes.jor.br\/site\/","name":"Marcelo Lopes","description":"Not\u00edcias de Cataguases e Regi\u00e3o","publisher":{"@id":"https:\/\/marcelolopes.jor.br\/site\/#organization"},"potentialAction":[{"@type":"SearchAction","target":{"@type":"EntryPoint","urlTemplate":"https:\/\/marcelolopes.jor.br\/site\/?s={search_term_string}"},"query-input":{"@type":"PropertyValueSpecification","valueRequired":true,"valueName":"search_term_string"}}],"inLanguage":"pt-BR"},{"@type":"Organization","@id":"https:\/\/marcelolopes.jor.br\/site\/#organization","name":"Site do Marcelo Lopes","url":"https:\/\/marcelolopes.jor.br\/site\/","logo":{"@type":"ImageObject","inLanguage":"pt-BR","@id":"https:\/\/marcelolopes.jor.br\/site\/#\/schema\/logo\/image\/","url":"https:\/\/marcelolopes.jor.br\/site\/wp-content\/uploads\/2024\/11\/logo-1.png","contentUrl":"https:\/\/marcelolopes.jor.br\/site\/wp-content\/uploads\/2024\/11\/logo-1.png","width":475,"height":80,"caption":"Site do Marcelo Lopes"},"image":{"@id":"https:\/\/marcelolopes.jor.br\/site\/#\/schema\/logo\/image\/"},"sameAs":["https:\/\/www.facebook.com\/sitedomarcelolopes","https:\/\/www.instagram.com\/sitedomarcelolopes\/","https:\/\/www.linkedin.com\/company\/site-do-marcelo-lopes\/","https:\/\/www.youtube.com\/user\/marcelolopes957"]},{"@type":"Person","@id":"https:\/\/marcelolopes.jor.br\/site\/#\/schema\/person\/3e7216a35c34d8fdf952b31da3d1f89f","name":"Marcelo Lopes","sameAs":["http:\/\/www.marcelolopes.jor.br"],"url":"https:\/\/marcelolopes.jor.br\/site\/author\/marcelo\/"}]}},"wps_subtitle":"Ele \u00e9 acusado de autorizar o Legislativo a comprar im\u00f3vel superfaturado.","_links":{"self":[{"href":"https:\/\/marcelolopes.jor.br\/site\/wp-json\/wp\/v2\/posts\/16049","targetHints":{"allow":["GET"]}}],"collection":[{"href":"https:\/\/marcelolopes.jor.br\/site\/wp-json\/wp\/v2\/posts"}],"about":[{"href":"https:\/\/marcelolopes.jor.br\/site\/wp-json\/wp\/v2\/types\/post"}],"author":[{"embeddable":true,"href":"https:\/\/marcelolopes.jor.br\/site\/wp-json\/wp\/v2\/users\/2"}],"replies":[{"embeddable":true,"href":"https:\/\/marcelolopes.jor.br\/site\/wp-json\/wp\/v2\/comments?post=16049"}],"version-history":[{"count":0,"href":"https:\/\/marcelolopes.jor.br\/site\/wp-json\/wp\/v2\/posts\/16049\/revisions"}],"wp:featuredmedia":[{"embeddable":true,"href":"https:\/\/marcelolopes.jor.br\/site\/wp-json\/wp\/v2\/media\/16051"}],"wp:attachment":[{"href":"https:\/\/marcelolopes.jor.br\/site\/wp-json\/wp\/v2\/media?parent=16049"}],"wp:term":[{"taxonomy":"category","embeddable":true,"href":"https:\/\/marcelolopes.jor.br\/site\/wp-json\/wp\/v2\/categories?post=16049"},{"taxonomy":"post_tag","embeddable":true,"href":"https:\/\/marcelolopes.jor.br\/site\/wp-json\/wp\/v2\/tags?post=16049"}],"curies":[{"name":"wp","href":"https:\/\/api.w.org\/{rel}","templated":true}]}}