{"id":15942,"date":"2020-07-22T12:00:43","date_gmt":"2020-07-22T15:00:43","guid":{"rendered":"https:\/\/marcelolopes.jor.br\/?p=15942"},"modified":"2020-07-22T11:39:06","modified_gmt":"2020-07-22T14:39:06","slug":"prefeitura-e-sebrae-anunciam-estrategia-pos-crise-para-empresas-de-muriae","status":"publish","type":"post","link":"https:\/\/marcelolopes.jor.br\/site\/2020\/07\/22\/prefeitura-e-sebrae-anunciam-estrategia-pos-crise-para-empresas-de-muriae\/","title":{"rendered":"Prefeitura e Sebrae anunciam estrat\u00e9gia p\u00f3s-crise para empresas de Muria\u00e9"},"content":{"rendered":"<p style=\"text-align: justify;\">Em parceria com o Sebrae, a Prefeitura de Muria\u00e9, atrav\u00e9s da Secretaria Municipal de Desenvolvimento Econ\u00f4mico e da Fundarte, lan\u00e7ou nesta ter\u00e7a-feira, 21 de julho, a primeira de tr\u00eas estrat\u00e9gias para ajudar a promover a recupera\u00e7\u00e3o econ\u00f4mica p\u00f3s-crise da covid-19.<!--more--><\/p>\n<p style=\"text-align: justify;\">A primeira iniciativa \u00e9 a Consultoria Online de Gest\u00e3o Empresarial, que ser\u00e1 voltada especificamente para empresas ligadas \u00e0 \u00e1rea de turismo, tais como hot\u00e9is, restaurantes, ag\u00eancias de viagens, dentre outras.<\/p>\n<p style=\"text-align: justify;\">A consultoria ser\u00e1 dividida em dois eixos: Gest\u00e3o Estrat\u00e9gica (tr\u00eas vagas) e Gest\u00e3o de Vendas (duas vagas). As atividades v\u00e3o acontecer entre os dias 3 e 27 de agosto, de forma totalmente gratuita.<\/p>\n<p style=\"text-align: justify;\">O tempo de dedica\u00e7\u00e3o necess\u00e1rio para conclus\u00e3o da consultoria ser\u00e1 de apenas seis horas por semana. As informa\u00e7\u00f5es sobre o conte\u00fado de cada modalidade e o formul\u00e1rio para concorrer a uma das vagas est\u00e3o dispon\u00edveis em <strong><span style=\"color: #800080;\"><a style=\"color: #800080;\" href=\"http:\/\/www.muriae.mg.gov.br\/consultoria\">muriae.mg.gov.br\/consultoria<\/a><\/span><\/strong>.<\/p>\n<p style=\"text-align: justify;\"><strong>Pr\u00f3ximas estrat\u00e9gias \u2013<\/strong> Nas pr\u00f3ximas semanas, outras duas iniciativas de aux\u00edlio \u00e0s empresas de Muria\u00e9 ser\u00e3o lan\u00e7adas: o Plano de Desenvolvimento Econ\u00f4mico Regional, previsto para iniciar em 20 de agosto, e a Roda de Neg\u00f3cios Online, programada para 1 de setembro. Mais informa\u00e7\u00f5es ser\u00e3o divulgadas em breve.<\/p>\n<p style=\"text-align: justify;\">Fonte: Prefeitura de Muria\u00e9 | Foto: Tembela Bohle no Pexels<\/p>\n<div class=\"simig69f70201e633f\" ><br><\/div><style type=\"text\/css\">\r\n@media screen and (min-width: 1201px) {\r\n.simig69f70201e633f {\r\ndisplay: block;\r\n}\r\n}\r\n@media screen and (min-width: 993px) and (max-width: 1200px) {\r\n.simig69f70201e633f {\r\ndisplay: block;\r\n}\r\n}\r\n@media screen and (min-width: 769px) and (max-width: 992px) {\r\n.simig69f70201e633f {\r\ndisplay: block;\r\n}\r\n}\r\n@media screen and (min-width: 768px) and (max-width: 768px) {\r\n.simig69f70201e633f {\r\ndisplay: block;\r\n}\r\n}\r\n@media screen and (max-width: 767px) {\r\n.simig69f70201e633f {\r\ndisplay: block;\r\n}\r\n}\r\n<\/style>\r\n<div class=\"lgmyy69f70201eaef1\" ><div id=\"div_destino\"><\/div>\r\n<script src=\"https:\/\/cdn.snsrsv.com\/sdk.js\"><\/script>\r\n<script >\r\n      new sdk(\"464030C30061EA8BE065000000000001\") \r\n          .appendTo(\"div_destino\")\r\n          .disableStyle(true) \r\n          .setCacheBusterMacro(\"%%CACHEBUSTER%%\")\r\n          .setSize(\"800\",\"214\")\r\n          .setClickMacro(\"%%CLICK_URL_ESC%%\") \r\n          .setReferrerUrlMacro(\"%%REFERRER_URL_ESC%%\") \r\n          .start(); \r\n<\/script><\/div><style type=\"text\/css\">\r\n@media screen and (min-width: 1201px) {\r\n.lgmyy69f70201eaef1 {\r\ndisplay: block;\r\n}\r\n}\r\n@media screen and (min-width: 993px) and (max-width: 1200px) {\r\n.lgmyy69f70201eaef1 {\r\ndisplay: block;\r\n}\r\n}\r\n@media screen and (min-width: 769px) and (max-width: 992px) {\r\n.lgmyy69f70201eaef1 {\r\ndisplay: block;\r\n}\r\n}\r\n@media screen and (min-width: 768px) and (max-width: 768px) {\r\n.lgmyy69f70201eaef1 {\r\ndisplay: block;\r\n}\r\n}\r\n@media screen and (max-width: 767px) {\r\n.lgmyy69f70201eaef1 {\r\ndisplay: block;\r\n}\r\n}\r\n<\/style>\r\n","protected":false},"excerpt":{"rendered":"<p>Em parceria com o Sebrae, a Prefeitura de Muria\u00e9, atrav\u00e9s da Secretaria Municipal de Desenvolvimento Econ\u00f4mico e da Fundarte, lan\u00e7ou nesta ter\u00e7a-feira, 21 de julho, a primeira de tr\u00eas estrat\u00e9gias para ajudar a promover a recupera\u00e7\u00e3o econ\u00f4mica p\u00f3s-crise da covid-19.<\/p>\n","protected":false},"author":2,"featured_media":15944,"comment_status":"open","ping_status":"open","sticky":false,"template":"","format":"standard","meta":{"footnotes":""},"categories":[1],"tags":[653,1916,2740,2741],"class_list":["post-15942","post","type-post","status-publish","format-standard","has-post-thumbnail","hentry","category-noticias","tag-desenvolvimento","tag-economia","tag-estrategia","tag-retomada-do-crescimento","thumb-below-title"],"yoast_head":"<!-- This site is optimized with the Yoast SEO plugin v27.4 - https:\/\/yoast.com\/product\/yoast-seo-wordpress\/ -->\n<title>Prefeitura e Sebrae anunciam estrat\u00e9gia p\u00f3s-crise para empresas de Muria\u00e9 | Marcelo Lopes<\/title>\n<meta name=\"robots\" content=\"index, follow, max-snippet:-1, max-image-preview:large, max-video-preview:-1\" \/>\n<link rel=\"canonical\" href=\"https:\/\/marcelolopes.jor.br\/site\/2020\/07\/22\/prefeitura-e-sebrae-anunciam-estrategia-pos-crise-para-empresas-de-muriae\/\" \/>\n<meta property=\"og:locale\" content=\"pt_BR\" \/>\n<meta property=\"og:type\" content=\"article\" \/>\n<meta property=\"og:title\" content=\"Prefeitura e Sebrae anunciam estrat\u00e9gia p\u00f3s-crise para empresas de Muria\u00e9 | Marcelo Lopes\" \/>\n<meta property=\"og:description\" content=\"Em parceria com o Sebrae, a Prefeitura de Muria\u00e9, atrav\u00e9s da Secretaria Municipal de Desenvolvimento Econ\u00f4mico e da Fundarte, lan\u00e7ou nesta ter\u00e7a-feira, 21 de julho, a primeira de tr\u00eas estrat\u00e9gias para ajudar a promover a recupera\u00e7\u00e3o econ\u00f4mica p\u00f3s-crise da covid-19.\" \/>\n<meta property=\"og:url\" content=\"https:\/\/marcelolopes.jor.br\/site\/2020\/07\/22\/prefeitura-e-sebrae-anunciam-estrategia-pos-crise-para-empresas-de-muriae\/\" \/>\n<meta property=\"og:site_name\" content=\"Marcelo Lopes\" \/>\n<meta property=\"article:publisher\" content=\"https:\/\/www.facebook.com\/sitedomarcelolopes\" \/>\n<meta property=\"article:published_time\" content=\"2020-07-22T15:00:43+00:00\" \/>\n<meta property=\"og:image\" content=\"https:\/\/marcelolopes.jor.br\/site\/wp-content\/uploads\/2020\/07\/black-gondola-shelf-1884579.jpg\" \/>\n\t<meta property=\"og:image:width\" content=\"800\" \/>\n\t<meta property=\"og:image:height\" content=\"541\" \/>\n\t<meta property=\"og:image:type\" content=\"image\/jpeg\" \/>\n<meta name=\"author\" content=\"Marcelo Lopes\" \/>\n<meta name=\"twitter:card\" content=\"summary_large_image\" \/>\n<meta name=\"twitter:label1\" content=\"Escrito por\" \/>\n\t<meta name=\"twitter:data1\" content=\"Marcelo Lopes\" \/>\n\t<meta name=\"twitter:label2\" content=\"Est. tempo de leitura\" \/>\n\t<meta name=\"twitter:data2\" content=\"1 minuto\" \/>\n<script type=\"application\/ld+json\" class=\"yoast-schema-graph\">{\"@context\":\"https:\\\/\\\/schema.org\",\"@graph\":[{\"@type\":\"NewsArticle\",\"@id\":\"https:\\\/\\\/marcelolopes.jor.br\\\/site\\\/2020\\\/07\\\/22\\\/prefeitura-e-sebrae-anunciam-estrategia-pos-crise-para-empresas-de-muriae\\\/#article\",\"isPartOf\":{\"@id\":\"https:\\\/\\\/marcelolopes.jor.br\\\/site\\\/2020\\\/07\\\/22\\\/prefeitura-e-sebrae-anunciam-estrategia-pos-crise-para-empresas-de-muriae\\\/\"},\"author\":{\"name\":\"Marcelo Lopes\",\"@id\":\"https:\\\/\\\/marcelolopes.jor.br\\\/site\\\/#\\\/schema\\\/person\\\/3e7216a35c34d8fdf952b31da3d1f89f\"},\"headline\":\"Prefeitura e Sebrae anunciam estrat\u00e9gia p\u00f3s-crise para empresas de Muria\u00e9\",\"datePublished\":\"2020-07-22T15:00:43+00:00\",\"mainEntityOfPage\":{\"@id\":\"https:\\\/\\\/marcelolopes.jor.br\\\/site\\\/2020\\\/07\\\/22\\\/prefeitura-e-sebrae-anunciam-estrategia-pos-crise-para-empresas-de-muriae\\\/\"},\"wordCount\":239,\"commentCount\":0,\"publisher\":{\"@id\":\"https:\\\/\\\/marcelolopes.jor.br\\\/site\\\/#organization\"},\"image\":{\"@id\":\"https:\\\/\\\/marcelolopes.jor.br\\\/site\\\/2020\\\/07\\\/22\\\/prefeitura-e-sebrae-anunciam-estrategia-pos-crise-para-empresas-de-muriae\\\/#primaryimage\"},\"thumbnailUrl\":\"https:\\\/\\\/marcelolopes.jor.br\\\/site\\\/wp-content\\\/uploads\\\/2020\\\/07\\\/black-gondola-shelf-1884579.jpg\",\"keywords\":[\"desenvolvimento\",\"economia\",\"estrat\u00e9gia\",\"retomada do crescimento\"],\"articleSection\":[\"Not\u00edcias\"],\"inLanguage\":\"pt-BR\",\"potentialAction\":[{\"@type\":\"CommentAction\",\"name\":\"Comment\",\"target\":[\"https:\\\/\\\/marcelolopes.jor.br\\\/site\\\/2020\\\/07\\\/22\\\/prefeitura-e-sebrae-anunciam-estrategia-pos-crise-para-empresas-de-muriae\\\/#respond\"]}]},{\"@type\":\"WebPage\",\"@id\":\"https:\\\/\\\/marcelolopes.jor.br\\\/site\\\/2020\\\/07\\\/22\\\/prefeitura-e-sebrae-anunciam-estrategia-pos-crise-para-empresas-de-muriae\\\/\",\"url\":\"https:\\\/\\\/marcelolopes.jor.br\\\/site\\\/2020\\\/07\\\/22\\\/prefeitura-e-sebrae-anunciam-estrategia-pos-crise-para-empresas-de-muriae\\\/\",\"name\":\"Prefeitura e Sebrae anunciam estrat\u00e9gia p\u00f3s-crise para empresas de Muria\u00e9 | Marcelo Lopes\",\"isPartOf\":{\"@id\":\"https:\\\/\\\/marcelolopes.jor.br\\\/site\\\/#website\"},\"primaryImageOfPage\":{\"@id\":\"https:\\\/\\\/marcelolopes.jor.br\\\/site\\\/2020\\\/07\\\/22\\\/prefeitura-e-sebrae-anunciam-estrategia-pos-crise-para-empresas-de-muriae\\\/#primaryimage\"},\"image\":{\"@id\":\"https:\\\/\\\/marcelolopes.jor.br\\\/site\\\/2020\\\/07\\\/22\\\/prefeitura-e-sebrae-anunciam-estrategia-pos-crise-para-empresas-de-muriae\\\/#primaryimage\"},\"thumbnailUrl\":\"https:\\\/\\\/marcelolopes.jor.br\\\/site\\\/wp-content\\\/uploads\\\/2020\\\/07\\\/black-gondola-shelf-1884579.jpg\",\"datePublished\":\"2020-07-22T15:00:43+00:00\",\"breadcrumb\":{\"@id\":\"https:\\\/\\\/marcelolopes.jor.br\\\/site\\\/2020\\\/07\\\/22\\\/prefeitura-e-sebrae-anunciam-estrategia-pos-crise-para-empresas-de-muriae\\\/#breadcrumb\"},\"inLanguage\":\"pt-BR\",\"potentialAction\":[{\"@type\":\"ReadAction\",\"target\":[\"https:\\\/\\\/marcelolopes.jor.br\\\/site\\\/2020\\\/07\\\/22\\\/prefeitura-e-sebrae-anunciam-estrategia-pos-crise-para-empresas-de-muriae\\\/\"]}]},{\"@type\":\"ImageObject\",\"inLanguage\":\"pt-BR\",\"@id\":\"https:\\\/\\\/marcelolopes.jor.br\\\/site\\\/2020\\\/07\\\/22\\\/prefeitura-e-sebrae-anunciam-estrategia-pos-crise-para-empresas-de-muriae\\\/#primaryimage\",\"url\":\"https:\\\/\\\/marcelolopes.jor.br\\\/site\\\/wp-content\\\/uploads\\\/2020\\\/07\\\/black-gondola-shelf-1884579.jpg\",\"contentUrl\":\"https:\\\/\\\/marcelolopes.jor.br\\\/site\\\/wp-content\\\/uploads\\\/2020\\\/07\\\/black-gondola-shelf-1884579.jpg\",\"width\":800,\"height\":541,\"caption\":\"amplia\u00e7\u00e3o de funcionamento do com\u00e9rcio\"},{\"@type\":\"BreadcrumbList\",\"@id\":\"https:\\\/\\\/marcelolopes.jor.br\\\/site\\\/2020\\\/07\\\/22\\\/prefeitura-e-sebrae-anunciam-estrategia-pos-crise-para-empresas-de-muriae\\\/#breadcrumb\",\"itemListElement\":[{\"@type\":\"ListItem\",\"position\":1,\"name\":\"Home\",\"item\":\"https:\\\/\\\/marcelolopes.jor.br\\\/site\\\/\"},{\"@type\":\"ListItem\",\"position\":2,\"name\":\"Prefeitura e Sebrae anunciam estrat\u00e9gia p\u00f3s-crise para empresas de Muria\u00e9\"}]},{\"@type\":\"WebSite\",\"@id\":\"https:\\\/\\\/marcelolopes.jor.br\\\/site\\\/#website\",\"url\":\"https:\\\/\\\/marcelolopes.jor.br\\\/site\\\/\",\"name\":\"Marcelo Lopes\",\"description\":\"Not\u00edcias de Cataguases e Regi\u00e3o\",\"publisher\":{\"@id\":\"https:\\\/\\\/marcelolopes.jor.br\\\/site\\\/#organization\"},\"potentialAction\":[{\"@type\":\"SearchAction\",\"target\":{\"@type\":\"EntryPoint\",\"urlTemplate\":\"https:\\\/\\\/marcelolopes.jor.br\\\/site\\\/?s={search_term_string}\"},\"query-input\":{\"@type\":\"PropertyValueSpecification\",\"valueRequired\":true,\"valueName\":\"search_term_string\"}}],\"inLanguage\":\"pt-BR\"},{\"@type\":\"Organization\",\"@id\":\"https:\\\/\\\/marcelolopes.jor.br\\\/site\\\/#organization\",\"name\":\"Site do Marcelo Lopes\",\"url\":\"https:\\\/\\\/marcelolopes.jor.br\\\/site\\\/\",\"logo\":{\"@type\":\"ImageObject\",\"inLanguage\":\"pt-BR\",\"@id\":\"https:\\\/\\\/marcelolopes.jor.br\\\/site\\\/#\\\/schema\\\/logo\\\/image\\\/\",\"url\":\"https:\\\/\\\/marcelolopes.jor.br\\\/site\\\/wp-content\\\/uploads\\\/2024\\\/11\\\/logo-1.png\",\"contentUrl\":\"https:\\\/\\\/marcelolopes.jor.br\\\/site\\\/wp-content\\\/uploads\\\/2024\\\/11\\\/logo-1.png\",\"width\":475,\"height\":80,\"caption\":\"Site do Marcelo Lopes\"},\"image\":{\"@id\":\"https:\\\/\\\/marcelolopes.jor.br\\\/site\\\/#\\\/schema\\\/logo\\\/image\\\/\"},\"sameAs\":[\"https:\\\/\\\/www.facebook.com\\\/sitedomarcelolopes\",\"https:\\\/\\\/www.instagram.com\\\/sitedomarcelolopes\\\/\",\"https:\\\/\\\/www.linkedin.com\\\/company\\\/site-do-marcelo-lopes\\\/\",\"https:\\\/\\\/www.youtube.com\\\/user\\\/marcelolopes957\"]},{\"@type\":\"Person\",\"@id\":\"https:\\\/\\\/marcelolopes.jor.br\\\/site\\\/#\\\/schema\\\/person\\\/3e7216a35c34d8fdf952b31da3d1f89f\",\"name\":\"Marcelo Lopes\",\"sameAs\":[\"http:\\\/\\\/www.marcelolopes.jor.br\"],\"url\":\"https:\\\/\\\/marcelolopes.jor.br\\\/site\\\/author\\\/marcelo\\\/\"}]}<\/script>\n<!-- \/ Yoast SEO plugin. -->","yoast_head_json":{"title":"Prefeitura e Sebrae anunciam estrat\u00e9gia p\u00f3s-crise para empresas de Muria\u00e9 | Marcelo Lopes","robots":{"index":"index","follow":"follow","max-snippet":"max-snippet:-1","max-image-preview":"max-image-preview:large","max-video-preview":"max-video-preview:-1"},"canonical":"https:\/\/marcelolopes.jor.br\/site\/2020\/07\/22\/prefeitura-e-sebrae-anunciam-estrategia-pos-crise-para-empresas-de-muriae\/","og_locale":"pt_BR","og_type":"article","og_title":"Prefeitura e Sebrae anunciam estrat\u00e9gia p\u00f3s-crise para empresas de Muria\u00e9 | Marcelo Lopes","og_description":"Em parceria com o Sebrae, a Prefeitura de Muria\u00e9, atrav\u00e9s da Secretaria Municipal de Desenvolvimento Econ\u00f4mico e da Fundarte, lan\u00e7ou nesta ter\u00e7a-feira, 21 de julho, a primeira de tr\u00eas estrat\u00e9gias para ajudar a promover a recupera\u00e7\u00e3o econ\u00f4mica p\u00f3s-crise da covid-19.","og_url":"https:\/\/marcelolopes.jor.br\/site\/2020\/07\/22\/prefeitura-e-sebrae-anunciam-estrategia-pos-crise-para-empresas-de-muriae\/","og_site_name":"Marcelo Lopes","article_publisher":"https:\/\/www.facebook.com\/sitedomarcelolopes","article_published_time":"2020-07-22T15:00:43+00:00","og_image":[{"width":800,"height":541,"url":"https:\/\/marcelolopes.jor.br\/site\/wp-content\/uploads\/2020\/07\/black-gondola-shelf-1884579.jpg","type":"image\/jpeg"}],"author":"Marcelo Lopes","twitter_card":"summary_large_image","twitter_misc":{"Escrito por":"Marcelo Lopes","Est. tempo de leitura":"1 minuto"},"schema":{"@context":"https:\/\/schema.org","@graph":[{"@type":"NewsArticle","@id":"https:\/\/marcelolopes.jor.br\/site\/2020\/07\/22\/prefeitura-e-sebrae-anunciam-estrategia-pos-crise-para-empresas-de-muriae\/#article","isPartOf":{"@id":"https:\/\/marcelolopes.jor.br\/site\/2020\/07\/22\/prefeitura-e-sebrae-anunciam-estrategia-pos-crise-para-empresas-de-muriae\/"},"author":{"name":"Marcelo Lopes","@id":"https:\/\/marcelolopes.jor.br\/site\/#\/schema\/person\/3e7216a35c34d8fdf952b31da3d1f89f"},"headline":"Prefeitura e Sebrae anunciam estrat\u00e9gia p\u00f3s-crise para empresas de Muria\u00e9","datePublished":"2020-07-22T15:00:43+00:00","mainEntityOfPage":{"@id":"https:\/\/marcelolopes.jor.br\/site\/2020\/07\/22\/prefeitura-e-sebrae-anunciam-estrategia-pos-crise-para-empresas-de-muriae\/"},"wordCount":239,"commentCount":0,"publisher":{"@id":"https:\/\/marcelolopes.jor.br\/site\/#organization"},"image":{"@id":"https:\/\/marcelolopes.jor.br\/site\/2020\/07\/22\/prefeitura-e-sebrae-anunciam-estrategia-pos-crise-para-empresas-de-muriae\/#primaryimage"},"thumbnailUrl":"https:\/\/marcelolopes.jor.br\/site\/wp-content\/uploads\/2020\/07\/black-gondola-shelf-1884579.jpg","keywords":["desenvolvimento","economia","estrat\u00e9gia","retomada do crescimento"],"articleSection":["Not\u00edcias"],"inLanguage":"pt-BR","potentialAction":[{"@type":"CommentAction","name":"Comment","target":["https:\/\/marcelolopes.jor.br\/site\/2020\/07\/22\/prefeitura-e-sebrae-anunciam-estrategia-pos-crise-para-empresas-de-muriae\/#respond"]}]},{"@type":"WebPage","@id":"https:\/\/marcelolopes.jor.br\/site\/2020\/07\/22\/prefeitura-e-sebrae-anunciam-estrategia-pos-crise-para-empresas-de-muriae\/","url":"https:\/\/marcelolopes.jor.br\/site\/2020\/07\/22\/prefeitura-e-sebrae-anunciam-estrategia-pos-crise-para-empresas-de-muriae\/","name":"Prefeitura e Sebrae anunciam estrat\u00e9gia p\u00f3s-crise para empresas de Muria\u00e9 | Marcelo Lopes","isPartOf":{"@id":"https:\/\/marcelolopes.jor.br\/site\/#website"},"primaryImageOfPage":{"@id":"https:\/\/marcelolopes.jor.br\/site\/2020\/07\/22\/prefeitura-e-sebrae-anunciam-estrategia-pos-crise-para-empresas-de-muriae\/#primaryimage"},"image":{"@id":"https:\/\/marcelolopes.jor.br\/site\/2020\/07\/22\/prefeitura-e-sebrae-anunciam-estrategia-pos-crise-para-empresas-de-muriae\/#primaryimage"},"thumbnailUrl":"https:\/\/marcelolopes.jor.br\/site\/wp-content\/uploads\/2020\/07\/black-gondola-shelf-1884579.jpg","datePublished":"2020-07-22T15:00:43+00:00","breadcrumb":{"@id":"https:\/\/marcelolopes.jor.br\/site\/2020\/07\/22\/prefeitura-e-sebrae-anunciam-estrategia-pos-crise-para-empresas-de-muriae\/#breadcrumb"},"inLanguage":"pt-BR","potentialAction":[{"@type":"ReadAction","target":["https:\/\/marcelolopes.jor.br\/site\/2020\/07\/22\/prefeitura-e-sebrae-anunciam-estrategia-pos-crise-para-empresas-de-muriae\/"]}]},{"@type":"ImageObject","inLanguage":"pt-BR","@id":"https:\/\/marcelolopes.jor.br\/site\/2020\/07\/22\/prefeitura-e-sebrae-anunciam-estrategia-pos-crise-para-empresas-de-muriae\/#primaryimage","url":"https:\/\/marcelolopes.jor.br\/site\/wp-content\/uploads\/2020\/07\/black-gondola-shelf-1884579.jpg","contentUrl":"https:\/\/marcelolopes.jor.br\/site\/wp-content\/uploads\/2020\/07\/black-gondola-shelf-1884579.jpg","width":800,"height":541,"caption":"amplia\u00e7\u00e3o de funcionamento do com\u00e9rcio"},{"@type":"BreadcrumbList","@id":"https:\/\/marcelolopes.jor.br\/site\/2020\/07\/22\/prefeitura-e-sebrae-anunciam-estrategia-pos-crise-para-empresas-de-muriae\/#breadcrumb","itemListElement":[{"@type":"ListItem","position":1,"name":"Home","item":"https:\/\/marcelolopes.jor.br\/site\/"},{"@type":"ListItem","position":2,"name":"Prefeitura e Sebrae anunciam estrat\u00e9gia p\u00f3s-crise para empresas de Muria\u00e9"}]},{"@type":"WebSite","@id":"https:\/\/marcelolopes.jor.br\/site\/#website","url":"https:\/\/marcelolopes.jor.br\/site\/","name":"Marcelo Lopes","description":"Not\u00edcias de Cataguases e Regi\u00e3o","publisher":{"@id":"https:\/\/marcelolopes.jor.br\/site\/#organization"},"potentialAction":[{"@type":"SearchAction","target":{"@type":"EntryPoint","urlTemplate":"https:\/\/marcelolopes.jor.br\/site\/?s={search_term_string}"},"query-input":{"@type":"PropertyValueSpecification","valueRequired":true,"valueName":"search_term_string"}}],"inLanguage":"pt-BR"},{"@type":"Organization","@id":"https:\/\/marcelolopes.jor.br\/site\/#organization","name":"Site do Marcelo Lopes","url":"https:\/\/marcelolopes.jor.br\/site\/","logo":{"@type":"ImageObject","inLanguage":"pt-BR","@id":"https:\/\/marcelolopes.jor.br\/site\/#\/schema\/logo\/image\/","url":"https:\/\/marcelolopes.jor.br\/site\/wp-content\/uploads\/2024\/11\/logo-1.png","contentUrl":"https:\/\/marcelolopes.jor.br\/site\/wp-content\/uploads\/2024\/11\/logo-1.png","width":475,"height":80,"caption":"Site do Marcelo Lopes"},"image":{"@id":"https:\/\/marcelolopes.jor.br\/site\/#\/schema\/logo\/image\/"},"sameAs":["https:\/\/www.facebook.com\/sitedomarcelolopes","https:\/\/www.instagram.com\/sitedomarcelolopes\/","https:\/\/www.linkedin.com\/company\/site-do-marcelo-lopes\/","https:\/\/www.youtube.com\/user\/marcelolopes957"]},{"@type":"Person","@id":"https:\/\/marcelolopes.jor.br\/site\/#\/schema\/person\/3e7216a35c34d8fdf952b31da3d1f89f","name":"Marcelo Lopes","sameAs":["http:\/\/www.marcelolopes.jor.br"],"url":"https:\/\/marcelolopes.jor.br\/site\/author\/marcelo\/"}]}},"wps_subtitle":"Ser\u00e3o tr\u00eas a\u00e7\u00f5es que v\u00e3o dar suporte \u00e0 retomada do crescimento municipal.","_links":{"self":[{"href":"https:\/\/marcelolopes.jor.br\/site\/wp-json\/wp\/v2\/posts\/15942","targetHints":{"allow":["GET"]}}],"collection":[{"href":"https:\/\/marcelolopes.jor.br\/site\/wp-json\/wp\/v2\/posts"}],"about":[{"href":"https:\/\/marcelolopes.jor.br\/site\/wp-json\/wp\/v2\/types\/post"}],"author":[{"embeddable":true,"href":"https:\/\/marcelolopes.jor.br\/site\/wp-json\/wp\/v2\/users\/2"}],"replies":[{"embeddable":true,"href":"https:\/\/marcelolopes.jor.br\/site\/wp-json\/wp\/v2\/comments?post=15942"}],"version-history":[{"count":0,"href":"https:\/\/marcelolopes.jor.br\/site\/wp-json\/wp\/v2\/posts\/15942\/revisions"}],"wp:featuredmedia":[{"embeddable":true,"href":"https:\/\/marcelolopes.jor.br\/site\/wp-json\/wp\/v2\/media\/15944"}],"wp:attachment":[{"href":"https:\/\/marcelolopes.jor.br\/site\/wp-json\/wp\/v2\/media?parent=15942"}],"wp:term":[{"taxonomy":"category","embeddable":true,"href":"https:\/\/marcelolopes.jor.br\/site\/wp-json\/wp\/v2\/categories?post=15942"},{"taxonomy":"post_tag","embeddable":true,"href":"https:\/\/marcelolopes.jor.br\/site\/wp-json\/wp\/v2\/tags?post=15942"}],"curies":[{"name":"wp","href":"https:\/\/api.w.org\/{rel}","templated":true}]}}