{"id":1579,"date":"2019-05-21T07:00:25","date_gmt":"2019-05-21T10:00:25","guid":{"rendered":"https:\/\/marcelolopes.jor.br\/?p=1579"},"modified":"2019-05-20T16:20:14","modified_gmt":"2019-05-20T19:20:14","slug":"doacao-pela-conta-de-energia-ajuda-instituicoes-beneficentes","status":"publish","type":"post","link":"https:\/\/marcelolopes.jor.br\/site\/2019\/05\/21\/doacao-pela-conta-de-energia-ajuda-instituicoes-beneficentes\/","title":{"rendered":"Doa\u00e7\u00e3o pela conta de energia ajuda institui\u00e7\u00f5es beneficentes"},"content":{"rendered":"<p>Rosimeia de Souza, moradora de Cataguases, descobriu h\u00e1 tr\u00eas meses que poderia contribuir com uma doa\u00e7\u00e3o em sua conta de energia el\u00e9trica para o Hospital de Cataguases e passou a ajudar a entidade. \u201cEstive no hospital com um familiar e percebi como a situa\u00e7\u00e3o deles \u00e9 dif\u00edcil. Uma pequena doa\u00e7\u00e3o de cada um n\u00f3s poder\u00e1 fazer uma grande diferen\u00e7a para a institui\u00e7\u00e3o.\u201d<!--more--><\/p>\n<p>Assim como a Rosimeia, nossos clientes contam com uma maneira simples e f\u00e1cil de contribuir com a manuten\u00e7\u00e3o de entidades filantr\u00f3picas em v\u00e1rias cidades da \u00e1rea de concess\u00e3o da Energisa Minas Gerais. Eles podem fazer doa\u00e7\u00f5es por meio da conta de energia el\u00e9trica.<\/p>\n<p>Essa energia do bem conseguiu arrecadar cerca de R$ 510 mil em Minas em 2018. E podemos ir al\u00e9m. Para contribuir o cliente deve preencher o formul\u00e1rio na pr\u00f3pria institui\u00e7\u00e3o e, posteriormente, essas solicita\u00e7\u00f5es s\u00e3o encaminhadas \u00e0 Energisa.<\/p>\n<p>Para o diretor-presidente Eduardo Mantovani, \u201cal\u00e9m de ser uma facilidade para nossos clientes que podem fazer uma boa a\u00e7\u00e3o sem precisar sair de casa \u00e9 uma forma de contribuir para fortalecer essas entidades\u201d.<\/p>\n<p>Conhe\u00e7a as entidades cadastradas e fa\u00e7a parte dessa corrente do bem:<\/p>\n<p><img loading=\"lazy\" decoding=\"async\" class=\"aligncenter wp-image-1581 size-large\" src=\"https:\/\/marcelolopes.jor.br\/site\/wp-content\/uploads\/2019\/05\/Entidades-beneficentes-538x1024.jpg\" alt=\"\" width=\"538\" height=\"1024\" srcset=\"https:\/\/marcelolopes.jor.br\/site\/wp-content\/uploads\/2019\/05\/Entidades-beneficentes-538x1024.jpg 538w, https:\/\/marcelolopes.jor.br\/site\/wp-content\/uploads\/2019\/05\/Entidades-beneficentes-158x300.jpg 158w, https:\/\/marcelolopes.jor.br\/site\/wp-content\/uploads\/2019\/05\/Entidades-beneficentes-768x1462.jpg 768w, https:\/\/marcelolopes.jor.br\/site\/wp-content\/uploads\/2019\/05\/Entidades-beneficentes-630x1200.jpg 630w, https:\/\/marcelolopes.jor.br\/site\/wp-content\/uploads\/2019\/05\/Entidades-beneficentes.jpg 800w\" sizes=\"auto, (max-width: 538px) 100vw, 538px\" \/><\/p>\n<p><em>Fonte: \u00a0Energisa Minas Gerais<\/em><\/p>\n<div class=\"tmjse69f715c200b3d\" ><br><\/div><style type=\"text\/css\">\r\n@media screen and (min-width: 1201px) {\r\n.tmjse69f715c200b3d {\r\ndisplay: block;\r\n}\r\n}\r\n@media screen and (min-width: 993px) and (max-width: 1200px) {\r\n.tmjse69f715c200b3d {\r\ndisplay: block;\r\n}\r\n}\r\n@media screen and (min-width: 769px) and (max-width: 992px) {\r\n.tmjse69f715c200b3d {\r\ndisplay: block;\r\n}\r\n}\r\n@media screen and (min-width: 768px) and (max-width: 768px) {\r\n.tmjse69f715c200b3d {\r\ndisplay: block;\r\n}\r\n}\r\n@media screen and (max-width: 767px) {\r\n.tmjse69f715c200b3d {\r\ndisplay: block;\r\n}\r\n}\r\n<\/style>\r\n<div class=\"vmith69f715c2058d2\" ><div id=\"div_destino\"><\/div>\r\n<script src=\"https:\/\/cdn.snsrsv.com\/sdk.js\"><\/script>\r\n<script >\r\n      new sdk(\"464030C30061EA8BE065000000000001\") \r\n          .appendTo(\"div_destino\")\r\n          .disableStyle(true) \r\n          .setCacheBusterMacro(\"%%CACHEBUSTER%%\")\r\n          .setSize(\"800\",\"214\")\r\n          .setClickMacro(\"%%CLICK_URL_ESC%%\") \r\n          .setReferrerUrlMacro(\"%%REFERRER_URL_ESC%%\") \r\n          .start(); \r\n<\/script><\/div><style type=\"text\/css\">\r\n@media screen and (min-width: 1201px) {\r\n.vmith69f715c2058d2 {\r\ndisplay: block;\r\n}\r\n}\r\n@media screen and (min-width: 993px) and (max-width: 1200px) {\r\n.vmith69f715c2058d2 {\r\ndisplay: block;\r\n}\r\n}\r\n@media screen and (min-width: 769px) and (max-width: 992px) {\r\n.vmith69f715c2058d2 {\r\ndisplay: block;\r\n}\r\n}\r\n@media screen and (min-width: 768px) and (max-width: 768px) {\r\n.vmith69f715c2058d2 {\r\ndisplay: block;\r\n}\r\n}\r\n@media screen and (max-width: 767px) {\r\n.vmith69f715c2058d2 {\r\ndisplay: block;\r\n}\r\n}\r\n<\/style>\r\n","protected":false},"excerpt":{"rendered":"<p>Rosimeia de Souza, moradora de Cataguases, descobriu h\u00e1 tr\u00eas meses que poderia contribuir com uma doa\u00e7\u00e3o em sua conta de energia el\u00e9trica para o Hospital de Cataguases e passou a ajudar a entidade. \u201cEstive no hospital com um familiar e<\/p>\n<p class=\"link-more\"><a class=\"more-link\" href=\"https:\/\/marcelolopes.jor.br\/site\/2019\/05\/21\/doacao-pela-conta-de-energia-ajuda-instituicoes-beneficentes\/\">Leia mais <span class=\"screen-reader-text\">Doa\u00e7\u00e3o pela conta de energia ajuda institui\u00e7\u00f5es beneficentes<\/span><\/a><\/p>\n","protected":false},"author":2,"featured_media":1580,"comment_status":"open","ping_status":"open","sticky":false,"template":"","format":"standard","meta":{"footnotes":""},"categories":[1],"tags":[302,90,301,303],"class_list":["post-1579","post","type-post","status-publish","format-standard","has-post-thumbnail","hentry","category-noticias","tag-beneficente","tag-doacao","tag-energia","tag-entidades","thumb-below-title"],"yoast_head":"<!-- This site is optimized with the Yoast SEO plugin v27.4 - https:\/\/yoast.com\/product\/yoast-seo-wordpress\/ -->\n<title>Doa\u00e7\u00e3o pela conta de energia ajuda institui\u00e7\u00f5es beneficentes | Marcelo Lopes<\/title>\n<meta name=\"robots\" content=\"index, follow, max-snippet:-1, max-image-preview:large, max-video-preview:-1\" \/>\n<link rel=\"canonical\" href=\"https:\/\/marcelolopes.jor.br\/site\/2019\/05\/21\/doacao-pela-conta-de-energia-ajuda-instituicoes-beneficentes\/\" \/>\n<meta property=\"og:locale\" content=\"pt_BR\" \/>\n<meta property=\"og:type\" content=\"article\" \/>\n<meta property=\"og:title\" content=\"Doa\u00e7\u00e3o pela conta de energia ajuda institui\u00e7\u00f5es beneficentes | Marcelo Lopes\" \/>\n<meta property=\"og:description\" content=\"Rosimeia de Souza, moradora de Cataguases, descobriu h\u00e1 tr\u00eas meses que poderia contribuir com uma doa\u00e7\u00e3o em sua conta de energia el\u00e9trica para o Hospital de Cataguases e passou a ajudar a entidade. \u201cEstive no hospital com um familiar eLeia mais Doa\u00e7\u00e3o pela conta de energia ajuda institui\u00e7\u00f5es beneficentes\" \/>\n<meta property=\"og:url\" content=\"https:\/\/marcelolopes.jor.br\/site\/2019\/05\/21\/doacao-pela-conta-de-energia-ajuda-instituicoes-beneficentes\/\" \/>\n<meta property=\"og:site_name\" content=\"Marcelo Lopes\" \/>\n<meta property=\"article:publisher\" content=\"https:\/\/www.facebook.com\/sitedomarcelolopes\" \/>\n<meta property=\"article:published_time\" content=\"2019-05-21T10:00:25+00:00\" \/>\n<meta property=\"og:image\" content=\"https:\/\/marcelolopes.jor.br\/site\/wp-content\/uploads\/2019\/05\/IMG_5749.jpg\" \/>\n\t<meta property=\"og:image:width\" content=\"1632\" \/>\n\t<meta property=\"og:image:height\" content=\"1224\" \/>\n\t<meta property=\"og:image:type\" content=\"image\/jpeg\" \/>\n<meta name=\"author\" content=\"Marcelo Lopes\" \/>\n<meta name=\"twitter:card\" content=\"summary_large_image\" \/>\n<meta name=\"twitter:label1\" content=\"Escrito por\" \/>\n\t<meta name=\"twitter:data1\" content=\"Marcelo Lopes\" \/>\n\t<meta name=\"twitter:label2\" content=\"Est. tempo de leitura\" \/>\n\t<meta name=\"twitter:data2\" content=\"1 minuto\" \/>\n<script type=\"application\/ld+json\" class=\"yoast-schema-graph\">{\"@context\":\"https:\\\/\\\/schema.org\",\"@graph\":[{\"@type\":\"NewsArticle\",\"@id\":\"https:\\\/\\\/marcelolopes.jor.br\\\/site\\\/2019\\\/05\\\/21\\\/doacao-pela-conta-de-energia-ajuda-instituicoes-beneficentes\\\/#article\",\"isPartOf\":{\"@id\":\"https:\\\/\\\/marcelolopes.jor.br\\\/site\\\/2019\\\/05\\\/21\\\/doacao-pela-conta-de-energia-ajuda-instituicoes-beneficentes\\\/\"},\"author\":{\"name\":\"Marcelo Lopes\",\"@id\":\"https:\\\/\\\/marcelolopes.jor.br\\\/site\\\/#\\\/schema\\\/person\\\/3e7216a35c34d8fdf952b31da3d1f89f\"},\"headline\":\"Doa\u00e7\u00e3o pela conta de energia ajuda institui\u00e7\u00f5es beneficentes\",\"datePublished\":\"2019-05-21T10:00:25+00:00\",\"mainEntityOfPage\":{\"@id\":\"https:\\\/\\\/marcelolopes.jor.br\\\/site\\\/2019\\\/05\\\/21\\\/doacao-pela-conta-de-energia-ajuda-instituicoes-beneficentes\\\/\"},\"wordCount\":222,\"commentCount\":0,\"publisher\":{\"@id\":\"https:\\\/\\\/marcelolopes.jor.br\\\/site\\\/#organization\"},\"image\":{\"@id\":\"https:\\\/\\\/marcelolopes.jor.br\\\/site\\\/2019\\\/05\\\/21\\\/doacao-pela-conta-de-energia-ajuda-instituicoes-beneficentes\\\/#primaryimage\"},\"thumbnailUrl\":\"https:\\\/\\\/marcelolopes.jor.br\\\/site\\\/wp-content\\\/uploads\\\/2019\\\/05\\\/IMG_5749.jpg\",\"keywords\":[\"beneficente\",\"doa\u00e7\u00e3o\",\"Energia\",\"entidades\"],\"articleSection\":[\"Not\u00edcias\"],\"inLanguage\":\"pt-BR\",\"potentialAction\":[{\"@type\":\"CommentAction\",\"name\":\"Comment\",\"target\":[\"https:\\\/\\\/marcelolopes.jor.br\\\/site\\\/2019\\\/05\\\/21\\\/doacao-pela-conta-de-energia-ajuda-instituicoes-beneficentes\\\/#respond\"]}]},{\"@type\":\"WebPage\",\"@id\":\"https:\\\/\\\/marcelolopes.jor.br\\\/site\\\/2019\\\/05\\\/21\\\/doacao-pela-conta-de-energia-ajuda-instituicoes-beneficentes\\\/\",\"url\":\"https:\\\/\\\/marcelolopes.jor.br\\\/site\\\/2019\\\/05\\\/21\\\/doacao-pela-conta-de-energia-ajuda-instituicoes-beneficentes\\\/\",\"name\":\"Doa\u00e7\u00e3o pela conta de energia ajuda institui\u00e7\u00f5es beneficentes | Marcelo Lopes\",\"isPartOf\":{\"@id\":\"https:\\\/\\\/marcelolopes.jor.br\\\/site\\\/#website\"},\"primaryImageOfPage\":{\"@id\":\"https:\\\/\\\/marcelolopes.jor.br\\\/site\\\/2019\\\/05\\\/21\\\/doacao-pela-conta-de-energia-ajuda-instituicoes-beneficentes\\\/#primaryimage\"},\"image\":{\"@id\":\"https:\\\/\\\/marcelolopes.jor.br\\\/site\\\/2019\\\/05\\\/21\\\/doacao-pela-conta-de-energia-ajuda-instituicoes-beneficentes\\\/#primaryimage\"},\"thumbnailUrl\":\"https:\\\/\\\/marcelolopes.jor.br\\\/site\\\/wp-content\\\/uploads\\\/2019\\\/05\\\/IMG_5749.jpg\",\"datePublished\":\"2019-05-21T10:00:25+00:00\",\"breadcrumb\":{\"@id\":\"https:\\\/\\\/marcelolopes.jor.br\\\/site\\\/2019\\\/05\\\/21\\\/doacao-pela-conta-de-energia-ajuda-instituicoes-beneficentes\\\/#breadcrumb\"},\"inLanguage\":\"pt-BR\",\"potentialAction\":[{\"@type\":\"ReadAction\",\"target\":[\"https:\\\/\\\/marcelolopes.jor.br\\\/site\\\/2019\\\/05\\\/21\\\/doacao-pela-conta-de-energia-ajuda-instituicoes-beneficentes\\\/\"]}]},{\"@type\":\"ImageObject\",\"inLanguage\":\"pt-BR\",\"@id\":\"https:\\\/\\\/marcelolopes.jor.br\\\/site\\\/2019\\\/05\\\/21\\\/doacao-pela-conta-de-energia-ajuda-instituicoes-beneficentes\\\/#primaryimage\",\"url\":\"https:\\\/\\\/marcelolopes.jor.br\\\/site\\\/wp-content\\\/uploads\\\/2019\\\/05\\\/IMG_5749.jpg\",\"contentUrl\":\"https:\\\/\\\/marcelolopes.jor.br\\\/site\\\/wp-content\\\/uploads\\\/2019\\\/05\\\/IMG_5749.jpg\",\"width\":1632,\"height\":1224},{\"@type\":\"BreadcrumbList\",\"@id\":\"https:\\\/\\\/marcelolopes.jor.br\\\/site\\\/2019\\\/05\\\/21\\\/doacao-pela-conta-de-energia-ajuda-instituicoes-beneficentes\\\/#breadcrumb\",\"itemListElement\":[{\"@type\":\"ListItem\",\"position\":1,\"name\":\"Home\",\"item\":\"https:\\\/\\\/marcelolopes.jor.br\\\/site\\\/\"},{\"@type\":\"ListItem\",\"position\":2,\"name\":\"Doa\u00e7\u00e3o pela conta de energia ajuda institui\u00e7\u00f5es beneficentes\"}]},{\"@type\":\"WebSite\",\"@id\":\"https:\\\/\\\/marcelolopes.jor.br\\\/site\\\/#website\",\"url\":\"https:\\\/\\\/marcelolopes.jor.br\\\/site\\\/\",\"name\":\"Marcelo Lopes\",\"description\":\"Not\u00edcias de Cataguases e Regi\u00e3o\",\"publisher\":{\"@id\":\"https:\\\/\\\/marcelolopes.jor.br\\\/site\\\/#organization\"},\"potentialAction\":[{\"@type\":\"SearchAction\",\"target\":{\"@type\":\"EntryPoint\",\"urlTemplate\":\"https:\\\/\\\/marcelolopes.jor.br\\\/site\\\/?s={search_term_string}\"},\"query-input\":{\"@type\":\"PropertyValueSpecification\",\"valueRequired\":true,\"valueName\":\"search_term_string\"}}],\"inLanguage\":\"pt-BR\"},{\"@type\":\"Organization\",\"@id\":\"https:\\\/\\\/marcelolopes.jor.br\\\/site\\\/#organization\",\"name\":\"Site do Marcelo Lopes\",\"url\":\"https:\\\/\\\/marcelolopes.jor.br\\\/site\\\/\",\"logo\":{\"@type\":\"ImageObject\",\"inLanguage\":\"pt-BR\",\"@id\":\"https:\\\/\\\/marcelolopes.jor.br\\\/site\\\/#\\\/schema\\\/logo\\\/image\\\/\",\"url\":\"https:\\\/\\\/marcelolopes.jor.br\\\/site\\\/wp-content\\\/uploads\\\/2024\\\/11\\\/logo-1.png\",\"contentUrl\":\"https:\\\/\\\/marcelolopes.jor.br\\\/site\\\/wp-content\\\/uploads\\\/2024\\\/11\\\/logo-1.png\",\"width\":475,\"height\":80,\"caption\":\"Site do Marcelo Lopes\"},\"image\":{\"@id\":\"https:\\\/\\\/marcelolopes.jor.br\\\/site\\\/#\\\/schema\\\/logo\\\/image\\\/\"},\"sameAs\":[\"https:\\\/\\\/www.facebook.com\\\/sitedomarcelolopes\",\"https:\\\/\\\/www.instagram.com\\\/sitedomarcelolopes\\\/\",\"https:\\\/\\\/www.linkedin.com\\\/company\\\/site-do-marcelo-lopes\\\/\",\"https:\\\/\\\/www.youtube.com\\\/user\\\/marcelolopes957\"]},{\"@type\":\"Person\",\"@id\":\"https:\\\/\\\/marcelolopes.jor.br\\\/site\\\/#\\\/schema\\\/person\\\/3e7216a35c34d8fdf952b31da3d1f89f\",\"name\":\"Marcelo Lopes\",\"sameAs\":[\"http:\\\/\\\/www.marcelolopes.jor.br\"],\"url\":\"https:\\\/\\\/marcelolopes.jor.br\\\/site\\\/author\\\/marcelo\\\/\"}]}<\/script>\n<!-- \/ Yoast SEO plugin. -->","yoast_head_json":{"title":"Doa\u00e7\u00e3o pela conta de energia ajuda institui\u00e7\u00f5es beneficentes | Marcelo Lopes","robots":{"index":"index","follow":"follow","max-snippet":"max-snippet:-1","max-image-preview":"max-image-preview:large","max-video-preview":"max-video-preview:-1"},"canonical":"https:\/\/marcelolopes.jor.br\/site\/2019\/05\/21\/doacao-pela-conta-de-energia-ajuda-instituicoes-beneficentes\/","og_locale":"pt_BR","og_type":"article","og_title":"Doa\u00e7\u00e3o pela conta de energia ajuda institui\u00e7\u00f5es beneficentes | Marcelo Lopes","og_description":"Rosimeia de Souza, moradora de Cataguases, descobriu h\u00e1 tr\u00eas meses que poderia contribuir com uma doa\u00e7\u00e3o em sua conta de energia el\u00e9trica para o Hospital de Cataguases e passou a ajudar a entidade. \u201cEstive no hospital com um familiar eLeia mais Doa\u00e7\u00e3o pela conta de energia ajuda institui\u00e7\u00f5es beneficentes","og_url":"https:\/\/marcelolopes.jor.br\/site\/2019\/05\/21\/doacao-pela-conta-de-energia-ajuda-instituicoes-beneficentes\/","og_site_name":"Marcelo Lopes","article_publisher":"https:\/\/www.facebook.com\/sitedomarcelolopes","article_published_time":"2019-05-21T10:00:25+00:00","og_image":[{"width":1632,"height":1224,"url":"https:\/\/marcelolopes.jor.br\/site\/wp-content\/uploads\/2019\/05\/IMG_5749.jpg","type":"image\/jpeg"}],"author":"Marcelo Lopes","twitter_card":"summary_large_image","twitter_misc":{"Escrito por":"Marcelo Lopes","Est. tempo de leitura":"1 minuto"},"schema":{"@context":"https:\/\/schema.org","@graph":[{"@type":"NewsArticle","@id":"https:\/\/marcelolopes.jor.br\/site\/2019\/05\/21\/doacao-pela-conta-de-energia-ajuda-instituicoes-beneficentes\/#article","isPartOf":{"@id":"https:\/\/marcelolopes.jor.br\/site\/2019\/05\/21\/doacao-pela-conta-de-energia-ajuda-instituicoes-beneficentes\/"},"author":{"name":"Marcelo Lopes","@id":"https:\/\/marcelolopes.jor.br\/site\/#\/schema\/person\/3e7216a35c34d8fdf952b31da3d1f89f"},"headline":"Doa\u00e7\u00e3o pela conta de energia ajuda institui\u00e7\u00f5es beneficentes","datePublished":"2019-05-21T10:00:25+00:00","mainEntityOfPage":{"@id":"https:\/\/marcelolopes.jor.br\/site\/2019\/05\/21\/doacao-pela-conta-de-energia-ajuda-instituicoes-beneficentes\/"},"wordCount":222,"commentCount":0,"publisher":{"@id":"https:\/\/marcelolopes.jor.br\/site\/#organization"},"image":{"@id":"https:\/\/marcelolopes.jor.br\/site\/2019\/05\/21\/doacao-pela-conta-de-energia-ajuda-instituicoes-beneficentes\/#primaryimage"},"thumbnailUrl":"https:\/\/marcelolopes.jor.br\/site\/wp-content\/uploads\/2019\/05\/IMG_5749.jpg","keywords":["beneficente","doa\u00e7\u00e3o","Energia","entidades"],"articleSection":["Not\u00edcias"],"inLanguage":"pt-BR","potentialAction":[{"@type":"CommentAction","name":"Comment","target":["https:\/\/marcelolopes.jor.br\/site\/2019\/05\/21\/doacao-pela-conta-de-energia-ajuda-instituicoes-beneficentes\/#respond"]}]},{"@type":"WebPage","@id":"https:\/\/marcelolopes.jor.br\/site\/2019\/05\/21\/doacao-pela-conta-de-energia-ajuda-instituicoes-beneficentes\/","url":"https:\/\/marcelolopes.jor.br\/site\/2019\/05\/21\/doacao-pela-conta-de-energia-ajuda-instituicoes-beneficentes\/","name":"Doa\u00e7\u00e3o pela conta de energia ajuda institui\u00e7\u00f5es beneficentes | Marcelo Lopes","isPartOf":{"@id":"https:\/\/marcelolopes.jor.br\/site\/#website"},"primaryImageOfPage":{"@id":"https:\/\/marcelolopes.jor.br\/site\/2019\/05\/21\/doacao-pela-conta-de-energia-ajuda-instituicoes-beneficentes\/#primaryimage"},"image":{"@id":"https:\/\/marcelolopes.jor.br\/site\/2019\/05\/21\/doacao-pela-conta-de-energia-ajuda-instituicoes-beneficentes\/#primaryimage"},"thumbnailUrl":"https:\/\/marcelolopes.jor.br\/site\/wp-content\/uploads\/2019\/05\/IMG_5749.jpg","datePublished":"2019-05-21T10:00:25+00:00","breadcrumb":{"@id":"https:\/\/marcelolopes.jor.br\/site\/2019\/05\/21\/doacao-pela-conta-de-energia-ajuda-instituicoes-beneficentes\/#breadcrumb"},"inLanguage":"pt-BR","potentialAction":[{"@type":"ReadAction","target":["https:\/\/marcelolopes.jor.br\/site\/2019\/05\/21\/doacao-pela-conta-de-energia-ajuda-instituicoes-beneficentes\/"]}]},{"@type":"ImageObject","inLanguage":"pt-BR","@id":"https:\/\/marcelolopes.jor.br\/site\/2019\/05\/21\/doacao-pela-conta-de-energia-ajuda-instituicoes-beneficentes\/#primaryimage","url":"https:\/\/marcelolopes.jor.br\/site\/wp-content\/uploads\/2019\/05\/IMG_5749.jpg","contentUrl":"https:\/\/marcelolopes.jor.br\/site\/wp-content\/uploads\/2019\/05\/IMG_5749.jpg","width":1632,"height":1224},{"@type":"BreadcrumbList","@id":"https:\/\/marcelolopes.jor.br\/site\/2019\/05\/21\/doacao-pela-conta-de-energia-ajuda-instituicoes-beneficentes\/#breadcrumb","itemListElement":[{"@type":"ListItem","position":1,"name":"Home","item":"https:\/\/marcelolopes.jor.br\/site\/"},{"@type":"ListItem","position":2,"name":"Doa\u00e7\u00e3o pela conta de energia ajuda institui\u00e7\u00f5es beneficentes"}]},{"@type":"WebSite","@id":"https:\/\/marcelolopes.jor.br\/site\/#website","url":"https:\/\/marcelolopes.jor.br\/site\/","name":"Marcelo Lopes","description":"Not\u00edcias de Cataguases e Regi\u00e3o","publisher":{"@id":"https:\/\/marcelolopes.jor.br\/site\/#organization"},"potentialAction":[{"@type":"SearchAction","target":{"@type":"EntryPoint","urlTemplate":"https:\/\/marcelolopes.jor.br\/site\/?s={search_term_string}"},"query-input":{"@type":"PropertyValueSpecification","valueRequired":true,"valueName":"search_term_string"}}],"inLanguage":"pt-BR"},{"@type":"Organization","@id":"https:\/\/marcelolopes.jor.br\/site\/#organization","name":"Site do Marcelo Lopes","url":"https:\/\/marcelolopes.jor.br\/site\/","logo":{"@type":"ImageObject","inLanguage":"pt-BR","@id":"https:\/\/marcelolopes.jor.br\/site\/#\/schema\/logo\/image\/","url":"https:\/\/marcelolopes.jor.br\/site\/wp-content\/uploads\/2024\/11\/logo-1.png","contentUrl":"https:\/\/marcelolopes.jor.br\/site\/wp-content\/uploads\/2024\/11\/logo-1.png","width":475,"height":80,"caption":"Site do Marcelo Lopes"},"image":{"@id":"https:\/\/marcelolopes.jor.br\/site\/#\/schema\/logo\/image\/"},"sameAs":["https:\/\/www.facebook.com\/sitedomarcelolopes","https:\/\/www.instagram.com\/sitedomarcelolopes\/","https:\/\/www.linkedin.com\/company\/site-do-marcelo-lopes\/","https:\/\/www.youtube.com\/user\/marcelolopes957"]},{"@type":"Person","@id":"https:\/\/marcelolopes.jor.br\/site\/#\/schema\/person\/3e7216a35c34d8fdf952b31da3d1f89f","name":"Marcelo Lopes","sameAs":["http:\/\/www.marcelolopes.jor.br"],"url":"https:\/\/marcelolopes.jor.br\/site\/author\/marcelo\/"}]}},"wps_subtitle":"Quer ajudar e n\u00e3o sabe como? \u00c9 f\u00e1cil. Basta autorizar o desconto na sua conta de luz no valor desejado.","_links":{"self":[{"href":"https:\/\/marcelolopes.jor.br\/site\/wp-json\/wp\/v2\/posts\/1579","targetHints":{"allow":["GET"]}}],"collection":[{"href":"https:\/\/marcelolopes.jor.br\/site\/wp-json\/wp\/v2\/posts"}],"about":[{"href":"https:\/\/marcelolopes.jor.br\/site\/wp-json\/wp\/v2\/types\/post"}],"author":[{"embeddable":true,"href":"https:\/\/marcelolopes.jor.br\/site\/wp-json\/wp\/v2\/users\/2"}],"replies":[{"embeddable":true,"href":"https:\/\/marcelolopes.jor.br\/site\/wp-json\/wp\/v2\/comments?post=1579"}],"version-history":[{"count":0,"href":"https:\/\/marcelolopes.jor.br\/site\/wp-json\/wp\/v2\/posts\/1579\/revisions"}],"wp:featuredmedia":[{"embeddable":true,"href":"https:\/\/marcelolopes.jor.br\/site\/wp-json\/wp\/v2\/media\/1580"}],"wp:attachment":[{"href":"https:\/\/marcelolopes.jor.br\/site\/wp-json\/wp\/v2\/media?parent=1579"}],"wp:term":[{"taxonomy":"category","embeddable":true,"href":"https:\/\/marcelolopes.jor.br\/site\/wp-json\/wp\/v2\/categories?post=1579"},{"taxonomy":"post_tag","embeddable":true,"href":"https:\/\/marcelolopes.jor.br\/site\/wp-json\/wp\/v2\/tags?post=1579"}],"curies":[{"name":"wp","href":"https:\/\/api.w.org\/{rel}","templated":true}]}}