{"id":15717,"date":"2020-07-14T12:44:20","date_gmt":"2020-07-14T15:44:20","guid":{"rendered":"https:\/\/marcelolopes.jor.br\/?p=15717"},"modified":"2020-07-16T08:36:51","modified_gmt":"2020-07-16T11:36:51","slug":"camara-volta-a-investigar-possiveis-irregularidades-no-cemiterio","status":"publish","type":"post","link":"https:\/\/marcelolopes.jor.br\/site\/2020\/07\/14\/camara-volta-a-investigar-possiveis-irregularidades-no-cemiterio\/","title":{"rendered":"C\u00e2mara volta a investigar poss\u00edveis irregularidades no Cemit\u00e9rio"},"content":{"rendered":"<p style=\"text-align: justify;\">Sete anos ap\u00f3s o encerramento dos trabalhos de uma Comiss\u00e3o de Assuntos Relevantes da C\u00e2mara Municipal que tratou de vendas irregulares de t\u00famulos no Cemit\u00e9rio S\u00e3o Jos\u00e9, em Cataguases, os vereadores retomaram o assunto e instalaram, no \u00faltimo dia 06 de julho, a Comiss\u00e3o Especial de Inqu\u00e9rito (CEI) para apurar &#8211; novamente &#8211; supostas irregularidades nas vendas de t\u00famulos, alguns, comprovadamente, em duplicidade.<!--more--><\/p>\n<p style=\"text-align: justify;\"><img loading=\"lazy\" decoding=\"async\" class=\"aligncenter wp-image-15720\" src=\"https:\/\/marcelolopes.jor.br\/site\/wp-content\/uploads\/2020\/07\/Cei-membros.jpg\" alt=\"\" width=\"600\" height=\"355\" srcset=\"https:\/\/marcelolopes.jor.br\/site\/wp-content\/uploads\/2020\/07\/Cei-membros.jpg 847w, https:\/\/marcelolopes.jor.br\/site\/wp-content\/uploads\/2020\/07\/Cei-membros-300x177.jpg 300w, https:\/\/marcelolopes.jor.br\/site\/wp-content\/uploads\/2020\/07\/Cei-membros-768x454.jpg 768w\" sizes=\"auto, (max-width: 600px) 100vw, 600px\" \/>Desta vez o assunto voltou \u00e0 tona por causa de um epis\u00f3dio familiar ocorrido com o vereador Sargento Jorge Roberto. Conforme ele mesmo contou, recentemente foi sepultar sua av\u00f3 e ao abrir o t\u00famulo havia o caix\u00e3o de uma crian\u00e7a que jamais poderia estar ali porque sua fam\u00edlia nunca sepultou ningu\u00e9m naquela idade. Logo depois pediu a cria\u00e7\u00e3o da CEI \u00e0 C\u00e2mara Municipal que \u00e9 composta por ele, que \u00e9 o presidente, e os vereadores, Rog\u00e9rio Ladeira (relator) e Rafael Moreira (membro).<\/p>\n<p style=\"text-align: justify;\">Apesar do trabalho ter se iniciado no \u00faltimo dia 06, Sargento Jorge revelou que nesta primeira semana de trabalho &#8220;j\u00e1 foi poss\u00edvel verificar que h\u00e1 t\u00famulos com dois e at\u00e9 tr\u00eas donos e que as irregularidades tiveram in\u00edcio em 2007. Por\u00e9m, nos anos de 2008, 2009, 2010 e 2011 ocorreram noventa por cento deste tipo de problema&#8221;, assegurou. Ele completou dizendo que hoje h\u00e1 mais de 5 mil t\u00famulos no cemit\u00e9rio, mas pouco mais de 3 mil est\u00e3o cadastrados. &#8220;Isso, sem d\u00favida, \u00e9 um dos fatores geradores deste tipo de problema&#8221;, avalia.<\/p>\n<h6>Veja o que j\u00e1 foi publicado sobre o assunto.<\/h6>\n<p><a href=\"https:\/\/bityli.com\/2MuD4\"><strong><span style=\"color: #800080;\">https:\/\/bityli.com\/2MuD4<\/span><\/strong><\/a><br \/>\n<a href=\"https:\/\/bityli.com\/lay9o\"><strong><span style=\"color: #800080;\">https:\/\/bityli.com\/lay9o<\/span><\/strong><\/a><br \/>\n<strong><span style=\"color: #800080;\">https:\/\/bityli.com\/rVciY<\/span><\/strong><br \/>\n<strong><span style=\"color: #800080;\">https:\/\/bityli.com\/6ZHOT<\/span><\/strong><br \/>\n<strong><span style=\"color: #800080;\">https:\/\/bityli.com\/nggNE<\/span><\/strong><\/p>\n<p style=\"text-align: justify;\">Para que e a CEI possa realizar seu trabalho, Sargento Jorge revela que vai precisar do apoio da popula\u00e7\u00e3o. &#8220;Precisamos localizar estas pessoas que passaram ou passam por esta situa\u00e7\u00e3o constrangedora, porque somente com a ajuda delas vamos conseguir resolver isso&#8221;, afirma. Quem estiver nesta situa\u00e7\u00e3o pode ligar para (32) 9940-8172. &#8220;Vamos manter toda a discri\u00e7\u00e3o e \u00e9tica que este caso exige&#8221;, garante. O Cemit\u00e9rio S\u00e3o Jos\u00e9 tem problemas de manuten\u00e7\u00e3o e uma receita anual que gira em torno de R$ 120 mil, mas os recursos n\u00e3o s\u00e3o aplicados no local pela administra\u00e7\u00e3o, disse o vereador Rafael Moreira, membro da CEI.<\/p>\n<p style=\"text-align: justify;\"><strong>Relembre o caso<\/strong><br \/>\nEm meados de 2012 veio a p\u00fablico informa\u00e7\u00f5es de que estariam ocorrendo irregularidades no Cemit\u00e9rio municipal. As den\u00fancias partiram do advogado Eduardo Barcellos e davam conta da venda ilegal e viola\u00e7\u00e3o de t\u00famulos. A den\u00fancia motivou a abertura de uma Comiss\u00e3o de Assuntos Especiais (esp\u00e9cie de CEI mais branda), que ap\u00f3s fazer apura\u00e7\u00f5es e ouvir os envolvidos afirmou em seu relat\u00f3rio final a ocorr\u00eancia de diversas fraudes no Cemit\u00e9rio como viola\u00e7\u00e3o de t\u00famulos, oculta\u00e7\u00e3o de cad\u00e1ver, venda ilegal de sepulturas, les\u00e3o aos cofres p\u00fablicos e corrup\u00e7\u00e3o. Revelou tamb\u00e9m que os preju\u00edzos aos cofres p\u00fablicos &#8211; at\u00e9 \u00e0quela data &#8211; chegavam a R$ 214 mil.<\/p>\n<p style=\"text-align: justify;\">Segundo o relat\u00f3rio daquela Comiss\u00e3o, para ganhar dinheiro com o desespero alheio ofereciam facilidade e rapidez no sepultamento, desde que o &#8220;cliente&#8221; aceitasse &#8220;pagar&#8221; pelo t\u00famulo diretamente ao funcion\u00e1rio do Cemit\u00e9rio. Assim sepulturas ocupadas e legais, com registro e t\u00edtulo de perpetuidade eram violadas e os restos mortais ali existentes retirados e jogados no &#8220;gavet\u00e3o&#8221;. O ent\u00e3o administrador do cemit\u00e9rio, Waldecir Machado Taveira, foi exonerado do cargo e hoje responde a uma A\u00e7\u00e3o de Execu\u00e7\u00e3o Fiscal, movida pelo munic\u00edpio, no valor de R$ 214.384,61.<\/p>\n<p><img loading=\"lazy\" decoding=\"async\" class=\"aligncenter wp-image-15770\" src=\"https:\/\/marcelolopes.jor.br\/site\/wp-content\/uploads\/2020\/07\/WhatsApp-Image-2020-07-12-at-12.09.34-1.jpeg\" alt=\"\" width=\"600\" height=\"800\" srcset=\"https:\/\/marcelolopes.jor.br\/site\/wp-content\/uploads\/2020\/07\/WhatsApp-Image-2020-07-12-at-12.09.34-1.jpeg 869w, https:\/\/marcelolopes.jor.br\/site\/wp-content\/uploads\/2020\/07\/WhatsApp-Image-2020-07-12-at-12.09.34-1-225x300.jpeg 225w, https:\/\/marcelolopes.jor.br\/site\/wp-content\/uploads\/2020\/07\/WhatsApp-Image-2020-07-12-at-12.09.34-1-768x1024.jpeg 768w\" sizes=\"auto, (max-width: 600px) 100vw, 600px\" \/><\/p>\n<p><img loading=\"lazy\" decoding=\"async\" class=\"aligncenter wp-image-15722\" src=\"https:\/\/marcelolopes.jor.br\/site\/wp-content\/uploads\/2020\/07\/WhatsApp-Image-2020-07-12-at-12.09.46.jpeg\" alt=\"\" width=\"600\" height=\"450\" srcset=\"https:\/\/marcelolopes.jor.br\/site\/wp-content\/uploads\/2020\/07\/WhatsApp-Image-2020-07-12-at-12.09.46.jpeg 1158w, https:\/\/marcelolopes.jor.br\/site\/wp-content\/uploads\/2020\/07\/WhatsApp-Image-2020-07-12-at-12.09.46-300x225.jpeg 300w, https:\/\/marcelolopes.jor.br\/site\/wp-content\/uploads\/2020\/07\/WhatsApp-Image-2020-07-12-at-12.09.46-768x576.jpeg 768w, https:\/\/marcelolopes.jor.br\/site\/wp-content\/uploads\/2020\/07\/WhatsApp-Image-2020-07-12-at-12.09.46-1024x768.jpeg 1024w\" sizes=\"auto, (max-width: 600px) 100vw, 600px\" \/><\/p>\n<p><img loading=\"lazy\" decoding=\"async\" class=\"aligncenter wp-image-15723\" src=\"https:\/\/marcelolopes.jor.br\/site\/wp-content\/uploads\/2020\/07\/WhatsApp-Image-2020-07-12-at-12.09.33-2.jpeg\" alt=\"\" width=\"600\" height=\"800\" srcset=\"https:\/\/marcelolopes.jor.br\/site\/wp-content\/uploads\/2020\/07\/WhatsApp-Image-2020-07-12-at-12.09.33-2.jpeg 869w, https:\/\/marcelolopes.jor.br\/site\/wp-content\/uploads\/2020\/07\/WhatsApp-Image-2020-07-12-at-12.09.33-2-225x300.jpeg 225w, https:\/\/marcelolopes.jor.br\/site\/wp-content\/uploads\/2020\/07\/WhatsApp-Image-2020-07-12-at-12.09.33-2-768x1024.jpeg 768w\" sizes=\"auto, (max-width: 600px) 100vw, 600px\" \/> <img loading=\"lazy\" decoding=\"async\" class=\"aligncenter wp-image-15724\" src=\"https:\/\/marcelolopes.jor.br\/site\/wp-content\/uploads\/2020\/07\/WhatsApp-Image-2020-07-12-at-12.09.36.jpeg\" alt=\"\" width=\"600\" height=\"800\" srcset=\"https:\/\/marcelolopes.jor.br\/site\/wp-content\/uploads\/2020\/07\/WhatsApp-Image-2020-07-12-at-12.09.36.jpeg 869w, https:\/\/marcelolopes.jor.br\/site\/wp-content\/uploads\/2020\/07\/WhatsApp-Image-2020-07-12-at-12.09.36-225x300.jpeg 225w, https:\/\/marcelolopes.jor.br\/site\/wp-content\/uploads\/2020\/07\/WhatsApp-Image-2020-07-12-at-12.09.36-768x1024.jpeg 768w\" sizes=\"auto, (max-width: 600px) 100vw, 600px\" \/> <img loading=\"lazy\" decoding=\"async\" class=\"aligncenter wp-image-15725\" src=\"https:\/\/marcelolopes.jor.br\/site\/wp-content\/uploads\/2020\/07\/WhatsApp-Image-2020-07-12-at-12.09.31.jpeg\" alt=\"\" width=\"600\" height=\"800\" srcset=\"https:\/\/marcelolopes.jor.br\/site\/wp-content\/uploads\/2020\/07\/WhatsApp-Image-2020-07-12-at-12.09.31.jpeg 869w, https:\/\/marcelolopes.jor.br\/site\/wp-content\/uploads\/2020\/07\/WhatsApp-Image-2020-07-12-at-12.09.31-225x300.jpeg 225w, https:\/\/marcelolopes.jor.br\/site\/wp-content\/uploads\/2020\/07\/WhatsApp-Image-2020-07-12-at-12.09.31-768x1024.jpeg 768w\" sizes=\"auto, (max-width: 600px) 100vw, 600px\" \/><\/p>\n<div class=\"jcovt69f72e23788b3\" ><br><\/div><style type=\"text\/css\">\r\n@media screen and (min-width: 1201px) {\r\n.jcovt69f72e23788b3 {\r\ndisplay: block;\r\n}\r\n}\r\n@media screen and (min-width: 993px) and (max-width: 1200px) {\r\n.jcovt69f72e23788b3 {\r\ndisplay: block;\r\n}\r\n}\r\n@media screen and (min-width: 769px) and (max-width: 992px) {\r\n.jcovt69f72e23788b3 {\r\ndisplay: block;\r\n}\r\n}\r\n@media screen and (min-width: 768px) and (max-width: 768px) {\r\n.jcovt69f72e23788b3 {\r\ndisplay: block;\r\n}\r\n}\r\n@media screen and (max-width: 767px) {\r\n.jcovt69f72e23788b3 {\r\ndisplay: block;\r\n}\r\n}\r\n<\/style>\r\n<div class=\"xtowj69f72e237e141\" ><div id=\"div_destino\"><\/div>\r\n<script src=\"https:\/\/cdn.snsrsv.com\/sdk.js\"><\/script>\r\n<script >\r\n      new sdk(\"464030C30061EA8BE065000000000001\") \r\n          .appendTo(\"div_destino\")\r\n          .disableStyle(true) \r\n          .setCacheBusterMacro(\"%%CACHEBUSTER%%\")\r\n          .setSize(\"800\",\"214\")\r\n          .setClickMacro(\"%%CLICK_URL_ESC%%\") \r\n          .setReferrerUrlMacro(\"%%REFERRER_URL_ESC%%\") \r\n          .start(); \r\n<\/script><\/div><style type=\"text\/css\">\r\n@media screen and (min-width: 1201px) {\r\n.xtowj69f72e237e141 {\r\ndisplay: block;\r\n}\r\n}\r\n@media screen and (min-width: 993px) and (max-width: 1200px) {\r\n.xtowj69f72e237e141 {\r\ndisplay: block;\r\n}\r\n}\r\n@media screen and (min-width: 769px) and (max-width: 992px) {\r\n.xtowj69f72e237e141 {\r\ndisplay: block;\r\n}\r\n}\r\n@media screen and (min-width: 768px) and (max-width: 768px) {\r\n.xtowj69f72e237e141 {\r\ndisplay: block;\r\n}\r\n}\r\n@media screen and (max-width: 767px) {\r\n.xtowj69f72e237e141 {\r\ndisplay: block;\r\n}\r\n}\r\n<\/style>\r\n","protected":false},"excerpt":{"rendered":"<p>Sete anos ap\u00f3s o encerramento dos trabalhos de uma Comiss\u00e3o de Assuntos Relevantes da C\u00e2mara Municipal que tratou de vendas irregulares de t\u00famulos no Cemit\u00e9rio S\u00e3o Jos\u00e9, em Cataguases, os vereadores retomaram o assunto e instalaram, no \u00faltimo dia 06<\/p>\n<p class=\"link-more\"><a class=\"more-link\" href=\"https:\/\/marcelolopes.jor.br\/site\/2020\/07\/14\/camara-volta-a-investigar-possiveis-irregularidades-no-cemiterio\/\">Leia mais <span class=\"screen-reader-text\">C\u00e2mara volta a investigar poss\u00edveis irregularidades no Cemit\u00e9rio<\/span><\/a><\/p>\n","protected":false},"author":2,"featured_media":15719,"comment_status":"open","ping_status":"open","sticky":false,"template":"","format":"standard","meta":{"footnotes":""},"categories":[1],"tags":[1268,2715,2716,2717],"class_list":["post-15717","post","type-post","status-publish","format-standard","has-post-thumbnail","hentry","category-noticias","tag-cemiterio","tag-escandalo-do-cemiterio","tag-tumulo","tag-venda-de-tumulo","thumb-below-title"],"yoast_head":"<!-- This site is optimized with the Yoast SEO plugin v27.4 - https:\/\/yoast.com\/product\/yoast-seo-wordpress\/ -->\n<title>C\u00e2mara volta a investigar poss\u00edveis irregularidades no Cemit\u00e9rio | Marcelo Lopes<\/title>\n<meta name=\"robots\" content=\"index, follow, max-snippet:-1, max-image-preview:large, max-video-preview:-1\" \/>\n<link rel=\"canonical\" href=\"https:\/\/marcelolopes.jor.br\/site\/2020\/07\/14\/camara-volta-a-investigar-possiveis-irregularidades-no-cemiterio\/\" \/>\n<meta property=\"og:locale\" content=\"pt_BR\" \/>\n<meta property=\"og:type\" content=\"article\" \/>\n<meta property=\"og:title\" content=\"C\u00e2mara volta a investigar poss\u00edveis irregularidades no Cemit\u00e9rio | Marcelo Lopes\" \/>\n<meta property=\"og:description\" content=\"Sete anos ap\u00f3s o encerramento dos trabalhos de uma Comiss\u00e3o de Assuntos Relevantes da C\u00e2mara Municipal que tratou de vendas irregulares de t\u00famulos no Cemit\u00e9rio S\u00e3o Jos\u00e9, em Cataguases, os vereadores retomaram o assunto e instalaram, no \u00faltimo dia 06Leia mais C\u00e2mara volta a investigar poss\u00edveis irregularidades no Cemit\u00e9rio\" \/>\n<meta property=\"og:url\" content=\"https:\/\/marcelolopes.jor.br\/site\/2020\/07\/14\/camara-volta-a-investigar-possiveis-irregularidades-no-cemiterio\/\" \/>\n<meta property=\"og:site_name\" content=\"Marcelo Lopes\" \/>\n<meta property=\"article:publisher\" content=\"https:\/\/www.facebook.com\/sitedomarcelolopes\" \/>\n<meta property=\"article:published_time\" content=\"2020-07-14T15:44:20+00:00\" \/>\n<meta property=\"article:modified_time\" content=\"2020-07-16T11:36:51+00:00\" \/>\n<meta property=\"og:image\" content=\"https:\/\/marcelolopes.jor.br\/site\/wp-content\/uploads\/2020\/07\/WhatsApp-Image-2020-07-12-at-12.09.23.jpeg\" \/>\n\t<meta property=\"og:image:width\" content=\"1158\" \/>\n\t<meta property=\"og:image:height\" content=\"869\" \/>\n\t<meta property=\"og:image:type\" content=\"image\/jpeg\" \/>\n<meta name=\"author\" content=\"Marcelo Lopes\" \/>\n<meta name=\"twitter:card\" content=\"summary_large_image\" \/>\n<meta name=\"twitter:label1\" content=\"Escrito por\" \/>\n\t<meta name=\"twitter:data1\" content=\"Marcelo Lopes\" \/>\n\t<meta name=\"twitter:label2\" content=\"Est. tempo de leitura\" \/>\n\t<meta name=\"twitter:data2\" content=\"3 minutos\" \/>\n<script type=\"application\/ld+json\" class=\"yoast-schema-graph\">{\"@context\":\"https:\\\/\\\/schema.org\",\"@graph\":[{\"@type\":\"NewsArticle\",\"@id\":\"https:\\\/\\\/marcelolopes.jor.br\\\/site\\\/2020\\\/07\\\/14\\\/camara-volta-a-investigar-possiveis-irregularidades-no-cemiterio\\\/#article\",\"isPartOf\":{\"@id\":\"https:\\\/\\\/marcelolopes.jor.br\\\/site\\\/2020\\\/07\\\/14\\\/camara-volta-a-investigar-possiveis-irregularidades-no-cemiterio\\\/\"},\"author\":{\"name\":\"Marcelo Lopes\",\"@id\":\"https:\\\/\\\/marcelolopes.jor.br\\\/site\\\/#\\\/schema\\\/person\\\/3e7216a35c34d8fdf952b31da3d1f89f\"},\"headline\":\"C\u00e2mara volta a investigar poss\u00edveis irregularidades no Cemit\u00e9rio\",\"datePublished\":\"2020-07-14T15:44:20+00:00\",\"dateModified\":\"2020-07-16T11:36:51+00:00\",\"mainEntityOfPage\":{\"@id\":\"https:\\\/\\\/marcelolopes.jor.br\\\/site\\\/2020\\\/07\\\/14\\\/camara-volta-a-investigar-possiveis-irregularidades-no-cemiterio\\\/\"},\"wordCount\":624,\"commentCount\":0,\"publisher\":{\"@id\":\"https:\\\/\\\/marcelolopes.jor.br\\\/site\\\/#organization\"},\"image\":{\"@id\":\"https:\\\/\\\/marcelolopes.jor.br\\\/site\\\/2020\\\/07\\\/14\\\/camara-volta-a-investigar-possiveis-irregularidades-no-cemiterio\\\/#primaryimage\"},\"thumbnailUrl\":\"https:\\\/\\\/marcelolopes.jor.br\\\/site\\\/wp-content\\\/uploads\\\/2020\\\/07\\\/WhatsApp-Image-2020-07-12-at-12.09.23.jpeg\",\"keywords\":[\"cemit\u00e9rio\",\"Esc\u00e2ndalo do Cemit\u00e9rio\",\"t\u00famulo\",\"venda de t\u00famulo\"],\"articleSection\":[\"Not\u00edcias\"],\"inLanguage\":\"pt-BR\",\"potentialAction\":[{\"@type\":\"CommentAction\",\"name\":\"Comment\",\"target\":[\"https:\\\/\\\/marcelolopes.jor.br\\\/site\\\/2020\\\/07\\\/14\\\/camara-volta-a-investigar-possiveis-irregularidades-no-cemiterio\\\/#respond\"]}]},{\"@type\":\"WebPage\",\"@id\":\"https:\\\/\\\/marcelolopes.jor.br\\\/site\\\/2020\\\/07\\\/14\\\/camara-volta-a-investigar-possiveis-irregularidades-no-cemiterio\\\/\",\"url\":\"https:\\\/\\\/marcelolopes.jor.br\\\/site\\\/2020\\\/07\\\/14\\\/camara-volta-a-investigar-possiveis-irregularidades-no-cemiterio\\\/\",\"name\":\"C\u00e2mara volta a investigar poss\u00edveis irregularidades no Cemit\u00e9rio | Marcelo Lopes\",\"isPartOf\":{\"@id\":\"https:\\\/\\\/marcelolopes.jor.br\\\/site\\\/#website\"},\"primaryImageOfPage\":{\"@id\":\"https:\\\/\\\/marcelolopes.jor.br\\\/site\\\/2020\\\/07\\\/14\\\/camara-volta-a-investigar-possiveis-irregularidades-no-cemiterio\\\/#primaryimage\"},\"image\":{\"@id\":\"https:\\\/\\\/marcelolopes.jor.br\\\/site\\\/2020\\\/07\\\/14\\\/camara-volta-a-investigar-possiveis-irregularidades-no-cemiterio\\\/#primaryimage\"},\"thumbnailUrl\":\"https:\\\/\\\/marcelolopes.jor.br\\\/site\\\/wp-content\\\/uploads\\\/2020\\\/07\\\/WhatsApp-Image-2020-07-12-at-12.09.23.jpeg\",\"datePublished\":\"2020-07-14T15:44:20+00:00\",\"dateModified\":\"2020-07-16T11:36:51+00:00\",\"breadcrumb\":{\"@id\":\"https:\\\/\\\/marcelolopes.jor.br\\\/site\\\/2020\\\/07\\\/14\\\/camara-volta-a-investigar-possiveis-irregularidades-no-cemiterio\\\/#breadcrumb\"},\"inLanguage\":\"pt-BR\",\"potentialAction\":[{\"@type\":\"ReadAction\",\"target\":[\"https:\\\/\\\/marcelolopes.jor.br\\\/site\\\/2020\\\/07\\\/14\\\/camara-volta-a-investigar-possiveis-irregularidades-no-cemiterio\\\/\"]}]},{\"@type\":\"ImageObject\",\"inLanguage\":\"pt-BR\",\"@id\":\"https:\\\/\\\/marcelolopes.jor.br\\\/site\\\/2020\\\/07\\\/14\\\/camara-volta-a-investigar-possiveis-irregularidades-no-cemiterio\\\/#primaryimage\",\"url\":\"https:\\\/\\\/marcelolopes.jor.br\\\/site\\\/wp-content\\\/uploads\\\/2020\\\/07\\\/WhatsApp-Image-2020-07-12-at-12.09.23.jpeg\",\"contentUrl\":\"https:\\\/\\\/marcelolopes.jor.br\\\/site\\\/wp-content\\\/uploads\\\/2020\\\/07\\\/WhatsApp-Image-2020-07-12-at-12.09.23.jpeg\",\"width\":1158,\"height\":869},{\"@type\":\"BreadcrumbList\",\"@id\":\"https:\\\/\\\/marcelolopes.jor.br\\\/site\\\/2020\\\/07\\\/14\\\/camara-volta-a-investigar-possiveis-irregularidades-no-cemiterio\\\/#breadcrumb\",\"itemListElement\":[{\"@type\":\"ListItem\",\"position\":1,\"name\":\"Home\",\"item\":\"https:\\\/\\\/marcelolopes.jor.br\\\/site\\\/\"},{\"@type\":\"ListItem\",\"position\":2,\"name\":\"C\u00e2mara volta a investigar poss\u00edveis irregularidades no Cemit\u00e9rio\"}]},{\"@type\":\"WebSite\",\"@id\":\"https:\\\/\\\/marcelolopes.jor.br\\\/site\\\/#website\",\"url\":\"https:\\\/\\\/marcelolopes.jor.br\\\/site\\\/\",\"name\":\"Marcelo Lopes\",\"description\":\"Not\u00edcias de Cataguases e Regi\u00e3o\",\"publisher\":{\"@id\":\"https:\\\/\\\/marcelolopes.jor.br\\\/site\\\/#organization\"},\"potentialAction\":[{\"@type\":\"SearchAction\",\"target\":{\"@type\":\"EntryPoint\",\"urlTemplate\":\"https:\\\/\\\/marcelolopes.jor.br\\\/site\\\/?s={search_term_string}\"},\"query-input\":{\"@type\":\"PropertyValueSpecification\",\"valueRequired\":true,\"valueName\":\"search_term_string\"}}],\"inLanguage\":\"pt-BR\"},{\"@type\":\"Organization\",\"@id\":\"https:\\\/\\\/marcelolopes.jor.br\\\/site\\\/#organization\",\"name\":\"Site do Marcelo Lopes\",\"url\":\"https:\\\/\\\/marcelolopes.jor.br\\\/site\\\/\",\"logo\":{\"@type\":\"ImageObject\",\"inLanguage\":\"pt-BR\",\"@id\":\"https:\\\/\\\/marcelolopes.jor.br\\\/site\\\/#\\\/schema\\\/logo\\\/image\\\/\",\"url\":\"https:\\\/\\\/marcelolopes.jor.br\\\/site\\\/wp-content\\\/uploads\\\/2024\\\/11\\\/logo-1.png\",\"contentUrl\":\"https:\\\/\\\/marcelolopes.jor.br\\\/site\\\/wp-content\\\/uploads\\\/2024\\\/11\\\/logo-1.png\",\"width\":475,\"height\":80,\"caption\":\"Site do Marcelo Lopes\"},\"image\":{\"@id\":\"https:\\\/\\\/marcelolopes.jor.br\\\/site\\\/#\\\/schema\\\/logo\\\/image\\\/\"},\"sameAs\":[\"https:\\\/\\\/www.facebook.com\\\/sitedomarcelolopes\",\"https:\\\/\\\/www.instagram.com\\\/sitedomarcelolopes\\\/\",\"https:\\\/\\\/www.linkedin.com\\\/company\\\/site-do-marcelo-lopes\\\/\",\"https:\\\/\\\/www.youtube.com\\\/user\\\/marcelolopes957\"]},{\"@type\":\"Person\",\"@id\":\"https:\\\/\\\/marcelolopes.jor.br\\\/site\\\/#\\\/schema\\\/person\\\/3e7216a35c34d8fdf952b31da3d1f89f\",\"name\":\"Marcelo Lopes\",\"sameAs\":[\"http:\\\/\\\/www.marcelolopes.jor.br\"],\"url\":\"https:\\\/\\\/marcelolopes.jor.br\\\/site\\\/author\\\/marcelo\\\/\"}]}<\/script>\n<!-- \/ Yoast SEO plugin. -->","yoast_head_json":{"title":"C\u00e2mara volta a investigar poss\u00edveis irregularidades no Cemit\u00e9rio | Marcelo Lopes","robots":{"index":"index","follow":"follow","max-snippet":"max-snippet:-1","max-image-preview":"max-image-preview:large","max-video-preview":"max-video-preview:-1"},"canonical":"https:\/\/marcelolopes.jor.br\/site\/2020\/07\/14\/camara-volta-a-investigar-possiveis-irregularidades-no-cemiterio\/","og_locale":"pt_BR","og_type":"article","og_title":"C\u00e2mara volta a investigar poss\u00edveis irregularidades no Cemit\u00e9rio | Marcelo Lopes","og_description":"Sete anos ap\u00f3s o encerramento dos trabalhos de uma Comiss\u00e3o de Assuntos Relevantes da C\u00e2mara Municipal que tratou de vendas irregulares de t\u00famulos no Cemit\u00e9rio S\u00e3o Jos\u00e9, em Cataguases, os vereadores retomaram o assunto e instalaram, no \u00faltimo dia 06Leia mais C\u00e2mara volta a investigar poss\u00edveis irregularidades no Cemit\u00e9rio","og_url":"https:\/\/marcelolopes.jor.br\/site\/2020\/07\/14\/camara-volta-a-investigar-possiveis-irregularidades-no-cemiterio\/","og_site_name":"Marcelo Lopes","article_publisher":"https:\/\/www.facebook.com\/sitedomarcelolopes","article_published_time":"2020-07-14T15:44:20+00:00","article_modified_time":"2020-07-16T11:36:51+00:00","og_image":[{"width":1158,"height":869,"url":"https:\/\/marcelolopes.jor.br\/site\/wp-content\/uploads\/2020\/07\/WhatsApp-Image-2020-07-12-at-12.09.23.jpeg","type":"image\/jpeg"}],"author":"Marcelo Lopes","twitter_card":"summary_large_image","twitter_misc":{"Escrito por":"Marcelo Lopes","Est. tempo de leitura":"3 minutos"},"schema":{"@context":"https:\/\/schema.org","@graph":[{"@type":"NewsArticle","@id":"https:\/\/marcelolopes.jor.br\/site\/2020\/07\/14\/camara-volta-a-investigar-possiveis-irregularidades-no-cemiterio\/#article","isPartOf":{"@id":"https:\/\/marcelolopes.jor.br\/site\/2020\/07\/14\/camara-volta-a-investigar-possiveis-irregularidades-no-cemiterio\/"},"author":{"name":"Marcelo Lopes","@id":"https:\/\/marcelolopes.jor.br\/site\/#\/schema\/person\/3e7216a35c34d8fdf952b31da3d1f89f"},"headline":"C\u00e2mara volta a investigar poss\u00edveis irregularidades no Cemit\u00e9rio","datePublished":"2020-07-14T15:44:20+00:00","dateModified":"2020-07-16T11:36:51+00:00","mainEntityOfPage":{"@id":"https:\/\/marcelolopes.jor.br\/site\/2020\/07\/14\/camara-volta-a-investigar-possiveis-irregularidades-no-cemiterio\/"},"wordCount":624,"commentCount":0,"publisher":{"@id":"https:\/\/marcelolopes.jor.br\/site\/#organization"},"image":{"@id":"https:\/\/marcelolopes.jor.br\/site\/2020\/07\/14\/camara-volta-a-investigar-possiveis-irregularidades-no-cemiterio\/#primaryimage"},"thumbnailUrl":"https:\/\/marcelolopes.jor.br\/site\/wp-content\/uploads\/2020\/07\/WhatsApp-Image-2020-07-12-at-12.09.23.jpeg","keywords":["cemit\u00e9rio","Esc\u00e2ndalo do Cemit\u00e9rio","t\u00famulo","venda de t\u00famulo"],"articleSection":["Not\u00edcias"],"inLanguage":"pt-BR","potentialAction":[{"@type":"CommentAction","name":"Comment","target":["https:\/\/marcelolopes.jor.br\/site\/2020\/07\/14\/camara-volta-a-investigar-possiveis-irregularidades-no-cemiterio\/#respond"]}]},{"@type":"WebPage","@id":"https:\/\/marcelolopes.jor.br\/site\/2020\/07\/14\/camara-volta-a-investigar-possiveis-irregularidades-no-cemiterio\/","url":"https:\/\/marcelolopes.jor.br\/site\/2020\/07\/14\/camara-volta-a-investigar-possiveis-irregularidades-no-cemiterio\/","name":"C\u00e2mara volta a investigar poss\u00edveis irregularidades no Cemit\u00e9rio | Marcelo Lopes","isPartOf":{"@id":"https:\/\/marcelolopes.jor.br\/site\/#website"},"primaryImageOfPage":{"@id":"https:\/\/marcelolopes.jor.br\/site\/2020\/07\/14\/camara-volta-a-investigar-possiveis-irregularidades-no-cemiterio\/#primaryimage"},"image":{"@id":"https:\/\/marcelolopes.jor.br\/site\/2020\/07\/14\/camara-volta-a-investigar-possiveis-irregularidades-no-cemiterio\/#primaryimage"},"thumbnailUrl":"https:\/\/marcelolopes.jor.br\/site\/wp-content\/uploads\/2020\/07\/WhatsApp-Image-2020-07-12-at-12.09.23.jpeg","datePublished":"2020-07-14T15:44:20+00:00","dateModified":"2020-07-16T11:36:51+00:00","breadcrumb":{"@id":"https:\/\/marcelolopes.jor.br\/site\/2020\/07\/14\/camara-volta-a-investigar-possiveis-irregularidades-no-cemiterio\/#breadcrumb"},"inLanguage":"pt-BR","potentialAction":[{"@type":"ReadAction","target":["https:\/\/marcelolopes.jor.br\/site\/2020\/07\/14\/camara-volta-a-investigar-possiveis-irregularidades-no-cemiterio\/"]}]},{"@type":"ImageObject","inLanguage":"pt-BR","@id":"https:\/\/marcelolopes.jor.br\/site\/2020\/07\/14\/camara-volta-a-investigar-possiveis-irregularidades-no-cemiterio\/#primaryimage","url":"https:\/\/marcelolopes.jor.br\/site\/wp-content\/uploads\/2020\/07\/WhatsApp-Image-2020-07-12-at-12.09.23.jpeg","contentUrl":"https:\/\/marcelolopes.jor.br\/site\/wp-content\/uploads\/2020\/07\/WhatsApp-Image-2020-07-12-at-12.09.23.jpeg","width":1158,"height":869},{"@type":"BreadcrumbList","@id":"https:\/\/marcelolopes.jor.br\/site\/2020\/07\/14\/camara-volta-a-investigar-possiveis-irregularidades-no-cemiterio\/#breadcrumb","itemListElement":[{"@type":"ListItem","position":1,"name":"Home","item":"https:\/\/marcelolopes.jor.br\/site\/"},{"@type":"ListItem","position":2,"name":"C\u00e2mara volta a investigar poss\u00edveis irregularidades no Cemit\u00e9rio"}]},{"@type":"WebSite","@id":"https:\/\/marcelolopes.jor.br\/site\/#website","url":"https:\/\/marcelolopes.jor.br\/site\/","name":"Marcelo Lopes","description":"Not\u00edcias de Cataguases e Regi\u00e3o","publisher":{"@id":"https:\/\/marcelolopes.jor.br\/site\/#organization"},"potentialAction":[{"@type":"SearchAction","target":{"@type":"EntryPoint","urlTemplate":"https:\/\/marcelolopes.jor.br\/site\/?s={search_term_string}"},"query-input":{"@type":"PropertyValueSpecification","valueRequired":true,"valueName":"search_term_string"}}],"inLanguage":"pt-BR"},{"@type":"Organization","@id":"https:\/\/marcelolopes.jor.br\/site\/#organization","name":"Site do Marcelo Lopes","url":"https:\/\/marcelolopes.jor.br\/site\/","logo":{"@type":"ImageObject","inLanguage":"pt-BR","@id":"https:\/\/marcelolopes.jor.br\/site\/#\/schema\/logo\/image\/","url":"https:\/\/marcelolopes.jor.br\/site\/wp-content\/uploads\/2024\/11\/logo-1.png","contentUrl":"https:\/\/marcelolopes.jor.br\/site\/wp-content\/uploads\/2024\/11\/logo-1.png","width":475,"height":80,"caption":"Site do Marcelo Lopes"},"image":{"@id":"https:\/\/marcelolopes.jor.br\/site\/#\/schema\/logo\/image\/"},"sameAs":["https:\/\/www.facebook.com\/sitedomarcelolopes","https:\/\/www.instagram.com\/sitedomarcelolopes\/","https:\/\/www.linkedin.com\/company\/site-do-marcelo-lopes\/","https:\/\/www.youtube.com\/user\/marcelolopes957"]},{"@type":"Person","@id":"https:\/\/marcelolopes.jor.br\/site\/#\/schema\/person\/3e7216a35c34d8fdf952b31da3d1f89f","name":"Marcelo Lopes","sameAs":["http:\/\/www.marcelolopes.jor.br"],"url":"https:\/\/marcelolopes.jor.br\/site\/author\/marcelo\/"}]}},"wps_subtitle":"Em 2012 foram descobertas venda ilegal e viola\u00e7\u00e3o de t\u00famulos.","_links":{"self":[{"href":"https:\/\/marcelolopes.jor.br\/site\/wp-json\/wp\/v2\/posts\/15717","targetHints":{"allow":["GET"]}}],"collection":[{"href":"https:\/\/marcelolopes.jor.br\/site\/wp-json\/wp\/v2\/posts"}],"about":[{"href":"https:\/\/marcelolopes.jor.br\/site\/wp-json\/wp\/v2\/types\/post"}],"author":[{"embeddable":true,"href":"https:\/\/marcelolopes.jor.br\/site\/wp-json\/wp\/v2\/users\/2"}],"replies":[{"embeddable":true,"href":"https:\/\/marcelolopes.jor.br\/site\/wp-json\/wp\/v2\/comments?post=15717"}],"version-history":[{"count":0,"href":"https:\/\/marcelolopes.jor.br\/site\/wp-json\/wp\/v2\/posts\/15717\/revisions"}],"wp:featuredmedia":[{"embeddable":true,"href":"https:\/\/marcelolopes.jor.br\/site\/wp-json\/wp\/v2\/media\/15719"}],"wp:attachment":[{"href":"https:\/\/marcelolopes.jor.br\/site\/wp-json\/wp\/v2\/media?parent=15717"}],"wp:term":[{"taxonomy":"category","embeddable":true,"href":"https:\/\/marcelolopes.jor.br\/site\/wp-json\/wp\/v2\/categories?post=15717"},{"taxonomy":"post_tag","embeddable":true,"href":"https:\/\/marcelolopes.jor.br\/site\/wp-json\/wp\/v2\/tags?post=15717"}],"curies":[{"name":"wp","href":"https:\/\/api.w.org\/{rel}","templated":true}]}}