{"id":15631,"date":"2020-07-09T20:24:42","date_gmt":"2020-07-09T23:24:42","guid":{"rendered":"https:\/\/marcelolopes.jor.br\/?p=15631"},"modified":"2020-07-09T20:24:42","modified_gmt":"2020-07-09T23:24:42","slug":"nove-casos-de-covid-19-sao-registrados-em-cataguases","status":"publish","type":"post","link":"https:\/\/marcelolopes.jor.br\/site\/2020\/07\/09\/nove-casos-de-covid-19-sao-registrados-em-cataguases\/","title":{"rendered":"Nove casos de Covid-19 s\u00e3o registrados em Cataguases"},"content":{"rendered":"<p style=\"text-align: justify;\">Cataguases registrou nas \u00faltimas vinte e quatro horas, nove novos casos de Covid-19, todos confirmados por exames. A informa\u00e7\u00e3o \u00e9 da Secretaria Municipal de Sa\u00fade, que divulgou no final da tarde desta quinta-feira, 09 de julho, o Boletim Epidemiol\u00f3gico. Assim, o munic\u00edpio tem agora, 141 casos confirmados da doen\u00e7a, desde o in\u00edcio da pandemia, em 20 de mar\u00e7o. No Hospital de Cataguases, a situa\u00e7\u00e3o das interna\u00e7\u00f5es de pacientes suspeitos e com a doen\u00e7a, segue dentro da normalidade, conforme informou a dire\u00e7\u00e3o daquela Santa Casa ao Site do Marcelo Lopes.<!--more--><\/p>\n<p style=\"text-align: justify;\">Os nove casos agora divulgados s\u00e3o referentes a cinco homens, sendo quatro sintom\u00e1ticos com 26, 45, 53 e 65 anos de idade, e um assintom\u00e1tico, de 60 anos. Os quatro outros casos s\u00e3o de mulheres, todas sintom\u00e1ticos, com 28, 55, 71 e 72 anos. Do total de casos, 39 pessoas est\u00e3o curadas; 49 s\u00e3o assintom\u00e1ticos, 41 est\u00e3o em tratamento, 4 hospitalizados na Enfermaria do Hospital de Cataguases e 1 na UTI. 7 pessoas morreram por Covid-19 no munic\u00edpio.<\/p>\n<p style=\"text-align: justify;\">O Boletim tamb\u00e9m informou que 39 pessoas s\u00e3o suspeitas de estarem com a doen\u00e7a. Deste total, 36 est\u00e3o em isolamento; dois est\u00e3o na Enfermaria do Hospital de Cataguases e 1 na UTI. H\u00e1, ainda 180 pessoas sendo monitorados em isolamento, e 678 casos de s\u00edndrome gripal inespec\u00edfica.<\/p>\n<p style=\"text-align: justify;\">Com rela\u00e7\u00e3o \u00e0s interna\u00e7\u00f5es dos casos suspeitos e confirmados de Covid-19 no Hospital de Cataguases, a situa\u00e7\u00e3o permanece dentro da normalidade, conforme informa a dire\u00e7\u00e3o daquela Santa Casa. Nas \u00faltimas vinte e quatro horas a Enfermaria (PV8), est\u00e1 com oito pacientes, sendo quatro de Cataguases confirmados para Covid-19; e outros dois confirmados sendo um de Astolfo Dutra e outro de Itamarati de Minas. Tamb\u00e9m de Cataguases dois pacientes est\u00e3o aguardando o resultado de testes para a doen\u00e7a. Na Enfermaria (PV7) h\u00e1 uma gestante internada suspeita da doen\u00e7a. Ela \u00e9 da zona rural de Itamarati de Minas.<\/p>\n<p style=\"text-align: justify;\">A situa\u00e7\u00e3o na UTI Geral daquele hospital tamb\u00e9m se mant\u00e9m em ritmo normal. H\u00e1 quatro pacientes internados e apenas um, de Cataguases, \u00e9 suspeito de estar com Covid-19. J\u00e1 a UTI Covid, especialmente preparada para atender aos casos exclusivos provocados pelo novo coronav\u00edrus, est\u00e3o dois pacientes positivos para a doen\u00e7a, sendo um de Cataguases e outro de S\u00e3o Geraldo. O Hospital de Cataguases \u00e9 o \u00fanico na microrregi\u00e3o com infraestrutura suficiente para atender aos casos de Covid-19.<\/p>\n<div class=\"ujkcl69f77aa0b5afd\" ><br><\/div><style type=\"text\/css\">\r\n@media screen and (min-width: 1201px) {\r\n.ujkcl69f77aa0b5afd {\r\ndisplay: block;\r\n}\r\n}\r\n@media screen and (min-width: 993px) and (max-width: 1200px) {\r\n.ujkcl69f77aa0b5afd {\r\ndisplay: block;\r\n}\r\n}\r\n@media screen and (min-width: 769px) and (max-width: 992px) {\r\n.ujkcl69f77aa0b5afd {\r\ndisplay: block;\r\n}\r\n}\r\n@media screen and (min-width: 768px) and (max-width: 768px) {\r\n.ujkcl69f77aa0b5afd {\r\ndisplay: block;\r\n}\r\n}\r\n@media screen and (max-width: 767px) {\r\n.ujkcl69f77aa0b5afd {\r\ndisplay: block;\r\n}\r\n}\r\n<\/style>\r\n<div class=\"cgeez69f77aa0bbb59\" ><div id=\"div_destino\"><\/div>\r\n<script src=\"https:\/\/cdn.snsrsv.com\/sdk.js\"><\/script>\r\n<script >\r\n      new sdk(\"464030C30061EA8BE065000000000001\") \r\n          .appendTo(\"div_destino\")\r\n          .disableStyle(true) \r\n          .setCacheBusterMacro(\"%%CACHEBUSTER%%\")\r\n          .setSize(\"800\",\"214\")\r\n          .setClickMacro(\"%%CLICK_URL_ESC%%\") \r\n          .setReferrerUrlMacro(\"%%REFERRER_URL_ESC%%\") \r\n          .start(); \r\n<\/script><\/div><style type=\"text\/css\">\r\n@media screen and (min-width: 1201px) {\r\n.cgeez69f77aa0bbb59 {\r\ndisplay: block;\r\n}\r\n}\r\n@media screen and (min-width: 993px) and (max-width: 1200px) {\r\n.cgeez69f77aa0bbb59 {\r\ndisplay: block;\r\n}\r\n}\r\n@media screen and (min-width: 769px) and (max-width: 992px) {\r\n.cgeez69f77aa0bbb59 {\r\ndisplay: block;\r\n}\r\n}\r\n@media screen and (min-width: 768px) and (max-width: 768px) {\r\n.cgeez69f77aa0bbb59 {\r\ndisplay: block;\r\n}\r\n}\r\n@media screen and (max-width: 767px) {\r\n.cgeez69f77aa0bbb59 {\r\ndisplay: block;\r\n}\r\n}\r\n<\/style>\r\n","protected":false},"excerpt":{"rendered":"<p>Cataguases registrou nas \u00faltimas vinte e quatro horas, nove novos casos de Covid-19, todos confirmados por exames. A informa\u00e7\u00e3o \u00e9 da Secretaria Municipal de Sa\u00fade, que divulgou no final da tarde desta quinta-feira, 09 de julho, o Boletim Epidemiol\u00f3gico. Assim,<\/p>\n<p class=\"link-more\"><a class=\"more-link\" href=\"https:\/\/marcelolopes.jor.br\/site\/2020\/07\/09\/nove-casos-de-covid-19-sao-registrados-em-cataguases\/\">Leia mais <span class=\"screen-reader-text\">Nove casos de Covid-19 s\u00e3o registrados em Cataguases<\/span><\/a><\/p>\n","protected":false},"author":2,"featured_media":13333,"comment_status":"open","ping_status":"open","sticky":false,"template":"","format":"standard","meta":{"footnotes":""},"categories":[1],"tags":[2555,2703,341,2529],"class_list":["post-15631","post","type-post","status-publish","format-standard","has-post-thumbnail","hentry","category-noticias","tag-casos-de-covid-19","tag-enfermaria","tag-hospital-de-cataguases","tag-internacoes","thumb-below-title"],"yoast_head":"<!-- This site is optimized with the Yoast SEO plugin v27.4 - https:\/\/yoast.com\/product\/yoast-seo-wordpress\/ -->\n<title>Nove casos de Covid-19 s\u00e3o registrados em Cataguases | Marcelo Lopes<\/title>\n<meta name=\"robots\" content=\"index, follow, max-snippet:-1, max-image-preview:large, max-video-preview:-1\" \/>\n<link rel=\"canonical\" href=\"https:\/\/marcelolopes.jor.br\/site\/2020\/07\/09\/nove-casos-de-covid-19-sao-registrados-em-cataguases\/\" \/>\n<meta property=\"og:locale\" content=\"pt_BR\" \/>\n<meta property=\"og:type\" content=\"article\" \/>\n<meta property=\"og:title\" content=\"Nove casos de Covid-19 s\u00e3o registrados em Cataguases | Marcelo Lopes\" \/>\n<meta property=\"og:description\" content=\"Cataguases registrou nas \u00faltimas vinte e quatro horas, nove novos casos de Covid-19, todos confirmados por exames. A informa\u00e7\u00e3o \u00e9 da Secretaria Municipal de Sa\u00fade, que divulgou no final da tarde desta quinta-feira, 09 de julho, o Boletim Epidemiol\u00f3gico. Assim,Leia mais Nove casos de Covid-19 s\u00e3o registrados em Cataguases\" \/>\n<meta property=\"og:url\" content=\"https:\/\/marcelolopes.jor.br\/site\/2020\/07\/09\/nove-casos-de-covid-19-sao-registrados-em-cataguases\/\" \/>\n<meta property=\"og:site_name\" content=\"Marcelo Lopes\" \/>\n<meta property=\"article:publisher\" content=\"https:\/\/www.facebook.com\/sitedomarcelolopes\" \/>\n<meta property=\"article:published_time\" content=\"2020-07-09T23:24:42+00:00\" \/>\n<meta property=\"og:image\" content=\"https:\/\/marcelolopes.jor.br\/site\/wp-content\/uploads\/2020\/04\/naom_5e6b8a94a07ac.jpg\" \/>\n\t<meta property=\"og:image:width\" content=\"1920\" \/>\n\t<meta property=\"og:image:height\" content=\"1080\" \/>\n\t<meta property=\"og:image:type\" content=\"image\/jpeg\" \/>\n<meta name=\"author\" content=\"Marcelo Lopes\" \/>\n<meta name=\"twitter:card\" content=\"summary_large_image\" \/>\n<meta name=\"twitter:label1\" content=\"Escrito por\" \/>\n\t<meta name=\"twitter:data1\" content=\"Marcelo Lopes\" \/>\n\t<meta name=\"twitter:label2\" content=\"Est. tempo de leitura\" \/>\n\t<meta name=\"twitter:data2\" content=\"2 minutos\" \/>\n<script type=\"application\/ld+json\" class=\"yoast-schema-graph\">{\"@context\":\"https:\\\/\\\/schema.org\",\"@graph\":[{\"@type\":\"NewsArticle\",\"@id\":\"https:\\\/\\\/marcelolopes.jor.br\\\/site\\\/2020\\\/07\\\/09\\\/nove-casos-de-covid-19-sao-registrados-em-cataguases\\\/#article\",\"isPartOf\":{\"@id\":\"https:\\\/\\\/marcelolopes.jor.br\\\/site\\\/2020\\\/07\\\/09\\\/nove-casos-de-covid-19-sao-registrados-em-cataguases\\\/\"},\"author\":{\"name\":\"Marcelo Lopes\",\"@id\":\"https:\\\/\\\/marcelolopes.jor.br\\\/site\\\/#\\\/schema\\\/person\\\/3e7216a35c34d8fdf952b31da3d1f89f\"},\"headline\":\"Nove casos de Covid-19 s\u00e3o registrados em Cataguases\",\"datePublished\":\"2020-07-09T23:24:42+00:00\",\"mainEntityOfPage\":{\"@id\":\"https:\\\/\\\/marcelolopes.jor.br\\\/site\\\/2020\\\/07\\\/09\\\/nove-casos-de-covid-19-sao-registrados-em-cataguases\\\/\"},\"wordCount\":413,\"commentCount\":0,\"publisher\":{\"@id\":\"https:\\\/\\\/marcelolopes.jor.br\\\/site\\\/#organization\"},\"image\":{\"@id\":\"https:\\\/\\\/marcelolopes.jor.br\\\/site\\\/2020\\\/07\\\/09\\\/nove-casos-de-covid-19-sao-registrados-em-cataguases\\\/#primaryimage\"},\"thumbnailUrl\":\"https:\\\/\\\/marcelolopes.jor.br\\\/site\\\/wp-content\\\/uploads\\\/2020\\\/04\\\/naom_5e6b8a94a07ac.jpg\",\"keywords\":[\"casos de covid-19\",\"enfermaria\",\"Hospital de Cataguases\",\"interna\u00e7\u00f5es\"],\"articleSection\":[\"Not\u00edcias\"],\"inLanguage\":\"pt-BR\",\"potentialAction\":[{\"@type\":\"CommentAction\",\"name\":\"Comment\",\"target\":[\"https:\\\/\\\/marcelolopes.jor.br\\\/site\\\/2020\\\/07\\\/09\\\/nove-casos-de-covid-19-sao-registrados-em-cataguases\\\/#respond\"]}]},{\"@type\":\"WebPage\",\"@id\":\"https:\\\/\\\/marcelolopes.jor.br\\\/site\\\/2020\\\/07\\\/09\\\/nove-casos-de-covid-19-sao-registrados-em-cataguases\\\/\",\"url\":\"https:\\\/\\\/marcelolopes.jor.br\\\/site\\\/2020\\\/07\\\/09\\\/nove-casos-de-covid-19-sao-registrados-em-cataguases\\\/\",\"name\":\"Nove casos de Covid-19 s\u00e3o registrados em Cataguases | Marcelo Lopes\",\"isPartOf\":{\"@id\":\"https:\\\/\\\/marcelolopes.jor.br\\\/site\\\/#website\"},\"primaryImageOfPage\":{\"@id\":\"https:\\\/\\\/marcelolopes.jor.br\\\/site\\\/2020\\\/07\\\/09\\\/nove-casos-de-covid-19-sao-registrados-em-cataguases\\\/#primaryimage\"},\"image\":{\"@id\":\"https:\\\/\\\/marcelolopes.jor.br\\\/site\\\/2020\\\/07\\\/09\\\/nove-casos-de-covid-19-sao-registrados-em-cataguases\\\/#primaryimage\"},\"thumbnailUrl\":\"https:\\\/\\\/marcelolopes.jor.br\\\/site\\\/wp-content\\\/uploads\\\/2020\\\/04\\\/naom_5e6b8a94a07ac.jpg\",\"datePublished\":\"2020-07-09T23:24:42+00:00\",\"breadcrumb\":{\"@id\":\"https:\\\/\\\/marcelolopes.jor.br\\\/site\\\/2020\\\/07\\\/09\\\/nove-casos-de-covid-19-sao-registrados-em-cataguases\\\/#breadcrumb\"},\"inLanguage\":\"pt-BR\",\"potentialAction\":[{\"@type\":\"ReadAction\",\"target\":[\"https:\\\/\\\/marcelolopes.jor.br\\\/site\\\/2020\\\/07\\\/09\\\/nove-casos-de-covid-19-sao-registrados-em-cataguases\\\/\"]}]},{\"@type\":\"ImageObject\",\"inLanguage\":\"pt-BR\",\"@id\":\"https:\\\/\\\/marcelolopes.jor.br\\\/site\\\/2020\\\/07\\\/09\\\/nove-casos-de-covid-19-sao-registrados-em-cataguases\\\/#primaryimage\",\"url\":\"https:\\\/\\\/marcelolopes.jor.br\\\/site\\\/wp-content\\\/uploads\\\/2020\\\/04\\\/naom_5e6b8a94a07ac.jpg\",\"contentUrl\":\"https:\\\/\\\/marcelolopes.jor.br\\\/site\\\/wp-content\\\/uploads\\\/2020\\\/04\\\/naom_5e6b8a94a07ac.jpg\",\"width\":1920,\"height\":1080},{\"@type\":\"BreadcrumbList\",\"@id\":\"https:\\\/\\\/marcelolopes.jor.br\\\/site\\\/2020\\\/07\\\/09\\\/nove-casos-de-covid-19-sao-registrados-em-cataguases\\\/#breadcrumb\",\"itemListElement\":[{\"@type\":\"ListItem\",\"position\":1,\"name\":\"Home\",\"item\":\"https:\\\/\\\/marcelolopes.jor.br\\\/site\\\/\"},{\"@type\":\"ListItem\",\"position\":2,\"name\":\"Nove casos de Covid-19 s\u00e3o registrados em Cataguases\"}]},{\"@type\":\"WebSite\",\"@id\":\"https:\\\/\\\/marcelolopes.jor.br\\\/site\\\/#website\",\"url\":\"https:\\\/\\\/marcelolopes.jor.br\\\/site\\\/\",\"name\":\"Marcelo Lopes\",\"description\":\"Not\u00edcias de Cataguases e Regi\u00e3o\",\"publisher\":{\"@id\":\"https:\\\/\\\/marcelolopes.jor.br\\\/site\\\/#organization\"},\"potentialAction\":[{\"@type\":\"SearchAction\",\"target\":{\"@type\":\"EntryPoint\",\"urlTemplate\":\"https:\\\/\\\/marcelolopes.jor.br\\\/site\\\/?s={search_term_string}\"},\"query-input\":{\"@type\":\"PropertyValueSpecification\",\"valueRequired\":true,\"valueName\":\"search_term_string\"}}],\"inLanguage\":\"pt-BR\"},{\"@type\":\"Organization\",\"@id\":\"https:\\\/\\\/marcelolopes.jor.br\\\/site\\\/#organization\",\"name\":\"Site do Marcelo Lopes\",\"url\":\"https:\\\/\\\/marcelolopes.jor.br\\\/site\\\/\",\"logo\":{\"@type\":\"ImageObject\",\"inLanguage\":\"pt-BR\",\"@id\":\"https:\\\/\\\/marcelolopes.jor.br\\\/site\\\/#\\\/schema\\\/logo\\\/image\\\/\",\"url\":\"https:\\\/\\\/marcelolopes.jor.br\\\/site\\\/wp-content\\\/uploads\\\/2024\\\/11\\\/logo-1.png\",\"contentUrl\":\"https:\\\/\\\/marcelolopes.jor.br\\\/site\\\/wp-content\\\/uploads\\\/2024\\\/11\\\/logo-1.png\",\"width\":475,\"height\":80,\"caption\":\"Site do Marcelo Lopes\"},\"image\":{\"@id\":\"https:\\\/\\\/marcelolopes.jor.br\\\/site\\\/#\\\/schema\\\/logo\\\/image\\\/\"},\"sameAs\":[\"https:\\\/\\\/www.facebook.com\\\/sitedomarcelolopes\",\"https:\\\/\\\/www.instagram.com\\\/sitedomarcelolopes\\\/\",\"https:\\\/\\\/www.linkedin.com\\\/company\\\/site-do-marcelo-lopes\\\/\",\"https:\\\/\\\/www.youtube.com\\\/user\\\/marcelolopes957\"]},{\"@type\":\"Person\",\"@id\":\"https:\\\/\\\/marcelolopes.jor.br\\\/site\\\/#\\\/schema\\\/person\\\/3e7216a35c34d8fdf952b31da3d1f89f\",\"name\":\"Marcelo Lopes\",\"sameAs\":[\"http:\\\/\\\/www.marcelolopes.jor.br\"],\"url\":\"https:\\\/\\\/marcelolopes.jor.br\\\/site\\\/author\\\/marcelo\\\/\"}]}<\/script>\n<!-- \/ Yoast SEO plugin. -->","yoast_head_json":{"title":"Nove casos de Covid-19 s\u00e3o registrados em Cataguases | Marcelo Lopes","robots":{"index":"index","follow":"follow","max-snippet":"max-snippet:-1","max-image-preview":"max-image-preview:large","max-video-preview":"max-video-preview:-1"},"canonical":"https:\/\/marcelolopes.jor.br\/site\/2020\/07\/09\/nove-casos-de-covid-19-sao-registrados-em-cataguases\/","og_locale":"pt_BR","og_type":"article","og_title":"Nove casos de Covid-19 s\u00e3o registrados em Cataguases | Marcelo Lopes","og_description":"Cataguases registrou nas \u00faltimas vinte e quatro horas, nove novos casos de Covid-19, todos confirmados por exames. A informa\u00e7\u00e3o \u00e9 da Secretaria Municipal de Sa\u00fade, que divulgou no final da tarde desta quinta-feira, 09 de julho, o Boletim Epidemiol\u00f3gico. Assim,Leia mais Nove casos de Covid-19 s\u00e3o registrados em Cataguases","og_url":"https:\/\/marcelolopes.jor.br\/site\/2020\/07\/09\/nove-casos-de-covid-19-sao-registrados-em-cataguases\/","og_site_name":"Marcelo Lopes","article_publisher":"https:\/\/www.facebook.com\/sitedomarcelolopes","article_published_time":"2020-07-09T23:24:42+00:00","og_image":[{"width":1920,"height":1080,"url":"https:\/\/marcelolopes.jor.br\/site\/wp-content\/uploads\/2020\/04\/naom_5e6b8a94a07ac.jpg","type":"image\/jpeg"}],"author":"Marcelo Lopes","twitter_card":"summary_large_image","twitter_misc":{"Escrito por":"Marcelo Lopes","Est. tempo de leitura":"2 minutos"},"schema":{"@context":"https:\/\/schema.org","@graph":[{"@type":"NewsArticle","@id":"https:\/\/marcelolopes.jor.br\/site\/2020\/07\/09\/nove-casos-de-covid-19-sao-registrados-em-cataguases\/#article","isPartOf":{"@id":"https:\/\/marcelolopes.jor.br\/site\/2020\/07\/09\/nove-casos-de-covid-19-sao-registrados-em-cataguases\/"},"author":{"name":"Marcelo Lopes","@id":"https:\/\/marcelolopes.jor.br\/site\/#\/schema\/person\/3e7216a35c34d8fdf952b31da3d1f89f"},"headline":"Nove casos de Covid-19 s\u00e3o registrados em Cataguases","datePublished":"2020-07-09T23:24:42+00:00","mainEntityOfPage":{"@id":"https:\/\/marcelolopes.jor.br\/site\/2020\/07\/09\/nove-casos-de-covid-19-sao-registrados-em-cataguases\/"},"wordCount":413,"commentCount":0,"publisher":{"@id":"https:\/\/marcelolopes.jor.br\/site\/#organization"},"image":{"@id":"https:\/\/marcelolopes.jor.br\/site\/2020\/07\/09\/nove-casos-de-covid-19-sao-registrados-em-cataguases\/#primaryimage"},"thumbnailUrl":"https:\/\/marcelolopes.jor.br\/site\/wp-content\/uploads\/2020\/04\/naom_5e6b8a94a07ac.jpg","keywords":["casos de covid-19","enfermaria","Hospital de Cataguases","interna\u00e7\u00f5es"],"articleSection":["Not\u00edcias"],"inLanguage":"pt-BR","potentialAction":[{"@type":"CommentAction","name":"Comment","target":["https:\/\/marcelolopes.jor.br\/site\/2020\/07\/09\/nove-casos-de-covid-19-sao-registrados-em-cataguases\/#respond"]}]},{"@type":"WebPage","@id":"https:\/\/marcelolopes.jor.br\/site\/2020\/07\/09\/nove-casos-de-covid-19-sao-registrados-em-cataguases\/","url":"https:\/\/marcelolopes.jor.br\/site\/2020\/07\/09\/nove-casos-de-covid-19-sao-registrados-em-cataguases\/","name":"Nove casos de Covid-19 s\u00e3o registrados em Cataguases | Marcelo Lopes","isPartOf":{"@id":"https:\/\/marcelolopes.jor.br\/site\/#website"},"primaryImageOfPage":{"@id":"https:\/\/marcelolopes.jor.br\/site\/2020\/07\/09\/nove-casos-de-covid-19-sao-registrados-em-cataguases\/#primaryimage"},"image":{"@id":"https:\/\/marcelolopes.jor.br\/site\/2020\/07\/09\/nove-casos-de-covid-19-sao-registrados-em-cataguases\/#primaryimage"},"thumbnailUrl":"https:\/\/marcelolopes.jor.br\/site\/wp-content\/uploads\/2020\/04\/naom_5e6b8a94a07ac.jpg","datePublished":"2020-07-09T23:24:42+00:00","breadcrumb":{"@id":"https:\/\/marcelolopes.jor.br\/site\/2020\/07\/09\/nove-casos-de-covid-19-sao-registrados-em-cataguases\/#breadcrumb"},"inLanguage":"pt-BR","potentialAction":[{"@type":"ReadAction","target":["https:\/\/marcelolopes.jor.br\/site\/2020\/07\/09\/nove-casos-de-covid-19-sao-registrados-em-cataguases\/"]}]},{"@type":"ImageObject","inLanguage":"pt-BR","@id":"https:\/\/marcelolopes.jor.br\/site\/2020\/07\/09\/nove-casos-de-covid-19-sao-registrados-em-cataguases\/#primaryimage","url":"https:\/\/marcelolopes.jor.br\/site\/wp-content\/uploads\/2020\/04\/naom_5e6b8a94a07ac.jpg","contentUrl":"https:\/\/marcelolopes.jor.br\/site\/wp-content\/uploads\/2020\/04\/naom_5e6b8a94a07ac.jpg","width":1920,"height":1080},{"@type":"BreadcrumbList","@id":"https:\/\/marcelolopes.jor.br\/site\/2020\/07\/09\/nove-casos-de-covid-19-sao-registrados-em-cataguases\/#breadcrumb","itemListElement":[{"@type":"ListItem","position":1,"name":"Home","item":"https:\/\/marcelolopes.jor.br\/site\/"},{"@type":"ListItem","position":2,"name":"Nove casos de Covid-19 s\u00e3o registrados em Cataguases"}]},{"@type":"WebSite","@id":"https:\/\/marcelolopes.jor.br\/site\/#website","url":"https:\/\/marcelolopes.jor.br\/site\/","name":"Marcelo Lopes","description":"Not\u00edcias de Cataguases e Regi\u00e3o","publisher":{"@id":"https:\/\/marcelolopes.jor.br\/site\/#organization"},"potentialAction":[{"@type":"SearchAction","target":{"@type":"EntryPoint","urlTemplate":"https:\/\/marcelolopes.jor.br\/site\/?s={search_term_string}"},"query-input":{"@type":"PropertyValueSpecification","valueRequired":true,"valueName":"search_term_string"}}],"inLanguage":"pt-BR"},{"@type":"Organization","@id":"https:\/\/marcelolopes.jor.br\/site\/#organization","name":"Site do Marcelo Lopes","url":"https:\/\/marcelolopes.jor.br\/site\/","logo":{"@type":"ImageObject","inLanguage":"pt-BR","@id":"https:\/\/marcelolopes.jor.br\/site\/#\/schema\/logo\/image\/","url":"https:\/\/marcelolopes.jor.br\/site\/wp-content\/uploads\/2024\/11\/logo-1.png","contentUrl":"https:\/\/marcelolopes.jor.br\/site\/wp-content\/uploads\/2024\/11\/logo-1.png","width":475,"height":80,"caption":"Site do Marcelo Lopes"},"image":{"@id":"https:\/\/marcelolopes.jor.br\/site\/#\/schema\/logo\/image\/"},"sameAs":["https:\/\/www.facebook.com\/sitedomarcelolopes","https:\/\/www.instagram.com\/sitedomarcelolopes\/","https:\/\/www.linkedin.com\/company\/site-do-marcelo-lopes\/","https:\/\/www.youtube.com\/user\/marcelolopes957"]},{"@type":"Person","@id":"https:\/\/marcelolopes.jor.br\/site\/#\/schema\/person\/3e7216a35c34d8fdf952b31da3d1f89f","name":"Marcelo Lopes","sameAs":["http:\/\/www.marcelolopes.jor.br"],"url":"https:\/\/marcelolopes.jor.br\/site\/author\/marcelo\/"}]}},"wps_subtitle":"Agora s\u00e3o 141 casos confirmados desde o in\u00edcio da pandemia no munic\u00edpio.","_links":{"self":[{"href":"https:\/\/marcelolopes.jor.br\/site\/wp-json\/wp\/v2\/posts\/15631","targetHints":{"allow":["GET"]}}],"collection":[{"href":"https:\/\/marcelolopes.jor.br\/site\/wp-json\/wp\/v2\/posts"}],"about":[{"href":"https:\/\/marcelolopes.jor.br\/site\/wp-json\/wp\/v2\/types\/post"}],"author":[{"embeddable":true,"href":"https:\/\/marcelolopes.jor.br\/site\/wp-json\/wp\/v2\/users\/2"}],"replies":[{"embeddable":true,"href":"https:\/\/marcelolopes.jor.br\/site\/wp-json\/wp\/v2\/comments?post=15631"}],"version-history":[{"count":0,"href":"https:\/\/marcelolopes.jor.br\/site\/wp-json\/wp\/v2\/posts\/15631\/revisions"}],"wp:featuredmedia":[{"embeddable":true,"href":"https:\/\/marcelolopes.jor.br\/site\/wp-json\/wp\/v2\/media\/13333"}],"wp:attachment":[{"href":"https:\/\/marcelolopes.jor.br\/site\/wp-json\/wp\/v2\/media?parent=15631"}],"wp:term":[{"taxonomy":"category","embeddable":true,"href":"https:\/\/marcelolopes.jor.br\/site\/wp-json\/wp\/v2\/categories?post=15631"},{"taxonomy":"post_tag","embeddable":true,"href":"https:\/\/marcelolopes.jor.br\/site\/wp-json\/wp\/v2\/tags?post=15631"}],"curies":[{"name":"wp","href":"https:\/\/api.w.org\/{rel}","templated":true}]}}