{"id":15625,"date":"2020-07-11T07:00:39","date_gmt":"2020-07-11T10:00:39","guid":{"rendered":"https:\/\/marcelolopes.jor.br\/?p=15625"},"modified":"2020-07-10T15:40:24","modified_gmt":"2020-07-10T18:40:24","slug":"circuito-serras-e-cachoeiras-recebe-certificacao-do-governo-de-minas","status":"publish","type":"post","link":"https:\/\/marcelolopes.jor.br\/site\/2020\/07\/11\/circuito-serras-e-cachoeiras-recebe-certificacao-do-governo-de-minas\/","title":{"rendered":"Circuito Serras e Cachoeiras recebe certifica\u00e7\u00e3o do governo de Minas"},"content":{"rendered":"<p style=\"text-align: justify;\">A Inst\u00e2ncia de Governan\u00e7a Regional do Circuito Tur\u00edstico Serras e Cachoeiras, do qual Cataguases faz parte, foi Certificada pela Secretaria Estadual de Turismo de Minas Gerais. De acordo com a documenta\u00e7\u00e3o apresentada para o processo de certifica\u00e7\u00e3o neste ano de 2020, a Secretaria de Cultura de Minas Gerais emitiu os pareceres reconhecendo aquela Inst\u00e2ncia, entre outras.<!--more--><\/p>\n<p style=\"text-align: justify;\">Para obter este reconhecimento o Circuito Serras e Cachoeiras cumpriu as exig\u00eancias do Decreto Estadual n\u00ba 47.687\/2019, e da Resolu\u00e7\u00e3o Secult n\u00ba 16\/2020, de 29 de maio de 2020. Em seguida aquela Secretaria emitiu os pareceres reconhecendo a entidade como Inst\u00e2ncia de Governan\u00e7a Regional (IGR).<\/p>\n<p style=\"text-align: justify;\">A dire\u00e7\u00e3o do Circuito Tur\u00edstico Serras e Cachoeiras aproveitou a conquista para parabenizar os munic\u00edpios associados (Al\u00e9m Para\u00edba, Argirita, Astolfo Dutra, Cataguases, Dona Euz\u00e9bia, Estrela Dalva, Guidoval, Laranjal, Leopoldina, Mira\u00ed, Palma, Pira\u00faba, Rodeiro, S\u00e3o Sebasti\u00e3o da Vargem Alegre, Itamarati de Minas e Volta Grande), por mais esta vit\u00f3ria, visto que todos eles tiveram de fazer adequa\u00e7\u00f5es e implementa\u00e7\u00f5es para que pudessem se certificar.<\/p>\n<p style=\"text-align: justify;\">Para conhecer um pouco do potencial tur\u00edstico desta regi\u00e3o da Zona da Mata, basta seguir o Circuito Tur\u00edstico Serras e Cachoeiras nas redes sociais como o Instagram: @serrasecachoeirastur e Facebook: circuitoserrasecachoeirasoficial. Depois &#8211; e quando a pandemia do Covid-19 terminar &#8211; voc\u00ea pode programar sua viagem para conhecer as belezas desta regi\u00e3o P\u00f3s Pandemia Covid-19.<\/p>\n<p><img loading=\"lazy\" decoding=\"async\" class=\"aligncenter wp-image-15628\" src=\"https:\/\/marcelolopes.jor.br\/site\/wp-content\/uploads\/2020\/07\/341799388bdc444eb5fdc952b742a977.png\" alt=\"\" width=\"600\" height=\"424\" srcset=\"https:\/\/marcelolopes.jor.br\/site\/wp-content\/uploads\/2020\/07\/341799388bdc444eb5fdc952b742a977.png 942w, https:\/\/marcelolopes.jor.br\/site\/wp-content\/uploads\/2020\/07\/341799388bdc444eb5fdc952b742a977-300x212.png 300w, https:\/\/marcelolopes.jor.br\/site\/wp-content\/uploads\/2020\/07\/341799388bdc444eb5fdc952b742a977-768x542.png 768w\" sizes=\"auto, (max-width: 600px) 100vw, 600px\" \/><\/p>\n<p style=\"text-align: justify;\">Fonte: O Vigilante Online | Foto: Minas Drone<\/p>\n<div class=\"diswx69f711021fcbc\" ><br><\/div><style type=\"text\/css\">\r\n@media screen and (min-width: 1201px) {\r\n.diswx69f711021fcbc {\r\ndisplay: block;\r\n}\r\n}\r\n@media screen and (min-width: 993px) and (max-width: 1200px) {\r\n.diswx69f711021fcbc {\r\ndisplay: block;\r\n}\r\n}\r\n@media screen and (min-width: 769px) and (max-width: 992px) {\r\n.diswx69f711021fcbc {\r\ndisplay: block;\r\n}\r\n}\r\n@media screen and (min-width: 768px) and (max-width: 768px) {\r\n.diswx69f711021fcbc {\r\ndisplay: block;\r\n}\r\n}\r\n@media screen and (max-width: 767px) {\r\n.diswx69f711021fcbc {\r\ndisplay: block;\r\n}\r\n}\r\n<\/style>\r\n<div class=\"owwmi69f71102251b2\" ><div id=\"div_destino\"><\/div>\r\n<script src=\"https:\/\/cdn.snsrsv.com\/sdk.js\"><\/script>\r\n<script >\r\n      new sdk(\"464030C30061EA8BE065000000000001\") \r\n          .appendTo(\"div_destino\")\r\n          .disableStyle(true) \r\n          .setCacheBusterMacro(\"%%CACHEBUSTER%%\")\r\n          .setSize(\"800\",\"214\")\r\n          .setClickMacro(\"%%CLICK_URL_ESC%%\") \r\n          .setReferrerUrlMacro(\"%%REFERRER_URL_ESC%%\") \r\n          .start(); \r\n<\/script><\/div><style type=\"text\/css\">\r\n@media screen and (min-width: 1201px) {\r\n.owwmi69f71102251b2 {\r\ndisplay: block;\r\n}\r\n}\r\n@media screen and (min-width: 993px) and (max-width: 1200px) {\r\n.owwmi69f71102251b2 {\r\ndisplay: block;\r\n}\r\n}\r\n@media screen and (min-width: 769px) and (max-width: 992px) {\r\n.owwmi69f71102251b2 {\r\ndisplay: block;\r\n}\r\n}\r\n@media screen and (min-width: 768px) and (max-width: 768px) {\r\n.owwmi69f71102251b2 {\r\ndisplay: block;\r\n}\r\n}\r\n@media screen and (max-width: 767px) {\r\n.owwmi69f71102251b2 {\r\ndisplay: block;\r\n}\r\n}\r\n<\/style>\r\n","protected":false},"excerpt":{"rendered":"<p>A Inst\u00e2ncia de Governan\u00e7a Regional do Circuito Tur\u00edstico Serras e Cachoeiras, do qual Cataguases faz parte, foi Certificada pela Secretaria Estadual de Turismo de Minas Gerais. De acordo com a documenta\u00e7\u00e3o apresentada para o processo de certifica\u00e7\u00e3o neste ano de<\/p>\n<p class=\"link-more\"><a class=\"more-link\" href=\"https:\/\/marcelolopes.jor.br\/site\/2020\/07\/11\/circuito-serras-e-cachoeiras-recebe-certificacao-do-governo-de-minas\/\">Leia mais <span class=\"screen-reader-text\">Circuito Serras e Cachoeiras recebe certifica\u00e7\u00e3o do governo de Minas<\/span><\/a><\/p>\n","protected":false},"author":2,"featured_media":15627,"comment_status":"open","ping_status":"open","sticky":false,"template":"","format":"standard","meta":{"footnotes":""},"categories":[1],"tags":[2536,2537,1860,1474],"class_list":["post-15625","post","type-post","status-publish","format-standard","has-post-thumbnail","hentry","category-noticias","tag-circuito-turistico","tag-serras-e-cachoeiras","tag-turismo","tag-viagem","thumb-below-title"],"yoast_head":"<!-- This site is optimized with the Yoast SEO plugin v27.4 - https:\/\/yoast.com\/product\/yoast-seo-wordpress\/ -->\n<title>Circuito Serras e Cachoeiras recebe certifica\u00e7\u00e3o do governo de Minas | Marcelo Lopes<\/title>\n<meta name=\"robots\" content=\"index, follow, max-snippet:-1, max-image-preview:large, max-video-preview:-1\" \/>\n<link rel=\"canonical\" href=\"https:\/\/marcelolopes.jor.br\/site\/2020\/07\/11\/circuito-serras-e-cachoeiras-recebe-certificacao-do-governo-de-minas\/\" \/>\n<meta property=\"og:locale\" content=\"pt_BR\" \/>\n<meta property=\"og:type\" content=\"article\" \/>\n<meta property=\"og:title\" content=\"Circuito Serras e Cachoeiras recebe certifica\u00e7\u00e3o do governo de Minas | Marcelo Lopes\" \/>\n<meta property=\"og:description\" content=\"A Inst\u00e2ncia de Governan\u00e7a Regional do Circuito Tur\u00edstico Serras e Cachoeiras, do qual Cataguases faz parte, foi Certificada pela Secretaria Estadual de Turismo de Minas Gerais. De acordo com a documenta\u00e7\u00e3o apresentada para o processo de certifica\u00e7\u00e3o neste ano deLeia mais Circuito Serras e Cachoeiras recebe certifica\u00e7\u00e3o do governo de Minas\" \/>\n<meta property=\"og:url\" content=\"https:\/\/marcelolopes.jor.br\/site\/2020\/07\/11\/circuito-serras-e-cachoeiras-recebe-certificacao-do-governo-de-minas\/\" \/>\n<meta property=\"og:site_name\" content=\"Marcelo Lopes\" \/>\n<meta property=\"article:publisher\" content=\"https:\/\/www.facebook.com\/sitedomarcelolopes\" \/>\n<meta property=\"article:published_time\" content=\"2020-07-11T10:00:39+00:00\" \/>\n<meta property=\"og:image\" content=\"https:\/\/marcelolopes.jor.br\/site\/wp-content\/uploads\/2020\/07\/15dbf2ed36d84eaa9513990c465237a4.jpg\" \/>\n\t<meta property=\"og:image:width\" content=\"900\" \/>\n\t<meta property=\"og:image:height\" content=\"500\" \/>\n\t<meta property=\"og:image:type\" content=\"image\/jpeg\" \/>\n<meta name=\"author\" content=\"Marcelo Lopes\" \/>\n<meta name=\"twitter:card\" content=\"summary_large_image\" \/>\n<meta name=\"twitter:label1\" content=\"Escrito por\" \/>\n\t<meta name=\"twitter:data1\" content=\"Marcelo Lopes\" \/>\n\t<meta name=\"twitter:label2\" content=\"Est. tempo de leitura\" \/>\n\t<meta name=\"twitter:data2\" content=\"1 minuto\" \/>\n<script type=\"application\/ld+json\" class=\"yoast-schema-graph\">{\"@context\":\"https:\\\/\\\/schema.org\",\"@graph\":[{\"@type\":\"NewsArticle\",\"@id\":\"https:\\\/\\\/marcelolopes.jor.br\\\/site\\\/2020\\\/07\\\/11\\\/circuito-serras-e-cachoeiras-recebe-certificacao-do-governo-de-minas\\\/#article\",\"isPartOf\":{\"@id\":\"https:\\\/\\\/marcelolopes.jor.br\\\/site\\\/2020\\\/07\\\/11\\\/circuito-serras-e-cachoeiras-recebe-certificacao-do-governo-de-minas\\\/\"},\"author\":{\"name\":\"Marcelo Lopes\",\"@id\":\"https:\\\/\\\/marcelolopes.jor.br\\\/site\\\/#\\\/schema\\\/person\\\/3e7216a35c34d8fdf952b31da3d1f89f\"},\"headline\":\"Circuito Serras e Cachoeiras recebe certifica\u00e7\u00e3o do governo de Minas\",\"datePublished\":\"2020-07-11T10:00:39+00:00\",\"mainEntityOfPage\":{\"@id\":\"https:\\\/\\\/marcelolopes.jor.br\\\/site\\\/2020\\\/07\\\/11\\\/circuito-serras-e-cachoeiras-recebe-certificacao-do-governo-de-minas\\\/\"},\"wordCount\":259,\"commentCount\":0,\"publisher\":{\"@id\":\"https:\\\/\\\/marcelolopes.jor.br\\\/site\\\/#organization\"},\"image\":{\"@id\":\"https:\\\/\\\/marcelolopes.jor.br\\\/site\\\/2020\\\/07\\\/11\\\/circuito-serras-e-cachoeiras-recebe-certificacao-do-governo-de-minas\\\/#primaryimage\"},\"thumbnailUrl\":\"https:\\\/\\\/marcelolopes.jor.br\\\/site\\\/wp-content\\\/uploads\\\/2020\\\/07\\\/15dbf2ed36d84eaa9513990c465237a4.jpg\",\"keywords\":[\"Circuito tur\u00edstico\",\"Serras e Cachoeiras\",\"Turismo\",\"viagem\"],\"articleSection\":[\"Not\u00edcias\"],\"inLanguage\":\"pt-BR\",\"potentialAction\":[{\"@type\":\"CommentAction\",\"name\":\"Comment\",\"target\":[\"https:\\\/\\\/marcelolopes.jor.br\\\/site\\\/2020\\\/07\\\/11\\\/circuito-serras-e-cachoeiras-recebe-certificacao-do-governo-de-minas\\\/#respond\"]}]},{\"@type\":\"WebPage\",\"@id\":\"https:\\\/\\\/marcelolopes.jor.br\\\/site\\\/2020\\\/07\\\/11\\\/circuito-serras-e-cachoeiras-recebe-certificacao-do-governo-de-minas\\\/\",\"url\":\"https:\\\/\\\/marcelolopes.jor.br\\\/site\\\/2020\\\/07\\\/11\\\/circuito-serras-e-cachoeiras-recebe-certificacao-do-governo-de-minas\\\/\",\"name\":\"Circuito Serras e Cachoeiras recebe certifica\u00e7\u00e3o do governo de Minas | Marcelo Lopes\",\"isPartOf\":{\"@id\":\"https:\\\/\\\/marcelolopes.jor.br\\\/site\\\/#website\"},\"primaryImageOfPage\":{\"@id\":\"https:\\\/\\\/marcelolopes.jor.br\\\/site\\\/2020\\\/07\\\/11\\\/circuito-serras-e-cachoeiras-recebe-certificacao-do-governo-de-minas\\\/#primaryimage\"},\"image\":{\"@id\":\"https:\\\/\\\/marcelolopes.jor.br\\\/site\\\/2020\\\/07\\\/11\\\/circuito-serras-e-cachoeiras-recebe-certificacao-do-governo-de-minas\\\/#primaryimage\"},\"thumbnailUrl\":\"https:\\\/\\\/marcelolopes.jor.br\\\/site\\\/wp-content\\\/uploads\\\/2020\\\/07\\\/15dbf2ed36d84eaa9513990c465237a4.jpg\",\"datePublished\":\"2020-07-11T10:00:39+00:00\",\"breadcrumb\":{\"@id\":\"https:\\\/\\\/marcelolopes.jor.br\\\/site\\\/2020\\\/07\\\/11\\\/circuito-serras-e-cachoeiras-recebe-certificacao-do-governo-de-minas\\\/#breadcrumb\"},\"inLanguage\":\"pt-BR\",\"potentialAction\":[{\"@type\":\"ReadAction\",\"target\":[\"https:\\\/\\\/marcelolopes.jor.br\\\/site\\\/2020\\\/07\\\/11\\\/circuito-serras-e-cachoeiras-recebe-certificacao-do-governo-de-minas\\\/\"]}]},{\"@type\":\"ImageObject\",\"inLanguage\":\"pt-BR\",\"@id\":\"https:\\\/\\\/marcelolopes.jor.br\\\/site\\\/2020\\\/07\\\/11\\\/circuito-serras-e-cachoeiras-recebe-certificacao-do-governo-de-minas\\\/#primaryimage\",\"url\":\"https:\\\/\\\/marcelolopes.jor.br\\\/site\\\/wp-content\\\/uploads\\\/2020\\\/07\\\/15dbf2ed36d84eaa9513990c465237a4.jpg\",\"contentUrl\":\"https:\\\/\\\/marcelolopes.jor.br\\\/site\\\/wp-content\\\/uploads\\\/2020\\\/07\\\/15dbf2ed36d84eaa9513990c465237a4.jpg\",\"width\":900,\"height\":500},{\"@type\":\"BreadcrumbList\",\"@id\":\"https:\\\/\\\/marcelolopes.jor.br\\\/site\\\/2020\\\/07\\\/11\\\/circuito-serras-e-cachoeiras-recebe-certificacao-do-governo-de-minas\\\/#breadcrumb\",\"itemListElement\":[{\"@type\":\"ListItem\",\"position\":1,\"name\":\"Home\",\"item\":\"https:\\\/\\\/marcelolopes.jor.br\\\/site\\\/\"},{\"@type\":\"ListItem\",\"position\":2,\"name\":\"Circuito Serras e Cachoeiras recebe certifica\u00e7\u00e3o do governo de Minas\"}]},{\"@type\":\"WebSite\",\"@id\":\"https:\\\/\\\/marcelolopes.jor.br\\\/site\\\/#website\",\"url\":\"https:\\\/\\\/marcelolopes.jor.br\\\/site\\\/\",\"name\":\"Marcelo Lopes\",\"description\":\"Not\u00edcias de Cataguases e Regi\u00e3o\",\"publisher\":{\"@id\":\"https:\\\/\\\/marcelolopes.jor.br\\\/site\\\/#organization\"},\"potentialAction\":[{\"@type\":\"SearchAction\",\"target\":{\"@type\":\"EntryPoint\",\"urlTemplate\":\"https:\\\/\\\/marcelolopes.jor.br\\\/site\\\/?s={search_term_string}\"},\"query-input\":{\"@type\":\"PropertyValueSpecification\",\"valueRequired\":true,\"valueName\":\"search_term_string\"}}],\"inLanguage\":\"pt-BR\"},{\"@type\":\"Organization\",\"@id\":\"https:\\\/\\\/marcelolopes.jor.br\\\/site\\\/#organization\",\"name\":\"Site do Marcelo Lopes\",\"url\":\"https:\\\/\\\/marcelolopes.jor.br\\\/site\\\/\",\"logo\":{\"@type\":\"ImageObject\",\"inLanguage\":\"pt-BR\",\"@id\":\"https:\\\/\\\/marcelolopes.jor.br\\\/site\\\/#\\\/schema\\\/logo\\\/image\\\/\",\"url\":\"https:\\\/\\\/marcelolopes.jor.br\\\/site\\\/wp-content\\\/uploads\\\/2024\\\/11\\\/logo-1.png\",\"contentUrl\":\"https:\\\/\\\/marcelolopes.jor.br\\\/site\\\/wp-content\\\/uploads\\\/2024\\\/11\\\/logo-1.png\",\"width\":475,\"height\":80,\"caption\":\"Site do Marcelo Lopes\"},\"image\":{\"@id\":\"https:\\\/\\\/marcelolopes.jor.br\\\/site\\\/#\\\/schema\\\/logo\\\/image\\\/\"},\"sameAs\":[\"https:\\\/\\\/www.facebook.com\\\/sitedomarcelolopes\",\"https:\\\/\\\/www.instagram.com\\\/sitedomarcelolopes\\\/\",\"https:\\\/\\\/www.linkedin.com\\\/company\\\/site-do-marcelo-lopes\\\/\",\"https:\\\/\\\/www.youtube.com\\\/user\\\/marcelolopes957\"]},{\"@type\":\"Person\",\"@id\":\"https:\\\/\\\/marcelolopes.jor.br\\\/site\\\/#\\\/schema\\\/person\\\/3e7216a35c34d8fdf952b31da3d1f89f\",\"name\":\"Marcelo Lopes\",\"sameAs\":[\"http:\\\/\\\/www.marcelolopes.jor.br\"],\"url\":\"https:\\\/\\\/marcelolopes.jor.br\\\/site\\\/author\\\/marcelo\\\/\"}]}<\/script>\n<!-- \/ Yoast SEO plugin. -->","yoast_head_json":{"title":"Circuito Serras e Cachoeiras recebe certifica\u00e7\u00e3o do governo de Minas | Marcelo Lopes","robots":{"index":"index","follow":"follow","max-snippet":"max-snippet:-1","max-image-preview":"max-image-preview:large","max-video-preview":"max-video-preview:-1"},"canonical":"https:\/\/marcelolopes.jor.br\/site\/2020\/07\/11\/circuito-serras-e-cachoeiras-recebe-certificacao-do-governo-de-minas\/","og_locale":"pt_BR","og_type":"article","og_title":"Circuito Serras e Cachoeiras recebe certifica\u00e7\u00e3o do governo de Minas | Marcelo Lopes","og_description":"A Inst\u00e2ncia de Governan\u00e7a Regional do Circuito Tur\u00edstico Serras e Cachoeiras, do qual Cataguases faz parte, foi Certificada pela Secretaria Estadual de Turismo de Minas Gerais. De acordo com a documenta\u00e7\u00e3o apresentada para o processo de certifica\u00e7\u00e3o neste ano deLeia mais Circuito Serras e Cachoeiras recebe certifica\u00e7\u00e3o do governo de Minas","og_url":"https:\/\/marcelolopes.jor.br\/site\/2020\/07\/11\/circuito-serras-e-cachoeiras-recebe-certificacao-do-governo-de-minas\/","og_site_name":"Marcelo Lopes","article_publisher":"https:\/\/www.facebook.com\/sitedomarcelolopes","article_published_time":"2020-07-11T10:00:39+00:00","og_image":[{"width":900,"height":500,"url":"https:\/\/marcelolopes.jor.br\/site\/wp-content\/uploads\/2020\/07\/15dbf2ed36d84eaa9513990c465237a4.jpg","type":"image\/jpeg"}],"author":"Marcelo Lopes","twitter_card":"summary_large_image","twitter_misc":{"Escrito por":"Marcelo Lopes","Est. tempo de leitura":"1 minuto"},"schema":{"@context":"https:\/\/schema.org","@graph":[{"@type":"NewsArticle","@id":"https:\/\/marcelolopes.jor.br\/site\/2020\/07\/11\/circuito-serras-e-cachoeiras-recebe-certificacao-do-governo-de-minas\/#article","isPartOf":{"@id":"https:\/\/marcelolopes.jor.br\/site\/2020\/07\/11\/circuito-serras-e-cachoeiras-recebe-certificacao-do-governo-de-minas\/"},"author":{"name":"Marcelo Lopes","@id":"https:\/\/marcelolopes.jor.br\/site\/#\/schema\/person\/3e7216a35c34d8fdf952b31da3d1f89f"},"headline":"Circuito Serras e Cachoeiras recebe certifica\u00e7\u00e3o do governo de Minas","datePublished":"2020-07-11T10:00:39+00:00","mainEntityOfPage":{"@id":"https:\/\/marcelolopes.jor.br\/site\/2020\/07\/11\/circuito-serras-e-cachoeiras-recebe-certificacao-do-governo-de-minas\/"},"wordCount":259,"commentCount":0,"publisher":{"@id":"https:\/\/marcelolopes.jor.br\/site\/#organization"},"image":{"@id":"https:\/\/marcelolopes.jor.br\/site\/2020\/07\/11\/circuito-serras-e-cachoeiras-recebe-certificacao-do-governo-de-minas\/#primaryimage"},"thumbnailUrl":"https:\/\/marcelolopes.jor.br\/site\/wp-content\/uploads\/2020\/07\/15dbf2ed36d84eaa9513990c465237a4.jpg","keywords":["Circuito tur\u00edstico","Serras e Cachoeiras","Turismo","viagem"],"articleSection":["Not\u00edcias"],"inLanguage":"pt-BR","potentialAction":[{"@type":"CommentAction","name":"Comment","target":["https:\/\/marcelolopes.jor.br\/site\/2020\/07\/11\/circuito-serras-e-cachoeiras-recebe-certificacao-do-governo-de-minas\/#respond"]}]},{"@type":"WebPage","@id":"https:\/\/marcelolopes.jor.br\/site\/2020\/07\/11\/circuito-serras-e-cachoeiras-recebe-certificacao-do-governo-de-minas\/","url":"https:\/\/marcelolopes.jor.br\/site\/2020\/07\/11\/circuito-serras-e-cachoeiras-recebe-certificacao-do-governo-de-minas\/","name":"Circuito Serras e Cachoeiras recebe certifica\u00e7\u00e3o do governo de Minas | Marcelo Lopes","isPartOf":{"@id":"https:\/\/marcelolopes.jor.br\/site\/#website"},"primaryImageOfPage":{"@id":"https:\/\/marcelolopes.jor.br\/site\/2020\/07\/11\/circuito-serras-e-cachoeiras-recebe-certificacao-do-governo-de-minas\/#primaryimage"},"image":{"@id":"https:\/\/marcelolopes.jor.br\/site\/2020\/07\/11\/circuito-serras-e-cachoeiras-recebe-certificacao-do-governo-de-minas\/#primaryimage"},"thumbnailUrl":"https:\/\/marcelolopes.jor.br\/site\/wp-content\/uploads\/2020\/07\/15dbf2ed36d84eaa9513990c465237a4.jpg","datePublished":"2020-07-11T10:00:39+00:00","breadcrumb":{"@id":"https:\/\/marcelolopes.jor.br\/site\/2020\/07\/11\/circuito-serras-e-cachoeiras-recebe-certificacao-do-governo-de-minas\/#breadcrumb"},"inLanguage":"pt-BR","potentialAction":[{"@type":"ReadAction","target":["https:\/\/marcelolopes.jor.br\/site\/2020\/07\/11\/circuito-serras-e-cachoeiras-recebe-certificacao-do-governo-de-minas\/"]}]},{"@type":"ImageObject","inLanguage":"pt-BR","@id":"https:\/\/marcelolopes.jor.br\/site\/2020\/07\/11\/circuito-serras-e-cachoeiras-recebe-certificacao-do-governo-de-minas\/#primaryimage","url":"https:\/\/marcelolopes.jor.br\/site\/wp-content\/uploads\/2020\/07\/15dbf2ed36d84eaa9513990c465237a4.jpg","contentUrl":"https:\/\/marcelolopes.jor.br\/site\/wp-content\/uploads\/2020\/07\/15dbf2ed36d84eaa9513990c465237a4.jpg","width":900,"height":500},{"@type":"BreadcrumbList","@id":"https:\/\/marcelolopes.jor.br\/site\/2020\/07\/11\/circuito-serras-e-cachoeiras-recebe-certificacao-do-governo-de-minas\/#breadcrumb","itemListElement":[{"@type":"ListItem","position":1,"name":"Home","item":"https:\/\/marcelolopes.jor.br\/site\/"},{"@type":"ListItem","position":2,"name":"Circuito Serras e Cachoeiras recebe certifica\u00e7\u00e3o do governo de Minas"}]},{"@type":"WebSite","@id":"https:\/\/marcelolopes.jor.br\/site\/#website","url":"https:\/\/marcelolopes.jor.br\/site\/","name":"Marcelo Lopes","description":"Not\u00edcias de Cataguases e Regi\u00e3o","publisher":{"@id":"https:\/\/marcelolopes.jor.br\/site\/#organization"},"potentialAction":[{"@type":"SearchAction","target":{"@type":"EntryPoint","urlTemplate":"https:\/\/marcelolopes.jor.br\/site\/?s={search_term_string}"},"query-input":{"@type":"PropertyValueSpecification","valueRequired":true,"valueName":"search_term_string"}}],"inLanguage":"pt-BR"},{"@type":"Organization","@id":"https:\/\/marcelolopes.jor.br\/site\/#organization","name":"Site do Marcelo Lopes","url":"https:\/\/marcelolopes.jor.br\/site\/","logo":{"@type":"ImageObject","inLanguage":"pt-BR","@id":"https:\/\/marcelolopes.jor.br\/site\/#\/schema\/logo\/image\/","url":"https:\/\/marcelolopes.jor.br\/site\/wp-content\/uploads\/2024\/11\/logo-1.png","contentUrl":"https:\/\/marcelolopes.jor.br\/site\/wp-content\/uploads\/2024\/11\/logo-1.png","width":475,"height":80,"caption":"Site do Marcelo Lopes"},"image":{"@id":"https:\/\/marcelolopes.jor.br\/site\/#\/schema\/logo\/image\/"},"sameAs":["https:\/\/www.facebook.com\/sitedomarcelolopes","https:\/\/www.instagram.com\/sitedomarcelolopes\/","https:\/\/www.linkedin.com\/company\/site-do-marcelo-lopes\/","https:\/\/www.youtube.com\/user\/marcelolopes957"]},{"@type":"Person","@id":"https:\/\/marcelolopes.jor.br\/site\/#\/schema\/person\/3e7216a35c34d8fdf952b31da3d1f89f","name":"Marcelo Lopes","sameAs":["http:\/\/www.marcelolopes.jor.br"],"url":"https:\/\/marcelolopes.jor.br\/site\/author\/marcelo\/"}]}},"wps_subtitle":"Ap\u00f3s cumprir exig\u00eancias, recebeu o t\u00edtulo de Inst\u00e2ncia de Governan\u00e7a Regional.","_links":{"self":[{"href":"https:\/\/marcelolopes.jor.br\/site\/wp-json\/wp\/v2\/posts\/15625","targetHints":{"allow":["GET"]}}],"collection":[{"href":"https:\/\/marcelolopes.jor.br\/site\/wp-json\/wp\/v2\/posts"}],"about":[{"href":"https:\/\/marcelolopes.jor.br\/site\/wp-json\/wp\/v2\/types\/post"}],"author":[{"embeddable":true,"href":"https:\/\/marcelolopes.jor.br\/site\/wp-json\/wp\/v2\/users\/2"}],"replies":[{"embeddable":true,"href":"https:\/\/marcelolopes.jor.br\/site\/wp-json\/wp\/v2\/comments?post=15625"}],"version-history":[{"count":0,"href":"https:\/\/marcelolopes.jor.br\/site\/wp-json\/wp\/v2\/posts\/15625\/revisions"}],"wp:featuredmedia":[{"embeddable":true,"href":"https:\/\/marcelolopes.jor.br\/site\/wp-json\/wp\/v2\/media\/15627"}],"wp:attachment":[{"href":"https:\/\/marcelolopes.jor.br\/site\/wp-json\/wp\/v2\/media?parent=15625"}],"wp:term":[{"taxonomy":"category","embeddable":true,"href":"https:\/\/marcelolopes.jor.br\/site\/wp-json\/wp\/v2\/categories?post=15625"},{"taxonomy":"post_tag","embeddable":true,"href":"https:\/\/marcelolopes.jor.br\/site\/wp-json\/wp\/v2\/tags?post=15625"}],"curies":[{"name":"wp","href":"https:\/\/api.w.org\/{rel}","templated":true}]}}