{"id":15620,"date":"2020-07-09T16:00:47","date_gmt":"2020-07-09T19:00:47","guid":{"rendered":"https:\/\/marcelolopes.jor.br\/?p=15620"},"modified":"2023-08-21T16:16:40","modified_gmt":"2023-08-21T19:16:40","slug":"queimadas-deixaram-50-mil-clientes-da-energisa-sem-luz-eletrica","status":"publish","type":"post","link":"https:\/\/marcelolopes.jor.br\/site\/2020\/07\/09\/queimadas-deixaram-50-mil-clientes-da-energisa-sem-luz-eletrica\/","title":{"rendered":"Queimadas deixaram 50 mil clientes da Energisa sem luz el\u00e9trica"},"content":{"rendered":"<p style=\"text-align: justify;\">Com o per\u00edodo de seca aumentam as chances de ocorrerem as queimadas urbanas e rurais que causam preju\u00edzos \u00e0s comunidades, colocam vidas em perigo e afetam o fornecimento de energia el\u00e9trica. Nos \u00faltimos doze meses as queimadas interromperam o fornecimento de energia para mais de 50 mil clientes da <a href=\"http:\/\/www.energisa.com.br\"><strong><span style=\"color: #800000;\">Energisa<\/span><\/strong><\/a>. A afirma\u00e7\u00e3o \u00e9 do gerente de Opera\u00e7\u00f5es da Energisa Minas Gerais, Anderson Rabelo.<!--more--><\/p>\n<p style=\"text-align: justify;\">&#8220;As queimadas pr\u00f3ximas \u00e0 rede el\u00e9trica podem provocar o desligamento de energia. Mesmo sem atingir a rede, elas podem colocar em risco a distribui\u00e7\u00e3o de energia, j\u00e1 que n\u00e3o \u00e9 necess\u00e1rio que as chamas encostem nos cabos para provocar curtos-circuitos nas linhas de energia, pois o calor das queimadas pode provocar ocorr\u00eancias como o rompimentos de cabos e danos aos equipamentos, prejudicando o fornecimento&#8221;, explica Anderson.<\/p>\n<p>Al\u00e9m de causar danos ao meio ambiente, colocar a natureza, plantas e animais em perigo, a ocorr\u00eancia de queimadas provoca danos \u00e0 sa\u00fade, principalmente em per\u00edodos mais secos como este. Quem sofre com doen\u00e7as respirat\u00f3rias, tem sua sa\u00fade abalada. &#8220;Seja no campo ou na cidade, as pessoas devem redobrar a aten\u00e7\u00e3o. Orientamos o produtor rural a se informar com os \u00f3rg\u00e3os respons\u00e1veis, como a Secretaria de Meio Ambiente ou Sindicato Rural de sua cidade, onde poder\u00e1 obter orienta\u00e7\u00f5es sobre t\u00e9cnicas que substituam a necessidade de uma queimada&#8221;, instrui Rabelo.<\/p>\n<p style=\"text-align: justify;\">Todos os anos as queimadas provocam grandes preju\u00edzos, tais como empobrecimento do solo, polui\u00e7\u00e3o, danos \u00e0s redes de eletricidade, al\u00e9m de acidentes rodovi\u00e1rios. Diante disso, ao identificar um foco de inc\u00eandio, informe o departamento de meio ambiente de seu munic\u00edpio e o Corpo de Bombeiros. Se for pr\u00f3ximo \u00e0s redes el\u00e9tricas, notifique tamb\u00e9m a Energisa Minas Gerais pelo telefone 0800 032 0196 (liga\u00e7\u00e3o gratuita), pelo aplicativo Energisa On ou pelas redes sociais (Facebook.com\/energisa).<\/p>\n<p>Fonte: Assessoria de Comunica\u00e7\u00e3o da Energisa Minas Gerais | Foto: Alto Uruguai<\/p>\n<div class=\"dzuvv69f732b5ef606\" ><br><\/div><style type=\"text\/css\">\r\n@media screen and (min-width: 1201px) {\r\n.dzuvv69f732b5ef606 {\r\ndisplay: block;\r\n}\r\n}\r\n@media screen and (min-width: 993px) and (max-width: 1200px) {\r\n.dzuvv69f732b5ef606 {\r\ndisplay: block;\r\n}\r\n}\r\n@media screen and (min-width: 769px) and (max-width: 992px) {\r\n.dzuvv69f732b5ef606 {\r\ndisplay: block;\r\n}\r\n}\r\n@media screen and (min-width: 768px) and (max-width: 768px) {\r\n.dzuvv69f732b5ef606 {\r\ndisplay: block;\r\n}\r\n}\r\n@media screen and (max-width: 767px) {\r\n.dzuvv69f732b5ef606 {\r\ndisplay: block;\r\n}\r\n}\r\n<\/style>\r\n<div class=\"uqikz69f732b601327\" ><div id=\"div_destino\"><\/div>\r\n<script src=\"https:\/\/cdn.snsrsv.com\/sdk.js\"><\/script>\r\n<script >\r\n      new sdk(\"464030C30061EA8BE065000000000001\") \r\n          .appendTo(\"div_destino\")\r\n          .disableStyle(true) \r\n          .setCacheBusterMacro(\"%%CACHEBUSTER%%\")\r\n          .setSize(\"800\",\"214\")\r\n          .setClickMacro(\"%%CLICK_URL_ESC%%\") \r\n          .setReferrerUrlMacro(\"%%REFERRER_URL_ESC%%\") \r\n          .start(); \r\n<\/script><\/div><style type=\"text\/css\">\r\n@media screen and (min-width: 1201px) {\r\n.uqikz69f732b601327 {\r\ndisplay: block;\r\n}\r\n}\r\n@media screen and (min-width: 993px) and (max-width: 1200px) {\r\n.uqikz69f732b601327 {\r\ndisplay: block;\r\n}\r\n}\r\n@media screen and (min-width: 769px) and (max-width: 992px) {\r\n.uqikz69f732b601327 {\r\ndisplay: block;\r\n}\r\n}\r\n@media screen and (min-width: 768px) and (max-width: 768px) {\r\n.uqikz69f732b601327 {\r\ndisplay: block;\r\n}\r\n}\r\n@media screen and (max-width: 767px) {\r\n.uqikz69f732b601327 {\r\ndisplay: block;\r\n}\r\n}\r\n<\/style>\r\n","protected":false},"excerpt":{"rendered":"<p>Com o per\u00edodo de seca aumentam as chances de ocorrerem as queimadas urbanas e rurais que causam preju\u00edzos \u00e0s comunidades, colocam vidas em perigo e afetam o fornecimento de energia el\u00e9trica. Nos \u00faltimos doze meses as queimadas interromperam o fornecimento<\/p>\n<p class=\"link-more\"><a class=\"more-link\" href=\"https:\/\/marcelolopes.jor.br\/site\/2020\/07\/09\/queimadas-deixaram-50-mil-clientes-da-energisa-sem-luz-eletrica\/\">Leia mais <span class=\"screen-reader-text\">Queimadas deixaram 50 mil clientes da Energisa sem luz el\u00e9trica<\/span><\/a><\/p>\n","protected":false},"author":2,"featured_media":15622,"comment_status":"open","ping_status":"open","sticky":false,"template":"","format":"standard","meta":{"footnotes":""},"categories":[1],"tags":[1182,2705,2704,1165],"class_list":["post-15620","post","type-post","status-publish","format-standard","has-post-thumbnail","hentry","category-noticias","tag-energisa-minas-gerais","tag-prejuizo","tag-queimada","tag-rede-eletrica","thumb-below-title"],"yoast_head":"<!-- This site is optimized with the Yoast SEO plugin v27.4 - https:\/\/yoast.com\/product\/yoast-seo-wordpress\/ -->\n<title>Queimadas deixaram 50 mil clientes da Energisa sem luz el\u00e9trica | Marcelo Lopes<\/title>\n<meta name=\"description\" content=\"Queimadas deixaram 50 mil clientes da Energisa sem luz el\u00e9trica. Al\u00e9m disso, elas provocam preju\u00edzos \u00e0 natureza, \u00e0 sa\u00fade e \u00e0s redes el\u00e9tricas.\" \/>\n<meta name=\"robots\" content=\"index, follow, max-snippet:-1, max-image-preview:large, max-video-preview:-1\" \/>\n<link rel=\"canonical\" href=\"https:\/\/marcelolopes.jor.br\/site\/2020\/07\/09\/queimadas-deixaram-50-mil-clientes-da-energisa-sem-luz-eletrica\/\" \/>\n<meta property=\"og:locale\" content=\"pt_BR\" \/>\n<meta property=\"og:type\" content=\"article\" \/>\n<meta property=\"og:title\" content=\"Queimadas deixaram 50 mil clientes da Energisa sem luz el\u00e9trica | Marcelo Lopes\" \/>\n<meta property=\"og:description\" content=\"Queimadas deixaram 50 mil clientes da Energisa sem luz el\u00e9trica. Al\u00e9m disso, elas provocam preju\u00edzos \u00e0 natureza, \u00e0 sa\u00fade e \u00e0s redes el\u00e9tricas.\" \/>\n<meta property=\"og:url\" content=\"https:\/\/marcelolopes.jor.br\/site\/2020\/07\/09\/queimadas-deixaram-50-mil-clientes-da-energisa-sem-luz-eletrica\/\" \/>\n<meta property=\"og:site_name\" content=\"Marcelo Lopes\" \/>\n<meta property=\"article:publisher\" content=\"https:\/\/www.facebook.com\/sitedomarcelolopes\" \/>\n<meta property=\"article:published_time\" content=\"2020-07-09T19:00:47+00:00\" \/>\n<meta property=\"article:modified_time\" content=\"2023-08-21T19:16:40+00:00\" \/>\n<meta property=\"og:image\" content=\"https:\/\/marcelolopes.jor.br\/site\/wp-content\/uploads\/2020\/07\/13092019142117-92e450d530def66.jpg\" \/>\n\t<meta property=\"og:image:width\" content=\"1280\" \/>\n\t<meta property=\"og:image:height\" content=\"720\" \/>\n\t<meta property=\"og:image:type\" content=\"image\/jpeg\" \/>\n<meta name=\"author\" content=\"Marcelo Lopes\" \/>\n<meta name=\"twitter:card\" content=\"summary_large_image\" \/>\n<meta name=\"twitter:label1\" content=\"Escrito por\" \/>\n\t<meta name=\"twitter:data1\" content=\"Marcelo Lopes\" \/>\n\t<meta name=\"twitter:label2\" content=\"Est. tempo de leitura\" \/>\n\t<meta name=\"twitter:data2\" content=\"2 minutos\" \/>\n<script type=\"application\/ld+json\" class=\"yoast-schema-graph\">{\"@context\":\"https:\\\/\\\/schema.org\",\"@graph\":[{\"@type\":\"NewsArticle\",\"@id\":\"https:\\\/\\\/marcelolopes.jor.br\\\/site\\\/2020\\\/07\\\/09\\\/queimadas-deixaram-50-mil-clientes-da-energisa-sem-luz-eletrica\\\/#article\",\"isPartOf\":{\"@id\":\"https:\\\/\\\/marcelolopes.jor.br\\\/site\\\/2020\\\/07\\\/09\\\/queimadas-deixaram-50-mil-clientes-da-energisa-sem-luz-eletrica\\\/\"},\"author\":{\"name\":\"Marcelo Lopes\",\"@id\":\"https:\\\/\\\/marcelolopes.jor.br\\\/site\\\/#\\\/schema\\\/person\\\/3e7216a35c34d8fdf952b31da3d1f89f\"},\"headline\":\"Queimadas deixaram 50 mil clientes da Energisa sem luz el\u00e9trica\",\"datePublished\":\"2020-07-09T19:00:47+00:00\",\"dateModified\":\"2023-08-21T19:16:40+00:00\",\"mainEntityOfPage\":{\"@id\":\"https:\\\/\\\/marcelolopes.jor.br\\\/site\\\/2020\\\/07\\\/09\\\/queimadas-deixaram-50-mil-clientes-da-energisa-sem-luz-eletrica\\\/\"},\"wordCount\":340,\"commentCount\":0,\"publisher\":{\"@id\":\"https:\\\/\\\/marcelolopes.jor.br\\\/site\\\/#organization\"},\"image\":{\"@id\":\"https:\\\/\\\/marcelolopes.jor.br\\\/site\\\/2020\\\/07\\\/09\\\/queimadas-deixaram-50-mil-clientes-da-energisa-sem-luz-eletrica\\\/#primaryimage\"},\"thumbnailUrl\":\"https:\\\/\\\/marcelolopes.jor.br\\\/site\\\/wp-content\\\/uploads\\\/2020\\\/07\\\/13092019142117-92e450d530def66.jpg\",\"keywords\":[\"Energisa Minas Gerais\",\"preju\u00edzo\",\"queimada\",\"rede el\u00e9trica\"],\"articleSection\":[\"Not\u00edcias\"],\"inLanguage\":\"pt-BR\",\"potentialAction\":[{\"@type\":\"CommentAction\",\"name\":\"Comment\",\"target\":[\"https:\\\/\\\/marcelolopes.jor.br\\\/site\\\/2020\\\/07\\\/09\\\/queimadas-deixaram-50-mil-clientes-da-energisa-sem-luz-eletrica\\\/#respond\"]}]},{\"@type\":\"WebPage\",\"@id\":\"https:\\\/\\\/marcelolopes.jor.br\\\/site\\\/2020\\\/07\\\/09\\\/queimadas-deixaram-50-mil-clientes-da-energisa-sem-luz-eletrica\\\/\",\"url\":\"https:\\\/\\\/marcelolopes.jor.br\\\/site\\\/2020\\\/07\\\/09\\\/queimadas-deixaram-50-mil-clientes-da-energisa-sem-luz-eletrica\\\/\",\"name\":\"Queimadas deixaram 50 mil clientes da Energisa sem luz el\u00e9trica | Marcelo Lopes\",\"isPartOf\":{\"@id\":\"https:\\\/\\\/marcelolopes.jor.br\\\/site\\\/#website\"},\"primaryImageOfPage\":{\"@id\":\"https:\\\/\\\/marcelolopes.jor.br\\\/site\\\/2020\\\/07\\\/09\\\/queimadas-deixaram-50-mil-clientes-da-energisa-sem-luz-eletrica\\\/#primaryimage\"},\"image\":{\"@id\":\"https:\\\/\\\/marcelolopes.jor.br\\\/site\\\/2020\\\/07\\\/09\\\/queimadas-deixaram-50-mil-clientes-da-energisa-sem-luz-eletrica\\\/#primaryimage\"},\"thumbnailUrl\":\"https:\\\/\\\/marcelolopes.jor.br\\\/site\\\/wp-content\\\/uploads\\\/2020\\\/07\\\/13092019142117-92e450d530def66.jpg\",\"datePublished\":\"2020-07-09T19:00:47+00:00\",\"dateModified\":\"2023-08-21T19:16:40+00:00\",\"description\":\"Queimadas deixaram 50 mil clientes da Energisa sem luz el\u00e9trica. Al\u00e9m disso, elas provocam preju\u00edzos \u00e0 natureza, \u00e0 sa\u00fade e \u00e0s redes el\u00e9tricas.\",\"breadcrumb\":{\"@id\":\"https:\\\/\\\/marcelolopes.jor.br\\\/site\\\/2020\\\/07\\\/09\\\/queimadas-deixaram-50-mil-clientes-da-energisa-sem-luz-eletrica\\\/#breadcrumb\"},\"inLanguage\":\"pt-BR\",\"potentialAction\":[{\"@type\":\"ReadAction\",\"target\":[\"https:\\\/\\\/marcelolopes.jor.br\\\/site\\\/2020\\\/07\\\/09\\\/queimadas-deixaram-50-mil-clientes-da-energisa-sem-luz-eletrica\\\/\"]}]},{\"@type\":\"ImageObject\",\"inLanguage\":\"pt-BR\",\"@id\":\"https:\\\/\\\/marcelolopes.jor.br\\\/site\\\/2020\\\/07\\\/09\\\/queimadas-deixaram-50-mil-clientes-da-energisa-sem-luz-eletrica\\\/#primaryimage\",\"url\":\"https:\\\/\\\/marcelolopes.jor.br\\\/site\\\/wp-content\\\/uploads\\\/2020\\\/07\\\/13092019142117-92e450d530def66.jpg\",\"contentUrl\":\"https:\\\/\\\/marcelolopes.jor.br\\\/site\\\/wp-content\\\/uploads\\\/2020\\\/07\\\/13092019142117-92e450d530def66.jpg\",\"width\":1280,\"height\":720,\"caption\":\"Queimadas deixaram 50 mil\"},{\"@type\":\"BreadcrumbList\",\"@id\":\"https:\\\/\\\/marcelolopes.jor.br\\\/site\\\/2020\\\/07\\\/09\\\/queimadas-deixaram-50-mil-clientes-da-energisa-sem-luz-eletrica\\\/#breadcrumb\",\"itemListElement\":[{\"@type\":\"ListItem\",\"position\":1,\"name\":\"Home\",\"item\":\"https:\\\/\\\/marcelolopes.jor.br\\\/site\\\/\"},{\"@type\":\"ListItem\",\"position\":2,\"name\":\"Queimadas deixaram 50 mil clientes da Energisa sem luz el\u00e9trica\"}]},{\"@type\":\"WebSite\",\"@id\":\"https:\\\/\\\/marcelolopes.jor.br\\\/site\\\/#website\",\"url\":\"https:\\\/\\\/marcelolopes.jor.br\\\/site\\\/\",\"name\":\"Marcelo Lopes\",\"description\":\"Not\u00edcias de Cataguases e Regi\u00e3o\",\"publisher\":{\"@id\":\"https:\\\/\\\/marcelolopes.jor.br\\\/site\\\/#organization\"},\"potentialAction\":[{\"@type\":\"SearchAction\",\"target\":{\"@type\":\"EntryPoint\",\"urlTemplate\":\"https:\\\/\\\/marcelolopes.jor.br\\\/site\\\/?s={search_term_string}\"},\"query-input\":{\"@type\":\"PropertyValueSpecification\",\"valueRequired\":true,\"valueName\":\"search_term_string\"}}],\"inLanguage\":\"pt-BR\"},{\"@type\":\"Organization\",\"@id\":\"https:\\\/\\\/marcelolopes.jor.br\\\/site\\\/#organization\",\"name\":\"Site do Marcelo Lopes\",\"url\":\"https:\\\/\\\/marcelolopes.jor.br\\\/site\\\/\",\"logo\":{\"@type\":\"ImageObject\",\"inLanguage\":\"pt-BR\",\"@id\":\"https:\\\/\\\/marcelolopes.jor.br\\\/site\\\/#\\\/schema\\\/logo\\\/image\\\/\",\"url\":\"https:\\\/\\\/marcelolopes.jor.br\\\/site\\\/wp-content\\\/uploads\\\/2024\\\/11\\\/logo-1.png\",\"contentUrl\":\"https:\\\/\\\/marcelolopes.jor.br\\\/site\\\/wp-content\\\/uploads\\\/2024\\\/11\\\/logo-1.png\",\"width\":475,\"height\":80,\"caption\":\"Site do Marcelo Lopes\"},\"image\":{\"@id\":\"https:\\\/\\\/marcelolopes.jor.br\\\/site\\\/#\\\/schema\\\/logo\\\/image\\\/\"},\"sameAs\":[\"https:\\\/\\\/www.facebook.com\\\/sitedomarcelolopes\",\"https:\\\/\\\/www.instagram.com\\\/sitedomarcelolopes\\\/\",\"https:\\\/\\\/www.linkedin.com\\\/company\\\/site-do-marcelo-lopes\\\/\",\"https:\\\/\\\/www.youtube.com\\\/user\\\/marcelolopes957\"]},{\"@type\":\"Person\",\"@id\":\"https:\\\/\\\/marcelolopes.jor.br\\\/site\\\/#\\\/schema\\\/person\\\/3e7216a35c34d8fdf952b31da3d1f89f\",\"name\":\"Marcelo Lopes\",\"sameAs\":[\"http:\\\/\\\/www.marcelolopes.jor.br\"],\"url\":\"https:\\\/\\\/marcelolopes.jor.br\\\/site\\\/author\\\/marcelo\\\/\"}]}<\/script>\n<!-- \/ Yoast SEO plugin. -->","yoast_head_json":{"title":"Queimadas deixaram 50 mil clientes da Energisa sem luz el\u00e9trica | Marcelo Lopes","description":"Queimadas deixaram 50 mil clientes da Energisa sem luz el\u00e9trica. Al\u00e9m disso, elas provocam preju\u00edzos \u00e0 natureza, \u00e0 sa\u00fade e \u00e0s redes el\u00e9tricas.","robots":{"index":"index","follow":"follow","max-snippet":"max-snippet:-1","max-image-preview":"max-image-preview:large","max-video-preview":"max-video-preview:-1"},"canonical":"https:\/\/marcelolopes.jor.br\/site\/2020\/07\/09\/queimadas-deixaram-50-mil-clientes-da-energisa-sem-luz-eletrica\/","og_locale":"pt_BR","og_type":"article","og_title":"Queimadas deixaram 50 mil clientes da Energisa sem luz el\u00e9trica | Marcelo Lopes","og_description":"Queimadas deixaram 50 mil clientes da Energisa sem luz el\u00e9trica. Al\u00e9m disso, elas provocam preju\u00edzos \u00e0 natureza, \u00e0 sa\u00fade e \u00e0s redes el\u00e9tricas.","og_url":"https:\/\/marcelolopes.jor.br\/site\/2020\/07\/09\/queimadas-deixaram-50-mil-clientes-da-energisa-sem-luz-eletrica\/","og_site_name":"Marcelo Lopes","article_publisher":"https:\/\/www.facebook.com\/sitedomarcelolopes","article_published_time":"2020-07-09T19:00:47+00:00","article_modified_time":"2023-08-21T19:16:40+00:00","og_image":[{"width":1280,"height":720,"url":"https:\/\/marcelolopes.jor.br\/site\/wp-content\/uploads\/2020\/07\/13092019142117-92e450d530def66.jpg","type":"image\/jpeg"}],"author":"Marcelo Lopes","twitter_card":"summary_large_image","twitter_misc":{"Escrito por":"Marcelo Lopes","Est. tempo de leitura":"2 minutos"},"schema":{"@context":"https:\/\/schema.org","@graph":[{"@type":"NewsArticle","@id":"https:\/\/marcelolopes.jor.br\/site\/2020\/07\/09\/queimadas-deixaram-50-mil-clientes-da-energisa-sem-luz-eletrica\/#article","isPartOf":{"@id":"https:\/\/marcelolopes.jor.br\/site\/2020\/07\/09\/queimadas-deixaram-50-mil-clientes-da-energisa-sem-luz-eletrica\/"},"author":{"name":"Marcelo Lopes","@id":"https:\/\/marcelolopes.jor.br\/site\/#\/schema\/person\/3e7216a35c34d8fdf952b31da3d1f89f"},"headline":"Queimadas deixaram 50 mil clientes da Energisa sem luz el\u00e9trica","datePublished":"2020-07-09T19:00:47+00:00","dateModified":"2023-08-21T19:16:40+00:00","mainEntityOfPage":{"@id":"https:\/\/marcelolopes.jor.br\/site\/2020\/07\/09\/queimadas-deixaram-50-mil-clientes-da-energisa-sem-luz-eletrica\/"},"wordCount":340,"commentCount":0,"publisher":{"@id":"https:\/\/marcelolopes.jor.br\/site\/#organization"},"image":{"@id":"https:\/\/marcelolopes.jor.br\/site\/2020\/07\/09\/queimadas-deixaram-50-mil-clientes-da-energisa-sem-luz-eletrica\/#primaryimage"},"thumbnailUrl":"https:\/\/marcelolopes.jor.br\/site\/wp-content\/uploads\/2020\/07\/13092019142117-92e450d530def66.jpg","keywords":["Energisa Minas Gerais","preju\u00edzo","queimada","rede el\u00e9trica"],"articleSection":["Not\u00edcias"],"inLanguage":"pt-BR","potentialAction":[{"@type":"CommentAction","name":"Comment","target":["https:\/\/marcelolopes.jor.br\/site\/2020\/07\/09\/queimadas-deixaram-50-mil-clientes-da-energisa-sem-luz-eletrica\/#respond"]}]},{"@type":"WebPage","@id":"https:\/\/marcelolopes.jor.br\/site\/2020\/07\/09\/queimadas-deixaram-50-mil-clientes-da-energisa-sem-luz-eletrica\/","url":"https:\/\/marcelolopes.jor.br\/site\/2020\/07\/09\/queimadas-deixaram-50-mil-clientes-da-energisa-sem-luz-eletrica\/","name":"Queimadas deixaram 50 mil clientes da Energisa sem luz el\u00e9trica | Marcelo Lopes","isPartOf":{"@id":"https:\/\/marcelolopes.jor.br\/site\/#website"},"primaryImageOfPage":{"@id":"https:\/\/marcelolopes.jor.br\/site\/2020\/07\/09\/queimadas-deixaram-50-mil-clientes-da-energisa-sem-luz-eletrica\/#primaryimage"},"image":{"@id":"https:\/\/marcelolopes.jor.br\/site\/2020\/07\/09\/queimadas-deixaram-50-mil-clientes-da-energisa-sem-luz-eletrica\/#primaryimage"},"thumbnailUrl":"https:\/\/marcelolopes.jor.br\/site\/wp-content\/uploads\/2020\/07\/13092019142117-92e450d530def66.jpg","datePublished":"2020-07-09T19:00:47+00:00","dateModified":"2023-08-21T19:16:40+00:00","description":"Queimadas deixaram 50 mil clientes da Energisa sem luz el\u00e9trica. Al\u00e9m disso, elas provocam preju\u00edzos \u00e0 natureza, \u00e0 sa\u00fade e \u00e0s redes el\u00e9tricas.","breadcrumb":{"@id":"https:\/\/marcelolopes.jor.br\/site\/2020\/07\/09\/queimadas-deixaram-50-mil-clientes-da-energisa-sem-luz-eletrica\/#breadcrumb"},"inLanguage":"pt-BR","potentialAction":[{"@type":"ReadAction","target":["https:\/\/marcelolopes.jor.br\/site\/2020\/07\/09\/queimadas-deixaram-50-mil-clientes-da-energisa-sem-luz-eletrica\/"]}]},{"@type":"ImageObject","inLanguage":"pt-BR","@id":"https:\/\/marcelolopes.jor.br\/site\/2020\/07\/09\/queimadas-deixaram-50-mil-clientes-da-energisa-sem-luz-eletrica\/#primaryimage","url":"https:\/\/marcelolopes.jor.br\/site\/wp-content\/uploads\/2020\/07\/13092019142117-92e450d530def66.jpg","contentUrl":"https:\/\/marcelolopes.jor.br\/site\/wp-content\/uploads\/2020\/07\/13092019142117-92e450d530def66.jpg","width":1280,"height":720,"caption":"Queimadas deixaram 50 mil"},{"@type":"BreadcrumbList","@id":"https:\/\/marcelolopes.jor.br\/site\/2020\/07\/09\/queimadas-deixaram-50-mil-clientes-da-energisa-sem-luz-eletrica\/#breadcrumb","itemListElement":[{"@type":"ListItem","position":1,"name":"Home","item":"https:\/\/marcelolopes.jor.br\/site\/"},{"@type":"ListItem","position":2,"name":"Queimadas deixaram 50 mil clientes da Energisa sem luz el\u00e9trica"}]},{"@type":"WebSite","@id":"https:\/\/marcelolopes.jor.br\/site\/#website","url":"https:\/\/marcelolopes.jor.br\/site\/","name":"Marcelo Lopes","description":"Not\u00edcias de Cataguases e Regi\u00e3o","publisher":{"@id":"https:\/\/marcelolopes.jor.br\/site\/#organization"},"potentialAction":[{"@type":"SearchAction","target":{"@type":"EntryPoint","urlTemplate":"https:\/\/marcelolopes.jor.br\/site\/?s={search_term_string}"},"query-input":{"@type":"PropertyValueSpecification","valueRequired":true,"valueName":"search_term_string"}}],"inLanguage":"pt-BR"},{"@type":"Organization","@id":"https:\/\/marcelolopes.jor.br\/site\/#organization","name":"Site do Marcelo Lopes","url":"https:\/\/marcelolopes.jor.br\/site\/","logo":{"@type":"ImageObject","inLanguage":"pt-BR","@id":"https:\/\/marcelolopes.jor.br\/site\/#\/schema\/logo\/image\/","url":"https:\/\/marcelolopes.jor.br\/site\/wp-content\/uploads\/2024\/11\/logo-1.png","contentUrl":"https:\/\/marcelolopes.jor.br\/site\/wp-content\/uploads\/2024\/11\/logo-1.png","width":475,"height":80,"caption":"Site do Marcelo Lopes"},"image":{"@id":"https:\/\/marcelolopes.jor.br\/site\/#\/schema\/logo\/image\/"},"sameAs":["https:\/\/www.facebook.com\/sitedomarcelolopes","https:\/\/www.instagram.com\/sitedomarcelolopes\/","https:\/\/www.linkedin.com\/company\/site-do-marcelo-lopes\/","https:\/\/www.youtube.com\/user\/marcelolopes957"]},{"@type":"Person","@id":"https:\/\/marcelolopes.jor.br\/site\/#\/schema\/person\/3e7216a35c34d8fdf952b31da3d1f89f","name":"Marcelo Lopes","sameAs":["http:\/\/www.marcelolopes.jor.br"],"url":"https:\/\/marcelolopes.jor.br\/site\/author\/marcelo\/"}]}},"wps_subtitle":"Al\u00e9m disso, elas provocam preju\u00edzos \u00e0 natureza, \u00e0 sa\u00fade e \u00e0s redes el\u00e9tricas.","_links":{"self":[{"href":"https:\/\/marcelolopes.jor.br\/site\/wp-json\/wp\/v2\/posts\/15620","targetHints":{"allow":["GET"]}}],"collection":[{"href":"https:\/\/marcelolopes.jor.br\/site\/wp-json\/wp\/v2\/posts"}],"about":[{"href":"https:\/\/marcelolopes.jor.br\/site\/wp-json\/wp\/v2\/types\/post"}],"author":[{"embeddable":true,"href":"https:\/\/marcelolopes.jor.br\/site\/wp-json\/wp\/v2\/users\/2"}],"replies":[{"embeddable":true,"href":"https:\/\/marcelolopes.jor.br\/site\/wp-json\/wp\/v2\/comments?post=15620"}],"version-history":[{"count":0,"href":"https:\/\/marcelolopes.jor.br\/site\/wp-json\/wp\/v2\/posts\/15620\/revisions"}],"wp:featuredmedia":[{"embeddable":true,"href":"https:\/\/marcelolopes.jor.br\/site\/wp-json\/wp\/v2\/media\/15622"}],"wp:attachment":[{"href":"https:\/\/marcelolopes.jor.br\/site\/wp-json\/wp\/v2\/media?parent=15620"}],"wp:term":[{"taxonomy":"category","embeddable":true,"href":"https:\/\/marcelolopes.jor.br\/site\/wp-json\/wp\/v2\/categories?post=15620"},{"taxonomy":"post_tag","embeddable":true,"href":"https:\/\/marcelolopes.jor.br\/site\/wp-json\/wp\/v2\/tags?post=15620"}],"curies":[{"name":"wp","href":"https:\/\/api.w.org\/{rel}","templated":true}]}}