{"id":15533,"date":"2020-07-05T12:00:33","date_gmt":"2020-07-05T15:00:33","guid":{"rendered":"https:\/\/marcelolopes.jor.br\/?p=15533"},"modified":"2020-07-05T11:06:55","modified_gmt":"2020-07-05T14:06:55","slug":"vicosa-tem-72-casos-confirmados-e-segue-sem-mortes-por-coronavirus","status":"publish","type":"post","link":"https:\/\/marcelolopes.jor.br\/site\/2020\/07\/05\/vicosa-tem-72-casos-confirmados-e-segue-sem-mortes-por-coronavirus\/","title":{"rendered":"Vi\u00e7osa tem 72 casos confirmados e segue sem mortes por coronav\u00edrus"},"content":{"rendered":"<p style=\"text-align: justify;\">O enfrentamento ao coronav\u00edrus em Vi\u00e7osa \u00e9 um verdadeiro exemplo para os munic\u00edpios da regi\u00e3o. At\u00e9 o momento, ainda n\u00e3o foram registradas mortes pela doen\u00e7a na cidade e um \u00f3bito que era suspeito foi descartado atrav\u00e9s de exames. Segundo o IBGE, o munic\u00edpio tem uma popula\u00e7\u00e3o estimada em 78.846 pessoas.<!--more--><\/p>\n<p style=\"text-align: justify;\">O boletim desse s\u00e1bado, 04 de julho, mostra que j\u00e1 foram registrados um total de 72 casos confirmados em Vi\u00e7osa. Deste total, 52 pacientes j\u00e1 receberam alta, 17 est\u00e3o em isolamento domiciliar e tr\u00eas internados em leitos cl\u00ednicos. 89 casos seguem sendo investigados, quase todos est\u00e3o em isolamento domiciliar e apenas um internado em leito cl\u00ednico.<\/p>\n<p style=\"text-align: justify;\">Dos 17 leitos de UTI nos hospitais de Vi\u00e7osa, nenhum deles est\u00e1 em uso. J\u00e1 quanto aos leitos cl\u00ednicos, dos 50 dispon\u00edveis, quatro est\u00e3o ocupados.<\/p>\n<p style=\"text-align: justify;\">Aquele munic\u00edpio conta com barreiras sanit\u00e1rias, que no \u00faltimo m\u00eas entraram em nova fase, com rastreamento cl\u00ednico obrigat\u00f3rio para quem cruzar o sistema de controle e exig\u00eancia de pedido de autoriza\u00e7\u00e3o para moradores de cidades vizinhas ingressarem no munic\u00edpio.<\/p>\n<p style=\"text-align: justify;\">S\u00e3o 24 estruturas distribu\u00eddas por Vi\u00e7osa, sendo 19 com impedimento total de passagem e cinco presenciais. Mais de 100 profissionais se revezam 24 horas no controle de acesso e higieniza\u00e7\u00e3o dos ve\u00edculos.<\/p>\n<p style=\"text-align: justify;\">Fonte: Guia Muria\u00e9 | Foto: Prefeitura de Vi\u00e7osa-Divulga\u00e7\u00e3o<\/p>\n<div class=\"fjxtl69f75bd4e7636\" ><br><\/div><style type=\"text\/css\">\r\n@media screen and (min-width: 1201px) {\r\n.fjxtl69f75bd4e7636 {\r\ndisplay: block;\r\n}\r\n}\r\n@media screen and (min-width: 993px) and (max-width: 1200px) {\r\n.fjxtl69f75bd4e7636 {\r\ndisplay: block;\r\n}\r\n}\r\n@media screen and (min-width: 769px) and (max-width: 992px) {\r\n.fjxtl69f75bd4e7636 {\r\ndisplay: block;\r\n}\r\n}\r\n@media screen and (min-width: 768px) and (max-width: 768px) {\r\n.fjxtl69f75bd4e7636 {\r\ndisplay: block;\r\n}\r\n}\r\n@media screen and (max-width: 767px) {\r\n.fjxtl69f75bd4e7636 {\r\ndisplay: block;\r\n}\r\n}\r\n<\/style>\r\n<div class=\"bkcvk69f75bd4ed5a0\" ><div id=\"div_destino\"><\/div>\r\n<script src=\"https:\/\/cdn.snsrsv.com\/sdk.js\"><\/script>\r\n<script >\r\n      new sdk(\"464030C30061EA8BE065000000000001\") \r\n          .appendTo(\"div_destino\")\r\n          .disableStyle(true) \r\n          .setCacheBusterMacro(\"%%CACHEBUSTER%%\")\r\n          .setSize(\"800\",\"214\")\r\n          .setClickMacro(\"%%CLICK_URL_ESC%%\") \r\n          .setReferrerUrlMacro(\"%%REFERRER_URL_ESC%%\") \r\n          .start(); \r\n<\/script><\/div><style type=\"text\/css\">\r\n@media screen and (min-width: 1201px) {\r\n.bkcvk69f75bd4ed5a0 {\r\ndisplay: block;\r\n}\r\n}\r\n@media screen and (min-width: 993px) and (max-width: 1200px) {\r\n.bkcvk69f75bd4ed5a0 {\r\ndisplay: block;\r\n}\r\n}\r\n@media screen and (min-width: 769px) and (max-width: 992px) {\r\n.bkcvk69f75bd4ed5a0 {\r\ndisplay: block;\r\n}\r\n}\r\n@media screen and (min-width: 768px) and (max-width: 768px) {\r\n.bkcvk69f75bd4ed5a0 {\r\ndisplay: block;\r\n}\r\n}\r\n@media screen and (max-width: 767px) {\r\n.bkcvk69f75bd4ed5a0 {\r\ndisplay: block;\r\n}\r\n}\r\n<\/style>\r\n","protected":false},"excerpt":{"rendered":"<p>O enfrentamento ao coronav\u00edrus em Vi\u00e7osa \u00e9 um verdadeiro exemplo para os munic\u00edpios da regi\u00e3o. At\u00e9 o momento, ainda n\u00e3o foram registradas mortes pela doen\u00e7a na cidade e um \u00f3bito que era suspeito foi descartado atrav\u00e9s de exames. Segundo o<\/p>\n<p class=\"link-more\"><a class=\"more-link\" href=\"https:\/\/marcelolopes.jor.br\/site\/2020\/07\/05\/vicosa-tem-72-casos-confirmados-e-segue-sem-mortes-por-coronavirus\/\">Leia mais <span class=\"screen-reader-text\">Vi\u00e7osa tem 72 casos confirmados e segue sem mortes por coronav\u00edrus<\/span><\/a><\/p>\n","protected":false},"author":2,"featured_media":15535,"comment_status":"open","ping_status":"open","sticky":false,"template":"","format":"standard","meta":{"footnotes":""},"categories":[1],"tags":[2555,2422,2463,1217],"class_list":["post-15533","post","type-post","status-publish","format-standard","has-post-thumbnail","hentry","category-noticias","tag-casos-de-covid-19","tag-leitos-de-uti","tag-pacientes","tag-prefeitura-de-vicosa","thumb-below-title"],"yoast_head":"<!-- This site is optimized with the Yoast SEO plugin v27.4 - https:\/\/yoast.com\/product\/yoast-seo-wordpress\/ -->\n<title>Vi\u00e7osa tem 72 casos confirmados e segue sem mortes por coronav\u00edrus | Marcelo Lopes<\/title>\n<meta name=\"robots\" content=\"index, follow, max-snippet:-1, max-image-preview:large, max-video-preview:-1\" \/>\n<link rel=\"canonical\" href=\"https:\/\/marcelolopes.jor.br\/site\/2020\/07\/05\/vicosa-tem-72-casos-confirmados-e-segue-sem-mortes-por-coronavirus\/\" \/>\n<meta property=\"og:locale\" content=\"pt_BR\" \/>\n<meta property=\"og:type\" content=\"article\" \/>\n<meta property=\"og:title\" content=\"Vi\u00e7osa tem 72 casos confirmados e segue sem mortes por coronav\u00edrus | Marcelo Lopes\" \/>\n<meta property=\"og:description\" content=\"O enfrentamento ao coronav\u00edrus em Vi\u00e7osa \u00e9 um verdadeiro exemplo para os munic\u00edpios da regi\u00e3o. At\u00e9 o momento, ainda n\u00e3o foram registradas mortes pela doen\u00e7a na cidade e um \u00f3bito que era suspeito foi descartado atrav\u00e9s de exames. Segundo oLeia mais Vi\u00e7osa tem 72 casos confirmados e segue sem mortes por coronav\u00edrus\" \/>\n<meta property=\"og:url\" content=\"https:\/\/marcelolopes.jor.br\/site\/2020\/07\/05\/vicosa-tem-72-casos-confirmados-e-segue-sem-mortes-por-coronavirus\/\" \/>\n<meta property=\"og:site_name\" content=\"Marcelo Lopes\" \/>\n<meta property=\"article:publisher\" content=\"https:\/\/www.facebook.com\/sitedomarcelolopes\" \/>\n<meta property=\"article:published_time\" content=\"2020-07-05T15:00:33+00:00\" \/>\n<meta property=\"og:image\" content=\"https:\/\/marcelolopes.jor.br\/site\/wp-content\/uploads\/2020\/07\/9c4adbd002ae4bd88dc0d7804b17476a.jpg\" \/>\n\t<meta property=\"og:image:width\" content=\"900\" \/>\n\t<meta property=\"og:image:height\" content=\"500\" \/>\n\t<meta property=\"og:image:type\" content=\"image\/jpeg\" \/>\n<meta name=\"author\" content=\"Marcelo Lopes\" \/>\n<meta name=\"twitter:card\" content=\"summary_large_image\" \/>\n<meta name=\"twitter:label1\" content=\"Escrito por\" \/>\n\t<meta name=\"twitter:data1\" content=\"Marcelo Lopes\" \/>\n\t<meta name=\"twitter:label2\" content=\"Est. tempo de leitura\" \/>\n\t<meta name=\"twitter:data2\" content=\"1 minuto\" \/>\n<script type=\"application\/ld+json\" class=\"yoast-schema-graph\">{\"@context\":\"https:\\\/\\\/schema.org\",\"@graph\":[{\"@type\":\"NewsArticle\",\"@id\":\"https:\\\/\\\/marcelolopes.jor.br\\\/site\\\/2020\\\/07\\\/05\\\/vicosa-tem-72-casos-confirmados-e-segue-sem-mortes-por-coronavirus\\\/#article\",\"isPartOf\":{\"@id\":\"https:\\\/\\\/marcelolopes.jor.br\\\/site\\\/2020\\\/07\\\/05\\\/vicosa-tem-72-casos-confirmados-e-segue-sem-mortes-por-coronavirus\\\/\"},\"author\":{\"name\":\"Marcelo Lopes\",\"@id\":\"https:\\\/\\\/marcelolopes.jor.br\\\/site\\\/#\\\/schema\\\/person\\\/3e7216a35c34d8fdf952b31da3d1f89f\"},\"headline\":\"Vi\u00e7osa tem 72 casos confirmados e segue sem mortes por coronav\u00edrus\",\"datePublished\":\"2020-07-05T15:00:33+00:00\",\"mainEntityOfPage\":{\"@id\":\"https:\\\/\\\/marcelolopes.jor.br\\\/site\\\/2020\\\/07\\\/05\\\/vicosa-tem-72-casos-confirmados-e-segue-sem-mortes-por-coronavirus\\\/\"},\"wordCount\":243,\"commentCount\":0,\"publisher\":{\"@id\":\"https:\\\/\\\/marcelolopes.jor.br\\\/site\\\/#organization\"},\"image\":{\"@id\":\"https:\\\/\\\/marcelolopes.jor.br\\\/site\\\/2020\\\/07\\\/05\\\/vicosa-tem-72-casos-confirmados-e-segue-sem-mortes-por-coronavirus\\\/#primaryimage\"},\"thumbnailUrl\":\"https:\\\/\\\/marcelolopes.jor.br\\\/site\\\/wp-content\\\/uploads\\\/2020\\\/07\\\/9c4adbd002ae4bd88dc0d7804b17476a.jpg\",\"keywords\":[\"casos de covid-19\",\"leitos de UTI\",\"pacientes\",\"prefeitura de Vi\u00e7osa\"],\"articleSection\":[\"Not\u00edcias\"],\"inLanguage\":\"pt-BR\",\"potentialAction\":[{\"@type\":\"CommentAction\",\"name\":\"Comment\",\"target\":[\"https:\\\/\\\/marcelolopes.jor.br\\\/site\\\/2020\\\/07\\\/05\\\/vicosa-tem-72-casos-confirmados-e-segue-sem-mortes-por-coronavirus\\\/#respond\"]}]},{\"@type\":\"WebPage\",\"@id\":\"https:\\\/\\\/marcelolopes.jor.br\\\/site\\\/2020\\\/07\\\/05\\\/vicosa-tem-72-casos-confirmados-e-segue-sem-mortes-por-coronavirus\\\/\",\"url\":\"https:\\\/\\\/marcelolopes.jor.br\\\/site\\\/2020\\\/07\\\/05\\\/vicosa-tem-72-casos-confirmados-e-segue-sem-mortes-por-coronavirus\\\/\",\"name\":\"Vi\u00e7osa tem 72 casos confirmados e segue sem mortes por coronav\u00edrus | Marcelo Lopes\",\"isPartOf\":{\"@id\":\"https:\\\/\\\/marcelolopes.jor.br\\\/site\\\/#website\"},\"primaryImageOfPage\":{\"@id\":\"https:\\\/\\\/marcelolopes.jor.br\\\/site\\\/2020\\\/07\\\/05\\\/vicosa-tem-72-casos-confirmados-e-segue-sem-mortes-por-coronavirus\\\/#primaryimage\"},\"image\":{\"@id\":\"https:\\\/\\\/marcelolopes.jor.br\\\/site\\\/2020\\\/07\\\/05\\\/vicosa-tem-72-casos-confirmados-e-segue-sem-mortes-por-coronavirus\\\/#primaryimage\"},\"thumbnailUrl\":\"https:\\\/\\\/marcelolopes.jor.br\\\/site\\\/wp-content\\\/uploads\\\/2020\\\/07\\\/9c4adbd002ae4bd88dc0d7804b17476a.jpg\",\"datePublished\":\"2020-07-05T15:00:33+00:00\",\"breadcrumb\":{\"@id\":\"https:\\\/\\\/marcelolopes.jor.br\\\/site\\\/2020\\\/07\\\/05\\\/vicosa-tem-72-casos-confirmados-e-segue-sem-mortes-por-coronavirus\\\/#breadcrumb\"},\"inLanguage\":\"pt-BR\",\"potentialAction\":[{\"@type\":\"ReadAction\",\"target\":[\"https:\\\/\\\/marcelolopes.jor.br\\\/site\\\/2020\\\/07\\\/05\\\/vicosa-tem-72-casos-confirmados-e-segue-sem-mortes-por-coronavirus\\\/\"]}]},{\"@type\":\"ImageObject\",\"inLanguage\":\"pt-BR\",\"@id\":\"https:\\\/\\\/marcelolopes.jor.br\\\/site\\\/2020\\\/07\\\/05\\\/vicosa-tem-72-casos-confirmados-e-segue-sem-mortes-por-coronavirus\\\/#primaryimage\",\"url\":\"https:\\\/\\\/marcelolopes.jor.br\\\/site\\\/wp-content\\\/uploads\\\/2020\\\/07\\\/9c4adbd002ae4bd88dc0d7804b17476a.jpg\",\"contentUrl\":\"https:\\\/\\\/marcelolopes.jor.br\\\/site\\\/wp-content\\\/uploads\\\/2020\\\/07\\\/9c4adbd002ae4bd88dc0d7804b17476a.jpg\",\"width\":900,\"height\":500},{\"@type\":\"BreadcrumbList\",\"@id\":\"https:\\\/\\\/marcelolopes.jor.br\\\/site\\\/2020\\\/07\\\/05\\\/vicosa-tem-72-casos-confirmados-e-segue-sem-mortes-por-coronavirus\\\/#breadcrumb\",\"itemListElement\":[{\"@type\":\"ListItem\",\"position\":1,\"name\":\"Home\",\"item\":\"https:\\\/\\\/marcelolopes.jor.br\\\/site\\\/\"},{\"@type\":\"ListItem\",\"position\":2,\"name\":\"Vi\u00e7osa tem 72 casos confirmados e segue sem mortes por coronav\u00edrus\"}]},{\"@type\":\"WebSite\",\"@id\":\"https:\\\/\\\/marcelolopes.jor.br\\\/site\\\/#website\",\"url\":\"https:\\\/\\\/marcelolopes.jor.br\\\/site\\\/\",\"name\":\"Marcelo Lopes\",\"description\":\"Not\u00edcias de Cataguases e Regi\u00e3o\",\"publisher\":{\"@id\":\"https:\\\/\\\/marcelolopes.jor.br\\\/site\\\/#organization\"},\"potentialAction\":[{\"@type\":\"SearchAction\",\"target\":{\"@type\":\"EntryPoint\",\"urlTemplate\":\"https:\\\/\\\/marcelolopes.jor.br\\\/site\\\/?s={search_term_string}\"},\"query-input\":{\"@type\":\"PropertyValueSpecification\",\"valueRequired\":true,\"valueName\":\"search_term_string\"}}],\"inLanguage\":\"pt-BR\"},{\"@type\":\"Organization\",\"@id\":\"https:\\\/\\\/marcelolopes.jor.br\\\/site\\\/#organization\",\"name\":\"Site do Marcelo Lopes\",\"url\":\"https:\\\/\\\/marcelolopes.jor.br\\\/site\\\/\",\"logo\":{\"@type\":\"ImageObject\",\"inLanguage\":\"pt-BR\",\"@id\":\"https:\\\/\\\/marcelolopes.jor.br\\\/site\\\/#\\\/schema\\\/logo\\\/image\\\/\",\"url\":\"https:\\\/\\\/marcelolopes.jor.br\\\/site\\\/wp-content\\\/uploads\\\/2024\\\/11\\\/logo-1.png\",\"contentUrl\":\"https:\\\/\\\/marcelolopes.jor.br\\\/site\\\/wp-content\\\/uploads\\\/2024\\\/11\\\/logo-1.png\",\"width\":475,\"height\":80,\"caption\":\"Site do Marcelo Lopes\"},\"image\":{\"@id\":\"https:\\\/\\\/marcelolopes.jor.br\\\/site\\\/#\\\/schema\\\/logo\\\/image\\\/\"},\"sameAs\":[\"https:\\\/\\\/www.facebook.com\\\/sitedomarcelolopes\",\"https:\\\/\\\/www.instagram.com\\\/sitedomarcelolopes\\\/\",\"https:\\\/\\\/www.linkedin.com\\\/company\\\/site-do-marcelo-lopes\\\/\",\"https:\\\/\\\/www.youtube.com\\\/user\\\/marcelolopes957\"]},{\"@type\":\"Person\",\"@id\":\"https:\\\/\\\/marcelolopes.jor.br\\\/site\\\/#\\\/schema\\\/person\\\/3e7216a35c34d8fdf952b31da3d1f89f\",\"name\":\"Marcelo Lopes\",\"sameAs\":[\"http:\\\/\\\/www.marcelolopes.jor.br\"],\"url\":\"https:\\\/\\\/marcelolopes.jor.br\\\/site\\\/author\\\/marcelo\\\/\"}]}<\/script>\n<!-- \/ Yoast SEO plugin. -->","yoast_head_json":{"title":"Vi\u00e7osa tem 72 casos confirmados e segue sem mortes por coronav\u00edrus | Marcelo Lopes","robots":{"index":"index","follow":"follow","max-snippet":"max-snippet:-1","max-image-preview":"max-image-preview:large","max-video-preview":"max-video-preview:-1"},"canonical":"https:\/\/marcelolopes.jor.br\/site\/2020\/07\/05\/vicosa-tem-72-casos-confirmados-e-segue-sem-mortes-por-coronavirus\/","og_locale":"pt_BR","og_type":"article","og_title":"Vi\u00e7osa tem 72 casos confirmados e segue sem mortes por coronav\u00edrus | Marcelo Lopes","og_description":"O enfrentamento ao coronav\u00edrus em Vi\u00e7osa \u00e9 um verdadeiro exemplo para os munic\u00edpios da regi\u00e3o. At\u00e9 o momento, ainda n\u00e3o foram registradas mortes pela doen\u00e7a na cidade e um \u00f3bito que era suspeito foi descartado atrav\u00e9s de exames. Segundo oLeia mais Vi\u00e7osa tem 72 casos confirmados e segue sem mortes por coronav\u00edrus","og_url":"https:\/\/marcelolopes.jor.br\/site\/2020\/07\/05\/vicosa-tem-72-casos-confirmados-e-segue-sem-mortes-por-coronavirus\/","og_site_name":"Marcelo Lopes","article_publisher":"https:\/\/www.facebook.com\/sitedomarcelolopes","article_published_time":"2020-07-05T15:00:33+00:00","og_image":[{"width":900,"height":500,"url":"https:\/\/marcelolopes.jor.br\/site\/wp-content\/uploads\/2020\/07\/9c4adbd002ae4bd88dc0d7804b17476a.jpg","type":"image\/jpeg"}],"author":"Marcelo Lopes","twitter_card":"summary_large_image","twitter_misc":{"Escrito por":"Marcelo Lopes","Est. tempo de leitura":"1 minuto"},"schema":{"@context":"https:\/\/schema.org","@graph":[{"@type":"NewsArticle","@id":"https:\/\/marcelolopes.jor.br\/site\/2020\/07\/05\/vicosa-tem-72-casos-confirmados-e-segue-sem-mortes-por-coronavirus\/#article","isPartOf":{"@id":"https:\/\/marcelolopes.jor.br\/site\/2020\/07\/05\/vicosa-tem-72-casos-confirmados-e-segue-sem-mortes-por-coronavirus\/"},"author":{"name":"Marcelo Lopes","@id":"https:\/\/marcelolopes.jor.br\/site\/#\/schema\/person\/3e7216a35c34d8fdf952b31da3d1f89f"},"headline":"Vi\u00e7osa tem 72 casos confirmados e segue sem mortes por coronav\u00edrus","datePublished":"2020-07-05T15:00:33+00:00","mainEntityOfPage":{"@id":"https:\/\/marcelolopes.jor.br\/site\/2020\/07\/05\/vicosa-tem-72-casos-confirmados-e-segue-sem-mortes-por-coronavirus\/"},"wordCount":243,"commentCount":0,"publisher":{"@id":"https:\/\/marcelolopes.jor.br\/site\/#organization"},"image":{"@id":"https:\/\/marcelolopes.jor.br\/site\/2020\/07\/05\/vicosa-tem-72-casos-confirmados-e-segue-sem-mortes-por-coronavirus\/#primaryimage"},"thumbnailUrl":"https:\/\/marcelolopes.jor.br\/site\/wp-content\/uploads\/2020\/07\/9c4adbd002ae4bd88dc0d7804b17476a.jpg","keywords":["casos de covid-19","leitos de UTI","pacientes","prefeitura de Vi\u00e7osa"],"articleSection":["Not\u00edcias"],"inLanguage":"pt-BR","potentialAction":[{"@type":"CommentAction","name":"Comment","target":["https:\/\/marcelolopes.jor.br\/site\/2020\/07\/05\/vicosa-tem-72-casos-confirmados-e-segue-sem-mortes-por-coronavirus\/#respond"]}]},{"@type":"WebPage","@id":"https:\/\/marcelolopes.jor.br\/site\/2020\/07\/05\/vicosa-tem-72-casos-confirmados-e-segue-sem-mortes-por-coronavirus\/","url":"https:\/\/marcelolopes.jor.br\/site\/2020\/07\/05\/vicosa-tem-72-casos-confirmados-e-segue-sem-mortes-por-coronavirus\/","name":"Vi\u00e7osa tem 72 casos confirmados e segue sem mortes por coronav\u00edrus | Marcelo Lopes","isPartOf":{"@id":"https:\/\/marcelolopes.jor.br\/site\/#website"},"primaryImageOfPage":{"@id":"https:\/\/marcelolopes.jor.br\/site\/2020\/07\/05\/vicosa-tem-72-casos-confirmados-e-segue-sem-mortes-por-coronavirus\/#primaryimage"},"image":{"@id":"https:\/\/marcelolopes.jor.br\/site\/2020\/07\/05\/vicosa-tem-72-casos-confirmados-e-segue-sem-mortes-por-coronavirus\/#primaryimage"},"thumbnailUrl":"https:\/\/marcelolopes.jor.br\/site\/wp-content\/uploads\/2020\/07\/9c4adbd002ae4bd88dc0d7804b17476a.jpg","datePublished":"2020-07-05T15:00:33+00:00","breadcrumb":{"@id":"https:\/\/marcelolopes.jor.br\/site\/2020\/07\/05\/vicosa-tem-72-casos-confirmados-e-segue-sem-mortes-por-coronavirus\/#breadcrumb"},"inLanguage":"pt-BR","potentialAction":[{"@type":"ReadAction","target":["https:\/\/marcelolopes.jor.br\/site\/2020\/07\/05\/vicosa-tem-72-casos-confirmados-e-segue-sem-mortes-por-coronavirus\/"]}]},{"@type":"ImageObject","inLanguage":"pt-BR","@id":"https:\/\/marcelolopes.jor.br\/site\/2020\/07\/05\/vicosa-tem-72-casos-confirmados-e-segue-sem-mortes-por-coronavirus\/#primaryimage","url":"https:\/\/marcelolopes.jor.br\/site\/wp-content\/uploads\/2020\/07\/9c4adbd002ae4bd88dc0d7804b17476a.jpg","contentUrl":"https:\/\/marcelolopes.jor.br\/site\/wp-content\/uploads\/2020\/07\/9c4adbd002ae4bd88dc0d7804b17476a.jpg","width":900,"height":500},{"@type":"BreadcrumbList","@id":"https:\/\/marcelolopes.jor.br\/site\/2020\/07\/05\/vicosa-tem-72-casos-confirmados-e-segue-sem-mortes-por-coronavirus\/#breadcrumb","itemListElement":[{"@type":"ListItem","position":1,"name":"Home","item":"https:\/\/marcelolopes.jor.br\/site\/"},{"@type":"ListItem","position":2,"name":"Vi\u00e7osa tem 72 casos confirmados e segue sem mortes por coronav\u00edrus"}]},{"@type":"WebSite","@id":"https:\/\/marcelolopes.jor.br\/site\/#website","url":"https:\/\/marcelolopes.jor.br\/site\/","name":"Marcelo Lopes","description":"Not\u00edcias de Cataguases e Regi\u00e3o","publisher":{"@id":"https:\/\/marcelolopes.jor.br\/site\/#organization"},"potentialAction":[{"@type":"SearchAction","target":{"@type":"EntryPoint","urlTemplate":"https:\/\/marcelolopes.jor.br\/site\/?s={search_term_string}"},"query-input":{"@type":"PropertyValueSpecification","valueRequired":true,"valueName":"search_term_string"}}],"inLanguage":"pt-BR"},{"@type":"Organization","@id":"https:\/\/marcelolopes.jor.br\/site\/#organization","name":"Site do Marcelo Lopes","url":"https:\/\/marcelolopes.jor.br\/site\/","logo":{"@type":"ImageObject","inLanguage":"pt-BR","@id":"https:\/\/marcelolopes.jor.br\/site\/#\/schema\/logo\/image\/","url":"https:\/\/marcelolopes.jor.br\/site\/wp-content\/uploads\/2024\/11\/logo-1.png","contentUrl":"https:\/\/marcelolopes.jor.br\/site\/wp-content\/uploads\/2024\/11\/logo-1.png","width":475,"height":80,"caption":"Site do Marcelo Lopes"},"image":{"@id":"https:\/\/marcelolopes.jor.br\/site\/#\/schema\/logo\/image\/"},"sameAs":["https:\/\/www.facebook.com\/sitedomarcelolopes","https:\/\/www.instagram.com\/sitedomarcelolopes\/","https:\/\/www.linkedin.com\/company\/site-do-marcelo-lopes\/","https:\/\/www.youtube.com\/user\/marcelolopes957"]},{"@type":"Person","@id":"https:\/\/marcelolopes.jor.br\/site\/#\/schema\/person\/3e7216a35c34d8fdf952b31da3d1f89f","name":"Marcelo Lopes","sameAs":["http:\/\/www.marcelolopes.jor.br"],"url":"https:\/\/marcelolopes.jor.br\/site\/author\/marcelo\/"}]}},"wps_subtitle":"Dos 17 leitos de UTI nos hospitais de Vi\u00e7osa, nenhum deles est\u00e1 em uso.","_links":{"self":[{"href":"https:\/\/marcelolopes.jor.br\/site\/wp-json\/wp\/v2\/posts\/15533","targetHints":{"allow":["GET"]}}],"collection":[{"href":"https:\/\/marcelolopes.jor.br\/site\/wp-json\/wp\/v2\/posts"}],"about":[{"href":"https:\/\/marcelolopes.jor.br\/site\/wp-json\/wp\/v2\/types\/post"}],"author":[{"embeddable":true,"href":"https:\/\/marcelolopes.jor.br\/site\/wp-json\/wp\/v2\/users\/2"}],"replies":[{"embeddable":true,"href":"https:\/\/marcelolopes.jor.br\/site\/wp-json\/wp\/v2\/comments?post=15533"}],"version-history":[{"count":0,"href":"https:\/\/marcelolopes.jor.br\/site\/wp-json\/wp\/v2\/posts\/15533\/revisions"}],"wp:featuredmedia":[{"embeddable":true,"href":"https:\/\/marcelolopes.jor.br\/site\/wp-json\/wp\/v2\/media\/15535"}],"wp:attachment":[{"href":"https:\/\/marcelolopes.jor.br\/site\/wp-json\/wp\/v2\/media?parent=15533"}],"wp:term":[{"taxonomy":"category","embeddable":true,"href":"https:\/\/marcelolopes.jor.br\/site\/wp-json\/wp\/v2\/categories?post=15533"},{"taxonomy":"post_tag","embeddable":true,"href":"https:\/\/marcelolopes.jor.br\/site\/wp-json\/wp\/v2\/tags?post=15533"}],"curies":[{"name":"wp","href":"https:\/\/api.w.org\/{rel}","templated":true}]}}