{"id":15460,"date":"2020-07-02T16:00:28","date_gmt":"2020-07-02T19:00:28","guid":{"rendered":"https:\/\/marcelolopes.jor.br\/?p=15460"},"modified":"2020-07-02T14:35:00","modified_gmt":"2020-07-02T17:35:00","slug":"certificado-digital-do-veiculo-esta-disponivel-em-todo-o-pais","status":"publish","type":"post","link":"https:\/\/marcelolopes.jor.br\/site\/2020\/07\/02\/certificado-digital-do-veiculo-esta-disponivel-em-todo-o-pais\/","title":{"rendered":"Certificado digital do ve\u00edculo est\u00e1 dispon\u00edvel em todo o pa\u00eds"},"content":{"rendered":"<p style=\"text-align: justify;\">A vers\u00e3o digital do Certificado de Registro e Licenciamento de Ve\u00edculo (CRLV) j\u00e1 est\u00e1 dispon\u00edvel em todo o pa\u00eds, com a ades\u00e3o do estado do Par\u00e1. Para ter acesso ao documento \u00e9 preciso abrir o aplicativo da Carteira Digital de Tr\u00e2nsito (CDT). No local, tamb\u00e9m \u00e9 poss\u00edvel o acesso \u00e0 Carteira Nacional de Habilita\u00e7\u00e3o (CNH).<!--more--><\/p>\n<p style=\"text-align: justify;\">\u201cEssa \u00e9 uma revolu\u00e7\u00e3o de d\u00e9cadas, uma verdadeira transforma\u00e7\u00e3o digital proposta pelo governo federal, que vai trazer muita facilidade ao cidad\u00e3o brasileiro, permitindo que ele possa ter, na palma da m\u00e3o, os documentos eletr\u00f4nicos com o mesmo valor jur\u00eddico dos f\u00edsicos. \u00c9 uma medida que desburocratiza processos e reduz custos com muita agilidade e praticidade\u201d, disse em nota o ministro da Infraestrutura, Tarc\u00edsio de Freitas.<\/p>\n<p style=\"text-align: justify;\">Segundo o \u00faltimo balan\u00e7o divulgado, existem 4.083 certificados digitais de ve\u00edculo no Brasil, que come\u00e7aram a ser emitidos no fim de 2018. A vers\u00e3o eletr\u00f4nica do CRLV traz, al\u00e9m das informa\u00e7\u00f5es do documento impresso, dados como a atualiza\u00e7\u00e3o sobre uma pend\u00eancia de recall. Ela pode ser acessada mesmo que o propriet\u00e1rio esteja sem internet, j\u00e1 que o aplicativo gera um arquivo PDF com assinatura digital, que garante a autenticidade do documento. A emiss\u00e3o \u00e9 inteiramente online e n\u00e3o \u00e9 necess\u00e1rio comparecer ao Departamento de Tr\u00e2nsito (Detran) para obter o documento.<\/p>\n<p style=\"text-align: justify;\">Segundo o Minist\u00e9rio da Infraestrutura, quem quiser ter o documento f\u00edsico pode utilizar qualquer impressora, pois o papel tem a autenticidade da impress\u00e3o garantida por um QR Code, que pode ser apresentado e consultado pelos agentes de tr\u00e2nsito em eventual fiscaliza\u00e7\u00e3o.<\/p>\n<p style=\"text-align: justify;\"><strong>CNH<\/strong><br \/>\nA Carteira Nacional de Habilita\u00e7\u00e3o foi disponibilizada antes na Carteira Digital de Tr\u00e2nsito e hoje s\u00e3o 6,86 milh\u00f5es de CNH eletr\u00f4nicas. Para a libera\u00e7\u00e3o da vers\u00e3o digital da CNH, \u00e9 necess\u00e1rio que o documento tenha sido emitido a partir de 1\u00ba de maio de 2017 porque o usu\u00e1rio, al\u00e9m de ter que preencher o cadastro, deve escanear o QR Code localizado no verso da CNH de papel.<\/p>\n<p style=\"text-align: justify;\">Fonte: Ag\u00eancia Brasil | Foto: Marcelo Camargo<\/p>\n<div class=\"iyzfw69f73dd0dc278\" ><br><\/div><style type=\"text\/css\">\r\n@media screen and (min-width: 1201px) {\r\n.iyzfw69f73dd0dc278 {\r\ndisplay: block;\r\n}\r\n}\r\n@media screen and (min-width: 993px) and (max-width: 1200px) {\r\n.iyzfw69f73dd0dc278 {\r\ndisplay: block;\r\n}\r\n}\r\n@media screen and (min-width: 769px) and (max-width: 992px) {\r\n.iyzfw69f73dd0dc278 {\r\ndisplay: block;\r\n}\r\n}\r\n@media screen and (min-width: 768px) and (max-width: 768px) {\r\n.iyzfw69f73dd0dc278 {\r\ndisplay: block;\r\n}\r\n}\r\n@media screen and (max-width: 767px) {\r\n.iyzfw69f73dd0dc278 {\r\ndisplay: block;\r\n}\r\n}\r\n<\/style>\r\n<div class=\"meoon69f73dd0e1456\" ><div id=\"div_destino\"><\/div>\r\n<script src=\"https:\/\/cdn.snsrsv.com\/sdk.js\"><\/script>\r\n<script >\r\n      new sdk(\"464030C30061EA8BE065000000000001\") \r\n          .appendTo(\"div_destino\")\r\n          .disableStyle(true) \r\n          .setCacheBusterMacro(\"%%CACHEBUSTER%%\")\r\n          .setSize(\"800\",\"214\")\r\n          .setClickMacro(\"%%CLICK_URL_ESC%%\") \r\n          .setReferrerUrlMacro(\"%%REFERRER_URL_ESC%%\") \r\n          .start(); \r\n<\/script><\/div><style type=\"text\/css\">\r\n@media screen and (min-width: 1201px) {\r\n.meoon69f73dd0e1456 {\r\ndisplay: block;\r\n}\r\n}\r\n@media screen and (min-width: 993px) and (max-width: 1200px) {\r\n.meoon69f73dd0e1456 {\r\ndisplay: block;\r\n}\r\n}\r\n@media screen and (min-width: 769px) and (max-width: 992px) {\r\n.meoon69f73dd0e1456 {\r\ndisplay: block;\r\n}\r\n}\r\n@media screen and (min-width: 768px) and (max-width: 768px) {\r\n.meoon69f73dd0e1456 {\r\ndisplay: block;\r\n}\r\n}\r\n@media screen and (max-width: 767px) {\r\n.meoon69f73dd0e1456 {\r\ndisplay: block;\r\n}\r\n}\r\n<\/style>\r\n","protected":false},"excerpt":{"rendered":"<p>A vers\u00e3o digital do Certificado de Registro e Licenciamento de Ve\u00edculo (CRLV) j\u00e1 est\u00e1 dispon\u00edvel em todo o pa\u00eds, com a ades\u00e3o do estado do Par\u00e1. Para ter acesso ao documento \u00e9 preciso abrir o aplicativo da Carteira Digital de<\/p>\n<p class=\"link-more\"><a class=\"more-link\" href=\"https:\/\/marcelolopes.jor.br\/site\/2020\/07\/02\/certificado-digital-do-veiculo-esta-disponivel-em-todo-o-pais\/\">Leia mais <span class=\"screen-reader-text\">Certificado digital do ve\u00edculo est\u00e1 dispon\u00edvel em todo o pa\u00eds<\/span><\/a><\/p>\n","protected":false},"author":2,"featured_media":15462,"comment_status":"open","ping_status":"open","sticky":false,"template":"","format":"standard","meta":{"footnotes":""},"categories":[1],"tags":[328,1243,2378,1358],"class_list":["post-15460","post","type-post","status-publish","format-standard","has-post-thumbnail","hentry","category-noticias","tag-carro","tag-carteira-de-habilitacao","tag-crlv","tag-documento-digital","thumb-below-title"],"yoast_head":"<!-- This site is optimized with the Yoast SEO plugin v27.4 - https:\/\/yoast.com\/product\/yoast-seo-wordpress\/ -->\n<title>Certificado digital do ve\u00edculo est\u00e1 dispon\u00edvel em todo o pa\u00eds | Marcelo Lopes<\/title>\n<meta name=\"robots\" content=\"index, follow, max-snippet:-1, max-image-preview:large, max-video-preview:-1\" \/>\n<link rel=\"canonical\" href=\"https:\/\/marcelolopes.jor.br\/site\/2020\/07\/02\/certificado-digital-do-veiculo-esta-disponivel-em-todo-o-pais\/\" \/>\n<meta property=\"og:locale\" content=\"pt_BR\" \/>\n<meta property=\"og:type\" content=\"article\" \/>\n<meta property=\"og:title\" content=\"Certificado digital do ve\u00edculo est\u00e1 dispon\u00edvel em todo o pa\u00eds | Marcelo Lopes\" \/>\n<meta property=\"og:description\" content=\"A vers\u00e3o digital do Certificado de Registro e Licenciamento de Ve\u00edculo (CRLV) j\u00e1 est\u00e1 dispon\u00edvel em todo o pa\u00eds, com a ades\u00e3o do estado do Par\u00e1. Para ter acesso ao documento \u00e9 preciso abrir o aplicativo da Carteira Digital deLeia mais Certificado digital do ve\u00edculo est\u00e1 dispon\u00edvel em todo o pa\u00eds\" \/>\n<meta property=\"og:url\" content=\"https:\/\/marcelolopes.jor.br\/site\/2020\/07\/02\/certificado-digital-do-veiculo-esta-disponivel-em-todo-o-pais\/\" \/>\n<meta property=\"og:site_name\" content=\"Marcelo Lopes\" \/>\n<meta property=\"article:publisher\" content=\"https:\/\/www.facebook.com\/sitedomarcelolopes\" \/>\n<meta property=\"article:published_time\" content=\"2020-07-02T19:00:28+00:00\" \/>\n<meta property=\"og:image\" content=\"https:\/\/marcelolopes.jor.br\/site\/wp-content\/uploads\/2020\/07\/img_4485df.jpg\" \/>\n\t<meta property=\"og:image:width\" content=\"1170\" \/>\n\t<meta property=\"og:image:height\" content=\"700\" \/>\n\t<meta property=\"og:image:type\" content=\"image\/jpeg\" \/>\n<meta name=\"author\" content=\"Marcelo Lopes\" \/>\n<meta name=\"twitter:card\" content=\"summary_large_image\" \/>\n<meta name=\"twitter:label1\" content=\"Escrito por\" \/>\n\t<meta name=\"twitter:data1\" content=\"Marcelo Lopes\" \/>\n\t<meta name=\"twitter:label2\" content=\"Est. tempo de leitura\" \/>\n\t<meta name=\"twitter:data2\" content=\"2 minutos\" \/>\n<script type=\"application\/ld+json\" class=\"yoast-schema-graph\">{\"@context\":\"https:\\\/\\\/schema.org\",\"@graph\":[{\"@type\":\"NewsArticle\",\"@id\":\"https:\\\/\\\/marcelolopes.jor.br\\\/site\\\/2020\\\/07\\\/02\\\/certificado-digital-do-veiculo-esta-disponivel-em-todo-o-pais\\\/#article\",\"isPartOf\":{\"@id\":\"https:\\\/\\\/marcelolopes.jor.br\\\/site\\\/2020\\\/07\\\/02\\\/certificado-digital-do-veiculo-esta-disponivel-em-todo-o-pais\\\/\"},\"author\":{\"name\":\"Marcelo Lopes\",\"@id\":\"https:\\\/\\\/marcelolopes.jor.br\\\/site\\\/#\\\/schema\\\/person\\\/3e7216a35c34d8fdf952b31da3d1f89f\"},\"headline\":\"Certificado digital do ve\u00edculo est\u00e1 dispon\u00edvel em todo o pa\u00eds\",\"datePublished\":\"2020-07-02T19:00:28+00:00\",\"mainEntityOfPage\":{\"@id\":\"https:\\\/\\\/marcelolopes.jor.br\\\/site\\\/2020\\\/07\\\/02\\\/certificado-digital-do-veiculo-esta-disponivel-em-todo-o-pais\\\/\"},\"wordCount\":373,\"commentCount\":0,\"publisher\":{\"@id\":\"https:\\\/\\\/marcelolopes.jor.br\\\/site\\\/#organization\"},\"image\":{\"@id\":\"https:\\\/\\\/marcelolopes.jor.br\\\/site\\\/2020\\\/07\\\/02\\\/certificado-digital-do-veiculo-esta-disponivel-em-todo-o-pais\\\/#primaryimage\"},\"thumbnailUrl\":\"https:\\\/\\\/marcelolopes.jor.br\\\/site\\\/wp-content\\\/uploads\\\/2020\\\/07\\\/img_4485df.jpg\",\"keywords\":[\"carro\",\"Carteira de Habilita\u00e7\u00e3o\",\"CRLV\",\"documento digital\"],\"articleSection\":[\"Not\u00edcias\"],\"inLanguage\":\"pt-BR\",\"potentialAction\":[{\"@type\":\"CommentAction\",\"name\":\"Comment\",\"target\":[\"https:\\\/\\\/marcelolopes.jor.br\\\/site\\\/2020\\\/07\\\/02\\\/certificado-digital-do-veiculo-esta-disponivel-em-todo-o-pais\\\/#respond\"]}]},{\"@type\":\"WebPage\",\"@id\":\"https:\\\/\\\/marcelolopes.jor.br\\\/site\\\/2020\\\/07\\\/02\\\/certificado-digital-do-veiculo-esta-disponivel-em-todo-o-pais\\\/\",\"url\":\"https:\\\/\\\/marcelolopes.jor.br\\\/site\\\/2020\\\/07\\\/02\\\/certificado-digital-do-veiculo-esta-disponivel-em-todo-o-pais\\\/\",\"name\":\"Certificado digital do ve\u00edculo est\u00e1 dispon\u00edvel em todo o pa\u00eds | Marcelo Lopes\",\"isPartOf\":{\"@id\":\"https:\\\/\\\/marcelolopes.jor.br\\\/site\\\/#website\"},\"primaryImageOfPage\":{\"@id\":\"https:\\\/\\\/marcelolopes.jor.br\\\/site\\\/2020\\\/07\\\/02\\\/certificado-digital-do-veiculo-esta-disponivel-em-todo-o-pais\\\/#primaryimage\"},\"image\":{\"@id\":\"https:\\\/\\\/marcelolopes.jor.br\\\/site\\\/2020\\\/07\\\/02\\\/certificado-digital-do-veiculo-esta-disponivel-em-todo-o-pais\\\/#primaryimage\"},\"thumbnailUrl\":\"https:\\\/\\\/marcelolopes.jor.br\\\/site\\\/wp-content\\\/uploads\\\/2020\\\/07\\\/img_4485df.jpg\",\"datePublished\":\"2020-07-02T19:00:28+00:00\",\"breadcrumb\":{\"@id\":\"https:\\\/\\\/marcelolopes.jor.br\\\/site\\\/2020\\\/07\\\/02\\\/certificado-digital-do-veiculo-esta-disponivel-em-todo-o-pais\\\/#breadcrumb\"},\"inLanguage\":\"pt-BR\",\"potentialAction\":[{\"@type\":\"ReadAction\",\"target\":[\"https:\\\/\\\/marcelolopes.jor.br\\\/site\\\/2020\\\/07\\\/02\\\/certificado-digital-do-veiculo-esta-disponivel-em-todo-o-pais\\\/\"]}]},{\"@type\":\"ImageObject\",\"inLanguage\":\"pt-BR\",\"@id\":\"https:\\\/\\\/marcelolopes.jor.br\\\/site\\\/2020\\\/07\\\/02\\\/certificado-digital-do-veiculo-esta-disponivel-em-todo-o-pais\\\/#primaryimage\",\"url\":\"https:\\\/\\\/marcelolopes.jor.br\\\/site\\\/wp-content\\\/uploads\\\/2020\\\/07\\\/img_4485df.jpg\",\"contentUrl\":\"https:\\\/\\\/marcelolopes.jor.br\\\/site\\\/wp-content\\\/uploads\\\/2020\\\/07\\\/img_4485df.jpg\",\"width\":1170,\"height\":700,\"caption\":\"A diretora-presidente do Serpro, Gl\u00f3ria Guimar\u00e3es, apresenta a vers\u00e3o digital do Certificado de Registro e Licenciamento de Ve\u00edculo (CRLVe).\"},{\"@type\":\"BreadcrumbList\",\"@id\":\"https:\\\/\\\/marcelolopes.jor.br\\\/site\\\/2020\\\/07\\\/02\\\/certificado-digital-do-veiculo-esta-disponivel-em-todo-o-pais\\\/#breadcrumb\",\"itemListElement\":[{\"@type\":\"ListItem\",\"position\":1,\"name\":\"Home\",\"item\":\"https:\\\/\\\/marcelolopes.jor.br\\\/site\\\/\"},{\"@type\":\"ListItem\",\"position\":2,\"name\":\"Certificado digital do ve\u00edculo est\u00e1 dispon\u00edvel em todo o pa\u00eds\"}]},{\"@type\":\"WebSite\",\"@id\":\"https:\\\/\\\/marcelolopes.jor.br\\\/site\\\/#website\",\"url\":\"https:\\\/\\\/marcelolopes.jor.br\\\/site\\\/\",\"name\":\"Marcelo Lopes\",\"description\":\"Not\u00edcias de Cataguases e Regi\u00e3o\",\"publisher\":{\"@id\":\"https:\\\/\\\/marcelolopes.jor.br\\\/site\\\/#organization\"},\"potentialAction\":[{\"@type\":\"SearchAction\",\"target\":{\"@type\":\"EntryPoint\",\"urlTemplate\":\"https:\\\/\\\/marcelolopes.jor.br\\\/site\\\/?s={search_term_string}\"},\"query-input\":{\"@type\":\"PropertyValueSpecification\",\"valueRequired\":true,\"valueName\":\"search_term_string\"}}],\"inLanguage\":\"pt-BR\"},{\"@type\":\"Organization\",\"@id\":\"https:\\\/\\\/marcelolopes.jor.br\\\/site\\\/#organization\",\"name\":\"Site do Marcelo Lopes\",\"url\":\"https:\\\/\\\/marcelolopes.jor.br\\\/site\\\/\",\"logo\":{\"@type\":\"ImageObject\",\"inLanguage\":\"pt-BR\",\"@id\":\"https:\\\/\\\/marcelolopes.jor.br\\\/site\\\/#\\\/schema\\\/logo\\\/image\\\/\",\"url\":\"https:\\\/\\\/marcelolopes.jor.br\\\/site\\\/wp-content\\\/uploads\\\/2024\\\/11\\\/logo-1.png\",\"contentUrl\":\"https:\\\/\\\/marcelolopes.jor.br\\\/site\\\/wp-content\\\/uploads\\\/2024\\\/11\\\/logo-1.png\",\"width\":475,\"height\":80,\"caption\":\"Site do Marcelo Lopes\"},\"image\":{\"@id\":\"https:\\\/\\\/marcelolopes.jor.br\\\/site\\\/#\\\/schema\\\/logo\\\/image\\\/\"},\"sameAs\":[\"https:\\\/\\\/www.facebook.com\\\/sitedomarcelolopes\",\"https:\\\/\\\/www.instagram.com\\\/sitedomarcelolopes\\\/\",\"https:\\\/\\\/www.linkedin.com\\\/company\\\/site-do-marcelo-lopes\\\/\",\"https:\\\/\\\/www.youtube.com\\\/user\\\/marcelolopes957\"]},{\"@type\":\"Person\",\"@id\":\"https:\\\/\\\/marcelolopes.jor.br\\\/site\\\/#\\\/schema\\\/person\\\/3e7216a35c34d8fdf952b31da3d1f89f\",\"name\":\"Marcelo Lopes\",\"sameAs\":[\"http:\\\/\\\/www.marcelolopes.jor.br\"],\"url\":\"https:\\\/\\\/marcelolopes.jor.br\\\/site\\\/author\\\/marcelo\\\/\"}]}<\/script>\n<!-- \/ Yoast SEO plugin. -->","yoast_head_json":{"title":"Certificado digital do ve\u00edculo est\u00e1 dispon\u00edvel em todo o pa\u00eds | Marcelo Lopes","robots":{"index":"index","follow":"follow","max-snippet":"max-snippet:-1","max-image-preview":"max-image-preview:large","max-video-preview":"max-video-preview:-1"},"canonical":"https:\/\/marcelolopes.jor.br\/site\/2020\/07\/02\/certificado-digital-do-veiculo-esta-disponivel-em-todo-o-pais\/","og_locale":"pt_BR","og_type":"article","og_title":"Certificado digital do ve\u00edculo est\u00e1 dispon\u00edvel em todo o pa\u00eds | Marcelo Lopes","og_description":"A vers\u00e3o digital do Certificado de Registro e Licenciamento de Ve\u00edculo (CRLV) j\u00e1 est\u00e1 dispon\u00edvel em todo o pa\u00eds, com a ades\u00e3o do estado do Par\u00e1. Para ter acesso ao documento \u00e9 preciso abrir o aplicativo da Carteira Digital deLeia mais Certificado digital do ve\u00edculo est\u00e1 dispon\u00edvel em todo o pa\u00eds","og_url":"https:\/\/marcelolopes.jor.br\/site\/2020\/07\/02\/certificado-digital-do-veiculo-esta-disponivel-em-todo-o-pais\/","og_site_name":"Marcelo Lopes","article_publisher":"https:\/\/www.facebook.com\/sitedomarcelolopes","article_published_time":"2020-07-02T19:00:28+00:00","og_image":[{"width":1170,"height":700,"url":"https:\/\/marcelolopes.jor.br\/site\/wp-content\/uploads\/2020\/07\/img_4485df.jpg","type":"image\/jpeg"}],"author":"Marcelo Lopes","twitter_card":"summary_large_image","twitter_misc":{"Escrito por":"Marcelo Lopes","Est. tempo de leitura":"2 minutos"},"schema":{"@context":"https:\/\/schema.org","@graph":[{"@type":"NewsArticle","@id":"https:\/\/marcelolopes.jor.br\/site\/2020\/07\/02\/certificado-digital-do-veiculo-esta-disponivel-em-todo-o-pais\/#article","isPartOf":{"@id":"https:\/\/marcelolopes.jor.br\/site\/2020\/07\/02\/certificado-digital-do-veiculo-esta-disponivel-em-todo-o-pais\/"},"author":{"name":"Marcelo Lopes","@id":"https:\/\/marcelolopes.jor.br\/site\/#\/schema\/person\/3e7216a35c34d8fdf952b31da3d1f89f"},"headline":"Certificado digital do ve\u00edculo est\u00e1 dispon\u00edvel em todo o pa\u00eds","datePublished":"2020-07-02T19:00:28+00:00","mainEntityOfPage":{"@id":"https:\/\/marcelolopes.jor.br\/site\/2020\/07\/02\/certificado-digital-do-veiculo-esta-disponivel-em-todo-o-pais\/"},"wordCount":373,"commentCount":0,"publisher":{"@id":"https:\/\/marcelolopes.jor.br\/site\/#organization"},"image":{"@id":"https:\/\/marcelolopes.jor.br\/site\/2020\/07\/02\/certificado-digital-do-veiculo-esta-disponivel-em-todo-o-pais\/#primaryimage"},"thumbnailUrl":"https:\/\/marcelolopes.jor.br\/site\/wp-content\/uploads\/2020\/07\/img_4485df.jpg","keywords":["carro","Carteira de Habilita\u00e7\u00e3o","CRLV","documento digital"],"articleSection":["Not\u00edcias"],"inLanguage":"pt-BR","potentialAction":[{"@type":"CommentAction","name":"Comment","target":["https:\/\/marcelolopes.jor.br\/site\/2020\/07\/02\/certificado-digital-do-veiculo-esta-disponivel-em-todo-o-pais\/#respond"]}]},{"@type":"WebPage","@id":"https:\/\/marcelolopes.jor.br\/site\/2020\/07\/02\/certificado-digital-do-veiculo-esta-disponivel-em-todo-o-pais\/","url":"https:\/\/marcelolopes.jor.br\/site\/2020\/07\/02\/certificado-digital-do-veiculo-esta-disponivel-em-todo-o-pais\/","name":"Certificado digital do ve\u00edculo est\u00e1 dispon\u00edvel em todo o pa\u00eds | Marcelo Lopes","isPartOf":{"@id":"https:\/\/marcelolopes.jor.br\/site\/#website"},"primaryImageOfPage":{"@id":"https:\/\/marcelolopes.jor.br\/site\/2020\/07\/02\/certificado-digital-do-veiculo-esta-disponivel-em-todo-o-pais\/#primaryimage"},"image":{"@id":"https:\/\/marcelolopes.jor.br\/site\/2020\/07\/02\/certificado-digital-do-veiculo-esta-disponivel-em-todo-o-pais\/#primaryimage"},"thumbnailUrl":"https:\/\/marcelolopes.jor.br\/site\/wp-content\/uploads\/2020\/07\/img_4485df.jpg","datePublished":"2020-07-02T19:00:28+00:00","breadcrumb":{"@id":"https:\/\/marcelolopes.jor.br\/site\/2020\/07\/02\/certificado-digital-do-veiculo-esta-disponivel-em-todo-o-pais\/#breadcrumb"},"inLanguage":"pt-BR","potentialAction":[{"@type":"ReadAction","target":["https:\/\/marcelolopes.jor.br\/site\/2020\/07\/02\/certificado-digital-do-veiculo-esta-disponivel-em-todo-o-pais\/"]}]},{"@type":"ImageObject","inLanguage":"pt-BR","@id":"https:\/\/marcelolopes.jor.br\/site\/2020\/07\/02\/certificado-digital-do-veiculo-esta-disponivel-em-todo-o-pais\/#primaryimage","url":"https:\/\/marcelolopes.jor.br\/site\/wp-content\/uploads\/2020\/07\/img_4485df.jpg","contentUrl":"https:\/\/marcelolopes.jor.br\/site\/wp-content\/uploads\/2020\/07\/img_4485df.jpg","width":1170,"height":700,"caption":"A diretora-presidente do Serpro, Gl\u00f3ria Guimar\u00e3es, apresenta a vers\u00e3o digital do Certificado de Registro e Licenciamento de Ve\u00edculo (CRLVe)."},{"@type":"BreadcrumbList","@id":"https:\/\/marcelolopes.jor.br\/site\/2020\/07\/02\/certificado-digital-do-veiculo-esta-disponivel-em-todo-o-pais\/#breadcrumb","itemListElement":[{"@type":"ListItem","position":1,"name":"Home","item":"https:\/\/marcelolopes.jor.br\/site\/"},{"@type":"ListItem","position":2,"name":"Certificado digital do ve\u00edculo est\u00e1 dispon\u00edvel em todo o pa\u00eds"}]},{"@type":"WebSite","@id":"https:\/\/marcelolopes.jor.br\/site\/#website","url":"https:\/\/marcelolopes.jor.br\/site\/","name":"Marcelo Lopes","description":"Not\u00edcias de Cataguases e Regi\u00e3o","publisher":{"@id":"https:\/\/marcelolopes.jor.br\/site\/#organization"},"potentialAction":[{"@type":"SearchAction","target":{"@type":"EntryPoint","urlTemplate":"https:\/\/marcelolopes.jor.br\/site\/?s={search_term_string}"},"query-input":{"@type":"PropertyValueSpecification","valueRequired":true,"valueName":"search_term_string"}}],"inLanguage":"pt-BR"},{"@type":"Organization","@id":"https:\/\/marcelolopes.jor.br\/site\/#organization","name":"Site do Marcelo Lopes","url":"https:\/\/marcelolopes.jor.br\/site\/","logo":{"@type":"ImageObject","inLanguage":"pt-BR","@id":"https:\/\/marcelolopes.jor.br\/site\/#\/schema\/logo\/image\/","url":"https:\/\/marcelolopes.jor.br\/site\/wp-content\/uploads\/2024\/11\/logo-1.png","contentUrl":"https:\/\/marcelolopes.jor.br\/site\/wp-content\/uploads\/2024\/11\/logo-1.png","width":475,"height":80,"caption":"Site do Marcelo Lopes"},"image":{"@id":"https:\/\/marcelolopes.jor.br\/site\/#\/schema\/logo\/image\/"},"sameAs":["https:\/\/www.facebook.com\/sitedomarcelolopes","https:\/\/www.instagram.com\/sitedomarcelolopes\/","https:\/\/www.linkedin.com\/company\/site-do-marcelo-lopes\/","https:\/\/www.youtube.com\/user\/marcelolopes957"]},{"@type":"Person","@id":"https:\/\/marcelolopes.jor.br\/site\/#\/schema\/person\/3e7216a35c34d8fdf952b31da3d1f89f","name":"Marcelo Lopes","sameAs":["http:\/\/www.marcelolopes.jor.br"],"url":"https:\/\/marcelolopes.jor.br\/site\/author\/marcelo\/"}]}},"wps_subtitle":"\u00c9 o CRLV - documento de porte obrigat\u00f3rio - agora, tamb\u00e9m no smartphone.","_links":{"self":[{"href":"https:\/\/marcelolopes.jor.br\/site\/wp-json\/wp\/v2\/posts\/15460","targetHints":{"allow":["GET"]}}],"collection":[{"href":"https:\/\/marcelolopes.jor.br\/site\/wp-json\/wp\/v2\/posts"}],"about":[{"href":"https:\/\/marcelolopes.jor.br\/site\/wp-json\/wp\/v2\/types\/post"}],"author":[{"embeddable":true,"href":"https:\/\/marcelolopes.jor.br\/site\/wp-json\/wp\/v2\/users\/2"}],"replies":[{"embeddable":true,"href":"https:\/\/marcelolopes.jor.br\/site\/wp-json\/wp\/v2\/comments?post=15460"}],"version-history":[{"count":0,"href":"https:\/\/marcelolopes.jor.br\/site\/wp-json\/wp\/v2\/posts\/15460\/revisions"}],"wp:featuredmedia":[{"embeddable":true,"href":"https:\/\/marcelolopes.jor.br\/site\/wp-json\/wp\/v2\/media\/15462"}],"wp:attachment":[{"href":"https:\/\/marcelolopes.jor.br\/site\/wp-json\/wp\/v2\/media?parent=15460"}],"wp:term":[{"taxonomy":"category","embeddable":true,"href":"https:\/\/marcelolopes.jor.br\/site\/wp-json\/wp\/v2\/categories?post=15460"},{"taxonomy":"post_tag","embeddable":true,"href":"https:\/\/marcelolopes.jor.br\/site\/wp-json\/wp\/v2\/tags?post=15460"}],"curies":[{"name":"wp","href":"https:\/\/api.w.org\/{rel}","templated":true}]}}