{"id":15449,"date":"2020-07-02T09:58:30","date_gmt":"2020-07-02T12:58:30","guid":{"rendered":"https:\/\/marcelolopes.jor.br\/?p=15449"},"modified":"2020-07-02T10:22:45","modified_gmt":"2020-07-02T13:22:45","slug":"homem-sofre-corte-profundo-no-pescoco-durante-briga","status":"publish","type":"post","link":"https:\/\/marcelolopes.jor.br\/site\/2020\/07\/02\/homem-sofre-corte-profundo-no-pescoco-durante-briga\/","title":{"rendered":"Homem sofre corte profundo no pesco\u00e7o durante briga"},"content":{"rendered":"<p style=\"text-align: justify;\">Um homem de 33 anos de idade foi levado ao Pronto-Socorro do Hospital de Cataguases, pouco depois da zero hora desta quinta-feira, 02 de julho, ap\u00f3s ser atingido no pesco\u00e7o por um golpe de faca ou de machadinha. Segundo testemunhas ouvidas pela Pol\u00edcia Militar que atendeu ao chamado, pouco antes ele teria se envolvido em uma briga com o autor, de 40 anos de idade. O homem, ent\u00e3o retornou ao local munido de uma faca, o que ele nega, e voltou a brigar com seu desafeto que acabou ferido no pesco\u00e7o.<!--more--><\/p>\n<p style=\"text-align: justify;\">O autor fugiu em seguida e a v\u00edtima, ao ser socorrida por populares, deu detalhes sobre ele, inclusive o local onde mora. Assim, os militares em uma a\u00e7\u00e3o r\u00e1pida seguiram at\u00e9 ao Bairro Sol Nascente onde, ap\u00f3s patrulhamento, o localizaram correndo pela Rua Paulo Val\u00e9rio. Ao perceber a chegada da PM, jogou alguns objetos por cima do muro de uma resid\u00eancia, que foram recuperados durante a a\u00e7\u00e3o pelos militares, sendo uma faca de cabo de pl\u00e1stico bege e l\u00e2mina de 20 cent\u00edmetros e uma machadinha, que ele disse n\u00e3o ter utilizado na briga.<\/p>\n<p style=\"text-align: justify;\">Ao ser questionado, contou sua vers\u00e3o do ocorrido afirmando que estava na Avenida Sizenando Dutra de Siqueira, no Bairro Pampulha, quando teria sido abordado pela v\u00edtima que o agrediu verbalmente sem motivo, lhe deu um tapa no rosto e o derrubou ao ch\u00e3o com duas rasteiras. Ele foi para sua casa onde pegou uma machadinha pois &#8211; ainda segundo revelou &#8211; precisava voltar \u00e0 rua e estaria com receio de encontr\u00e1-lo novamente. Assim, ao chegar \u00e0 Rua Pascoalina Riguete, a v\u00edtima o viu e teria ido ao seu encontro munido de uma faca. Os dois brigaram e o autor tomou a faca dele e num ato considerado por ele de &#8220;leg\u00edtima defesa&#8221;, desferiu um golpe contra seu oponente.<\/p>\n<p style=\"text-align: justify;\">Uma das testemunhas, que mant\u00e9m um relacionamento com a v\u00edtima contou hist\u00f3ria semelhante. Segundo ela, o autor teria furtado um carregador de celular de seu companheiro e isso o levou a tirar satisfa\u00e7\u00f5es. Os dois acabaram brigando sendo que seu namorado saiu ferido com um corte do lado direito do pesco\u00e7o. Ela disse n\u00e3o ter visto nenhuma faca ou machadinha. Por\u00e9m, pouco tempo depois, viu os dois brigando novamente no Beco Pascoalina Riguete e que em seguida seu companheiro foi em sua dire\u00e7\u00e3o sangrando muito e pedindo socorro.<\/p>\n<p style=\"text-align: justify;\">O Servi\u00e7o de Atendimento M\u00f3vel de Urg\u00eancia &#8211; SAMU &#8211; fez o atendimento \u00e0 v\u00edtima e o levou para o Pronto-Socorro do Hospital de Cataguases onde foi atendido e conduzido para o Centro Cir\u00fargico, onde passou por uma cirurgia e, nesta manh\u00e3 de quinta-feira, segue internado na UTI e seu estado de sa\u00fade n\u00e3o foi divulgado. Quanto ao autor, foi preso em flagrante e levado ao Pronto-Socorro para tratar pequenos ferimentos decorrentes da briga, e seguiu para a Delegacia Regional de Pol\u00edcia Civil em Leopoldina onde prestou depoimento e segue \u00e0 disposi\u00e7\u00e3o da justi\u00e7a. A faca utilizada na briga e a machadinha foram apreendidas e entregues ao delegado de plant\u00e3o.<\/p>\n<div class=\"svynz69f5f2a88e049\" ><br><\/div><style type=\"text\/css\">\r\n@media screen and (min-width: 1201px) {\r\n.svynz69f5f2a88e049 {\r\ndisplay: block;\r\n}\r\n}\r\n@media screen and (min-width: 993px) and (max-width: 1200px) {\r\n.svynz69f5f2a88e049 {\r\ndisplay: block;\r\n}\r\n}\r\n@media screen and (min-width: 769px) and (max-width: 992px) {\r\n.svynz69f5f2a88e049 {\r\ndisplay: block;\r\n}\r\n}\r\n@media screen and (min-width: 768px) and (max-width: 768px) {\r\n.svynz69f5f2a88e049 {\r\ndisplay: block;\r\n}\r\n}\r\n@media screen and (max-width: 767px) {\r\n.svynz69f5f2a88e049 {\r\ndisplay: block;\r\n}\r\n}\r\n<\/style>\r\n<div class=\"gkwle69f5f2a8937e8\" ><div id=\"div_destino\"><\/div>\r\n<script src=\"https:\/\/cdn.snsrsv.com\/sdk.js\"><\/script>\r\n<script >\r\n      new sdk(\"464030C30061EA8BE065000000000001\") \r\n          .appendTo(\"div_destino\")\r\n          .disableStyle(true) \r\n          .setCacheBusterMacro(\"%%CACHEBUSTER%%\")\r\n          .setSize(\"800\",\"214\")\r\n          .setClickMacro(\"%%CLICK_URL_ESC%%\") \r\n          .setReferrerUrlMacro(\"%%REFERRER_URL_ESC%%\") \r\n          .start(); \r\n<\/script><\/div><style type=\"text\/css\">\r\n@media screen and (min-width: 1201px) {\r\n.gkwle69f5f2a8937e8 {\r\ndisplay: block;\r\n}\r\n}\r\n@media screen and (min-width: 993px) and (max-width: 1200px) {\r\n.gkwle69f5f2a8937e8 {\r\ndisplay: block;\r\n}\r\n}\r\n@media screen and (min-width: 769px) and (max-width: 992px) {\r\n.gkwle69f5f2a8937e8 {\r\ndisplay: block;\r\n}\r\n}\r\n@media screen and (min-width: 768px) and (max-width: 768px) {\r\n.gkwle69f5f2a8937e8 {\r\ndisplay: block;\r\n}\r\n}\r\n@media screen and (max-width: 767px) {\r\n.gkwle69f5f2a8937e8 {\r\ndisplay: block;\r\n}\r\n}\r\n<\/style>\r\n","protected":false},"excerpt":{"rendered":"<p>Um homem de 33 anos de idade foi levado ao Pronto-Socorro do Hospital de Cataguases, pouco depois da zero hora desta quinta-feira, 02 de julho, ap\u00f3s ser atingido no pesco\u00e7o por um golpe de faca ou de machadinha. Segundo testemunhas<\/p>\n<p class=\"link-more\"><a class=\"more-link\" href=\"https:\/\/marcelolopes.jor.br\/site\/2020\/07\/02\/homem-sofre-corte-profundo-no-pescoco-durante-briga\/\">Leia mais <span class=\"screen-reader-text\">Homem sofre corte profundo no pesco\u00e7o durante briga<\/span><\/a><\/p>\n","protected":false},"author":2,"featured_media":15451,"comment_status":"open","ping_status":"open","sticky":false,"template":"","format":"standard","meta":{"footnotes":""},"categories":[1],"tags":[222,93,2679,1041],"class_list":["post-15449","post","type-post","status-publish","format-standard","has-post-thumbnail","hentry","category-noticias","tag-briga","tag-facada","tag-machadinha","tag-tentativa-de-homicidio","thumb-below-title"],"yoast_head":"<!-- This site is optimized with the Yoast SEO plugin v27.4 - https:\/\/yoast.com\/product\/yoast-seo-wordpress\/ -->\n<title>Homem sofre corte profundo no pesco\u00e7o durante briga | Marcelo Lopes<\/title>\n<meta name=\"robots\" content=\"index, follow, max-snippet:-1, max-image-preview:large, max-video-preview:-1\" \/>\n<link rel=\"canonical\" href=\"https:\/\/marcelolopes.jor.br\/site\/2020\/07\/02\/homem-sofre-corte-profundo-no-pescoco-durante-briga\/\" \/>\n<meta property=\"og:locale\" content=\"pt_BR\" \/>\n<meta property=\"og:type\" content=\"article\" \/>\n<meta property=\"og:title\" content=\"Homem sofre corte profundo no pesco\u00e7o durante briga | Marcelo Lopes\" \/>\n<meta property=\"og:description\" content=\"Um homem de 33 anos de idade foi levado ao Pronto-Socorro do Hospital de Cataguases, pouco depois da zero hora desta quinta-feira, 02 de julho, ap\u00f3s ser atingido no pesco\u00e7o por um golpe de faca ou de machadinha. Segundo testemunhasLeia mais Homem sofre corte profundo no pesco\u00e7o durante briga\" \/>\n<meta property=\"og:url\" content=\"https:\/\/marcelolopes.jor.br\/site\/2020\/07\/02\/homem-sofre-corte-profundo-no-pescoco-durante-briga\/\" \/>\n<meta property=\"og:site_name\" content=\"Marcelo Lopes\" \/>\n<meta property=\"article:publisher\" content=\"https:\/\/www.facebook.com\/sitedomarcelolopes\" \/>\n<meta property=\"article:published_time\" content=\"2020-07-02T12:58:30+00:00\" \/>\n<meta property=\"article:modified_time\" content=\"2020-07-02T13:22:45+00:00\" \/>\n<meta property=\"og:image\" content=\"https:\/\/marcelolopes.jor.br\/site\/wp-content\/uploads\/2020\/07\/WhatsApp-Image-2020-07-02-at-09.56.07.jpeg\" \/>\n\t<meta property=\"og:image:width\" content=\"800\" \/>\n\t<meta property=\"og:image:height\" content=\"525\" \/>\n\t<meta property=\"og:image:type\" content=\"image\/jpeg\" \/>\n<meta name=\"author\" content=\"Marcelo Lopes\" \/>\n<meta name=\"twitter:card\" content=\"summary_large_image\" \/>\n<meta name=\"twitter:label1\" content=\"Escrito por\" \/>\n\t<meta name=\"twitter:data1\" content=\"Marcelo Lopes\" \/>\n\t<meta name=\"twitter:label2\" content=\"Est. tempo de leitura\" \/>\n\t<meta name=\"twitter:data2\" content=\"3 minutos\" \/>\n<script type=\"application\/ld+json\" class=\"yoast-schema-graph\">{\"@context\":\"https:\\\/\\\/schema.org\",\"@graph\":[{\"@type\":\"NewsArticle\",\"@id\":\"https:\\\/\\\/marcelolopes.jor.br\\\/site\\\/2020\\\/07\\\/02\\\/homem-sofre-corte-profundo-no-pescoco-durante-briga\\\/#article\",\"isPartOf\":{\"@id\":\"https:\\\/\\\/marcelolopes.jor.br\\\/site\\\/2020\\\/07\\\/02\\\/homem-sofre-corte-profundo-no-pescoco-durante-briga\\\/\"},\"author\":{\"name\":\"Marcelo Lopes\",\"@id\":\"https:\\\/\\\/marcelolopes.jor.br\\\/site\\\/#\\\/schema\\\/person\\\/3e7216a35c34d8fdf952b31da3d1f89f\"},\"headline\":\"Homem sofre corte profundo no pesco\u00e7o durante briga\",\"datePublished\":\"2020-07-02T12:58:30+00:00\",\"dateModified\":\"2020-07-02T13:22:45+00:00\",\"mainEntityOfPage\":{\"@id\":\"https:\\\/\\\/marcelolopes.jor.br\\\/site\\\/2020\\\/07\\\/02\\\/homem-sofre-corte-profundo-no-pescoco-durante-briga\\\/\"},\"wordCount\":542,\"commentCount\":0,\"publisher\":{\"@id\":\"https:\\\/\\\/marcelolopes.jor.br\\\/site\\\/#organization\"},\"image\":{\"@id\":\"https:\\\/\\\/marcelolopes.jor.br\\\/site\\\/2020\\\/07\\\/02\\\/homem-sofre-corte-profundo-no-pescoco-durante-briga\\\/#primaryimage\"},\"thumbnailUrl\":\"https:\\\/\\\/marcelolopes.jor.br\\\/site\\\/wp-content\\\/uploads\\\/2020\\\/07\\\/WhatsApp-Image-2020-07-02-at-09.56.07.jpeg\",\"keywords\":[\"briga\",\"facada\",\"machadinha\",\"Tentativa de homic\u00eddio\"],\"articleSection\":[\"Not\u00edcias\"],\"inLanguage\":\"pt-BR\",\"potentialAction\":[{\"@type\":\"CommentAction\",\"name\":\"Comment\",\"target\":[\"https:\\\/\\\/marcelolopes.jor.br\\\/site\\\/2020\\\/07\\\/02\\\/homem-sofre-corte-profundo-no-pescoco-durante-briga\\\/#respond\"]}]},{\"@type\":\"WebPage\",\"@id\":\"https:\\\/\\\/marcelolopes.jor.br\\\/site\\\/2020\\\/07\\\/02\\\/homem-sofre-corte-profundo-no-pescoco-durante-briga\\\/\",\"url\":\"https:\\\/\\\/marcelolopes.jor.br\\\/site\\\/2020\\\/07\\\/02\\\/homem-sofre-corte-profundo-no-pescoco-durante-briga\\\/\",\"name\":\"Homem sofre corte profundo no pesco\u00e7o durante briga | Marcelo Lopes\",\"isPartOf\":{\"@id\":\"https:\\\/\\\/marcelolopes.jor.br\\\/site\\\/#website\"},\"primaryImageOfPage\":{\"@id\":\"https:\\\/\\\/marcelolopes.jor.br\\\/site\\\/2020\\\/07\\\/02\\\/homem-sofre-corte-profundo-no-pescoco-durante-briga\\\/#primaryimage\"},\"image\":{\"@id\":\"https:\\\/\\\/marcelolopes.jor.br\\\/site\\\/2020\\\/07\\\/02\\\/homem-sofre-corte-profundo-no-pescoco-durante-briga\\\/#primaryimage\"},\"thumbnailUrl\":\"https:\\\/\\\/marcelolopes.jor.br\\\/site\\\/wp-content\\\/uploads\\\/2020\\\/07\\\/WhatsApp-Image-2020-07-02-at-09.56.07.jpeg\",\"datePublished\":\"2020-07-02T12:58:30+00:00\",\"dateModified\":\"2020-07-02T13:22:45+00:00\",\"breadcrumb\":{\"@id\":\"https:\\\/\\\/marcelolopes.jor.br\\\/site\\\/2020\\\/07\\\/02\\\/homem-sofre-corte-profundo-no-pescoco-durante-briga\\\/#breadcrumb\"},\"inLanguage\":\"pt-BR\",\"potentialAction\":[{\"@type\":\"ReadAction\",\"target\":[\"https:\\\/\\\/marcelolopes.jor.br\\\/site\\\/2020\\\/07\\\/02\\\/homem-sofre-corte-profundo-no-pescoco-durante-briga\\\/\"]}]},{\"@type\":\"ImageObject\",\"inLanguage\":\"pt-BR\",\"@id\":\"https:\\\/\\\/marcelolopes.jor.br\\\/site\\\/2020\\\/07\\\/02\\\/homem-sofre-corte-profundo-no-pescoco-durante-briga\\\/#primaryimage\",\"url\":\"https:\\\/\\\/marcelolopes.jor.br\\\/site\\\/wp-content\\\/uploads\\\/2020\\\/07\\\/WhatsApp-Image-2020-07-02-at-09.56.07.jpeg\",\"contentUrl\":\"https:\\\/\\\/marcelolopes.jor.br\\\/site\\\/wp-content\\\/uploads\\\/2020\\\/07\\\/WhatsApp-Image-2020-07-02-at-09.56.07.jpeg\",\"width\":800,\"height\":525},{\"@type\":\"BreadcrumbList\",\"@id\":\"https:\\\/\\\/marcelolopes.jor.br\\\/site\\\/2020\\\/07\\\/02\\\/homem-sofre-corte-profundo-no-pescoco-durante-briga\\\/#breadcrumb\",\"itemListElement\":[{\"@type\":\"ListItem\",\"position\":1,\"name\":\"Home\",\"item\":\"https:\\\/\\\/marcelolopes.jor.br\\\/site\\\/\"},{\"@type\":\"ListItem\",\"position\":2,\"name\":\"Homem sofre corte profundo no pesco\u00e7o durante briga\"}]},{\"@type\":\"WebSite\",\"@id\":\"https:\\\/\\\/marcelolopes.jor.br\\\/site\\\/#website\",\"url\":\"https:\\\/\\\/marcelolopes.jor.br\\\/site\\\/\",\"name\":\"Marcelo Lopes\",\"description\":\"Not\u00edcias de Cataguases e Regi\u00e3o\",\"publisher\":{\"@id\":\"https:\\\/\\\/marcelolopes.jor.br\\\/site\\\/#organization\"},\"potentialAction\":[{\"@type\":\"SearchAction\",\"target\":{\"@type\":\"EntryPoint\",\"urlTemplate\":\"https:\\\/\\\/marcelolopes.jor.br\\\/site\\\/?s={search_term_string}\"},\"query-input\":{\"@type\":\"PropertyValueSpecification\",\"valueRequired\":true,\"valueName\":\"search_term_string\"}}],\"inLanguage\":\"pt-BR\"},{\"@type\":\"Organization\",\"@id\":\"https:\\\/\\\/marcelolopes.jor.br\\\/site\\\/#organization\",\"name\":\"Site do Marcelo Lopes\",\"url\":\"https:\\\/\\\/marcelolopes.jor.br\\\/site\\\/\",\"logo\":{\"@type\":\"ImageObject\",\"inLanguage\":\"pt-BR\",\"@id\":\"https:\\\/\\\/marcelolopes.jor.br\\\/site\\\/#\\\/schema\\\/logo\\\/image\\\/\",\"url\":\"https:\\\/\\\/marcelolopes.jor.br\\\/site\\\/wp-content\\\/uploads\\\/2024\\\/11\\\/logo-1.png\",\"contentUrl\":\"https:\\\/\\\/marcelolopes.jor.br\\\/site\\\/wp-content\\\/uploads\\\/2024\\\/11\\\/logo-1.png\",\"width\":475,\"height\":80,\"caption\":\"Site do Marcelo Lopes\"},\"image\":{\"@id\":\"https:\\\/\\\/marcelolopes.jor.br\\\/site\\\/#\\\/schema\\\/logo\\\/image\\\/\"},\"sameAs\":[\"https:\\\/\\\/www.facebook.com\\\/sitedomarcelolopes\",\"https:\\\/\\\/www.instagram.com\\\/sitedomarcelolopes\\\/\",\"https:\\\/\\\/www.linkedin.com\\\/company\\\/site-do-marcelo-lopes\\\/\",\"https:\\\/\\\/www.youtube.com\\\/user\\\/marcelolopes957\"]},{\"@type\":\"Person\",\"@id\":\"https:\\\/\\\/marcelolopes.jor.br\\\/site\\\/#\\\/schema\\\/person\\\/3e7216a35c34d8fdf952b31da3d1f89f\",\"name\":\"Marcelo Lopes\",\"sameAs\":[\"http:\\\/\\\/www.marcelolopes.jor.br\"],\"url\":\"https:\\\/\\\/marcelolopes.jor.br\\\/site\\\/author\\\/marcelo\\\/\"}]}<\/script>\n<!-- \/ Yoast SEO plugin. -->","yoast_head_json":{"title":"Homem sofre corte profundo no pesco\u00e7o durante briga | Marcelo Lopes","robots":{"index":"index","follow":"follow","max-snippet":"max-snippet:-1","max-image-preview":"max-image-preview:large","max-video-preview":"max-video-preview:-1"},"canonical":"https:\/\/marcelolopes.jor.br\/site\/2020\/07\/02\/homem-sofre-corte-profundo-no-pescoco-durante-briga\/","og_locale":"pt_BR","og_type":"article","og_title":"Homem sofre corte profundo no pesco\u00e7o durante briga | Marcelo Lopes","og_description":"Um homem de 33 anos de idade foi levado ao Pronto-Socorro do Hospital de Cataguases, pouco depois da zero hora desta quinta-feira, 02 de julho, ap\u00f3s ser atingido no pesco\u00e7o por um golpe de faca ou de machadinha. Segundo testemunhasLeia mais Homem sofre corte profundo no pesco\u00e7o durante briga","og_url":"https:\/\/marcelolopes.jor.br\/site\/2020\/07\/02\/homem-sofre-corte-profundo-no-pescoco-durante-briga\/","og_site_name":"Marcelo Lopes","article_publisher":"https:\/\/www.facebook.com\/sitedomarcelolopes","article_published_time":"2020-07-02T12:58:30+00:00","article_modified_time":"2020-07-02T13:22:45+00:00","og_image":[{"width":800,"height":525,"url":"https:\/\/marcelolopes.jor.br\/site\/wp-content\/uploads\/2020\/07\/WhatsApp-Image-2020-07-02-at-09.56.07.jpeg","type":"image\/jpeg"}],"author":"Marcelo Lopes","twitter_card":"summary_large_image","twitter_misc":{"Escrito por":"Marcelo Lopes","Est. tempo de leitura":"3 minutos"},"schema":{"@context":"https:\/\/schema.org","@graph":[{"@type":"NewsArticle","@id":"https:\/\/marcelolopes.jor.br\/site\/2020\/07\/02\/homem-sofre-corte-profundo-no-pescoco-durante-briga\/#article","isPartOf":{"@id":"https:\/\/marcelolopes.jor.br\/site\/2020\/07\/02\/homem-sofre-corte-profundo-no-pescoco-durante-briga\/"},"author":{"name":"Marcelo Lopes","@id":"https:\/\/marcelolopes.jor.br\/site\/#\/schema\/person\/3e7216a35c34d8fdf952b31da3d1f89f"},"headline":"Homem sofre corte profundo no pesco\u00e7o durante briga","datePublished":"2020-07-02T12:58:30+00:00","dateModified":"2020-07-02T13:22:45+00:00","mainEntityOfPage":{"@id":"https:\/\/marcelolopes.jor.br\/site\/2020\/07\/02\/homem-sofre-corte-profundo-no-pescoco-durante-briga\/"},"wordCount":542,"commentCount":0,"publisher":{"@id":"https:\/\/marcelolopes.jor.br\/site\/#organization"},"image":{"@id":"https:\/\/marcelolopes.jor.br\/site\/2020\/07\/02\/homem-sofre-corte-profundo-no-pescoco-durante-briga\/#primaryimage"},"thumbnailUrl":"https:\/\/marcelolopes.jor.br\/site\/wp-content\/uploads\/2020\/07\/WhatsApp-Image-2020-07-02-at-09.56.07.jpeg","keywords":["briga","facada","machadinha","Tentativa de homic\u00eddio"],"articleSection":["Not\u00edcias"],"inLanguage":"pt-BR","potentialAction":[{"@type":"CommentAction","name":"Comment","target":["https:\/\/marcelolopes.jor.br\/site\/2020\/07\/02\/homem-sofre-corte-profundo-no-pescoco-durante-briga\/#respond"]}]},{"@type":"WebPage","@id":"https:\/\/marcelolopes.jor.br\/site\/2020\/07\/02\/homem-sofre-corte-profundo-no-pescoco-durante-briga\/","url":"https:\/\/marcelolopes.jor.br\/site\/2020\/07\/02\/homem-sofre-corte-profundo-no-pescoco-durante-briga\/","name":"Homem sofre corte profundo no pesco\u00e7o durante briga | Marcelo Lopes","isPartOf":{"@id":"https:\/\/marcelolopes.jor.br\/site\/#website"},"primaryImageOfPage":{"@id":"https:\/\/marcelolopes.jor.br\/site\/2020\/07\/02\/homem-sofre-corte-profundo-no-pescoco-durante-briga\/#primaryimage"},"image":{"@id":"https:\/\/marcelolopes.jor.br\/site\/2020\/07\/02\/homem-sofre-corte-profundo-no-pescoco-durante-briga\/#primaryimage"},"thumbnailUrl":"https:\/\/marcelolopes.jor.br\/site\/wp-content\/uploads\/2020\/07\/WhatsApp-Image-2020-07-02-at-09.56.07.jpeg","datePublished":"2020-07-02T12:58:30+00:00","dateModified":"2020-07-02T13:22:45+00:00","breadcrumb":{"@id":"https:\/\/marcelolopes.jor.br\/site\/2020\/07\/02\/homem-sofre-corte-profundo-no-pescoco-durante-briga\/#breadcrumb"},"inLanguage":"pt-BR","potentialAction":[{"@type":"ReadAction","target":["https:\/\/marcelolopes.jor.br\/site\/2020\/07\/02\/homem-sofre-corte-profundo-no-pescoco-durante-briga\/"]}]},{"@type":"ImageObject","inLanguage":"pt-BR","@id":"https:\/\/marcelolopes.jor.br\/site\/2020\/07\/02\/homem-sofre-corte-profundo-no-pescoco-durante-briga\/#primaryimage","url":"https:\/\/marcelolopes.jor.br\/site\/wp-content\/uploads\/2020\/07\/WhatsApp-Image-2020-07-02-at-09.56.07.jpeg","contentUrl":"https:\/\/marcelolopes.jor.br\/site\/wp-content\/uploads\/2020\/07\/WhatsApp-Image-2020-07-02-at-09.56.07.jpeg","width":800,"height":525},{"@type":"BreadcrumbList","@id":"https:\/\/marcelolopes.jor.br\/site\/2020\/07\/02\/homem-sofre-corte-profundo-no-pescoco-durante-briga\/#breadcrumb","itemListElement":[{"@type":"ListItem","position":1,"name":"Home","item":"https:\/\/marcelolopes.jor.br\/site\/"},{"@type":"ListItem","position":2,"name":"Homem sofre corte profundo no pesco\u00e7o durante briga"}]},{"@type":"WebSite","@id":"https:\/\/marcelolopes.jor.br\/site\/#website","url":"https:\/\/marcelolopes.jor.br\/site\/","name":"Marcelo Lopes","description":"Not\u00edcias de Cataguases e Regi\u00e3o","publisher":{"@id":"https:\/\/marcelolopes.jor.br\/site\/#organization"},"potentialAction":[{"@type":"SearchAction","target":{"@type":"EntryPoint","urlTemplate":"https:\/\/marcelolopes.jor.br\/site\/?s={search_term_string}"},"query-input":{"@type":"PropertyValueSpecification","valueRequired":true,"valueName":"search_term_string"}}],"inLanguage":"pt-BR"},{"@type":"Organization","@id":"https:\/\/marcelolopes.jor.br\/site\/#organization","name":"Site do Marcelo Lopes","url":"https:\/\/marcelolopes.jor.br\/site\/","logo":{"@type":"ImageObject","inLanguage":"pt-BR","@id":"https:\/\/marcelolopes.jor.br\/site\/#\/schema\/logo\/image\/","url":"https:\/\/marcelolopes.jor.br\/site\/wp-content\/uploads\/2024\/11\/logo-1.png","contentUrl":"https:\/\/marcelolopes.jor.br\/site\/wp-content\/uploads\/2024\/11\/logo-1.png","width":475,"height":80,"caption":"Site do Marcelo Lopes"},"image":{"@id":"https:\/\/marcelolopes.jor.br\/site\/#\/schema\/logo\/image\/"},"sameAs":["https:\/\/www.facebook.com\/sitedomarcelolopes","https:\/\/www.instagram.com\/sitedomarcelolopes\/","https:\/\/www.linkedin.com\/company\/site-do-marcelo-lopes\/","https:\/\/www.youtube.com\/user\/marcelolopes957"]},{"@type":"Person","@id":"https:\/\/marcelolopes.jor.br\/site\/#\/schema\/person\/3e7216a35c34d8fdf952b31da3d1f89f","name":"Marcelo Lopes","sameAs":["http:\/\/www.marcelolopes.jor.br"],"url":"https:\/\/marcelolopes.jor.br\/site\/author\/marcelo\/"}]}},"wps_subtitle":"O motivo teria sido um suposto furto de carregador de celular.","_links":{"self":[{"href":"https:\/\/marcelolopes.jor.br\/site\/wp-json\/wp\/v2\/posts\/15449","targetHints":{"allow":["GET"]}}],"collection":[{"href":"https:\/\/marcelolopes.jor.br\/site\/wp-json\/wp\/v2\/posts"}],"about":[{"href":"https:\/\/marcelolopes.jor.br\/site\/wp-json\/wp\/v2\/types\/post"}],"author":[{"embeddable":true,"href":"https:\/\/marcelolopes.jor.br\/site\/wp-json\/wp\/v2\/users\/2"}],"replies":[{"embeddable":true,"href":"https:\/\/marcelolopes.jor.br\/site\/wp-json\/wp\/v2\/comments?post=15449"}],"version-history":[{"count":0,"href":"https:\/\/marcelolopes.jor.br\/site\/wp-json\/wp\/v2\/posts\/15449\/revisions"}],"wp:featuredmedia":[{"embeddable":true,"href":"https:\/\/marcelolopes.jor.br\/site\/wp-json\/wp\/v2\/media\/15451"}],"wp:attachment":[{"href":"https:\/\/marcelolopes.jor.br\/site\/wp-json\/wp\/v2\/media?parent=15449"}],"wp:term":[{"taxonomy":"category","embeddable":true,"href":"https:\/\/marcelolopes.jor.br\/site\/wp-json\/wp\/v2\/categories?post=15449"},{"taxonomy":"post_tag","embeddable":true,"href":"https:\/\/marcelolopes.jor.br\/site\/wp-json\/wp\/v2\/tags?post=15449"}],"curies":[{"name":"wp","href":"https:\/\/api.w.org\/{rel}","templated":true}]}}