{"id":15415,"date":"2020-06-30T18:30:23","date_gmt":"2020-06-30T21:30:23","guid":{"rendered":"https:\/\/marcelolopes.jor.br\/?p=15415"},"modified":"2020-06-30T17:43:31","modified_gmt":"2020-06-30T20:43:31","slug":"cataguases-registra-sete-casos-de-covid-19-em-vinte-e-quatro-horas","status":"publish","type":"post","link":"https:\/\/marcelolopes.jor.br\/site\/2020\/06\/30\/cataguases-registra-sete-casos-de-covid-19-em-vinte-e-quatro-horas\/","title":{"rendered":"Cataguases registra sete casos de Covid-19 em vinte e quatro horas"},"content":{"rendered":"<p style=\"text-align: justify;\">A Secretaria Municipal de Sa\u00fade de Cataguases divulgou no final da tarde desta ter\u00e7a-feira, 30 de junho, o boletim epidemiol\u00f3gico referente a situa\u00e7\u00e3o da Covid-19 nas \u00faltimas vinte e quatro horas no munic\u00edpio. No Hospital de Cataguases, \u00fanico a prestar atendimento \u00e0s v\u00edtimas da doen\u00e7a na microrregi\u00e3o, a situa\u00e7\u00e3o de normalidade permanece inalterada apesar do aumento de casos.<!--more--><\/p>\n<p style=\"text-align: justify;\">Segundo o Boletim Epidemiol\u00f3gico, Cataguases registrou mais um \u00f3bito por Covid-19 hoje. Trata-se de uma mulher de 57 anos, com comorbidades. Tamb\u00e9m foram registrados sete novos casos da doen\u00e7a nas \u00faltimas 24 horas, chegando a noventa e cinco pacientes confirmados. Entre eles, quatro s\u00e3o homens, sendo um de 1 ano (assintom\u00e1tico), e os demais com 29, 43 e 88 anos com sintomas da doen\u00e7a. As outras tr\u00eas s\u00e3o mulheres com 29, 33 e 44 anos, todas com sintomas da doen\u00e7a. Quarenta e um pacientes s\u00e3o assintom\u00e1ticos e vinte e sete pessoas est\u00e3o curadas.<\/p>\n<p style=\"text-align: justify;\">Trinta pessoas s\u00e3o suspeitas de estarem doentes, sendo que cinco est\u00e3o hospitalizados e uma em isolamento domiciliar. Estes seis casos est\u00e3o aguardando resultado de exame. J\u00e1 vinte e quatro est\u00e3o em isolamento domiciliar, mas n\u00e3o fizeram o exame porque n\u00e3o se enquadram nos crit\u00e9rios da Secretaria de Estado de Sa\u00fade. O mesmo boletim tamb\u00e9m informa que noventa e duas pessoas est\u00e3o sendo monitoradas em isolamento e quinhentas e vinte e duas pessoas apresentaram s\u00edndrome gripal inespec\u00edfica.<\/p>\n<p style=\"text-align: justify;\">De acordo com as informa\u00e7\u00f5es do Hospital de Cataguases, nesta ter\u00e7a-feira, est\u00e3o internados na Enfermaria (PV8) sete pacientes, sendo seis de Cataguases (dois confirmados e quatro suspeitos) e um de Dona Euz\u00e9bia (suspeito). Na UTI Covid, est\u00e3o dois pacientes apenas, sendo um de Astolfo Dutra confirmado para a doen\u00e7a. Na UTI Geral est\u00e3o oito pacientes, sendo um suspeito para Covid-19 e outros sete por outras enfermidades.<\/p>\n<div class=\"gtjrk69f71130742d2\" ><br><\/div><style type=\"text\/css\">\r\n@media screen and (min-width: 1201px) {\r\n.gtjrk69f71130742d2 {\r\ndisplay: block;\r\n}\r\n}\r\n@media screen and (min-width: 993px) and (max-width: 1200px) {\r\n.gtjrk69f71130742d2 {\r\ndisplay: block;\r\n}\r\n}\r\n@media screen and (min-width: 769px) and (max-width: 992px) {\r\n.gtjrk69f71130742d2 {\r\ndisplay: block;\r\n}\r\n}\r\n@media screen and (min-width: 768px) and (max-width: 768px) {\r\n.gtjrk69f71130742d2 {\r\ndisplay: block;\r\n}\r\n}\r\n@media screen and (max-width: 767px) {\r\n.gtjrk69f71130742d2 {\r\ndisplay: block;\r\n}\r\n}\r\n<\/style>\r\n<div class=\"hwgle69f711307990a\" ><div id=\"div_destino\"><\/div>\r\n<script src=\"https:\/\/cdn.snsrsv.com\/sdk.js\"><\/script>\r\n<script >\r\n      new sdk(\"464030C30061EA8BE065000000000001\") \r\n          .appendTo(\"div_destino\")\r\n          .disableStyle(true) \r\n          .setCacheBusterMacro(\"%%CACHEBUSTER%%\")\r\n          .setSize(\"800\",\"214\")\r\n          .setClickMacro(\"%%CLICK_URL_ESC%%\") \r\n          .setReferrerUrlMacro(\"%%REFERRER_URL_ESC%%\") \r\n          .start(); \r\n<\/script><\/div><style type=\"text\/css\">\r\n@media screen and (min-width: 1201px) {\r\n.hwgle69f711307990a {\r\ndisplay: block;\r\n}\r\n}\r\n@media screen and (min-width: 993px) and (max-width: 1200px) {\r\n.hwgle69f711307990a {\r\ndisplay: block;\r\n}\r\n}\r\n@media screen and (min-width: 769px) and (max-width: 992px) {\r\n.hwgle69f711307990a {\r\ndisplay: block;\r\n}\r\n}\r\n@media screen and (min-width: 768px) and (max-width: 768px) {\r\n.hwgle69f711307990a {\r\ndisplay: block;\r\n}\r\n}\r\n@media screen and (max-width: 767px) {\r\n.hwgle69f711307990a {\r\ndisplay: block;\r\n}\r\n}\r\n<\/style>\r\n","protected":false},"excerpt":{"rendered":"<p>A Secretaria Municipal de Sa\u00fade de Cataguases divulgou no final da tarde desta ter\u00e7a-feira, 30 de junho, o boletim epidemiol\u00f3gico referente a situa\u00e7\u00e3o da Covid-19 nas \u00faltimas vinte e quatro horas no munic\u00edpio. No Hospital de Cataguases, \u00fanico a prestar<\/p>\n<p class=\"link-more\"><a class=\"more-link\" href=\"https:\/\/marcelolopes.jor.br\/site\/2020\/06\/30\/cataguases-registra-sete-casos-de-covid-19-em-vinte-e-quatro-horas\/\">Leia mais <span class=\"screen-reader-text\">Cataguases registra sete casos de Covid-19 em vinte e quatro horas<\/span><\/a><\/p>\n","protected":false},"author":2,"featured_media":14797,"comment_status":"open","ping_status":"open","sticky":false,"template":"","format":"standard","meta":{"footnotes":""},"categories":[1],"tags":[2470,2555,341,2529],"class_list":["post-15415","post","type-post","status-publish","format-standard","has-post-thumbnail","hentry","category-noticias","tag-boletim-epidemiologico","tag-casos-de-covid-19","tag-hospital-de-cataguases","tag-internacoes","thumb-below-title"],"yoast_head":"<!-- This site is optimized with the Yoast SEO plugin v27.4 - https:\/\/yoast.com\/product\/yoast-seo-wordpress\/ -->\n<title>Cataguases registra sete casos de Covid-19 em vinte e quatro horas | Marcelo Lopes<\/title>\n<meta name=\"robots\" content=\"index, follow, max-snippet:-1, max-image-preview:large, max-video-preview:-1\" \/>\n<link rel=\"canonical\" href=\"https:\/\/marcelolopes.jor.br\/site\/2020\/06\/30\/cataguases-registra-sete-casos-de-covid-19-em-vinte-e-quatro-horas\/\" \/>\n<meta property=\"og:locale\" content=\"pt_BR\" \/>\n<meta property=\"og:type\" content=\"article\" \/>\n<meta property=\"og:title\" content=\"Cataguases registra sete casos de Covid-19 em vinte e quatro horas | Marcelo Lopes\" \/>\n<meta property=\"og:description\" content=\"A Secretaria Municipal de Sa\u00fade de Cataguases divulgou no final da tarde desta ter\u00e7a-feira, 30 de junho, o boletim epidemiol\u00f3gico referente a situa\u00e7\u00e3o da Covid-19 nas \u00faltimas vinte e quatro horas no munic\u00edpio. No Hospital de Cataguases, \u00fanico a prestarLeia mais Cataguases registra sete casos de Covid-19 em vinte e quatro horas\" \/>\n<meta property=\"og:url\" content=\"https:\/\/marcelolopes.jor.br\/site\/2020\/06\/30\/cataguases-registra-sete-casos-de-covid-19-em-vinte-e-quatro-horas\/\" \/>\n<meta property=\"og:site_name\" content=\"Marcelo Lopes\" \/>\n<meta property=\"article:publisher\" content=\"https:\/\/www.facebook.com\/sitedomarcelolopes\" \/>\n<meta property=\"article:published_time\" content=\"2020-06-30T21:30:23+00:00\" \/>\n<meta property=\"og:image\" content=\"https:\/\/marcelolopes.jor.br\/site\/wp-content\/uploads\/2020\/06\/0235B8C6-BB1E-C568-EEE7-CDBE54E412B3.jpg\" \/>\n\t<meta property=\"og:image:width\" content=\"630\" \/>\n\t<meta property=\"og:image:height\" content=\"354\" \/>\n\t<meta property=\"og:image:type\" content=\"image\/jpeg\" \/>\n<meta name=\"author\" content=\"Marcelo Lopes\" \/>\n<meta name=\"twitter:card\" content=\"summary_large_image\" \/>\n<meta name=\"twitter:label1\" content=\"Escrito por\" \/>\n\t<meta name=\"twitter:data1\" content=\"Marcelo Lopes\" \/>\n\t<meta name=\"twitter:label2\" content=\"Est. tempo de leitura\" \/>\n\t<meta name=\"twitter:data2\" content=\"2 minutos\" \/>\n<script type=\"application\/ld+json\" class=\"yoast-schema-graph\">{\"@context\":\"https:\\\/\\\/schema.org\",\"@graph\":[{\"@type\":\"NewsArticle\",\"@id\":\"https:\\\/\\\/marcelolopes.jor.br\\\/site\\\/2020\\\/06\\\/30\\\/cataguases-registra-sete-casos-de-covid-19-em-vinte-e-quatro-horas\\\/#article\",\"isPartOf\":{\"@id\":\"https:\\\/\\\/marcelolopes.jor.br\\\/site\\\/2020\\\/06\\\/30\\\/cataguases-registra-sete-casos-de-covid-19-em-vinte-e-quatro-horas\\\/\"},\"author\":{\"name\":\"Marcelo Lopes\",\"@id\":\"https:\\\/\\\/marcelolopes.jor.br\\\/site\\\/#\\\/schema\\\/person\\\/3e7216a35c34d8fdf952b31da3d1f89f\"},\"headline\":\"Cataguases registra sete casos de Covid-19 em vinte e quatro horas\",\"datePublished\":\"2020-06-30T21:30:23+00:00\",\"mainEntityOfPage\":{\"@id\":\"https:\\\/\\\/marcelolopes.jor.br\\\/site\\\/2020\\\/06\\\/30\\\/cataguases-registra-sete-casos-de-covid-19-em-vinte-e-quatro-horas\\\/\"},\"wordCount\":334,\"commentCount\":0,\"publisher\":{\"@id\":\"https:\\\/\\\/marcelolopes.jor.br\\\/site\\\/#organization\"},\"image\":{\"@id\":\"https:\\\/\\\/marcelolopes.jor.br\\\/site\\\/2020\\\/06\\\/30\\\/cataguases-registra-sete-casos-de-covid-19-em-vinte-e-quatro-horas\\\/#primaryimage\"},\"thumbnailUrl\":\"https:\\\/\\\/marcelolopes.jor.br\\\/site\\\/wp-content\\\/uploads\\\/2020\\\/06\\\/0235B8C6-BB1E-C568-EEE7-CDBE54E412B3.jpg\",\"keywords\":[\"boletim epidemiol\u00f3gico\",\"casos de covid-19\",\"Hospital de Cataguases\",\"interna\u00e7\u00f5es\"],\"articleSection\":[\"Not\u00edcias\"],\"inLanguage\":\"pt-BR\",\"potentialAction\":[{\"@type\":\"CommentAction\",\"name\":\"Comment\",\"target\":[\"https:\\\/\\\/marcelolopes.jor.br\\\/site\\\/2020\\\/06\\\/30\\\/cataguases-registra-sete-casos-de-covid-19-em-vinte-e-quatro-horas\\\/#respond\"]}]},{\"@type\":\"WebPage\",\"@id\":\"https:\\\/\\\/marcelolopes.jor.br\\\/site\\\/2020\\\/06\\\/30\\\/cataguases-registra-sete-casos-de-covid-19-em-vinte-e-quatro-horas\\\/\",\"url\":\"https:\\\/\\\/marcelolopes.jor.br\\\/site\\\/2020\\\/06\\\/30\\\/cataguases-registra-sete-casos-de-covid-19-em-vinte-e-quatro-horas\\\/\",\"name\":\"Cataguases registra sete casos de Covid-19 em vinte e quatro horas | Marcelo Lopes\",\"isPartOf\":{\"@id\":\"https:\\\/\\\/marcelolopes.jor.br\\\/site\\\/#website\"},\"primaryImageOfPage\":{\"@id\":\"https:\\\/\\\/marcelolopes.jor.br\\\/site\\\/2020\\\/06\\\/30\\\/cataguases-registra-sete-casos-de-covid-19-em-vinte-e-quatro-horas\\\/#primaryimage\"},\"image\":{\"@id\":\"https:\\\/\\\/marcelolopes.jor.br\\\/site\\\/2020\\\/06\\\/30\\\/cataguases-registra-sete-casos-de-covid-19-em-vinte-e-quatro-horas\\\/#primaryimage\"},\"thumbnailUrl\":\"https:\\\/\\\/marcelolopes.jor.br\\\/site\\\/wp-content\\\/uploads\\\/2020\\\/06\\\/0235B8C6-BB1E-C568-EEE7-CDBE54E412B3.jpg\",\"datePublished\":\"2020-06-30T21:30:23+00:00\",\"breadcrumb\":{\"@id\":\"https:\\\/\\\/marcelolopes.jor.br\\\/site\\\/2020\\\/06\\\/30\\\/cataguases-registra-sete-casos-de-covid-19-em-vinte-e-quatro-horas\\\/#breadcrumb\"},\"inLanguage\":\"pt-BR\",\"potentialAction\":[{\"@type\":\"ReadAction\",\"target\":[\"https:\\\/\\\/marcelolopes.jor.br\\\/site\\\/2020\\\/06\\\/30\\\/cataguases-registra-sete-casos-de-covid-19-em-vinte-e-quatro-horas\\\/\"]}]},{\"@type\":\"ImageObject\",\"inLanguage\":\"pt-BR\",\"@id\":\"https:\\\/\\\/marcelolopes.jor.br\\\/site\\\/2020\\\/06\\\/30\\\/cataguases-registra-sete-casos-de-covid-19-em-vinte-e-quatro-horas\\\/#primaryimage\",\"url\":\"https:\\\/\\\/marcelolopes.jor.br\\\/site\\\/wp-content\\\/uploads\\\/2020\\\/06\\\/0235B8C6-BB1E-C568-EEE7-CDBE54E412B3.jpg\",\"contentUrl\":\"https:\\\/\\\/marcelolopes.jor.br\\\/site\\\/wp-content\\\/uploads\\\/2020\\\/06\\\/0235B8C6-BB1E-C568-EEE7-CDBE54E412B3.jpg\",\"width\":630,\"height\":354},{\"@type\":\"BreadcrumbList\",\"@id\":\"https:\\\/\\\/marcelolopes.jor.br\\\/site\\\/2020\\\/06\\\/30\\\/cataguases-registra-sete-casos-de-covid-19-em-vinte-e-quatro-horas\\\/#breadcrumb\",\"itemListElement\":[{\"@type\":\"ListItem\",\"position\":1,\"name\":\"Home\",\"item\":\"https:\\\/\\\/marcelolopes.jor.br\\\/site\\\/\"},{\"@type\":\"ListItem\",\"position\":2,\"name\":\"Cataguases registra sete casos de Covid-19 em vinte e quatro horas\"}]},{\"@type\":\"WebSite\",\"@id\":\"https:\\\/\\\/marcelolopes.jor.br\\\/site\\\/#website\",\"url\":\"https:\\\/\\\/marcelolopes.jor.br\\\/site\\\/\",\"name\":\"Marcelo Lopes\",\"description\":\"Not\u00edcias de Cataguases e Regi\u00e3o\",\"publisher\":{\"@id\":\"https:\\\/\\\/marcelolopes.jor.br\\\/site\\\/#organization\"},\"potentialAction\":[{\"@type\":\"SearchAction\",\"target\":{\"@type\":\"EntryPoint\",\"urlTemplate\":\"https:\\\/\\\/marcelolopes.jor.br\\\/site\\\/?s={search_term_string}\"},\"query-input\":{\"@type\":\"PropertyValueSpecification\",\"valueRequired\":true,\"valueName\":\"search_term_string\"}}],\"inLanguage\":\"pt-BR\"},{\"@type\":\"Organization\",\"@id\":\"https:\\\/\\\/marcelolopes.jor.br\\\/site\\\/#organization\",\"name\":\"Site do Marcelo Lopes\",\"url\":\"https:\\\/\\\/marcelolopes.jor.br\\\/site\\\/\",\"logo\":{\"@type\":\"ImageObject\",\"inLanguage\":\"pt-BR\",\"@id\":\"https:\\\/\\\/marcelolopes.jor.br\\\/site\\\/#\\\/schema\\\/logo\\\/image\\\/\",\"url\":\"https:\\\/\\\/marcelolopes.jor.br\\\/site\\\/wp-content\\\/uploads\\\/2024\\\/11\\\/logo-1.png\",\"contentUrl\":\"https:\\\/\\\/marcelolopes.jor.br\\\/site\\\/wp-content\\\/uploads\\\/2024\\\/11\\\/logo-1.png\",\"width\":475,\"height\":80,\"caption\":\"Site do Marcelo Lopes\"},\"image\":{\"@id\":\"https:\\\/\\\/marcelolopes.jor.br\\\/site\\\/#\\\/schema\\\/logo\\\/image\\\/\"},\"sameAs\":[\"https:\\\/\\\/www.facebook.com\\\/sitedomarcelolopes\",\"https:\\\/\\\/www.instagram.com\\\/sitedomarcelolopes\\\/\",\"https:\\\/\\\/www.linkedin.com\\\/company\\\/site-do-marcelo-lopes\\\/\",\"https:\\\/\\\/www.youtube.com\\\/user\\\/marcelolopes957\"]},{\"@type\":\"Person\",\"@id\":\"https:\\\/\\\/marcelolopes.jor.br\\\/site\\\/#\\\/schema\\\/person\\\/3e7216a35c34d8fdf952b31da3d1f89f\",\"name\":\"Marcelo Lopes\",\"sameAs\":[\"http:\\\/\\\/www.marcelolopes.jor.br\"],\"url\":\"https:\\\/\\\/marcelolopes.jor.br\\\/site\\\/author\\\/marcelo\\\/\"}]}<\/script>\n<!-- \/ Yoast SEO plugin. -->","yoast_head_json":{"title":"Cataguases registra sete casos de Covid-19 em vinte e quatro horas | Marcelo Lopes","robots":{"index":"index","follow":"follow","max-snippet":"max-snippet:-1","max-image-preview":"max-image-preview:large","max-video-preview":"max-video-preview:-1"},"canonical":"https:\/\/marcelolopes.jor.br\/site\/2020\/06\/30\/cataguases-registra-sete-casos-de-covid-19-em-vinte-e-quatro-horas\/","og_locale":"pt_BR","og_type":"article","og_title":"Cataguases registra sete casos de Covid-19 em vinte e quatro horas | Marcelo Lopes","og_description":"A Secretaria Municipal de Sa\u00fade de Cataguases divulgou no final da tarde desta ter\u00e7a-feira, 30 de junho, o boletim epidemiol\u00f3gico referente a situa\u00e7\u00e3o da Covid-19 nas \u00faltimas vinte e quatro horas no munic\u00edpio. No Hospital de Cataguases, \u00fanico a prestarLeia mais Cataguases registra sete casos de Covid-19 em vinte e quatro horas","og_url":"https:\/\/marcelolopes.jor.br\/site\/2020\/06\/30\/cataguases-registra-sete-casos-de-covid-19-em-vinte-e-quatro-horas\/","og_site_name":"Marcelo Lopes","article_publisher":"https:\/\/www.facebook.com\/sitedomarcelolopes","article_published_time":"2020-06-30T21:30:23+00:00","og_image":[{"width":630,"height":354,"url":"https:\/\/marcelolopes.jor.br\/site\/wp-content\/uploads\/2020\/06\/0235B8C6-BB1E-C568-EEE7-CDBE54E412B3.jpg","type":"image\/jpeg"}],"author":"Marcelo Lopes","twitter_card":"summary_large_image","twitter_misc":{"Escrito por":"Marcelo Lopes","Est. tempo de leitura":"2 minutos"},"schema":{"@context":"https:\/\/schema.org","@graph":[{"@type":"NewsArticle","@id":"https:\/\/marcelolopes.jor.br\/site\/2020\/06\/30\/cataguases-registra-sete-casos-de-covid-19-em-vinte-e-quatro-horas\/#article","isPartOf":{"@id":"https:\/\/marcelolopes.jor.br\/site\/2020\/06\/30\/cataguases-registra-sete-casos-de-covid-19-em-vinte-e-quatro-horas\/"},"author":{"name":"Marcelo Lopes","@id":"https:\/\/marcelolopes.jor.br\/site\/#\/schema\/person\/3e7216a35c34d8fdf952b31da3d1f89f"},"headline":"Cataguases registra sete casos de Covid-19 em vinte e quatro horas","datePublished":"2020-06-30T21:30:23+00:00","mainEntityOfPage":{"@id":"https:\/\/marcelolopes.jor.br\/site\/2020\/06\/30\/cataguases-registra-sete-casos-de-covid-19-em-vinte-e-quatro-horas\/"},"wordCount":334,"commentCount":0,"publisher":{"@id":"https:\/\/marcelolopes.jor.br\/site\/#organization"},"image":{"@id":"https:\/\/marcelolopes.jor.br\/site\/2020\/06\/30\/cataguases-registra-sete-casos-de-covid-19-em-vinte-e-quatro-horas\/#primaryimage"},"thumbnailUrl":"https:\/\/marcelolopes.jor.br\/site\/wp-content\/uploads\/2020\/06\/0235B8C6-BB1E-C568-EEE7-CDBE54E412B3.jpg","keywords":["boletim epidemiol\u00f3gico","casos de covid-19","Hospital de Cataguases","interna\u00e7\u00f5es"],"articleSection":["Not\u00edcias"],"inLanguage":"pt-BR","potentialAction":[{"@type":"CommentAction","name":"Comment","target":["https:\/\/marcelolopes.jor.br\/site\/2020\/06\/30\/cataguases-registra-sete-casos-de-covid-19-em-vinte-e-quatro-horas\/#respond"]}]},{"@type":"WebPage","@id":"https:\/\/marcelolopes.jor.br\/site\/2020\/06\/30\/cataguases-registra-sete-casos-de-covid-19-em-vinte-e-quatro-horas\/","url":"https:\/\/marcelolopes.jor.br\/site\/2020\/06\/30\/cataguases-registra-sete-casos-de-covid-19-em-vinte-e-quatro-horas\/","name":"Cataguases registra sete casos de Covid-19 em vinte e quatro horas | Marcelo Lopes","isPartOf":{"@id":"https:\/\/marcelolopes.jor.br\/site\/#website"},"primaryImageOfPage":{"@id":"https:\/\/marcelolopes.jor.br\/site\/2020\/06\/30\/cataguases-registra-sete-casos-de-covid-19-em-vinte-e-quatro-horas\/#primaryimage"},"image":{"@id":"https:\/\/marcelolopes.jor.br\/site\/2020\/06\/30\/cataguases-registra-sete-casos-de-covid-19-em-vinte-e-quatro-horas\/#primaryimage"},"thumbnailUrl":"https:\/\/marcelolopes.jor.br\/site\/wp-content\/uploads\/2020\/06\/0235B8C6-BB1E-C568-EEE7-CDBE54E412B3.jpg","datePublished":"2020-06-30T21:30:23+00:00","breadcrumb":{"@id":"https:\/\/marcelolopes.jor.br\/site\/2020\/06\/30\/cataguases-registra-sete-casos-de-covid-19-em-vinte-e-quatro-horas\/#breadcrumb"},"inLanguage":"pt-BR","potentialAction":[{"@type":"ReadAction","target":["https:\/\/marcelolopes.jor.br\/site\/2020\/06\/30\/cataguases-registra-sete-casos-de-covid-19-em-vinte-e-quatro-horas\/"]}]},{"@type":"ImageObject","inLanguage":"pt-BR","@id":"https:\/\/marcelolopes.jor.br\/site\/2020\/06\/30\/cataguases-registra-sete-casos-de-covid-19-em-vinte-e-quatro-horas\/#primaryimage","url":"https:\/\/marcelolopes.jor.br\/site\/wp-content\/uploads\/2020\/06\/0235B8C6-BB1E-C568-EEE7-CDBE54E412B3.jpg","contentUrl":"https:\/\/marcelolopes.jor.br\/site\/wp-content\/uploads\/2020\/06\/0235B8C6-BB1E-C568-EEE7-CDBE54E412B3.jpg","width":630,"height":354},{"@type":"BreadcrumbList","@id":"https:\/\/marcelolopes.jor.br\/site\/2020\/06\/30\/cataguases-registra-sete-casos-de-covid-19-em-vinte-e-quatro-horas\/#breadcrumb","itemListElement":[{"@type":"ListItem","position":1,"name":"Home","item":"https:\/\/marcelolopes.jor.br\/site\/"},{"@type":"ListItem","position":2,"name":"Cataguases registra sete casos de Covid-19 em vinte e quatro horas"}]},{"@type":"WebSite","@id":"https:\/\/marcelolopes.jor.br\/site\/#website","url":"https:\/\/marcelolopes.jor.br\/site\/","name":"Marcelo Lopes","description":"Not\u00edcias de Cataguases e Regi\u00e3o","publisher":{"@id":"https:\/\/marcelolopes.jor.br\/site\/#organization"},"potentialAction":[{"@type":"SearchAction","target":{"@type":"EntryPoint","urlTemplate":"https:\/\/marcelolopes.jor.br\/site\/?s={search_term_string}"},"query-input":{"@type":"PropertyValueSpecification","valueRequired":true,"valueName":"search_term_string"}}],"inLanguage":"pt-BR"},{"@type":"Organization","@id":"https:\/\/marcelolopes.jor.br\/site\/#organization","name":"Site do Marcelo Lopes","url":"https:\/\/marcelolopes.jor.br\/site\/","logo":{"@type":"ImageObject","inLanguage":"pt-BR","@id":"https:\/\/marcelolopes.jor.br\/site\/#\/schema\/logo\/image\/","url":"https:\/\/marcelolopes.jor.br\/site\/wp-content\/uploads\/2024\/11\/logo-1.png","contentUrl":"https:\/\/marcelolopes.jor.br\/site\/wp-content\/uploads\/2024\/11\/logo-1.png","width":475,"height":80,"caption":"Site do Marcelo Lopes"},"image":{"@id":"https:\/\/marcelolopes.jor.br\/site\/#\/schema\/logo\/image\/"},"sameAs":["https:\/\/www.facebook.com\/sitedomarcelolopes","https:\/\/www.instagram.com\/sitedomarcelolopes\/","https:\/\/www.linkedin.com\/company\/site-do-marcelo-lopes\/","https:\/\/www.youtube.com\/user\/marcelolopes957"]},{"@type":"Person","@id":"https:\/\/marcelolopes.jor.br\/site\/#\/schema\/person\/3e7216a35c34d8fdf952b31da3d1f89f","name":"Marcelo Lopes","sameAs":["http:\/\/www.marcelolopes.jor.br"],"url":"https:\/\/marcelolopes.jor.br\/site\/author\/marcelo\/"}]}},"wps_subtitle":"Tamb\u00e9m foi registrado um \u00f3bito, o sexto desde o in\u00edcio da pandemia.","_links":{"self":[{"href":"https:\/\/marcelolopes.jor.br\/site\/wp-json\/wp\/v2\/posts\/15415","targetHints":{"allow":["GET"]}}],"collection":[{"href":"https:\/\/marcelolopes.jor.br\/site\/wp-json\/wp\/v2\/posts"}],"about":[{"href":"https:\/\/marcelolopes.jor.br\/site\/wp-json\/wp\/v2\/types\/post"}],"author":[{"embeddable":true,"href":"https:\/\/marcelolopes.jor.br\/site\/wp-json\/wp\/v2\/users\/2"}],"replies":[{"embeddable":true,"href":"https:\/\/marcelolopes.jor.br\/site\/wp-json\/wp\/v2\/comments?post=15415"}],"version-history":[{"count":0,"href":"https:\/\/marcelolopes.jor.br\/site\/wp-json\/wp\/v2\/posts\/15415\/revisions"}],"wp:featuredmedia":[{"embeddable":true,"href":"https:\/\/marcelolopes.jor.br\/site\/wp-json\/wp\/v2\/media\/14797"}],"wp:attachment":[{"href":"https:\/\/marcelolopes.jor.br\/site\/wp-json\/wp\/v2\/media?parent=15415"}],"wp:term":[{"taxonomy":"category","embeddable":true,"href":"https:\/\/marcelolopes.jor.br\/site\/wp-json\/wp\/v2\/categories?post=15415"},{"taxonomy":"post_tag","embeddable":true,"href":"https:\/\/marcelolopes.jor.br\/site\/wp-json\/wp\/v2\/tags?post=15415"}],"curies":[{"name":"wp","href":"https:\/\/api.w.org\/{rel}","templated":true}]}}