{"id":15394,"date":"2020-06-29T20:00:03","date_gmt":"2020-06-29T23:00:03","guid":{"rendered":"https:\/\/marcelolopes.jor.br\/?p=15394"},"modified":"2020-06-29T18:40:39","modified_gmt":"2020-06-29T21:40:39","slug":"cataguases-mantem-crescimento-lento-dos-casos-de-covid-19","status":"publish","type":"post","link":"https:\/\/marcelolopes.jor.br\/site\/2020\/06\/29\/cataguases-mantem-crescimento-lento-dos-casos-de-covid-19\/","title":{"rendered":"Cataguases mant\u00e9m crescimento lento dos casos de Covid-19"},"content":{"rendered":"<p style=\"text-align: justify;\">Nove pessoas est\u00e3o internadas nesta segunda-feira, 29 de junho, no hospital de Cataguases, com Covid-19 confirmado ou aguardando resultado dos exames. Apesar disso, a situa\u00e7\u00e3o segue dentro da normalidade para os padr\u00f5es daquela Santa Casa, conforme informou sua dire\u00e7\u00e3o. Os n\u00fameros da doen\u00e7a em Cataguases nesta segunda-feira, tamb\u00e9m foram divulgados no final da tarde e revelam 88 casos confirmados.<!--more--><\/p>\n<p style=\"text-align: justify;\">Como o Hospital de Cataguases \u00e9 o \u00fanico centro de atendimento de Covid-19 na microrregi\u00e3o, o n\u00famero de interna\u00e7\u00f5es que ocorrem l\u00e1 permite que a popula\u00e7\u00e3o acompanhe de perto a evolu\u00e7\u00e3o da doen\u00e7a no munic\u00edpio. De acordo com os dados informados no final da tarde de hoje, sete pessoas est\u00e3o internadas na UTI Geral por outras enfermidades. J\u00e1 na UTI Covid, especialmente preparada para este fim, est\u00e3o dois pacientes coma doen\u00e7a, sendo um de Cataguases e outro de Astolfo Dutra.<\/p>\n<p style=\"text-align: justify;\">Na Enfermaria (PV8), ainda conforme o boletim do Hospital de Cataguases, est\u00e3o seis pacientes sendo, quatro suspeitos de Cataguases, um suspeito de Dona Euz\u00e9bia e outro, confirmado, de Cataguases. No setor Pediatria, em isolamento, est\u00e1 uma crian\u00e7a, de Cataguases, que fez o teste para Covid-19 e aguarda resultado.<\/p>\n<p style=\"text-align: justify;\">De acordo com o Boletim Epidemiol\u00f3gico da Secretaria Municipal de Sa\u00fade, desta segunda-feira, 29, Cataguases registrou mais 1 paciente com Covid-19, totalizando 88 casos confirmados na cidade. Trata-se de uma mulher, de 24 anos. O n\u00famero de suspeitos \u00e9 22, sendo que 5 est\u00e3o hospitalizados e 3 em isolamento domiciliar. Estes 8 casos est\u00e3o aguardando resultado de exame. Outros 14 pacientes est\u00e3o em isolamento domiciliar, mas n\u00e3o fizeram o exame porque n\u00e3o se enquadram nos crit\u00e9rios da Secretaria de Estado de Sa\u00fade.<\/p>\n<p>Foto: Martin Lopez\/Pexels<\/p>\n<div class=\"gqltj69f75c7689b63\" ><br><\/div><style type=\"text\/css\">\r\n@media screen and (min-width: 1201px) {\r\n.gqltj69f75c7689b63 {\r\ndisplay: block;\r\n}\r\n}\r\n@media screen and (min-width: 993px) and (max-width: 1200px) {\r\n.gqltj69f75c7689b63 {\r\ndisplay: block;\r\n}\r\n}\r\n@media screen and (min-width: 769px) and (max-width: 992px) {\r\n.gqltj69f75c7689b63 {\r\ndisplay: block;\r\n}\r\n}\r\n@media screen and (min-width: 768px) and (max-width: 768px) {\r\n.gqltj69f75c7689b63 {\r\ndisplay: block;\r\n}\r\n}\r\n@media screen and (max-width: 767px) {\r\n.gqltj69f75c7689b63 {\r\ndisplay: block;\r\n}\r\n}\r\n<\/style>\r\n<div class=\"umpcn69f75c768fcd1\" ><div id=\"div_destino\"><\/div>\r\n<script src=\"https:\/\/cdn.snsrsv.com\/sdk.js\"><\/script>\r\n<script >\r\n      new sdk(\"464030C30061EA8BE065000000000001\") \r\n          .appendTo(\"div_destino\")\r\n          .disableStyle(true) \r\n          .setCacheBusterMacro(\"%%CACHEBUSTER%%\")\r\n          .setSize(\"800\",\"214\")\r\n          .setClickMacro(\"%%CLICK_URL_ESC%%\") \r\n          .setReferrerUrlMacro(\"%%REFERRER_URL_ESC%%\") \r\n          .start(); \r\n<\/script><\/div><style type=\"text\/css\">\r\n@media screen and (min-width: 1201px) {\r\n.umpcn69f75c768fcd1 {\r\ndisplay: block;\r\n}\r\n}\r\n@media screen and (min-width: 993px) and (max-width: 1200px) {\r\n.umpcn69f75c768fcd1 {\r\ndisplay: block;\r\n}\r\n}\r\n@media screen and (min-width: 769px) and (max-width: 992px) {\r\n.umpcn69f75c768fcd1 {\r\ndisplay: block;\r\n}\r\n}\r\n@media screen and (min-width: 768px) and (max-width: 768px) {\r\n.umpcn69f75c768fcd1 {\r\ndisplay: block;\r\n}\r\n}\r\n@media screen and (max-width: 767px) {\r\n.umpcn69f75c768fcd1 {\r\ndisplay: block;\r\n}\r\n}\r\n<\/style>\r\n","protected":false},"excerpt":{"rendered":"<p>Nove pessoas est\u00e3o internadas nesta segunda-feira, 29 de junho, no hospital de Cataguases, com Covid-19 confirmado ou aguardando resultado dos exames. Apesar disso, a situa\u00e7\u00e3o segue dentro da normalidade para os padr\u00f5es daquela Santa Casa, conforme informou sua dire\u00e7\u00e3o. Os<\/p>\n<p class=\"link-more\"><a class=\"more-link\" href=\"https:\/\/marcelolopes.jor.br\/site\/2020\/06\/29\/cataguases-mantem-crescimento-lento-dos-casos-de-covid-19\/\">Leia mais <span class=\"screen-reader-text\">Cataguases mant\u00e9m crescimento lento dos casos de Covid-19<\/span><\/a><\/p>\n","protected":false},"author":2,"featured_media":15396,"comment_status":"open","ping_status":"open","sticky":false,"template":"","format":"standard","meta":{"footnotes":""},"categories":[1],"tags":[2555,2241,341,970],"class_list":["post-15394","post","type-post","status-publish","format-standard","has-post-thumbnail","hentry","category-noticias","tag-casos-de-covid-19","tag-covid-19","tag-hospital-de-cataguases","tag-secretaria-de-saude","thumb-below-title"],"yoast_head":"<!-- This site is optimized with the Yoast SEO plugin v27.4 - https:\/\/yoast.com\/product\/yoast-seo-wordpress\/ -->\n<title>Cataguases mant\u00e9m crescimento lento dos casos de Covid-19 | Marcelo Lopes<\/title>\n<meta name=\"robots\" content=\"index, follow, max-snippet:-1, max-image-preview:large, max-video-preview:-1\" \/>\n<link rel=\"canonical\" href=\"https:\/\/marcelolopes.jor.br\/site\/2020\/06\/29\/cataguases-mantem-crescimento-lento-dos-casos-de-covid-19\/\" \/>\n<meta property=\"og:locale\" content=\"pt_BR\" \/>\n<meta property=\"og:type\" content=\"article\" \/>\n<meta property=\"og:title\" content=\"Cataguases mant\u00e9m crescimento lento dos casos de Covid-19 | Marcelo Lopes\" \/>\n<meta property=\"og:description\" content=\"Nove pessoas est\u00e3o internadas nesta segunda-feira, 29 de junho, no hospital de Cataguases, com Covid-19 confirmado ou aguardando resultado dos exames. Apesar disso, a situa\u00e7\u00e3o segue dentro da normalidade para os padr\u00f5es daquela Santa Casa, conforme informou sua dire\u00e7\u00e3o. OsLeia mais Cataguases mant\u00e9m crescimento lento dos casos de Covid-19\" \/>\n<meta property=\"og:url\" content=\"https:\/\/marcelolopes.jor.br\/site\/2020\/06\/29\/cataguases-mantem-crescimento-lento-dos-casos-de-covid-19\/\" \/>\n<meta property=\"og:site_name\" content=\"Marcelo Lopes\" \/>\n<meta property=\"article:publisher\" content=\"https:\/\/www.facebook.com\/sitedomarcelolopes\" \/>\n<meta property=\"article:published_time\" content=\"2020-06-29T23:00:03+00:00\" \/>\n<meta property=\"og:image\" content=\"https:\/\/marcelolopes.jor.br\/site\/wp-content\/uploads\/2020\/06\/person-putting-a-drop-on-test-tube-954583-1.jpg\" \/>\n\t<meta property=\"og:image:width\" content=\"1280\" \/>\n\t<meta property=\"og:image:height\" content=\"853\" \/>\n\t<meta property=\"og:image:type\" content=\"image\/jpeg\" \/>\n<meta name=\"author\" content=\"Marcelo Lopes\" \/>\n<meta name=\"twitter:card\" content=\"summary_large_image\" \/>\n<meta name=\"twitter:label1\" content=\"Escrito por\" \/>\n\t<meta name=\"twitter:data1\" content=\"Marcelo Lopes\" \/>\n\t<meta name=\"twitter:label2\" content=\"Est. tempo de leitura\" \/>\n\t<meta name=\"twitter:data2\" content=\"1 minuto\" \/>\n<script type=\"application\/ld+json\" class=\"yoast-schema-graph\">{\"@context\":\"https:\\\/\\\/schema.org\",\"@graph\":[{\"@type\":\"NewsArticle\",\"@id\":\"https:\\\/\\\/marcelolopes.jor.br\\\/site\\\/2020\\\/06\\\/29\\\/cataguases-mantem-crescimento-lento-dos-casos-de-covid-19\\\/#article\",\"isPartOf\":{\"@id\":\"https:\\\/\\\/marcelolopes.jor.br\\\/site\\\/2020\\\/06\\\/29\\\/cataguases-mantem-crescimento-lento-dos-casos-de-covid-19\\\/\"},\"author\":{\"name\":\"Marcelo Lopes\",\"@id\":\"https:\\\/\\\/marcelolopes.jor.br\\\/site\\\/#\\\/schema\\\/person\\\/3e7216a35c34d8fdf952b31da3d1f89f\"},\"headline\":\"Cataguases mant\u00e9m crescimento lento dos casos de Covid-19\",\"datePublished\":\"2020-06-29T23:00:03+00:00\",\"mainEntityOfPage\":{\"@id\":\"https:\\\/\\\/marcelolopes.jor.br\\\/site\\\/2020\\\/06\\\/29\\\/cataguases-mantem-crescimento-lento-dos-casos-de-covid-19\\\/\"},\"wordCount\":299,\"commentCount\":0,\"publisher\":{\"@id\":\"https:\\\/\\\/marcelolopes.jor.br\\\/site\\\/#organization\"},\"image\":{\"@id\":\"https:\\\/\\\/marcelolopes.jor.br\\\/site\\\/2020\\\/06\\\/29\\\/cataguases-mantem-crescimento-lento-dos-casos-de-covid-19\\\/#primaryimage\"},\"thumbnailUrl\":\"https:\\\/\\\/marcelolopes.jor.br\\\/site\\\/wp-content\\\/uploads\\\/2020\\\/06\\\/person-putting-a-drop-on-test-tube-954583-1.jpg\",\"keywords\":[\"casos de covid-19\",\"covid-19\",\"Hospital de Cataguases\",\"Secretaria de Sa\u00fade\"],\"articleSection\":[\"Not\u00edcias\"],\"inLanguage\":\"pt-BR\",\"potentialAction\":[{\"@type\":\"CommentAction\",\"name\":\"Comment\",\"target\":[\"https:\\\/\\\/marcelolopes.jor.br\\\/site\\\/2020\\\/06\\\/29\\\/cataguases-mantem-crescimento-lento-dos-casos-de-covid-19\\\/#respond\"]}]},{\"@type\":\"WebPage\",\"@id\":\"https:\\\/\\\/marcelolopes.jor.br\\\/site\\\/2020\\\/06\\\/29\\\/cataguases-mantem-crescimento-lento-dos-casos-de-covid-19\\\/\",\"url\":\"https:\\\/\\\/marcelolopes.jor.br\\\/site\\\/2020\\\/06\\\/29\\\/cataguases-mantem-crescimento-lento-dos-casos-de-covid-19\\\/\",\"name\":\"Cataguases mant\u00e9m crescimento lento dos casos de Covid-19 | Marcelo Lopes\",\"isPartOf\":{\"@id\":\"https:\\\/\\\/marcelolopes.jor.br\\\/site\\\/#website\"},\"primaryImageOfPage\":{\"@id\":\"https:\\\/\\\/marcelolopes.jor.br\\\/site\\\/2020\\\/06\\\/29\\\/cataguases-mantem-crescimento-lento-dos-casos-de-covid-19\\\/#primaryimage\"},\"image\":{\"@id\":\"https:\\\/\\\/marcelolopes.jor.br\\\/site\\\/2020\\\/06\\\/29\\\/cataguases-mantem-crescimento-lento-dos-casos-de-covid-19\\\/#primaryimage\"},\"thumbnailUrl\":\"https:\\\/\\\/marcelolopes.jor.br\\\/site\\\/wp-content\\\/uploads\\\/2020\\\/06\\\/person-putting-a-drop-on-test-tube-954583-1.jpg\",\"datePublished\":\"2020-06-29T23:00:03+00:00\",\"breadcrumb\":{\"@id\":\"https:\\\/\\\/marcelolopes.jor.br\\\/site\\\/2020\\\/06\\\/29\\\/cataguases-mantem-crescimento-lento-dos-casos-de-covid-19\\\/#breadcrumb\"},\"inLanguage\":\"pt-BR\",\"potentialAction\":[{\"@type\":\"ReadAction\",\"target\":[\"https:\\\/\\\/marcelolopes.jor.br\\\/site\\\/2020\\\/06\\\/29\\\/cataguases-mantem-crescimento-lento-dos-casos-de-covid-19\\\/\"]}]},{\"@type\":\"ImageObject\",\"inLanguage\":\"pt-BR\",\"@id\":\"https:\\\/\\\/marcelolopes.jor.br\\\/site\\\/2020\\\/06\\\/29\\\/cataguases-mantem-crescimento-lento-dos-casos-de-covid-19\\\/#primaryimage\",\"url\":\"https:\\\/\\\/marcelolopes.jor.br\\\/site\\\/wp-content\\\/uploads\\\/2020\\\/06\\\/person-putting-a-drop-on-test-tube-954583-1.jpg\",\"contentUrl\":\"https:\\\/\\\/marcelolopes.jor.br\\\/site\\\/wp-content\\\/uploads\\\/2020\\\/06\\\/person-putting-a-drop-on-test-tube-954583-1.jpg\",\"width\":1280,\"height\":853},{\"@type\":\"BreadcrumbList\",\"@id\":\"https:\\\/\\\/marcelolopes.jor.br\\\/site\\\/2020\\\/06\\\/29\\\/cataguases-mantem-crescimento-lento-dos-casos-de-covid-19\\\/#breadcrumb\",\"itemListElement\":[{\"@type\":\"ListItem\",\"position\":1,\"name\":\"Home\",\"item\":\"https:\\\/\\\/marcelolopes.jor.br\\\/site\\\/\"},{\"@type\":\"ListItem\",\"position\":2,\"name\":\"Cataguases mant\u00e9m crescimento lento dos casos de Covid-19\"}]},{\"@type\":\"WebSite\",\"@id\":\"https:\\\/\\\/marcelolopes.jor.br\\\/site\\\/#website\",\"url\":\"https:\\\/\\\/marcelolopes.jor.br\\\/site\\\/\",\"name\":\"Marcelo Lopes\",\"description\":\"Not\u00edcias de Cataguases e Regi\u00e3o\",\"publisher\":{\"@id\":\"https:\\\/\\\/marcelolopes.jor.br\\\/site\\\/#organization\"},\"potentialAction\":[{\"@type\":\"SearchAction\",\"target\":{\"@type\":\"EntryPoint\",\"urlTemplate\":\"https:\\\/\\\/marcelolopes.jor.br\\\/site\\\/?s={search_term_string}\"},\"query-input\":{\"@type\":\"PropertyValueSpecification\",\"valueRequired\":true,\"valueName\":\"search_term_string\"}}],\"inLanguage\":\"pt-BR\"},{\"@type\":\"Organization\",\"@id\":\"https:\\\/\\\/marcelolopes.jor.br\\\/site\\\/#organization\",\"name\":\"Site do Marcelo Lopes\",\"url\":\"https:\\\/\\\/marcelolopes.jor.br\\\/site\\\/\",\"logo\":{\"@type\":\"ImageObject\",\"inLanguage\":\"pt-BR\",\"@id\":\"https:\\\/\\\/marcelolopes.jor.br\\\/site\\\/#\\\/schema\\\/logo\\\/image\\\/\",\"url\":\"https:\\\/\\\/marcelolopes.jor.br\\\/site\\\/wp-content\\\/uploads\\\/2024\\\/11\\\/logo-1.png\",\"contentUrl\":\"https:\\\/\\\/marcelolopes.jor.br\\\/site\\\/wp-content\\\/uploads\\\/2024\\\/11\\\/logo-1.png\",\"width\":475,\"height\":80,\"caption\":\"Site do Marcelo Lopes\"},\"image\":{\"@id\":\"https:\\\/\\\/marcelolopes.jor.br\\\/site\\\/#\\\/schema\\\/logo\\\/image\\\/\"},\"sameAs\":[\"https:\\\/\\\/www.facebook.com\\\/sitedomarcelolopes\",\"https:\\\/\\\/www.instagram.com\\\/sitedomarcelolopes\\\/\",\"https:\\\/\\\/www.linkedin.com\\\/company\\\/site-do-marcelo-lopes\\\/\",\"https:\\\/\\\/www.youtube.com\\\/user\\\/marcelolopes957\"]},{\"@type\":\"Person\",\"@id\":\"https:\\\/\\\/marcelolopes.jor.br\\\/site\\\/#\\\/schema\\\/person\\\/3e7216a35c34d8fdf952b31da3d1f89f\",\"name\":\"Marcelo Lopes\",\"sameAs\":[\"http:\\\/\\\/www.marcelolopes.jor.br\"],\"url\":\"https:\\\/\\\/marcelolopes.jor.br\\\/site\\\/author\\\/marcelo\\\/\"}]}<\/script>\n<!-- \/ Yoast SEO plugin. -->","yoast_head_json":{"title":"Cataguases mant\u00e9m crescimento lento dos casos de Covid-19 | Marcelo Lopes","robots":{"index":"index","follow":"follow","max-snippet":"max-snippet:-1","max-image-preview":"max-image-preview:large","max-video-preview":"max-video-preview:-1"},"canonical":"https:\/\/marcelolopes.jor.br\/site\/2020\/06\/29\/cataguases-mantem-crescimento-lento-dos-casos-de-covid-19\/","og_locale":"pt_BR","og_type":"article","og_title":"Cataguases mant\u00e9m crescimento lento dos casos de Covid-19 | Marcelo Lopes","og_description":"Nove pessoas est\u00e3o internadas nesta segunda-feira, 29 de junho, no hospital de Cataguases, com Covid-19 confirmado ou aguardando resultado dos exames. Apesar disso, a situa\u00e7\u00e3o segue dentro da normalidade para os padr\u00f5es daquela Santa Casa, conforme informou sua dire\u00e7\u00e3o. OsLeia mais Cataguases mant\u00e9m crescimento lento dos casos de Covid-19","og_url":"https:\/\/marcelolopes.jor.br\/site\/2020\/06\/29\/cataguases-mantem-crescimento-lento-dos-casos-de-covid-19\/","og_site_name":"Marcelo Lopes","article_publisher":"https:\/\/www.facebook.com\/sitedomarcelolopes","article_published_time":"2020-06-29T23:00:03+00:00","og_image":[{"width":1280,"height":853,"url":"https:\/\/marcelolopes.jor.br\/site\/wp-content\/uploads\/2020\/06\/person-putting-a-drop-on-test-tube-954583-1.jpg","type":"image\/jpeg"}],"author":"Marcelo Lopes","twitter_card":"summary_large_image","twitter_misc":{"Escrito por":"Marcelo Lopes","Est. tempo de leitura":"1 minuto"},"schema":{"@context":"https:\/\/schema.org","@graph":[{"@type":"NewsArticle","@id":"https:\/\/marcelolopes.jor.br\/site\/2020\/06\/29\/cataguases-mantem-crescimento-lento-dos-casos-de-covid-19\/#article","isPartOf":{"@id":"https:\/\/marcelolopes.jor.br\/site\/2020\/06\/29\/cataguases-mantem-crescimento-lento-dos-casos-de-covid-19\/"},"author":{"name":"Marcelo Lopes","@id":"https:\/\/marcelolopes.jor.br\/site\/#\/schema\/person\/3e7216a35c34d8fdf952b31da3d1f89f"},"headline":"Cataguases mant\u00e9m crescimento lento dos casos de Covid-19","datePublished":"2020-06-29T23:00:03+00:00","mainEntityOfPage":{"@id":"https:\/\/marcelolopes.jor.br\/site\/2020\/06\/29\/cataguases-mantem-crescimento-lento-dos-casos-de-covid-19\/"},"wordCount":299,"commentCount":0,"publisher":{"@id":"https:\/\/marcelolopes.jor.br\/site\/#organization"},"image":{"@id":"https:\/\/marcelolopes.jor.br\/site\/2020\/06\/29\/cataguases-mantem-crescimento-lento-dos-casos-de-covid-19\/#primaryimage"},"thumbnailUrl":"https:\/\/marcelolopes.jor.br\/site\/wp-content\/uploads\/2020\/06\/person-putting-a-drop-on-test-tube-954583-1.jpg","keywords":["casos de covid-19","covid-19","Hospital de Cataguases","Secretaria de Sa\u00fade"],"articleSection":["Not\u00edcias"],"inLanguage":"pt-BR","potentialAction":[{"@type":"CommentAction","name":"Comment","target":["https:\/\/marcelolopes.jor.br\/site\/2020\/06\/29\/cataguases-mantem-crescimento-lento-dos-casos-de-covid-19\/#respond"]}]},{"@type":"WebPage","@id":"https:\/\/marcelolopes.jor.br\/site\/2020\/06\/29\/cataguases-mantem-crescimento-lento-dos-casos-de-covid-19\/","url":"https:\/\/marcelolopes.jor.br\/site\/2020\/06\/29\/cataguases-mantem-crescimento-lento-dos-casos-de-covid-19\/","name":"Cataguases mant\u00e9m crescimento lento dos casos de Covid-19 | Marcelo Lopes","isPartOf":{"@id":"https:\/\/marcelolopes.jor.br\/site\/#website"},"primaryImageOfPage":{"@id":"https:\/\/marcelolopes.jor.br\/site\/2020\/06\/29\/cataguases-mantem-crescimento-lento-dos-casos-de-covid-19\/#primaryimage"},"image":{"@id":"https:\/\/marcelolopes.jor.br\/site\/2020\/06\/29\/cataguases-mantem-crescimento-lento-dos-casos-de-covid-19\/#primaryimage"},"thumbnailUrl":"https:\/\/marcelolopes.jor.br\/site\/wp-content\/uploads\/2020\/06\/person-putting-a-drop-on-test-tube-954583-1.jpg","datePublished":"2020-06-29T23:00:03+00:00","breadcrumb":{"@id":"https:\/\/marcelolopes.jor.br\/site\/2020\/06\/29\/cataguases-mantem-crescimento-lento-dos-casos-de-covid-19\/#breadcrumb"},"inLanguage":"pt-BR","potentialAction":[{"@type":"ReadAction","target":["https:\/\/marcelolopes.jor.br\/site\/2020\/06\/29\/cataguases-mantem-crescimento-lento-dos-casos-de-covid-19\/"]}]},{"@type":"ImageObject","inLanguage":"pt-BR","@id":"https:\/\/marcelolopes.jor.br\/site\/2020\/06\/29\/cataguases-mantem-crescimento-lento-dos-casos-de-covid-19\/#primaryimage","url":"https:\/\/marcelolopes.jor.br\/site\/wp-content\/uploads\/2020\/06\/person-putting-a-drop-on-test-tube-954583-1.jpg","contentUrl":"https:\/\/marcelolopes.jor.br\/site\/wp-content\/uploads\/2020\/06\/person-putting-a-drop-on-test-tube-954583-1.jpg","width":1280,"height":853},{"@type":"BreadcrumbList","@id":"https:\/\/marcelolopes.jor.br\/site\/2020\/06\/29\/cataguases-mantem-crescimento-lento-dos-casos-de-covid-19\/#breadcrumb","itemListElement":[{"@type":"ListItem","position":1,"name":"Home","item":"https:\/\/marcelolopes.jor.br\/site\/"},{"@type":"ListItem","position":2,"name":"Cataguases mant\u00e9m crescimento lento dos casos de Covid-19"}]},{"@type":"WebSite","@id":"https:\/\/marcelolopes.jor.br\/site\/#website","url":"https:\/\/marcelolopes.jor.br\/site\/","name":"Marcelo Lopes","description":"Not\u00edcias de Cataguases e Regi\u00e3o","publisher":{"@id":"https:\/\/marcelolopes.jor.br\/site\/#organization"},"potentialAction":[{"@type":"SearchAction","target":{"@type":"EntryPoint","urlTemplate":"https:\/\/marcelolopes.jor.br\/site\/?s={search_term_string}"},"query-input":{"@type":"PropertyValueSpecification","valueRequired":true,"valueName":"search_term_string"}}],"inLanguage":"pt-BR"},{"@type":"Organization","@id":"https:\/\/marcelolopes.jor.br\/site\/#organization","name":"Site do Marcelo Lopes","url":"https:\/\/marcelolopes.jor.br\/site\/","logo":{"@type":"ImageObject","inLanguage":"pt-BR","@id":"https:\/\/marcelolopes.jor.br\/site\/#\/schema\/logo\/image\/","url":"https:\/\/marcelolopes.jor.br\/site\/wp-content\/uploads\/2024\/11\/logo-1.png","contentUrl":"https:\/\/marcelolopes.jor.br\/site\/wp-content\/uploads\/2024\/11\/logo-1.png","width":475,"height":80,"caption":"Site do Marcelo Lopes"},"image":{"@id":"https:\/\/marcelolopes.jor.br\/site\/#\/schema\/logo\/image\/"},"sameAs":["https:\/\/www.facebook.com\/sitedomarcelolopes","https:\/\/www.instagram.com\/sitedomarcelolopes\/","https:\/\/www.linkedin.com\/company\/site-do-marcelo-lopes\/","https:\/\/www.youtube.com\/user\/marcelolopes957"]},{"@type":"Person","@id":"https:\/\/marcelolopes.jor.br\/site\/#\/schema\/person\/3e7216a35c34d8fdf952b31da3d1f89f","name":"Marcelo Lopes","sameAs":["http:\/\/www.marcelolopes.jor.br"],"url":"https:\/\/marcelolopes.jor.br\/site\/author\/marcelo\/"}]}},"wps_subtitle":"Nesta segunda-feira foram confirmados 88 casos. Um a mais do que domingo.","_links":{"self":[{"href":"https:\/\/marcelolopes.jor.br\/site\/wp-json\/wp\/v2\/posts\/15394","targetHints":{"allow":["GET"]}}],"collection":[{"href":"https:\/\/marcelolopes.jor.br\/site\/wp-json\/wp\/v2\/posts"}],"about":[{"href":"https:\/\/marcelolopes.jor.br\/site\/wp-json\/wp\/v2\/types\/post"}],"author":[{"embeddable":true,"href":"https:\/\/marcelolopes.jor.br\/site\/wp-json\/wp\/v2\/users\/2"}],"replies":[{"embeddable":true,"href":"https:\/\/marcelolopes.jor.br\/site\/wp-json\/wp\/v2\/comments?post=15394"}],"version-history":[{"count":0,"href":"https:\/\/marcelolopes.jor.br\/site\/wp-json\/wp\/v2\/posts\/15394\/revisions"}],"wp:featuredmedia":[{"embeddable":true,"href":"https:\/\/marcelolopes.jor.br\/site\/wp-json\/wp\/v2\/media\/15396"}],"wp:attachment":[{"href":"https:\/\/marcelolopes.jor.br\/site\/wp-json\/wp\/v2\/media?parent=15394"}],"wp:term":[{"taxonomy":"category","embeddable":true,"href":"https:\/\/marcelolopes.jor.br\/site\/wp-json\/wp\/v2\/categories?post=15394"},{"taxonomy":"post_tag","embeddable":true,"href":"https:\/\/marcelolopes.jor.br\/site\/wp-json\/wp\/v2\/tags?post=15394"}],"curies":[{"name":"wp","href":"https:\/\/api.w.org\/{rel}","templated":true}]}}