{"id":15390,"date":"2020-06-30T07:00:06","date_gmt":"2020-06-30T10:00:06","guid":{"rendered":"https:\/\/marcelolopes.jor.br\/?p=15390"},"modified":"2020-06-29T15:07:32","modified_gmt":"2020-06-29T18:07:32","slug":"enquete-que-vai-definir-nova-data-do-enem-termina-hoje","status":"publish","type":"post","link":"https:\/\/marcelolopes.jor.br\/site\/2020\/06\/30\/enquete-que-vai-definir-nova-data-do-enem-termina-hoje\/","title":{"rendered":"Enquete que vai definir nova data do Enem termina hoje"},"content":{"rendered":"<p style=\"text-align: justify;\">Termina nesta ter\u00e7a-feira, 30 de junho, o prazo para vota\u00e7\u00e3o da nova data para a realiza\u00e7\u00e3o das provas adiadas devido a pandemia da covid-19. A enquete, dispon\u00edvel somente aos inscritos pela <a href=\"https:\/\/enem.inep.gov.br\/participante\/#!\/\"><strong><span style=\"color: #800080;\">P\u00e1gina do Participante<\/span><\/strong><\/a>, apresenta tr\u00eas op\u00e7\u00f5es de datas:<!--more--><\/p>\n<p style=\"text-align: justify;\">1) Enem impresso em 6 e 13 de dezembro de 2020; e Enem digital em 10 e 17 de janeiro de 2021;<\/p>\n<p style=\"text-align: justify;\">2) Enem impresso 10 e 17 de janeiro de 2021; e Enem digital em 24 e 31 de janeiro de 2021;<\/p>\n<p style=\"text-align: justify;\">3) Enem impresso em 2 e 9 de maio de 2021; e Enem digital em 16 e 23 de maio de 2021.<\/p>\n<p style=\"text-align: justify;\">Os inscritos que desejarem votar em uma das tr\u00eas sugest\u00f5es dever\u00e3o seguir o passo a passo: Acessar a P\u00e1gina do Participante; fazer o login (CPF e senha) no portal; clicar em Enquete; escolher uma das tr\u00eas op\u00e7\u00f5es e, finalmente, clicar em &#8220;enviar&#8221;. Finalizado o processo, a contribui\u00e7\u00e3o ser\u00e1 computada.<\/p>\n<p style=\"text-align: justify;\">O Instituto An\u00edsio Teixeira (Inep) alerta que as informa\u00e7\u00f5es a respeito do Enem 2020 podem ser acompanhadas nos portais do Minist\u00e9rio da Educa\u00e7\u00e3o (MEC), assim como nas redes sociais oficiais dos dois \u00f3rg\u00e3os do governo federal. D\u00favidas relativas ao processo de inscri\u00e7\u00e3o podem ser sanadas pelo Fale Conosco, por meio do autoatendimento on-line ou do 0800 616161 (somente chamadas de telefone fixo).<\/p>\n<p style=\"text-align: justify;\"><strong>N\u00fameros<\/strong><br \/>\nA edi\u00e7\u00e3o 2020 do Enem tem 5,8 milh\u00f5es de inscritos. Segundo o Inep, o total marca um aumento de 13,5% em rela\u00e7\u00e3o ao ano passado. O Instituto credita a amplia\u00e7\u00e3o dos participantes a fatores como a modalidade digital, extens\u00e3o do per\u00edodo de pagamento e gratuidade autom\u00e1tica. A modalidade sem custo foi utilizada por 83% dos inscritos.<\/p>\n<p style=\"text-align: justify;\">Do total, 65,6% terminaram o ensino m\u00e9dio em anos anteriores, mais da metade tem mais de 20 anos de idade e 60% s\u00e3o mulheres. No recorte por cor, 47% s\u00e3o pardos, 34,7% s\u00e3o brancos, 13,3% s\u00e3o pretos e 2,2% s\u00e3o amarelos.<\/p>\n<p style=\"text-align: justify;\">Fonte: Ag\u00eancia Brasil | Foto: Marcello Casal Jr.<\/p>\n<div class=\"nimlj69f768bda56d7\" ><br><\/div><style type=\"text\/css\">\r\n@media screen and (min-width: 1201px) {\r\n.nimlj69f768bda56d7 {\r\ndisplay: block;\r\n}\r\n}\r\n@media screen and (min-width: 993px) and (max-width: 1200px) {\r\n.nimlj69f768bda56d7 {\r\ndisplay: block;\r\n}\r\n}\r\n@media screen and (min-width: 769px) and (max-width: 992px) {\r\n.nimlj69f768bda56d7 {\r\ndisplay: block;\r\n}\r\n}\r\n@media screen and (min-width: 768px) and (max-width: 768px) {\r\n.nimlj69f768bda56d7 {\r\ndisplay: block;\r\n}\r\n}\r\n@media screen and (max-width: 767px) {\r\n.nimlj69f768bda56d7 {\r\ndisplay: block;\r\n}\r\n}\r\n<\/style>\r\n<div class=\"ebyqb69f768bdac12c\" ><div id=\"div_destino\"><\/div>\r\n<script src=\"https:\/\/cdn.snsrsv.com\/sdk.js\"><\/script>\r\n<script >\r\n      new sdk(\"464030C30061EA8BE065000000000001\") \r\n          .appendTo(\"div_destino\")\r\n          .disableStyle(true) \r\n          .setCacheBusterMacro(\"%%CACHEBUSTER%%\")\r\n          .setSize(\"800\",\"214\")\r\n          .setClickMacro(\"%%CLICK_URL_ESC%%\") \r\n          .setReferrerUrlMacro(\"%%REFERRER_URL_ESC%%\") \r\n          .start(); \r\n<\/script><\/div><style type=\"text\/css\">\r\n@media screen and (min-width: 1201px) {\r\n.ebyqb69f768bdac12c {\r\ndisplay: block;\r\n}\r\n}\r\n@media screen and (min-width: 993px) and (max-width: 1200px) {\r\n.ebyqb69f768bdac12c {\r\ndisplay: block;\r\n}\r\n}\r\n@media screen and (min-width: 769px) and (max-width: 992px) {\r\n.ebyqb69f768bdac12c {\r\ndisplay: block;\r\n}\r\n}\r\n@media screen and (min-width: 768px) and (max-width: 768px) {\r\n.ebyqb69f768bdac12c {\r\ndisplay: block;\r\n}\r\n}\r\n@media screen and (max-width: 767px) {\r\n.ebyqb69f768bdac12c {\r\ndisplay: block;\r\n}\r\n}\r\n<\/style>\r\n","protected":false},"excerpt":{"rendered":"<p>Termina nesta ter\u00e7a-feira, 30 de junho, o prazo para vota\u00e7\u00e3o da nova data para a realiza\u00e7\u00e3o das provas adiadas devido a pandemia da covid-19. A enquete, dispon\u00edvel somente aos inscritos pela P\u00e1gina do Participante, apresenta tr\u00eas op\u00e7\u00f5es de datas:<\/p>\n","protected":false},"author":2,"featured_media":15392,"comment_status":"open","ping_status":"open","sticky":false,"template":"","format":"standard","meta":{"footnotes":""},"categories":[1],"tags":[51,2400,190,195],"class_list":["post-15390","post","type-post","status-publish","format-standard","has-post-thumbnail","hentry","category-noticias","tag-educacao","tag-enem-2020","tag-exame","tag-prova","thumb-below-title"],"yoast_head":"<!-- This site is optimized with the Yoast SEO plugin v27.4 - https:\/\/yoast.com\/product\/yoast-seo-wordpress\/ -->\n<title>Enquete que vai definir nova data do Enem termina hoje | Marcelo Lopes<\/title>\n<meta name=\"robots\" content=\"index, follow, max-snippet:-1, max-image-preview:large, max-video-preview:-1\" \/>\n<link rel=\"canonical\" href=\"https:\/\/marcelolopes.jor.br\/site\/2020\/06\/30\/enquete-que-vai-definir-nova-data-do-enem-termina-hoje\/\" \/>\n<meta property=\"og:locale\" content=\"pt_BR\" \/>\n<meta property=\"og:type\" content=\"article\" \/>\n<meta property=\"og:title\" content=\"Enquete que vai definir nova data do Enem termina hoje | Marcelo Lopes\" \/>\n<meta property=\"og:description\" content=\"Termina nesta ter\u00e7a-feira, 30 de junho, o prazo para vota\u00e7\u00e3o da nova data para a realiza\u00e7\u00e3o das provas adiadas devido a pandemia da covid-19. A enquete, dispon\u00edvel somente aos inscritos pela P\u00e1gina do Participante, apresenta tr\u00eas op\u00e7\u00f5es de datas:\" \/>\n<meta property=\"og:url\" content=\"https:\/\/marcelolopes.jor.br\/site\/2020\/06\/30\/enquete-que-vai-definir-nova-data-do-enem-termina-hoje\/\" \/>\n<meta property=\"og:site_name\" content=\"Marcelo Lopes\" \/>\n<meta property=\"article:publisher\" content=\"https:\/\/www.facebook.com\/sitedomarcelolopes\" \/>\n<meta property=\"article:published_time\" content=\"2020-06-30T10:00:06+00:00\" \/>\n<meta property=\"og:image\" content=\"https:\/\/marcelolopes.jor.br\/site\/wp-content\/uploads\/2020\/06\/enem_0521203165.jpg\" \/>\n\t<meta property=\"og:image:width\" content=\"1170\" \/>\n\t<meta property=\"og:image:height\" content=\"700\" \/>\n\t<meta property=\"og:image:type\" content=\"image\/jpeg\" \/>\n<meta name=\"author\" content=\"Marcelo Lopes\" \/>\n<meta name=\"twitter:card\" content=\"summary_large_image\" \/>\n<meta name=\"twitter:label1\" content=\"Escrito por\" \/>\n\t<meta name=\"twitter:data1\" content=\"Marcelo Lopes\" \/>\n\t<meta name=\"twitter:label2\" content=\"Est. tempo de leitura\" \/>\n\t<meta name=\"twitter:data2\" content=\"2 minutos\" \/>\n<script type=\"application\/ld+json\" class=\"yoast-schema-graph\">{\"@context\":\"https:\\\/\\\/schema.org\",\"@graph\":[{\"@type\":\"NewsArticle\",\"@id\":\"https:\\\/\\\/marcelolopes.jor.br\\\/site\\\/2020\\\/06\\\/30\\\/enquete-que-vai-definir-nova-data-do-enem-termina-hoje\\\/#article\",\"isPartOf\":{\"@id\":\"https:\\\/\\\/marcelolopes.jor.br\\\/site\\\/2020\\\/06\\\/30\\\/enquete-que-vai-definir-nova-data-do-enem-termina-hoje\\\/\"},\"author\":{\"name\":\"Marcelo Lopes\",\"@id\":\"https:\\\/\\\/marcelolopes.jor.br\\\/site\\\/#\\\/schema\\\/person\\\/3e7216a35c34d8fdf952b31da3d1f89f\"},\"headline\":\"Enquete que vai definir nova data do Enem termina hoje\",\"datePublished\":\"2020-06-30T10:00:06+00:00\",\"mainEntityOfPage\":{\"@id\":\"https:\\\/\\\/marcelolopes.jor.br\\\/site\\\/2020\\\/06\\\/30\\\/enquete-que-vai-definir-nova-data-do-enem-termina-hoje\\\/\"},\"wordCount\":330,\"commentCount\":0,\"publisher\":{\"@id\":\"https:\\\/\\\/marcelolopes.jor.br\\\/site\\\/#organization\"},\"image\":{\"@id\":\"https:\\\/\\\/marcelolopes.jor.br\\\/site\\\/2020\\\/06\\\/30\\\/enquete-que-vai-definir-nova-data-do-enem-termina-hoje\\\/#primaryimage\"},\"thumbnailUrl\":\"https:\\\/\\\/marcelolopes.jor.br\\\/site\\\/wp-content\\\/uploads\\\/2020\\\/06\\\/enem_0521203165.jpg\",\"keywords\":[\"Educa\u00e7\u00e3o\",\"Enem 2020\",\"exame\",\"prova\"],\"articleSection\":[\"Not\u00edcias\"],\"inLanguage\":\"pt-BR\",\"potentialAction\":[{\"@type\":\"CommentAction\",\"name\":\"Comment\",\"target\":[\"https:\\\/\\\/marcelolopes.jor.br\\\/site\\\/2020\\\/06\\\/30\\\/enquete-que-vai-definir-nova-data-do-enem-termina-hoje\\\/#respond\"]}]},{\"@type\":\"WebPage\",\"@id\":\"https:\\\/\\\/marcelolopes.jor.br\\\/site\\\/2020\\\/06\\\/30\\\/enquete-que-vai-definir-nova-data-do-enem-termina-hoje\\\/\",\"url\":\"https:\\\/\\\/marcelolopes.jor.br\\\/site\\\/2020\\\/06\\\/30\\\/enquete-que-vai-definir-nova-data-do-enem-termina-hoje\\\/\",\"name\":\"Enquete que vai definir nova data do Enem termina hoje | Marcelo Lopes\",\"isPartOf\":{\"@id\":\"https:\\\/\\\/marcelolopes.jor.br\\\/site\\\/#website\"},\"primaryImageOfPage\":{\"@id\":\"https:\\\/\\\/marcelolopes.jor.br\\\/site\\\/2020\\\/06\\\/30\\\/enquete-que-vai-definir-nova-data-do-enem-termina-hoje\\\/#primaryimage\"},\"image\":{\"@id\":\"https:\\\/\\\/marcelolopes.jor.br\\\/site\\\/2020\\\/06\\\/30\\\/enquete-que-vai-definir-nova-data-do-enem-termina-hoje\\\/#primaryimage\"},\"thumbnailUrl\":\"https:\\\/\\\/marcelolopes.jor.br\\\/site\\\/wp-content\\\/uploads\\\/2020\\\/06\\\/enem_0521203165.jpg\",\"datePublished\":\"2020-06-30T10:00:06+00:00\",\"breadcrumb\":{\"@id\":\"https:\\\/\\\/marcelolopes.jor.br\\\/site\\\/2020\\\/06\\\/30\\\/enquete-que-vai-definir-nova-data-do-enem-termina-hoje\\\/#breadcrumb\"},\"inLanguage\":\"pt-BR\",\"potentialAction\":[{\"@type\":\"ReadAction\",\"target\":[\"https:\\\/\\\/marcelolopes.jor.br\\\/site\\\/2020\\\/06\\\/30\\\/enquete-que-vai-definir-nova-data-do-enem-termina-hoje\\\/\"]}]},{\"@type\":\"ImageObject\",\"inLanguage\":\"pt-BR\",\"@id\":\"https:\\\/\\\/marcelolopes.jor.br\\\/site\\\/2020\\\/06\\\/30\\\/enquete-que-vai-definir-nova-data-do-enem-termina-hoje\\\/#primaryimage\",\"url\":\"https:\\\/\\\/marcelolopes.jor.br\\\/site\\\/wp-content\\\/uploads\\\/2020\\\/06\\\/enem_0521203165.jpg\",\"contentUrl\":\"https:\\\/\\\/marcelolopes.jor.br\\\/site\\\/wp-content\\\/uploads\\\/2020\\\/06\\\/enem_0521203165.jpg\",\"width\":1170,\"height\":700,\"caption\":\"FC000000000:zzzzzz0 c11e 003c02d03d42de5183d2 cc0 990 dc1ae 50 0293168244 0 0 0 0 0 0 0 01f431a4318d 01c 01cc31a4318d 01c 01a431a4318f 01c 017c31ad3185 01c 015431d431b0 01c 013032b5331c 01c 013a33e8335a 01c 014434283473 01c 014e33d03513 01c 015833f9362e 01c 016233413562 01c 013a32c9334a 01c 0 1 1 1 1 1 1 1 1 1 1 1 1 1 1 1 1 1 1 1 1 1 1 1 1 1 1 1 1 1 1 1 1 1 1 1 1 1 1 1 1 1 1 1 1 1 1 1 1 1 1 1 1 1 1 1 1 1 1 1 1 1 1 1 1 1 1 1 1 1 1 1 1138813881388138813881388138813881388138813881388138813881388138813881388138813881388138813881388138813881388138813881388138813881388138813881388138813881388138813881388138813881388138813881388138813881388138813881388138813881388138813881388138813881388138813881388138813881388138813881388138813881388138813881388138813881388138813881388138813881388138813881388138813881388138813881388138813881388138813881388138813881388138813881388138813881388138813881388138813881388138813881388138813881388138813881388138813881388138813881388138813881388138813881388138813881\"},{\"@type\":\"BreadcrumbList\",\"@id\":\"https:\\\/\\\/marcelolopes.jor.br\\\/site\\\/2020\\\/06\\\/30\\\/enquete-que-vai-definir-nova-data-do-enem-termina-hoje\\\/#breadcrumb\",\"itemListElement\":[{\"@type\":\"ListItem\",\"position\":1,\"name\":\"Home\",\"item\":\"https:\\\/\\\/marcelolopes.jor.br\\\/site\\\/\"},{\"@type\":\"ListItem\",\"position\":2,\"name\":\"Enquete que vai definir nova data do Enem termina hoje\"}]},{\"@type\":\"WebSite\",\"@id\":\"https:\\\/\\\/marcelolopes.jor.br\\\/site\\\/#website\",\"url\":\"https:\\\/\\\/marcelolopes.jor.br\\\/site\\\/\",\"name\":\"Marcelo Lopes\",\"description\":\"Not\u00edcias de Cataguases e Regi\u00e3o\",\"publisher\":{\"@id\":\"https:\\\/\\\/marcelolopes.jor.br\\\/site\\\/#organization\"},\"potentialAction\":[{\"@type\":\"SearchAction\",\"target\":{\"@type\":\"EntryPoint\",\"urlTemplate\":\"https:\\\/\\\/marcelolopes.jor.br\\\/site\\\/?s={search_term_string}\"},\"query-input\":{\"@type\":\"PropertyValueSpecification\",\"valueRequired\":true,\"valueName\":\"search_term_string\"}}],\"inLanguage\":\"pt-BR\"},{\"@type\":\"Organization\",\"@id\":\"https:\\\/\\\/marcelolopes.jor.br\\\/site\\\/#organization\",\"name\":\"Site do Marcelo Lopes\",\"url\":\"https:\\\/\\\/marcelolopes.jor.br\\\/site\\\/\",\"logo\":{\"@type\":\"ImageObject\",\"inLanguage\":\"pt-BR\",\"@id\":\"https:\\\/\\\/marcelolopes.jor.br\\\/site\\\/#\\\/schema\\\/logo\\\/image\\\/\",\"url\":\"https:\\\/\\\/marcelolopes.jor.br\\\/site\\\/wp-content\\\/uploads\\\/2024\\\/11\\\/logo-1.png\",\"contentUrl\":\"https:\\\/\\\/marcelolopes.jor.br\\\/site\\\/wp-content\\\/uploads\\\/2024\\\/11\\\/logo-1.png\",\"width\":475,\"height\":80,\"caption\":\"Site do Marcelo Lopes\"},\"image\":{\"@id\":\"https:\\\/\\\/marcelolopes.jor.br\\\/site\\\/#\\\/schema\\\/logo\\\/image\\\/\"},\"sameAs\":[\"https:\\\/\\\/www.facebook.com\\\/sitedomarcelolopes\",\"https:\\\/\\\/www.instagram.com\\\/sitedomarcelolopes\\\/\",\"https:\\\/\\\/www.linkedin.com\\\/company\\\/site-do-marcelo-lopes\\\/\",\"https:\\\/\\\/www.youtube.com\\\/user\\\/marcelolopes957\"]},{\"@type\":\"Person\",\"@id\":\"https:\\\/\\\/marcelolopes.jor.br\\\/site\\\/#\\\/schema\\\/person\\\/3e7216a35c34d8fdf952b31da3d1f89f\",\"name\":\"Marcelo Lopes\",\"sameAs\":[\"http:\\\/\\\/www.marcelolopes.jor.br\"],\"url\":\"https:\\\/\\\/marcelolopes.jor.br\\\/site\\\/author\\\/marcelo\\\/\"}]}<\/script>\n<!-- \/ Yoast SEO plugin. -->","yoast_head_json":{"title":"Enquete que vai definir nova data do Enem termina hoje | Marcelo Lopes","robots":{"index":"index","follow":"follow","max-snippet":"max-snippet:-1","max-image-preview":"max-image-preview:large","max-video-preview":"max-video-preview:-1"},"canonical":"https:\/\/marcelolopes.jor.br\/site\/2020\/06\/30\/enquete-que-vai-definir-nova-data-do-enem-termina-hoje\/","og_locale":"pt_BR","og_type":"article","og_title":"Enquete que vai definir nova data do Enem termina hoje | Marcelo Lopes","og_description":"Termina nesta ter\u00e7a-feira, 30 de junho, o prazo para vota\u00e7\u00e3o da nova data para a realiza\u00e7\u00e3o das provas adiadas devido a pandemia da covid-19. A enquete, dispon\u00edvel somente aos inscritos pela P\u00e1gina do Participante, apresenta tr\u00eas op\u00e7\u00f5es de datas:","og_url":"https:\/\/marcelolopes.jor.br\/site\/2020\/06\/30\/enquete-que-vai-definir-nova-data-do-enem-termina-hoje\/","og_site_name":"Marcelo Lopes","article_publisher":"https:\/\/www.facebook.com\/sitedomarcelolopes","article_published_time":"2020-06-30T10:00:06+00:00","og_image":[{"width":1170,"height":700,"url":"https:\/\/marcelolopes.jor.br\/site\/wp-content\/uploads\/2020\/06\/enem_0521203165.jpg","type":"image\/jpeg"}],"author":"Marcelo Lopes","twitter_card":"summary_large_image","twitter_misc":{"Escrito por":"Marcelo Lopes","Est. tempo de leitura":"2 minutos"},"schema":{"@context":"https:\/\/schema.org","@graph":[{"@type":"NewsArticle","@id":"https:\/\/marcelolopes.jor.br\/site\/2020\/06\/30\/enquete-que-vai-definir-nova-data-do-enem-termina-hoje\/#article","isPartOf":{"@id":"https:\/\/marcelolopes.jor.br\/site\/2020\/06\/30\/enquete-que-vai-definir-nova-data-do-enem-termina-hoje\/"},"author":{"name":"Marcelo Lopes","@id":"https:\/\/marcelolopes.jor.br\/site\/#\/schema\/person\/3e7216a35c34d8fdf952b31da3d1f89f"},"headline":"Enquete que vai definir nova data do Enem termina hoje","datePublished":"2020-06-30T10:00:06+00:00","mainEntityOfPage":{"@id":"https:\/\/marcelolopes.jor.br\/site\/2020\/06\/30\/enquete-que-vai-definir-nova-data-do-enem-termina-hoje\/"},"wordCount":330,"commentCount":0,"publisher":{"@id":"https:\/\/marcelolopes.jor.br\/site\/#organization"},"image":{"@id":"https:\/\/marcelolopes.jor.br\/site\/2020\/06\/30\/enquete-que-vai-definir-nova-data-do-enem-termina-hoje\/#primaryimage"},"thumbnailUrl":"https:\/\/marcelolopes.jor.br\/site\/wp-content\/uploads\/2020\/06\/enem_0521203165.jpg","keywords":["Educa\u00e7\u00e3o","Enem 2020","exame","prova"],"articleSection":["Not\u00edcias"],"inLanguage":"pt-BR","potentialAction":[{"@type":"CommentAction","name":"Comment","target":["https:\/\/marcelolopes.jor.br\/site\/2020\/06\/30\/enquete-que-vai-definir-nova-data-do-enem-termina-hoje\/#respond"]}]},{"@type":"WebPage","@id":"https:\/\/marcelolopes.jor.br\/site\/2020\/06\/30\/enquete-que-vai-definir-nova-data-do-enem-termina-hoje\/","url":"https:\/\/marcelolopes.jor.br\/site\/2020\/06\/30\/enquete-que-vai-definir-nova-data-do-enem-termina-hoje\/","name":"Enquete que vai definir nova data do Enem termina hoje | Marcelo Lopes","isPartOf":{"@id":"https:\/\/marcelolopes.jor.br\/site\/#website"},"primaryImageOfPage":{"@id":"https:\/\/marcelolopes.jor.br\/site\/2020\/06\/30\/enquete-que-vai-definir-nova-data-do-enem-termina-hoje\/#primaryimage"},"image":{"@id":"https:\/\/marcelolopes.jor.br\/site\/2020\/06\/30\/enquete-que-vai-definir-nova-data-do-enem-termina-hoje\/#primaryimage"},"thumbnailUrl":"https:\/\/marcelolopes.jor.br\/site\/wp-content\/uploads\/2020\/06\/enem_0521203165.jpg","datePublished":"2020-06-30T10:00:06+00:00","breadcrumb":{"@id":"https:\/\/marcelolopes.jor.br\/site\/2020\/06\/30\/enquete-que-vai-definir-nova-data-do-enem-termina-hoje\/#breadcrumb"},"inLanguage":"pt-BR","potentialAction":[{"@type":"ReadAction","target":["https:\/\/marcelolopes.jor.br\/site\/2020\/06\/30\/enquete-que-vai-definir-nova-data-do-enem-termina-hoje\/"]}]},{"@type":"ImageObject","inLanguage":"pt-BR","@id":"https:\/\/marcelolopes.jor.br\/site\/2020\/06\/30\/enquete-que-vai-definir-nova-data-do-enem-termina-hoje\/#primaryimage","url":"https:\/\/marcelolopes.jor.br\/site\/wp-content\/uploads\/2020\/06\/enem_0521203165.jpg","contentUrl":"https:\/\/marcelolopes.jor.br\/site\/wp-content\/uploads\/2020\/06\/enem_0521203165.jpg","width":1170,"height":700,"caption":"FC000000000:zzzzzz0 c11e 003c02d03d42de5183d2 cc0 990 dc1ae 50 0293168244 0 0 0 0 0 0 0 01f431a4318d 01c 01cc31a4318d 01c 01a431a4318f 01c 017c31ad3185 01c 015431d431b0 01c 013032b5331c 01c 013a33e8335a 01c 014434283473 01c 014e33d03513 01c 015833f9362e 01c 016233413562 01c 013a32c9334a 01c 0 1 1 1 1 1 1 1 1 1 1 1 1 1 1 1 1 1 1 1 1 1 1 1 1 1 1 1 1 1 1 1 1 1 1 1 1 1 1 1 1 1 1 1 1 1 1 1 1 1 1 1 1 1 1 1 1 1 1 1 1 1 1 1 1 1 1 1 1 1 1 1 1138813881388138813881388138813881388138813881388138813881388138813881388138813881388138813881388138813881388138813881388138813881388138813881388138813881388138813881388138813881388138813881388138813881388138813881388138813881388138813881388138813881388138813881388138813881388138813881388138813881388138813881388138813881388138813881388138813881388138813881388138813881388138813881388138813881388138813881388138813881388138813881388138813881388138813881388138813881388138813881388138813881388138813881388138813881388138813881388138813881388138813881388138813881"},{"@type":"BreadcrumbList","@id":"https:\/\/marcelolopes.jor.br\/site\/2020\/06\/30\/enquete-que-vai-definir-nova-data-do-enem-termina-hoje\/#breadcrumb","itemListElement":[{"@type":"ListItem","position":1,"name":"Home","item":"https:\/\/marcelolopes.jor.br\/site\/"},{"@type":"ListItem","position":2,"name":"Enquete que vai definir nova data do Enem termina hoje"}]},{"@type":"WebSite","@id":"https:\/\/marcelolopes.jor.br\/site\/#website","url":"https:\/\/marcelolopes.jor.br\/site\/","name":"Marcelo Lopes","description":"Not\u00edcias de Cataguases e Regi\u00e3o","publisher":{"@id":"https:\/\/marcelolopes.jor.br\/site\/#organization"},"potentialAction":[{"@type":"SearchAction","target":{"@type":"EntryPoint","urlTemplate":"https:\/\/marcelolopes.jor.br\/site\/?s={search_term_string}"},"query-input":{"@type":"PropertyValueSpecification","valueRequired":true,"valueName":"search_term_string"}}],"inLanguage":"pt-BR"},{"@type":"Organization","@id":"https:\/\/marcelolopes.jor.br\/site\/#organization","name":"Site do Marcelo Lopes","url":"https:\/\/marcelolopes.jor.br\/site\/","logo":{"@type":"ImageObject","inLanguage":"pt-BR","@id":"https:\/\/marcelolopes.jor.br\/site\/#\/schema\/logo\/image\/","url":"https:\/\/marcelolopes.jor.br\/site\/wp-content\/uploads\/2024\/11\/logo-1.png","contentUrl":"https:\/\/marcelolopes.jor.br\/site\/wp-content\/uploads\/2024\/11\/logo-1.png","width":475,"height":80,"caption":"Site do Marcelo Lopes"},"image":{"@id":"https:\/\/marcelolopes.jor.br\/site\/#\/schema\/logo\/image\/"},"sameAs":["https:\/\/www.facebook.com\/sitedomarcelolopes","https:\/\/www.instagram.com\/sitedomarcelolopes\/","https:\/\/www.linkedin.com\/company\/site-do-marcelo-lopes\/","https:\/\/www.youtube.com\/user\/marcelolopes957"]},{"@type":"Person","@id":"https:\/\/marcelolopes.jor.br\/site\/#\/schema\/person\/3e7216a35c34d8fdf952b31da3d1f89f","name":"Marcelo Lopes","sameAs":["http:\/\/www.marcelolopes.jor.br"],"url":"https:\/\/marcelolopes.jor.br\/site\/author\/marcelo\/"}]}},"wps_subtitle":"A edi\u00e7\u00e3o 2020 tem 5,8 milh\u00f5es de inscritos, informou o MEC.","_links":{"self":[{"href":"https:\/\/marcelolopes.jor.br\/site\/wp-json\/wp\/v2\/posts\/15390","targetHints":{"allow":["GET"]}}],"collection":[{"href":"https:\/\/marcelolopes.jor.br\/site\/wp-json\/wp\/v2\/posts"}],"about":[{"href":"https:\/\/marcelolopes.jor.br\/site\/wp-json\/wp\/v2\/types\/post"}],"author":[{"embeddable":true,"href":"https:\/\/marcelolopes.jor.br\/site\/wp-json\/wp\/v2\/users\/2"}],"replies":[{"embeddable":true,"href":"https:\/\/marcelolopes.jor.br\/site\/wp-json\/wp\/v2\/comments?post=15390"}],"version-history":[{"count":0,"href":"https:\/\/marcelolopes.jor.br\/site\/wp-json\/wp\/v2\/posts\/15390\/revisions"}],"wp:featuredmedia":[{"embeddable":true,"href":"https:\/\/marcelolopes.jor.br\/site\/wp-json\/wp\/v2\/media\/15392"}],"wp:attachment":[{"href":"https:\/\/marcelolopes.jor.br\/site\/wp-json\/wp\/v2\/media?parent=15390"}],"wp:term":[{"taxonomy":"category","embeddable":true,"href":"https:\/\/marcelolopes.jor.br\/site\/wp-json\/wp\/v2\/categories?post=15390"},{"taxonomy":"post_tag","embeddable":true,"href":"https:\/\/marcelolopes.jor.br\/site\/wp-json\/wp\/v2\/tags?post=15390"}],"curies":[{"name":"wp","href":"https:\/\/api.w.org\/{rel}","templated":true}]}}