{"id":15274,"date":"2020-06-26T07:00:00","date_gmt":"2020-06-26T10:00:00","guid":{"rendered":"https:\/\/marcelolopes.jor.br\/?p=15274"},"modified":"2020-06-25T17:22:25","modified_gmt":"2020-06-25T20:22:25","slug":"pedidos-de-seguro-desemprego-sobem-35-na-primeira-quinzena-de-junho","status":"publish","type":"post","link":"https:\/\/marcelolopes.jor.br\/site\/2020\/06\/26\/pedidos-de-seguro-desemprego-sobem-35-na-primeira-quinzena-de-junho\/","title":{"rendered":"Pedidos de seguro-desemprego sobem 35% na primeira quinzena de junho"},"content":{"rendered":"<p style=\"text-align: justify;\">Os pedidos de seguro-desemprego de trabalhadores com carteira assinada subiram 35% na primeira quinzena de junho em rela\u00e7\u00e3o ao mesmo per\u00edodo do ano passado. O levantamento foi divulgado hoje (25) pela Secretaria de Trabalho do Minist\u00e9rio da Economia e considera os atendimentos presenciais \u2013 nas unidades do Sistema Nacional de Emprego (Sine) e das Superintend\u00eancias Regionais do Trabalho \u2013 e os requerimentos virtuais.<!--more--><\/p>\n<p style=\"text-align: justify;\">Na primeira metade do m\u00eas, 351.315 benef\u00edcios de seguro-desemprego foram requeridos, contra 260.228 pedidos registrados no mesmo per\u00edodo do ano passado. Ao todo, 71,4% dos benef\u00edcios foram pedidos pela internet no m\u00eas passado, contra apenas 0,7% no mesmo per\u00edodo de 2019.<\/p>\n<p style=\"text-align: justify;\"><strong>N\u00famero acumulado<\/strong><br \/>\nApesar da alta em junho, os pedidos de seguro-desemprego cresceram em ritmo menor no acumulado do ano, tendo somado 3.648.762 de 2 janeiro a 15 de junho de 2020. O total representa aumento de 14,2% em rela\u00e7\u00e3o ao acumulado no mesmo per\u00edodo do ano passado, 3.194.122.<\/p>\n<p style=\"text-align: justify;\">No acumulado do ano, 52,2% dos requerimentos de seguro-desemprego (1.903.921) foram pedidos pela internet, pelo portal gov.br e pelo aplicativo da carteira de trabalho digital; 47,8% dos benef\u00edcios (1.744.841) foram pedidos presencialmente. No mesmo per\u00edodo do ano passado, 98,5% dos requerimentos (3.147.751) tinham sido pedidos nos postos do Sine e nas superintend\u00eancias regionais e apenas 1,5% (46.371) tinha sido solicitado pela internet.<\/p>\n<p style=\"text-align: justify;\">Embora os requerimentos possam ser feitos de forma 100% digital e sem espera para a concess\u00e3o do benef\u00edcio, o Minist\u00e9rio da Economia informou que os dados indicam que muitos trabalhadores continuam aguardando a reabertura dos postos do Sine, administrados pelos estados e pelos munic\u00edpios, para darem entrada nos pedidos. O empregado demitido ou que pediu demiss\u00e3o tem at\u00e9 120 dias depois da baixa na carteira de trabalho para dar entrada no seguro-desemprego.<\/p>\n<p style=\"text-align: justify;\"><strong>Perfil<\/strong><br \/>\nEm rela\u00e7\u00e3o ao perfil dos requerentes do seguro-desemprego na primeira quinzena de junho, a maioria \u00e9 masculina (60,2%). A faixa et\u00e1ria com maior n\u00famero de solicitantes est\u00e1 entre 30 e 39 anos (32%) e, quanto \u00e0 escolaridade, 60,4% t\u00eam ensino m\u00e9dio completo. Em rela\u00e7\u00e3o aos setores econ\u00f4micos, servi\u00e7os representou 41,7% dos requerimentos, seguido por com\u00e9rcio (25,3%), ind\u00fastria (19,3%) e constru\u00e7\u00e3o (9,8%).<\/p>\n<p style=\"text-align: justify;\">Os estados com o maior n\u00famero de pedidos foram S\u00e3o Paulo (109.278), Minas Gerais (37.130) e Rio de Janeiro (28.507) e os que tiveram maior propor\u00e7\u00e3o de requerimentos via web foram Acre (98,1%), Amap\u00e1 (95,2%) e Alagoas (92,2%).<\/p>\n<p style=\"text-align: justify;\">Fonte: Ag\u00eancia Brasil | Foto: Reuters &#8211; Amanda Perobelli<\/p>\n<div class=\"istkv69f77aa281fd7\" ><br><\/div><style type=\"text\/css\">\r\n@media screen and (min-width: 1201px) {\r\n.istkv69f77aa281fd7 {\r\ndisplay: block;\r\n}\r\n}\r\n@media screen and (min-width: 993px) and (max-width: 1200px) {\r\n.istkv69f77aa281fd7 {\r\ndisplay: block;\r\n}\r\n}\r\n@media screen and (min-width: 769px) and (max-width: 992px) {\r\n.istkv69f77aa281fd7 {\r\ndisplay: block;\r\n}\r\n}\r\n@media screen and (min-width: 768px) and (max-width: 768px) {\r\n.istkv69f77aa281fd7 {\r\ndisplay: block;\r\n}\r\n}\r\n@media screen and (max-width: 767px) {\r\n.istkv69f77aa281fd7 {\r\ndisplay: block;\r\n}\r\n}\r\n<\/style>\r\n<div class=\"hfrae69f77aa287915\" ><div id=\"div_destino\"><\/div>\r\n<script src=\"https:\/\/cdn.snsrsv.com\/sdk.js\"><\/script>\r\n<script >\r\n      new sdk(\"464030C30061EA8BE065000000000001\") \r\n          .appendTo(\"div_destino\")\r\n          .disableStyle(true) \r\n          .setCacheBusterMacro(\"%%CACHEBUSTER%%\")\r\n          .setSize(\"800\",\"214\")\r\n          .setClickMacro(\"%%CLICK_URL_ESC%%\") \r\n          .setReferrerUrlMacro(\"%%REFERRER_URL_ESC%%\") \r\n          .start(); \r\n<\/script><\/div><style type=\"text\/css\">\r\n@media screen and (min-width: 1201px) {\r\n.hfrae69f77aa287915 {\r\ndisplay: block;\r\n}\r\n}\r\n@media screen and (min-width: 993px) and (max-width: 1200px) {\r\n.hfrae69f77aa287915 {\r\ndisplay: block;\r\n}\r\n}\r\n@media screen and (min-width: 769px) and (max-width: 992px) {\r\n.hfrae69f77aa287915 {\r\ndisplay: block;\r\n}\r\n}\r\n@media screen and (min-width: 768px) and (max-width: 768px) {\r\n.hfrae69f77aa287915 {\r\ndisplay: block;\r\n}\r\n}\r\n@media screen and (max-width: 767px) {\r\n.hfrae69f77aa287915 {\r\ndisplay: block;\r\n}\r\n}\r\n<\/style>\r\n","protected":false},"excerpt":{"rendered":"<p>Os pedidos de seguro-desemprego de trabalhadores com carteira assinada subiram 35% na primeira quinzena de junho em rela\u00e7\u00e3o ao mesmo per\u00edodo do ano passado. O levantamento foi divulgado hoje (25) pela Secretaria de Trabalho do Minist\u00e9rio da Economia e considera<\/p>\n<p class=\"link-more\"><a class=\"more-link\" href=\"https:\/\/marcelolopes.jor.br\/site\/2020\/06\/26\/pedidos-de-seguro-desemprego-sobem-35-na-primeira-quinzena-de-junho\/\">Leia mais <span class=\"screen-reader-text\">Pedidos de seguro-desemprego sobem 35% na primeira quinzena de junho<\/span><\/a><\/p>\n","protected":false},"author":2,"featured_media":15276,"comment_status":"open","ping_status":"open","sticky":false,"template":"","format":"standard","meta":{"footnotes":""},"categories":[1],"tags":[2662,1334,483,2661,484],"class_list":["post-15274","post","type-post","status-publish","format-standard","has-post-thumbnail","hentry","category-noticias","tag-desempregado","tag-desemprego","tag-emprego","tag-seguro-desemprego","tag-trabalho","thumb-below-title"],"yoast_head":"<!-- This site is optimized with the Yoast SEO plugin v27.4 - https:\/\/yoast.com\/product\/yoast-seo-wordpress\/ -->\n<title>Pedidos de seguro-desemprego sobem 35% na primeira quinzena de junho | Marcelo Lopes<\/title>\n<meta name=\"robots\" content=\"index, follow, max-snippet:-1, max-image-preview:large, max-video-preview:-1\" \/>\n<link rel=\"canonical\" href=\"https:\/\/marcelolopes.jor.br\/site\/2020\/06\/26\/pedidos-de-seguro-desemprego-sobem-35-na-primeira-quinzena-de-junho\/\" \/>\n<meta property=\"og:locale\" content=\"pt_BR\" \/>\n<meta property=\"og:type\" content=\"article\" \/>\n<meta property=\"og:title\" content=\"Pedidos de seguro-desemprego sobem 35% na primeira quinzena de junho | Marcelo Lopes\" \/>\n<meta property=\"og:description\" content=\"Os pedidos de seguro-desemprego de trabalhadores com carteira assinada subiram 35% na primeira quinzena de junho em rela\u00e7\u00e3o ao mesmo per\u00edodo do ano passado. O levantamento foi divulgado hoje (25) pela Secretaria de Trabalho do Minist\u00e9rio da Economia e consideraLeia mais Pedidos de seguro-desemprego sobem 35% na primeira quinzena de junho\" \/>\n<meta property=\"og:url\" content=\"https:\/\/marcelolopes.jor.br\/site\/2020\/06\/26\/pedidos-de-seguro-desemprego-sobem-35-na-primeira-quinzena-de-junho\/\" \/>\n<meta property=\"og:site_name\" content=\"Marcelo Lopes\" \/>\n<meta property=\"article:publisher\" content=\"https:\/\/www.facebook.com\/sitedomarcelolopes\" \/>\n<meta property=\"article:published_time\" content=\"2020-06-26T10:00:00+00:00\" \/>\n<meta property=\"og:image\" content=\"https:\/\/marcelolopes.jor.br\/site\/wp-content\/uploads\/2020\/06\/sao_paulo_0.jpg\" \/>\n\t<meta property=\"og:image:width\" content=\"1170\" \/>\n\t<meta property=\"og:image:height\" content=\"700\" \/>\n\t<meta property=\"og:image:type\" content=\"image\/jpeg\" \/>\n<meta name=\"author\" content=\"Marcelo Lopes\" \/>\n<meta name=\"twitter:card\" content=\"summary_large_image\" \/>\n<meta name=\"twitter:label1\" content=\"Escrito por\" \/>\n\t<meta name=\"twitter:data1\" content=\"Marcelo Lopes\" \/>\n\t<meta name=\"twitter:label2\" content=\"Est. tempo de leitura\" \/>\n\t<meta name=\"twitter:data2\" content=\"2 minutos\" \/>\n<script type=\"application\/ld+json\" class=\"yoast-schema-graph\">{\"@context\":\"https:\\\/\\\/schema.org\",\"@graph\":[{\"@type\":\"NewsArticle\",\"@id\":\"https:\\\/\\\/marcelolopes.jor.br\\\/site\\\/2020\\\/06\\\/26\\\/pedidos-de-seguro-desemprego-sobem-35-na-primeira-quinzena-de-junho\\\/#article\",\"isPartOf\":{\"@id\":\"https:\\\/\\\/marcelolopes.jor.br\\\/site\\\/2020\\\/06\\\/26\\\/pedidos-de-seguro-desemprego-sobem-35-na-primeira-quinzena-de-junho\\\/\"},\"author\":{\"name\":\"Marcelo Lopes\",\"@id\":\"https:\\\/\\\/marcelolopes.jor.br\\\/site\\\/#\\\/schema\\\/person\\\/3e7216a35c34d8fdf952b31da3d1f89f\"},\"headline\":\"Pedidos de seguro-desemprego sobem 35% na primeira quinzena de junho\",\"datePublished\":\"2020-06-26T10:00:00+00:00\",\"mainEntityOfPage\":{\"@id\":\"https:\\\/\\\/marcelolopes.jor.br\\\/site\\\/2020\\\/06\\\/26\\\/pedidos-de-seguro-desemprego-sobem-35-na-primeira-quinzena-de-junho\\\/\"},\"wordCount\":398,\"commentCount\":0,\"publisher\":{\"@id\":\"https:\\\/\\\/marcelolopes.jor.br\\\/site\\\/#organization\"},\"image\":{\"@id\":\"https:\\\/\\\/marcelolopes.jor.br\\\/site\\\/2020\\\/06\\\/26\\\/pedidos-de-seguro-desemprego-sobem-35-na-primeira-quinzena-de-junho\\\/#primaryimage\"},\"thumbnailUrl\":\"https:\\\/\\\/marcelolopes.jor.br\\\/site\\\/wp-content\\\/uploads\\\/2020\\\/06\\\/sao_paulo_0.jpg\",\"keywords\":[\"desempregado\",\"desemprego\",\"emprego\",\"seguro desemprego\",\"trabalho\"],\"articleSection\":[\"Not\u00edcias\"],\"inLanguage\":\"pt-BR\",\"potentialAction\":[{\"@type\":\"CommentAction\",\"name\":\"Comment\",\"target\":[\"https:\\\/\\\/marcelolopes.jor.br\\\/site\\\/2020\\\/06\\\/26\\\/pedidos-de-seguro-desemprego-sobem-35-na-primeira-quinzena-de-junho\\\/#respond\"]}]},{\"@type\":\"WebPage\",\"@id\":\"https:\\\/\\\/marcelolopes.jor.br\\\/site\\\/2020\\\/06\\\/26\\\/pedidos-de-seguro-desemprego-sobem-35-na-primeira-quinzena-de-junho\\\/\",\"url\":\"https:\\\/\\\/marcelolopes.jor.br\\\/site\\\/2020\\\/06\\\/26\\\/pedidos-de-seguro-desemprego-sobem-35-na-primeira-quinzena-de-junho\\\/\",\"name\":\"Pedidos de seguro-desemprego sobem 35% na primeira quinzena de junho | Marcelo Lopes\",\"isPartOf\":{\"@id\":\"https:\\\/\\\/marcelolopes.jor.br\\\/site\\\/#website\"},\"primaryImageOfPage\":{\"@id\":\"https:\\\/\\\/marcelolopes.jor.br\\\/site\\\/2020\\\/06\\\/26\\\/pedidos-de-seguro-desemprego-sobem-35-na-primeira-quinzena-de-junho\\\/#primaryimage\"},\"image\":{\"@id\":\"https:\\\/\\\/marcelolopes.jor.br\\\/site\\\/2020\\\/06\\\/26\\\/pedidos-de-seguro-desemprego-sobem-35-na-primeira-quinzena-de-junho\\\/#primaryimage\"},\"thumbnailUrl\":\"https:\\\/\\\/marcelolopes.jor.br\\\/site\\\/wp-content\\\/uploads\\\/2020\\\/06\\\/sao_paulo_0.jpg\",\"datePublished\":\"2020-06-26T10:00:00+00:00\",\"breadcrumb\":{\"@id\":\"https:\\\/\\\/marcelolopes.jor.br\\\/site\\\/2020\\\/06\\\/26\\\/pedidos-de-seguro-desemprego-sobem-35-na-primeira-quinzena-de-junho\\\/#breadcrumb\"},\"inLanguage\":\"pt-BR\",\"potentialAction\":[{\"@type\":\"ReadAction\",\"target\":[\"https:\\\/\\\/marcelolopes.jor.br\\\/site\\\/2020\\\/06\\\/26\\\/pedidos-de-seguro-desemprego-sobem-35-na-primeira-quinzena-de-junho\\\/\"]}]},{\"@type\":\"ImageObject\",\"inLanguage\":\"pt-BR\",\"@id\":\"https:\\\/\\\/marcelolopes.jor.br\\\/site\\\/2020\\\/06\\\/26\\\/pedidos-de-seguro-desemprego-sobem-35-na-primeira-quinzena-de-junho\\\/#primaryimage\",\"url\":\"https:\\\/\\\/marcelolopes.jor.br\\\/site\\\/wp-content\\\/uploads\\\/2020\\\/06\\\/sao_paulo_0.jpg\",\"contentUrl\":\"https:\\\/\\\/marcelolopes.jor.br\\\/site\\\/wp-content\\\/uploads\\\/2020\\\/06\\\/sao_paulo_0.jpg\",\"width\":1170,\"height\":700,\"caption\":\"S\u00e3o Paulo comercio 25 de Mar\u00e7o\"},{\"@type\":\"BreadcrumbList\",\"@id\":\"https:\\\/\\\/marcelolopes.jor.br\\\/site\\\/2020\\\/06\\\/26\\\/pedidos-de-seguro-desemprego-sobem-35-na-primeira-quinzena-de-junho\\\/#breadcrumb\",\"itemListElement\":[{\"@type\":\"ListItem\",\"position\":1,\"name\":\"Home\",\"item\":\"https:\\\/\\\/marcelolopes.jor.br\\\/site\\\/\"},{\"@type\":\"ListItem\",\"position\":2,\"name\":\"Pedidos de seguro-desemprego sobem 35% na primeira quinzena de junho\"}]},{\"@type\":\"WebSite\",\"@id\":\"https:\\\/\\\/marcelolopes.jor.br\\\/site\\\/#website\",\"url\":\"https:\\\/\\\/marcelolopes.jor.br\\\/site\\\/\",\"name\":\"Marcelo Lopes\",\"description\":\"Not\u00edcias de Cataguases e Regi\u00e3o\",\"publisher\":{\"@id\":\"https:\\\/\\\/marcelolopes.jor.br\\\/site\\\/#organization\"},\"potentialAction\":[{\"@type\":\"SearchAction\",\"target\":{\"@type\":\"EntryPoint\",\"urlTemplate\":\"https:\\\/\\\/marcelolopes.jor.br\\\/site\\\/?s={search_term_string}\"},\"query-input\":{\"@type\":\"PropertyValueSpecification\",\"valueRequired\":true,\"valueName\":\"search_term_string\"}}],\"inLanguage\":\"pt-BR\"},{\"@type\":\"Organization\",\"@id\":\"https:\\\/\\\/marcelolopes.jor.br\\\/site\\\/#organization\",\"name\":\"Site do Marcelo Lopes\",\"url\":\"https:\\\/\\\/marcelolopes.jor.br\\\/site\\\/\",\"logo\":{\"@type\":\"ImageObject\",\"inLanguage\":\"pt-BR\",\"@id\":\"https:\\\/\\\/marcelolopes.jor.br\\\/site\\\/#\\\/schema\\\/logo\\\/image\\\/\",\"url\":\"https:\\\/\\\/marcelolopes.jor.br\\\/site\\\/wp-content\\\/uploads\\\/2024\\\/11\\\/logo-1.png\",\"contentUrl\":\"https:\\\/\\\/marcelolopes.jor.br\\\/site\\\/wp-content\\\/uploads\\\/2024\\\/11\\\/logo-1.png\",\"width\":475,\"height\":80,\"caption\":\"Site do Marcelo Lopes\"},\"image\":{\"@id\":\"https:\\\/\\\/marcelolopes.jor.br\\\/site\\\/#\\\/schema\\\/logo\\\/image\\\/\"},\"sameAs\":[\"https:\\\/\\\/www.facebook.com\\\/sitedomarcelolopes\",\"https:\\\/\\\/www.instagram.com\\\/sitedomarcelolopes\\\/\",\"https:\\\/\\\/www.linkedin.com\\\/company\\\/site-do-marcelo-lopes\\\/\",\"https:\\\/\\\/www.youtube.com\\\/user\\\/marcelolopes957\"]},{\"@type\":\"Person\",\"@id\":\"https:\\\/\\\/marcelolopes.jor.br\\\/site\\\/#\\\/schema\\\/person\\\/3e7216a35c34d8fdf952b31da3d1f89f\",\"name\":\"Marcelo Lopes\",\"sameAs\":[\"http:\\\/\\\/www.marcelolopes.jor.br\"],\"url\":\"https:\\\/\\\/marcelolopes.jor.br\\\/site\\\/author\\\/marcelo\\\/\"}]}<\/script>\n<!-- \/ Yoast SEO plugin. -->","yoast_head_json":{"title":"Pedidos de seguro-desemprego sobem 35% na primeira quinzena de junho | Marcelo Lopes","robots":{"index":"index","follow":"follow","max-snippet":"max-snippet:-1","max-image-preview":"max-image-preview:large","max-video-preview":"max-video-preview:-1"},"canonical":"https:\/\/marcelolopes.jor.br\/site\/2020\/06\/26\/pedidos-de-seguro-desemprego-sobem-35-na-primeira-quinzena-de-junho\/","og_locale":"pt_BR","og_type":"article","og_title":"Pedidos de seguro-desemprego sobem 35% na primeira quinzena de junho | Marcelo Lopes","og_description":"Os pedidos de seguro-desemprego de trabalhadores com carteira assinada subiram 35% na primeira quinzena de junho em rela\u00e7\u00e3o ao mesmo per\u00edodo do ano passado. O levantamento foi divulgado hoje (25) pela Secretaria de Trabalho do Minist\u00e9rio da Economia e consideraLeia mais Pedidos de seguro-desemprego sobem 35% na primeira quinzena de junho","og_url":"https:\/\/marcelolopes.jor.br\/site\/2020\/06\/26\/pedidos-de-seguro-desemprego-sobem-35-na-primeira-quinzena-de-junho\/","og_site_name":"Marcelo Lopes","article_publisher":"https:\/\/www.facebook.com\/sitedomarcelolopes","article_published_time":"2020-06-26T10:00:00+00:00","og_image":[{"width":1170,"height":700,"url":"https:\/\/marcelolopes.jor.br\/site\/wp-content\/uploads\/2020\/06\/sao_paulo_0.jpg","type":"image\/jpeg"}],"author":"Marcelo Lopes","twitter_card":"summary_large_image","twitter_misc":{"Escrito por":"Marcelo Lopes","Est. tempo de leitura":"2 minutos"},"schema":{"@context":"https:\/\/schema.org","@graph":[{"@type":"NewsArticle","@id":"https:\/\/marcelolopes.jor.br\/site\/2020\/06\/26\/pedidos-de-seguro-desemprego-sobem-35-na-primeira-quinzena-de-junho\/#article","isPartOf":{"@id":"https:\/\/marcelolopes.jor.br\/site\/2020\/06\/26\/pedidos-de-seguro-desemprego-sobem-35-na-primeira-quinzena-de-junho\/"},"author":{"name":"Marcelo Lopes","@id":"https:\/\/marcelolopes.jor.br\/site\/#\/schema\/person\/3e7216a35c34d8fdf952b31da3d1f89f"},"headline":"Pedidos de seguro-desemprego sobem 35% na primeira quinzena de junho","datePublished":"2020-06-26T10:00:00+00:00","mainEntityOfPage":{"@id":"https:\/\/marcelolopes.jor.br\/site\/2020\/06\/26\/pedidos-de-seguro-desemprego-sobem-35-na-primeira-quinzena-de-junho\/"},"wordCount":398,"commentCount":0,"publisher":{"@id":"https:\/\/marcelolopes.jor.br\/site\/#organization"},"image":{"@id":"https:\/\/marcelolopes.jor.br\/site\/2020\/06\/26\/pedidos-de-seguro-desemprego-sobem-35-na-primeira-quinzena-de-junho\/#primaryimage"},"thumbnailUrl":"https:\/\/marcelolopes.jor.br\/site\/wp-content\/uploads\/2020\/06\/sao_paulo_0.jpg","keywords":["desempregado","desemprego","emprego","seguro desemprego","trabalho"],"articleSection":["Not\u00edcias"],"inLanguage":"pt-BR","potentialAction":[{"@type":"CommentAction","name":"Comment","target":["https:\/\/marcelolopes.jor.br\/site\/2020\/06\/26\/pedidos-de-seguro-desemprego-sobem-35-na-primeira-quinzena-de-junho\/#respond"]}]},{"@type":"WebPage","@id":"https:\/\/marcelolopes.jor.br\/site\/2020\/06\/26\/pedidos-de-seguro-desemprego-sobem-35-na-primeira-quinzena-de-junho\/","url":"https:\/\/marcelolopes.jor.br\/site\/2020\/06\/26\/pedidos-de-seguro-desemprego-sobem-35-na-primeira-quinzena-de-junho\/","name":"Pedidos de seguro-desemprego sobem 35% na primeira quinzena de junho | Marcelo Lopes","isPartOf":{"@id":"https:\/\/marcelolopes.jor.br\/site\/#website"},"primaryImageOfPage":{"@id":"https:\/\/marcelolopes.jor.br\/site\/2020\/06\/26\/pedidos-de-seguro-desemprego-sobem-35-na-primeira-quinzena-de-junho\/#primaryimage"},"image":{"@id":"https:\/\/marcelolopes.jor.br\/site\/2020\/06\/26\/pedidos-de-seguro-desemprego-sobem-35-na-primeira-quinzena-de-junho\/#primaryimage"},"thumbnailUrl":"https:\/\/marcelolopes.jor.br\/site\/wp-content\/uploads\/2020\/06\/sao_paulo_0.jpg","datePublished":"2020-06-26T10:00:00+00:00","breadcrumb":{"@id":"https:\/\/marcelolopes.jor.br\/site\/2020\/06\/26\/pedidos-de-seguro-desemprego-sobem-35-na-primeira-quinzena-de-junho\/#breadcrumb"},"inLanguage":"pt-BR","potentialAction":[{"@type":"ReadAction","target":["https:\/\/marcelolopes.jor.br\/site\/2020\/06\/26\/pedidos-de-seguro-desemprego-sobem-35-na-primeira-quinzena-de-junho\/"]}]},{"@type":"ImageObject","inLanguage":"pt-BR","@id":"https:\/\/marcelolopes.jor.br\/site\/2020\/06\/26\/pedidos-de-seguro-desemprego-sobem-35-na-primeira-quinzena-de-junho\/#primaryimage","url":"https:\/\/marcelolopes.jor.br\/site\/wp-content\/uploads\/2020\/06\/sao_paulo_0.jpg","contentUrl":"https:\/\/marcelolopes.jor.br\/site\/wp-content\/uploads\/2020\/06\/sao_paulo_0.jpg","width":1170,"height":700,"caption":"S\u00e3o Paulo comercio 25 de Mar\u00e7o"},{"@type":"BreadcrumbList","@id":"https:\/\/marcelolopes.jor.br\/site\/2020\/06\/26\/pedidos-de-seguro-desemprego-sobem-35-na-primeira-quinzena-de-junho\/#breadcrumb","itemListElement":[{"@type":"ListItem","position":1,"name":"Home","item":"https:\/\/marcelolopes.jor.br\/site\/"},{"@type":"ListItem","position":2,"name":"Pedidos de seguro-desemprego sobem 35% na primeira quinzena de junho"}]},{"@type":"WebSite","@id":"https:\/\/marcelolopes.jor.br\/site\/#website","url":"https:\/\/marcelolopes.jor.br\/site\/","name":"Marcelo Lopes","description":"Not\u00edcias de Cataguases e Regi\u00e3o","publisher":{"@id":"https:\/\/marcelolopes.jor.br\/site\/#organization"},"potentialAction":[{"@type":"SearchAction","target":{"@type":"EntryPoint","urlTemplate":"https:\/\/marcelolopes.jor.br\/site\/?s={search_term_string}"},"query-input":{"@type":"PropertyValueSpecification","valueRequired":true,"valueName":"search_term_string"}}],"inLanguage":"pt-BR"},{"@type":"Organization","@id":"https:\/\/marcelolopes.jor.br\/site\/#organization","name":"Site do Marcelo Lopes","url":"https:\/\/marcelolopes.jor.br\/site\/","logo":{"@type":"ImageObject","inLanguage":"pt-BR","@id":"https:\/\/marcelolopes.jor.br\/site\/#\/schema\/logo\/image\/","url":"https:\/\/marcelolopes.jor.br\/site\/wp-content\/uploads\/2024\/11\/logo-1.png","contentUrl":"https:\/\/marcelolopes.jor.br\/site\/wp-content\/uploads\/2024\/11\/logo-1.png","width":475,"height":80,"caption":"Site do Marcelo Lopes"},"image":{"@id":"https:\/\/marcelolopes.jor.br\/site\/#\/schema\/logo\/image\/"},"sameAs":["https:\/\/www.facebook.com\/sitedomarcelolopes","https:\/\/www.instagram.com\/sitedomarcelolopes\/","https:\/\/www.linkedin.com\/company\/site-do-marcelo-lopes\/","https:\/\/www.youtube.com\/user\/marcelolopes957"]},{"@type":"Person","@id":"https:\/\/marcelolopes.jor.br\/site\/#\/schema\/person\/3e7216a35c34d8fdf952b31da3d1f89f","name":"Marcelo Lopes","sameAs":["http:\/\/www.marcelolopes.jor.br"],"url":"https:\/\/marcelolopes.jor.br\/site\/author\/marcelo\/"}]}},"wps_subtitle":"Levantamento foi divulgado hoje pela Secretaria de Trabalho.","_links":{"self":[{"href":"https:\/\/marcelolopes.jor.br\/site\/wp-json\/wp\/v2\/posts\/15274","targetHints":{"allow":["GET"]}}],"collection":[{"href":"https:\/\/marcelolopes.jor.br\/site\/wp-json\/wp\/v2\/posts"}],"about":[{"href":"https:\/\/marcelolopes.jor.br\/site\/wp-json\/wp\/v2\/types\/post"}],"author":[{"embeddable":true,"href":"https:\/\/marcelolopes.jor.br\/site\/wp-json\/wp\/v2\/users\/2"}],"replies":[{"embeddable":true,"href":"https:\/\/marcelolopes.jor.br\/site\/wp-json\/wp\/v2\/comments?post=15274"}],"version-history":[{"count":0,"href":"https:\/\/marcelolopes.jor.br\/site\/wp-json\/wp\/v2\/posts\/15274\/revisions"}],"wp:featuredmedia":[{"embeddable":true,"href":"https:\/\/marcelolopes.jor.br\/site\/wp-json\/wp\/v2\/media\/15276"}],"wp:attachment":[{"href":"https:\/\/marcelolopes.jor.br\/site\/wp-json\/wp\/v2\/media?parent=15274"}],"wp:term":[{"taxonomy":"category","embeddable":true,"href":"https:\/\/marcelolopes.jor.br\/site\/wp-json\/wp\/v2\/categories?post=15274"},{"taxonomy":"post_tag","embeddable":true,"href":"https:\/\/marcelolopes.jor.br\/site\/wp-json\/wp\/v2\/tags?post=15274"}],"curies":[{"name":"wp","href":"https:\/\/api.w.org\/{rel}","templated":true}]}}