{"id":15197,"date":"2020-06-22T20:00:58","date_gmt":"2020-06-22T23:00:58","guid":{"rendered":"https:\/\/marcelolopes.jor.br\/?p=15197"},"modified":"2020-06-22T17:20:45","modified_gmt":"2020-06-22T20:20:45","slug":"dona-euzebia-e-com-s-ou-com-z-a-duvida-chega-ao-fim","status":"publish","type":"post","link":"https:\/\/marcelolopes.jor.br\/site\/2020\/06\/22\/dona-euzebia-e-com-s-ou-com-z-a-duvida-chega-ao-fim\/","title":{"rendered":"Dona Euz\u00e9bia \u00e9 com &#8220;s&#8221; ou com &#8220;z&#8221;? A d\u00favida chega ao fim"},"content":{"rendered":"<p style=\"text-align: justify;\">Voc\u00ea sabe qual \u00e9 a grafia correta para Dona Euz\u00e9bia? Com &#8220;z&#8221; ou com &#8220;s&#8221;? A d\u00favida prevalecia at\u00e9 hoje, sendo que na pr\u00f3pria cidade v\u00ea-se as duas formas distintas de escrever o seu nome, sem causa pol\u00eamica. A Prefeitura adota em seus documentos oficiais o nome do munic\u00edpio de cerca de 6 mil habitantes com a letra &#8220;z&#8221;, a mesma que est\u00e1 na esta\u00e7\u00e3o ferrovi\u00e1ria. Este Site alternava entre as duas grafias, mas, h\u00e1 mais de um ano, optou por usar somente a letra &#8220;z&#8221; em respeito \u00e0 tradi\u00e7\u00e3o e at\u00e9 que a d\u00favida fosse sanada pelos mestres do vern\u00e1culo.<!--more--><\/p>\n<p style=\"text-align: justify;\">Nesta segunda-feira, 22 de junho, o jornal Estado de Minas trouxe uma mat\u00e9ria assinada por Gustavo Werneck a respeito do assunto, citando v\u00e1rias cidades que j\u00e1 tiveram seus nomes modificados legalmente ou pelo pr\u00f3prio povo. Sobre o caso de Dona Euz\u00e9bia, n\u00e3o h\u00e1 mais d\u00favida que deve ser escrita com &#8220;z&#8221;. Pelo menos \u00e9 o que assegura a professora da Faculdade de Letras da Universidade Federal de Minas Gerais (UFMG), Maria C\u00e2ndida Trindade Costa de Seabra, coordenadora do Grupo Mineiro de Estudos do L\u00e9xico, os top\u00f4nimos (nomes das cidades). Para ela \u201cdeve prevalecer a tradi\u00e7\u00e3o, a hist\u00f3ria\u201d, orienta.<\/p>\n<p style=\"text-align: justify;\">Mesmo que, como se aprende na escola, a letra \u201cs\u201d entre vogais tenha som de \u201cz\u201d, o nome da cidade deve ser como est\u00e1 no registro da fazendeira: Dona Euz\u00e9bia. Na lista do IBGE, o nome daquele munic\u00edpio se mant\u00e9m com \u201cs\u201d, embora a altera\u00e7\u00e3o oficial tenha ocorrido em 19 de mar\u00e7o de 2019. \u201cAqui na cidade, o nome \u00e9 escrito das duas formas. Na antiga esta\u00e7\u00e3o ferrovi\u00e1ria, com &#8216;z&#8217;, mas h\u00e1 placas com \u2018s\u2019\u201d, conta o coordenador municipal de Cultura e Turismo, Sidney Martins do Nascimento. Para p\u00f4r fim aos desentendimentos, o novo portal em constru\u00e7\u00e3o na entrada do munic\u00edpio ter\u00e1 o \u201cz\u201d eternizado. \u201cO Detran-MG foi comunicado para mudan\u00e7as das placas dos ve\u00edculos\u201d, acrescenta.<\/p>\n<p style=\"text-align: justify;\">Sobre a homenageada no top\u00f4nimo, pesquisa da prefeitura informa que a fazendeira foi doadora de terras para a constru\u00e7\u00e3o da esta\u00e7\u00e3o ferrovi\u00e1ria e da Igreja Nossa Senhora das Dores, padroeira do local. Antes da esta\u00e7\u00e3o, o primitivo arraial tinha apenas uma pousada de pau-a-pique e sap\u00e9 nas proximidades do pr\u00e9dio de embarque e desembarques. Depois, no entorno, se formou um povoado fortalecido pelo apogeu cafeeiro.<\/p>\n<p style=\"text-align: justify;\">Fonte: Jornal O Estado de Minas com texto de Gustavo Werneck | Foto: Prefeitura de Dona Euz\u00e9bia<\/p>\n<div class=\"seagz69f5db74ef26d\" ><br><\/div><style type=\"text\/css\">\r\n@media screen and (min-width: 1201px) {\r\n.seagz69f5db74ef26d {\r\ndisplay: block;\r\n}\r\n}\r\n@media screen and (min-width: 993px) and (max-width: 1200px) {\r\n.seagz69f5db74ef26d {\r\ndisplay: block;\r\n}\r\n}\r\n@media screen and (min-width: 769px) and (max-width: 992px) {\r\n.seagz69f5db74ef26d {\r\ndisplay: block;\r\n}\r\n}\r\n@media screen and (min-width: 768px) and (max-width: 768px) {\r\n.seagz69f5db74ef26d {\r\ndisplay: block;\r\n}\r\n}\r\n@media screen and (max-width: 767px) {\r\n.seagz69f5db74ef26d {\r\ndisplay: block;\r\n}\r\n}\r\n<\/style>\r\n<div class=\"nkhkw69f5db75008db\" ><div id=\"div_destino\"><\/div>\r\n<script src=\"https:\/\/cdn.snsrsv.com\/sdk.js\"><\/script>\r\n<script >\r\n      new sdk(\"464030C30061EA8BE065000000000001\") \r\n          .appendTo(\"div_destino\")\r\n          .disableStyle(true) \r\n          .setCacheBusterMacro(\"%%CACHEBUSTER%%\")\r\n          .setSize(\"800\",\"214\")\r\n          .setClickMacro(\"%%CLICK_URL_ESC%%\") \r\n          .setReferrerUrlMacro(\"%%REFERRER_URL_ESC%%\") \r\n          .start(); \r\n<\/script><\/div><style type=\"text\/css\">\r\n@media screen and (min-width: 1201px) {\r\n.nkhkw69f5db75008db {\r\ndisplay: block;\r\n}\r\n}\r\n@media screen and (min-width: 993px) and (max-width: 1200px) {\r\n.nkhkw69f5db75008db {\r\ndisplay: block;\r\n}\r\n}\r\n@media screen and (min-width: 769px) and (max-width: 992px) {\r\n.nkhkw69f5db75008db {\r\ndisplay: block;\r\n}\r\n}\r\n@media screen and (min-width: 768px) and (max-width: 768px) {\r\n.nkhkw69f5db75008db {\r\ndisplay: block;\r\n}\r\n}\r\n@media screen and (max-width: 767px) {\r\n.nkhkw69f5db75008db {\r\ndisplay: block;\r\n}\r\n}\r\n<\/style>\r\n","protected":false},"excerpt":{"rendered":"<p>Voc\u00ea sabe qual \u00e9 a grafia correta para Dona Euz\u00e9bia? Com &#8220;z&#8221; ou com &#8220;s&#8221;? A d\u00favida prevalecia at\u00e9 hoje, sendo que na pr\u00f3pria cidade v\u00ea-se as duas formas distintas de escrever o seu nome, sem causa pol\u00eamica. A Prefeitura<\/p>\n<p class=\"link-more\"><a class=\"more-link\" href=\"https:\/\/marcelolopes.jor.br\/site\/2020\/06\/22\/dona-euzebia-e-com-s-ou-com-z-a-duvida-chega-ao-fim\/\">Leia mais <span class=\"screen-reader-text\">Dona Euz\u00e9bia \u00e9 com &#8220;s&#8221; ou com &#8220;z&#8221;? A d\u00favida chega ao fim<\/span><\/a><\/p>\n","protected":false},"author":2,"featured_media":15199,"comment_status":"open","ping_status":"open","sticky":false,"template":"","format":"standard","meta":{"footnotes":""},"categories":[1],"tags":[388,2651,61,2652],"class_list":["post-15197","post","type-post","status-publish","format-standard","has-post-thumbnail","hentry","category-noticias","tag-dona-euzebia","tag-nome-certo","tag-prefeitura","tag-toponimo","thumb-below-title"],"yoast_head":"<!-- This site is optimized with the Yoast SEO plugin v27.4 - https:\/\/yoast.com\/product\/yoast-seo-wordpress\/ -->\n<title>Dona Euz\u00e9bia \u00e9 com &quot;s&quot; ou com &quot;z&quot;? A d\u00favida chega ao fim | Marcelo Lopes<\/title>\n<meta name=\"robots\" content=\"index, follow, max-snippet:-1, max-image-preview:large, max-video-preview:-1\" \/>\n<link rel=\"canonical\" href=\"https:\/\/marcelolopes.jor.br\/site\/2020\/06\/22\/dona-euzebia-e-com-s-ou-com-z-a-duvida-chega-ao-fim\/\" \/>\n<meta property=\"og:locale\" content=\"pt_BR\" \/>\n<meta property=\"og:type\" content=\"article\" \/>\n<meta property=\"og:title\" content=\"Dona Euz\u00e9bia \u00e9 com &quot;s&quot; ou com &quot;z&quot;? A d\u00favida chega ao fim | Marcelo Lopes\" \/>\n<meta property=\"og:description\" content=\"Voc\u00ea sabe qual \u00e9 a grafia correta para Dona Euz\u00e9bia? Com &#8220;z&#8221; ou com &#8220;s&#8221;? A d\u00favida prevalecia at\u00e9 hoje, sendo que na pr\u00f3pria cidade v\u00ea-se as duas formas distintas de escrever o seu nome, sem causa pol\u00eamica. A PrefeituraLeia mais Dona Euz\u00e9bia \u00e9 com &#8220;s&#8221; ou com &#8220;z&#8221;? A d\u00favida chega ao fim\" \/>\n<meta property=\"og:url\" content=\"https:\/\/marcelolopes.jor.br\/site\/2020\/06\/22\/dona-euzebia-e-com-s-ou-com-z-a-duvida-chega-ao-fim\/\" \/>\n<meta property=\"og:site_name\" content=\"Marcelo Lopes\" \/>\n<meta property=\"article:publisher\" content=\"https:\/\/www.facebook.com\/sitedomarcelolopes\" \/>\n<meta property=\"article:published_time\" content=\"2020-06-22T23:00:58+00:00\" \/>\n<meta property=\"og:image\" content=\"https:\/\/marcelolopes.jor.br\/site\/wp-content\/uploads\/2020\/06\/Captura-de-Tela-2020-06-22-\u00e0s-17.18.03.png\" \/>\n\t<meta property=\"og:image:width\" content=\"640\" \/>\n\t<meta property=\"og:image:height\" content=\"429\" \/>\n\t<meta property=\"og:image:type\" content=\"image\/png\" \/>\n<meta name=\"author\" content=\"Marcelo Lopes\" \/>\n<meta name=\"twitter:card\" content=\"summary_large_image\" \/>\n<meta name=\"twitter:label1\" content=\"Escrito por\" \/>\n\t<meta name=\"twitter:data1\" content=\"Marcelo Lopes\" \/>\n\t<meta name=\"twitter:label2\" content=\"Est. tempo de leitura\" \/>\n\t<meta name=\"twitter:data2\" content=\"2 minutos\" \/>\n<script type=\"application\/ld+json\" class=\"yoast-schema-graph\">{\"@context\":\"https:\\\/\\\/schema.org\",\"@graph\":[{\"@type\":\"NewsArticle\",\"@id\":\"https:\\\/\\\/marcelolopes.jor.br\\\/site\\\/2020\\\/06\\\/22\\\/dona-euzebia-e-com-s-ou-com-z-a-duvida-chega-ao-fim\\\/#article\",\"isPartOf\":{\"@id\":\"https:\\\/\\\/marcelolopes.jor.br\\\/site\\\/2020\\\/06\\\/22\\\/dona-euzebia-e-com-s-ou-com-z-a-duvida-chega-ao-fim\\\/\"},\"author\":{\"name\":\"Marcelo Lopes\",\"@id\":\"https:\\\/\\\/marcelolopes.jor.br\\\/site\\\/#\\\/schema\\\/person\\\/3e7216a35c34d8fdf952b31da3d1f89f\"},\"headline\":\"Dona Euz\u00e9bia \u00e9 com &#8220;s&#8221; ou com &#8220;z&#8221;? A d\u00favida chega ao fim\",\"datePublished\":\"2020-06-22T23:00:58+00:00\",\"mainEntityOfPage\":{\"@id\":\"https:\\\/\\\/marcelolopes.jor.br\\\/site\\\/2020\\\/06\\\/22\\\/dona-euzebia-e-com-s-ou-com-z-a-duvida-chega-ao-fim\\\/\"},\"wordCount\":443,\"commentCount\":0,\"publisher\":{\"@id\":\"https:\\\/\\\/marcelolopes.jor.br\\\/site\\\/#organization\"},\"image\":{\"@id\":\"https:\\\/\\\/marcelolopes.jor.br\\\/site\\\/2020\\\/06\\\/22\\\/dona-euzebia-e-com-s-ou-com-z-a-duvida-chega-ao-fim\\\/#primaryimage\"},\"thumbnailUrl\":\"https:\\\/\\\/marcelolopes.jor.br\\\/site\\\/wp-content\\\/uploads\\\/2020\\\/06\\\/Captura-de-Tela-2020-06-22-\u00e0s-17.18.03.png\",\"keywords\":[\"Dona Euz\u00e9bia\",\"nome certo\",\"prefeitura\",\"top\u00f4nimo\"],\"articleSection\":[\"Not\u00edcias\"],\"inLanguage\":\"pt-BR\",\"potentialAction\":[{\"@type\":\"CommentAction\",\"name\":\"Comment\",\"target\":[\"https:\\\/\\\/marcelolopes.jor.br\\\/site\\\/2020\\\/06\\\/22\\\/dona-euzebia-e-com-s-ou-com-z-a-duvida-chega-ao-fim\\\/#respond\"]}]},{\"@type\":\"WebPage\",\"@id\":\"https:\\\/\\\/marcelolopes.jor.br\\\/site\\\/2020\\\/06\\\/22\\\/dona-euzebia-e-com-s-ou-com-z-a-duvida-chega-ao-fim\\\/\",\"url\":\"https:\\\/\\\/marcelolopes.jor.br\\\/site\\\/2020\\\/06\\\/22\\\/dona-euzebia-e-com-s-ou-com-z-a-duvida-chega-ao-fim\\\/\",\"name\":\"Dona Euz\u00e9bia \u00e9 com \\\"s\\\" ou com \\\"z\\\"? A d\u00favida chega ao fim | Marcelo Lopes\",\"isPartOf\":{\"@id\":\"https:\\\/\\\/marcelolopes.jor.br\\\/site\\\/#website\"},\"primaryImageOfPage\":{\"@id\":\"https:\\\/\\\/marcelolopes.jor.br\\\/site\\\/2020\\\/06\\\/22\\\/dona-euzebia-e-com-s-ou-com-z-a-duvida-chega-ao-fim\\\/#primaryimage\"},\"image\":{\"@id\":\"https:\\\/\\\/marcelolopes.jor.br\\\/site\\\/2020\\\/06\\\/22\\\/dona-euzebia-e-com-s-ou-com-z-a-duvida-chega-ao-fim\\\/#primaryimage\"},\"thumbnailUrl\":\"https:\\\/\\\/marcelolopes.jor.br\\\/site\\\/wp-content\\\/uploads\\\/2020\\\/06\\\/Captura-de-Tela-2020-06-22-\u00e0s-17.18.03.png\",\"datePublished\":\"2020-06-22T23:00:58+00:00\",\"breadcrumb\":{\"@id\":\"https:\\\/\\\/marcelolopes.jor.br\\\/site\\\/2020\\\/06\\\/22\\\/dona-euzebia-e-com-s-ou-com-z-a-duvida-chega-ao-fim\\\/#breadcrumb\"},\"inLanguage\":\"pt-BR\",\"potentialAction\":[{\"@type\":\"ReadAction\",\"target\":[\"https:\\\/\\\/marcelolopes.jor.br\\\/site\\\/2020\\\/06\\\/22\\\/dona-euzebia-e-com-s-ou-com-z-a-duvida-chega-ao-fim\\\/\"]}]},{\"@type\":\"ImageObject\",\"inLanguage\":\"pt-BR\",\"@id\":\"https:\\\/\\\/marcelolopes.jor.br\\\/site\\\/2020\\\/06\\\/22\\\/dona-euzebia-e-com-s-ou-com-z-a-duvida-chega-ao-fim\\\/#primaryimage\",\"url\":\"https:\\\/\\\/marcelolopes.jor.br\\\/site\\\/wp-content\\\/uploads\\\/2020\\\/06\\\/Captura-de-Tela-2020-06-22-\u00e0s-17.18.03.png\",\"contentUrl\":\"https:\\\/\\\/marcelolopes.jor.br\\\/site\\\/wp-content\\\/uploads\\\/2020\\\/06\\\/Captura-de-Tela-2020-06-22-\u00e0s-17.18.03.png\",\"width\":640,\"height\":429},{\"@type\":\"BreadcrumbList\",\"@id\":\"https:\\\/\\\/marcelolopes.jor.br\\\/site\\\/2020\\\/06\\\/22\\\/dona-euzebia-e-com-s-ou-com-z-a-duvida-chega-ao-fim\\\/#breadcrumb\",\"itemListElement\":[{\"@type\":\"ListItem\",\"position\":1,\"name\":\"Home\",\"item\":\"https:\\\/\\\/marcelolopes.jor.br\\\/site\\\/\"},{\"@type\":\"ListItem\",\"position\":2,\"name\":\"Dona Euz\u00e9bia \u00e9 com &#8220;s&#8221; ou com &#8220;z&#8221;? A d\u00favida chega ao fim\"}]},{\"@type\":\"WebSite\",\"@id\":\"https:\\\/\\\/marcelolopes.jor.br\\\/site\\\/#website\",\"url\":\"https:\\\/\\\/marcelolopes.jor.br\\\/site\\\/\",\"name\":\"Marcelo Lopes\",\"description\":\"Not\u00edcias de Cataguases e Regi\u00e3o\",\"publisher\":{\"@id\":\"https:\\\/\\\/marcelolopes.jor.br\\\/site\\\/#organization\"},\"potentialAction\":[{\"@type\":\"SearchAction\",\"target\":{\"@type\":\"EntryPoint\",\"urlTemplate\":\"https:\\\/\\\/marcelolopes.jor.br\\\/site\\\/?s={search_term_string}\"},\"query-input\":{\"@type\":\"PropertyValueSpecification\",\"valueRequired\":true,\"valueName\":\"search_term_string\"}}],\"inLanguage\":\"pt-BR\"},{\"@type\":\"Organization\",\"@id\":\"https:\\\/\\\/marcelolopes.jor.br\\\/site\\\/#organization\",\"name\":\"Site do Marcelo Lopes\",\"url\":\"https:\\\/\\\/marcelolopes.jor.br\\\/site\\\/\",\"logo\":{\"@type\":\"ImageObject\",\"inLanguage\":\"pt-BR\",\"@id\":\"https:\\\/\\\/marcelolopes.jor.br\\\/site\\\/#\\\/schema\\\/logo\\\/image\\\/\",\"url\":\"https:\\\/\\\/marcelolopes.jor.br\\\/site\\\/wp-content\\\/uploads\\\/2024\\\/11\\\/logo-1.png\",\"contentUrl\":\"https:\\\/\\\/marcelolopes.jor.br\\\/site\\\/wp-content\\\/uploads\\\/2024\\\/11\\\/logo-1.png\",\"width\":475,\"height\":80,\"caption\":\"Site do Marcelo Lopes\"},\"image\":{\"@id\":\"https:\\\/\\\/marcelolopes.jor.br\\\/site\\\/#\\\/schema\\\/logo\\\/image\\\/\"},\"sameAs\":[\"https:\\\/\\\/www.facebook.com\\\/sitedomarcelolopes\",\"https:\\\/\\\/www.instagram.com\\\/sitedomarcelolopes\\\/\",\"https:\\\/\\\/www.linkedin.com\\\/company\\\/site-do-marcelo-lopes\\\/\",\"https:\\\/\\\/www.youtube.com\\\/user\\\/marcelolopes957\"]},{\"@type\":\"Person\",\"@id\":\"https:\\\/\\\/marcelolopes.jor.br\\\/site\\\/#\\\/schema\\\/person\\\/3e7216a35c34d8fdf952b31da3d1f89f\",\"name\":\"Marcelo Lopes\",\"sameAs\":[\"http:\\\/\\\/www.marcelolopes.jor.br\"],\"url\":\"https:\\\/\\\/marcelolopes.jor.br\\\/site\\\/author\\\/marcelo\\\/\"}]}<\/script>\n<!-- \/ Yoast SEO plugin. -->","yoast_head_json":{"title":"Dona Euz\u00e9bia \u00e9 com \"s\" ou com \"z\"? A d\u00favida chega ao fim | Marcelo Lopes","robots":{"index":"index","follow":"follow","max-snippet":"max-snippet:-1","max-image-preview":"max-image-preview:large","max-video-preview":"max-video-preview:-1"},"canonical":"https:\/\/marcelolopes.jor.br\/site\/2020\/06\/22\/dona-euzebia-e-com-s-ou-com-z-a-duvida-chega-ao-fim\/","og_locale":"pt_BR","og_type":"article","og_title":"Dona Euz\u00e9bia \u00e9 com \"s\" ou com \"z\"? A d\u00favida chega ao fim | Marcelo Lopes","og_description":"Voc\u00ea sabe qual \u00e9 a grafia correta para Dona Euz\u00e9bia? Com &#8220;z&#8221; ou com &#8220;s&#8221;? A d\u00favida prevalecia at\u00e9 hoje, sendo que na pr\u00f3pria cidade v\u00ea-se as duas formas distintas de escrever o seu nome, sem causa pol\u00eamica. A PrefeituraLeia mais Dona Euz\u00e9bia \u00e9 com &#8220;s&#8221; ou com &#8220;z&#8221;? A d\u00favida chega ao fim","og_url":"https:\/\/marcelolopes.jor.br\/site\/2020\/06\/22\/dona-euzebia-e-com-s-ou-com-z-a-duvida-chega-ao-fim\/","og_site_name":"Marcelo Lopes","article_publisher":"https:\/\/www.facebook.com\/sitedomarcelolopes","article_published_time":"2020-06-22T23:00:58+00:00","og_image":[{"width":640,"height":429,"url":"https:\/\/marcelolopes.jor.br\/site\/wp-content\/uploads\/2020\/06\/Captura-de-Tela-2020-06-22-\u00e0s-17.18.03.png","type":"image\/png"}],"author":"Marcelo Lopes","twitter_card":"summary_large_image","twitter_misc":{"Escrito por":"Marcelo Lopes","Est. tempo de leitura":"2 minutos"},"schema":{"@context":"https:\/\/schema.org","@graph":[{"@type":"NewsArticle","@id":"https:\/\/marcelolopes.jor.br\/site\/2020\/06\/22\/dona-euzebia-e-com-s-ou-com-z-a-duvida-chega-ao-fim\/#article","isPartOf":{"@id":"https:\/\/marcelolopes.jor.br\/site\/2020\/06\/22\/dona-euzebia-e-com-s-ou-com-z-a-duvida-chega-ao-fim\/"},"author":{"name":"Marcelo Lopes","@id":"https:\/\/marcelolopes.jor.br\/site\/#\/schema\/person\/3e7216a35c34d8fdf952b31da3d1f89f"},"headline":"Dona Euz\u00e9bia \u00e9 com &#8220;s&#8221; ou com &#8220;z&#8221;? A d\u00favida chega ao fim","datePublished":"2020-06-22T23:00:58+00:00","mainEntityOfPage":{"@id":"https:\/\/marcelolopes.jor.br\/site\/2020\/06\/22\/dona-euzebia-e-com-s-ou-com-z-a-duvida-chega-ao-fim\/"},"wordCount":443,"commentCount":0,"publisher":{"@id":"https:\/\/marcelolopes.jor.br\/site\/#organization"},"image":{"@id":"https:\/\/marcelolopes.jor.br\/site\/2020\/06\/22\/dona-euzebia-e-com-s-ou-com-z-a-duvida-chega-ao-fim\/#primaryimage"},"thumbnailUrl":"https:\/\/marcelolopes.jor.br\/site\/wp-content\/uploads\/2020\/06\/Captura-de-Tela-2020-06-22-\u00e0s-17.18.03.png","keywords":["Dona Euz\u00e9bia","nome certo","prefeitura","top\u00f4nimo"],"articleSection":["Not\u00edcias"],"inLanguage":"pt-BR","potentialAction":[{"@type":"CommentAction","name":"Comment","target":["https:\/\/marcelolopes.jor.br\/site\/2020\/06\/22\/dona-euzebia-e-com-s-ou-com-z-a-duvida-chega-ao-fim\/#respond"]}]},{"@type":"WebPage","@id":"https:\/\/marcelolopes.jor.br\/site\/2020\/06\/22\/dona-euzebia-e-com-s-ou-com-z-a-duvida-chega-ao-fim\/","url":"https:\/\/marcelolopes.jor.br\/site\/2020\/06\/22\/dona-euzebia-e-com-s-ou-com-z-a-duvida-chega-ao-fim\/","name":"Dona Euz\u00e9bia \u00e9 com \"s\" ou com \"z\"? A d\u00favida chega ao fim | Marcelo Lopes","isPartOf":{"@id":"https:\/\/marcelolopes.jor.br\/site\/#website"},"primaryImageOfPage":{"@id":"https:\/\/marcelolopes.jor.br\/site\/2020\/06\/22\/dona-euzebia-e-com-s-ou-com-z-a-duvida-chega-ao-fim\/#primaryimage"},"image":{"@id":"https:\/\/marcelolopes.jor.br\/site\/2020\/06\/22\/dona-euzebia-e-com-s-ou-com-z-a-duvida-chega-ao-fim\/#primaryimage"},"thumbnailUrl":"https:\/\/marcelolopes.jor.br\/site\/wp-content\/uploads\/2020\/06\/Captura-de-Tela-2020-06-22-\u00e0s-17.18.03.png","datePublished":"2020-06-22T23:00:58+00:00","breadcrumb":{"@id":"https:\/\/marcelolopes.jor.br\/site\/2020\/06\/22\/dona-euzebia-e-com-s-ou-com-z-a-duvida-chega-ao-fim\/#breadcrumb"},"inLanguage":"pt-BR","potentialAction":[{"@type":"ReadAction","target":["https:\/\/marcelolopes.jor.br\/site\/2020\/06\/22\/dona-euzebia-e-com-s-ou-com-z-a-duvida-chega-ao-fim\/"]}]},{"@type":"ImageObject","inLanguage":"pt-BR","@id":"https:\/\/marcelolopes.jor.br\/site\/2020\/06\/22\/dona-euzebia-e-com-s-ou-com-z-a-duvida-chega-ao-fim\/#primaryimage","url":"https:\/\/marcelolopes.jor.br\/site\/wp-content\/uploads\/2020\/06\/Captura-de-Tela-2020-06-22-\u00e0s-17.18.03.png","contentUrl":"https:\/\/marcelolopes.jor.br\/site\/wp-content\/uploads\/2020\/06\/Captura-de-Tela-2020-06-22-\u00e0s-17.18.03.png","width":640,"height":429},{"@type":"BreadcrumbList","@id":"https:\/\/marcelolopes.jor.br\/site\/2020\/06\/22\/dona-euzebia-e-com-s-ou-com-z-a-duvida-chega-ao-fim\/#breadcrumb","itemListElement":[{"@type":"ListItem","position":1,"name":"Home","item":"https:\/\/marcelolopes.jor.br\/site\/"},{"@type":"ListItem","position":2,"name":"Dona Euz\u00e9bia \u00e9 com &#8220;s&#8221; ou com &#8220;z&#8221;? A d\u00favida chega ao fim"}]},{"@type":"WebSite","@id":"https:\/\/marcelolopes.jor.br\/site\/#website","url":"https:\/\/marcelolopes.jor.br\/site\/","name":"Marcelo Lopes","description":"Not\u00edcias de Cataguases e Regi\u00e3o","publisher":{"@id":"https:\/\/marcelolopes.jor.br\/site\/#organization"},"potentialAction":[{"@type":"SearchAction","target":{"@type":"EntryPoint","urlTemplate":"https:\/\/marcelolopes.jor.br\/site\/?s={search_term_string}"},"query-input":{"@type":"PropertyValueSpecification","valueRequired":true,"valueName":"search_term_string"}}],"inLanguage":"pt-BR"},{"@type":"Organization","@id":"https:\/\/marcelolopes.jor.br\/site\/#organization","name":"Site do Marcelo Lopes","url":"https:\/\/marcelolopes.jor.br\/site\/","logo":{"@type":"ImageObject","inLanguage":"pt-BR","@id":"https:\/\/marcelolopes.jor.br\/site\/#\/schema\/logo\/image\/","url":"https:\/\/marcelolopes.jor.br\/site\/wp-content\/uploads\/2024\/11\/logo-1.png","contentUrl":"https:\/\/marcelolopes.jor.br\/site\/wp-content\/uploads\/2024\/11\/logo-1.png","width":475,"height":80,"caption":"Site do Marcelo Lopes"},"image":{"@id":"https:\/\/marcelolopes.jor.br\/site\/#\/schema\/logo\/image\/"},"sameAs":["https:\/\/www.facebook.com\/sitedomarcelolopes","https:\/\/www.instagram.com\/sitedomarcelolopes\/","https:\/\/www.linkedin.com\/company\/site-do-marcelo-lopes\/","https:\/\/www.youtube.com\/user\/marcelolopes957"]},{"@type":"Person","@id":"https:\/\/marcelolopes.jor.br\/site\/#\/schema\/person\/3e7216a35c34d8fdf952b31da3d1f89f","name":"Marcelo Lopes","sameAs":["http:\/\/www.marcelolopes.jor.br"],"url":"https:\/\/marcelolopes.jor.br\/site\/author\/marcelo\/"}]}},"wps_subtitle":"Munic\u00edpio definiu a grafia correta em 2019, e professora confirma.","_links":{"self":[{"href":"https:\/\/marcelolopes.jor.br\/site\/wp-json\/wp\/v2\/posts\/15197","targetHints":{"allow":["GET"]}}],"collection":[{"href":"https:\/\/marcelolopes.jor.br\/site\/wp-json\/wp\/v2\/posts"}],"about":[{"href":"https:\/\/marcelolopes.jor.br\/site\/wp-json\/wp\/v2\/types\/post"}],"author":[{"embeddable":true,"href":"https:\/\/marcelolopes.jor.br\/site\/wp-json\/wp\/v2\/users\/2"}],"replies":[{"embeddable":true,"href":"https:\/\/marcelolopes.jor.br\/site\/wp-json\/wp\/v2\/comments?post=15197"}],"version-history":[{"count":0,"href":"https:\/\/marcelolopes.jor.br\/site\/wp-json\/wp\/v2\/posts\/15197\/revisions"}],"wp:featuredmedia":[{"embeddable":true,"href":"https:\/\/marcelolopes.jor.br\/site\/wp-json\/wp\/v2\/media\/15199"}],"wp:attachment":[{"href":"https:\/\/marcelolopes.jor.br\/site\/wp-json\/wp\/v2\/media?parent=15197"}],"wp:term":[{"taxonomy":"category","embeddable":true,"href":"https:\/\/marcelolopes.jor.br\/site\/wp-json\/wp\/v2\/categories?post=15197"},{"taxonomy":"post_tag","embeddable":true,"href":"https:\/\/marcelolopes.jor.br\/site\/wp-json\/wp\/v2\/tags?post=15197"}],"curies":[{"name":"wp","href":"https:\/\/api.w.org\/{rel}","templated":true}]}}