{"id":1518,"date":"2019-05-19T07:00:04","date_gmt":"2019-05-19T10:00:04","guid":{"rendered":"https:\/\/marcelolopes.jor.br\/?p=1518"},"modified":"2019-05-18T17:21:45","modified_gmt":"2019-05-18T20:21:45","slug":"if-sudeste-esta-com-inscricoes-abertas-para-concurso-de-professor","status":"publish","type":"post","link":"https:\/\/marcelolopes.jor.br\/site\/2019\/05\/19\/if-sudeste-esta-com-inscricoes-abertas-para-concurso-de-professor\/","title":{"rendered":"IF Sudeste est\u00e1 com inscri\u00e7\u00f5es abertas para concurso de professor"},"content":{"rendered":"<p style=\"text-align: justify;\">O Instituto Federal de Educa\u00e7\u00e3o, Ci\u00eancia e Tecnologia do Sudeste de Minas Gerais (IF Sudeste MG) est\u00e1 com inscri\u00e7\u00f5es abertas para concurso p\u00fablico que oferece 32 vagas ao cargo de professor de ensino b\u00e1sico, t\u00e9cnico e tecnol\u00f3gico.\u00a0A remunera\u00e7\u00e3o varia entre R$ 4.463,93 a R$ 10.058,92 para jornada de 40 horas semanais.<!--more--><\/p>\n<p style=\"text-align: justify;\">As oportunidades s\u00e3o nas \u00e1reas de Administra\u00e7\u00e3o (3 vagas); Agronomia\/Solos (1); Bioqu\u00edmica e Biologia Geral (1); Direito (2); Enfermagem (1); Engenharia Civil (2); Engenharia Mec\u00e2nica (3); Engenharia Metal\u00fargica (5); Gest\u00e3o Ambiental (1); Inform\u00e1tica (8); Matem\u00e1tica (3); Qu\u00edmica (1); Zootecnia (1).<\/p>\n<p style=\"text-align: justify;\">Os interessados podem se inscrever at\u00e9 o dia 17 de junho pelo site da <a href=\"https:\/\/concurso.fundacaocefetminas.org.br\/documentos\/Editaln3de2018EBTTConsolidado41636935924447911213.pdf\"><span style=\"text-decoration: underline;\"><strong><span style=\"color: #008000; text-decoration: underline;\">Funda\u00e7\u00e3o Cefet Minas<\/span><\/strong><\/span><\/a>. A taxa \u00e9 de R$ 150. A sele\u00e7\u00e3o ser\u00e1 feita por meio de provas objetiva, dissertativa, de desempenho did\u00e1tico e prova de t\u00edtulos. Os contratados ir\u00e3o atuar nas unidades de Cataguases, Muria\u00e9, Rio Pomba, Juiz de Fora, Barbacena, Bom Sucesso, Manhua\u00e7u, Santos Dumont e S\u00e3o Jo\u00e3o del-Rei.<\/p>\n<p><em>Fonte: Tribuna de Minas &#8211; Foto: Reprodu\u00e7\u00e3o Internet<\/em><\/p>\n<div class=\"geoal69f747db3d427\" ><br><\/div><style type=\"text\/css\">\r\n@media screen and (min-width: 1201px) {\r\n.geoal69f747db3d427 {\r\ndisplay: block;\r\n}\r\n}\r\n@media screen and (min-width: 993px) and (max-width: 1200px) {\r\n.geoal69f747db3d427 {\r\ndisplay: block;\r\n}\r\n}\r\n@media screen and (min-width: 769px) and (max-width: 992px) {\r\n.geoal69f747db3d427 {\r\ndisplay: block;\r\n}\r\n}\r\n@media screen and (min-width: 768px) and (max-width: 768px) {\r\n.geoal69f747db3d427 {\r\ndisplay: block;\r\n}\r\n}\r\n@media screen and (max-width: 767px) {\r\n.geoal69f747db3d427 {\r\ndisplay: block;\r\n}\r\n}\r\n<\/style>\r\n<div class=\"wugwk69f747db446b2\" ><div id=\"div_destino\"><\/div>\r\n<script src=\"https:\/\/cdn.snsrsv.com\/sdk.js\"><\/script>\r\n<script >\r\n      new sdk(\"464030C30061EA8BE065000000000001\") \r\n          .appendTo(\"div_destino\")\r\n          .disableStyle(true) \r\n          .setCacheBusterMacro(\"%%CACHEBUSTER%%\")\r\n          .setSize(\"800\",\"214\")\r\n          .setClickMacro(\"%%CLICK_URL_ESC%%\") \r\n          .setReferrerUrlMacro(\"%%REFERRER_URL_ESC%%\") \r\n          .start(); \r\n<\/script><\/div><style type=\"text\/css\">\r\n@media screen and (min-width: 1201px) {\r\n.wugwk69f747db446b2 {\r\ndisplay: block;\r\n}\r\n}\r\n@media screen and (min-width: 993px) and (max-width: 1200px) {\r\n.wugwk69f747db446b2 {\r\ndisplay: block;\r\n}\r\n}\r\n@media screen and (min-width: 769px) and (max-width: 992px) {\r\n.wugwk69f747db446b2 {\r\ndisplay: block;\r\n}\r\n}\r\n@media screen and (min-width: 768px) and (max-width: 768px) {\r\n.wugwk69f747db446b2 {\r\ndisplay: block;\r\n}\r\n}\r\n@media screen and (max-width: 767px) {\r\n.wugwk69f747db446b2 {\r\ndisplay: block;\r\n}\r\n}\r\n<\/style>\r\n","protected":false},"excerpt":{"rendered":"<p>O Instituto Federal de Educa\u00e7\u00e3o, Ci\u00eancia e Tecnologia do Sudeste de Minas Gerais (IF Sudeste MG) est\u00e1 com inscri\u00e7\u00f5es abertas para concurso p\u00fablico que oferece 32 vagas ao cargo de professor de ensino b\u00e1sico, t\u00e9cnico e tecnol\u00f3gico.\u00a0A remunera\u00e7\u00e3o varia entre<\/p>\n<p class=\"link-more\"><a class=\"more-link\" href=\"https:\/\/marcelolopes.jor.br\/site\/2019\/05\/19\/if-sudeste-esta-com-inscricoes-abertas-para-concurso-de-professor\/\">Leia mais <span class=\"screen-reader-text\">IF Sudeste est\u00e1 com inscri\u00e7\u00f5es abertas para concurso de professor<\/span><\/a><\/p>\n","protected":false},"author":2,"featured_media":1520,"comment_status":"open","ping_status":"open","sticky":false,"template":"","format":"standard","meta":{"footnotes":""},"categories":[1],"tags":[55,66,283,195],"class_list":["post-1518","post","type-post","status-publish","format-standard","has-post-thumbnail","hentry","category-noticias","tag-concurso","tag-if-sudeste","tag-professor","tag-prova","thumb-below-title"],"yoast_head":"<!-- This site is optimized with the Yoast SEO plugin v27.4 - https:\/\/yoast.com\/product\/yoast-seo-wordpress\/ -->\n<title>IF Sudeste est\u00e1 com inscri\u00e7\u00f5es abertas para concurso de professor | Marcelo Lopes<\/title>\n<meta name=\"robots\" content=\"index, follow, max-snippet:-1, max-image-preview:large, max-video-preview:-1\" \/>\n<link rel=\"canonical\" href=\"https:\/\/marcelolopes.jor.br\/site\/2019\/05\/19\/if-sudeste-esta-com-inscricoes-abertas-para-concurso-de-professor\/\" \/>\n<meta property=\"og:locale\" content=\"pt_BR\" \/>\n<meta property=\"og:type\" content=\"article\" \/>\n<meta property=\"og:title\" content=\"IF Sudeste est\u00e1 com inscri\u00e7\u00f5es abertas para concurso de professor | Marcelo Lopes\" \/>\n<meta property=\"og:description\" content=\"O Instituto Federal de Educa\u00e7\u00e3o, Ci\u00eancia e Tecnologia do Sudeste de Minas Gerais (IF Sudeste MG) est\u00e1 com inscri\u00e7\u00f5es abertas para concurso p\u00fablico que oferece 32 vagas ao cargo de professor de ensino b\u00e1sico, t\u00e9cnico e tecnol\u00f3gico.\u00a0A remunera\u00e7\u00e3o varia entreLeia mais IF Sudeste est\u00e1 com inscri\u00e7\u00f5es abertas para concurso de professor\" \/>\n<meta property=\"og:url\" content=\"https:\/\/marcelolopes.jor.br\/site\/2019\/05\/19\/if-sudeste-esta-com-inscricoes-abertas-para-concurso-de-professor\/\" \/>\n<meta property=\"og:site_name\" content=\"Marcelo Lopes\" \/>\n<meta property=\"article:publisher\" content=\"https:\/\/www.facebook.com\/sitedomarcelolopes\" \/>\n<meta property=\"article:published_time\" content=\"2019-05-19T10:00:04+00:00\" \/>\n<meta property=\"og:image\" content=\"https:\/\/marcelolopes.jor.br\/site\/wp-content\/uploads\/2019\/05\/Professor.jpg\" \/>\n\t<meta property=\"og:image:width\" content=\"680\" \/>\n\t<meta property=\"og:image:height\" content=\"453\" \/>\n\t<meta property=\"og:image:type\" content=\"image\/jpeg\" \/>\n<meta name=\"author\" content=\"Marcelo Lopes\" \/>\n<meta name=\"twitter:card\" content=\"summary_large_image\" \/>\n<meta name=\"twitter:label1\" content=\"Escrito por\" \/>\n\t<meta name=\"twitter:data1\" content=\"Marcelo Lopes\" \/>\n\t<meta name=\"twitter:label2\" content=\"Est. tempo de leitura\" \/>\n\t<meta name=\"twitter:data2\" content=\"1 minuto\" \/>\n<script type=\"application\/ld+json\" class=\"yoast-schema-graph\">{\"@context\":\"https:\\\/\\\/schema.org\",\"@graph\":[{\"@type\":\"NewsArticle\",\"@id\":\"https:\\\/\\\/marcelolopes.jor.br\\\/site\\\/2019\\\/05\\\/19\\\/if-sudeste-esta-com-inscricoes-abertas-para-concurso-de-professor\\\/#article\",\"isPartOf\":{\"@id\":\"https:\\\/\\\/marcelolopes.jor.br\\\/site\\\/2019\\\/05\\\/19\\\/if-sudeste-esta-com-inscricoes-abertas-para-concurso-de-professor\\\/\"},\"author\":{\"name\":\"Marcelo Lopes\",\"@id\":\"https:\\\/\\\/marcelolopes.jor.br\\\/site\\\/#\\\/schema\\\/person\\\/3e7216a35c34d8fdf952b31da3d1f89f\"},\"headline\":\"IF Sudeste est\u00e1 com inscri\u00e7\u00f5es abertas para concurso de professor\",\"datePublished\":\"2019-05-19T10:00:04+00:00\",\"mainEntityOfPage\":{\"@id\":\"https:\\\/\\\/marcelolopes.jor.br\\\/site\\\/2019\\\/05\\\/19\\\/if-sudeste-esta-com-inscricoes-abertas-para-concurso-de-professor\\\/\"},\"wordCount\":182,\"commentCount\":0,\"publisher\":{\"@id\":\"https:\\\/\\\/marcelolopes.jor.br\\\/site\\\/#organization\"},\"image\":{\"@id\":\"https:\\\/\\\/marcelolopes.jor.br\\\/site\\\/2019\\\/05\\\/19\\\/if-sudeste-esta-com-inscricoes-abertas-para-concurso-de-professor\\\/#primaryimage\"},\"thumbnailUrl\":\"https:\\\/\\\/marcelolopes.jor.br\\\/site\\\/wp-content\\\/uploads\\\/2019\\\/05\\\/Professor.jpg\",\"keywords\":[\"concurso\",\"IF Sudeste\",\"professor\",\"prova\"],\"articleSection\":[\"Not\u00edcias\"],\"inLanguage\":\"pt-BR\",\"potentialAction\":[{\"@type\":\"CommentAction\",\"name\":\"Comment\",\"target\":[\"https:\\\/\\\/marcelolopes.jor.br\\\/site\\\/2019\\\/05\\\/19\\\/if-sudeste-esta-com-inscricoes-abertas-para-concurso-de-professor\\\/#respond\"]}]},{\"@type\":\"WebPage\",\"@id\":\"https:\\\/\\\/marcelolopes.jor.br\\\/site\\\/2019\\\/05\\\/19\\\/if-sudeste-esta-com-inscricoes-abertas-para-concurso-de-professor\\\/\",\"url\":\"https:\\\/\\\/marcelolopes.jor.br\\\/site\\\/2019\\\/05\\\/19\\\/if-sudeste-esta-com-inscricoes-abertas-para-concurso-de-professor\\\/\",\"name\":\"IF Sudeste est\u00e1 com inscri\u00e7\u00f5es abertas para concurso de professor | Marcelo Lopes\",\"isPartOf\":{\"@id\":\"https:\\\/\\\/marcelolopes.jor.br\\\/site\\\/#website\"},\"primaryImageOfPage\":{\"@id\":\"https:\\\/\\\/marcelolopes.jor.br\\\/site\\\/2019\\\/05\\\/19\\\/if-sudeste-esta-com-inscricoes-abertas-para-concurso-de-professor\\\/#primaryimage\"},\"image\":{\"@id\":\"https:\\\/\\\/marcelolopes.jor.br\\\/site\\\/2019\\\/05\\\/19\\\/if-sudeste-esta-com-inscricoes-abertas-para-concurso-de-professor\\\/#primaryimage\"},\"thumbnailUrl\":\"https:\\\/\\\/marcelolopes.jor.br\\\/site\\\/wp-content\\\/uploads\\\/2019\\\/05\\\/Professor.jpg\",\"datePublished\":\"2019-05-19T10:00:04+00:00\",\"breadcrumb\":{\"@id\":\"https:\\\/\\\/marcelolopes.jor.br\\\/site\\\/2019\\\/05\\\/19\\\/if-sudeste-esta-com-inscricoes-abertas-para-concurso-de-professor\\\/#breadcrumb\"},\"inLanguage\":\"pt-BR\",\"potentialAction\":[{\"@type\":\"ReadAction\",\"target\":[\"https:\\\/\\\/marcelolopes.jor.br\\\/site\\\/2019\\\/05\\\/19\\\/if-sudeste-esta-com-inscricoes-abertas-para-concurso-de-professor\\\/\"]}]},{\"@type\":\"ImageObject\",\"inLanguage\":\"pt-BR\",\"@id\":\"https:\\\/\\\/marcelolopes.jor.br\\\/site\\\/2019\\\/05\\\/19\\\/if-sudeste-esta-com-inscricoes-abertas-para-concurso-de-professor\\\/#primaryimage\",\"url\":\"https:\\\/\\\/marcelolopes.jor.br\\\/site\\\/wp-content\\\/uploads\\\/2019\\\/05\\\/Professor.jpg\",\"contentUrl\":\"https:\\\/\\\/marcelolopes.jor.br\\\/site\\\/wp-content\\\/uploads\\\/2019\\\/05\\\/Professor.jpg\",\"width\":680,\"height\":453,\"caption\":\"Os interessados devem ler o edital que pode ser acessado por meio de link na mat\u00e9ria\"},{\"@type\":\"BreadcrumbList\",\"@id\":\"https:\\\/\\\/marcelolopes.jor.br\\\/site\\\/2019\\\/05\\\/19\\\/if-sudeste-esta-com-inscricoes-abertas-para-concurso-de-professor\\\/#breadcrumb\",\"itemListElement\":[{\"@type\":\"ListItem\",\"position\":1,\"name\":\"Home\",\"item\":\"https:\\\/\\\/marcelolopes.jor.br\\\/site\\\/\"},{\"@type\":\"ListItem\",\"position\":2,\"name\":\"IF Sudeste est\u00e1 com inscri\u00e7\u00f5es abertas para concurso de professor\"}]},{\"@type\":\"WebSite\",\"@id\":\"https:\\\/\\\/marcelolopes.jor.br\\\/site\\\/#website\",\"url\":\"https:\\\/\\\/marcelolopes.jor.br\\\/site\\\/\",\"name\":\"Marcelo Lopes\",\"description\":\"Not\u00edcias de Cataguases e Regi\u00e3o\",\"publisher\":{\"@id\":\"https:\\\/\\\/marcelolopes.jor.br\\\/site\\\/#organization\"},\"potentialAction\":[{\"@type\":\"SearchAction\",\"target\":{\"@type\":\"EntryPoint\",\"urlTemplate\":\"https:\\\/\\\/marcelolopes.jor.br\\\/site\\\/?s={search_term_string}\"},\"query-input\":{\"@type\":\"PropertyValueSpecification\",\"valueRequired\":true,\"valueName\":\"search_term_string\"}}],\"inLanguage\":\"pt-BR\"},{\"@type\":\"Organization\",\"@id\":\"https:\\\/\\\/marcelolopes.jor.br\\\/site\\\/#organization\",\"name\":\"Site do Marcelo Lopes\",\"url\":\"https:\\\/\\\/marcelolopes.jor.br\\\/site\\\/\",\"logo\":{\"@type\":\"ImageObject\",\"inLanguage\":\"pt-BR\",\"@id\":\"https:\\\/\\\/marcelolopes.jor.br\\\/site\\\/#\\\/schema\\\/logo\\\/image\\\/\",\"url\":\"https:\\\/\\\/marcelolopes.jor.br\\\/site\\\/wp-content\\\/uploads\\\/2024\\\/11\\\/logo-1.png\",\"contentUrl\":\"https:\\\/\\\/marcelolopes.jor.br\\\/site\\\/wp-content\\\/uploads\\\/2024\\\/11\\\/logo-1.png\",\"width\":475,\"height\":80,\"caption\":\"Site do Marcelo Lopes\"},\"image\":{\"@id\":\"https:\\\/\\\/marcelolopes.jor.br\\\/site\\\/#\\\/schema\\\/logo\\\/image\\\/\"},\"sameAs\":[\"https:\\\/\\\/www.facebook.com\\\/sitedomarcelolopes\",\"https:\\\/\\\/www.instagram.com\\\/sitedomarcelolopes\\\/\",\"https:\\\/\\\/www.linkedin.com\\\/company\\\/site-do-marcelo-lopes\\\/\",\"https:\\\/\\\/www.youtube.com\\\/user\\\/marcelolopes957\"]},{\"@type\":\"Person\",\"@id\":\"https:\\\/\\\/marcelolopes.jor.br\\\/site\\\/#\\\/schema\\\/person\\\/3e7216a35c34d8fdf952b31da3d1f89f\",\"name\":\"Marcelo Lopes\",\"sameAs\":[\"http:\\\/\\\/www.marcelolopes.jor.br\"],\"url\":\"https:\\\/\\\/marcelolopes.jor.br\\\/site\\\/author\\\/marcelo\\\/\"}]}<\/script>\n<!-- \/ Yoast SEO plugin. -->","yoast_head_json":{"title":"IF Sudeste est\u00e1 com inscri\u00e7\u00f5es abertas para concurso de professor | Marcelo Lopes","robots":{"index":"index","follow":"follow","max-snippet":"max-snippet:-1","max-image-preview":"max-image-preview:large","max-video-preview":"max-video-preview:-1"},"canonical":"https:\/\/marcelolopes.jor.br\/site\/2019\/05\/19\/if-sudeste-esta-com-inscricoes-abertas-para-concurso-de-professor\/","og_locale":"pt_BR","og_type":"article","og_title":"IF Sudeste est\u00e1 com inscri\u00e7\u00f5es abertas para concurso de professor | Marcelo Lopes","og_description":"O Instituto Federal de Educa\u00e7\u00e3o, Ci\u00eancia e Tecnologia do Sudeste de Minas Gerais (IF Sudeste MG) est\u00e1 com inscri\u00e7\u00f5es abertas para concurso p\u00fablico que oferece 32 vagas ao cargo de professor de ensino b\u00e1sico, t\u00e9cnico e tecnol\u00f3gico.\u00a0A remunera\u00e7\u00e3o varia entreLeia mais IF Sudeste est\u00e1 com inscri\u00e7\u00f5es abertas para concurso de professor","og_url":"https:\/\/marcelolopes.jor.br\/site\/2019\/05\/19\/if-sudeste-esta-com-inscricoes-abertas-para-concurso-de-professor\/","og_site_name":"Marcelo Lopes","article_publisher":"https:\/\/www.facebook.com\/sitedomarcelolopes","article_published_time":"2019-05-19T10:00:04+00:00","og_image":[{"width":680,"height":453,"url":"https:\/\/marcelolopes.jor.br\/site\/wp-content\/uploads\/2019\/05\/Professor.jpg","type":"image\/jpeg"}],"author":"Marcelo Lopes","twitter_card":"summary_large_image","twitter_misc":{"Escrito por":"Marcelo Lopes","Est. tempo de leitura":"1 minuto"},"schema":{"@context":"https:\/\/schema.org","@graph":[{"@type":"NewsArticle","@id":"https:\/\/marcelolopes.jor.br\/site\/2019\/05\/19\/if-sudeste-esta-com-inscricoes-abertas-para-concurso-de-professor\/#article","isPartOf":{"@id":"https:\/\/marcelolopes.jor.br\/site\/2019\/05\/19\/if-sudeste-esta-com-inscricoes-abertas-para-concurso-de-professor\/"},"author":{"name":"Marcelo Lopes","@id":"https:\/\/marcelolopes.jor.br\/site\/#\/schema\/person\/3e7216a35c34d8fdf952b31da3d1f89f"},"headline":"IF Sudeste est\u00e1 com inscri\u00e7\u00f5es abertas para concurso de professor","datePublished":"2019-05-19T10:00:04+00:00","mainEntityOfPage":{"@id":"https:\/\/marcelolopes.jor.br\/site\/2019\/05\/19\/if-sudeste-esta-com-inscricoes-abertas-para-concurso-de-professor\/"},"wordCount":182,"commentCount":0,"publisher":{"@id":"https:\/\/marcelolopes.jor.br\/site\/#organization"},"image":{"@id":"https:\/\/marcelolopes.jor.br\/site\/2019\/05\/19\/if-sudeste-esta-com-inscricoes-abertas-para-concurso-de-professor\/#primaryimage"},"thumbnailUrl":"https:\/\/marcelolopes.jor.br\/site\/wp-content\/uploads\/2019\/05\/Professor.jpg","keywords":["concurso","IF Sudeste","professor","prova"],"articleSection":["Not\u00edcias"],"inLanguage":"pt-BR","potentialAction":[{"@type":"CommentAction","name":"Comment","target":["https:\/\/marcelolopes.jor.br\/site\/2019\/05\/19\/if-sudeste-esta-com-inscricoes-abertas-para-concurso-de-professor\/#respond"]}]},{"@type":"WebPage","@id":"https:\/\/marcelolopes.jor.br\/site\/2019\/05\/19\/if-sudeste-esta-com-inscricoes-abertas-para-concurso-de-professor\/","url":"https:\/\/marcelolopes.jor.br\/site\/2019\/05\/19\/if-sudeste-esta-com-inscricoes-abertas-para-concurso-de-professor\/","name":"IF Sudeste est\u00e1 com inscri\u00e7\u00f5es abertas para concurso de professor | Marcelo Lopes","isPartOf":{"@id":"https:\/\/marcelolopes.jor.br\/site\/#website"},"primaryImageOfPage":{"@id":"https:\/\/marcelolopes.jor.br\/site\/2019\/05\/19\/if-sudeste-esta-com-inscricoes-abertas-para-concurso-de-professor\/#primaryimage"},"image":{"@id":"https:\/\/marcelolopes.jor.br\/site\/2019\/05\/19\/if-sudeste-esta-com-inscricoes-abertas-para-concurso-de-professor\/#primaryimage"},"thumbnailUrl":"https:\/\/marcelolopes.jor.br\/site\/wp-content\/uploads\/2019\/05\/Professor.jpg","datePublished":"2019-05-19T10:00:04+00:00","breadcrumb":{"@id":"https:\/\/marcelolopes.jor.br\/site\/2019\/05\/19\/if-sudeste-esta-com-inscricoes-abertas-para-concurso-de-professor\/#breadcrumb"},"inLanguage":"pt-BR","potentialAction":[{"@type":"ReadAction","target":["https:\/\/marcelolopes.jor.br\/site\/2019\/05\/19\/if-sudeste-esta-com-inscricoes-abertas-para-concurso-de-professor\/"]}]},{"@type":"ImageObject","inLanguage":"pt-BR","@id":"https:\/\/marcelolopes.jor.br\/site\/2019\/05\/19\/if-sudeste-esta-com-inscricoes-abertas-para-concurso-de-professor\/#primaryimage","url":"https:\/\/marcelolopes.jor.br\/site\/wp-content\/uploads\/2019\/05\/Professor.jpg","contentUrl":"https:\/\/marcelolopes.jor.br\/site\/wp-content\/uploads\/2019\/05\/Professor.jpg","width":680,"height":453,"caption":"Os interessados devem ler o edital que pode ser acessado por meio de link na mat\u00e9ria"},{"@type":"BreadcrumbList","@id":"https:\/\/marcelolopes.jor.br\/site\/2019\/05\/19\/if-sudeste-esta-com-inscricoes-abertas-para-concurso-de-professor\/#breadcrumb","itemListElement":[{"@type":"ListItem","position":1,"name":"Home","item":"https:\/\/marcelolopes.jor.br\/site\/"},{"@type":"ListItem","position":2,"name":"IF Sudeste est\u00e1 com inscri\u00e7\u00f5es abertas para concurso de professor"}]},{"@type":"WebSite","@id":"https:\/\/marcelolopes.jor.br\/site\/#website","url":"https:\/\/marcelolopes.jor.br\/site\/","name":"Marcelo Lopes","description":"Not\u00edcias de Cataguases e Regi\u00e3o","publisher":{"@id":"https:\/\/marcelolopes.jor.br\/site\/#organization"},"potentialAction":[{"@type":"SearchAction","target":{"@type":"EntryPoint","urlTemplate":"https:\/\/marcelolopes.jor.br\/site\/?s={search_term_string}"},"query-input":{"@type":"PropertyValueSpecification","valueRequired":true,"valueName":"search_term_string"}}],"inLanguage":"pt-BR"},{"@type":"Organization","@id":"https:\/\/marcelolopes.jor.br\/site\/#organization","name":"Site do Marcelo Lopes","url":"https:\/\/marcelolopes.jor.br\/site\/","logo":{"@type":"ImageObject","inLanguage":"pt-BR","@id":"https:\/\/marcelolopes.jor.br\/site\/#\/schema\/logo\/image\/","url":"https:\/\/marcelolopes.jor.br\/site\/wp-content\/uploads\/2024\/11\/logo-1.png","contentUrl":"https:\/\/marcelolopes.jor.br\/site\/wp-content\/uploads\/2024\/11\/logo-1.png","width":475,"height":80,"caption":"Site do Marcelo Lopes"},"image":{"@id":"https:\/\/marcelolopes.jor.br\/site\/#\/schema\/logo\/image\/"},"sameAs":["https:\/\/www.facebook.com\/sitedomarcelolopes","https:\/\/www.instagram.com\/sitedomarcelolopes\/","https:\/\/www.linkedin.com\/company\/site-do-marcelo-lopes\/","https:\/\/www.youtube.com\/user\/marcelolopes957"]},{"@type":"Person","@id":"https:\/\/marcelolopes.jor.br\/site\/#\/schema\/person\/3e7216a35c34d8fdf952b31da3d1f89f","name":"Marcelo Lopes","sameAs":["http:\/\/www.marcelolopes.jor.br"],"url":"https:\/\/marcelolopes.jor.br\/site\/author\/marcelo\/"}]}},"wps_subtitle":"Institui\u00e7\u00e3o oferece 32 vagas e inscri\u00e7\u00f5es v\u00e3o at\u00e9 o dia 17 de junho, pela internet.","_links":{"self":[{"href":"https:\/\/marcelolopes.jor.br\/site\/wp-json\/wp\/v2\/posts\/1518","targetHints":{"allow":["GET"]}}],"collection":[{"href":"https:\/\/marcelolopes.jor.br\/site\/wp-json\/wp\/v2\/posts"}],"about":[{"href":"https:\/\/marcelolopes.jor.br\/site\/wp-json\/wp\/v2\/types\/post"}],"author":[{"embeddable":true,"href":"https:\/\/marcelolopes.jor.br\/site\/wp-json\/wp\/v2\/users\/2"}],"replies":[{"embeddable":true,"href":"https:\/\/marcelolopes.jor.br\/site\/wp-json\/wp\/v2\/comments?post=1518"}],"version-history":[{"count":0,"href":"https:\/\/marcelolopes.jor.br\/site\/wp-json\/wp\/v2\/posts\/1518\/revisions"}],"wp:featuredmedia":[{"embeddable":true,"href":"https:\/\/marcelolopes.jor.br\/site\/wp-json\/wp\/v2\/media\/1520"}],"wp:attachment":[{"href":"https:\/\/marcelolopes.jor.br\/site\/wp-json\/wp\/v2\/media?parent=1518"}],"wp:term":[{"taxonomy":"category","embeddable":true,"href":"https:\/\/marcelolopes.jor.br\/site\/wp-json\/wp\/v2\/categories?post=1518"},{"taxonomy":"post_tag","embeddable":true,"href":"https:\/\/marcelolopes.jor.br\/site\/wp-json\/wp\/v2\/tags?post=1518"}],"curies":[{"name":"wp","href":"https:\/\/api.w.org\/{rel}","templated":true}]}}