{"id":15142,"date":"2020-06-20T16:00:03","date_gmt":"2020-06-20T19:00:03","guid":{"rendered":"https:\/\/marcelolopes.jor.br\/?p=15142"},"modified":"2020-06-20T15:54:57","modified_gmt":"2020-06-20T18:54:57","slug":"hospital-do-cancer-de-muriae-adota-novas-medidas-de-prevencao-ao-coronavirus","status":"publish","type":"post","link":"https:\/\/marcelolopes.jor.br\/site\/2020\/06\/20\/hospital-do-cancer-de-muriae-adota-novas-medidas-de-prevencao-ao-coronavirus\/","title":{"rendered":"Hospital do C\u00e2ncer de Muria\u00e9 adota novas medidas de preven\u00e7\u00e3o ao coronav\u00edrus"},"content":{"rendered":"<p style=\"text-align: justify;\">Em fun\u00e7\u00e3o da pandemia do COVID-19 (Coronavirus) e, principalmente, do alto n\u00famero de infec\u00e7\u00f5es em Minas Gerais, destacando a Zona da Mata como uma das regi\u00f5es mais impactadas, o Hospital do C\u00e2ncer de Muria\u00e9, mantido pela Funda\u00e7\u00e3o Cristiano Varella \u2013 que tem a miss\u00e3o de combater o c\u00e2ncer e valorizar a vida \u2013 desenvolveu um protocolo que visa conter e evitar a prolifera\u00e7\u00e3o do v\u00edrus na institui\u00e7\u00e3o. <!--more--><br \/>\nEste protocolo foi desenvolvido e \u00e9 monitorado por uma Comiss\u00e3o de Gerenciamento de Riscos, composta por m\u00e9dicos e profissionais de diferentes \u00e1reas da institui\u00e7\u00e3o, que atua desde o in\u00edcio da pandemia. Ela se re\u00fane diariamente para acompanhar os avan\u00e7os da doen\u00e7a, analisar o cen\u00e1rio na regi\u00e3o e a situa\u00e7\u00e3o do hospital, tomando as medidas necess\u00e1rias para preservar o ambiente hospitalar seguro, mantendo o equil\u00edbrio e a tranquilidade dos pacientes e dos seus familiares.<\/p>\n<p>Dentre as medidas adotadas pela institui\u00e7\u00e3o, para garantir a seguran\u00e7a e excel\u00eancia dos atendimentos, bem como impactar o m\u00ednimo poss\u00edvel o dia a dia dos colaboradores e controlar cada vez mais a transmiss\u00e3o do v\u00edrus, destacam-se:<br \/>\n1. As visitas aos pacientes internados est\u00e3o temporariamente PROIBIDAS;<\/p>\n<p>2. O uso de m\u00e1scara no ambiente hospitalar \u00e9 OBRIGAT\u00d3RIO, durante todo o per\u00edodo de perman\u00eancia no hospital, por todas as pessoas;<\/p>\n<p>3. A presen\u00e7a de acompanhante n\u00e3o \u00e9 recomend\u00e1vel, sendo permitida, conforme legisla\u00e7\u00e3o e contratos existentes, exceto, para a Unidade de Atendimento Respirat\u00f3rio, onde poder\u00e3o ser autorizados os acompanhantes de menores e gestantes;<\/p>\n<p>4. \u00c9 proibido acompanhantes com mais de 60 anos e\/ou portadores de doen\u00e7as cr\u00f4nicas, tais como: diabetes, hipertens\u00e3o, cardiopatas, doen\u00e7a respirat\u00f3ria e\/ou pacientes oncol\u00f3gicos e\/ou imunossuprimidos e\/ou gestante ou lactante;<\/p>\n<p>5. N\u00e3o \u00e9 permitido acompanhantes com s\u00edndrome infecciosa e\/ou s\u00edndrome gripal;<\/p>\n<p>6. A troca de acompanhantes n\u00e3o \u00e9 recomend\u00e1vel, mas, n\u00e3o havendo possibilidade, somente deve ocorrer entre 7h e 8h ou entre 19h e 20h;<\/p>\n<p>7. Na sala infus\u00e3o de quimioterapia tamb\u00e9m est\u00e1 proibida a presen\u00e7a de acompanhantes;<\/p>\n<p>8. Acompanhantes, quando permitidos, devem permanecer em tempo integral ao lado do paciente;<\/p>\n<p>9. Todas as a\u00e7\u00f5es (atividade l\u00fadicas, volunt\u00e1rios, grupos de m\u00fasica, visitas religiosas, sociais, t\u00e9cnicas, dentre outras), que n\u00e3o sejam para atendimento assistencial, continuam suspensas;<\/p>\n<p>10. Visitas ao Memorial (\u00e1rea cultural) continuam suspensas;<\/p>\n<p>11. Entrega de curr\u00edculos presenciais tamb\u00e9m continuam suspensas. Os curr\u00edculos devem ser encaminhados por e-mails, que s\u00e3o divulgados junto \u00e0s vagas em nossos canais de comunica\u00e7\u00e3o institucionais;<\/p>\n<p>12. Cursos presenciais do Centro de Educa\u00e7\u00e3o Corporativa da FCV continuam suspensos, assim como os est\u00e1gios n\u00e3o remunerados;<\/p>\n<p>13. Campanhas de Diagn\u00f3stico e Rastreamento, realizadas pelas unidades m\u00f3veis do Hospital, continuam suspensas;<\/p>\n<p>14. Leil\u00f5es presenciais em prol do HCM\/FCV tamb\u00e9m continuam suspensos.<\/p>\n<p>O Hospital do C\u00e2ncer de Muria\u00e9 ainda refor\u00e7a que seguir as recomenda\u00e7\u00f5es dos \u00f3rg\u00e3os oficiais \u00e9 de extrema import\u00e2ncia, durante toda a pandemia. Ainda contamos com o apoio e a compreens\u00e3o de todos aqueles que, direta e indiretamente, frequentam a institui\u00e7\u00e3o, para que sigam todo o protocolo e, juntos, possamos superar este momento t\u00e3o dif\u00edcil.<\/p>\n<p>D\u00favidas e Informa\u00e7\u00f5es: (32) 3729-7000.<\/p>\n<p>Fonte: Hospital do C\u00e2ncer de Muria\u00e9<\/p>\n<div class=\"dvanh69f70b823f6aa\" ><br><\/div><style type=\"text\/css\">\r\n@media screen and (min-width: 1201px) {\r\n.dvanh69f70b823f6aa {\r\ndisplay: block;\r\n}\r\n}\r\n@media screen and (min-width: 993px) and (max-width: 1200px) {\r\n.dvanh69f70b823f6aa {\r\ndisplay: block;\r\n}\r\n}\r\n@media screen and (min-width: 769px) and (max-width: 992px) {\r\n.dvanh69f70b823f6aa {\r\ndisplay: block;\r\n}\r\n}\r\n@media screen and (min-width: 768px) and (max-width: 768px) {\r\n.dvanh69f70b823f6aa {\r\ndisplay: block;\r\n}\r\n}\r\n@media screen and (max-width: 767px) {\r\n.dvanh69f70b823f6aa {\r\ndisplay: block;\r\n}\r\n}\r\n<\/style>\r\n<div class=\"tkxhn69f70b82455ba\" ><div id=\"div_destino\"><\/div>\r\n<script src=\"https:\/\/cdn.snsrsv.com\/sdk.js\"><\/script>\r\n<script >\r\n      new sdk(\"464030C30061EA8BE065000000000001\") \r\n          .appendTo(\"div_destino\")\r\n          .disableStyle(true) \r\n          .setCacheBusterMacro(\"%%CACHEBUSTER%%\")\r\n          .setSize(\"800\",\"214\")\r\n          .setClickMacro(\"%%CLICK_URL_ESC%%\") \r\n          .setReferrerUrlMacro(\"%%REFERRER_URL_ESC%%\") \r\n          .start(); \r\n<\/script><\/div><style type=\"text\/css\">\r\n@media screen and (min-width: 1201px) {\r\n.tkxhn69f70b82455ba {\r\ndisplay: block;\r\n}\r\n}\r\n@media screen and (min-width: 993px) and (max-width: 1200px) {\r\n.tkxhn69f70b82455ba {\r\ndisplay: block;\r\n}\r\n}\r\n@media screen and (min-width: 769px) and (max-width: 992px) {\r\n.tkxhn69f70b82455ba {\r\ndisplay: block;\r\n}\r\n}\r\n@media screen and (min-width: 768px) and (max-width: 768px) {\r\n.tkxhn69f70b82455ba {\r\ndisplay: block;\r\n}\r\n}\r\n@media screen and (max-width: 767px) {\r\n.tkxhn69f70b82455ba {\r\ndisplay: block;\r\n}\r\n}\r\n<\/style>\r\n","protected":false},"excerpt":{"rendered":"<p>Em fun\u00e7\u00e3o da pandemia do COVID-19 (Coronavirus) e, principalmente, do alto n\u00famero de infec\u00e7\u00f5es em Minas Gerais, destacando a Zona da Mata como uma das regi\u00f5es mais impactadas, o Hospital do C\u00e2ncer de Muria\u00e9, mantido pela Funda\u00e7\u00e3o Cristiano Varella \u2013<\/p>\n<p class=\"link-more\"><a class=\"more-link\" href=\"https:\/\/marcelolopes.jor.br\/site\/2020\/06\/20\/hospital-do-cancer-de-muriae-adota-novas-medidas-de-prevencao-ao-coronavirus\/\">Leia mais <span class=\"screen-reader-text\">Hospital do C\u00e2ncer de Muria\u00e9 adota novas medidas de preven\u00e7\u00e3o ao coronav\u00edrus<\/span><\/a><\/p>\n","protected":false},"author":2,"featured_media":15144,"comment_status":"open","ping_status":"open","sticky":false,"template":"","format":"standard","meta":{"footnotes":""},"categories":[1],"tags":[2185,340,2249,59],"class_list":["post-15142","post","type-post","status-publish","format-standard","has-post-thumbnail","hentry","category-noticias","tag-coronavirus","tag-hospital-do-cancer","tag-medidas-preventivas","tag-saude","thumb-below-title"],"yoast_head":"<!-- This site is optimized with the Yoast SEO plugin v27.4 - https:\/\/yoast.com\/product\/yoast-seo-wordpress\/ -->\n<title>Hospital do C\u00e2ncer de Muria\u00e9 adota novas medidas de preven\u00e7\u00e3o ao coronav\u00edrus | Marcelo Lopes<\/title>\n<meta name=\"robots\" content=\"index, follow, max-snippet:-1, max-image-preview:large, max-video-preview:-1\" \/>\n<link rel=\"canonical\" href=\"https:\/\/marcelolopes.jor.br\/site\/2020\/06\/20\/hospital-do-cancer-de-muriae-adota-novas-medidas-de-prevencao-ao-coronavirus\/\" \/>\n<meta property=\"og:locale\" content=\"pt_BR\" \/>\n<meta property=\"og:type\" content=\"article\" \/>\n<meta property=\"og:title\" content=\"Hospital do C\u00e2ncer de Muria\u00e9 adota novas medidas de preven\u00e7\u00e3o ao coronav\u00edrus | Marcelo Lopes\" \/>\n<meta property=\"og:description\" content=\"Em fun\u00e7\u00e3o da pandemia do COVID-19 (Coronavirus) e, principalmente, do alto n\u00famero de infec\u00e7\u00f5es em Minas Gerais, destacando a Zona da Mata como uma das regi\u00f5es mais impactadas, o Hospital do C\u00e2ncer de Muria\u00e9, mantido pela Funda\u00e7\u00e3o Cristiano Varella \u2013Leia mais Hospital do C\u00e2ncer de Muria\u00e9 adota novas medidas de preven\u00e7\u00e3o ao coronav\u00edrus\" \/>\n<meta property=\"og:url\" content=\"https:\/\/marcelolopes.jor.br\/site\/2020\/06\/20\/hospital-do-cancer-de-muriae-adota-novas-medidas-de-prevencao-ao-coronavirus\/\" \/>\n<meta property=\"og:site_name\" content=\"Marcelo Lopes\" \/>\n<meta property=\"article:publisher\" content=\"https:\/\/www.facebook.com\/sitedomarcelolopes\" \/>\n<meta property=\"article:published_time\" content=\"2020-06-20T19:00:03+00:00\" \/>\n<meta property=\"og:image\" content=\"https:\/\/marcelolopes.jor.br\/site\/wp-content\/uploads\/2020\/06\/8fe8aae65545871d1832a649cfaac230.funda\u00e7\u00e3o-cristiano-varela.jpg\" \/>\n\t<meta property=\"og:image:width\" content=\"700\" \/>\n\t<meta property=\"og:image:height\" content=\"525\" \/>\n\t<meta property=\"og:image:type\" content=\"image\/jpeg\" \/>\n<meta name=\"author\" content=\"Marcelo Lopes\" \/>\n<meta name=\"twitter:card\" content=\"summary_large_image\" \/>\n<meta name=\"twitter:label1\" content=\"Escrito por\" \/>\n\t<meta name=\"twitter:data1\" content=\"Marcelo Lopes\" \/>\n\t<meta name=\"twitter:label2\" content=\"Est. tempo de leitura\" \/>\n\t<meta name=\"twitter:data2\" content=\"3 minutos\" \/>\n<script type=\"application\/ld+json\" class=\"yoast-schema-graph\">{\"@context\":\"https:\\\/\\\/schema.org\",\"@graph\":[{\"@type\":\"NewsArticle\",\"@id\":\"https:\\\/\\\/marcelolopes.jor.br\\\/site\\\/2020\\\/06\\\/20\\\/hospital-do-cancer-de-muriae-adota-novas-medidas-de-prevencao-ao-coronavirus\\\/#article\",\"isPartOf\":{\"@id\":\"https:\\\/\\\/marcelolopes.jor.br\\\/site\\\/2020\\\/06\\\/20\\\/hospital-do-cancer-de-muriae-adota-novas-medidas-de-prevencao-ao-coronavirus\\\/\"},\"author\":{\"name\":\"Marcelo Lopes\",\"@id\":\"https:\\\/\\\/marcelolopes.jor.br\\\/site\\\/#\\\/schema\\\/person\\\/3e7216a35c34d8fdf952b31da3d1f89f\"},\"headline\":\"Hospital do C\u00e2ncer de Muria\u00e9 adota novas medidas de preven\u00e7\u00e3o ao coronav\u00edrus\",\"datePublished\":\"2020-06-20T19:00:03+00:00\",\"mainEntityOfPage\":{\"@id\":\"https:\\\/\\\/marcelolopes.jor.br\\\/site\\\/2020\\\/06\\\/20\\\/hospital-do-cancer-de-muriae-adota-novas-medidas-de-prevencao-ao-coronavirus\\\/\"},\"wordCount\":579,\"commentCount\":0,\"publisher\":{\"@id\":\"https:\\\/\\\/marcelolopes.jor.br\\\/site\\\/#organization\"},\"image\":{\"@id\":\"https:\\\/\\\/marcelolopes.jor.br\\\/site\\\/2020\\\/06\\\/20\\\/hospital-do-cancer-de-muriae-adota-novas-medidas-de-prevencao-ao-coronavirus\\\/#primaryimage\"},\"thumbnailUrl\":\"https:\\\/\\\/marcelolopes.jor.br\\\/site\\\/wp-content\\\/uploads\\\/2020\\\/06\\\/8fe8aae65545871d1832a649cfaac230.funda\u00e7\u00e3o-cristiano-varela.jpg\",\"keywords\":[\"coronav\u00edrus\",\"Hospital do C\u00e2ncer\",\"medidas preventivas\",\"sa\u00fade\"],\"articleSection\":[\"Not\u00edcias\"],\"inLanguage\":\"pt-BR\",\"potentialAction\":[{\"@type\":\"CommentAction\",\"name\":\"Comment\",\"target\":[\"https:\\\/\\\/marcelolopes.jor.br\\\/site\\\/2020\\\/06\\\/20\\\/hospital-do-cancer-de-muriae-adota-novas-medidas-de-prevencao-ao-coronavirus\\\/#respond\"]}]},{\"@type\":\"WebPage\",\"@id\":\"https:\\\/\\\/marcelolopes.jor.br\\\/site\\\/2020\\\/06\\\/20\\\/hospital-do-cancer-de-muriae-adota-novas-medidas-de-prevencao-ao-coronavirus\\\/\",\"url\":\"https:\\\/\\\/marcelolopes.jor.br\\\/site\\\/2020\\\/06\\\/20\\\/hospital-do-cancer-de-muriae-adota-novas-medidas-de-prevencao-ao-coronavirus\\\/\",\"name\":\"Hospital do C\u00e2ncer de Muria\u00e9 adota novas medidas de preven\u00e7\u00e3o ao coronav\u00edrus | Marcelo Lopes\",\"isPartOf\":{\"@id\":\"https:\\\/\\\/marcelolopes.jor.br\\\/site\\\/#website\"},\"primaryImageOfPage\":{\"@id\":\"https:\\\/\\\/marcelolopes.jor.br\\\/site\\\/2020\\\/06\\\/20\\\/hospital-do-cancer-de-muriae-adota-novas-medidas-de-prevencao-ao-coronavirus\\\/#primaryimage\"},\"image\":{\"@id\":\"https:\\\/\\\/marcelolopes.jor.br\\\/site\\\/2020\\\/06\\\/20\\\/hospital-do-cancer-de-muriae-adota-novas-medidas-de-prevencao-ao-coronavirus\\\/#primaryimage\"},\"thumbnailUrl\":\"https:\\\/\\\/marcelolopes.jor.br\\\/site\\\/wp-content\\\/uploads\\\/2020\\\/06\\\/8fe8aae65545871d1832a649cfaac230.funda\u00e7\u00e3o-cristiano-varela.jpg\",\"datePublished\":\"2020-06-20T19:00:03+00:00\",\"breadcrumb\":{\"@id\":\"https:\\\/\\\/marcelolopes.jor.br\\\/site\\\/2020\\\/06\\\/20\\\/hospital-do-cancer-de-muriae-adota-novas-medidas-de-prevencao-ao-coronavirus\\\/#breadcrumb\"},\"inLanguage\":\"pt-BR\",\"potentialAction\":[{\"@type\":\"ReadAction\",\"target\":[\"https:\\\/\\\/marcelolopes.jor.br\\\/site\\\/2020\\\/06\\\/20\\\/hospital-do-cancer-de-muriae-adota-novas-medidas-de-prevencao-ao-coronavirus\\\/\"]}]},{\"@type\":\"ImageObject\",\"inLanguage\":\"pt-BR\",\"@id\":\"https:\\\/\\\/marcelolopes.jor.br\\\/site\\\/2020\\\/06\\\/20\\\/hospital-do-cancer-de-muriae-adota-novas-medidas-de-prevencao-ao-coronavirus\\\/#primaryimage\",\"url\":\"https:\\\/\\\/marcelolopes.jor.br\\\/site\\\/wp-content\\\/uploads\\\/2020\\\/06\\\/8fe8aae65545871d1832a649cfaac230.funda\u00e7\u00e3o-cristiano-varela.jpg\",\"contentUrl\":\"https:\\\/\\\/marcelolopes.jor.br\\\/site\\\/wp-content\\\/uploads\\\/2020\\\/06\\\/8fe8aae65545871d1832a649cfaac230.funda\u00e7\u00e3o-cristiano-varela.jpg\",\"width\":700,\"height\":525,\"caption\":\"Funda\u00e7\u00e3o Cristiano Varella abre\"},{\"@type\":\"BreadcrumbList\",\"@id\":\"https:\\\/\\\/marcelolopes.jor.br\\\/site\\\/2020\\\/06\\\/20\\\/hospital-do-cancer-de-muriae-adota-novas-medidas-de-prevencao-ao-coronavirus\\\/#breadcrumb\",\"itemListElement\":[{\"@type\":\"ListItem\",\"position\":1,\"name\":\"Home\",\"item\":\"https:\\\/\\\/marcelolopes.jor.br\\\/site\\\/\"},{\"@type\":\"ListItem\",\"position\":2,\"name\":\"Hospital do C\u00e2ncer de Muria\u00e9 adota novas medidas de preven\u00e7\u00e3o ao coronav\u00edrus\"}]},{\"@type\":\"WebSite\",\"@id\":\"https:\\\/\\\/marcelolopes.jor.br\\\/site\\\/#website\",\"url\":\"https:\\\/\\\/marcelolopes.jor.br\\\/site\\\/\",\"name\":\"Marcelo Lopes\",\"description\":\"Not\u00edcias de Cataguases e Regi\u00e3o\",\"publisher\":{\"@id\":\"https:\\\/\\\/marcelolopes.jor.br\\\/site\\\/#organization\"},\"potentialAction\":[{\"@type\":\"SearchAction\",\"target\":{\"@type\":\"EntryPoint\",\"urlTemplate\":\"https:\\\/\\\/marcelolopes.jor.br\\\/site\\\/?s={search_term_string}\"},\"query-input\":{\"@type\":\"PropertyValueSpecification\",\"valueRequired\":true,\"valueName\":\"search_term_string\"}}],\"inLanguage\":\"pt-BR\"},{\"@type\":\"Organization\",\"@id\":\"https:\\\/\\\/marcelolopes.jor.br\\\/site\\\/#organization\",\"name\":\"Site do Marcelo Lopes\",\"url\":\"https:\\\/\\\/marcelolopes.jor.br\\\/site\\\/\",\"logo\":{\"@type\":\"ImageObject\",\"inLanguage\":\"pt-BR\",\"@id\":\"https:\\\/\\\/marcelolopes.jor.br\\\/site\\\/#\\\/schema\\\/logo\\\/image\\\/\",\"url\":\"https:\\\/\\\/marcelolopes.jor.br\\\/site\\\/wp-content\\\/uploads\\\/2024\\\/11\\\/logo-1.png\",\"contentUrl\":\"https:\\\/\\\/marcelolopes.jor.br\\\/site\\\/wp-content\\\/uploads\\\/2024\\\/11\\\/logo-1.png\",\"width\":475,\"height\":80,\"caption\":\"Site do Marcelo Lopes\"},\"image\":{\"@id\":\"https:\\\/\\\/marcelolopes.jor.br\\\/site\\\/#\\\/schema\\\/logo\\\/image\\\/\"},\"sameAs\":[\"https:\\\/\\\/www.facebook.com\\\/sitedomarcelolopes\",\"https:\\\/\\\/www.instagram.com\\\/sitedomarcelolopes\\\/\",\"https:\\\/\\\/www.linkedin.com\\\/company\\\/site-do-marcelo-lopes\\\/\",\"https:\\\/\\\/www.youtube.com\\\/user\\\/marcelolopes957\"]},{\"@type\":\"Person\",\"@id\":\"https:\\\/\\\/marcelolopes.jor.br\\\/site\\\/#\\\/schema\\\/person\\\/3e7216a35c34d8fdf952b31da3d1f89f\",\"name\":\"Marcelo Lopes\",\"sameAs\":[\"http:\\\/\\\/www.marcelolopes.jor.br\"],\"url\":\"https:\\\/\\\/marcelolopes.jor.br\\\/site\\\/author\\\/marcelo\\\/\"}]}<\/script>\n<!-- \/ Yoast SEO plugin. -->","yoast_head_json":{"title":"Hospital do C\u00e2ncer de Muria\u00e9 adota novas medidas de preven\u00e7\u00e3o ao coronav\u00edrus | Marcelo Lopes","robots":{"index":"index","follow":"follow","max-snippet":"max-snippet:-1","max-image-preview":"max-image-preview:large","max-video-preview":"max-video-preview:-1"},"canonical":"https:\/\/marcelolopes.jor.br\/site\/2020\/06\/20\/hospital-do-cancer-de-muriae-adota-novas-medidas-de-prevencao-ao-coronavirus\/","og_locale":"pt_BR","og_type":"article","og_title":"Hospital do C\u00e2ncer de Muria\u00e9 adota novas medidas de preven\u00e7\u00e3o ao coronav\u00edrus | Marcelo Lopes","og_description":"Em fun\u00e7\u00e3o da pandemia do COVID-19 (Coronavirus) e, principalmente, do alto n\u00famero de infec\u00e7\u00f5es em Minas Gerais, destacando a Zona da Mata como uma das regi\u00f5es mais impactadas, o Hospital do C\u00e2ncer de Muria\u00e9, mantido pela Funda\u00e7\u00e3o Cristiano Varella \u2013Leia mais Hospital do C\u00e2ncer de Muria\u00e9 adota novas medidas de preven\u00e7\u00e3o ao coronav\u00edrus","og_url":"https:\/\/marcelolopes.jor.br\/site\/2020\/06\/20\/hospital-do-cancer-de-muriae-adota-novas-medidas-de-prevencao-ao-coronavirus\/","og_site_name":"Marcelo Lopes","article_publisher":"https:\/\/www.facebook.com\/sitedomarcelolopes","article_published_time":"2020-06-20T19:00:03+00:00","og_image":[{"width":700,"height":525,"url":"https:\/\/marcelolopes.jor.br\/site\/wp-content\/uploads\/2020\/06\/8fe8aae65545871d1832a649cfaac230.funda\u00e7\u00e3o-cristiano-varela.jpg","type":"image\/jpeg"}],"author":"Marcelo Lopes","twitter_card":"summary_large_image","twitter_misc":{"Escrito por":"Marcelo Lopes","Est. tempo de leitura":"3 minutos"},"schema":{"@context":"https:\/\/schema.org","@graph":[{"@type":"NewsArticle","@id":"https:\/\/marcelolopes.jor.br\/site\/2020\/06\/20\/hospital-do-cancer-de-muriae-adota-novas-medidas-de-prevencao-ao-coronavirus\/#article","isPartOf":{"@id":"https:\/\/marcelolopes.jor.br\/site\/2020\/06\/20\/hospital-do-cancer-de-muriae-adota-novas-medidas-de-prevencao-ao-coronavirus\/"},"author":{"name":"Marcelo Lopes","@id":"https:\/\/marcelolopes.jor.br\/site\/#\/schema\/person\/3e7216a35c34d8fdf952b31da3d1f89f"},"headline":"Hospital do C\u00e2ncer de Muria\u00e9 adota novas medidas de preven\u00e7\u00e3o ao coronav\u00edrus","datePublished":"2020-06-20T19:00:03+00:00","mainEntityOfPage":{"@id":"https:\/\/marcelolopes.jor.br\/site\/2020\/06\/20\/hospital-do-cancer-de-muriae-adota-novas-medidas-de-prevencao-ao-coronavirus\/"},"wordCount":579,"commentCount":0,"publisher":{"@id":"https:\/\/marcelolopes.jor.br\/site\/#organization"},"image":{"@id":"https:\/\/marcelolopes.jor.br\/site\/2020\/06\/20\/hospital-do-cancer-de-muriae-adota-novas-medidas-de-prevencao-ao-coronavirus\/#primaryimage"},"thumbnailUrl":"https:\/\/marcelolopes.jor.br\/site\/wp-content\/uploads\/2020\/06\/8fe8aae65545871d1832a649cfaac230.funda\u00e7\u00e3o-cristiano-varela.jpg","keywords":["coronav\u00edrus","Hospital do C\u00e2ncer","medidas preventivas","sa\u00fade"],"articleSection":["Not\u00edcias"],"inLanguage":"pt-BR","potentialAction":[{"@type":"CommentAction","name":"Comment","target":["https:\/\/marcelolopes.jor.br\/site\/2020\/06\/20\/hospital-do-cancer-de-muriae-adota-novas-medidas-de-prevencao-ao-coronavirus\/#respond"]}]},{"@type":"WebPage","@id":"https:\/\/marcelolopes.jor.br\/site\/2020\/06\/20\/hospital-do-cancer-de-muriae-adota-novas-medidas-de-prevencao-ao-coronavirus\/","url":"https:\/\/marcelolopes.jor.br\/site\/2020\/06\/20\/hospital-do-cancer-de-muriae-adota-novas-medidas-de-prevencao-ao-coronavirus\/","name":"Hospital do C\u00e2ncer de Muria\u00e9 adota novas medidas de preven\u00e7\u00e3o ao coronav\u00edrus | Marcelo Lopes","isPartOf":{"@id":"https:\/\/marcelolopes.jor.br\/site\/#website"},"primaryImageOfPage":{"@id":"https:\/\/marcelolopes.jor.br\/site\/2020\/06\/20\/hospital-do-cancer-de-muriae-adota-novas-medidas-de-prevencao-ao-coronavirus\/#primaryimage"},"image":{"@id":"https:\/\/marcelolopes.jor.br\/site\/2020\/06\/20\/hospital-do-cancer-de-muriae-adota-novas-medidas-de-prevencao-ao-coronavirus\/#primaryimage"},"thumbnailUrl":"https:\/\/marcelolopes.jor.br\/site\/wp-content\/uploads\/2020\/06\/8fe8aae65545871d1832a649cfaac230.funda\u00e7\u00e3o-cristiano-varela.jpg","datePublished":"2020-06-20T19:00:03+00:00","breadcrumb":{"@id":"https:\/\/marcelolopes.jor.br\/site\/2020\/06\/20\/hospital-do-cancer-de-muriae-adota-novas-medidas-de-prevencao-ao-coronavirus\/#breadcrumb"},"inLanguage":"pt-BR","potentialAction":[{"@type":"ReadAction","target":["https:\/\/marcelolopes.jor.br\/site\/2020\/06\/20\/hospital-do-cancer-de-muriae-adota-novas-medidas-de-prevencao-ao-coronavirus\/"]}]},{"@type":"ImageObject","inLanguage":"pt-BR","@id":"https:\/\/marcelolopes.jor.br\/site\/2020\/06\/20\/hospital-do-cancer-de-muriae-adota-novas-medidas-de-prevencao-ao-coronavirus\/#primaryimage","url":"https:\/\/marcelolopes.jor.br\/site\/wp-content\/uploads\/2020\/06\/8fe8aae65545871d1832a649cfaac230.funda\u00e7\u00e3o-cristiano-varela.jpg","contentUrl":"https:\/\/marcelolopes.jor.br\/site\/wp-content\/uploads\/2020\/06\/8fe8aae65545871d1832a649cfaac230.funda\u00e7\u00e3o-cristiano-varela.jpg","width":700,"height":525,"caption":"Funda\u00e7\u00e3o Cristiano Varella abre"},{"@type":"BreadcrumbList","@id":"https:\/\/marcelolopes.jor.br\/site\/2020\/06\/20\/hospital-do-cancer-de-muriae-adota-novas-medidas-de-prevencao-ao-coronavirus\/#breadcrumb","itemListElement":[{"@type":"ListItem","position":1,"name":"Home","item":"https:\/\/marcelolopes.jor.br\/site\/"},{"@type":"ListItem","position":2,"name":"Hospital do C\u00e2ncer de Muria\u00e9 adota novas medidas de preven\u00e7\u00e3o ao coronav\u00edrus"}]},{"@type":"WebSite","@id":"https:\/\/marcelolopes.jor.br\/site\/#website","url":"https:\/\/marcelolopes.jor.br\/site\/","name":"Marcelo Lopes","description":"Not\u00edcias de Cataguases e Regi\u00e3o","publisher":{"@id":"https:\/\/marcelolopes.jor.br\/site\/#organization"},"potentialAction":[{"@type":"SearchAction","target":{"@type":"EntryPoint","urlTemplate":"https:\/\/marcelolopes.jor.br\/site\/?s={search_term_string}"},"query-input":{"@type":"PropertyValueSpecification","valueRequired":true,"valueName":"search_term_string"}}],"inLanguage":"pt-BR"},{"@type":"Organization","@id":"https:\/\/marcelolopes.jor.br\/site\/#organization","name":"Site do Marcelo Lopes","url":"https:\/\/marcelolopes.jor.br\/site\/","logo":{"@type":"ImageObject","inLanguage":"pt-BR","@id":"https:\/\/marcelolopes.jor.br\/site\/#\/schema\/logo\/image\/","url":"https:\/\/marcelolopes.jor.br\/site\/wp-content\/uploads\/2024\/11\/logo-1.png","contentUrl":"https:\/\/marcelolopes.jor.br\/site\/wp-content\/uploads\/2024\/11\/logo-1.png","width":475,"height":80,"caption":"Site do Marcelo Lopes"},"image":{"@id":"https:\/\/marcelolopes.jor.br\/site\/#\/schema\/logo\/image\/"},"sameAs":["https:\/\/www.facebook.com\/sitedomarcelolopes","https:\/\/www.instagram.com\/sitedomarcelolopes\/","https:\/\/www.linkedin.com\/company\/site-do-marcelo-lopes\/","https:\/\/www.youtube.com\/user\/marcelolopes957"]},{"@type":"Person","@id":"https:\/\/marcelolopes.jor.br\/site\/#\/schema\/person\/3e7216a35c34d8fdf952b31da3d1f89f","name":"Marcelo Lopes","sameAs":["http:\/\/www.marcelolopes.jor.br"],"url":"https:\/\/marcelolopes.jor.br\/site\/author\/marcelo\/"}]}},"wps_subtitle":"Elas v\u00e3o conter e evitar a prolifera\u00e7\u00e3o do v\u00edrus na institui\u00e7\u00e3o.","_links":{"self":[{"href":"https:\/\/marcelolopes.jor.br\/site\/wp-json\/wp\/v2\/posts\/15142","targetHints":{"allow":["GET"]}}],"collection":[{"href":"https:\/\/marcelolopes.jor.br\/site\/wp-json\/wp\/v2\/posts"}],"about":[{"href":"https:\/\/marcelolopes.jor.br\/site\/wp-json\/wp\/v2\/types\/post"}],"author":[{"embeddable":true,"href":"https:\/\/marcelolopes.jor.br\/site\/wp-json\/wp\/v2\/users\/2"}],"replies":[{"embeddable":true,"href":"https:\/\/marcelolopes.jor.br\/site\/wp-json\/wp\/v2\/comments?post=15142"}],"version-history":[{"count":0,"href":"https:\/\/marcelolopes.jor.br\/site\/wp-json\/wp\/v2\/posts\/15142\/revisions"}],"wp:featuredmedia":[{"embeddable":true,"href":"https:\/\/marcelolopes.jor.br\/site\/wp-json\/wp\/v2\/media\/15144"}],"wp:attachment":[{"href":"https:\/\/marcelolopes.jor.br\/site\/wp-json\/wp\/v2\/media?parent=15142"}],"wp:term":[{"taxonomy":"category","embeddable":true,"href":"https:\/\/marcelolopes.jor.br\/site\/wp-json\/wp\/v2\/categories?post=15142"},{"taxonomy":"post_tag","embeddable":true,"href":"https:\/\/marcelolopes.jor.br\/site\/wp-json\/wp\/v2\/tags?post=15142"}],"curies":[{"name":"wp","href":"https:\/\/api.w.org\/{rel}","templated":true}]}}