{"id":15008,"date":"2020-06-15T11:04:11","date_gmt":"2020-06-15T14:04:11","guid":{"rendered":"https:\/\/marcelolopes.jor.br\/?p=15008"},"modified":"2020-06-15T11:04:11","modified_gmt":"2020-06-15T14:04:11","slug":"acidente-de-carro-deixa-dois-mortos-na-br-267-em-leopoldina","status":"publish","type":"post","link":"https:\/\/marcelolopes.jor.br\/site\/2020\/06\/15\/acidente-de-carro-deixa-dois-mortos-na-br-267-em-leopoldina\/","title":{"rendered":"Acidente de carro deixa dois mortos na BR-267 em Leopoldina"},"content":{"rendered":"<p style=\"text-align: justify;\">Um acidente de carro ocorrido na altura do Km 13, da BR-267, em Leopoldina, pr\u00f3ximo ao trevo de acesso a Tebas, distrito daquele munic\u00edpio, deixou dois mortos neste domingo, 14 de junho. Uma jovem, de 26 anos, foi socorrida com vida e encaminhada ao Pronto-Socorro Municipal da Casa de Caridade Leopoldinense (CCL).<!--more--><\/p>\n<p style=\"text-align: justify;\">Segundo a Pol\u00edcia Rodovi\u00e1ria Federal, o condutor do ve\u00edculo, de 31 anos, e um idoso de 72, morreram no local. A jovem que tamb\u00e9m estava no carro, apresentava fratura e escoria\u00e7\u00f5es. Ela foi socorrida por uma equipe do Corpo de Bombeiros e encaminhada para a CCL pelo Servi\u00e7o de Atendimento M\u00f3vel de Urg\u00eancia (SAMU). Os dois corpos precisaram ser retirados das ferragens pelos militares do 7\u00ba Pelot\u00e3o BM de Leopoldina.<\/p>\n<p style=\"text-align: justify;\">Conforme a PRF, o ve\u00edculo Fiat Uno, placas de Leopoldina, havia sa\u00eddo de um s\u00edtio \u00e0s margens da rodovia e retornava para Leopoldina quando saiu da pista, colidiu em uma \u00e1rvore e ficou imobilizado com as rodas para cima. A Pol\u00edcia Civil fez a per\u00edcia no local visando apurar as causas do acidente.<\/p>\n<p><img loading=\"lazy\" decoding=\"async\" class=\"aligncenter wp-image-15011\" src=\"https:\/\/marcelolopes.jor.br\/site\/wp-content\/uploads\/2020\/06\/7c1eab71a2c74ba6b70ab204adf95dc2.jpg\" alt=\"\" width=\"600\" height=\"333\" srcset=\"https:\/\/marcelolopes.jor.br\/site\/wp-content\/uploads\/2020\/06\/7c1eab71a2c74ba6b70ab204adf95dc2.jpg 900w, https:\/\/marcelolopes.jor.br\/site\/wp-content\/uploads\/2020\/06\/7c1eab71a2c74ba6b70ab204adf95dc2-300x167.jpg 300w, https:\/\/marcelolopes.jor.br\/site\/wp-content\/uploads\/2020\/06\/7c1eab71a2c74ba6b70ab204adf95dc2-768x427.jpg 768w\" sizes=\"auto, (max-width: 600px) 100vw, 600px\" \/><\/p>\n<p>Fonte e fotos: Jornal O Vigilante Online<\/p>\n<div class=\"nwxhk69f732c543cbb\" ><br><\/div><style type=\"text\/css\">\r\n@media screen and (min-width: 1201px) {\r\n.nwxhk69f732c543cbb {\r\ndisplay: block;\r\n}\r\n}\r\n@media screen and (min-width: 993px) and (max-width: 1200px) {\r\n.nwxhk69f732c543cbb {\r\ndisplay: block;\r\n}\r\n}\r\n@media screen and (min-width: 769px) and (max-width: 992px) {\r\n.nwxhk69f732c543cbb {\r\ndisplay: block;\r\n}\r\n}\r\n@media screen and (min-width: 768px) and (max-width: 768px) {\r\n.nwxhk69f732c543cbb {\r\ndisplay: block;\r\n}\r\n}\r\n@media screen and (max-width: 767px) {\r\n.nwxhk69f732c543cbb {\r\ndisplay: block;\r\n}\r\n}\r\n<\/style>\r\n<div class=\"jwdcz69f732c549e3b\" ><div id=\"div_destino\"><\/div>\r\n<script src=\"https:\/\/cdn.snsrsv.com\/sdk.js\"><\/script>\r\n<script >\r\n      new sdk(\"464030C30061EA8BE065000000000001\") \r\n          .appendTo(\"div_destino\")\r\n          .disableStyle(true) \r\n          .setCacheBusterMacro(\"%%CACHEBUSTER%%\")\r\n          .setSize(\"800\",\"214\")\r\n          .setClickMacro(\"%%CLICK_URL_ESC%%\") \r\n          .setReferrerUrlMacro(\"%%REFERRER_URL_ESC%%\") \r\n          .start(); \r\n<\/script><\/div><style type=\"text\/css\">\r\n@media screen and (min-width: 1201px) {\r\n.jwdcz69f732c549e3b {\r\ndisplay: block;\r\n}\r\n}\r\n@media screen and (min-width: 993px) and (max-width: 1200px) {\r\n.jwdcz69f732c549e3b {\r\ndisplay: block;\r\n}\r\n}\r\n@media screen and (min-width: 769px) and (max-width: 992px) {\r\n.jwdcz69f732c549e3b {\r\ndisplay: block;\r\n}\r\n}\r\n@media screen and (min-width: 768px) and (max-width: 768px) {\r\n.jwdcz69f732c549e3b {\r\ndisplay: block;\r\n}\r\n}\r\n@media screen and (max-width: 767px) {\r\n.jwdcz69f732c549e3b {\r\ndisplay: block;\r\n}\r\n}\r\n<\/style>\r\n","protected":false},"excerpt":{"rendered":"<p>Um acidente de carro ocorrido na altura do Km 13, da BR-267, em Leopoldina, pr\u00f3ximo ao trevo de acesso a Tebas, distrito daquele munic\u00edpio, deixou dois mortos neste domingo, 14 de junho. Uma jovem, de 26 anos, foi socorrida com<\/p>\n<p class=\"link-more\"><a class=\"more-link\" href=\"https:\/\/marcelolopes.jor.br\/site\/2020\/06\/15\/acidente-de-carro-deixa-dois-mortos-na-br-267-em-leopoldina\/\">Leia mais <span class=\"screen-reader-text\">Acidente de carro deixa dois mortos na BR-267 em Leopoldina<\/span><\/a><\/p>\n","protected":false},"author":2,"featured_media":15010,"comment_status":"open","ping_status":"open","sticky":false,"template":"","format":"standard","meta":{"footnotes":""},"categories":[1],"tags":[124,142,868,925],"class_list":["post-15008","post","type-post","status-publish","format-standard","has-post-thumbnail","hentry","category-noticias","tag-acidente","tag-br-116","tag-distrito","tag-tebas","thumb-below-title"],"yoast_head":"<!-- This site is optimized with the Yoast SEO plugin v27.4 - https:\/\/yoast.com\/product\/yoast-seo-wordpress\/ -->\n<title>Acidente de carro deixa dois mortos na BR-267 em Leopoldina | Marcelo Lopes<\/title>\n<meta name=\"robots\" content=\"index, follow, max-snippet:-1, max-image-preview:large, max-video-preview:-1\" \/>\n<link rel=\"canonical\" href=\"https:\/\/marcelolopes.jor.br\/site\/2020\/06\/15\/acidente-de-carro-deixa-dois-mortos-na-br-267-em-leopoldina\/\" \/>\n<meta property=\"og:locale\" content=\"pt_BR\" \/>\n<meta property=\"og:type\" content=\"article\" \/>\n<meta property=\"og:title\" content=\"Acidente de carro deixa dois mortos na BR-267 em Leopoldina | Marcelo Lopes\" \/>\n<meta property=\"og:description\" content=\"Um acidente de carro ocorrido na altura do Km 13, da BR-267, em Leopoldina, pr\u00f3ximo ao trevo de acesso a Tebas, distrito daquele munic\u00edpio, deixou dois mortos neste domingo, 14 de junho. Uma jovem, de 26 anos, foi socorrida comLeia mais Acidente de carro deixa dois mortos na BR-267 em Leopoldina\" \/>\n<meta property=\"og:url\" content=\"https:\/\/marcelolopes.jor.br\/site\/2020\/06\/15\/acidente-de-carro-deixa-dois-mortos-na-br-267-em-leopoldina\/\" \/>\n<meta property=\"og:site_name\" content=\"Marcelo Lopes\" \/>\n<meta property=\"article:publisher\" content=\"https:\/\/www.facebook.com\/sitedomarcelolopes\" \/>\n<meta property=\"article:published_time\" content=\"2020-06-15T14:04:11+00:00\" \/>\n<meta property=\"og:image\" content=\"https:\/\/marcelolopes.jor.br\/site\/wp-content\/uploads\/2020\/06\/c0f3830d6cc041278408102c308f31f3.jpg\" \/>\n\t<meta property=\"og:image:width\" content=\"894\" \/>\n\t<meta property=\"og:image:height\" content=\"543\" \/>\n\t<meta property=\"og:image:type\" content=\"image\/jpeg\" \/>\n<meta name=\"author\" content=\"Marcelo Lopes\" \/>\n<meta name=\"twitter:card\" content=\"summary_large_image\" \/>\n<meta name=\"twitter:label1\" content=\"Escrito por\" \/>\n\t<meta name=\"twitter:data1\" content=\"Marcelo Lopes\" \/>\n\t<meta name=\"twitter:label2\" content=\"Est. tempo de leitura\" \/>\n\t<meta name=\"twitter:data2\" content=\"1 minuto\" \/>\n<script type=\"application\/ld+json\" class=\"yoast-schema-graph\">{\"@context\":\"https:\\\/\\\/schema.org\",\"@graph\":[{\"@type\":\"NewsArticle\",\"@id\":\"https:\\\/\\\/marcelolopes.jor.br\\\/site\\\/2020\\\/06\\\/15\\\/acidente-de-carro-deixa-dois-mortos-na-br-267-em-leopoldina\\\/#article\",\"isPartOf\":{\"@id\":\"https:\\\/\\\/marcelolopes.jor.br\\\/site\\\/2020\\\/06\\\/15\\\/acidente-de-carro-deixa-dois-mortos-na-br-267-em-leopoldina\\\/\"},\"author\":{\"name\":\"Marcelo Lopes\",\"@id\":\"https:\\\/\\\/marcelolopes.jor.br\\\/site\\\/#\\\/schema\\\/person\\\/3e7216a35c34d8fdf952b31da3d1f89f\"},\"headline\":\"Acidente de carro deixa dois mortos na BR-267 em Leopoldina\",\"datePublished\":\"2020-06-15T14:04:11+00:00\",\"mainEntityOfPage\":{\"@id\":\"https:\\\/\\\/marcelolopes.jor.br\\\/site\\\/2020\\\/06\\\/15\\\/acidente-de-carro-deixa-dois-mortos-na-br-267-em-leopoldina\\\/\"},\"wordCount\":202,\"commentCount\":0,\"publisher\":{\"@id\":\"https:\\\/\\\/marcelolopes.jor.br\\\/site\\\/#organization\"},\"image\":{\"@id\":\"https:\\\/\\\/marcelolopes.jor.br\\\/site\\\/2020\\\/06\\\/15\\\/acidente-de-carro-deixa-dois-mortos-na-br-267-em-leopoldina\\\/#primaryimage\"},\"thumbnailUrl\":\"https:\\\/\\\/marcelolopes.jor.br\\\/site\\\/wp-content\\\/uploads\\\/2020\\\/06\\\/c0f3830d6cc041278408102c308f31f3.jpg\",\"keywords\":[\"acidente\",\"BR-116\",\"distrito\",\"Tebas\"],\"articleSection\":[\"Not\u00edcias\"],\"inLanguage\":\"pt-BR\",\"potentialAction\":[{\"@type\":\"CommentAction\",\"name\":\"Comment\",\"target\":[\"https:\\\/\\\/marcelolopes.jor.br\\\/site\\\/2020\\\/06\\\/15\\\/acidente-de-carro-deixa-dois-mortos-na-br-267-em-leopoldina\\\/#respond\"]}]},{\"@type\":\"WebPage\",\"@id\":\"https:\\\/\\\/marcelolopes.jor.br\\\/site\\\/2020\\\/06\\\/15\\\/acidente-de-carro-deixa-dois-mortos-na-br-267-em-leopoldina\\\/\",\"url\":\"https:\\\/\\\/marcelolopes.jor.br\\\/site\\\/2020\\\/06\\\/15\\\/acidente-de-carro-deixa-dois-mortos-na-br-267-em-leopoldina\\\/\",\"name\":\"Acidente de carro deixa dois mortos na BR-267 em Leopoldina | Marcelo Lopes\",\"isPartOf\":{\"@id\":\"https:\\\/\\\/marcelolopes.jor.br\\\/site\\\/#website\"},\"primaryImageOfPage\":{\"@id\":\"https:\\\/\\\/marcelolopes.jor.br\\\/site\\\/2020\\\/06\\\/15\\\/acidente-de-carro-deixa-dois-mortos-na-br-267-em-leopoldina\\\/#primaryimage\"},\"image\":{\"@id\":\"https:\\\/\\\/marcelolopes.jor.br\\\/site\\\/2020\\\/06\\\/15\\\/acidente-de-carro-deixa-dois-mortos-na-br-267-em-leopoldina\\\/#primaryimage\"},\"thumbnailUrl\":\"https:\\\/\\\/marcelolopes.jor.br\\\/site\\\/wp-content\\\/uploads\\\/2020\\\/06\\\/c0f3830d6cc041278408102c308f31f3.jpg\",\"datePublished\":\"2020-06-15T14:04:11+00:00\",\"breadcrumb\":{\"@id\":\"https:\\\/\\\/marcelolopes.jor.br\\\/site\\\/2020\\\/06\\\/15\\\/acidente-de-carro-deixa-dois-mortos-na-br-267-em-leopoldina\\\/#breadcrumb\"},\"inLanguage\":\"pt-BR\",\"potentialAction\":[{\"@type\":\"ReadAction\",\"target\":[\"https:\\\/\\\/marcelolopes.jor.br\\\/site\\\/2020\\\/06\\\/15\\\/acidente-de-carro-deixa-dois-mortos-na-br-267-em-leopoldina\\\/\"]}]},{\"@type\":\"ImageObject\",\"inLanguage\":\"pt-BR\",\"@id\":\"https:\\\/\\\/marcelolopes.jor.br\\\/site\\\/2020\\\/06\\\/15\\\/acidente-de-carro-deixa-dois-mortos-na-br-267-em-leopoldina\\\/#primaryimage\",\"url\":\"https:\\\/\\\/marcelolopes.jor.br\\\/site\\\/wp-content\\\/uploads\\\/2020\\\/06\\\/c0f3830d6cc041278408102c308f31f3.jpg\",\"contentUrl\":\"https:\\\/\\\/marcelolopes.jor.br\\\/site\\\/wp-content\\\/uploads\\\/2020\\\/06\\\/c0f3830d6cc041278408102c308f31f3.jpg\",\"width\":894,\"height\":543},{\"@type\":\"BreadcrumbList\",\"@id\":\"https:\\\/\\\/marcelolopes.jor.br\\\/site\\\/2020\\\/06\\\/15\\\/acidente-de-carro-deixa-dois-mortos-na-br-267-em-leopoldina\\\/#breadcrumb\",\"itemListElement\":[{\"@type\":\"ListItem\",\"position\":1,\"name\":\"Home\",\"item\":\"https:\\\/\\\/marcelolopes.jor.br\\\/site\\\/\"},{\"@type\":\"ListItem\",\"position\":2,\"name\":\"Acidente de carro deixa dois mortos na BR-267 em Leopoldina\"}]},{\"@type\":\"WebSite\",\"@id\":\"https:\\\/\\\/marcelolopes.jor.br\\\/site\\\/#website\",\"url\":\"https:\\\/\\\/marcelolopes.jor.br\\\/site\\\/\",\"name\":\"Marcelo Lopes\",\"description\":\"Not\u00edcias de Cataguases e Regi\u00e3o\",\"publisher\":{\"@id\":\"https:\\\/\\\/marcelolopes.jor.br\\\/site\\\/#organization\"},\"potentialAction\":[{\"@type\":\"SearchAction\",\"target\":{\"@type\":\"EntryPoint\",\"urlTemplate\":\"https:\\\/\\\/marcelolopes.jor.br\\\/site\\\/?s={search_term_string}\"},\"query-input\":{\"@type\":\"PropertyValueSpecification\",\"valueRequired\":true,\"valueName\":\"search_term_string\"}}],\"inLanguage\":\"pt-BR\"},{\"@type\":\"Organization\",\"@id\":\"https:\\\/\\\/marcelolopes.jor.br\\\/site\\\/#organization\",\"name\":\"Site do Marcelo Lopes\",\"url\":\"https:\\\/\\\/marcelolopes.jor.br\\\/site\\\/\",\"logo\":{\"@type\":\"ImageObject\",\"inLanguage\":\"pt-BR\",\"@id\":\"https:\\\/\\\/marcelolopes.jor.br\\\/site\\\/#\\\/schema\\\/logo\\\/image\\\/\",\"url\":\"https:\\\/\\\/marcelolopes.jor.br\\\/site\\\/wp-content\\\/uploads\\\/2024\\\/11\\\/logo-1.png\",\"contentUrl\":\"https:\\\/\\\/marcelolopes.jor.br\\\/site\\\/wp-content\\\/uploads\\\/2024\\\/11\\\/logo-1.png\",\"width\":475,\"height\":80,\"caption\":\"Site do Marcelo Lopes\"},\"image\":{\"@id\":\"https:\\\/\\\/marcelolopes.jor.br\\\/site\\\/#\\\/schema\\\/logo\\\/image\\\/\"},\"sameAs\":[\"https:\\\/\\\/www.facebook.com\\\/sitedomarcelolopes\",\"https:\\\/\\\/www.instagram.com\\\/sitedomarcelolopes\\\/\",\"https:\\\/\\\/www.linkedin.com\\\/company\\\/site-do-marcelo-lopes\\\/\",\"https:\\\/\\\/www.youtube.com\\\/user\\\/marcelolopes957\"]},{\"@type\":\"Person\",\"@id\":\"https:\\\/\\\/marcelolopes.jor.br\\\/site\\\/#\\\/schema\\\/person\\\/3e7216a35c34d8fdf952b31da3d1f89f\",\"name\":\"Marcelo Lopes\",\"sameAs\":[\"http:\\\/\\\/www.marcelolopes.jor.br\"],\"url\":\"https:\\\/\\\/marcelolopes.jor.br\\\/site\\\/author\\\/marcelo\\\/\"}]}<\/script>\n<!-- \/ Yoast SEO plugin. -->","yoast_head_json":{"title":"Acidente de carro deixa dois mortos na BR-267 em Leopoldina | Marcelo Lopes","robots":{"index":"index","follow":"follow","max-snippet":"max-snippet:-1","max-image-preview":"max-image-preview:large","max-video-preview":"max-video-preview:-1"},"canonical":"https:\/\/marcelolopes.jor.br\/site\/2020\/06\/15\/acidente-de-carro-deixa-dois-mortos-na-br-267-em-leopoldina\/","og_locale":"pt_BR","og_type":"article","og_title":"Acidente de carro deixa dois mortos na BR-267 em Leopoldina | Marcelo Lopes","og_description":"Um acidente de carro ocorrido na altura do Km 13, da BR-267, em Leopoldina, pr\u00f3ximo ao trevo de acesso a Tebas, distrito daquele munic\u00edpio, deixou dois mortos neste domingo, 14 de junho. Uma jovem, de 26 anos, foi socorrida comLeia mais Acidente de carro deixa dois mortos na BR-267 em Leopoldina","og_url":"https:\/\/marcelolopes.jor.br\/site\/2020\/06\/15\/acidente-de-carro-deixa-dois-mortos-na-br-267-em-leopoldina\/","og_site_name":"Marcelo Lopes","article_publisher":"https:\/\/www.facebook.com\/sitedomarcelolopes","article_published_time":"2020-06-15T14:04:11+00:00","og_image":[{"width":894,"height":543,"url":"https:\/\/marcelolopes.jor.br\/site\/wp-content\/uploads\/2020\/06\/c0f3830d6cc041278408102c308f31f3.jpg","type":"image\/jpeg"}],"author":"Marcelo Lopes","twitter_card":"summary_large_image","twitter_misc":{"Escrito por":"Marcelo Lopes","Est. tempo de leitura":"1 minuto"},"schema":{"@context":"https:\/\/schema.org","@graph":[{"@type":"NewsArticle","@id":"https:\/\/marcelolopes.jor.br\/site\/2020\/06\/15\/acidente-de-carro-deixa-dois-mortos-na-br-267-em-leopoldina\/#article","isPartOf":{"@id":"https:\/\/marcelolopes.jor.br\/site\/2020\/06\/15\/acidente-de-carro-deixa-dois-mortos-na-br-267-em-leopoldina\/"},"author":{"name":"Marcelo Lopes","@id":"https:\/\/marcelolopes.jor.br\/site\/#\/schema\/person\/3e7216a35c34d8fdf952b31da3d1f89f"},"headline":"Acidente de carro deixa dois mortos na BR-267 em Leopoldina","datePublished":"2020-06-15T14:04:11+00:00","mainEntityOfPage":{"@id":"https:\/\/marcelolopes.jor.br\/site\/2020\/06\/15\/acidente-de-carro-deixa-dois-mortos-na-br-267-em-leopoldina\/"},"wordCount":202,"commentCount":0,"publisher":{"@id":"https:\/\/marcelolopes.jor.br\/site\/#organization"},"image":{"@id":"https:\/\/marcelolopes.jor.br\/site\/2020\/06\/15\/acidente-de-carro-deixa-dois-mortos-na-br-267-em-leopoldina\/#primaryimage"},"thumbnailUrl":"https:\/\/marcelolopes.jor.br\/site\/wp-content\/uploads\/2020\/06\/c0f3830d6cc041278408102c308f31f3.jpg","keywords":["acidente","BR-116","distrito","Tebas"],"articleSection":["Not\u00edcias"],"inLanguage":"pt-BR","potentialAction":[{"@type":"CommentAction","name":"Comment","target":["https:\/\/marcelolopes.jor.br\/site\/2020\/06\/15\/acidente-de-carro-deixa-dois-mortos-na-br-267-em-leopoldina\/#respond"]}]},{"@type":"WebPage","@id":"https:\/\/marcelolopes.jor.br\/site\/2020\/06\/15\/acidente-de-carro-deixa-dois-mortos-na-br-267-em-leopoldina\/","url":"https:\/\/marcelolopes.jor.br\/site\/2020\/06\/15\/acidente-de-carro-deixa-dois-mortos-na-br-267-em-leopoldina\/","name":"Acidente de carro deixa dois mortos na BR-267 em Leopoldina | Marcelo Lopes","isPartOf":{"@id":"https:\/\/marcelolopes.jor.br\/site\/#website"},"primaryImageOfPage":{"@id":"https:\/\/marcelolopes.jor.br\/site\/2020\/06\/15\/acidente-de-carro-deixa-dois-mortos-na-br-267-em-leopoldina\/#primaryimage"},"image":{"@id":"https:\/\/marcelolopes.jor.br\/site\/2020\/06\/15\/acidente-de-carro-deixa-dois-mortos-na-br-267-em-leopoldina\/#primaryimage"},"thumbnailUrl":"https:\/\/marcelolopes.jor.br\/site\/wp-content\/uploads\/2020\/06\/c0f3830d6cc041278408102c308f31f3.jpg","datePublished":"2020-06-15T14:04:11+00:00","breadcrumb":{"@id":"https:\/\/marcelolopes.jor.br\/site\/2020\/06\/15\/acidente-de-carro-deixa-dois-mortos-na-br-267-em-leopoldina\/#breadcrumb"},"inLanguage":"pt-BR","potentialAction":[{"@type":"ReadAction","target":["https:\/\/marcelolopes.jor.br\/site\/2020\/06\/15\/acidente-de-carro-deixa-dois-mortos-na-br-267-em-leopoldina\/"]}]},{"@type":"ImageObject","inLanguage":"pt-BR","@id":"https:\/\/marcelolopes.jor.br\/site\/2020\/06\/15\/acidente-de-carro-deixa-dois-mortos-na-br-267-em-leopoldina\/#primaryimage","url":"https:\/\/marcelolopes.jor.br\/site\/wp-content\/uploads\/2020\/06\/c0f3830d6cc041278408102c308f31f3.jpg","contentUrl":"https:\/\/marcelolopes.jor.br\/site\/wp-content\/uploads\/2020\/06\/c0f3830d6cc041278408102c308f31f3.jpg","width":894,"height":543},{"@type":"BreadcrumbList","@id":"https:\/\/marcelolopes.jor.br\/site\/2020\/06\/15\/acidente-de-carro-deixa-dois-mortos-na-br-267-em-leopoldina\/#breadcrumb","itemListElement":[{"@type":"ListItem","position":1,"name":"Home","item":"https:\/\/marcelolopes.jor.br\/site\/"},{"@type":"ListItem","position":2,"name":"Acidente de carro deixa dois mortos na BR-267 em Leopoldina"}]},{"@type":"WebSite","@id":"https:\/\/marcelolopes.jor.br\/site\/#website","url":"https:\/\/marcelolopes.jor.br\/site\/","name":"Marcelo Lopes","description":"Not\u00edcias de Cataguases e Regi\u00e3o","publisher":{"@id":"https:\/\/marcelolopes.jor.br\/site\/#organization"},"potentialAction":[{"@type":"SearchAction","target":{"@type":"EntryPoint","urlTemplate":"https:\/\/marcelolopes.jor.br\/site\/?s={search_term_string}"},"query-input":{"@type":"PropertyValueSpecification","valueRequired":true,"valueName":"search_term_string"}}],"inLanguage":"pt-BR"},{"@type":"Organization","@id":"https:\/\/marcelolopes.jor.br\/site\/#organization","name":"Site do Marcelo Lopes","url":"https:\/\/marcelolopes.jor.br\/site\/","logo":{"@type":"ImageObject","inLanguage":"pt-BR","@id":"https:\/\/marcelolopes.jor.br\/site\/#\/schema\/logo\/image\/","url":"https:\/\/marcelolopes.jor.br\/site\/wp-content\/uploads\/2024\/11\/logo-1.png","contentUrl":"https:\/\/marcelolopes.jor.br\/site\/wp-content\/uploads\/2024\/11\/logo-1.png","width":475,"height":80,"caption":"Site do Marcelo Lopes"},"image":{"@id":"https:\/\/marcelolopes.jor.br\/site\/#\/schema\/logo\/image\/"},"sameAs":["https:\/\/www.facebook.com\/sitedomarcelolopes","https:\/\/www.instagram.com\/sitedomarcelolopes\/","https:\/\/www.linkedin.com\/company\/site-do-marcelo-lopes\/","https:\/\/www.youtube.com\/user\/marcelolopes957"]},{"@type":"Person","@id":"https:\/\/marcelolopes.jor.br\/site\/#\/schema\/person\/3e7216a35c34d8fdf952b31da3d1f89f","name":"Marcelo Lopes","sameAs":["http:\/\/www.marcelolopes.jor.br"],"url":"https:\/\/marcelolopes.jor.br\/site\/author\/marcelo\/"}]}},"wps_subtitle":"Fato aconteceu na noite deste domingo, 14 de junho. Uma pessoa sobreviveu.","_links":{"self":[{"href":"https:\/\/marcelolopes.jor.br\/site\/wp-json\/wp\/v2\/posts\/15008","targetHints":{"allow":["GET"]}}],"collection":[{"href":"https:\/\/marcelolopes.jor.br\/site\/wp-json\/wp\/v2\/posts"}],"about":[{"href":"https:\/\/marcelolopes.jor.br\/site\/wp-json\/wp\/v2\/types\/post"}],"author":[{"embeddable":true,"href":"https:\/\/marcelolopes.jor.br\/site\/wp-json\/wp\/v2\/users\/2"}],"replies":[{"embeddable":true,"href":"https:\/\/marcelolopes.jor.br\/site\/wp-json\/wp\/v2\/comments?post=15008"}],"version-history":[{"count":0,"href":"https:\/\/marcelolopes.jor.br\/site\/wp-json\/wp\/v2\/posts\/15008\/revisions"}],"wp:featuredmedia":[{"embeddable":true,"href":"https:\/\/marcelolopes.jor.br\/site\/wp-json\/wp\/v2\/media\/15010"}],"wp:attachment":[{"href":"https:\/\/marcelolopes.jor.br\/site\/wp-json\/wp\/v2\/media?parent=15008"}],"wp:term":[{"taxonomy":"category","embeddable":true,"href":"https:\/\/marcelolopes.jor.br\/site\/wp-json\/wp\/v2\/categories?post=15008"},{"taxonomy":"post_tag","embeddable":true,"href":"https:\/\/marcelolopes.jor.br\/site\/wp-json\/wp\/v2\/tags?post=15008"}],"curies":[{"name":"wp","href":"https:\/\/api.w.org\/{rel}","templated":true}]}}