{"id":14890,"date":"2020-06-09T12:06:52","date_gmt":"2020-06-09T15:06:52","guid":{"rendered":"https:\/\/marcelolopes.jor.br\/?p=14890"},"modified":"2020-06-09T12:06:52","modified_gmt":"2020-06-09T15:06:52","slug":"muriae-registra-mais-23-casos-de-covid-19-nesta-terca-feira-09","status":"publish","type":"post","link":"https:\/\/marcelolopes.jor.br\/site\/2020\/06\/09\/muriae-registra-mais-23-casos-de-covid-19-nesta-terca-feira-09\/","title":{"rendered":"Muria\u00e9 registra mais 23 casos de Covid-19 nesta ter\u00e7a-feira, 09"},"content":{"rendered":"<p style=\"text-align: justify;\">Muria\u00e9 tem 23 novos casos confirmados de covid-19 entre moradores da cidade. As confirma\u00e7\u00f5es que constam no boletim desta ter\u00e7a-feira, 09 de junho, e referem-se a 13 pessoas do sexo feminino e a outras 10 do sexo masculino, com idades que variam de 4 a 92 anos.<!--more--><\/p>\n<p style=\"text-align: justify;\">J\u00e1 entre pessoas de outras cidades, dois pacientes testaram positivo &#8211; uma mulher de 52 anos e um homem de 66. Tamb\u00e9m foi registrada nesta segunda-feira, 08, a morte de um senhor de 83 anos. Ele tinha press\u00e3o alta e estava internado desde 25 de maio em um hospital muriaeense.<\/p>\n<p style=\"text-align: justify;\">Muria\u00e9 registra atualmente 263 casos confirmados da doen\u00e7a sendo que 125 est\u00e3o curados e 11 pessoas morreram. Veja o balan\u00e7o da covid-19 naquele munic\u00edpio nesta ter\u00e7a-feira, dia 9 de junho:<\/p>\n<p style=\"text-align: justify;\"><strong>Moradores de Muria\u00e9<\/strong> &#8211; Somam 262 confirma\u00e7\u00f5es at\u00e9 o momento. Deste total, s\u00e3o 126 pacientes ainda ativos, 125 curados e 11 mortos.<\/p>\n<p style=\"text-align: justify;\"><strong>Pacientes de outras cidades<\/strong> &#8211; Dos 38 pacientes confirmados que moram em outros munic\u00edpios, mas est\u00e3o sendo atendidos em Muria\u00e9, 17 ainda est\u00e3o em tratamento, enquanto 16 j\u00e1 se recuperaram. Cinco morreram.<\/p>\n<p style=\"text-align: justify;\"><strong>Casos em investiga\u00e7\u00e3o<\/strong> &#8211; Nove pacientes ainda est\u00e3o aguardando resultado de exame. S\u00e3o sete moradores de Muria\u00e9 e dois de outras cidades.<\/p>\n<p style=\"text-align: justify;\"><strong>Pacientes em observa\u00e7\u00e3o<\/strong> &#8211; 71 pessoas que apresentaram apenas sintomas leves de gripe est\u00e3o sendo monitoradas pela Secretaria Municipal de Sa\u00fade.<\/p>\n<p style=\"text-align: justify;\"><strong>Descartados e encerrados<\/strong> \u2013 443 exames deram negativo at\u00e9 o momento. Outros 367 pacientes j\u00e1 finalizaram a quarentena e est\u00e3o sem sintomas.<\/p>\n<p style=\"text-align: justify;\">Fonte: R\u00e1dio Muria\u00e9 | Foto: Arquivo<\/p>\n<div class=\"rydmo69f7438ca09f4\" ><br><\/div><style type=\"text\/css\">\r\n@media screen and (min-width: 1201px) {\r\n.rydmo69f7438ca09f4 {\r\ndisplay: block;\r\n}\r\n}\r\n@media screen and (min-width: 993px) and (max-width: 1200px) {\r\n.rydmo69f7438ca09f4 {\r\ndisplay: block;\r\n}\r\n}\r\n@media screen and (min-width: 769px) and (max-width: 992px) {\r\n.rydmo69f7438ca09f4 {\r\ndisplay: block;\r\n}\r\n}\r\n@media screen and (min-width: 768px) and (max-width: 768px) {\r\n.rydmo69f7438ca09f4 {\r\ndisplay: block;\r\n}\r\n}\r\n@media screen and (max-width: 767px) {\r\n.rydmo69f7438ca09f4 {\r\ndisplay: block;\r\n}\r\n}\r\n<\/style>\r\n<div class=\"liqau69f7438ca784d\" ><div id=\"div_destino\"><\/div>\r\n<script src=\"https:\/\/cdn.snsrsv.com\/sdk.js\"><\/script>\r\n<script >\r\n      new sdk(\"464030C30061EA8BE065000000000001\") \r\n          .appendTo(\"div_destino\")\r\n          .disableStyle(true) \r\n          .setCacheBusterMacro(\"%%CACHEBUSTER%%\")\r\n          .setSize(\"800\",\"214\")\r\n          .setClickMacro(\"%%CLICK_URL_ESC%%\") \r\n          .setReferrerUrlMacro(\"%%REFERRER_URL_ESC%%\") \r\n          .start(); \r\n<\/script><\/div><style type=\"text\/css\">\r\n@media screen and (min-width: 1201px) {\r\n.liqau69f7438ca784d {\r\ndisplay: block;\r\n}\r\n}\r\n@media screen and (min-width: 993px) and (max-width: 1200px) {\r\n.liqau69f7438ca784d {\r\ndisplay: block;\r\n}\r\n}\r\n@media screen and (min-width: 769px) and (max-width: 992px) {\r\n.liqau69f7438ca784d {\r\ndisplay: block;\r\n}\r\n}\r\n@media screen and (min-width: 768px) and (max-width: 768px) {\r\n.liqau69f7438ca784d {\r\ndisplay: block;\r\n}\r\n}\r\n@media screen and (max-width: 767px) {\r\n.liqau69f7438ca784d {\r\ndisplay: block;\r\n}\r\n}\r\n<\/style>\r\n","protected":false},"excerpt":{"rendered":"<p>Muria\u00e9 tem 23 novos casos confirmados de covid-19 entre moradores da cidade. As confirma\u00e7\u00f5es que constam no boletim desta ter\u00e7a-feira, 09 de junho, e referem-se a 13 pessoas do sexo feminino e a outras 10 do sexo masculino, com idades<\/p>\n<p class=\"link-more\"><a class=\"more-link\" href=\"https:\/\/marcelolopes.jor.br\/site\/2020\/06\/09\/muriae-registra-mais-23-casos-de-covid-19-nesta-terca-feira-09\/\">Leia mais <span class=\"screen-reader-text\">Muria\u00e9 registra mais 23 casos de Covid-19 nesta ter\u00e7a-feira, 09<\/span><\/a><\/p>\n","protected":false},"author":2,"featured_media":12762,"comment_status":"open","ping_status":"open","sticky":false,"template":"","format":"standard","meta":{"footnotes":""},"categories":[1],"tags":[2555,2241,54,2592],"class_list":["post-14890","post","type-post","status-publish","format-standard","has-post-thumbnail","hentry","category-noticias","tag-casos-de-covid-19","tag-covid-19","tag-muriae","tag-obitos","thumb-below-title"],"yoast_head":"<!-- This site is optimized with the Yoast SEO plugin v27.4 - https:\/\/yoast.com\/product\/yoast-seo-wordpress\/ -->\n<title>Muria\u00e9 registra mais 23 casos de Covid-19 nesta ter\u00e7a-feira, 09 | Marcelo Lopes<\/title>\n<meta name=\"robots\" content=\"index, follow, max-snippet:-1, max-image-preview:large, max-video-preview:-1\" \/>\n<link rel=\"canonical\" href=\"https:\/\/marcelolopes.jor.br\/site\/2020\/06\/09\/muriae-registra-mais-23-casos-de-covid-19-nesta-terca-feira-09\/\" \/>\n<meta property=\"og:locale\" content=\"pt_BR\" \/>\n<meta property=\"og:type\" content=\"article\" \/>\n<meta property=\"og:title\" content=\"Muria\u00e9 registra mais 23 casos de Covid-19 nesta ter\u00e7a-feira, 09 | Marcelo Lopes\" \/>\n<meta property=\"og:description\" content=\"Muria\u00e9 tem 23 novos casos confirmados de covid-19 entre moradores da cidade. As confirma\u00e7\u00f5es que constam no boletim desta ter\u00e7a-feira, 09 de junho, e referem-se a 13 pessoas do sexo feminino e a outras 10 do sexo masculino, com idadesLeia mais Muria\u00e9 registra mais 23 casos de Covid-19 nesta ter\u00e7a-feira, 09\" \/>\n<meta property=\"og:url\" content=\"https:\/\/marcelolopes.jor.br\/site\/2020\/06\/09\/muriae-registra-mais-23-casos-de-covid-19-nesta-terca-feira-09\/\" \/>\n<meta property=\"og:site_name\" content=\"Marcelo Lopes\" \/>\n<meta property=\"article:publisher\" content=\"https:\/\/www.facebook.com\/sitedomarcelolopes\" \/>\n<meta property=\"article:published_time\" content=\"2020-06-09T15:06:52+00:00\" \/>\n<meta property=\"og:image\" content=\"https:\/\/marcelolopes.jor.br\/site\/wp-content\/uploads\/2020\/03\/20200228070742_1200_675_-_coronavirus.jpg\" \/>\n\t<meta property=\"og:image:width\" content=\"800\" \/>\n\t<meta property=\"og:image:height\" content=\"479\" \/>\n\t<meta property=\"og:image:type\" content=\"image\/jpeg\" \/>\n<meta name=\"author\" content=\"Marcelo Lopes\" \/>\n<meta name=\"twitter:card\" content=\"summary_large_image\" \/>\n<meta name=\"twitter:label1\" content=\"Escrito por\" \/>\n\t<meta name=\"twitter:data1\" content=\"Marcelo Lopes\" \/>\n\t<meta name=\"twitter:label2\" content=\"Est. tempo de leitura\" \/>\n\t<meta name=\"twitter:data2\" content=\"1 minuto\" \/>\n<script type=\"application\/ld+json\" class=\"yoast-schema-graph\">{\"@context\":\"https:\\\/\\\/schema.org\",\"@graph\":[{\"@type\":\"NewsArticle\",\"@id\":\"https:\\\/\\\/marcelolopes.jor.br\\\/site\\\/2020\\\/06\\\/09\\\/muriae-registra-mais-23-casos-de-covid-19-nesta-terca-feira-09\\\/#article\",\"isPartOf\":{\"@id\":\"https:\\\/\\\/marcelolopes.jor.br\\\/site\\\/2020\\\/06\\\/09\\\/muriae-registra-mais-23-casos-de-covid-19-nesta-terca-feira-09\\\/\"},\"author\":{\"name\":\"Marcelo Lopes\",\"@id\":\"https:\\\/\\\/marcelolopes.jor.br\\\/site\\\/#\\\/schema\\\/person\\\/3e7216a35c34d8fdf952b31da3d1f89f\"},\"headline\":\"Muria\u00e9 registra mais 23 casos de Covid-19 nesta ter\u00e7a-feira, 09\",\"datePublished\":\"2020-06-09T15:06:52+00:00\",\"mainEntityOfPage\":{\"@id\":\"https:\\\/\\\/marcelolopes.jor.br\\\/site\\\/2020\\\/06\\\/09\\\/muriae-registra-mais-23-casos-de-covid-19-nesta-terca-feira-09\\\/\"},\"wordCount\":256,\"commentCount\":0,\"publisher\":{\"@id\":\"https:\\\/\\\/marcelolopes.jor.br\\\/site\\\/#organization\"},\"image\":{\"@id\":\"https:\\\/\\\/marcelolopes.jor.br\\\/site\\\/2020\\\/06\\\/09\\\/muriae-registra-mais-23-casos-de-covid-19-nesta-terca-feira-09\\\/#primaryimage\"},\"thumbnailUrl\":\"https:\\\/\\\/marcelolopes.jor.br\\\/site\\\/wp-content\\\/uploads\\\/2020\\\/03\\\/20200228070742_1200_675_-_coronavirus.jpg\",\"keywords\":[\"casos de covid-19\",\"covid-19\",\"Muria\u00e9\",\"\u00f3bitos\"],\"articleSection\":[\"Not\u00edcias\"],\"inLanguage\":\"pt-BR\",\"potentialAction\":[{\"@type\":\"CommentAction\",\"name\":\"Comment\",\"target\":[\"https:\\\/\\\/marcelolopes.jor.br\\\/site\\\/2020\\\/06\\\/09\\\/muriae-registra-mais-23-casos-de-covid-19-nesta-terca-feira-09\\\/#respond\"]}]},{\"@type\":\"WebPage\",\"@id\":\"https:\\\/\\\/marcelolopes.jor.br\\\/site\\\/2020\\\/06\\\/09\\\/muriae-registra-mais-23-casos-de-covid-19-nesta-terca-feira-09\\\/\",\"url\":\"https:\\\/\\\/marcelolopes.jor.br\\\/site\\\/2020\\\/06\\\/09\\\/muriae-registra-mais-23-casos-de-covid-19-nesta-terca-feira-09\\\/\",\"name\":\"Muria\u00e9 registra mais 23 casos de Covid-19 nesta ter\u00e7a-feira, 09 | Marcelo Lopes\",\"isPartOf\":{\"@id\":\"https:\\\/\\\/marcelolopes.jor.br\\\/site\\\/#website\"},\"primaryImageOfPage\":{\"@id\":\"https:\\\/\\\/marcelolopes.jor.br\\\/site\\\/2020\\\/06\\\/09\\\/muriae-registra-mais-23-casos-de-covid-19-nesta-terca-feira-09\\\/#primaryimage\"},\"image\":{\"@id\":\"https:\\\/\\\/marcelolopes.jor.br\\\/site\\\/2020\\\/06\\\/09\\\/muriae-registra-mais-23-casos-de-covid-19-nesta-terca-feira-09\\\/#primaryimage\"},\"thumbnailUrl\":\"https:\\\/\\\/marcelolopes.jor.br\\\/site\\\/wp-content\\\/uploads\\\/2020\\\/03\\\/20200228070742_1200_675_-_coronavirus.jpg\",\"datePublished\":\"2020-06-09T15:06:52+00:00\",\"breadcrumb\":{\"@id\":\"https:\\\/\\\/marcelolopes.jor.br\\\/site\\\/2020\\\/06\\\/09\\\/muriae-registra-mais-23-casos-de-covid-19-nesta-terca-feira-09\\\/#breadcrumb\"},\"inLanguage\":\"pt-BR\",\"potentialAction\":[{\"@type\":\"ReadAction\",\"target\":[\"https:\\\/\\\/marcelolopes.jor.br\\\/site\\\/2020\\\/06\\\/09\\\/muriae-registra-mais-23-casos-de-covid-19-nesta-terca-feira-09\\\/\"]}]},{\"@type\":\"ImageObject\",\"inLanguage\":\"pt-BR\",\"@id\":\"https:\\\/\\\/marcelolopes.jor.br\\\/site\\\/2020\\\/06\\\/09\\\/muriae-registra-mais-23-casos-de-covid-19-nesta-terca-feira-09\\\/#primaryimage\",\"url\":\"https:\\\/\\\/marcelolopes.jor.br\\\/site\\\/wp-content\\\/uploads\\\/2020\\\/03\\\/20200228070742_1200_675_-_coronavirus.jpg\",\"contentUrl\":\"https:\\\/\\\/marcelolopes.jor.br\\\/site\\\/wp-content\\\/uploads\\\/2020\\\/03\\\/20200228070742_1200_675_-_coronavirus.jpg\",\"width\":800,\"height\":479},{\"@type\":\"BreadcrumbList\",\"@id\":\"https:\\\/\\\/marcelolopes.jor.br\\\/site\\\/2020\\\/06\\\/09\\\/muriae-registra-mais-23-casos-de-covid-19-nesta-terca-feira-09\\\/#breadcrumb\",\"itemListElement\":[{\"@type\":\"ListItem\",\"position\":1,\"name\":\"Home\",\"item\":\"https:\\\/\\\/marcelolopes.jor.br\\\/site\\\/\"},{\"@type\":\"ListItem\",\"position\":2,\"name\":\"Muria\u00e9 registra mais 23 casos de Covid-19 nesta ter\u00e7a-feira, 09\"}]},{\"@type\":\"WebSite\",\"@id\":\"https:\\\/\\\/marcelolopes.jor.br\\\/site\\\/#website\",\"url\":\"https:\\\/\\\/marcelolopes.jor.br\\\/site\\\/\",\"name\":\"Marcelo Lopes\",\"description\":\"Not\u00edcias de Cataguases e Regi\u00e3o\",\"publisher\":{\"@id\":\"https:\\\/\\\/marcelolopes.jor.br\\\/site\\\/#organization\"},\"potentialAction\":[{\"@type\":\"SearchAction\",\"target\":{\"@type\":\"EntryPoint\",\"urlTemplate\":\"https:\\\/\\\/marcelolopes.jor.br\\\/site\\\/?s={search_term_string}\"},\"query-input\":{\"@type\":\"PropertyValueSpecification\",\"valueRequired\":true,\"valueName\":\"search_term_string\"}}],\"inLanguage\":\"pt-BR\"},{\"@type\":\"Organization\",\"@id\":\"https:\\\/\\\/marcelolopes.jor.br\\\/site\\\/#organization\",\"name\":\"Site do Marcelo Lopes\",\"url\":\"https:\\\/\\\/marcelolopes.jor.br\\\/site\\\/\",\"logo\":{\"@type\":\"ImageObject\",\"inLanguage\":\"pt-BR\",\"@id\":\"https:\\\/\\\/marcelolopes.jor.br\\\/site\\\/#\\\/schema\\\/logo\\\/image\\\/\",\"url\":\"https:\\\/\\\/marcelolopes.jor.br\\\/site\\\/wp-content\\\/uploads\\\/2024\\\/11\\\/logo-1.png\",\"contentUrl\":\"https:\\\/\\\/marcelolopes.jor.br\\\/site\\\/wp-content\\\/uploads\\\/2024\\\/11\\\/logo-1.png\",\"width\":475,\"height\":80,\"caption\":\"Site do Marcelo Lopes\"},\"image\":{\"@id\":\"https:\\\/\\\/marcelolopes.jor.br\\\/site\\\/#\\\/schema\\\/logo\\\/image\\\/\"},\"sameAs\":[\"https:\\\/\\\/www.facebook.com\\\/sitedomarcelolopes\",\"https:\\\/\\\/www.instagram.com\\\/sitedomarcelolopes\\\/\",\"https:\\\/\\\/www.linkedin.com\\\/company\\\/site-do-marcelo-lopes\\\/\",\"https:\\\/\\\/www.youtube.com\\\/user\\\/marcelolopes957\"]},{\"@type\":\"Person\",\"@id\":\"https:\\\/\\\/marcelolopes.jor.br\\\/site\\\/#\\\/schema\\\/person\\\/3e7216a35c34d8fdf952b31da3d1f89f\",\"name\":\"Marcelo Lopes\",\"sameAs\":[\"http:\\\/\\\/www.marcelolopes.jor.br\"],\"url\":\"https:\\\/\\\/marcelolopes.jor.br\\\/site\\\/author\\\/marcelo\\\/\"}]}<\/script>\n<!-- \/ Yoast SEO plugin. -->","yoast_head_json":{"title":"Muria\u00e9 registra mais 23 casos de Covid-19 nesta ter\u00e7a-feira, 09 | Marcelo Lopes","robots":{"index":"index","follow":"follow","max-snippet":"max-snippet:-1","max-image-preview":"max-image-preview:large","max-video-preview":"max-video-preview:-1"},"canonical":"https:\/\/marcelolopes.jor.br\/site\/2020\/06\/09\/muriae-registra-mais-23-casos-de-covid-19-nesta-terca-feira-09\/","og_locale":"pt_BR","og_type":"article","og_title":"Muria\u00e9 registra mais 23 casos de Covid-19 nesta ter\u00e7a-feira, 09 | Marcelo Lopes","og_description":"Muria\u00e9 tem 23 novos casos confirmados de covid-19 entre moradores da cidade. As confirma\u00e7\u00f5es que constam no boletim desta ter\u00e7a-feira, 09 de junho, e referem-se a 13 pessoas do sexo feminino e a outras 10 do sexo masculino, com idadesLeia mais Muria\u00e9 registra mais 23 casos de Covid-19 nesta ter\u00e7a-feira, 09","og_url":"https:\/\/marcelolopes.jor.br\/site\/2020\/06\/09\/muriae-registra-mais-23-casos-de-covid-19-nesta-terca-feira-09\/","og_site_name":"Marcelo Lopes","article_publisher":"https:\/\/www.facebook.com\/sitedomarcelolopes","article_published_time":"2020-06-09T15:06:52+00:00","og_image":[{"width":800,"height":479,"url":"https:\/\/marcelolopes.jor.br\/site\/wp-content\/uploads\/2020\/03\/20200228070742_1200_675_-_coronavirus.jpg","type":"image\/jpeg"}],"author":"Marcelo Lopes","twitter_card":"summary_large_image","twitter_misc":{"Escrito por":"Marcelo Lopes","Est. tempo de leitura":"1 minuto"},"schema":{"@context":"https:\/\/schema.org","@graph":[{"@type":"NewsArticle","@id":"https:\/\/marcelolopes.jor.br\/site\/2020\/06\/09\/muriae-registra-mais-23-casos-de-covid-19-nesta-terca-feira-09\/#article","isPartOf":{"@id":"https:\/\/marcelolopes.jor.br\/site\/2020\/06\/09\/muriae-registra-mais-23-casos-de-covid-19-nesta-terca-feira-09\/"},"author":{"name":"Marcelo Lopes","@id":"https:\/\/marcelolopes.jor.br\/site\/#\/schema\/person\/3e7216a35c34d8fdf952b31da3d1f89f"},"headline":"Muria\u00e9 registra mais 23 casos de Covid-19 nesta ter\u00e7a-feira, 09","datePublished":"2020-06-09T15:06:52+00:00","mainEntityOfPage":{"@id":"https:\/\/marcelolopes.jor.br\/site\/2020\/06\/09\/muriae-registra-mais-23-casos-de-covid-19-nesta-terca-feira-09\/"},"wordCount":256,"commentCount":0,"publisher":{"@id":"https:\/\/marcelolopes.jor.br\/site\/#organization"},"image":{"@id":"https:\/\/marcelolopes.jor.br\/site\/2020\/06\/09\/muriae-registra-mais-23-casos-de-covid-19-nesta-terca-feira-09\/#primaryimage"},"thumbnailUrl":"https:\/\/marcelolopes.jor.br\/site\/wp-content\/uploads\/2020\/03\/20200228070742_1200_675_-_coronavirus.jpg","keywords":["casos de covid-19","covid-19","Muria\u00e9","\u00f3bitos"],"articleSection":["Not\u00edcias"],"inLanguage":"pt-BR","potentialAction":[{"@type":"CommentAction","name":"Comment","target":["https:\/\/marcelolopes.jor.br\/site\/2020\/06\/09\/muriae-registra-mais-23-casos-de-covid-19-nesta-terca-feira-09\/#respond"]}]},{"@type":"WebPage","@id":"https:\/\/marcelolopes.jor.br\/site\/2020\/06\/09\/muriae-registra-mais-23-casos-de-covid-19-nesta-terca-feira-09\/","url":"https:\/\/marcelolopes.jor.br\/site\/2020\/06\/09\/muriae-registra-mais-23-casos-de-covid-19-nesta-terca-feira-09\/","name":"Muria\u00e9 registra mais 23 casos de Covid-19 nesta ter\u00e7a-feira, 09 | Marcelo Lopes","isPartOf":{"@id":"https:\/\/marcelolopes.jor.br\/site\/#website"},"primaryImageOfPage":{"@id":"https:\/\/marcelolopes.jor.br\/site\/2020\/06\/09\/muriae-registra-mais-23-casos-de-covid-19-nesta-terca-feira-09\/#primaryimage"},"image":{"@id":"https:\/\/marcelolopes.jor.br\/site\/2020\/06\/09\/muriae-registra-mais-23-casos-de-covid-19-nesta-terca-feira-09\/#primaryimage"},"thumbnailUrl":"https:\/\/marcelolopes.jor.br\/site\/wp-content\/uploads\/2020\/03\/20200228070742_1200_675_-_coronavirus.jpg","datePublished":"2020-06-09T15:06:52+00:00","breadcrumb":{"@id":"https:\/\/marcelolopes.jor.br\/site\/2020\/06\/09\/muriae-registra-mais-23-casos-de-covid-19-nesta-terca-feira-09\/#breadcrumb"},"inLanguage":"pt-BR","potentialAction":[{"@type":"ReadAction","target":["https:\/\/marcelolopes.jor.br\/site\/2020\/06\/09\/muriae-registra-mais-23-casos-de-covid-19-nesta-terca-feira-09\/"]}]},{"@type":"ImageObject","inLanguage":"pt-BR","@id":"https:\/\/marcelolopes.jor.br\/site\/2020\/06\/09\/muriae-registra-mais-23-casos-de-covid-19-nesta-terca-feira-09\/#primaryimage","url":"https:\/\/marcelolopes.jor.br\/site\/wp-content\/uploads\/2020\/03\/20200228070742_1200_675_-_coronavirus.jpg","contentUrl":"https:\/\/marcelolopes.jor.br\/site\/wp-content\/uploads\/2020\/03\/20200228070742_1200_675_-_coronavirus.jpg","width":800,"height":479},{"@type":"BreadcrumbList","@id":"https:\/\/marcelolopes.jor.br\/site\/2020\/06\/09\/muriae-registra-mais-23-casos-de-covid-19-nesta-terca-feira-09\/#breadcrumb","itemListElement":[{"@type":"ListItem","position":1,"name":"Home","item":"https:\/\/marcelolopes.jor.br\/site\/"},{"@type":"ListItem","position":2,"name":"Muria\u00e9 registra mais 23 casos de Covid-19 nesta ter\u00e7a-feira, 09"}]},{"@type":"WebSite","@id":"https:\/\/marcelolopes.jor.br\/site\/#website","url":"https:\/\/marcelolopes.jor.br\/site\/","name":"Marcelo Lopes","description":"Not\u00edcias de Cataguases e Regi\u00e3o","publisher":{"@id":"https:\/\/marcelolopes.jor.br\/site\/#organization"},"potentialAction":[{"@type":"SearchAction","target":{"@type":"EntryPoint","urlTemplate":"https:\/\/marcelolopes.jor.br\/site\/?s={search_term_string}"},"query-input":{"@type":"PropertyValueSpecification","valueRequired":true,"valueName":"search_term_string"}}],"inLanguage":"pt-BR"},{"@type":"Organization","@id":"https:\/\/marcelolopes.jor.br\/site\/#organization","name":"Site do Marcelo Lopes","url":"https:\/\/marcelolopes.jor.br\/site\/","logo":{"@type":"ImageObject","inLanguage":"pt-BR","@id":"https:\/\/marcelolopes.jor.br\/site\/#\/schema\/logo\/image\/","url":"https:\/\/marcelolopes.jor.br\/site\/wp-content\/uploads\/2024\/11\/logo-1.png","contentUrl":"https:\/\/marcelolopes.jor.br\/site\/wp-content\/uploads\/2024\/11\/logo-1.png","width":475,"height":80,"caption":"Site do Marcelo Lopes"},"image":{"@id":"https:\/\/marcelolopes.jor.br\/site\/#\/schema\/logo\/image\/"},"sameAs":["https:\/\/www.facebook.com\/sitedomarcelolopes","https:\/\/www.instagram.com\/sitedomarcelolopes\/","https:\/\/www.linkedin.com\/company\/site-do-marcelo-lopes\/","https:\/\/www.youtube.com\/user\/marcelolopes957"]},{"@type":"Person","@id":"https:\/\/marcelolopes.jor.br\/site\/#\/schema\/person\/3e7216a35c34d8fdf952b31da3d1f89f","name":"Marcelo Lopes","sameAs":["http:\/\/www.marcelolopes.jor.br"],"url":"https:\/\/marcelolopes.jor.br\/site\/author\/marcelo\/"}]}},"wps_subtitle":"O munic\u00edpio tem 263 casos confirmados e 125 pessoas est\u00e3o curadas.","_links":{"self":[{"href":"https:\/\/marcelolopes.jor.br\/site\/wp-json\/wp\/v2\/posts\/14890","targetHints":{"allow":["GET"]}}],"collection":[{"href":"https:\/\/marcelolopes.jor.br\/site\/wp-json\/wp\/v2\/posts"}],"about":[{"href":"https:\/\/marcelolopes.jor.br\/site\/wp-json\/wp\/v2\/types\/post"}],"author":[{"embeddable":true,"href":"https:\/\/marcelolopes.jor.br\/site\/wp-json\/wp\/v2\/users\/2"}],"replies":[{"embeddable":true,"href":"https:\/\/marcelolopes.jor.br\/site\/wp-json\/wp\/v2\/comments?post=14890"}],"version-history":[{"count":0,"href":"https:\/\/marcelolopes.jor.br\/site\/wp-json\/wp\/v2\/posts\/14890\/revisions"}],"wp:featuredmedia":[{"embeddable":true,"href":"https:\/\/marcelolopes.jor.br\/site\/wp-json\/wp\/v2\/media\/12762"}],"wp:attachment":[{"href":"https:\/\/marcelolopes.jor.br\/site\/wp-json\/wp\/v2\/media?parent=14890"}],"wp:term":[{"taxonomy":"category","embeddable":true,"href":"https:\/\/marcelolopes.jor.br\/site\/wp-json\/wp\/v2\/categories?post=14890"},{"taxonomy":"post_tag","embeddable":true,"href":"https:\/\/marcelolopes.jor.br\/site\/wp-json\/wp\/v2\/tags?post=14890"}],"curies":[{"name":"wp","href":"https:\/\/api.w.org\/{rel}","templated":true}]}}