{"id":14851,"date":"2020-06-08T08:27:14","date_gmt":"2020-06-08T11:27:14","guid":{"rendered":"https:\/\/marcelolopes.jor.br\/?p=14851"},"modified":"2020-06-08T08:28:18","modified_gmt":"2020-06-08T11:28:18","slug":"acidente-deixa-dois-feridos-na-br-116-em-laranjal","status":"publish","type":"post","link":"https:\/\/marcelolopes.jor.br\/site\/2020\/06\/08\/acidente-deixa-dois-feridos-na-br-116-em-laranjal\/","title":{"rendered":"Acidente deixa dois feridos na BR-116 em Laranjal"},"content":{"rendered":"<p style=\"text-align: justify;\">A Pol\u00edcia Rodovi\u00e1ria Federal de Muria\u00e9 (PRF-Muria\u00e9) registrou um grave acidente na BR-116, ocorrido na tarde deste domingo, 07 de junho, por volta das 17h15min, envolvendo um VW\/Fusca, placa de Mira\u00ed-MG, num ve\u00edculo Fiat\/Toro, placa de Laranjal-MG. O Fusca colidiu lateralmente com a picape e deixou dois feridos.<!--more--><\/p>\n<p style=\"text-align: justify;\">De acordo com informa\u00e7\u00f5es repassadas pela equipe da PRF-Muria\u00e9, o Fusca bateu na caminhonete onde estavam quatro mulheres. Com o impacto, o homem de 40 anos e a mulher de 49 anos de idade, que viajavam VW\/Fusca, foram lan\u00e7ados para fora do ve\u00edculo, que ficou tombado sobre a pista de rolamento.<\/p>\n<p style=\"text-align: justify;\">As v\u00edtimas foram socorridas pelo Servi\u00e7o de Atendimento M\u00f3vel de Urg\u00eancia &#8211; SAMU &#8211; de Laranjal e levadas para atendimento m\u00e9dico na Casa de Caridade Leopoldinense, em Leopoldina. A mulher apresentava les\u00f5es pelo corpo e estava desacordada, enquanto o homem tamb\u00e9m tamb\u00e9m estava ferido e em estado de confus\u00e3o mental.<\/p>\n<p>O tr\u00e1fego na regi\u00e3o ficou restrito a meia pista por aproximadamente uma hora. Nenhuma das quatro mulheres que estavam na Fiat Toro sofreu ferimentos, conforme, ainda informa\u00e7\u00e3o da PRF.<\/p>\n<p><img loading=\"lazy\" decoding=\"async\" class=\"aligncenter wp-image-14854\" src=\"https:\/\/marcelolopes.jor.br\/site\/wp-content\/uploads\/2020\/06\/acidente2_704x530.jpg\" alt=\"\" width=\"600\" height=\"452\" srcset=\"https:\/\/marcelolopes.jor.br\/site\/wp-content\/uploads\/2020\/06\/acidente2_704x530.jpg 704w, https:\/\/marcelolopes.jor.br\/site\/wp-content\/uploads\/2020\/06\/acidente2_704x530-300x226.jpg 300w\" sizes=\"auto, (max-width: 600px) 100vw, 600px\" \/> <img loading=\"lazy\" decoding=\"async\" class=\"aligncenter wp-image-14855\" src=\"https:\/\/marcelolopes.jor.br\/site\/wp-content\/uploads\/2020\/06\/acf71278-05fb-4616-9229-e4470074904e-Copy.jpg\" alt=\"\" width=\"600\" height=\"450\" srcset=\"https:\/\/marcelolopes.jor.br\/site\/wp-content\/uploads\/2020\/06\/acf71278-05fb-4616-9229-e4470074904e-Copy.jpg 707w, https:\/\/marcelolopes.jor.br\/site\/wp-content\/uploads\/2020\/06\/acf71278-05fb-4616-9229-e4470074904e-Copy-300x225.jpg 300w\" sizes=\"auto, (max-width: 600px) 100vw, 600px\" \/><\/p>\n<p>Fonte e fotos: PRF-Muria\u00e9<\/p>\n<div class=\"nhtng69f774ad208b4\" ><br><\/div><style type=\"text\/css\">\r\n@media screen and (min-width: 1201px) {\r\n.nhtng69f774ad208b4 {\r\ndisplay: block;\r\n}\r\n}\r\n@media screen and (min-width: 993px) and (max-width: 1200px) {\r\n.nhtng69f774ad208b4 {\r\ndisplay: block;\r\n}\r\n}\r\n@media screen and (min-width: 769px) and (max-width: 992px) {\r\n.nhtng69f774ad208b4 {\r\ndisplay: block;\r\n}\r\n}\r\n@media screen and (min-width: 768px) and (max-width: 768px) {\r\n.nhtng69f774ad208b4 {\r\ndisplay: block;\r\n}\r\n}\r\n@media screen and (max-width: 767px) {\r\n.nhtng69f774ad208b4 {\r\ndisplay: block;\r\n}\r\n}\r\n<\/style>\r\n<div class=\"mgxfs69f774ad26a64\" ><div id=\"div_destino\"><\/div>\r\n<script src=\"https:\/\/cdn.snsrsv.com\/sdk.js\"><\/script>\r\n<script >\r\n      new sdk(\"464030C30061EA8BE065000000000001\") \r\n          .appendTo(\"div_destino\")\r\n          .disableStyle(true) \r\n          .setCacheBusterMacro(\"%%CACHEBUSTER%%\")\r\n          .setSize(\"800\",\"214\")\r\n          .setClickMacro(\"%%CLICK_URL_ESC%%\") \r\n          .setReferrerUrlMacro(\"%%REFERRER_URL_ESC%%\") \r\n          .start(); \r\n<\/script><\/div><style type=\"text\/css\">\r\n@media screen and (min-width: 1201px) {\r\n.mgxfs69f774ad26a64 {\r\ndisplay: block;\r\n}\r\n}\r\n@media screen and (min-width: 993px) and (max-width: 1200px) {\r\n.mgxfs69f774ad26a64 {\r\ndisplay: block;\r\n}\r\n}\r\n@media screen and (min-width: 769px) and (max-width: 992px) {\r\n.mgxfs69f774ad26a64 {\r\ndisplay: block;\r\n}\r\n}\r\n@media screen and (min-width: 768px) and (max-width: 768px) {\r\n.mgxfs69f774ad26a64 {\r\ndisplay: block;\r\n}\r\n}\r\n@media screen and (max-width: 767px) {\r\n.mgxfs69f774ad26a64 {\r\ndisplay: block;\r\n}\r\n}\r\n<\/style>\r\n","protected":false},"excerpt":{"rendered":"<p>A Pol\u00edcia Rodovi\u00e1ria Federal de Muria\u00e9 (PRF-Muria\u00e9) registrou um grave acidente na BR-116, ocorrido na tarde deste domingo, 07 de junho, por volta das 17h15min, envolvendo um VW\/Fusca, placa de Mira\u00ed-MG, num ve\u00edculo Fiat\/Toro, placa de Laranjal-MG. O Fusca colidiu<\/p>\n<p class=\"link-more\"><a class=\"more-link\" href=\"https:\/\/marcelolopes.jor.br\/site\/2020\/06\/08\/acidente-deixa-dois-feridos-na-br-116-em-laranjal\/\">Leia mais <span class=\"screen-reader-text\">Acidente deixa dois feridos na BR-116 em Laranjal<\/span><\/a><\/p>\n","protected":false},"author":2,"featured_media":14853,"comment_status":"open","ping_status":"open","sticky":false,"template":"","format":"standard","meta":{"footnotes":""},"categories":[1],"tags":[124,142,2586,187],"class_list":["post-14851","post","type-post","status-publish","format-standard","has-post-thumbnail","hentry","category-noticias","tag-acidente","tag-br-116","tag-fusca","tag-laranjal","thumb-below-title"],"yoast_head":"<!-- This site is optimized with the Yoast SEO plugin v27.4 - https:\/\/yoast.com\/product\/yoast-seo-wordpress\/ -->\n<title>Acidente deixa dois feridos na BR-116 em Laranjal | Marcelo Lopes<\/title>\n<meta name=\"robots\" content=\"index, follow, max-snippet:-1, max-image-preview:large, max-video-preview:-1\" \/>\n<link rel=\"canonical\" href=\"https:\/\/marcelolopes.jor.br\/site\/2020\/06\/08\/acidente-deixa-dois-feridos-na-br-116-em-laranjal\/\" \/>\n<meta property=\"og:locale\" content=\"pt_BR\" \/>\n<meta property=\"og:type\" content=\"article\" \/>\n<meta property=\"og:title\" content=\"Acidente deixa dois feridos na BR-116 em Laranjal | Marcelo Lopes\" \/>\n<meta property=\"og:description\" content=\"A Pol\u00edcia Rodovi\u00e1ria Federal de Muria\u00e9 (PRF-Muria\u00e9) registrou um grave acidente na BR-116, ocorrido na tarde deste domingo, 07 de junho, por volta das 17h15min, envolvendo um VW\/Fusca, placa de Mira\u00ed-MG, num ve\u00edculo Fiat\/Toro, placa de Laranjal-MG. O Fusca colidiuLeia mais Acidente deixa dois feridos na BR-116 em Laranjal\" \/>\n<meta property=\"og:url\" content=\"https:\/\/marcelolopes.jor.br\/site\/2020\/06\/08\/acidente-deixa-dois-feridos-na-br-116-em-laranjal\/\" \/>\n<meta property=\"og:site_name\" content=\"Marcelo Lopes\" \/>\n<meta property=\"article:publisher\" content=\"https:\/\/www.facebook.com\/sitedomarcelolopes\" \/>\n<meta property=\"article:published_time\" content=\"2020-06-08T11:27:14+00:00\" \/>\n<meta property=\"article:modified_time\" content=\"2020-06-08T11:28:18+00:00\" \/>\n<meta property=\"og:image\" content=\"https:\/\/marcelolopes.jor.br\/site\/wp-content\/uploads\/2020\/06\/WhatsApp-Image-2020-06-08-at-00.13.05-1_707x530.jpg\" \/>\n\t<meta property=\"og:image:width\" content=\"707\" \/>\n\t<meta property=\"og:image:height\" content=\"530\" \/>\n\t<meta property=\"og:image:type\" content=\"image\/jpeg\" \/>\n<meta name=\"author\" content=\"Marcelo Lopes\" \/>\n<meta name=\"twitter:card\" content=\"summary_large_image\" \/>\n<meta name=\"twitter:label1\" content=\"Escrito por\" \/>\n\t<meta name=\"twitter:data1\" content=\"Marcelo Lopes\" \/>\n\t<meta name=\"twitter:label2\" content=\"Est. tempo de leitura\" \/>\n\t<meta name=\"twitter:data2\" content=\"1 minuto\" \/>\n<script type=\"application\/ld+json\" class=\"yoast-schema-graph\">{\"@context\":\"https:\\\/\\\/schema.org\",\"@graph\":[{\"@type\":\"NewsArticle\",\"@id\":\"https:\\\/\\\/marcelolopes.jor.br\\\/site\\\/2020\\\/06\\\/08\\\/acidente-deixa-dois-feridos-na-br-116-em-laranjal\\\/#article\",\"isPartOf\":{\"@id\":\"https:\\\/\\\/marcelolopes.jor.br\\\/site\\\/2020\\\/06\\\/08\\\/acidente-deixa-dois-feridos-na-br-116-em-laranjal\\\/\"},\"author\":{\"name\":\"Marcelo Lopes\",\"@id\":\"https:\\\/\\\/marcelolopes.jor.br\\\/site\\\/#\\\/schema\\\/person\\\/3e7216a35c34d8fdf952b31da3d1f89f\"},\"headline\":\"Acidente deixa dois feridos na BR-116 em Laranjal\",\"datePublished\":\"2020-06-08T11:27:14+00:00\",\"dateModified\":\"2020-06-08T11:28:18+00:00\",\"mainEntityOfPage\":{\"@id\":\"https:\\\/\\\/marcelolopes.jor.br\\\/site\\\/2020\\\/06\\\/08\\\/acidente-deixa-dois-feridos-na-br-116-em-laranjal\\\/\"},\"wordCount\":210,\"commentCount\":0,\"publisher\":{\"@id\":\"https:\\\/\\\/marcelolopes.jor.br\\\/site\\\/#organization\"},\"image\":{\"@id\":\"https:\\\/\\\/marcelolopes.jor.br\\\/site\\\/2020\\\/06\\\/08\\\/acidente-deixa-dois-feridos-na-br-116-em-laranjal\\\/#primaryimage\"},\"thumbnailUrl\":\"https:\\\/\\\/marcelolopes.jor.br\\\/site\\\/wp-content\\\/uploads\\\/2020\\\/06\\\/WhatsApp-Image-2020-06-08-at-00.13.05-1_707x530.jpg\",\"keywords\":[\"acidente\",\"BR-116\",\"Fusca\",\"Laranjal\"],\"articleSection\":[\"Not\u00edcias\"],\"inLanguage\":\"pt-BR\",\"potentialAction\":[{\"@type\":\"CommentAction\",\"name\":\"Comment\",\"target\":[\"https:\\\/\\\/marcelolopes.jor.br\\\/site\\\/2020\\\/06\\\/08\\\/acidente-deixa-dois-feridos-na-br-116-em-laranjal\\\/#respond\"]}]},{\"@type\":\"WebPage\",\"@id\":\"https:\\\/\\\/marcelolopes.jor.br\\\/site\\\/2020\\\/06\\\/08\\\/acidente-deixa-dois-feridos-na-br-116-em-laranjal\\\/\",\"url\":\"https:\\\/\\\/marcelolopes.jor.br\\\/site\\\/2020\\\/06\\\/08\\\/acidente-deixa-dois-feridos-na-br-116-em-laranjal\\\/\",\"name\":\"Acidente deixa dois feridos na BR-116 em Laranjal | Marcelo Lopes\",\"isPartOf\":{\"@id\":\"https:\\\/\\\/marcelolopes.jor.br\\\/site\\\/#website\"},\"primaryImageOfPage\":{\"@id\":\"https:\\\/\\\/marcelolopes.jor.br\\\/site\\\/2020\\\/06\\\/08\\\/acidente-deixa-dois-feridos-na-br-116-em-laranjal\\\/#primaryimage\"},\"image\":{\"@id\":\"https:\\\/\\\/marcelolopes.jor.br\\\/site\\\/2020\\\/06\\\/08\\\/acidente-deixa-dois-feridos-na-br-116-em-laranjal\\\/#primaryimage\"},\"thumbnailUrl\":\"https:\\\/\\\/marcelolopes.jor.br\\\/site\\\/wp-content\\\/uploads\\\/2020\\\/06\\\/WhatsApp-Image-2020-06-08-at-00.13.05-1_707x530.jpg\",\"datePublished\":\"2020-06-08T11:27:14+00:00\",\"dateModified\":\"2020-06-08T11:28:18+00:00\",\"breadcrumb\":{\"@id\":\"https:\\\/\\\/marcelolopes.jor.br\\\/site\\\/2020\\\/06\\\/08\\\/acidente-deixa-dois-feridos-na-br-116-em-laranjal\\\/#breadcrumb\"},\"inLanguage\":\"pt-BR\",\"potentialAction\":[{\"@type\":\"ReadAction\",\"target\":[\"https:\\\/\\\/marcelolopes.jor.br\\\/site\\\/2020\\\/06\\\/08\\\/acidente-deixa-dois-feridos-na-br-116-em-laranjal\\\/\"]}]},{\"@type\":\"ImageObject\",\"inLanguage\":\"pt-BR\",\"@id\":\"https:\\\/\\\/marcelolopes.jor.br\\\/site\\\/2020\\\/06\\\/08\\\/acidente-deixa-dois-feridos-na-br-116-em-laranjal\\\/#primaryimage\",\"url\":\"https:\\\/\\\/marcelolopes.jor.br\\\/site\\\/wp-content\\\/uploads\\\/2020\\\/06\\\/WhatsApp-Image-2020-06-08-at-00.13.05-1_707x530.jpg\",\"contentUrl\":\"https:\\\/\\\/marcelolopes.jor.br\\\/site\\\/wp-content\\\/uploads\\\/2020\\\/06\\\/WhatsApp-Image-2020-06-08-at-00.13.05-1_707x530.jpg\",\"width\":707,\"height\":530},{\"@type\":\"BreadcrumbList\",\"@id\":\"https:\\\/\\\/marcelolopes.jor.br\\\/site\\\/2020\\\/06\\\/08\\\/acidente-deixa-dois-feridos-na-br-116-em-laranjal\\\/#breadcrumb\",\"itemListElement\":[{\"@type\":\"ListItem\",\"position\":1,\"name\":\"Home\",\"item\":\"https:\\\/\\\/marcelolopes.jor.br\\\/site\\\/\"},{\"@type\":\"ListItem\",\"position\":2,\"name\":\"Acidente deixa dois feridos na BR-116 em Laranjal\"}]},{\"@type\":\"WebSite\",\"@id\":\"https:\\\/\\\/marcelolopes.jor.br\\\/site\\\/#website\",\"url\":\"https:\\\/\\\/marcelolopes.jor.br\\\/site\\\/\",\"name\":\"Marcelo Lopes\",\"description\":\"Not\u00edcias de Cataguases e Regi\u00e3o\",\"publisher\":{\"@id\":\"https:\\\/\\\/marcelolopes.jor.br\\\/site\\\/#organization\"},\"potentialAction\":[{\"@type\":\"SearchAction\",\"target\":{\"@type\":\"EntryPoint\",\"urlTemplate\":\"https:\\\/\\\/marcelolopes.jor.br\\\/site\\\/?s={search_term_string}\"},\"query-input\":{\"@type\":\"PropertyValueSpecification\",\"valueRequired\":true,\"valueName\":\"search_term_string\"}}],\"inLanguage\":\"pt-BR\"},{\"@type\":\"Organization\",\"@id\":\"https:\\\/\\\/marcelolopes.jor.br\\\/site\\\/#organization\",\"name\":\"Site do Marcelo Lopes\",\"url\":\"https:\\\/\\\/marcelolopes.jor.br\\\/site\\\/\",\"logo\":{\"@type\":\"ImageObject\",\"inLanguage\":\"pt-BR\",\"@id\":\"https:\\\/\\\/marcelolopes.jor.br\\\/site\\\/#\\\/schema\\\/logo\\\/image\\\/\",\"url\":\"https:\\\/\\\/marcelolopes.jor.br\\\/site\\\/wp-content\\\/uploads\\\/2024\\\/11\\\/logo-1.png\",\"contentUrl\":\"https:\\\/\\\/marcelolopes.jor.br\\\/site\\\/wp-content\\\/uploads\\\/2024\\\/11\\\/logo-1.png\",\"width\":475,\"height\":80,\"caption\":\"Site do Marcelo Lopes\"},\"image\":{\"@id\":\"https:\\\/\\\/marcelolopes.jor.br\\\/site\\\/#\\\/schema\\\/logo\\\/image\\\/\"},\"sameAs\":[\"https:\\\/\\\/www.facebook.com\\\/sitedomarcelolopes\",\"https:\\\/\\\/www.instagram.com\\\/sitedomarcelolopes\\\/\",\"https:\\\/\\\/www.linkedin.com\\\/company\\\/site-do-marcelo-lopes\\\/\",\"https:\\\/\\\/www.youtube.com\\\/user\\\/marcelolopes957\"]},{\"@type\":\"Person\",\"@id\":\"https:\\\/\\\/marcelolopes.jor.br\\\/site\\\/#\\\/schema\\\/person\\\/3e7216a35c34d8fdf952b31da3d1f89f\",\"name\":\"Marcelo Lopes\",\"sameAs\":[\"http:\\\/\\\/www.marcelolopes.jor.br\"],\"url\":\"https:\\\/\\\/marcelolopes.jor.br\\\/site\\\/author\\\/marcelo\\\/\"}]}<\/script>\n<!-- \/ Yoast SEO plugin. -->","yoast_head_json":{"title":"Acidente deixa dois feridos na BR-116 em Laranjal | Marcelo Lopes","robots":{"index":"index","follow":"follow","max-snippet":"max-snippet:-1","max-image-preview":"max-image-preview:large","max-video-preview":"max-video-preview:-1"},"canonical":"https:\/\/marcelolopes.jor.br\/site\/2020\/06\/08\/acidente-deixa-dois-feridos-na-br-116-em-laranjal\/","og_locale":"pt_BR","og_type":"article","og_title":"Acidente deixa dois feridos na BR-116 em Laranjal | Marcelo Lopes","og_description":"A Pol\u00edcia Rodovi\u00e1ria Federal de Muria\u00e9 (PRF-Muria\u00e9) registrou um grave acidente na BR-116, ocorrido na tarde deste domingo, 07 de junho, por volta das 17h15min, envolvendo um VW\/Fusca, placa de Mira\u00ed-MG, num ve\u00edculo Fiat\/Toro, placa de Laranjal-MG. O Fusca colidiuLeia mais Acidente deixa dois feridos na BR-116 em Laranjal","og_url":"https:\/\/marcelolopes.jor.br\/site\/2020\/06\/08\/acidente-deixa-dois-feridos-na-br-116-em-laranjal\/","og_site_name":"Marcelo Lopes","article_publisher":"https:\/\/www.facebook.com\/sitedomarcelolopes","article_published_time":"2020-06-08T11:27:14+00:00","article_modified_time":"2020-06-08T11:28:18+00:00","og_image":[{"width":707,"height":530,"url":"https:\/\/marcelolopes.jor.br\/site\/wp-content\/uploads\/2020\/06\/WhatsApp-Image-2020-06-08-at-00.13.05-1_707x530.jpg","type":"image\/jpeg"}],"author":"Marcelo Lopes","twitter_card":"summary_large_image","twitter_misc":{"Escrito por":"Marcelo Lopes","Est. tempo de leitura":"1 minuto"},"schema":{"@context":"https:\/\/schema.org","@graph":[{"@type":"NewsArticle","@id":"https:\/\/marcelolopes.jor.br\/site\/2020\/06\/08\/acidente-deixa-dois-feridos-na-br-116-em-laranjal\/#article","isPartOf":{"@id":"https:\/\/marcelolopes.jor.br\/site\/2020\/06\/08\/acidente-deixa-dois-feridos-na-br-116-em-laranjal\/"},"author":{"name":"Marcelo Lopes","@id":"https:\/\/marcelolopes.jor.br\/site\/#\/schema\/person\/3e7216a35c34d8fdf952b31da3d1f89f"},"headline":"Acidente deixa dois feridos na BR-116 em Laranjal","datePublished":"2020-06-08T11:27:14+00:00","dateModified":"2020-06-08T11:28:18+00:00","mainEntityOfPage":{"@id":"https:\/\/marcelolopes.jor.br\/site\/2020\/06\/08\/acidente-deixa-dois-feridos-na-br-116-em-laranjal\/"},"wordCount":210,"commentCount":0,"publisher":{"@id":"https:\/\/marcelolopes.jor.br\/site\/#organization"},"image":{"@id":"https:\/\/marcelolopes.jor.br\/site\/2020\/06\/08\/acidente-deixa-dois-feridos-na-br-116-em-laranjal\/#primaryimage"},"thumbnailUrl":"https:\/\/marcelolopes.jor.br\/site\/wp-content\/uploads\/2020\/06\/WhatsApp-Image-2020-06-08-at-00.13.05-1_707x530.jpg","keywords":["acidente","BR-116","Fusca","Laranjal"],"articleSection":["Not\u00edcias"],"inLanguage":"pt-BR","potentialAction":[{"@type":"CommentAction","name":"Comment","target":["https:\/\/marcelolopes.jor.br\/site\/2020\/06\/08\/acidente-deixa-dois-feridos-na-br-116-em-laranjal\/#respond"]}]},{"@type":"WebPage","@id":"https:\/\/marcelolopes.jor.br\/site\/2020\/06\/08\/acidente-deixa-dois-feridos-na-br-116-em-laranjal\/","url":"https:\/\/marcelolopes.jor.br\/site\/2020\/06\/08\/acidente-deixa-dois-feridos-na-br-116-em-laranjal\/","name":"Acidente deixa dois feridos na BR-116 em Laranjal | Marcelo Lopes","isPartOf":{"@id":"https:\/\/marcelolopes.jor.br\/site\/#website"},"primaryImageOfPage":{"@id":"https:\/\/marcelolopes.jor.br\/site\/2020\/06\/08\/acidente-deixa-dois-feridos-na-br-116-em-laranjal\/#primaryimage"},"image":{"@id":"https:\/\/marcelolopes.jor.br\/site\/2020\/06\/08\/acidente-deixa-dois-feridos-na-br-116-em-laranjal\/#primaryimage"},"thumbnailUrl":"https:\/\/marcelolopes.jor.br\/site\/wp-content\/uploads\/2020\/06\/WhatsApp-Image-2020-06-08-at-00.13.05-1_707x530.jpg","datePublished":"2020-06-08T11:27:14+00:00","dateModified":"2020-06-08T11:28:18+00:00","breadcrumb":{"@id":"https:\/\/marcelolopes.jor.br\/site\/2020\/06\/08\/acidente-deixa-dois-feridos-na-br-116-em-laranjal\/#breadcrumb"},"inLanguage":"pt-BR","potentialAction":[{"@type":"ReadAction","target":["https:\/\/marcelolopes.jor.br\/site\/2020\/06\/08\/acidente-deixa-dois-feridos-na-br-116-em-laranjal\/"]}]},{"@type":"ImageObject","inLanguage":"pt-BR","@id":"https:\/\/marcelolopes.jor.br\/site\/2020\/06\/08\/acidente-deixa-dois-feridos-na-br-116-em-laranjal\/#primaryimage","url":"https:\/\/marcelolopes.jor.br\/site\/wp-content\/uploads\/2020\/06\/WhatsApp-Image-2020-06-08-at-00.13.05-1_707x530.jpg","contentUrl":"https:\/\/marcelolopes.jor.br\/site\/wp-content\/uploads\/2020\/06\/WhatsApp-Image-2020-06-08-at-00.13.05-1_707x530.jpg","width":707,"height":530},{"@type":"BreadcrumbList","@id":"https:\/\/marcelolopes.jor.br\/site\/2020\/06\/08\/acidente-deixa-dois-feridos-na-br-116-em-laranjal\/#breadcrumb","itemListElement":[{"@type":"ListItem","position":1,"name":"Home","item":"https:\/\/marcelolopes.jor.br\/site\/"},{"@type":"ListItem","position":2,"name":"Acidente deixa dois feridos na BR-116 em Laranjal"}]},{"@type":"WebSite","@id":"https:\/\/marcelolopes.jor.br\/site\/#website","url":"https:\/\/marcelolopes.jor.br\/site\/","name":"Marcelo Lopes","description":"Not\u00edcias de Cataguases e Regi\u00e3o","publisher":{"@id":"https:\/\/marcelolopes.jor.br\/site\/#organization"},"potentialAction":[{"@type":"SearchAction","target":{"@type":"EntryPoint","urlTemplate":"https:\/\/marcelolopes.jor.br\/site\/?s={search_term_string}"},"query-input":{"@type":"PropertyValueSpecification","valueRequired":true,"valueName":"search_term_string"}}],"inLanguage":"pt-BR"},{"@type":"Organization","@id":"https:\/\/marcelolopes.jor.br\/site\/#organization","name":"Site do Marcelo Lopes","url":"https:\/\/marcelolopes.jor.br\/site\/","logo":{"@type":"ImageObject","inLanguage":"pt-BR","@id":"https:\/\/marcelolopes.jor.br\/site\/#\/schema\/logo\/image\/","url":"https:\/\/marcelolopes.jor.br\/site\/wp-content\/uploads\/2024\/11\/logo-1.png","contentUrl":"https:\/\/marcelolopes.jor.br\/site\/wp-content\/uploads\/2024\/11\/logo-1.png","width":475,"height":80,"caption":"Site do Marcelo Lopes"},"image":{"@id":"https:\/\/marcelolopes.jor.br\/site\/#\/schema\/logo\/image\/"},"sameAs":["https:\/\/www.facebook.com\/sitedomarcelolopes","https:\/\/www.instagram.com\/sitedomarcelolopes\/","https:\/\/www.linkedin.com\/company\/site-do-marcelo-lopes\/","https:\/\/www.youtube.com\/user\/marcelolopes957"]},{"@type":"Person","@id":"https:\/\/marcelolopes.jor.br\/site\/#\/schema\/person\/3e7216a35c34d8fdf952b31da3d1f89f","name":"Marcelo Lopes","sameAs":["http:\/\/www.marcelolopes.jor.br"],"url":"https:\/\/marcelolopes.jor.br\/site\/author\/marcelo\/"}]}},"wps_subtitle":"Colis\u00e3o entre um Fusca e uma caminhonete Toro ocorreu na tarde de domingo.","_links":{"self":[{"href":"https:\/\/marcelolopes.jor.br\/site\/wp-json\/wp\/v2\/posts\/14851","targetHints":{"allow":["GET"]}}],"collection":[{"href":"https:\/\/marcelolopes.jor.br\/site\/wp-json\/wp\/v2\/posts"}],"about":[{"href":"https:\/\/marcelolopes.jor.br\/site\/wp-json\/wp\/v2\/types\/post"}],"author":[{"embeddable":true,"href":"https:\/\/marcelolopes.jor.br\/site\/wp-json\/wp\/v2\/users\/2"}],"replies":[{"embeddable":true,"href":"https:\/\/marcelolopes.jor.br\/site\/wp-json\/wp\/v2\/comments?post=14851"}],"version-history":[{"count":0,"href":"https:\/\/marcelolopes.jor.br\/site\/wp-json\/wp\/v2\/posts\/14851\/revisions"}],"wp:featuredmedia":[{"embeddable":true,"href":"https:\/\/marcelolopes.jor.br\/site\/wp-json\/wp\/v2\/media\/14853"}],"wp:attachment":[{"href":"https:\/\/marcelolopes.jor.br\/site\/wp-json\/wp\/v2\/media?parent=14851"}],"wp:term":[{"taxonomy":"category","embeddable":true,"href":"https:\/\/marcelolopes.jor.br\/site\/wp-json\/wp\/v2\/categories?post=14851"},{"taxonomy":"post_tag","embeddable":true,"href":"https:\/\/marcelolopes.jor.br\/site\/wp-json\/wp\/v2\/tags?post=14851"}],"curies":[{"name":"wp","href":"https:\/\/api.w.org\/{rel}","templated":true}]}}