{"id":14843,"date":"2020-06-07T19:00:05","date_gmt":"2020-06-07T22:00:05","guid":{"rendered":"https:\/\/marcelolopes.jor.br\/?p=14843"},"modified":"2020-06-07T17:20:37","modified_gmt":"2020-06-07T20:20:37","slug":"receita-federal-lanca-aplicativo-cpf-digital","status":"publish","type":"post","link":"https:\/\/marcelolopes.jor.br\/site\/2020\/06\/07\/receita-federal-lanca-aplicativo-cpf-digital\/","title":{"rendered":"Receita Federal lan\u00e7a aplicativo CPF Digital"},"content":{"rendered":"<p style=\"text-align: justify;\">Um dos documentos mais requeridos dos brasileiros agora est\u00e1 dispon\u00edvel na tela do seu celular. A Receita Federal e o Servi\u00e7o Federal de Processamento de Dados (Serpro) lan\u00e7aram o aplicativo CPF Digital.\u00a0O aplicativo pode ser baixado na Google Play (para dispositivos do sistema Android) e na App Store (para dispositivos com sistema iOS). O app tamb\u00e9m traz um chat de intelig\u00eancia artificial que tira d\u00favidas sobre o preenchimento da Declara\u00e7\u00e3o do Imposto de Renda Pessoa F\u00edsica 2020 (IRPF).<!--more--><\/p>\n<p style=\"text-align: justify;\">Com o CPF Digital, o usu\u00e1rio pode exibir, na tela do celular ou do tablet, o cart\u00e3o do CPF. O aplicativo tamb\u00e9m envia notifica\u00e7\u00f5es da Receita Federal. Em rela\u00e7\u00e3o ao recurso de atendimento virtual interativo, a ferramenta tamb\u00e9m permite a consulta \u00e0 restitui\u00e7\u00e3o e informa sobre prazo de entrega da declara\u00e7\u00e3o, multa por atraso no envio do documento e presta esclarecimentos sobre situa\u00e7\u00f5es individuais, declara\u00e7\u00e3o em conjunto, carn\u00ea le\u00e3o e isen\u00e7\u00e3o para pessoas com doen\u00e7as graves.<\/p>\n<p style=\"text-align: justify;\">Segundo a Receita Federal, o Cadastro de Pessoa F\u00edsica (CPF) \u00e9 central para a digitaliza\u00e7\u00e3o dos servi\u00e7os p\u00fablicos. Em mar\u00e7o do ano passado, o Decreto 9.723 tornou o n\u00famero de CPF instrumento suficiente e substitutivo da apresenta\u00e7\u00e3o de outros documentos do cidad\u00e3o no exerc\u00edcio de obriga\u00e7\u00f5es e direitos ou na obten\u00e7\u00e3o de benef\u00edcios.<\/p>\n<p style=\"text-align: justify;\">A Receita informou que pretende desenvolver atualiza\u00e7\u00f5es que ampliem o recurso de atendimento virtual para outros servi\u00e7os al\u00e9m do Imposto de Renda. A amplia\u00e7\u00e3o tem como objetivo diminuir os atendimentos presenciais nas unidades do \u00f3rg\u00e3o durante a pandemia de coronav\u00edrus, de modo a tornar o CPF Digital a porta de acesso para os principais servi\u00e7os p\u00fablicos.<\/p>\n<p style=\"text-align: justify;\">Fonte: Ag\u00eancia Brasil | Foto: Cont\u00e1beis<\/p>\n<div class=\"ogzly69f75bf6b8447\" ><br><\/div><style type=\"text\/css\">\r\n@media screen and (min-width: 1201px) {\r\n.ogzly69f75bf6b8447 {\r\ndisplay: block;\r\n}\r\n}\r\n@media screen and (min-width: 993px) and (max-width: 1200px) {\r\n.ogzly69f75bf6b8447 {\r\ndisplay: block;\r\n}\r\n}\r\n@media screen and (min-width: 769px) and (max-width: 992px) {\r\n.ogzly69f75bf6b8447 {\r\ndisplay: block;\r\n}\r\n}\r\n@media screen and (min-width: 768px) and (max-width: 768px) {\r\n.ogzly69f75bf6b8447 {\r\ndisplay: block;\r\n}\r\n}\r\n@media screen and (max-width: 767px) {\r\n.ogzly69f75bf6b8447 {\r\ndisplay: block;\r\n}\r\n}\r\n<\/style>\r\n<div class=\"lidcd69f75bf6bf4bf\" ><div id=\"div_destino\"><\/div>\r\n<script src=\"https:\/\/cdn.snsrsv.com\/sdk.js\"><\/script>\r\n<script >\r\n      new sdk(\"464030C30061EA8BE065000000000001\") \r\n          .appendTo(\"div_destino\")\r\n          .disableStyle(true) \r\n          .setCacheBusterMacro(\"%%CACHEBUSTER%%\")\r\n          .setSize(\"800\",\"214\")\r\n          .setClickMacro(\"%%CLICK_URL_ESC%%\") \r\n          .setReferrerUrlMacro(\"%%REFERRER_URL_ESC%%\") \r\n          .start(); \r\n<\/script><\/div><style type=\"text\/css\">\r\n@media screen and (min-width: 1201px) {\r\n.lidcd69f75bf6bf4bf {\r\ndisplay: block;\r\n}\r\n}\r\n@media screen and (min-width: 993px) and (max-width: 1200px) {\r\n.lidcd69f75bf6bf4bf {\r\ndisplay: block;\r\n}\r\n}\r\n@media screen and (min-width: 769px) and (max-width: 992px) {\r\n.lidcd69f75bf6bf4bf {\r\ndisplay: block;\r\n}\r\n}\r\n@media screen and (min-width: 768px) and (max-width: 768px) {\r\n.lidcd69f75bf6bf4bf {\r\ndisplay: block;\r\n}\r\n}\r\n@media screen and (max-width: 767px) {\r\n.lidcd69f75bf6bf4bf {\r\ndisplay: block;\r\n}\r\n}\r\n<\/style>\r\n","protected":false},"excerpt":{"rendered":"<p>Um dos documentos mais requeridos dos brasileiros agora est\u00e1 dispon\u00edvel na tela do seu celular. A Receita Federal e o Servi\u00e7o Federal de Processamento de Dados (Serpro) lan\u00e7aram o aplicativo CPF Digital.\u00a0O aplicativo pode ser baixado na Google Play (para<\/p>\n<p class=\"link-more\"><a class=\"more-link\" href=\"https:\/\/marcelolopes.jor.br\/site\/2020\/06\/07\/receita-federal-lanca-aplicativo-cpf-digital\/\">Leia mais <span class=\"screen-reader-text\">Receita Federal lan\u00e7a aplicativo CPF Digital<\/span><\/a><\/p>\n","protected":false},"author":2,"featured_media":14845,"comment_status":"open","ping_status":"open","sticky":false,"template":"","format":"standard","meta":{"footnotes":""},"categories":[1],"tags":[1411,789,2584,175],"class_list":["post-14843","post","type-post","status-publish","format-standard","has-post-thumbnail","hentry","category-noticias","tag-aplicativo","tag-celular","tag-cpf-digital","tag-receita-federal","thumb-below-title"],"yoast_head":"<!-- This site is optimized with the Yoast SEO plugin v27.4 - https:\/\/yoast.com\/product\/yoast-seo-wordpress\/ -->\n<title>Receita Federal lan\u00e7a aplicativo CPF Digital | Marcelo Lopes<\/title>\n<meta name=\"robots\" content=\"index, follow, max-snippet:-1, max-image-preview:large, max-video-preview:-1\" \/>\n<link rel=\"canonical\" href=\"https:\/\/marcelolopes.jor.br\/site\/2020\/06\/07\/receita-federal-lanca-aplicativo-cpf-digital\/\" \/>\n<meta property=\"og:locale\" content=\"pt_BR\" \/>\n<meta property=\"og:type\" content=\"article\" \/>\n<meta property=\"og:title\" content=\"Receita Federal lan\u00e7a aplicativo CPF Digital | Marcelo Lopes\" \/>\n<meta property=\"og:description\" content=\"Um dos documentos mais requeridos dos brasileiros agora est\u00e1 dispon\u00edvel na tela do seu celular. A Receita Federal e o Servi\u00e7o Federal de Processamento de Dados (Serpro) lan\u00e7aram o aplicativo CPF Digital.\u00a0O aplicativo pode ser baixado na Google Play (paraLeia mais Receita Federal lan\u00e7a aplicativo CPF Digital\" \/>\n<meta property=\"og:url\" content=\"https:\/\/marcelolopes.jor.br\/site\/2020\/06\/07\/receita-federal-lanca-aplicativo-cpf-digital\/\" \/>\n<meta property=\"og:site_name\" content=\"Marcelo Lopes\" \/>\n<meta property=\"article:publisher\" content=\"https:\/\/www.facebook.com\/sitedomarcelolopes\" \/>\n<meta property=\"article:published_time\" content=\"2020-06-07T22:00:05+00:00\" \/>\n<meta property=\"og:image\" content=\"https:\/\/marcelolopes.jor.br\/site\/wp-content\/uploads\/2020\/06\/n_43285_eafd3244c6ce9ed78d27d31f04c06ffc.jpg\" \/>\n\t<meta property=\"og:image:width\" content=\"800\" \/>\n\t<meta property=\"og:image:height\" content=\"511\" \/>\n\t<meta property=\"og:image:type\" content=\"image\/jpeg\" \/>\n<meta name=\"author\" content=\"Marcelo Lopes\" \/>\n<meta name=\"twitter:card\" content=\"summary_large_image\" \/>\n<meta name=\"twitter:label1\" content=\"Escrito por\" \/>\n\t<meta name=\"twitter:data1\" content=\"Marcelo Lopes\" \/>\n\t<meta name=\"twitter:label2\" content=\"Est. tempo de leitura\" \/>\n\t<meta name=\"twitter:data2\" content=\"2 minutos\" \/>\n<script type=\"application\/ld+json\" class=\"yoast-schema-graph\">{\"@context\":\"https:\\\/\\\/schema.org\",\"@graph\":[{\"@type\":\"NewsArticle\",\"@id\":\"https:\\\/\\\/marcelolopes.jor.br\\\/site\\\/2020\\\/06\\\/07\\\/receita-federal-lanca-aplicativo-cpf-digital\\\/#article\",\"isPartOf\":{\"@id\":\"https:\\\/\\\/marcelolopes.jor.br\\\/site\\\/2020\\\/06\\\/07\\\/receita-federal-lanca-aplicativo-cpf-digital\\\/\"},\"author\":{\"name\":\"Marcelo Lopes\",\"@id\":\"https:\\\/\\\/marcelolopes.jor.br\\\/site\\\/#\\\/schema\\\/person\\\/3e7216a35c34d8fdf952b31da3d1f89f\"},\"headline\":\"Receita Federal lan\u00e7a aplicativo CPF Digital\",\"datePublished\":\"2020-06-07T22:00:05+00:00\",\"mainEntityOfPage\":{\"@id\":\"https:\\\/\\\/marcelolopes.jor.br\\\/site\\\/2020\\\/06\\\/07\\\/receita-federal-lanca-aplicativo-cpf-digital\\\/\"},\"wordCount\":315,\"commentCount\":0,\"publisher\":{\"@id\":\"https:\\\/\\\/marcelolopes.jor.br\\\/site\\\/#organization\"},\"image\":{\"@id\":\"https:\\\/\\\/marcelolopes.jor.br\\\/site\\\/2020\\\/06\\\/07\\\/receita-federal-lanca-aplicativo-cpf-digital\\\/#primaryimage\"},\"thumbnailUrl\":\"https:\\\/\\\/marcelolopes.jor.br\\\/site\\\/wp-content\\\/uploads\\\/2020\\\/06\\\/n_43285_eafd3244c6ce9ed78d27d31f04c06ffc.jpg\",\"keywords\":[\"aplicativo\",\"celular\",\"CPF Digital\",\"Receita Federal\"],\"articleSection\":[\"Not\u00edcias\"],\"inLanguage\":\"pt-BR\",\"potentialAction\":[{\"@type\":\"CommentAction\",\"name\":\"Comment\",\"target\":[\"https:\\\/\\\/marcelolopes.jor.br\\\/site\\\/2020\\\/06\\\/07\\\/receita-federal-lanca-aplicativo-cpf-digital\\\/#respond\"]}]},{\"@type\":\"WebPage\",\"@id\":\"https:\\\/\\\/marcelolopes.jor.br\\\/site\\\/2020\\\/06\\\/07\\\/receita-federal-lanca-aplicativo-cpf-digital\\\/\",\"url\":\"https:\\\/\\\/marcelolopes.jor.br\\\/site\\\/2020\\\/06\\\/07\\\/receita-federal-lanca-aplicativo-cpf-digital\\\/\",\"name\":\"Receita Federal lan\u00e7a aplicativo CPF Digital | Marcelo Lopes\",\"isPartOf\":{\"@id\":\"https:\\\/\\\/marcelolopes.jor.br\\\/site\\\/#website\"},\"primaryImageOfPage\":{\"@id\":\"https:\\\/\\\/marcelolopes.jor.br\\\/site\\\/2020\\\/06\\\/07\\\/receita-federal-lanca-aplicativo-cpf-digital\\\/#primaryimage\"},\"image\":{\"@id\":\"https:\\\/\\\/marcelolopes.jor.br\\\/site\\\/2020\\\/06\\\/07\\\/receita-federal-lanca-aplicativo-cpf-digital\\\/#primaryimage\"},\"thumbnailUrl\":\"https:\\\/\\\/marcelolopes.jor.br\\\/site\\\/wp-content\\\/uploads\\\/2020\\\/06\\\/n_43285_eafd3244c6ce9ed78d27d31f04c06ffc.jpg\",\"datePublished\":\"2020-06-07T22:00:05+00:00\",\"breadcrumb\":{\"@id\":\"https:\\\/\\\/marcelolopes.jor.br\\\/site\\\/2020\\\/06\\\/07\\\/receita-federal-lanca-aplicativo-cpf-digital\\\/#breadcrumb\"},\"inLanguage\":\"pt-BR\",\"potentialAction\":[{\"@type\":\"ReadAction\",\"target\":[\"https:\\\/\\\/marcelolopes.jor.br\\\/site\\\/2020\\\/06\\\/07\\\/receita-federal-lanca-aplicativo-cpf-digital\\\/\"]}]},{\"@type\":\"ImageObject\",\"inLanguage\":\"pt-BR\",\"@id\":\"https:\\\/\\\/marcelolopes.jor.br\\\/site\\\/2020\\\/06\\\/07\\\/receita-federal-lanca-aplicativo-cpf-digital\\\/#primaryimage\",\"url\":\"https:\\\/\\\/marcelolopes.jor.br\\\/site\\\/wp-content\\\/uploads\\\/2020\\\/06\\\/n_43285_eafd3244c6ce9ed78d27d31f04c06ffc.jpg\",\"contentUrl\":\"https:\\\/\\\/marcelolopes.jor.br\\\/site\\\/wp-content\\\/uploads\\\/2020\\\/06\\\/n_43285_eafd3244c6ce9ed78d27d31f04c06ffc.jpg\",\"width\":800,\"height\":511},{\"@type\":\"BreadcrumbList\",\"@id\":\"https:\\\/\\\/marcelolopes.jor.br\\\/site\\\/2020\\\/06\\\/07\\\/receita-federal-lanca-aplicativo-cpf-digital\\\/#breadcrumb\",\"itemListElement\":[{\"@type\":\"ListItem\",\"position\":1,\"name\":\"Home\",\"item\":\"https:\\\/\\\/marcelolopes.jor.br\\\/site\\\/\"},{\"@type\":\"ListItem\",\"position\":2,\"name\":\"Receita Federal lan\u00e7a aplicativo CPF Digital\"}]},{\"@type\":\"WebSite\",\"@id\":\"https:\\\/\\\/marcelolopes.jor.br\\\/site\\\/#website\",\"url\":\"https:\\\/\\\/marcelolopes.jor.br\\\/site\\\/\",\"name\":\"Marcelo Lopes\",\"description\":\"Not\u00edcias de Cataguases e Regi\u00e3o\",\"publisher\":{\"@id\":\"https:\\\/\\\/marcelolopes.jor.br\\\/site\\\/#organization\"},\"potentialAction\":[{\"@type\":\"SearchAction\",\"target\":{\"@type\":\"EntryPoint\",\"urlTemplate\":\"https:\\\/\\\/marcelolopes.jor.br\\\/site\\\/?s={search_term_string}\"},\"query-input\":{\"@type\":\"PropertyValueSpecification\",\"valueRequired\":true,\"valueName\":\"search_term_string\"}}],\"inLanguage\":\"pt-BR\"},{\"@type\":\"Organization\",\"@id\":\"https:\\\/\\\/marcelolopes.jor.br\\\/site\\\/#organization\",\"name\":\"Site do Marcelo Lopes\",\"url\":\"https:\\\/\\\/marcelolopes.jor.br\\\/site\\\/\",\"logo\":{\"@type\":\"ImageObject\",\"inLanguage\":\"pt-BR\",\"@id\":\"https:\\\/\\\/marcelolopes.jor.br\\\/site\\\/#\\\/schema\\\/logo\\\/image\\\/\",\"url\":\"https:\\\/\\\/marcelolopes.jor.br\\\/site\\\/wp-content\\\/uploads\\\/2024\\\/11\\\/logo-1.png\",\"contentUrl\":\"https:\\\/\\\/marcelolopes.jor.br\\\/site\\\/wp-content\\\/uploads\\\/2024\\\/11\\\/logo-1.png\",\"width\":475,\"height\":80,\"caption\":\"Site do Marcelo Lopes\"},\"image\":{\"@id\":\"https:\\\/\\\/marcelolopes.jor.br\\\/site\\\/#\\\/schema\\\/logo\\\/image\\\/\"},\"sameAs\":[\"https:\\\/\\\/www.facebook.com\\\/sitedomarcelolopes\",\"https:\\\/\\\/www.instagram.com\\\/sitedomarcelolopes\\\/\",\"https:\\\/\\\/www.linkedin.com\\\/company\\\/site-do-marcelo-lopes\\\/\",\"https:\\\/\\\/www.youtube.com\\\/user\\\/marcelolopes957\"]},{\"@type\":\"Person\",\"@id\":\"https:\\\/\\\/marcelolopes.jor.br\\\/site\\\/#\\\/schema\\\/person\\\/3e7216a35c34d8fdf952b31da3d1f89f\",\"name\":\"Marcelo Lopes\",\"sameAs\":[\"http:\\\/\\\/www.marcelolopes.jor.br\"],\"url\":\"https:\\\/\\\/marcelolopes.jor.br\\\/site\\\/author\\\/marcelo\\\/\"}]}<\/script>\n<!-- \/ Yoast SEO plugin. -->","yoast_head_json":{"title":"Receita Federal lan\u00e7a aplicativo CPF Digital | Marcelo Lopes","robots":{"index":"index","follow":"follow","max-snippet":"max-snippet:-1","max-image-preview":"max-image-preview:large","max-video-preview":"max-video-preview:-1"},"canonical":"https:\/\/marcelolopes.jor.br\/site\/2020\/06\/07\/receita-federal-lanca-aplicativo-cpf-digital\/","og_locale":"pt_BR","og_type":"article","og_title":"Receita Federal lan\u00e7a aplicativo CPF Digital | Marcelo Lopes","og_description":"Um dos documentos mais requeridos dos brasileiros agora est\u00e1 dispon\u00edvel na tela do seu celular. A Receita Federal e o Servi\u00e7o Federal de Processamento de Dados (Serpro) lan\u00e7aram o aplicativo CPF Digital.\u00a0O aplicativo pode ser baixado na Google Play (paraLeia mais Receita Federal lan\u00e7a aplicativo CPF Digital","og_url":"https:\/\/marcelolopes.jor.br\/site\/2020\/06\/07\/receita-federal-lanca-aplicativo-cpf-digital\/","og_site_name":"Marcelo Lopes","article_publisher":"https:\/\/www.facebook.com\/sitedomarcelolopes","article_published_time":"2020-06-07T22:00:05+00:00","og_image":[{"width":800,"height":511,"url":"https:\/\/marcelolopes.jor.br\/site\/wp-content\/uploads\/2020\/06\/n_43285_eafd3244c6ce9ed78d27d31f04c06ffc.jpg","type":"image\/jpeg"}],"author":"Marcelo Lopes","twitter_card":"summary_large_image","twitter_misc":{"Escrito por":"Marcelo Lopes","Est. tempo de leitura":"2 minutos"},"schema":{"@context":"https:\/\/schema.org","@graph":[{"@type":"NewsArticle","@id":"https:\/\/marcelolopes.jor.br\/site\/2020\/06\/07\/receita-federal-lanca-aplicativo-cpf-digital\/#article","isPartOf":{"@id":"https:\/\/marcelolopes.jor.br\/site\/2020\/06\/07\/receita-federal-lanca-aplicativo-cpf-digital\/"},"author":{"name":"Marcelo Lopes","@id":"https:\/\/marcelolopes.jor.br\/site\/#\/schema\/person\/3e7216a35c34d8fdf952b31da3d1f89f"},"headline":"Receita Federal lan\u00e7a aplicativo CPF Digital","datePublished":"2020-06-07T22:00:05+00:00","mainEntityOfPage":{"@id":"https:\/\/marcelolopes.jor.br\/site\/2020\/06\/07\/receita-federal-lanca-aplicativo-cpf-digital\/"},"wordCount":315,"commentCount":0,"publisher":{"@id":"https:\/\/marcelolopes.jor.br\/site\/#organization"},"image":{"@id":"https:\/\/marcelolopes.jor.br\/site\/2020\/06\/07\/receita-federal-lanca-aplicativo-cpf-digital\/#primaryimage"},"thumbnailUrl":"https:\/\/marcelolopes.jor.br\/site\/wp-content\/uploads\/2020\/06\/n_43285_eafd3244c6ce9ed78d27d31f04c06ffc.jpg","keywords":["aplicativo","celular","CPF Digital","Receita Federal"],"articleSection":["Not\u00edcias"],"inLanguage":"pt-BR","potentialAction":[{"@type":"CommentAction","name":"Comment","target":["https:\/\/marcelolopes.jor.br\/site\/2020\/06\/07\/receita-federal-lanca-aplicativo-cpf-digital\/#respond"]}]},{"@type":"WebPage","@id":"https:\/\/marcelolopes.jor.br\/site\/2020\/06\/07\/receita-federal-lanca-aplicativo-cpf-digital\/","url":"https:\/\/marcelolopes.jor.br\/site\/2020\/06\/07\/receita-federal-lanca-aplicativo-cpf-digital\/","name":"Receita Federal lan\u00e7a aplicativo CPF Digital | Marcelo Lopes","isPartOf":{"@id":"https:\/\/marcelolopes.jor.br\/site\/#website"},"primaryImageOfPage":{"@id":"https:\/\/marcelolopes.jor.br\/site\/2020\/06\/07\/receita-federal-lanca-aplicativo-cpf-digital\/#primaryimage"},"image":{"@id":"https:\/\/marcelolopes.jor.br\/site\/2020\/06\/07\/receita-federal-lanca-aplicativo-cpf-digital\/#primaryimage"},"thumbnailUrl":"https:\/\/marcelolopes.jor.br\/site\/wp-content\/uploads\/2020\/06\/n_43285_eafd3244c6ce9ed78d27d31f04c06ffc.jpg","datePublished":"2020-06-07T22:00:05+00:00","breadcrumb":{"@id":"https:\/\/marcelolopes.jor.br\/site\/2020\/06\/07\/receita-federal-lanca-aplicativo-cpf-digital\/#breadcrumb"},"inLanguage":"pt-BR","potentialAction":[{"@type":"ReadAction","target":["https:\/\/marcelolopes.jor.br\/site\/2020\/06\/07\/receita-federal-lanca-aplicativo-cpf-digital\/"]}]},{"@type":"ImageObject","inLanguage":"pt-BR","@id":"https:\/\/marcelolopes.jor.br\/site\/2020\/06\/07\/receita-federal-lanca-aplicativo-cpf-digital\/#primaryimage","url":"https:\/\/marcelolopes.jor.br\/site\/wp-content\/uploads\/2020\/06\/n_43285_eafd3244c6ce9ed78d27d31f04c06ffc.jpg","contentUrl":"https:\/\/marcelolopes.jor.br\/site\/wp-content\/uploads\/2020\/06\/n_43285_eafd3244c6ce9ed78d27d31f04c06ffc.jpg","width":800,"height":511},{"@type":"BreadcrumbList","@id":"https:\/\/marcelolopes.jor.br\/site\/2020\/06\/07\/receita-federal-lanca-aplicativo-cpf-digital\/#breadcrumb","itemListElement":[{"@type":"ListItem","position":1,"name":"Home","item":"https:\/\/marcelolopes.jor.br\/site\/"},{"@type":"ListItem","position":2,"name":"Receita Federal lan\u00e7a aplicativo CPF Digital"}]},{"@type":"WebSite","@id":"https:\/\/marcelolopes.jor.br\/site\/#website","url":"https:\/\/marcelolopes.jor.br\/site\/","name":"Marcelo Lopes","description":"Not\u00edcias de Cataguases e Regi\u00e3o","publisher":{"@id":"https:\/\/marcelolopes.jor.br\/site\/#organization"},"potentialAction":[{"@type":"SearchAction","target":{"@type":"EntryPoint","urlTemplate":"https:\/\/marcelolopes.jor.br\/site\/?s={search_term_string}"},"query-input":{"@type":"PropertyValueSpecification","valueRequired":true,"valueName":"search_term_string"}}],"inLanguage":"pt-BR"},{"@type":"Organization","@id":"https:\/\/marcelolopes.jor.br\/site\/#organization","name":"Site do Marcelo Lopes","url":"https:\/\/marcelolopes.jor.br\/site\/","logo":{"@type":"ImageObject","inLanguage":"pt-BR","@id":"https:\/\/marcelolopes.jor.br\/site\/#\/schema\/logo\/image\/","url":"https:\/\/marcelolopes.jor.br\/site\/wp-content\/uploads\/2024\/11\/logo-1.png","contentUrl":"https:\/\/marcelolopes.jor.br\/site\/wp-content\/uploads\/2024\/11\/logo-1.png","width":475,"height":80,"caption":"Site do Marcelo Lopes"},"image":{"@id":"https:\/\/marcelolopes.jor.br\/site\/#\/schema\/logo\/image\/"},"sameAs":["https:\/\/www.facebook.com\/sitedomarcelolopes","https:\/\/www.instagram.com\/sitedomarcelolopes\/","https:\/\/www.linkedin.com\/company\/site-do-marcelo-lopes\/","https:\/\/www.youtube.com\/user\/marcelolopes957"]},{"@type":"Person","@id":"https:\/\/marcelolopes.jor.br\/site\/#\/schema\/person\/3e7216a35c34d8fdf952b31da3d1f89f","name":"Marcelo Lopes","sameAs":["http:\/\/www.marcelolopes.jor.br"],"url":"https:\/\/marcelolopes.jor.br\/site\/author\/marcelo\/"}]}},"wps_subtitle":"Ferramenta tamb\u00e9m tira d\u00favidas sobre Imposto de Renda","_links":{"self":[{"href":"https:\/\/marcelolopes.jor.br\/site\/wp-json\/wp\/v2\/posts\/14843","targetHints":{"allow":["GET"]}}],"collection":[{"href":"https:\/\/marcelolopes.jor.br\/site\/wp-json\/wp\/v2\/posts"}],"about":[{"href":"https:\/\/marcelolopes.jor.br\/site\/wp-json\/wp\/v2\/types\/post"}],"author":[{"embeddable":true,"href":"https:\/\/marcelolopes.jor.br\/site\/wp-json\/wp\/v2\/users\/2"}],"replies":[{"embeddable":true,"href":"https:\/\/marcelolopes.jor.br\/site\/wp-json\/wp\/v2\/comments?post=14843"}],"version-history":[{"count":0,"href":"https:\/\/marcelolopes.jor.br\/site\/wp-json\/wp\/v2\/posts\/14843\/revisions"}],"wp:featuredmedia":[{"embeddable":true,"href":"https:\/\/marcelolopes.jor.br\/site\/wp-json\/wp\/v2\/media\/14845"}],"wp:attachment":[{"href":"https:\/\/marcelolopes.jor.br\/site\/wp-json\/wp\/v2\/media?parent=14843"}],"wp:term":[{"taxonomy":"category","embeddable":true,"href":"https:\/\/marcelolopes.jor.br\/site\/wp-json\/wp\/v2\/categories?post=14843"},{"taxonomy":"post_tag","embeddable":true,"href":"https:\/\/marcelolopes.jor.br\/site\/wp-json\/wp\/v2\/tags?post=14843"}],"curies":[{"name":"wp","href":"https:\/\/api.w.org\/{rel}","templated":true}]}}