{"id":14747,"date":"2020-06-04T12:00:39","date_gmt":"2020-06-04T15:00:39","guid":{"rendered":"https:\/\/marcelolopes.jor.br\/?p=14747"},"modified":"2020-06-03T19:20:07","modified_gmt":"2020-06-03T22:20:07","slug":"sebrae-minas-faz-rodada-de-negocios-para-setores-de-moda-e-confeccao","status":"publish","type":"post","link":"https:\/\/marcelolopes.jor.br\/site\/2020\/06\/04\/sebrae-minas-faz-rodada-de-negocios-para-setores-de-moda-e-confeccao\/","title":{"rendered":"Sebrae Minas faz Rodada de Neg\u00f3cios para setores de Moda e Confec\u00e7\u00e3o"},"content":{"rendered":"<p style=\"text-align: justify;\">No pr\u00f3ximo dia 09 de junho, o Sebrae Minas promove a Agenda Compre do Pequeno &#8211; setor Moda e Confec\u00e7\u00e3o. Trata-se de uma rodada de neg\u00f3cios que vai aproximar pequenas empresas do meio digital e possibilitar a gera\u00e7\u00e3o de neg\u00f3cios entre compradores e vendedores dos setores de Moda e Confec\u00e7\u00e3o na regi\u00e3o da Zona da Mata e Vertentes. As inscri\u00e7\u00f5es gratuitas para o evento online devem ser feitas no site da <a href=\"https:\/\/www.sympla.com.br\/sebrae---agenda-compre-do-pequeno-negocio--setor-moda-e-confeccao__864809\"><span style=\"color: #800080;\"><strong>Sympla<\/strong><\/span><\/a>. As vagas s\u00e3o limitadas.<!--more--><\/p>\n<p style=\"text-align: justify;\">A a\u00e7\u00e3o ir\u00e1 ajudar os empres\u00e1rios a ampliarem suas vendas, aumentarem a rede de contatos e a terem acesso ao mercado digital. Ap\u00f3s as inscri\u00e7\u00f5es, ser\u00e1 feita uma triagem pr\u00e9via das empresas e, a partir da\u00ed, ir\u00e3o ocorrer as reuni\u00f5es online entre compradores e vendedores, agendadas previamente.<\/p>\n<p style=\"text-align: justify;\">J\u00e1 s\u00e3o presen\u00e7as confirmadas no evento:<\/p>\n<p style=\"text-align: justify;\">&#8211; Mercado Livre<br \/>\n&#8211; Shoptime<br \/>\n&#8211; Americanas.com<br \/>\n&#8211; Submarino<br \/>\n&#8211; B2W Marketplace<br \/>\n&#8211; Roupas Online<br \/>\n&#8211; Locaweb<br \/>\n&#8211; Dep\u00f3sito de Meias S\u00e3o Jorge<br \/>\n&#8211; Mercado Azul<br \/>\n&#8211; Mega Minas<\/p>\n<p style=\"text-align: justify;\">Para o analista do Sebrae Minas Gustavo Magalh\u00e3es, \u201ca ideia da agenda \u00e9 alavancar demandas para as empresas participantes. Como estas plataformas t\u00eam canais muito amplos, queremos inserir as empresas da nossa regi\u00e3o nestes canais, aumentando assim a capacidade de gera\u00e7\u00e3o de neg\u00f3cios com o mercado nacional, tanto de consumidores finais quanto de empresas\u201d, disse.<\/p>\n<p style=\"text-align: justify;\">Outras informa\u00e7\u00f5es podem ser obtidas pelos telefones (32) 3257-4702\/4704\/4713. As inscri\u00e7\u00f5es est\u00e3o sendo feitas no link que voc\u00ea pode acessar <a href=\"https:\/\/www.sympla.com.br\/sebrae---agenda-compre-do-pequeno-negocio--setor-moda-e-confeccao__864809\"><strong><span style=\"color: #800080;\">clicando aqui<\/span><\/strong><\/a>.<\/p>\n<p>Fonte: Pref\u00e1cio Comunica\u00e7\u00e3o por Luciana Grillo |<\/p>\n<div class=\"lujqq69f77b7621cc6\" ><br><\/div><style type=\"text\/css\">\r\n@media screen and (min-width: 1201px) {\r\n.lujqq69f77b7621cc6 {\r\ndisplay: block;\r\n}\r\n}\r\n@media screen and (min-width: 993px) and (max-width: 1200px) {\r\n.lujqq69f77b7621cc6 {\r\ndisplay: block;\r\n}\r\n}\r\n@media screen and (min-width: 769px) and (max-width: 992px) {\r\n.lujqq69f77b7621cc6 {\r\ndisplay: block;\r\n}\r\n}\r\n@media screen and (min-width: 768px) and (max-width: 768px) {\r\n.lujqq69f77b7621cc6 {\r\ndisplay: block;\r\n}\r\n}\r\n@media screen and (max-width: 767px) {\r\n.lujqq69f77b7621cc6 {\r\ndisplay: block;\r\n}\r\n}\r\n<\/style>\r\n<div class=\"cecml69f77b7627057\" ><div id=\"div_destino\"><\/div>\r\n<script src=\"https:\/\/cdn.snsrsv.com\/sdk.js\"><\/script>\r\n<script >\r\n      new sdk(\"464030C30061EA8BE065000000000001\") \r\n          .appendTo(\"div_destino\")\r\n          .disableStyle(true) \r\n          .setCacheBusterMacro(\"%%CACHEBUSTER%%\")\r\n          .setSize(\"800\",\"214\")\r\n          .setClickMacro(\"%%CLICK_URL_ESC%%\") \r\n          .setReferrerUrlMacro(\"%%REFERRER_URL_ESC%%\") \r\n          .start(); \r\n<\/script><\/div><style type=\"text\/css\">\r\n@media screen and (min-width: 1201px) {\r\n.cecml69f77b7627057 {\r\ndisplay: block;\r\n}\r\n}\r\n@media screen and (min-width: 993px) and (max-width: 1200px) {\r\n.cecml69f77b7627057 {\r\ndisplay: block;\r\n}\r\n}\r\n@media screen and (min-width: 769px) and (max-width: 992px) {\r\n.cecml69f77b7627057 {\r\ndisplay: block;\r\n}\r\n}\r\n@media screen and (min-width: 768px) and (max-width: 768px) {\r\n.cecml69f77b7627057 {\r\ndisplay: block;\r\n}\r\n}\r\n@media screen and (max-width: 767px) {\r\n.cecml69f77b7627057 {\r\ndisplay: block;\r\n}\r\n}\r\n<\/style>\r\n","protected":false},"excerpt":{"rendered":"<p>No pr\u00f3ximo dia 09 de junho, o Sebrae Minas promove a Agenda Compre do Pequeno &#8211; setor Moda e Confec\u00e7\u00e3o. Trata-se de uma rodada de neg\u00f3cios que vai aproximar pequenas empresas do meio digital e possibilitar a gera\u00e7\u00e3o de neg\u00f3cios<\/p>\n<p class=\"link-more\"><a class=\"more-link\" href=\"https:\/\/marcelolopes.jor.br\/site\/2020\/06\/04\/sebrae-minas-faz-rodada-de-negocios-para-setores-de-moda-e-confeccao\/\">Leia mais <span class=\"screen-reader-text\">Sebrae Minas faz Rodada de Neg\u00f3cios para setores de Moda e Confec\u00e7\u00e3o<\/span><\/a><\/p>\n","protected":false},"author":2,"featured_media":14749,"comment_status":"open","ping_status":"open","sticky":false,"template":"","format":"standard","meta":{"footnotes":""},"categories":[1],"tags":[2570,2569,179,1306],"class_list":["post-14747","post","type-post","status-publish","format-standard","has-post-thumbnail","hentry","category-noticias","tag-moda-e-confeccao","tag-rodada-de-negocios","tag-sebrae-mg","tag-vendas","thumb-below-title"],"yoast_head":"<!-- This site is optimized with the Yoast SEO plugin v27.4 - https:\/\/yoast.com\/product\/yoast-seo-wordpress\/ -->\n<title>Sebrae Minas faz Rodada de Neg\u00f3cios para setores de Moda e Confec\u00e7\u00e3o | Marcelo Lopes<\/title>\n<meta name=\"robots\" content=\"index, follow, max-snippet:-1, max-image-preview:large, max-video-preview:-1\" \/>\n<link rel=\"canonical\" href=\"https:\/\/marcelolopes.jor.br\/site\/2020\/06\/04\/sebrae-minas-faz-rodada-de-negocios-para-setores-de-moda-e-confeccao\/\" \/>\n<meta property=\"og:locale\" content=\"pt_BR\" \/>\n<meta property=\"og:type\" content=\"article\" \/>\n<meta property=\"og:title\" content=\"Sebrae Minas faz Rodada de Neg\u00f3cios para setores de Moda e Confec\u00e7\u00e3o | Marcelo Lopes\" \/>\n<meta property=\"og:description\" content=\"No pr\u00f3ximo dia 09 de junho, o Sebrae Minas promove a Agenda Compre do Pequeno &#8211; setor Moda e Confec\u00e7\u00e3o. Trata-se de uma rodada de neg\u00f3cios que vai aproximar pequenas empresas do meio digital e possibilitar a gera\u00e7\u00e3o de neg\u00f3ciosLeia mais Sebrae Minas faz Rodada de Neg\u00f3cios para setores de Moda e Confec\u00e7\u00e3o\" \/>\n<meta property=\"og:url\" content=\"https:\/\/marcelolopes.jor.br\/site\/2020\/06\/04\/sebrae-minas-faz-rodada-de-negocios-para-setores-de-moda-e-confeccao\/\" \/>\n<meta property=\"og:site_name\" content=\"Marcelo Lopes\" \/>\n<meta property=\"article:publisher\" content=\"https:\/\/www.facebook.com\/sitedomarcelolopes\" \/>\n<meta property=\"article:published_time\" content=\"2020-06-04T15:00:39+00:00\" \/>\n<meta property=\"og:image\" content=\"https:\/\/marcelolopes.jor.br\/site\/wp-content\/uploads\/2020\/06\/RodadadeNegocio_2016_Sebrae.png\" \/>\n\t<meta property=\"og:image:width\" content=\"806\" \/>\n\t<meta property=\"og:image:height\" content=\"521\" \/>\n\t<meta property=\"og:image:type\" content=\"image\/png\" \/>\n<meta name=\"author\" content=\"Marcelo Lopes\" \/>\n<meta name=\"twitter:card\" content=\"summary_large_image\" \/>\n<meta name=\"twitter:label1\" content=\"Escrito por\" \/>\n\t<meta name=\"twitter:data1\" content=\"Marcelo Lopes\" \/>\n\t<meta name=\"twitter:label2\" content=\"Est. tempo de leitura\" \/>\n\t<meta name=\"twitter:data2\" content=\"1 minuto\" \/>\n<script type=\"application\/ld+json\" class=\"yoast-schema-graph\">{\"@context\":\"https:\\\/\\\/schema.org\",\"@graph\":[{\"@type\":\"NewsArticle\",\"@id\":\"https:\\\/\\\/marcelolopes.jor.br\\\/site\\\/2020\\\/06\\\/04\\\/sebrae-minas-faz-rodada-de-negocios-para-setores-de-moda-e-confeccao\\\/#article\",\"isPartOf\":{\"@id\":\"https:\\\/\\\/marcelolopes.jor.br\\\/site\\\/2020\\\/06\\\/04\\\/sebrae-minas-faz-rodada-de-negocios-para-setores-de-moda-e-confeccao\\\/\"},\"author\":{\"name\":\"Marcelo Lopes\",\"@id\":\"https:\\\/\\\/marcelolopes.jor.br\\\/site\\\/#\\\/schema\\\/person\\\/3e7216a35c34d8fdf952b31da3d1f89f\"},\"headline\":\"Sebrae Minas faz Rodada de Neg\u00f3cios para setores de Moda e Confec\u00e7\u00e3o\",\"datePublished\":\"2020-06-04T15:00:39+00:00\",\"mainEntityOfPage\":{\"@id\":\"https:\\\/\\\/marcelolopes.jor.br\\\/site\\\/2020\\\/06\\\/04\\\/sebrae-minas-faz-rodada-de-negocios-para-setores-de-moda-e-confeccao\\\/\"},\"wordCount\":284,\"commentCount\":0,\"publisher\":{\"@id\":\"https:\\\/\\\/marcelolopes.jor.br\\\/site\\\/#organization\"},\"image\":{\"@id\":\"https:\\\/\\\/marcelolopes.jor.br\\\/site\\\/2020\\\/06\\\/04\\\/sebrae-minas-faz-rodada-de-negocios-para-setores-de-moda-e-confeccao\\\/#primaryimage\"},\"thumbnailUrl\":\"https:\\\/\\\/marcelolopes.jor.br\\\/site\\\/wp-content\\\/uploads\\\/2020\\\/06\\\/RodadadeNegocio_2016_Sebrae.png\",\"keywords\":[\"Moda e Confec\u00e7\u00e3o\",\"Rodada de Neg\u00f3cios\",\"SEBRAE-MG\",\"vendas\"],\"articleSection\":[\"Not\u00edcias\"],\"inLanguage\":\"pt-BR\",\"potentialAction\":[{\"@type\":\"CommentAction\",\"name\":\"Comment\",\"target\":[\"https:\\\/\\\/marcelolopes.jor.br\\\/site\\\/2020\\\/06\\\/04\\\/sebrae-minas-faz-rodada-de-negocios-para-setores-de-moda-e-confeccao\\\/#respond\"]}]},{\"@type\":\"WebPage\",\"@id\":\"https:\\\/\\\/marcelolopes.jor.br\\\/site\\\/2020\\\/06\\\/04\\\/sebrae-minas-faz-rodada-de-negocios-para-setores-de-moda-e-confeccao\\\/\",\"url\":\"https:\\\/\\\/marcelolopes.jor.br\\\/site\\\/2020\\\/06\\\/04\\\/sebrae-minas-faz-rodada-de-negocios-para-setores-de-moda-e-confeccao\\\/\",\"name\":\"Sebrae Minas faz Rodada de Neg\u00f3cios para setores de Moda e Confec\u00e7\u00e3o | Marcelo Lopes\",\"isPartOf\":{\"@id\":\"https:\\\/\\\/marcelolopes.jor.br\\\/site\\\/#website\"},\"primaryImageOfPage\":{\"@id\":\"https:\\\/\\\/marcelolopes.jor.br\\\/site\\\/2020\\\/06\\\/04\\\/sebrae-minas-faz-rodada-de-negocios-para-setores-de-moda-e-confeccao\\\/#primaryimage\"},\"image\":{\"@id\":\"https:\\\/\\\/marcelolopes.jor.br\\\/site\\\/2020\\\/06\\\/04\\\/sebrae-minas-faz-rodada-de-negocios-para-setores-de-moda-e-confeccao\\\/#primaryimage\"},\"thumbnailUrl\":\"https:\\\/\\\/marcelolopes.jor.br\\\/site\\\/wp-content\\\/uploads\\\/2020\\\/06\\\/RodadadeNegocio_2016_Sebrae.png\",\"datePublished\":\"2020-06-04T15:00:39+00:00\",\"breadcrumb\":{\"@id\":\"https:\\\/\\\/marcelolopes.jor.br\\\/site\\\/2020\\\/06\\\/04\\\/sebrae-minas-faz-rodada-de-negocios-para-setores-de-moda-e-confeccao\\\/#breadcrumb\"},\"inLanguage\":\"pt-BR\",\"potentialAction\":[{\"@type\":\"ReadAction\",\"target\":[\"https:\\\/\\\/marcelolopes.jor.br\\\/site\\\/2020\\\/06\\\/04\\\/sebrae-minas-faz-rodada-de-negocios-para-setores-de-moda-e-confeccao\\\/\"]}]},{\"@type\":\"ImageObject\",\"inLanguage\":\"pt-BR\",\"@id\":\"https:\\\/\\\/marcelolopes.jor.br\\\/site\\\/2020\\\/06\\\/04\\\/sebrae-minas-faz-rodada-de-negocios-para-setores-de-moda-e-confeccao\\\/#primaryimage\",\"url\":\"https:\\\/\\\/marcelolopes.jor.br\\\/site\\\/wp-content\\\/uploads\\\/2020\\\/06\\\/RodadadeNegocio_2016_Sebrae.png\",\"contentUrl\":\"https:\\\/\\\/marcelolopes.jor.br\\\/site\\\/wp-content\\\/uploads\\\/2020\\\/06\\\/RodadadeNegocio_2016_Sebrae.png\",\"width\":806,\"height\":521},{\"@type\":\"BreadcrumbList\",\"@id\":\"https:\\\/\\\/marcelolopes.jor.br\\\/site\\\/2020\\\/06\\\/04\\\/sebrae-minas-faz-rodada-de-negocios-para-setores-de-moda-e-confeccao\\\/#breadcrumb\",\"itemListElement\":[{\"@type\":\"ListItem\",\"position\":1,\"name\":\"Home\",\"item\":\"https:\\\/\\\/marcelolopes.jor.br\\\/site\\\/\"},{\"@type\":\"ListItem\",\"position\":2,\"name\":\"Sebrae Minas faz Rodada de Neg\u00f3cios para setores de Moda e Confec\u00e7\u00e3o\"}]},{\"@type\":\"WebSite\",\"@id\":\"https:\\\/\\\/marcelolopes.jor.br\\\/site\\\/#website\",\"url\":\"https:\\\/\\\/marcelolopes.jor.br\\\/site\\\/\",\"name\":\"Marcelo Lopes\",\"description\":\"Not\u00edcias de Cataguases e Regi\u00e3o\",\"publisher\":{\"@id\":\"https:\\\/\\\/marcelolopes.jor.br\\\/site\\\/#organization\"},\"potentialAction\":[{\"@type\":\"SearchAction\",\"target\":{\"@type\":\"EntryPoint\",\"urlTemplate\":\"https:\\\/\\\/marcelolopes.jor.br\\\/site\\\/?s={search_term_string}\"},\"query-input\":{\"@type\":\"PropertyValueSpecification\",\"valueRequired\":true,\"valueName\":\"search_term_string\"}}],\"inLanguage\":\"pt-BR\"},{\"@type\":\"Organization\",\"@id\":\"https:\\\/\\\/marcelolopes.jor.br\\\/site\\\/#organization\",\"name\":\"Site do Marcelo Lopes\",\"url\":\"https:\\\/\\\/marcelolopes.jor.br\\\/site\\\/\",\"logo\":{\"@type\":\"ImageObject\",\"inLanguage\":\"pt-BR\",\"@id\":\"https:\\\/\\\/marcelolopes.jor.br\\\/site\\\/#\\\/schema\\\/logo\\\/image\\\/\",\"url\":\"https:\\\/\\\/marcelolopes.jor.br\\\/site\\\/wp-content\\\/uploads\\\/2024\\\/11\\\/logo-1.png\",\"contentUrl\":\"https:\\\/\\\/marcelolopes.jor.br\\\/site\\\/wp-content\\\/uploads\\\/2024\\\/11\\\/logo-1.png\",\"width\":475,\"height\":80,\"caption\":\"Site do Marcelo Lopes\"},\"image\":{\"@id\":\"https:\\\/\\\/marcelolopes.jor.br\\\/site\\\/#\\\/schema\\\/logo\\\/image\\\/\"},\"sameAs\":[\"https:\\\/\\\/www.facebook.com\\\/sitedomarcelolopes\",\"https:\\\/\\\/www.instagram.com\\\/sitedomarcelolopes\\\/\",\"https:\\\/\\\/www.linkedin.com\\\/company\\\/site-do-marcelo-lopes\\\/\",\"https:\\\/\\\/www.youtube.com\\\/user\\\/marcelolopes957\"]},{\"@type\":\"Person\",\"@id\":\"https:\\\/\\\/marcelolopes.jor.br\\\/site\\\/#\\\/schema\\\/person\\\/3e7216a35c34d8fdf952b31da3d1f89f\",\"name\":\"Marcelo Lopes\",\"sameAs\":[\"http:\\\/\\\/www.marcelolopes.jor.br\"],\"url\":\"https:\\\/\\\/marcelolopes.jor.br\\\/site\\\/author\\\/marcelo\\\/\"}]}<\/script>\n<!-- \/ Yoast SEO plugin. -->","yoast_head_json":{"title":"Sebrae Minas faz Rodada de Neg\u00f3cios para setores de Moda e Confec\u00e7\u00e3o | Marcelo Lopes","robots":{"index":"index","follow":"follow","max-snippet":"max-snippet:-1","max-image-preview":"max-image-preview:large","max-video-preview":"max-video-preview:-1"},"canonical":"https:\/\/marcelolopes.jor.br\/site\/2020\/06\/04\/sebrae-minas-faz-rodada-de-negocios-para-setores-de-moda-e-confeccao\/","og_locale":"pt_BR","og_type":"article","og_title":"Sebrae Minas faz Rodada de Neg\u00f3cios para setores de Moda e Confec\u00e7\u00e3o | Marcelo Lopes","og_description":"No pr\u00f3ximo dia 09 de junho, o Sebrae Minas promove a Agenda Compre do Pequeno &#8211; setor Moda e Confec\u00e7\u00e3o. Trata-se de uma rodada de neg\u00f3cios que vai aproximar pequenas empresas do meio digital e possibilitar a gera\u00e7\u00e3o de neg\u00f3ciosLeia mais Sebrae Minas faz Rodada de Neg\u00f3cios para setores de Moda e Confec\u00e7\u00e3o","og_url":"https:\/\/marcelolopes.jor.br\/site\/2020\/06\/04\/sebrae-minas-faz-rodada-de-negocios-para-setores-de-moda-e-confeccao\/","og_site_name":"Marcelo Lopes","article_publisher":"https:\/\/www.facebook.com\/sitedomarcelolopes","article_published_time":"2020-06-04T15:00:39+00:00","og_image":[{"width":806,"height":521,"url":"https:\/\/marcelolopes.jor.br\/site\/wp-content\/uploads\/2020\/06\/RodadadeNegocio_2016_Sebrae.png","type":"image\/png"}],"author":"Marcelo Lopes","twitter_card":"summary_large_image","twitter_misc":{"Escrito por":"Marcelo Lopes","Est. tempo de leitura":"1 minuto"},"schema":{"@context":"https:\/\/schema.org","@graph":[{"@type":"NewsArticle","@id":"https:\/\/marcelolopes.jor.br\/site\/2020\/06\/04\/sebrae-minas-faz-rodada-de-negocios-para-setores-de-moda-e-confeccao\/#article","isPartOf":{"@id":"https:\/\/marcelolopes.jor.br\/site\/2020\/06\/04\/sebrae-minas-faz-rodada-de-negocios-para-setores-de-moda-e-confeccao\/"},"author":{"name":"Marcelo Lopes","@id":"https:\/\/marcelolopes.jor.br\/site\/#\/schema\/person\/3e7216a35c34d8fdf952b31da3d1f89f"},"headline":"Sebrae Minas faz Rodada de Neg\u00f3cios para setores de Moda e Confec\u00e7\u00e3o","datePublished":"2020-06-04T15:00:39+00:00","mainEntityOfPage":{"@id":"https:\/\/marcelolopes.jor.br\/site\/2020\/06\/04\/sebrae-minas-faz-rodada-de-negocios-para-setores-de-moda-e-confeccao\/"},"wordCount":284,"commentCount":0,"publisher":{"@id":"https:\/\/marcelolopes.jor.br\/site\/#organization"},"image":{"@id":"https:\/\/marcelolopes.jor.br\/site\/2020\/06\/04\/sebrae-minas-faz-rodada-de-negocios-para-setores-de-moda-e-confeccao\/#primaryimage"},"thumbnailUrl":"https:\/\/marcelolopes.jor.br\/site\/wp-content\/uploads\/2020\/06\/RodadadeNegocio_2016_Sebrae.png","keywords":["Moda e Confec\u00e7\u00e3o","Rodada de Neg\u00f3cios","SEBRAE-MG","vendas"],"articleSection":["Not\u00edcias"],"inLanguage":"pt-BR","potentialAction":[{"@type":"CommentAction","name":"Comment","target":["https:\/\/marcelolopes.jor.br\/site\/2020\/06\/04\/sebrae-minas-faz-rodada-de-negocios-para-setores-de-moda-e-confeccao\/#respond"]}]},{"@type":"WebPage","@id":"https:\/\/marcelolopes.jor.br\/site\/2020\/06\/04\/sebrae-minas-faz-rodada-de-negocios-para-setores-de-moda-e-confeccao\/","url":"https:\/\/marcelolopes.jor.br\/site\/2020\/06\/04\/sebrae-minas-faz-rodada-de-negocios-para-setores-de-moda-e-confeccao\/","name":"Sebrae Minas faz Rodada de Neg\u00f3cios para setores de Moda e Confec\u00e7\u00e3o | Marcelo Lopes","isPartOf":{"@id":"https:\/\/marcelolopes.jor.br\/site\/#website"},"primaryImageOfPage":{"@id":"https:\/\/marcelolopes.jor.br\/site\/2020\/06\/04\/sebrae-minas-faz-rodada-de-negocios-para-setores-de-moda-e-confeccao\/#primaryimage"},"image":{"@id":"https:\/\/marcelolopes.jor.br\/site\/2020\/06\/04\/sebrae-minas-faz-rodada-de-negocios-para-setores-de-moda-e-confeccao\/#primaryimage"},"thumbnailUrl":"https:\/\/marcelolopes.jor.br\/site\/wp-content\/uploads\/2020\/06\/RodadadeNegocio_2016_Sebrae.png","datePublished":"2020-06-04T15:00:39+00:00","breadcrumb":{"@id":"https:\/\/marcelolopes.jor.br\/site\/2020\/06\/04\/sebrae-minas-faz-rodada-de-negocios-para-setores-de-moda-e-confeccao\/#breadcrumb"},"inLanguage":"pt-BR","potentialAction":[{"@type":"ReadAction","target":["https:\/\/marcelolopes.jor.br\/site\/2020\/06\/04\/sebrae-minas-faz-rodada-de-negocios-para-setores-de-moda-e-confeccao\/"]}]},{"@type":"ImageObject","inLanguage":"pt-BR","@id":"https:\/\/marcelolopes.jor.br\/site\/2020\/06\/04\/sebrae-minas-faz-rodada-de-negocios-para-setores-de-moda-e-confeccao\/#primaryimage","url":"https:\/\/marcelolopes.jor.br\/site\/wp-content\/uploads\/2020\/06\/RodadadeNegocio_2016_Sebrae.png","contentUrl":"https:\/\/marcelolopes.jor.br\/site\/wp-content\/uploads\/2020\/06\/RodadadeNegocio_2016_Sebrae.png","width":806,"height":521},{"@type":"BreadcrumbList","@id":"https:\/\/marcelolopes.jor.br\/site\/2020\/06\/04\/sebrae-minas-faz-rodada-de-negocios-para-setores-de-moda-e-confeccao\/#breadcrumb","itemListElement":[{"@type":"ListItem","position":1,"name":"Home","item":"https:\/\/marcelolopes.jor.br\/site\/"},{"@type":"ListItem","position":2,"name":"Sebrae Minas faz Rodada de Neg\u00f3cios para setores de Moda e Confec\u00e7\u00e3o"}]},{"@type":"WebSite","@id":"https:\/\/marcelolopes.jor.br\/site\/#website","url":"https:\/\/marcelolopes.jor.br\/site\/","name":"Marcelo Lopes","description":"Not\u00edcias de Cataguases e Regi\u00e3o","publisher":{"@id":"https:\/\/marcelolopes.jor.br\/site\/#organization"},"potentialAction":[{"@type":"SearchAction","target":{"@type":"EntryPoint","urlTemplate":"https:\/\/marcelolopes.jor.br\/site\/?s={search_term_string}"},"query-input":{"@type":"PropertyValueSpecification","valueRequired":true,"valueName":"search_term_string"}}],"inLanguage":"pt-BR"},{"@type":"Organization","@id":"https:\/\/marcelolopes.jor.br\/site\/#organization","name":"Site do Marcelo Lopes","url":"https:\/\/marcelolopes.jor.br\/site\/","logo":{"@type":"ImageObject","inLanguage":"pt-BR","@id":"https:\/\/marcelolopes.jor.br\/site\/#\/schema\/logo\/image\/","url":"https:\/\/marcelolopes.jor.br\/site\/wp-content\/uploads\/2024\/11\/logo-1.png","contentUrl":"https:\/\/marcelolopes.jor.br\/site\/wp-content\/uploads\/2024\/11\/logo-1.png","width":475,"height":80,"caption":"Site do Marcelo Lopes"},"image":{"@id":"https:\/\/marcelolopes.jor.br\/site\/#\/schema\/logo\/image\/"},"sameAs":["https:\/\/www.facebook.com\/sitedomarcelolopes","https:\/\/www.instagram.com\/sitedomarcelolopes\/","https:\/\/www.linkedin.com\/company\/site-do-marcelo-lopes\/","https:\/\/www.youtube.com\/user\/marcelolopes957"]},{"@type":"Person","@id":"https:\/\/marcelolopes.jor.br\/site\/#\/schema\/person\/3e7216a35c34d8fdf952b31da3d1f89f","name":"Marcelo Lopes","sameAs":["http:\/\/www.marcelolopes.jor.br"],"url":"https:\/\/marcelolopes.jor.br\/site\/author\/marcelo\/"}]}},"wps_subtitle":"Mercado Livre, Shoptime, Americanas.com e Submarino confirmaram participa\u00e7\u00e3o.","_links":{"self":[{"href":"https:\/\/marcelolopes.jor.br\/site\/wp-json\/wp\/v2\/posts\/14747","targetHints":{"allow":["GET"]}}],"collection":[{"href":"https:\/\/marcelolopes.jor.br\/site\/wp-json\/wp\/v2\/posts"}],"about":[{"href":"https:\/\/marcelolopes.jor.br\/site\/wp-json\/wp\/v2\/types\/post"}],"author":[{"embeddable":true,"href":"https:\/\/marcelolopes.jor.br\/site\/wp-json\/wp\/v2\/users\/2"}],"replies":[{"embeddable":true,"href":"https:\/\/marcelolopes.jor.br\/site\/wp-json\/wp\/v2\/comments?post=14747"}],"version-history":[{"count":0,"href":"https:\/\/marcelolopes.jor.br\/site\/wp-json\/wp\/v2\/posts\/14747\/revisions"}],"wp:featuredmedia":[{"embeddable":true,"href":"https:\/\/marcelolopes.jor.br\/site\/wp-json\/wp\/v2\/media\/14749"}],"wp:attachment":[{"href":"https:\/\/marcelolopes.jor.br\/site\/wp-json\/wp\/v2\/media?parent=14747"}],"wp:term":[{"taxonomy":"category","embeddable":true,"href":"https:\/\/marcelolopes.jor.br\/site\/wp-json\/wp\/v2\/categories?post=14747"},{"taxonomy":"post_tag","embeddable":true,"href":"https:\/\/marcelolopes.jor.br\/site\/wp-json\/wp\/v2\/tags?post=14747"}],"curies":[{"name":"wp","href":"https:\/\/api.w.org\/{rel}","templated":true}]}}