{"id":14718,"date":"2020-06-02T16:00:50","date_gmt":"2020-06-02T19:00:50","guid":{"rendered":"https:\/\/marcelolopes.jor.br\/?p=14718"},"modified":"2020-06-02T11:17:00","modified_gmt":"2020-06-02T14:17:00","slug":"instituto-votorantim-doa-epis-para-combate-ao-novo-coronavirus","status":"publish","type":"post","link":"https:\/\/marcelolopes.jor.br\/site\/2020\/06\/02\/instituto-votorantim-doa-epis-para-combate-ao-novo-coronavirus\/","title":{"rendered":"Instituto Votorantim doa EPI`s para combate ao novo coronav\u00edrus"},"content":{"rendered":"<p style=\"text-align: justify;\">Entre os dias 28 de maio e 1\u00ba de junho, as Secretarias Municipais de Sa\u00fade e hospitais de Itamarati de Minas, Mira\u00ed, Muria\u00e9, Ros\u00e1rio da Limeira e S\u00e3o Sebasti\u00e3o da Vargem Alegre foram contempladas com um refor\u00e7o para o combate ao coronav\u00edrus: receberam as doa\u00e7\u00f5es de Equipamentos de Prote\u00e7\u00e3o Individual (EPI), fruto do investimento social de R$ 150 milh\u00f5es feito pelo Instituto Votorantim, em uma iniciativa conjunta com BP \u2013 Benefic\u00eancia Portuguesa &#8211; e a Votorantim, priorizando munic\u00edpios do interior do Brasil.<!--more--><\/p>\n<p style=\"text-align: justify;\">Entre os itens doados, est\u00e3o m\u00e1scaras de prote\u00e7\u00e3o (dois tipos), luva emborrachada, avental descart\u00e1vel e imperme\u00e1vel, touca e \u00e1lcool em gel. Os equipamentos v\u00e3o beneficiar cerca de 2.200 profissionais de sa\u00fade da regi\u00e3o da Zona da Mata.<\/p>\n<p>Para viabilizar as doa\u00e7\u00f5es, a CBA, investida Votorantim, foi respons\u00e1vel pelo levantamento dos munic\u00edpios contemplados, considerando um conjunto de indicadores que definem o \u00edndice de vulnerabilidade, tais como: o n\u00famero de equipamentos de sa\u00fade (unidades) e de profissionais em cada localidade.<\/p>\n<p>Todas as doa\u00e7\u00f5es realizadas pelo Instituto Votorantim podem ser conferidas no site <a href=\"http:\/\/www.votorantim.com\/todoscontraocoronavirus\"><strong><span style=\"color: #800080;\">www.votorantim.com\/todoscontraocoronavirus<\/span><\/strong><\/a>, na p\u00e1gina Transpar\u00eancia.<\/p>\n<p><strong>Sobre o Instituto Votorantim<\/strong><br \/>\nCriado em 2002, o Instituto Votorantim \u00e9 o n\u00facleo de intelig\u00eancia social das empresas investidas da Votorantim S.A. e trabalha com gera\u00e7\u00e3o de valor compartilhado. Isso significa promover benef\u00edcios sociais cada vez mais significativos e duradouros nas localidades de atua\u00e7\u00e3o da Votorantim, gerando um ambiente prop\u00edcio para a opera\u00e7\u00e3o sustent\u00e1vel dos neg\u00f3cios. O Instituto e as empresas investidas da Votorantim conduzem mais de 300 projetos, em todas as regi\u00f5es do Brasil, com programas voltados para o desenvolvimento da educa\u00e7\u00e3o p\u00fablica, \u00e0 gera\u00e7\u00e3o de renda e erradica\u00e7\u00e3o da pobreza, \u00e0 prote\u00e7\u00e3o da inf\u00e2ncia e da adolesc\u00eancia, ao apoio aos gestores p\u00fablicos e \u00e0 gest\u00e3o de projetos sociais.<\/p>\n<p>Fonte e foto:<\/p>\n<div class=\"prlkn69f72ed32bec1\" ><br><\/div><style type=\"text\/css\">\r\n@media screen and (min-width: 1201px) {\r\n.prlkn69f72ed32bec1 {\r\ndisplay: block;\r\n}\r\n}\r\n@media screen and (min-width: 993px) and (max-width: 1200px) {\r\n.prlkn69f72ed32bec1 {\r\ndisplay: block;\r\n}\r\n}\r\n@media screen and (min-width: 769px) and (max-width: 992px) {\r\n.prlkn69f72ed32bec1 {\r\ndisplay: block;\r\n}\r\n}\r\n@media screen and (min-width: 768px) and (max-width: 768px) {\r\n.prlkn69f72ed32bec1 {\r\ndisplay: block;\r\n}\r\n}\r\n@media screen and (max-width: 767px) {\r\n.prlkn69f72ed32bec1 {\r\ndisplay: block;\r\n}\r\n}\r\n<\/style>\r\n<div class=\"jfydl69f72ed331587\" ><div id=\"div_destino\"><\/div>\r\n<script src=\"https:\/\/cdn.snsrsv.com\/sdk.js\"><\/script>\r\n<script >\r\n      new sdk(\"464030C30061EA8BE065000000000001\") \r\n          .appendTo(\"div_destino\")\r\n          .disableStyle(true) \r\n          .setCacheBusterMacro(\"%%CACHEBUSTER%%\")\r\n          .setSize(\"800\",\"214\")\r\n          .setClickMacro(\"%%CLICK_URL_ESC%%\") \r\n          .setReferrerUrlMacro(\"%%REFERRER_URL_ESC%%\") \r\n          .start(); \r\n<\/script><\/div><style type=\"text\/css\">\r\n@media screen and (min-width: 1201px) {\r\n.jfydl69f72ed331587 {\r\ndisplay: block;\r\n}\r\n}\r\n@media screen and (min-width: 993px) and (max-width: 1200px) {\r\n.jfydl69f72ed331587 {\r\ndisplay: block;\r\n}\r\n}\r\n@media screen and (min-width: 769px) and (max-width: 992px) {\r\n.jfydl69f72ed331587 {\r\ndisplay: block;\r\n}\r\n}\r\n@media screen and (min-width: 768px) and (max-width: 768px) {\r\n.jfydl69f72ed331587 {\r\ndisplay: block;\r\n}\r\n}\r\n@media screen and (max-width: 767px) {\r\n.jfydl69f72ed331587 {\r\ndisplay: block;\r\n}\r\n}\r\n<\/style>\r\n","protected":false},"excerpt":{"rendered":"<p>Entre os dias 28 de maio e 1\u00ba de junho, as Secretarias Municipais de Sa\u00fade e hospitais de Itamarati de Minas, Mira\u00ed, Muria\u00e9, Ros\u00e1rio da Limeira e S\u00e3o Sebasti\u00e3o da Vargem Alegre foram contempladas com um refor\u00e7o para o combate<\/p>\n<p class=\"link-more\"><a class=\"more-link\" href=\"https:\/\/marcelolopes.jor.br\/site\/2020\/06\/02\/instituto-votorantim-doa-epis-para-combate-ao-novo-coronavirus\/\">Leia mais <span class=\"screen-reader-text\">Instituto Votorantim doa EPI`s para combate ao novo coronav\u00edrus<\/span><\/a><\/p>\n","protected":false},"author":2,"featured_media":14720,"comment_status":"open","ping_status":"open","sticky":false,"template":"","format":"standard","meta":{"footnotes":""},"categories":[1],"tags":[2185,2560,2561,2223],"class_list":["post-14718","post","type-post","status-publish","format-standard","has-post-thumbnail","hentry","category-noticias","tag-coronavirus","tag-epi","tag-hospitais","tag-votorantim","thumb-below-title"],"yoast_head":"<!-- This site is optimized with the Yoast SEO plugin v27.4 - https:\/\/yoast.com\/product\/yoast-seo-wordpress\/ -->\n<title>Instituto Votorantim doa EPI`s para combate ao novo coronav\u00edrus | Marcelo Lopes<\/title>\n<meta name=\"robots\" content=\"index, follow, max-snippet:-1, max-image-preview:large, max-video-preview:-1\" \/>\n<link rel=\"canonical\" href=\"https:\/\/marcelolopes.jor.br\/site\/2020\/06\/02\/instituto-votorantim-doa-epis-para-combate-ao-novo-coronavirus\/\" \/>\n<meta property=\"og:locale\" content=\"pt_BR\" \/>\n<meta property=\"og:type\" content=\"article\" \/>\n<meta property=\"og:title\" content=\"Instituto Votorantim doa EPI`s para combate ao novo coronav\u00edrus | Marcelo Lopes\" \/>\n<meta property=\"og:description\" content=\"Entre os dias 28 de maio e 1\u00ba de junho, as Secretarias Municipais de Sa\u00fade e hospitais de Itamarati de Minas, Mira\u00ed, Muria\u00e9, Ros\u00e1rio da Limeira e S\u00e3o Sebasti\u00e3o da Vargem Alegre foram contempladas com um refor\u00e7o para o combateLeia mais Instituto Votorantim doa EPI`s para combate ao novo coronav\u00edrus\" \/>\n<meta property=\"og:url\" content=\"https:\/\/marcelolopes.jor.br\/site\/2020\/06\/02\/instituto-votorantim-doa-epis-para-combate-ao-novo-coronavirus\/\" \/>\n<meta property=\"og:site_name\" content=\"Marcelo Lopes\" \/>\n<meta property=\"article:publisher\" content=\"https:\/\/www.facebook.com\/sitedomarcelolopes\" \/>\n<meta property=\"article:published_time\" content=\"2020-06-02T19:00:50+00:00\" \/>\n<meta property=\"og:image\" content=\"https:\/\/marcelolopes.jor.br\/site\/wp-content\/uploads\/2020\/06\/Doacao_EPI_Rosario_da_Limeira_I-nstituto_Votorantim_01062020.jpg\" \/>\n\t<meta property=\"og:image:width\" content=\"800\" \/>\n\t<meta property=\"og:image:height\" content=\"600\" \/>\n\t<meta property=\"og:image:type\" content=\"image\/jpeg\" \/>\n<meta name=\"author\" content=\"Marcelo Lopes\" \/>\n<meta name=\"twitter:card\" content=\"summary_large_image\" \/>\n<meta name=\"twitter:label1\" content=\"Escrito por\" \/>\n\t<meta name=\"twitter:data1\" content=\"Marcelo Lopes\" \/>\n\t<meta name=\"twitter:label2\" content=\"Est. tempo de leitura\" \/>\n\t<meta name=\"twitter:data2\" content=\"2 minutos\" \/>\n<script type=\"application\/ld+json\" class=\"yoast-schema-graph\">{\"@context\":\"https:\\\/\\\/schema.org\",\"@graph\":[{\"@type\":\"NewsArticle\",\"@id\":\"https:\\\/\\\/marcelolopes.jor.br\\\/site\\\/2020\\\/06\\\/02\\\/instituto-votorantim-doa-epis-para-combate-ao-novo-coronavirus\\\/#article\",\"isPartOf\":{\"@id\":\"https:\\\/\\\/marcelolopes.jor.br\\\/site\\\/2020\\\/06\\\/02\\\/instituto-votorantim-doa-epis-para-combate-ao-novo-coronavirus\\\/\"},\"author\":{\"name\":\"Marcelo Lopes\",\"@id\":\"https:\\\/\\\/marcelolopes.jor.br\\\/site\\\/#\\\/schema\\\/person\\\/3e7216a35c34d8fdf952b31da3d1f89f\"},\"headline\":\"Instituto Votorantim doa EPI`s para combate ao novo coronav\u00edrus\",\"datePublished\":\"2020-06-02T19:00:50+00:00\",\"mainEntityOfPage\":{\"@id\":\"https:\\\/\\\/marcelolopes.jor.br\\\/site\\\/2020\\\/06\\\/02\\\/instituto-votorantim-doa-epis-para-combate-ao-novo-coronavirus\\\/\"},\"wordCount\":339,\"commentCount\":0,\"publisher\":{\"@id\":\"https:\\\/\\\/marcelolopes.jor.br\\\/site\\\/#organization\"},\"image\":{\"@id\":\"https:\\\/\\\/marcelolopes.jor.br\\\/site\\\/2020\\\/06\\\/02\\\/instituto-votorantim-doa-epis-para-combate-ao-novo-coronavirus\\\/#primaryimage\"},\"thumbnailUrl\":\"https:\\\/\\\/marcelolopes.jor.br\\\/site\\\/wp-content\\\/uploads\\\/2020\\\/06\\\/Doacao_EPI_Rosario_da_Limeira_I-nstituto_Votorantim_01062020.jpg\",\"keywords\":[\"coronav\u00edrus\",\"EPI\",\"hospitais\",\"Votorantim\"],\"articleSection\":[\"Not\u00edcias\"],\"inLanguage\":\"pt-BR\",\"potentialAction\":[{\"@type\":\"CommentAction\",\"name\":\"Comment\",\"target\":[\"https:\\\/\\\/marcelolopes.jor.br\\\/site\\\/2020\\\/06\\\/02\\\/instituto-votorantim-doa-epis-para-combate-ao-novo-coronavirus\\\/#respond\"]}]},{\"@type\":\"WebPage\",\"@id\":\"https:\\\/\\\/marcelolopes.jor.br\\\/site\\\/2020\\\/06\\\/02\\\/instituto-votorantim-doa-epis-para-combate-ao-novo-coronavirus\\\/\",\"url\":\"https:\\\/\\\/marcelolopes.jor.br\\\/site\\\/2020\\\/06\\\/02\\\/instituto-votorantim-doa-epis-para-combate-ao-novo-coronavirus\\\/\",\"name\":\"Instituto Votorantim doa EPI`s para combate ao novo coronav\u00edrus | Marcelo Lopes\",\"isPartOf\":{\"@id\":\"https:\\\/\\\/marcelolopes.jor.br\\\/site\\\/#website\"},\"primaryImageOfPage\":{\"@id\":\"https:\\\/\\\/marcelolopes.jor.br\\\/site\\\/2020\\\/06\\\/02\\\/instituto-votorantim-doa-epis-para-combate-ao-novo-coronavirus\\\/#primaryimage\"},\"image\":{\"@id\":\"https:\\\/\\\/marcelolopes.jor.br\\\/site\\\/2020\\\/06\\\/02\\\/instituto-votorantim-doa-epis-para-combate-ao-novo-coronavirus\\\/#primaryimage\"},\"thumbnailUrl\":\"https:\\\/\\\/marcelolopes.jor.br\\\/site\\\/wp-content\\\/uploads\\\/2020\\\/06\\\/Doacao_EPI_Rosario_da_Limeira_I-nstituto_Votorantim_01062020.jpg\",\"datePublished\":\"2020-06-02T19:00:50+00:00\",\"breadcrumb\":{\"@id\":\"https:\\\/\\\/marcelolopes.jor.br\\\/site\\\/2020\\\/06\\\/02\\\/instituto-votorantim-doa-epis-para-combate-ao-novo-coronavirus\\\/#breadcrumb\"},\"inLanguage\":\"pt-BR\",\"potentialAction\":[{\"@type\":\"ReadAction\",\"target\":[\"https:\\\/\\\/marcelolopes.jor.br\\\/site\\\/2020\\\/06\\\/02\\\/instituto-votorantim-doa-epis-para-combate-ao-novo-coronavirus\\\/\"]}]},{\"@type\":\"ImageObject\",\"inLanguage\":\"pt-BR\",\"@id\":\"https:\\\/\\\/marcelolopes.jor.br\\\/site\\\/2020\\\/06\\\/02\\\/instituto-votorantim-doa-epis-para-combate-ao-novo-coronavirus\\\/#primaryimage\",\"url\":\"https:\\\/\\\/marcelolopes.jor.br\\\/site\\\/wp-content\\\/uploads\\\/2020\\\/06\\\/Doacao_EPI_Rosario_da_Limeira_I-nstituto_Votorantim_01062020.jpg\",\"contentUrl\":\"https:\\\/\\\/marcelolopes.jor.br\\\/site\\\/wp-content\\\/uploads\\\/2020\\\/06\\\/Doacao_EPI_Rosario_da_Limeira_I-nstituto_Votorantim_01062020.jpg\",\"width\":800,\"height\":600},{\"@type\":\"BreadcrumbList\",\"@id\":\"https:\\\/\\\/marcelolopes.jor.br\\\/site\\\/2020\\\/06\\\/02\\\/instituto-votorantim-doa-epis-para-combate-ao-novo-coronavirus\\\/#breadcrumb\",\"itemListElement\":[{\"@type\":\"ListItem\",\"position\":1,\"name\":\"Home\",\"item\":\"https:\\\/\\\/marcelolopes.jor.br\\\/site\\\/\"},{\"@type\":\"ListItem\",\"position\":2,\"name\":\"Instituto Votorantim doa EPI`s para combate ao novo coronav\u00edrus\"}]},{\"@type\":\"WebSite\",\"@id\":\"https:\\\/\\\/marcelolopes.jor.br\\\/site\\\/#website\",\"url\":\"https:\\\/\\\/marcelolopes.jor.br\\\/site\\\/\",\"name\":\"Marcelo Lopes\",\"description\":\"Not\u00edcias de Cataguases e Regi\u00e3o\",\"publisher\":{\"@id\":\"https:\\\/\\\/marcelolopes.jor.br\\\/site\\\/#organization\"},\"potentialAction\":[{\"@type\":\"SearchAction\",\"target\":{\"@type\":\"EntryPoint\",\"urlTemplate\":\"https:\\\/\\\/marcelolopes.jor.br\\\/site\\\/?s={search_term_string}\"},\"query-input\":{\"@type\":\"PropertyValueSpecification\",\"valueRequired\":true,\"valueName\":\"search_term_string\"}}],\"inLanguage\":\"pt-BR\"},{\"@type\":\"Organization\",\"@id\":\"https:\\\/\\\/marcelolopes.jor.br\\\/site\\\/#organization\",\"name\":\"Site do Marcelo Lopes\",\"url\":\"https:\\\/\\\/marcelolopes.jor.br\\\/site\\\/\",\"logo\":{\"@type\":\"ImageObject\",\"inLanguage\":\"pt-BR\",\"@id\":\"https:\\\/\\\/marcelolopes.jor.br\\\/site\\\/#\\\/schema\\\/logo\\\/image\\\/\",\"url\":\"https:\\\/\\\/marcelolopes.jor.br\\\/site\\\/wp-content\\\/uploads\\\/2024\\\/11\\\/logo-1.png\",\"contentUrl\":\"https:\\\/\\\/marcelolopes.jor.br\\\/site\\\/wp-content\\\/uploads\\\/2024\\\/11\\\/logo-1.png\",\"width\":475,\"height\":80,\"caption\":\"Site do Marcelo Lopes\"},\"image\":{\"@id\":\"https:\\\/\\\/marcelolopes.jor.br\\\/site\\\/#\\\/schema\\\/logo\\\/image\\\/\"},\"sameAs\":[\"https:\\\/\\\/www.facebook.com\\\/sitedomarcelolopes\",\"https:\\\/\\\/www.instagram.com\\\/sitedomarcelolopes\\\/\",\"https:\\\/\\\/www.linkedin.com\\\/company\\\/site-do-marcelo-lopes\\\/\",\"https:\\\/\\\/www.youtube.com\\\/user\\\/marcelolopes957\"]},{\"@type\":\"Person\",\"@id\":\"https:\\\/\\\/marcelolopes.jor.br\\\/site\\\/#\\\/schema\\\/person\\\/3e7216a35c34d8fdf952b31da3d1f89f\",\"name\":\"Marcelo Lopes\",\"sameAs\":[\"http:\\\/\\\/www.marcelolopes.jor.br\"],\"url\":\"https:\\\/\\\/marcelolopes.jor.br\\\/site\\\/author\\\/marcelo\\\/\"}]}<\/script>\n<!-- \/ Yoast SEO plugin. -->","yoast_head_json":{"title":"Instituto Votorantim doa EPI`s para combate ao novo coronav\u00edrus | Marcelo Lopes","robots":{"index":"index","follow":"follow","max-snippet":"max-snippet:-1","max-image-preview":"max-image-preview:large","max-video-preview":"max-video-preview:-1"},"canonical":"https:\/\/marcelolopes.jor.br\/site\/2020\/06\/02\/instituto-votorantim-doa-epis-para-combate-ao-novo-coronavirus\/","og_locale":"pt_BR","og_type":"article","og_title":"Instituto Votorantim doa EPI`s para combate ao novo coronav\u00edrus | Marcelo Lopes","og_description":"Entre os dias 28 de maio e 1\u00ba de junho, as Secretarias Municipais de Sa\u00fade e hospitais de Itamarati de Minas, Mira\u00ed, Muria\u00e9, Ros\u00e1rio da Limeira e S\u00e3o Sebasti\u00e3o da Vargem Alegre foram contempladas com um refor\u00e7o para o combateLeia mais Instituto Votorantim doa EPI`s para combate ao novo coronav\u00edrus","og_url":"https:\/\/marcelolopes.jor.br\/site\/2020\/06\/02\/instituto-votorantim-doa-epis-para-combate-ao-novo-coronavirus\/","og_site_name":"Marcelo Lopes","article_publisher":"https:\/\/www.facebook.com\/sitedomarcelolopes","article_published_time":"2020-06-02T19:00:50+00:00","og_image":[{"width":800,"height":600,"url":"https:\/\/marcelolopes.jor.br\/site\/wp-content\/uploads\/2020\/06\/Doacao_EPI_Rosario_da_Limeira_I-nstituto_Votorantim_01062020.jpg","type":"image\/jpeg"}],"author":"Marcelo Lopes","twitter_card":"summary_large_image","twitter_misc":{"Escrito por":"Marcelo Lopes","Est. tempo de leitura":"2 minutos"},"schema":{"@context":"https:\/\/schema.org","@graph":[{"@type":"NewsArticle","@id":"https:\/\/marcelolopes.jor.br\/site\/2020\/06\/02\/instituto-votorantim-doa-epis-para-combate-ao-novo-coronavirus\/#article","isPartOf":{"@id":"https:\/\/marcelolopes.jor.br\/site\/2020\/06\/02\/instituto-votorantim-doa-epis-para-combate-ao-novo-coronavirus\/"},"author":{"name":"Marcelo Lopes","@id":"https:\/\/marcelolopes.jor.br\/site\/#\/schema\/person\/3e7216a35c34d8fdf952b31da3d1f89f"},"headline":"Instituto Votorantim doa EPI`s para combate ao novo coronav\u00edrus","datePublished":"2020-06-02T19:00:50+00:00","mainEntityOfPage":{"@id":"https:\/\/marcelolopes.jor.br\/site\/2020\/06\/02\/instituto-votorantim-doa-epis-para-combate-ao-novo-coronavirus\/"},"wordCount":339,"commentCount":0,"publisher":{"@id":"https:\/\/marcelolopes.jor.br\/site\/#organization"},"image":{"@id":"https:\/\/marcelolopes.jor.br\/site\/2020\/06\/02\/instituto-votorantim-doa-epis-para-combate-ao-novo-coronavirus\/#primaryimage"},"thumbnailUrl":"https:\/\/marcelolopes.jor.br\/site\/wp-content\/uploads\/2020\/06\/Doacao_EPI_Rosario_da_Limeira_I-nstituto_Votorantim_01062020.jpg","keywords":["coronav\u00edrus","EPI","hospitais","Votorantim"],"articleSection":["Not\u00edcias"],"inLanguage":"pt-BR","potentialAction":[{"@type":"CommentAction","name":"Comment","target":["https:\/\/marcelolopes.jor.br\/site\/2020\/06\/02\/instituto-votorantim-doa-epis-para-combate-ao-novo-coronavirus\/#respond"]}]},{"@type":"WebPage","@id":"https:\/\/marcelolopes.jor.br\/site\/2020\/06\/02\/instituto-votorantim-doa-epis-para-combate-ao-novo-coronavirus\/","url":"https:\/\/marcelolopes.jor.br\/site\/2020\/06\/02\/instituto-votorantim-doa-epis-para-combate-ao-novo-coronavirus\/","name":"Instituto Votorantim doa EPI`s para combate ao novo coronav\u00edrus | Marcelo Lopes","isPartOf":{"@id":"https:\/\/marcelolopes.jor.br\/site\/#website"},"primaryImageOfPage":{"@id":"https:\/\/marcelolopes.jor.br\/site\/2020\/06\/02\/instituto-votorantim-doa-epis-para-combate-ao-novo-coronavirus\/#primaryimage"},"image":{"@id":"https:\/\/marcelolopes.jor.br\/site\/2020\/06\/02\/instituto-votorantim-doa-epis-para-combate-ao-novo-coronavirus\/#primaryimage"},"thumbnailUrl":"https:\/\/marcelolopes.jor.br\/site\/wp-content\/uploads\/2020\/06\/Doacao_EPI_Rosario_da_Limeira_I-nstituto_Votorantim_01062020.jpg","datePublished":"2020-06-02T19:00:50+00:00","breadcrumb":{"@id":"https:\/\/marcelolopes.jor.br\/site\/2020\/06\/02\/instituto-votorantim-doa-epis-para-combate-ao-novo-coronavirus\/#breadcrumb"},"inLanguage":"pt-BR","potentialAction":[{"@type":"ReadAction","target":["https:\/\/marcelolopes.jor.br\/site\/2020\/06\/02\/instituto-votorantim-doa-epis-para-combate-ao-novo-coronavirus\/"]}]},{"@type":"ImageObject","inLanguage":"pt-BR","@id":"https:\/\/marcelolopes.jor.br\/site\/2020\/06\/02\/instituto-votorantim-doa-epis-para-combate-ao-novo-coronavirus\/#primaryimage","url":"https:\/\/marcelolopes.jor.br\/site\/wp-content\/uploads\/2020\/06\/Doacao_EPI_Rosario_da_Limeira_I-nstituto_Votorantim_01062020.jpg","contentUrl":"https:\/\/marcelolopes.jor.br\/site\/wp-content\/uploads\/2020\/06\/Doacao_EPI_Rosario_da_Limeira_I-nstituto_Votorantim_01062020.jpg","width":800,"height":600},{"@type":"BreadcrumbList","@id":"https:\/\/marcelolopes.jor.br\/site\/2020\/06\/02\/instituto-votorantim-doa-epis-para-combate-ao-novo-coronavirus\/#breadcrumb","itemListElement":[{"@type":"ListItem","position":1,"name":"Home","item":"https:\/\/marcelolopes.jor.br\/site\/"},{"@type":"ListItem","position":2,"name":"Instituto Votorantim doa EPI`s para combate ao novo coronav\u00edrus"}]},{"@type":"WebSite","@id":"https:\/\/marcelolopes.jor.br\/site\/#website","url":"https:\/\/marcelolopes.jor.br\/site\/","name":"Marcelo Lopes","description":"Not\u00edcias de Cataguases e Regi\u00e3o","publisher":{"@id":"https:\/\/marcelolopes.jor.br\/site\/#organization"},"potentialAction":[{"@type":"SearchAction","target":{"@type":"EntryPoint","urlTemplate":"https:\/\/marcelolopes.jor.br\/site\/?s={search_term_string}"},"query-input":{"@type":"PropertyValueSpecification","valueRequired":true,"valueName":"search_term_string"}}],"inLanguage":"pt-BR"},{"@type":"Organization","@id":"https:\/\/marcelolopes.jor.br\/site\/#organization","name":"Site do Marcelo Lopes","url":"https:\/\/marcelolopes.jor.br\/site\/","logo":{"@type":"ImageObject","inLanguage":"pt-BR","@id":"https:\/\/marcelolopes.jor.br\/site\/#\/schema\/logo\/image\/","url":"https:\/\/marcelolopes.jor.br\/site\/wp-content\/uploads\/2024\/11\/logo-1.png","contentUrl":"https:\/\/marcelolopes.jor.br\/site\/wp-content\/uploads\/2024\/11\/logo-1.png","width":475,"height":80,"caption":"Site do Marcelo Lopes"},"image":{"@id":"https:\/\/marcelolopes.jor.br\/site\/#\/schema\/logo\/image\/"},"sameAs":["https:\/\/www.facebook.com\/sitedomarcelolopes","https:\/\/www.instagram.com\/sitedomarcelolopes\/","https:\/\/www.linkedin.com\/company\/site-do-marcelo-lopes\/","https:\/\/www.youtube.com\/user\/marcelolopes957"]},{"@type":"Person","@id":"https:\/\/marcelolopes.jor.br\/site\/#\/schema\/person\/3e7216a35c34d8fdf952b31da3d1f89f","name":"Marcelo Lopes","sameAs":["http:\/\/www.marcelolopes.jor.br"],"url":"https:\/\/marcelolopes.jor.br\/site\/author\/marcelo\/"}]}},"wps_subtitle":"Materiais s\u00e3o direcionados aos profissionais de sa\u00fade que atuam na regi\u00e3o.","_links":{"self":[{"href":"https:\/\/marcelolopes.jor.br\/site\/wp-json\/wp\/v2\/posts\/14718","targetHints":{"allow":["GET"]}}],"collection":[{"href":"https:\/\/marcelolopes.jor.br\/site\/wp-json\/wp\/v2\/posts"}],"about":[{"href":"https:\/\/marcelolopes.jor.br\/site\/wp-json\/wp\/v2\/types\/post"}],"author":[{"embeddable":true,"href":"https:\/\/marcelolopes.jor.br\/site\/wp-json\/wp\/v2\/users\/2"}],"replies":[{"embeddable":true,"href":"https:\/\/marcelolopes.jor.br\/site\/wp-json\/wp\/v2\/comments?post=14718"}],"version-history":[{"count":0,"href":"https:\/\/marcelolopes.jor.br\/site\/wp-json\/wp\/v2\/posts\/14718\/revisions"}],"wp:featuredmedia":[{"embeddable":true,"href":"https:\/\/marcelolopes.jor.br\/site\/wp-json\/wp\/v2\/media\/14720"}],"wp:attachment":[{"href":"https:\/\/marcelolopes.jor.br\/site\/wp-json\/wp\/v2\/media?parent=14718"}],"wp:term":[{"taxonomy":"category","embeddable":true,"href":"https:\/\/marcelolopes.jor.br\/site\/wp-json\/wp\/v2\/categories?post=14718"},{"taxonomy":"post_tag","embeddable":true,"href":"https:\/\/marcelolopes.jor.br\/site\/wp-json\/wp\/v2\/tags?post=14718"}],"curies":[{"name":"wp","href":"https:\/\/api.w.org\/{rel}","templated":true}]}}