{"id":14639,"date":"2020-05-31T07:00:25","date_gmt":"2020-05-31T10:00:25","guid":{"rendered":"https:\/\/marcelolopes.jor.br\/?p=14639"},"modified":"2020-05-30T22:00:29","modified_gmt":"2020-05-31T01:00:29","slug":"pm-prende-homem-em-santana-de-cataguases-com-cocaina","status":"publish","type":"post","link":"https:\/\/marcelolopes.jor.br\/site\/2020\/05\/31\/pm-prende-homem-em-santana-de-cataguases-com-cocaina\/","title":{"rendered":"PM prende homem em Santana de Cataguases com coca\u00edna"},"content":{"rendered":"<p style=\"text-align: justify;\">A equipe do Destacamento da Pol\u00edcia Militar em Santana de Cataguases prendeu um homem por tr\u00e1fico de drogas neste s\u00e1bado, 30 de maio. Ele j\u00e1 \u00e9 conhecido no meio policial daquela cidade e ao perceber a aproxima\u00e7\u00e3o da viatura policial jogou algum objeto no quintal de uma resid\u00eancia. Durante revista pessoal os militares encontraram em um de seus bolsos um papelote contendo coca\u00edna.<!--more--><\/p>\n<p style=\"text-align: justify;\">Em seguida, o propriet\u00e1rio da resid\u00eancia liberou a entrada dos policiais ao quintal e l\u00e1 encontraram uma sacola pl\u00e1stica pequena com oito papelotes de coca\u00edna, de tamanhos consider\u00e1veis e prontas para serem comercializadas. O homem, ap\u00f3s ser preso, foi encaminhado para a Delegacia Regional de Pol\u00edcia Civil, em Leopoldina para os procedimentos complementares. Participaram da a\u00e7\u00e3o os militares sargento Mar\u00e7al e os cabos Fontoura e Diego.<\/p>\n<div class=\"cywni69f72e2477c8d\" ><br><\/div><style type=\"text\/css\">\r\n@media screen and (min-width: 1201px) {\r\n.cywni69f72e2477c8d {\r\ndisplay: block;\r\n}\r\n}\r\n@media screen and (min-width: 993px) and (max-width: 1200px) {\r\n.cywni69f72e2477c8d {\r\ndisplay: block;\r\n}\r\n}\r\n@media screen and (min-width: 769px) and (max-width: 992px) {\r\n.cywni69f72e2477c8d {\r\ndisplay: block;\r\n}\r\n}\r\n@media screen and (min-width: 768px) and (max-width: 768px) {\r\n.cywni69f72e2477c8d {\r\ndisplay: block;\r\n}\r\n}\r\n@media screen and (max-width: 767px) {\r\n.cywni69f72e2477c8d {\r\ndisplay: block;\r\n}\r\n}\r\n<\/style>\r\n<div class=\"znzfi69f72e247d14d\" ><div id=\"div_destino\"><\/div>\r\n<script src=\"https:\/\/cdn.snsrsv.com\/sdk.js\"><\/script>\r\n<script >\r\n      new sdk(\"464030C30061EA8BE065000000000001\") \r\n          .appendTo(\"div_destino\")\r\n          .disableStyle(true) \r\n          .setCacheBusterMacro(\"%%CACHEBUSTER%%\")\r\n          .setSize(\"800\",\"214\")\r\n          .setClickMacro(\"%%CLICK_URL_ESC%%\") \r\n          .setReferrerUrlMacro(\"%%REFERRER_URL_ESC%%\") \r\n          .start(); \r\n<\/script><\/div><style type=\"text\/css\">\r\n@media screen and (min-width: 1201px) {\r\n.znzfi69f72e247d14d {\r\ndisplay: block;\r\n}\r\n}\r\n@media screen and (min-width: 993px) and (max-width: 1200px) {\r\n.znzfi69f72e247d14d {\r\ndisplay: block;\r\n}\r\n}\r\n@media screen and (min-width: 769px) and (max-width: 992px) {\r\n.znzfi69f72e247d14d {\r\ndisplay: block;\r\n}\r\n}\r\n@media screen and (min-width: 768px) and (max-width: 768px) {\r\n.znzfi69f72e247d14d {\r\ndisplay: block;\r\n}\r\n}\r\n@media screen and (max-width: 767px) {\r\n.znzfi69f72e247d14d {\r\ndisplay: block;\r\n}\r\n}\r\n<\/style>\r\n","protected":false},"excerpt":{"rendered":"<p>A equipe do Destacamento da Pol\u00edcia Militar em Santana de Cataguases prendeu um homem por tr\u00e1fico de drogas neste s\u00e1bado, 30 de maio. Ele j\u00e1 \u00e9 conhecido no meio policial daquela cidade e ao perceber a aproxima\u00e7\u00e3o da viatura policial<\/p>\n<p class=\"link-more\"><a class=\"more-link\" href=\"https:\/\/marcelolopes.jor.br\/site\/2020\/05\/31\/pm-prende-homem-em-santana-de-cataguases-com-cocaina\/\">Leia mais <span class=\"screen-reader-text\">PM prende homem em Santana de Cataguases com coca\u00edna<\/span><\/a><\/p>\n","protected":false},"author":2,"featured_media":14641,"comment_status":"open","ping_status":"open","sticky":false,"template":"","format":"standard","meta":{"footnotes":""},"categories":[1],"tags":[261,136,77,610],"class_list":["post-14639","post","type-post","status-publish","format-standard","has-post-thumbnail","hentry","category-noticias","tag-cocaina","tag-droga","tag-prisao","tag-santana-de-cataguases","thumb-below-title"],"yoast_head":"<!-- This site is optimized with the Yoast SEO plugin v27.4 - https:\/\/yoast.com\/product\/yoast-seo-wordpress\/ -->\n<title>PM prende homem em Santana de Cataguases com coca\u00edna | Marcelo Lopes<\/title>\n<meta name=\"robots\" content=\"index, follow, max-snippet:-1, max-image-preview:large, max-video-preview:-1\" \/>\n<link rel=\"canonical\" href=\"https:\/\/marcelolopes.jor.br\/site\/2020\/05\/31\/pm-prende-homem-em-santana-de-cataguases-com-cocaina\/\" \/>\n<meta property=\"og:locale\" content=\"pt_BR\" \/>\n<meta property=\"og:type\" content=\"article\" \/>\n<meta property=\"og:title\" content=\"PM prende homem em Santana de Cataguases com coca\u00edna | Marcelo Lopes\" \/>\n<meta property=\"og:description\" content=\"A equipe do Destacamento da Pol\u00edcia Militar em Santana de Cataguases prendeu um homem por tr\u00e1fico de drogas neste s\u00e1bado, 30 de maio. Ele j\u00e1 \u00e9 conhecido no meio policial daquela cidade e ao perceber a aproxima\u00e7\u00e3o da viatura policialLeia mais PM prende homem em Santana de Cataguases com coca\u00edna\" \/>\n<meta property=\"og:url\" content=\"https:\/\/marcelolopes.jor.br\/site\/2020\/05\/31\/pm-prende-homem-em-santana-de-cataguases-com-cocaina\/\" \/>\n<meta property=\"og:site_name\" content=\"Marcelo Lopes\" \/>\n<meta property=\"article:publisher\" content=\"https:\/\/www.facebook.com\/sitedomarcelolopes\" \/>\n<meta property=\"article:published_time\" content=\"2020-05-31T10:00:25+00:00\" \/>\n<meta property=\"og:image\" content=\"https:\/\/marcelolopes.jor.br\/site\/wp-content\/uploads\/2020\/05\/WhatsApp-Image-2020-05-30-at-21.29.32.jpeg\" \/>\n\t<meta property=\"og:image:width\" content=\"800\" \/>\n\t<meta property=\"og:image:height\" content=\"563\" \/>\n\t<meta property=\"og:image:type\" content=\"image\/jpeg\" \/>\n<meta name=\"author\" content=\"Marcelo Lopes\" \/>\n<meta name=\"twitter:card\" content=\"summary_large_image\" \/>\n<meta name=\"twitter:label1\" content=\"Escrito por\" \/>\n\t<meta name=\"twitter:data1\" content=\"Marcelo Lopes\" \/>\n\t<meta name=\"twitter:label2\" content=\"Est. tempo de leitura\" \/>\n\t<meta name=\"twitter:data2\" content=\"1 minuto\" \/>\n<script type=\"application\/ld+json\" class=\"yoast-schema-graph\">{\"@context\":\"https:\\\/\\\/schema.org\",\"@graph\":[{\"@type\":\"NewsArticle\",\"@id\":\"https:\\\/\\\/marcelolopes.jor.br\\\/site\\\/2020\\\/05\\\/31\\\/pm-prende-homem-em-santana-de-cataguases-com-cocaina\\\/#article\",\"isPartOf\":{\"@id\":\"https:\\\/\\\/marcelolopes.jor.br\\\/site\\\/2020\\\/05\\\/31\\\/pm-prende-homem-em-santana-de-cataguases-com-cocaina\\\/\"},\"author\":{\"name\":\"Marcelo Lopes\",\"@id\":\"https:\\\/\\\/marcelolopes.jor.br\\\/site\\\/#\\\/schema\\\/person\\\/3e7216a35c34d8fdf952b31da3d1f89f\"},\"headline\":\"PM prende homem em Santana de Cataguases com coca\u00edna\",\"datePublished\":\"2020-05-31T10:00:25+00:00\",\"mainEntityOfPage\":{\"@id\":\"https:\\\/\\\/marcelolopes.jor.br\\\/site\\\/2020\\\/05\\\/31\\\/pm-prende-homem-em-santana-de-cataguases-com-cocaina\\\/\"},\"wordCount\":152,\"commentCount\":0,\"publisher\":{\"@id\":\"https:\\\/\\\/marcelolopes.jor.br\\\/site\\\/#organization\"},\"image\":{\"@id\":\"https:\\\/\\\/marcelolopes.jor.br\\\/site\\\/2020\\\/05\\\/31\\\/pm-prende-homem-em-santana-de-cataguases-com-cocaina\\\/#primaryimage\"},\"thumbnailUrl\":\"https:\\\/\\\/marcelolopes.jor.br\\\/site\\\/wp-content\\\/uploads\\\/2020\\\/05\\\/WhatsApp-Image-2020-05-30-at-21.29.32.jpeg\",\"keywords\":[\"coca\u00edna\",\"droga\",\"pris\u00e3o\",\"Santana de Cataguases\"],\"articleSection\":[\"Not\u00edcias\"],\"inLanguage\":\"pt-BR\",\"potentialAction\":[{\"@type\":\"CommentAction\",\"name\":\"Comment\",\"target\":[\"https:\\\/\\\/marcelolopes.jor.br\\\/site\\\/2020\\\/05\\\/31\\\/pm-prende-homem-em-santana-de-cataguases-com-cocaina\\\/#respond\"]}]},{\"@type\":\"WebPage\",\"@id\":\"https:\\\/\\\/marcelolopes.jor.br\\\/site\\\/2020\\\/05\\\/31\\\/pm-prende-homem-em-santana-de-cataguases-com-cocaina\\\/\",\"url\":\"https:\\\/\\\/marcelolopes.jor.br\\\/site\\\/2020\\\/05\\\/31\\\/pm-prende-homem-em-santana-de-cataguases-com-cocaina\\\/\",\"name\":\"PM prende homem em Santana de Cataguases com coca\u00edna | Marcelo Lopes\",\"isPartOf\":{\"@id\":\"https:\\\/\\\/marcelolopes.jor.br\\\/site\\\/#website\"},\"primaryImageOfPage\":{\"@id\":\"https:\\\/\\\/marcelolopes.jor.br\\\/site\\\/2020\\\/05\\\/31\\\/pm-prende-homem-em-santana-de-cataguases-com-cocaina\\\/#primaryimage\"},\"image\":{\"@id\":\"https:\\\/\\\/marcelolopes.jor.br\\\/site\\\/2020\\\/05\\\/31\\\/pm-prende-homem-em-santana-de-cataguases-com-cocaina\\\/#primaryimage\"},\"thumbnailUrl\":\"https:\\\/\\\/marcelolopes.jor.br\\\/site\\\/wp-content\\\/uploads\\\/2020\\\/05\\\/WhatsApp-Image-2020-05-30-at-21.29.32.jpeg\",\"datePublished\":\"2020-05-31T10:00:25+00:00\",\"breadcrumb\":{\"@id\":\"https:\\\/\\\/marcelolopes.jor.br\\\/site\\\/2020\\\/05\\\/31\\\/pm-prende-homem-em-santana-de-cataguases-com-cocaina\\\/#breadcrumb\"},\"inLanguage\":\"pt-BR\",\"potentialAction\":[{\"@type\":\"ReadAction\",\"target\":[\"https:\\\/\\\/marcelolopes.jor.br\\\/site\\\/2020\\\/05\\\/31\\\/pm-prende-homem-em-santana-de-cataguases-com-cocaina\\\/\"]}]},{\"@type\":\"ImageObject\",\"inLanguage\":\"pt-BR\",\"@id\":\"https:\\\/\\\/marcelolopes.jor.br\\\/site\\\/2020\\\/05\\\/31\\\/pm-prende-homem-em-santana-de-cataguases-com-cocaina\\\/#primaryimage\",\"url\":\"https:\\\/\\\/marcelolopes.jor.br\\\/site\\\/wp-content\\\/uploads\\\/2020\\\/05\\\/WhatsApp-Image-2020-05-30-at-21.29.32.jpeg\",\"contentUrl\":\"https:\\\/\\\/marcelolopes.jor.br\\\/site\\\/wp-content\\\/uploads\\\/2020\\\/05\\\/WhatsApp-Image-2020-05-30-at-21.29.32.jpeg\",\"width\":800,\"height\":563},{\"@type\":\"BreadcrumbList\",\"@id\":\"https:\\\/\\\/marcelolopes.jor.br\\\/site\\\/2020\\\/05\\\/31\\\/pm-prende-homem-em-santana-de-cataguases-com-cocaina\\\/#breadcrumb\",\"itemListElement\":[{\"@type\":\"ListItem\",\"position\":1,\"name\":\"Home\",\"item\":\"https:\\\/\\\/marcelolopes.jor.br\\\/site\\\/\"},{\"@type\":\"ListItem\",\"position\":2,\"name\":\"PM prende homem em Santana de Cataguases com coca\u00edna\"}]},{\"@type\":\"WebSite\",\"@id\":\"https:\\\/\\\/marcelolopes.jor.br\\\/site\\\/#website\",\"url\":\"https:\\\/\\\/marcelolopes.jor.br\\\/site\\\/\",\"name\":\"Marcelo Lopes\",\"description\":\"Not\u00edcias de Cataguases e Regi\u00e3o\",\"publisher\":{\"@id\":\"https:\\\/\\\/marcelolopes.jor.br\\\/site\\\/#organization\"},\"potentialAction\":[{\"@type\":\"SearchAction\",\"target\":{\"@type\":\"EntryPoint\",\"urlTemplate\":\"https:\\\/\\\/marcelolopes.jor.br\\\/site\\\/?s={search_term_string}\"},\"query-input\":{\"@type\":\"PropertyValueSpecification\",\"valueRequired\":true,\"valueName\":\"search_term_string\"}}],\"inLanguage\":\"pt-BR\"},{\"@type\":\"Organization\",\"@id\":\"https:\\\/\\\/marcelolopes.jor.br\\\/site\\\/#organization\",\"name\":\"Site do Marcelo Lopes\",\"url\":\"https:\\\/\\\/marcelolopes.jor.br\\\/site\\\/\",\"logo\":{\"@type\":\"ImageObject\",\"inLanguage\":\"pt-BR\",\"@id\":\"https:\\\/\\\/marcelolopes.jor.br\\\/site\\\/#\\\/schema\\\/logo\\\/image\\\/\",\"url\":\"https:\\\/\\\/marcelolopes.jor.br\\\/site\\\/wp-content\\\/uploads\\\/2024\\\/11\\\/logo-1.png\",\"contentUrl\":\"https:\\\/\\\/marcelolopes.jor.br\\\/site\\\/wp-content\\\/uploads\\\/2024\\\/11\\\/logo-1.png\",\"width\":475,\"height\":80,\"caption\":\"Site do Marcelo Lopes\"},\"image\":{\"@id\":\"https:\\\/\\\/marcelolopes.jor.br\\\/site\\\/#\\\/schema\\\/logo\\\/image\\\/\"},\"sameAs\":[\"https:\\\/\\\/www.facebook.com\\\/sitedomarcelolopes\",\"https:\\\/\\\/www.instagram.com\\\/sitedomarcelolopes\\\/\",\"https:\\\/\\\/www.linkedin.com\\\/company\\\/site-do-marcelo-lopes\\\/\",\"https:\\\/\\\/www.youtube.com\\\/user\\\/marcelolopes957\"]},{\"@type\":\"Person\",\"@id\":\"https:\\\/\\\/marcelolopes.jor.br\\\/site\\\/#\\\/schema\\\/person\\\/3e7216a35c34d8fdf952b31da3d1f89f\",\"name\":\"Marcelo Lopes\",\"sameAs\":[\"http:\\\/\\\/www.marcelolopes.jor.br\"],\"url\":\"https:\\\/\\\/marcelolopes.jor.br\\\/site\\\/author\\\/marcelo\\\/\"}]}<\/script>\n<!-- \/ Yoast SEO plugin. -->","yoast_head_json":{"title":"PM prende homem em Santana de Cataguases com coca\u00edna | Marcelo Lopes","robots":{"index":"index","follow":"follow","max-snippet":"max-snippet:-1","max-image-preview":"max-image-preview:large","max-video-preview":"max-video-preview:-1"},"canonical":"https:\/\/marcelolopes.jor.br\/site\/2020\/05\/31\/pm-prende-homem-em-santana-de-cataguases-com-cocaina\/","og_locale":"pt_BR","og_type":"article","og_title":"PM prende homem em Santana de Cataguases com coca\u00edna | Marcelo Lopes","og_description":"A equipe do Destacamento da Pol\u00edcia Militar em Santana de Cataguases prendeu um homem por tr\u00e1fico de drogas neste s\u00e1bado, 30 de maio. Ele j\u00e1 \u00e9 conhecido no meio policial daquela cidade e ao perceber a aproxima\u00e7\u00e3o da viatura policialLeia mais PM prende homem em Santana de Cataguases com coca\u00edna","og_url":"https:\/\/marcelolopes.jor.br\/site\/2020\/05\/31\/pm-prende-homem-em-santana-de-cataguases-com-cocaina\/","og_site_name":"Marcelo Lopes","article_publisher":"https:\/\/www.facebook.com\/sitedomarcelolopes","article_published_time":"2020-05-31T10:00:25+00:00","og_image":[{"width":800,"height":563,"url":"https:\/\/marcelolopes.jor.br\/site\/wp-content\/uploads\/2020\/05\/WhatsApp-Image-2020-05-30-at-21.29.32.jpeg","type":"image\/jpeg"}],"author":"Marcelo Lopes","twitter_card":"summary_large_image","twitter_misc":{"Escrito por":"Marcelo Lopes","Est. tempo de leitura":"1 minuto"},"schema":{"@context":"https:\/\/schema.org","@graph":[{"@type":"NewsArticle","@id":"https:\/\/marcelolopes.jor.br\/site\/2020\/05\/31\/pm-prende-homem-em-santana-de-cataguases-com-cocaina\/#article","isPartOf":{"@id":"https:\/\/marcelolopes.jor.br\/site\/2020\/05\/31\/pm-prende-homem-em-santana-de-cataguases-com-cocaina\/"},"author":{"name":"Marcelo Lopes","@id":"https:\/\/marcelolopes.jor.br\/site\/#\/schema\/person\/3e7216a35c34d8fdf952b31da3d1f89f"},"headline":"PM prende homem em Santana de Cataguases com coca\u00edna","datePublished":"2020-05-31T10:00:25+00:00","mainEntityOfPage":{"@id":"https:\/\/marcelolopes.jor.br\/site\/2020\/05\/31\/pm-prende-homem-em-santana-de-cataguases-com-cocaina\/"},"wordCount":152,"commentCount":0,"publisher":{"@id":"https:\/\/marcelolopes.jor.br\/site\/#organization"},"image":{"@id":"https:\/\/marcelolopes.jor.br\/site\/2020\/05\/31\/pm-prende-homem-em-santana-de-cataguases-com-cocaina\/#primaryimage"},"thumbnailUrl":"https:\/\/marcelolopes.jor.br\/site\/wp-content\/uploads\/2020\/05\/WhatsApp-Image-2020-05-30-at-21.29.32.jpeg","keywords":["coca\u00edna","droga","pris\u00e3o","Santana de Cataguases"],"articleSection":["Not\u00edcias"],"inLanguage":"pt-BR","potentialAction":[{"@type":"CommentAction","name":"Comment","target":["https:\/\/marcelolopes.jor.br\/site\/2020\/05\/31\/pm-prende-homem-em-santana-de-cataguases-com-cocaina\/#respond"]}]},{"@type":"WebPage","@id":"https:\/\/marcelolopes.jor.br\/site\/2020\/05\/31\/pm-prende-homem-em-santana-de-cataguases-com-cocaina\/","url":"https:\/\/marcelolopes.jor.br\/site\/2020\/05\/31\/pm-prende-homem-em-santana-de-cataguases-com-cocaina\/","name":"PM prende homem em Santana de Cataguases com coca\u00edna | Marcelo Lopes","isPartOf":{"@id":"https:\/\/marcelolopes.jor.br\/site\/#website"},"primaryImageOfPage":{"@id":"https:\/\/marcelolopes.jor.br\/site\/2020\/05\/31\/pm-prende-homem-em-santana-de-cataguases-com-cocaina\/#primaryimage"},"image":{"@id":"https:\/\/marcelolopes.jor.br\/site\/2020\/05\/31\/pm-prende-homem-em-santana-de-cataguases-com-cocaina\/#primaryimage"},"thumbnailUrl":"https:\/\/marcelolopes.jor.br\/site\/wp-content\/uploads\/2020\/05\/WhatsApp-Image-2020-05-30-at-21.29.32.jpeg","datePublished":"2020-05-31T10:00:25+00:00","breadcrumb":{"@id":"https:\/\/marcelolopes.jor.br\/site\/2020\/05\/31\/pm-prende-homem-em-santana-de-cataguases-com-cocaina\/#breadcrumb"},"inLanguage":"pt-BR","potentialAction":[{"@type":"ReadAction","target":["https:\/\/marcelolopes.jor.br\/site\/2020\/05\/31\/pm-prende-homem-em-santana-de-cataguases-com-cocaina\/"]}]},{"@type":"ImageObject","inLanguage":"pt-BR","@id":"https:\/\/marcelolopes.jor.br\/site\/2020\/05\/31\/pm-prende-homem-em-santana-de-cataguases-com-cocaina\/#primaryimage","url":"https:\/\/marcelolopes.jor.br\/site\/wp-content\/uploads\/2020\/05\/WhatsApp-Image-2020-05-30-at-21.29.32.jpeg","contentUrl":"https:\/\/marcelolopes.jor.br\/site\/wp-content\/uploads\/2020\/05\/WhatsApp-Image-2020-05-30-at-21.29.32.jpeg","width":800,"height":563},{"@type":"BreadcrumbList","@id":"https:\/\/marcelolopes.jor.br\/site\/2020\/05\/31\/pm-prende-homem-em-santana-de-cataguases-com-cocaina\/#breadcrumb","itemListElement":[{"@type":"ListItem","position":1,"name":"Home","item":"https:\/\/marcelolopes.jor.br\/site\/"},{"@type":"ListItem","position":2,"name":"PM prende homem em Santana de Cataguases com coca\u00edna"}]},{"@type":"WebSite","@id":"https:\/\/marcelolopes.jor.br\/site\/#website","url":"https:\/\/marcelolopes.jor.br\/site\/","name":"Marcelo Lopes","description":"Not\u00edcias de Cataguases e Regi\u00e3o","publisher":{"@id":"https:\/\/marcelolopes.jor.br\/site\/#organization"},"potentialAction":[{"@type":"SearchAction","target":{"@type":"EntryPoint","urlTemplate":"https:\/\/marcelolopes.jor.br\/site\/?s={search_term_string}"},"query-input":{"@type":"PropertyValueSpecification","valueRequired":true,"valueName":"search_term_string"}}],"inLanguage":"pt-BR"},{"@type":"Organization","@id":"https:\/\/marcelolopes.jor.br\/site\/#organization","name":"Site do Marcelo Lopes","url":"https:\/\/marcelolopes.jor.br\/site\/","logo":{"@type":"ImageObject","inLanguage":"pt-BR","@id":"https:\/\/marcelolopes.jor.br\/site\/#\/schema\/logo\/image\/","url":"https:\/\/marcelolopes.jor.br\/site\/wp-content\/uploads\/2024\/11\/logo-1.png","contentUrl":"https:\/\/marcelolopes.jor.br\/site\/wp-content\/uploads\/2024\/11\/logo-1.png","width":475,"height":80,"caption":"Site do Marcelo Lopes"},"image":{"@id":"https:\/\/marcelolopes.jor.br\/site\/#\/schema\/logo\/image\/"},"sameAs":["https:\/\/www.facebook.com\/sitedomarcelolopes","https:\/\/www.instagram.com\/sitedomarcelolopes\/","https:\/\/www.linkedin.com\/company\/site-do-marcelo-lopes\/","https:\/\/www.youtube.com\/user\/marcelolopes957"]},{"@type":"Person","@id":"https:\/\/marcelolopes.jor.br\/site\/#\/schema\/person\/3e7216a35c34d8fdf952b31da3d1f89f","name":"Marcelo Lopes","sameAs":["http:\/\/www.marcelolopes.jor.br"],"url":"https:\/\/marcelolopes.jor.br\/site\/author\/marcelo\/"}]}},"wps_subtitle":"Ele jogou fora a droga ao ver a aproxima\u00e7\u00e3o dos policiais.","_links":{"self":[{"href":"https:\/\/marcelolopes.jor.br\/site\/wp-json\/wp\/v2\/posts\/14639","targetHints":{"allow":["GET"]}}],"collection":[{"href":"https:\/\/marcelolopes.jor.br\/site\/wp-json\/wp\/v2\/posts"}],"about":[{"href":"https:\/\/marcelolopes.jor.br\/site\/wp-json\/wp\/v2\/types\/post"}],"author":[{"embeddable":true,"href":"https:\/\/marcelolopes.jor.br\/site\/wp-json\/wp\/v2\/users\/2"}],"replies":[{"embeddable":true,"href":"https:\/\/marcelolopes.jor.br\/site\/wp-json\/wp\/v2\/comments?post=14639"}],"version-history":[{"count":0,"href":"https:\/\/marcelolopes.jor.br\/site\/wp-json\/wp\/v2\/posts\/14639\/revisions"}],"wp:featuredmedia":[{"embeddable":true,"href":"https:\/\/marcelolopes.jor.br\/site\/wp-json\/wp\/v2\/media\/14641"}],"wp:attachment":[{"href":"https:\/\/marcelolopes.jor.br\/site\/wp-json\/wp\/v2\/media?parent=14639"}],"wp:term":[{"taxonomy":"category","embeddable":true,"href":"https:\/\/marcelolopes.jor.br\/site\/wp-json\/wp\/v2\/categories?post=14639"},{"taxonomy":"post_tag","embeddable":true,"href":"https:\/\/marcelolopes.jor.br\/site\/wp-json\/wp\/v2\/tags?post=14639"}],"curies":[{"name":"wp","href":"https:\/\/api.w.org\/{rel}","templated":true}]}}