{"id":14588,"date":"2020-05-29T12:22:32","date_gmt":"2020-05-29T15:22:32","guid":{"rendered":"https:\/\/marcelolopes.jor.br\/?p=14588"},"modified":"2020-05-29T12:22:32","modified_gmt":"2020-05-29T15:22:32","slug":"circuito-turistico-serras-e-cachoeiras-apresenta-nova-identidade-visual","status":"publish","type":"post","link":"https:\/\/marcelolopes.jor.br\/site\/2020\/05\/29\/circuito-turistico-serras-e-cachoeiras-apresenta-nova-identidade-visual\/","title":{"rendered":"Circuito Tur\u00edstico Serras e Cachoeiras apresenta nova identidade visual"},"content":{"rendered":"<p style=\"text-align: justify;\">A nova identidade visual do Circuito Tur\u00edstico Serras e Cachoeiras, do qual Cataguases faz parte, foi criada pelo designer gr\u00e1fico leopoldinense Cristiano F\u00f3fano, acaba de ser divulgada. Ela foi inspirada, especialmente, nos elementos que simbolizam a tradi\u00e7\u00e3o e identidade das cidades mineiras da regi\u00e3o, conforme revelou seu criador.\u00a0O projeto gr\u00e1fico apresenta um conceito que valoriza a import\u00e2ncia na constru\u00e7\u00e3o de uma marca que transpare\u00e7a valores e evolu\u00e7\u00e3o e faz analogia, ao topo, com os tra\u00e7os alusivos \u00e0s esta\u00e7\u00f5es ferrovi\u00e1rias de Minas, que trazem em sua hist\u00f3ria lembran\u00e7as de tempos \u00e1ureos que impactavam a economia, a cultura e o turismo, ainda remanescente em v\u00e1rias cidades do circuito.<!--more--><\/p>\n<p style=\"text-align: justify;\">A Pol\u00edtica P\u00fablica de Regionaliza\u00e7\u00e3o do Turismo de Minas Gerais \u00e9 refer\u00eancia para os demais estados brasileiros no que tange \u00e0 gest\u00e3o da atividade tur\u00edstica, seguindo as diretrizes do Programa de Regionaliza\u00e7\u00e3o do Turismo, estabelecido pelo Minist\u00e9rio do Turismo para as regi\u00f5es tur\u00edsticas. Certificado em 12 de maio de 2006, o Circuito Tur\u00edstico Serras e Cachoeiras \u00e9 uma inst\u00e2ncia de governan\u00e7a regional integrada por munic\u00edpios localizados na Zona da Mata Mineira com afinidades culturais, sociais e econ\u00f4micas.<\/p>\n<p style=\"text-align: justify;\"><img loading=\"lazy\" decoding=\"async\" class=\"aligncenter wp-image-14591\" src=\"https:\/\/marcelolopes.jor.br\/site\/wp-content\/uploads\/2020\/05\/49f7452902534deab48a35020466adbe.jpg\" alt=\"\" width=\"600\" height=\"225\" srcset=\"https:\/\/marcelolopes.jor.br\/site\/wp-content\/uploads\/2020\/05\/49f7452902534deab48a35020466adbe.jpg 1041w, https:\/\/marcelolopes.jor.br\/site\/wp-content\/uploads\/2020\/05\/49f7452902534deab48a35020466adbe-300x113.jpg 300w, https:\/\/marcelolopes.jor.br\/site\/wp-content\/uploads\/2020\/05\/49f7452902534deab48a35020466adbe-768x288.jpg 768w, https:\/\/marcelolopes.jor.br\/site\/wp-content\/uploads\/2020\/05\/49f7452902534deab48a35020466adbe-1024x385.jpg 1024w\" sizes=\"auto, (max-width: 600px) 100vw, 600px\" \/>O maior objetivo do Circuito Tur\u00edstico Serras e Cachoeiras \u00e9 promover a uni\u00e3o das cidades para organizar, desenvolver e consolidar a atividade tur\u00edstica local e regional de forma sustent\u00e1vel, regionalizada e descentralizada, com a participa\u00e7\u00e3o da sociedade civil e do setor privado.<\/p>\n<p style=\"text-align: justify;\">Atualmente a diretoria do Circuito Tur\u00edstico Serras e Cachoeiras \u00e9 composta pelo presidente Alex Andrade Anzolin; vice-presidente Luiz Ant\u00f4nio de Medeiros; diretor financeiro Vigorito Lamas da Silva Neto; diretor secret\u00e1rio executivo Claudiomir Jos\u00e9 Martins Vieira, e a gestora Ana Maria Garcia do Carmo Carminati. O Circuito \u00e9 compreendido pelas cidades de Al\u00e9m Para\u00edba, Argirita, Astolfo Dutra, Cataguases, Dona Euz\u00e9bia, Estrela Dalva, Guidoval, Itamarati de Minas, Laranjal, Leopoldina, Mira\u00ed, Palma, Pira\u00faba, Rodeiro, Santo Ant\u00f4nio do Aventureiro, S\u00e3o Sebasti\u00e3o da Vargem Alegre e Volta Grande.<\/p>\n<p style=\"text-align: justify;\">O trabalho se d\u00e1 por meio da integra\u00e7\u00e3o cont\u00ednua dos munic\u00edpios, gestores p\u00fablicos, iniciativa privada e sociedade civil, consolidando uma identidade regional e protagonizando o desenvolvimento por meio de alian\u00e7as e parcerias. Atualmente, de acordo com a legisla\u00e7\u00e3o vigente, Minas Gerais conta com 47 Circuitos Tur\u00edsticos certificados, envolvendo todas as regi\u00f5es de Minas Gerais e aproximadamente 600 munic\u00edpios regionalizados.<\/p>\n<p style=\"text-align: justify;\"><strong>O novo site e m\u00eddias sociais<\/strong><br \/>\nCom toda essa mudan\u00e7a, nossos canais de comunica\u00e7\u00e3o, site e redes sociais, n\u00e3o poderiam ficar de fora. O novo site, com design estrategicamente elaborado, funcionalidades modernas e layout intuitivo, traz uma navega\u00e7\u00e3o simples e r\u00e1pida para os nossos leitores e seguidores. Em nossas m\u00eddias sociais, compartilharemos conte\u00fados especiais com dicas voltadas para quem busca conhecimento em nossos potenciais tur\u00edsticos. A diretoria do Circuito Tur\u00edstico Serras e Cachoeiras apresenta todo processo e mudan\u00e7a, agradecendo a todos que acreditam nos objetivos e na miss\u00e3o da entidade. &#8220;Voc\u00eas tamb\u00e9m fazem parte desta hist\u00f3ria!&#8221;<\/p>\n<p style=\"text-align: justify;\">Fonte: Circuito Tur\u00edstico Serras e Cachoeiras<\/p>\n<div class=\"dytkl69f727c59946a\" ><br><\/div><style type=\"text\/css\">\r\n@media screen and (min-width: 1201px) {\r\n.dytkl69f727c59946a {\r\ndisplay: block;\r\n}\r\n}\r\n@media screen and (min-width: 993px) and (max-width: 1200px) {\r\n.dytkl69f727c59946a {\r\ndisplay: block;\r\n}\r\n}\r\n@media screen and (min-width: 769px) and (max-width: 992px) {\r\n.dytkl69f727c59946a {\r\ndisplay: block;\r\n}\r\n}\r\n@media screen and (min-width: 768px) and (max-width: 768px) {\r\n.dytkl69f727c59946a {\r\ndisplay: block;\r\n}\r\n}\r\n@media screen and (max-width: 767px) {\r\n.dytkl69f727c59946a {\r\ndisplay: block;\r\n}\r\n}\r\n<\/style>\r\n<div class=\"zwlgn69f727c59dcf9\" ><div id=\"div_destino\"><\/div>\r\n<script src=\"https:\/\/cdn.snsrsv.com\/sdk.js\"><\/script>\r\n<script >\r\n      new sdk(\"464030C30061EA8BE065000000000001\") \r\n          .appendTo(\"div_destino\")\r\n          .disableStyle(true) \r\n          .setCacheBusterMacro(\"%%CACHEBUSTER%%\")\r\n          .setSize(\"800\",\"214\")\r\n          .setClickMacro(\"%%CLICK_URL_ESC%%\") \r\n          .setReferrerUrlMacro(\"%%REFERRER_URL_ESC%%\") \r\n          .start(); \r\n<\/script><\/div><style type=\"text\/css\">\r\n@media screen and (min-width: 1201px) {\r\n.zwlgn69f727c59dcf9 {\r\ndisplay: block;\r\n}\r\n}\r\n@media screen and (min-width: 993px) and (max-width: 1200px) {\r\n.zwlgn69f727c59dcf9 {\r\ndisplay: block;\r\n}\r\n}\r\n@media screen and (min-width: 769px) and (max-width: 992px) {\r\n.zwlgn69f727c59dcf9 {\r\ndisplay: block;\r\n}\r\n}\r\n@media screen and (min-width: 768px) and (max-width: 768px) {\r\n.zwlgn69f727c59dcf9 {\r\ndisplay: block;\r\n}\r\n}\r\n@media screen and (max-width: 767px) {\r\n.zwlgn69f727c59dcf9 {\r\ndisplay: block;\r\n}\r\n}\r\n<\/style>\r\n","protected":false},"excerpt":{"rendered":"<p>A nova identidade visual do Circuito Tur\u00edstico Serras e Cachoeiras, do qual Cataguases faz parte, foi criada pelo designer gr\u00e1fico leopoldinense Cristiano F\u00f3fano, acaba de ser divulgada. Ela foi inspirada, especialmente, nos elementos que simbolizam a tradi\u00e7\u00e3o e identidade das<\/p>\n<p class=\"link-more\"><a class=\"more-link\" href=\"https:\/\/marcelolopes.jor.br\/site\/2020\/05\/29\/circuito-turistico-serras-e-cachoeiras-apresenta-nova-identidade-visual\/\">Leia mais <span class=\"screen-reader-text\">Circuito Tur\u00edstico Serras e Cachoeiras apresenta nova identidade visual<\/span><\/a><\/p>\n","protected":false},"author":2,"featured_media":14590,"comment_status":"open","ping_status":"open","sticky":false,"template":"","format":"standard","meta":{"footnotes":""},"categories":[1],"tags":[2536,2538,2537,1860],"class_list":["post-14588","post","type-post","status-publish","format-standard","has-post-thumbnail","hentry","category-noticias","tag-circuito-turistico","tag-logomarca","tag-serras-e-cachoeiras","tag-turismo","thumb-below-title"],"yoast_head":"<!-- This site is optimized with the Yoast SEO plugin v27.4 - https:\/\/yoast.com\/product\/yoast-seo-wordpress\/ -->\n<title>Circuito Tur\u00edstico Serras e Cachoeiras apresenta nova identidade visual | Marcelo Lopes<\/title>\n<meta name=\"robots\" content=\"index, follow, max-snippet:-1, max-image-preview:large, max-video-preview:-1\" \/>\n<link rel=\"canonical\" href=\"https:\/\/marcelolopes.jor.br\/site\/2020\/05\/29\/circuito-turistico-serras-e-cachoeiras-apresenta-nova-identidade-visual\/\" \/>\n<meta property=\"og:locale\" content=\"pt_BR\" \/>\n<meta property=\"og:type\" content=\"article\" \/>\n<meta property=\"og:title\" content=\"Circuito Tur\u00edstico Serras e Cachoeiras apresenta nova identidade visual | Marcelo Lopes\" \/>\n<meta property=\"og:description\" content=\"A nova identidade visual do Circuito Tur\u00edstico Serras e Cachoeiras, do qual Cataguases faz parte, foi criada pelo designer gr\u00e1fico leopoldinense Cristiano F\u00f3fano, acaba de ser divulgada. Ela foi inspirada, especialmente, nos elementos que simbolizam a tradi\u00e7\u00e3o e identidade dasLeia mais Circuito Tur\u00edstico Serras e Cachoeiras apresenta nova identidade visual\" \/>\n<meta property=\"og:url\" content=\"https:\/\/marcelolopes.jor.br\/site\/2020\/05\/29\/circuito-turistico-serras-e-cachoeiras-apresenta-nova-identidade-visual\/\" \/>\n<meta property=\"og:site_name\" content=\"Marcelo Lopes\" \/>\n<meta property=\"article:publisher\" content=\"https:\/\/www.facebook.com\/sitedomarcelolopes\" \/>\n<meta property=\"article:published_time\" content=\"2020-05-29T15:22:32+00:00\" \/>\n<meta property=\"og:image\" content=\"https:\/\/marcelolopes.jor.br\/site\/wp-content\/uploads\/2020\/05\/d9ab692bd4c04600b384c6c761509b41.jpg\" \/>\n\t<meta property=\"og:image:width\" content=\"892\" \/>\n\t<meta property=\"og:image:height\" content=\"611\" \/>\n\t<meta property=\"og:image:type\" content=\"image\/jpeg\" \/>\n<meta name=\"author\" content=\"Marcelo Lopes\" \/>\n<meta name=\"twitter:card\" content=\"summary_large_image\" \/>\n<meta name=\"twitter:label1\" content=\"Escrito por\" \/>\n\t<meta name=\"twitter:data1\" content=\"Marcelo Lopes\" \/>\n\t<meta name=\"twitter:label2\" content=\"Est. tempo de leitura\" \/>\n\t<meta name=\"twitter:data2\" content=\"3 minutos\" \/>\n<script type=\"application\/ld+json\" class=\"yoast-schema-graph\">{\"@context\":\"https:\\\/\\\/schema.org\",\"@graph\":[{\"@type\":\"NewsArticle\",\"@id\":\"https:\\\/\\\/marcelolopes.jor.br\\\/site\\\/2020\\\/05\\\/29\\\/circuito-turistico-serras-e-cachoeiras-apresenta-nova-identidade-visual\\\/#article\",\"isPartOf\":{\"@id\":\"https:\\\/\\\/marcelolopes.jor.br\\\/site\\\/2020\\\/05\\\/29\\\/circuito-turistico-serras-e-cachoeiras-apresenta-nova-identidade-visual\\\/\"},\"author\":{\"name\":\"Marcelo Lopes\",\"@id\":\"https:\\\/\\\/marcelolopes.jor.br\\\/site\\\/#\\\/schema\\\/person\\\/3e7216a35c34d8fdf952b31da3d1f89f\"},\"headline\":\"Circuito Tur\u00edstico Serras e Cachoeiras apresenta nova identidade visual\",\"datePublished\":\"2020-05-29T15:22:32+00:00\",\"mainEntityOfPage\":{\"@id\":\"https:\\\/\\\/marcelolopes.jor.br\\\/site\\\/2020\\\/05\\\/29\\\/circuito-turistico-serras-e-cachoeiras-apresenta-nova-identidade-visual\\\/\"},\"wordCount\":541,\"commentCount\":0,\"publisher\":{\"@id\":\"https:\\\/\\\/marcelolopes.jor.br\\\/site\\\/#organization\"},\"image\":{\"@id\":\"https:\\\/\\\/marcelolopes.jor.br\\\/site\\\/2020\\\/05\\\/29\\\/circuito-turistico-serras-e-cachoeiras-apresenta-nova-identidade-visual\\\/#primaryimage\"},\"thumbnailUrl\":\"https:\\\/\\\/marcelolopes.jor.br\\\/site\\\/wp-content\\\/uploads\\\/2020\\\/05\\\/d9ab692bd4c04600b384c6c761509b41.jpg\",\"keywords\":[\"Circuito tur\u00edstico\",\"logomarca\",\"Serras e Cachoeiras\",\"Turismo\"],\"articleSection\":[\"Not\u00edcias\"],\"inLanguage\":\"pt-BR\",\"potentialAction\":[{\"@type\":\"CommentAction\",\"name\":\"Comment\",\"target\":[\"https:\\\/\\\/marcelolopes.jor.br\\\/site\\\/2020\\\/05\\\/29\\\/circuito-turistico-serras-e-cachoeiras-apresenta-nova-identidade-visual\\\/#respond\"]}]},{\"@type\":\"WebPage\",\"@id\":\"https:\\\/\\\/marcelolopes.jor.br\\\/site\\\/2020\\\/05\\\/29\\\/circuito-turistico-serras-e-cachoeiras-apresenta-nova-identidade-visual\\\/\",\"url\":\"https:\\\/\\\/marcelolopes.jor.br\\\/site\\\/2020\\\/05\\\/29\\\/circuito-turistico-serras-e-cachoeiras-apresenta-nova-identidade-visual\\\/\",\"name\":\"Circuito Tur\u00edstico Serras e Cachoeiras apresenta nova identidade visual | Marcelo Lopes\",\"isPartOf\":{\"@id\":\"https:\\\/\\\/marcelolopes.jor.br\\\/site\\\/#website\"},\"primaryImageOfPage\":{\"@id\":\"https:\\\/\\\/marcelolopes.jor.br\\\/site\\\/2020\\\/05\\\/29\\\/circuito-turistico-serras-e-cachoeiras-apresenta-nova-identidade-visual\\\/#primaryimage\"},\"image\":{\"@id\":\"https:\\\/\\\/marcelolopes.jor.br\\\/site\\\/2020\\\/05\\\/29\\\/circuito-turistico-serras-e-cachoeiras-apresenta-nova-identidade-visual\\\/#primaryimage\"},\"thumbnailUrl\":\"https:\\\/\\\/marcelolopes.jor.br\\\/site\\\/wp-content\\\/uploads\\\/2020\\\/05\\\/d9ab692bd4c04600b384c6c761509b41.jpg\",\"datePublished\":\"2020-05-29T15:22:32+00:00\",\"breadcrumb\":{\"@id\":\"https:\\\/\\\/marcelolopes.jor.br\\\/site\\\/2020\\\/05\\\/29\\\/circuito-turistico-serras-e-cachoeiras-apresenta-nova-identidade-visual\\\/#breadcrumb\"},\"inLanguage\":\"pt-BR\",\"potentialAction\":[{\"@type\":\"ReadAction\",\"target\":[\"https:\\\/\\\/marcelolopes.jor.br\\\/site\\\/2020\\\/05\\\/29\\\/circuito-turistico-serras-e-cachoeiras-apresenta-nova-identidade-visual\\\/\"]}]},{\"@type\":\"ImageObject\",\"inLanguage\":\"pt-BR\",\"@id\":\"https:\\\/\\\/marcelolopes.jor.br\\\/site\\\/2020\\\/05\\\/29\\\/circuito-turistico-serras-e-cachoeiras-apresenta-nova-identidade-visual\\\/#primaryimage\",\"url\":\"https:\\\/\\\/marcelolopes.jor.br\\\/site\\\/wp-content\\\/uploads\\\/2020\\\/05\\\/d9ab692bd4c04600b384c6c761509b41.jpg\",\"contentUrl\":\"https:\\\/\\\/marcelolopes.jor.br\\\/site\\\/wp-content\\\/uploads\\\/2020\\\/05\\\/d9ab692bd4c04600b384c6c761509b41.jpg\",\"width\":892,\"height\":611},{\"@type\":\"BreadcrumbList\",\"@id\":\"https:\\\/\\\/marcelolopes.jor.br\\\/site\\\/2020\\\/05\\\/29\\\/circuito-turistico-serras-e-cachoeiras-apresenta-nova-identidade-visual\\\/#breadcrumb\",\"itemListElement\":[{\"@type\":\"ListItem\",\"position\":1,\"name\":\"Home\",\"item\":\"https:\\\/\\\/marcelolopes.jor.br\\\/site\\\/\"},{\"@type\":\"ListItem\",\"position\":2,\"name\":\"Circuito Tur\u00edstico Serras e Cachoeiras apresenta nova identidade visual\"}]},{\"@type\":\"WebSite\",\"@id\":\"https:\\\/\\\/marcelolopes.jor.br\\\/site\\\/#website\",\"url\":\"https:\\\/\\\/marcelolopes.jor.br\\\/site\\\/\",\"name\":\"Marcelo Lopes\",\"description\":\"Not\u00edcias de Cataguases e Regi\u00e3o\",\"publisher\":{\"@id\":\"https:\\\/\\\/marcelolopes.jor.br\\\/site\\\/#organization\"},\"potentialAction\":[{\"@type\":\"SearchAction\",\"target\":{\"@type\":\"EntryPoint\",\"urlTemplate\":\"https:\\\/\\\/marcelolopes.jor.br\\\/site\\\/?s={search_term_string}\"},\"query-input\":{\"@type\":\"PropertyValueSpecification\",\"valueRequired\":true,\"valueName\":\"search_term_string\"}}],\"inLanguage\":\"pt-BR\"},{\"@type\":\"Organization\",\"@id\":\"https:\\\/\\\/marcelolopes.jor.br\\\/site\\\/#organization\",\"name\":\"Site do Marcelo Lopes\",\"url\":\"https:\\\/\\\/marcelolopes.jor.br\\\/site\\\/\",\"logo\":{\"@type\":\"ImageObject\",\"inLanguage\":\"pt-BR\",\"@id\":\"https:\\\/\\\/marcelolopes.jor.br\\\/site\\\/#\\\/schema\\\/logo\\\/image\\\/\",\"url\":\"https:\\\/\\\/marcelolopes.jor.br\\\/site\\\/wp-content\\\/uploads\\\/2024\\\/11\\\/logo-1.png\",\"contentUrl\":\"https:\\\/\\\/marcelolopes.jor.br\\\/site\\\/wp-content\\\/uploads\\\/2024\\\/11\\\/logo-1.png\",\"width\":475,\"height\":80,\"caption\":\"Site do Marcelo Lopes\"},\"image\":{\"@id\":\"https:\\\/\\\/marcelolopes.jor.br\\\/site\\\/#\\\/schema\\\/logo\\\/image\\\/\"},\"sameAs\":[\"https:\\\/\\\/www.facebook.com\\\/sitedomarcelolopes\",\"https:\\\/\\\/www.instagram.com\\\/sitedomarcelolopes\\\/\",\"https:\\\/\\\/www.linkedin.com\\\/company\\\/site-do-marcelo-lopes\\\/\",\"https:\\\/\\\/www.youtube.com\\\/user\\\/marcelolopes957\"]},{\"@type\":\"Person\",\"@id\":\"https:\\\/\\\/marcelolopes.jor.br\\\/site\\\/#\\\/schema\\\/person\\\/3e7216a35c34d8fdf952b31da3d1f89f\",\"name\":\"Marcelo Lopes\",\"sameAs\":[\"http:\\\/\\\/www.marcelolopes.jor.br\"],\"url\":\"https:\\\/\\\/marcelolopes.jor.br\\\/site\\\/author\\\/marcelo\\\/\"}]}<\/script>\n<!-- \/ Yoast SEO plugin. -->","yoast_head_json":{"title":"Circuito Tur\u00edstico Serras e Cachoeiras apresenta nova identidade visual | Marcelo Lopes","robots":{"index":"index","follow":"follow","max-snippet":"max-snippet:-1","max-image-preview":"max-image-preview:large","max-video-preview":"max-video-preview:-1"},"canonical":"https:\/\/marcelolopes.jor.br\/site\/2020\/05\/29\/circuito-turistico-serras-e-cachoeiras-apresenta-nova-identidade-visual\/","og_locale":"pt_BR","og_type":"article","og_title":"Circuito Tur\u00edstico Serras e Cachoeiras apresenta nova identidade visual | Marcelo Lopes","og_description":"A nova identidade visual do Circuito Tur\u00edstico Serras e Cachoeiras, do qual Cataguases faz parte, foi criada pelo designer gr\u00e1fico leopoldinense Cristiano F\u00f3fano, acaba de ser divulgada. Ela foi inspirada, especialmente, nos elementos que simbolizam a tradi\u00e7\u00e3o e identidade dasLeia mais Circuito Tur\u00edstico Serras e Cachoeiras apresenta nova identidade visual","og_url":"https:\/\/marcelolopes.jor.br\/site\/2020\/05\/29\/circuito-turistico-serras-e-cachoeiras-apresenta-nova-identidade-visual\/","og_site_name":"Marcelo Lopes","article_publisher":"https:\/\/www.facebook.com\/sitedomarcelolopes","article_published_time":"2020-05-29T15:22:32+00:00","og_image":[{"width":892,"height":611,"url":"https:\/\/marcelolopes.jor.br\/site\/wp-content\/uploads\/2020\/05\/d9ab692bd4c04600b384c6c761509b41.jpg","type":"image\/jpeg"}],"author":"Marcelo Lopes","twitter_card":"summary_large_image","twitter_misc":{"Escrito por":"Marcelo Lopes","Est. tempo de leitura":"3 minutos"},"schema":{"@context":"https:\/\/schema.org","@graph":[{"@type":"NewsArticle","@id":"https:\/\/marcelolopes.jor.br\/site\/2020\/05\/29\/circuito-turistico-serras-e-cachoeiras-apresenta-nova-identidade-visual\/#article","isPartOf":{"@id":"https:\/\/marcelolopes.jor.br\/site\/2020\/05\/29\/circuito-turistico-serras-e-cachoeiras-apresenta-nova-identidade-visual\/"},"author":{"name":"Marcelo Lopes","@id":"https:\/\/marcelolopes.jor.br\/site\/#\/schema\/person\/3e7216a35c34d8fdf952b31da3d1f89f"},"headline":"Circuito Tur\u00edstico Serras e Cachoeiras apresenta nova identidade visual","datePublished":"2020-05-29T15:22:32+00:00","mainEntityOfPage":{"@id":"https:\/\/marcelolopes.jor.br\/site\/2020\/05\/29\/circuito-turistico-serras-e-cachoeiras-apresenta-nova-identidade-visual\/"},"wordCount":541,"commentCount":0,"publisher":{"@id":"https:\/\/marcelolopes.jor.br\/site\/#organization"},"image":{"@id":"https:\/\/marcelolopes.jor.br\/site\/2020\/05\/29\/circuito-turistico-serras-e-cachoeiras-apresenta-nova-identidade-visual\/#primaryimage"},"thumbnailUrl":"https:\/\/marcelolopes.jor.br\/site\/wp-content\/uploads\/2020\/05\/d9ab692bd4c04600b384c6c761509b41.jpg","keywords":["Circuito tur\u00edstico","logomarca","Serras e Cachoeiras","Turismo"],"articleSection":["Not\u00edcias"],"inLanguage":"pt-BR","potentialAction":[{"@type":"CommentAction","name":"Comment","target":["https:\/\/marcelolopes.jor.br\/site\/2020\/05\/29\/circuito-turistico-serras-e-cachoeiras-apresenta-nova-identidade-visual\/#respond"]}]},{"@type":"WebPage","@id":"https:\/\/marcelolopes.jor.br\/site\/2020\/05\/29\/circuito-turistico-serras-e-cachoeiras-apresenta-nova-identidade-visual\/","url":"https:\/\/marcelolopes.jor.br\/site\/2020\/05\/29\/circuito-turistico-serras-e-cachoeiras-apresenta-nova-identidade-visual\/","name":"Circuito Tur\u00edstico Serras e Cachoeiras apresenta nova identidade visual | Marcelo Lopes","isPartOf":{"@id":"https:\/\/marcelolopes.jor.br\/site\/#website"},"primaryImageOfPage":{"@id":"https:\/\/marcelolopes.jor.br\/site\/2020\/05\/29\/circuito-turistico-serras-e-cachoeiras-apresenta-nova-identidade-visual\/#primaryimage"},"image":{"@id":"https:\/\/marcelolopes.jor.br\/site\/2020\/05\/29\/circuito-turistico-serras-e-cachoeiras-apresenta-nova-identidade-visual\/#primaryimage"},"thumbnailUrl":"https:\/\/marcelolopes.jor.br\/site\/wp-content\/uploads\/2020\/05\/d9ab692bd4c04600b384c6c761509b41.jpg","datePublished":"2020-05-29T15:22:32+00:00","breadcrumb":{"@id":"https:\/\/marcelolopes.jor.br\/site\/2020\/05\/29\/circuito-turistico-serras-e-cachoeiras-apresenta-nova-identidade-visual\/#breadcrumb"},"inLanguage":"pt-BR","potentialAction":[{"@type":"ReadAction","target":["https:\/\/marcelolopes.jor.br\/site\/2020\/05\/29\/circuito-turistico-serras-e-cachoeiras-apresenta-nova-identidade-visual\/"]}]},{"@type":"ImageObject","inLanguage":"pt-BR","@id":"https:\/\/marcelolopes.jor.br\/site\/2020\/05\/29\/circuito-turistico-serras-e-cachoeiras-apresenta-nova-identidade-visual\/#primaryimage","url":"https:\/\/marcelolopes.jor.br\/site\/wp-content\/uploads\/2020\/05\/d9ab692bd4c04600b384c6c761509b41.jpg","contentUrl":"https:\/\/marcelolopes.jor.br\/site\/wp-content\/uploads\/2020\/05\/d9ab692bd4c04600b384c6c761509b41.jpg","width":892,"height":611},{"@type":"BreadcrumbList","@id":"https:\/\/marcelolopes.jor.br\/site\/2020\/05\/29\/circuito-turistico-serras-e-cachoeiras-apresenta-nova-identidade-visual\/#breadcrumb","itemListElement":[{"@type":"ListItem","position":1,"name":"Home","item":"https:\/\/marcelolopes.jor.br\/site\/"},{"@type":"ListItem","position":2,"name":"Circuito Tur\u00edstico Serras e Cachoeiras apresenta nova identidade visual"}]},{"@type":"WebSite","@id":"https:\/\/marcelolopes.jor.br\/site\/#website","url":"https:\/\/marcelolopes.jor.br\/site\/","name":"Marcelo Lopes","description":"Not\u00edcias de Cataguases e Regi\u00e3o","publisher":{"@id":"https:\/\/marcelolopes.jor.br\/site\/#organization"},"potentialAction":[{"@type":"SearchAction","target":{"@type":"EntryPoint","urlTemplate":"https:\/\/marcelolopes.jor.br\/site\/?s={search_term_string}"},"query-input":{"@type":"PropertyValueSpecification","valueRequired":true,"valueName":"search_term_string"}}],"inLanguage":"pt-BR"},{"@type":"Organization","@id":"https:\/\/marcelolopes.jor.br\/site\/#organization","name":"Site do Marcelo Lopes","url":"https:\/\/marcelolopes.jor.br\/site\/","logo":{"@type":"ImageObject","inLanguage":"pt-BR","@id":"https:\/\/marcelolopes.jor.br\/site\/#\/schema\/logo\/image\/","url":"https:\/\/marcelolopes.jor.br\/site\/wp-content\/uploads\/2024\/11\/logo-1.png","contentUrl":"https:\/\/marcelolopes.jor.br\/site\/wp-content\/uploads\/2024\/11\/logo-1.png","width":475,"height":80,"caption":"Site do Marcelo Lopes"},"image":{"@id":"https:\/\/marcelolopes.jor.br\/site\/#\/schema\/logo\/image\/"},"sameAs":["https:\/\/www.facebook.com\/sitedomarcelolopes","https:\/\/www.instagram.com\/sitedomarcelolopes\/","https:\/\/www.linkedin.com\/company\/site-do-marcelo-lopes\/","https:\/\/www.youtube.com\/user\/marcelolopes957"]},{"@type":"Person","@id":"https:\/\/marcelolopes.jor.br\/site\/#\/schema\/person\/3e7216a35c34d8fdf952b31da3d1f89f","name":"Marcelo Lopes","sameAs":["http:\/\/www.marcelolopes.jor.br"],"url":"https:\/\/marcelolopes.jor.br\/site\/author\/marcelo\/"}]}},"wps_subtitle":"O novo logotipo simboliza a tradi\u00e7\u00e3o e identidade das cidades da regi\u00e3o.","_links":{"self":[{"href":"https:\/\/marcelolopes.jor.br\/site\/wp-json\/wp\/v2\/posts\/14588","targetHints":{"allow":["GET"]}}],"collection":[{"href":"https:\/\/marcelolopes.jor.br\/site\/wp-json\/wp\/v2\/posts"}],"about":[{"href":"https:\/\/marcelolopes.jor.br\/site\/wp-json\/wp\/v2\/types\/post"}],"author":[{"embeddable":true,"href":"https:\/\/marcelolopes.jor.br\/site\/wp-json\/wp\/v2\/users\/2"}],"replies":[{"embeddable":true,"href":"https:\/\/marcelolopes.jor.br\/site\/wp-json\/wp\/v2\/comments?post=14588"}],"version-history":[{"count":0,"href":"https:\/\/marcelolopes.jor.br\/site\/wp-json\/wp\/v2\/posts\/14588\/revisions"}],"wp:featuredmedia":[{"embeddable":true,"href":"https:\/\/marcelolopes.jor.br\/site\/wp-json\/wp\/v2\/media\/14590"}],"wp:attachment":[{"href":"https:\/\/marcelolopes.jor.br\/site\/wp-json\/wp\/v2\/media?parent=14588"}],"wp:term":[{"taxonomy":"category","embeddable":true,"href":"https:\/\/marcelolopes.jor.br\/site\/wp-json\/wp\/v2\/categories?post=14588"},{"taxonomy":"post_tag","embeddable":true,"href":"https:\/\/marcelolopes.jor.br\/site\/wp-json\/wp\/v2\/tags?post=14588"}],"curies":[{"name":"wp","href":"https:\/\/api.w.org\/{rel}","templated":true}]}}