{"id":14583,"date":"2020-05-29T07:00:05","date_gmt":"2020-05-29T10:00:05","guid":{"rendered":"https:\/\/marcelolopes.jor.br\/?p=14583"},"modified":"2020-05-29T12:10:30","modified_gmt":"2020-05-29T15:10:30","slug":"prefeitura-de-astolfo-dutra-e-corpo-de-bombeiros-assinam-convenio","status":"publish","type":"post","link":"https:\/\/marcelolopes.jor.br\/site\/2020\/05\/29\/prefeitura-de-astolfo-dutra-e-corpo-de-bombeiros-assinam-convenio\/","title":{"rendered":"Prefeitura de Astolfo Dutra e Corpo de Bombeiros assinam conv\u00eanio"},"content":{"rendered":"<p style=\"text-align: justify;\">O Comandante-Geral do Corpo de Bombeiros Militar de Minas Gerais (CBMMG) \u2013 Coronel BM Edgard Estevo da Silva \u2013 far\u00e1 nesta sexta-feira, 29 de maio, \u00e0s 11 horas, a assinatura de conv\u00eanio, com a Prefeitura de Astolfo Dutra, para implementa\u00e7\u00e3o da Brigada Municipal.<!--more--><\/p>\n<p style=\"text-align: justify;\">Esta ser\u00e1 a primeira brigada instalada aos moldes da Portaria n\u00ba 33\/2018, que regula as atividades auxiliares do CBMMG no Estado, e cumpre um objetivo estrat\u00e9gico da Corpora\u00e7\u00e3o em buscar a excel\u00eancia no atendimento com tempo-resposta, atrav\u00e9s de sua expans\u00e3o nos munic\u00edpios com menos de 30 mil habitantes, os quais n\u00e3o contariam com uma unidade do CBMMG.<\/p>\n<p style=\"text-align: justify;\">A brigada municipal, formada por brigadistas contratados pela prefeitura, permite aos munic\u00edpios, como Astolfo Dutra, receberem um servi\u00e7o de combate a inc\u00eandios e salvamento formado, coordenado e supervisionado pelo CBMMG, garantindo assim a qualidade, compet\u00eancia e agilidade inerentes \u00e0 Corpora\u00e7\u00e3o.<\/p>\n<p style=\"text-align: justify;\">Outras gest\u00f5es municipais, a exemplo de Astolfo Dutra, tamb\u00e9m podem ser contempladas com o servi\u00e7o da brigada municipal, bastando aos interessados procurarem os Comandos Operacionais de Bombeiros da \u00e1rea, demonstrando o interesse.<\/p>\n<p style=\"text-align: justify;\">Fonte: Assessoria de Comunica\u00e7\u00e3o do CBMMG. | Foto:<\/p>\n<div class=\"iqtyx69f75456a3802\" ><br><\/div><style type=\"text\/css\">\r\n@media screen and (min-width: 1201px) {\r\n.iqtyx69f75456a3802 {\r\ndisplay: block;\r\n}\r\n}\r\n@media screen and (min-width: 993px) and (max-width: 1200px) {\r\n.iqtyx69f75456a3802 {\r\ndisplay: block;\r\n}\r\n}\r\n@media screen and (min-width: 769px) and (max-width: 992px) {\r\n.iqtyx69f75456a3802 {\r\ndisplay: block;\r\n}\r\n}\r\n@media screen and (min-width: 768px) and (max-width: 768px) {\r\n.iqtyx69f75456a3802 {\r\ndisplay: block;\r\n}\r\n}\r\n@media screen and (max-width: 767px) {\r\n.iqtyx69f75456a3802 {\r\ndisplay: block;\r\n}\r\n}\r\n<\/style>\r\n<div class=\"rowln69f75456a9ce0\" ><div id=\"div_destino\"><\/div>\r\n<script src=\"https:\/\/cdn.snsrsv.com\/sdk.js\"><\/script>\r\n<script >\r\n      new sdk(\"464030C30061EA8BE065000000000001\") \r\n          .appendTo(\"div_destino\")\r\n          .disableStyle(true) \r\n          .setCacheBusterMacro(\"%%CACHEBUSTER%%\")\r\n          .setSize(\"800\",\"214\")\r\n          .setClickMacro(\"%%CLICK_URL_ESC%%\") \r\n          .setReferrerUrlMacro(\"%%REFERRER_URL_ESC%%\") \r\n          .start(); \r\n<\/script><\/div><style type=\"text\/css\">\r\n@media screen and (min-width: 1201px) {\r\n.rowln69f75456a9ce0 {\r\ndisplay: block;\r\n}\r\n}\r\n@media screen and (min-width: 993px) and (max-width: 1200px) {\r\n.rowln69f75456a9ce0 {\r\ndisplay: block;\r\n}\r\n}\r\n@media screen and (min-width: 769px) and (max-width: 992px) {\r\n.rowln69f75456a9ce0 {\r\ndisplay: block;\r\n}\r\n}\r\n@media screen and (min-width: 768px) and (max-width: 768px) {\r\n.rowln69f75456a9ce0 {\r\ndisplay: block;\r\n}\r\n}\r\n@media screen and (max-width: 767px) {\r\n.rowln69f75456a9ce0 {\r\ndisplay: block;\r\n}\r\n}\r\n<\/style>\r\n","protected":false},"excerpt":{"rendered":"<p>O Comandante-Geral do Corpo de Bombeiros Militar de Minas Gerais (CBMMG) \u2013 Coronel BM Edgard Estevo da Silva \u2013 far\u00e1 nesta sexta-feira, 29 de maio, \u00e0s 11 horas, a assinatura de conv\u00eanio, com a Prefeitura de Astolfo Dutra, para implementa\u00e7\u00e3o<\/p>\n<p class=\"link-more\"><a class=\"more-link\" href=\"https:\/\/marcelolopes.jor.br\/site\/2020\/05\/29\/prefeitura-de-astolfo-dutra-e-corpo-de-bombeiros-assinam-convenio\/\">Leia mais <span class=\"screen-reader-text\">Prefeitura de Astolfo Dutra e Corpo de Bombeiros assinam conv\u00eanio<\/span><\/a><\/p>\n","protected":false},"author":2,"featured_media":14587,"comment_status":"open","ping_status":"open","sticky":false,"template":"","format":"standard","meta":{"footnotes":""},"categories":[1],"tags":[2535,516,212,1390],"class_list":["post-14583","post","type-post","status-publish","format-standard","has-post-thumbnail","hentry","category-noticias","tag-brigada-dos-bombeiros","tag-corpo-de-bombeiros","tag-incendio","tag-salvamento","thumb-below-title"],"yoast_head":"<!-- This site is optimized with the Yoast SEO plugin v27.4 - https:\/\/yoast.com\/product\/yoast-seo-wordpress\/ -->\n<title>Prefeitura de Astolfo Dutra e Corpo de Bombeiros assinam conv\u00eanio | Marcelo Lopes<\/title>\n<meta name=\"robots\" content=\"index, follow, max-snippet:-1, max-image-preview:large, max-video-preview:-1\" \/>\n<link rel=\"canonical\" href=\"https:\/\/marcelolopes.jor.br\/site\/2020\/05\/29\/prefeitura-de-astolfo-dutra-e-corpo-de-bombeiros-assinam-convenio\/\" \/>\n<meta property=\"og:locale\" content=\"pt_BR\" \/>\n<meta property=\"og:type\" content=\"article\" \/>\n<meta property=\"og:title\" content=\"Prefeitura de Astolfo Dutra e Corpo de Bombeiros assinam conv\u00eanio | Marcelo Lopes\" \/>\n<meta property=\"og:description\" content=\"O Comandante-Geral do Corpo de Bombeiros Militar de Minas Gerais (CBMMG) \u2013 Coronel BM Edgard Estevo da Silva \u2013 far\u00e1 nesta sexta-feira, 29 de maio, \u00e0s 11 horas, a assinatura de conv\u00eanio, com a Prefeitura de Astolfo Dutra, para implementa\u00e7\u00e3oLeia mais Prefeitura de Astolfo Dutra e Corpo de Bombeiros assinam conv\u00eanio\" \/>\n<meta property=\"og:url\" content=\"https:\/\/marcelolopes.jor.br\/site\/2020\/05\/29\/prefeitura-de-astolfo-dutra-e-corpo-de-bombeiros-assinam-convenio\/\" \/>\n<meta property=\"og:site_name\" content=\"Marcelo Lopes\" \/>\n<meta property=\"article:publisher\" content=\"https:\/\/www.facebook.com\/sitedomarcelolopes\" \/>\n<meta property=\"article:published_time\" content=\"2020-05-29T10:00:05+00:00\" \/>\n<meta property=\"article:modified_time\" content=\"2020-05-29T15:10:30+00:00\" \/>\n<meta property=\"og:image\" content=\"https:\/\/marcelolopes.jor.br\/site\/wp-content\/uploads\/2020\/05\/Unknown-18.04.31.jpg\" \/>\n\t<meta property=\"og:image:width\" content=\"800\" \/>\n\t<meta property=\"og:image:height\" content=\"550\" \/>\n\t<meta property=\"og:image:type\" content=\"image\/jpeg\" \/>\n<meta name=\"author\" content=\"Marcelo Lopes\" \/>\n<meta name=\"twitter:card\" content=\"summary_large_image\" \/>\n<meta name=\"twitter:label1\" content=\"Escrito por\" \/>\n\t<meta name=\"twitter:data1\" content=\"Marcelo Lopes\" \/>\n\t<meta name=\"twitter:label2\" content=\"Est. tempo de leitura\" \/>\n\t<meta name=\"twitter:data2\" content=\"1 minuto\" \/>\n<script type=\"application\/ld+json\" class=\"yoast-schema-graph\">{\"@context\":\"https:\\\/\\\/schema.org\",\"@graph\":[{\"@type\":\"NewsArticle\",\"@id\":\"https:\\\/\\\/marcelolopes.jor.br\\\/site\\\/2020\\\/05\\\/29\\\/prefeitura-de-astolfo-dutra-e-corpo-de-bombeiros-assinam-convenio\\\/#article\",\"isPartOf\":{\"@id\":\"https:\\\/\\\/marcelolopes.jor.br\\\/site\\\/2020\\\/05\\\/29\\\/prefeitura-de-astolfo-dutra-e-corpo-de-bombeiros-assinam-convenio\\\/\"},\"author\":{\"name\":\"Marcelo Lopes\",\"@id\":\"https:\\\/\\\/marcelolopes.jor.br\\\/site\\\/#\\\/schema\\\/person\\\/3e7216a35c34d8fdf952b31da3d1f89f\"},\"headline\":\"Prefeitura de Astolfo Dutra e Corpo de Bombeiros assinam conv\u00eanio\",\"datePublished\":\"2020-05-29T10:00:05+00:00\",\"dateModified\":\"2020-05-29T15:10:30+00:00\",\"mainEntityOfPage\":{\"@id\":\"https:\\\/\\\/marcelolopes.jor.br\\\/site\\\/2020\\\/05\\\/29\\\/prefeitura-de-astolfo-dutra-e-corpo-de-bombeiros-assinam-convenio\\\/\"},\"wordCount\":201,\"commentCount\":0,\"publisher\":{\"@id\":\"https:\\\/\\\/marcelolopes.jor.br\\\/site\\\/#organization\"},\"image\":{\"@id\":\"https:\\\/\\\/marcelolopes.jor.br\\\/site\\\/2020\\\/05\\\/29\\\/prefeitura-de-astolfo-dutra-e-corpo-de-bombeiros-assinam-convenio\\\/#primaryimage\"},\"thumbnailUrl\":\"https:\\\/\\\/marcelolopes.jor.br\\\/site\\\/wp-content\\\/uploads\\\/2020\\\/05\\\/Unknown-18.04.31.jpg\",\"keywords\":[\"Brigada dos Bombeiros\",\"corpo de bombeiros\",\"inc\u00eandio\",\"salvamento\"],\"articleSection\":[\"Not\u00edcias\"],\"inLanguage\":\"pt-BR\",\"potentialAction\":[{\"@type\":\"CommentAction\",\"name\":\"Comment\",\"target\":[\"https:\\\/\\\/marcelolopes.jor.br\\\/site\\\/2020\\\/05\\\/29\\\/prefeitura-de-astolfo-dutra-e-corpo-de-bombeiros-assinam-convenio\\\/#respond\"]}]},{\"@type\":\"WebPage\",\"@id\":\"https:\\\/\\\/marcelolopes.jor.br\\\/site\\\/2020\\\/05\\\/29\\\/prefeitura-de-astolfo-dutra-e-corpo-de-bombeiros-assinam-convenio\\\/\",\"url\":\"https:\\\/\\\/marcelolopes.jor.br\\\/site\\\/2020\\\/05\\\/29\\\/prefeitura-de-astolfo-dutra-e-corpo-de-bombeiros-assinam-convenio\\\/\",\"name\":\"Prefeitura de Astolfo Dutra e Corpo de Bombeiros assinam conv\u00eanio | Marcelo Lopes\",\"isPartOf\":{\"@id\":\"https:\\\/\\\/marcelolopes.jor.br\\\/site\\\/#website\"},\"primaryImageOfPage\":{\"@id\":\"https:\\\/\\\/marcelolopes.jor.br\\\/site\\\/2020\\\/05\\\/29\\\/prefeitura-de-astolfo-dutra-e-corpo-de-bombeiros-assinam-convenio\\\/#primaryimage\"},\"image\":{\"@id\":\"https:\\\/\\\/marcelolopes.jor.br\\\/site\\\/2020\\\/05\\\/29\\\/prefeitura-de-astolfo-dutra-e-corpo-de-bombeiros-assinam-convenio\\\/#primaryimage\"},\"thumbnailUrl\":\"https:\\\/\\\/marcelolopes.jor.br\\\/site\\\/wp-content\\\/uploads\\\/2020\\\/05\\\/Unknown-18.04.31.jpg\",\"datePublished\":\"2020-05-29T10:00:05+00:00\",\"dateModified\":\"2020-05-29T15:10:30+00:00\",\"breadcrumb\":{\"@id\":\"https:\\\/\\\/marcelolopes.jor.br\\\/site\\\/2020\\\/05\\\/29\\\/prefeitura-de-astolfo-dutra-e-corpo-de-bombeiros-assinam-convenio\\\/#breadcrumb\"},\"inLanguage\":\"pt-BR\",\"potentialAction\":[{\"@type\":\"ReadAction\",\"target\":[\"https:\\\/\\\/marcelolopes.jor.br\\\/site\\\/2020\\\/05\\\/29\\\/prefeitura-de-astolfo-dutra-e-corpo-de-bombeiros-assinam-convenio\\\/\"]}]},{\"@type\":\"ImageObject\",\"inLanguage\":\"pt-BR\",\"@id\":\"https:\\\/\\\/marcelolopes.jor.br\\\/site\\\/2020\\\/05\\\/29\\\/prefeitura-de-astolfo-dutra-e-corpo-de-bombeiros-assinam-convenio\\\/#primaryimage\",\"url\":\"https:\\\/\\\/marcelolopes.jor.br\\\/site\\\/wp-content\\\/uploads\\\/2020\\\/05\\\/Unknown-18.04.31.jpg\",\"contentUrl\":\"https:\\\/\\\/marcelolopes.jor.br\\\/site\\\/wp-content\\\/uploads\\\/2020\\\/05\\\/Unknown-18.04.31.jpg\",\"width\":800,\"height\":550},{\"@type\":\"BreadcrumbList\",\"@id\":\"https:\\\/\\\/marcelolopes.jor.br\\\/site\\\/2020\\\/05\\\/29\\\/prefeitura-de-astolfo-dutra-e-corpo-de-bombeiros-assinam-convenio\\\/#breadcrumb\",\"itemListElement\":[{\"@type\":\"ListItem\",\"position\":1,\"name\":\"Home\",\"item\":\"https:\\\/\\\/marcelolopes.jor.br\\\/site\\\/\"},{\"@type\":\"ListItem\",\"position\":2,\"name\":\"Prefeitura de Astolfo Dutra e Corpo de Bombeiros assinam conv\u00eanio\"}]},{\"@type\":\"WebSite\",\"@id\":\"https:\\\/\\\/marcelolopes.jor.br\\\/site\\\/#website\",\"url\":\"https:\\\/\\\/marcelolopes.jor.br\\\/site\\\/\",\"name\":\"Marcelo Lopes\",\"description\":\"Not\u00edcias de Cataguases e Regi\u00e3o\",\"publisher\":{\"@id\":\"https:\\\/\\\/marcelolopes.jor.br\\\/site\\\/#organization\"},\"potentialAction\":[{\"@type\":\"SearchAction\",\"target\":{\"@type\":\"EntryPoint\",\"urlTemplate\":\"https:\\\/\\\/marcelolopes.jor.br\\\/site\\\/?s={search_term_string}\"},\"query-input\":{\"@type\":\"PropertyValueSpecification\",\"valueRequired\":true,\"valueName\":\"search_term_string\"}}],\"inLanguage\":\"pt-BR\"},{\"@type\":\"Organization\",\"@id\":\"https:\\\/\\\/marcelolopes.jor.br\\\/site\\\/#organization\",\"name\":\"Site do Marcelo Lopes\",\"url\":\"https:\\\/\\\/marcelolopes.jor.br\\\/site\\\/\",\"logo\":{\"@type\":\"ImageObject\",\"inLanguage\":\"pt-BR\",\"@id\":\"https:\\\/\\\/marcelolopes.jor.br\\\/site\\\/#\\\/schema\\\/logo\\\/image\\\/\",\"url\":\"https:\\\/\\\/marcelolopes.jor.br\\\/site\\\/wp-content\\\/uploads\\\/2024\\\/11\\\/logo-1.png\",\"contentUrl\":\"https:\\\/\\\/marcelolopes.jor.br\\\/site\\\/wp-content\\\/uploads\\\/2024\\\/11\\\/logo-1.png\",\"width\":475,\"height\":80,\"caption\":\"Site do Marcelo Lopes\"},\"image\":{\"@id\":\"https:\\\/\\\/marcelolopes.jor.br\\\/site\\\/#\\\/schema\\\/logo\\\/image\\\/\"},\"sameAs\":[\"https:\\\/\\\/www.facebook.com\\\/sitedomarcelolopes\",\"https:\\\/\\\/www.instagram.com\\\/sitedomarcelolopes\\\/\",\"https:\\\/\\\/www.linkedin.com\\\/company\\\/site-do-marcelo-lopes\\\/\",\"https:\\\/\\\/www.youtube.com\\\/user\\\/marcelolopes957\"]},{\"@type\":\"Person\",\"@id\":\"https:\\\/\\\/marcelolopes.jor.br\\\/site\\\/#\\\/schema\\\/person\\\/3e7216a35c34d8fdf952b31da3d1f89f\",\"name\":\"Marcelo Lopes\",\"sameAs\":[\"http:\\\/\\\/www.marcelolopes.jor.br\"],\"url\":\"https:\\\/\\\/marcelolopes.jor.br\\\/site\\\/author\\\/marcelo\\\/\"}]}<\/script>\n<!-- \/ Yoast SEO plugin. -->","yoast_head_json":{"title":"Prefeitura de Astolfo Dutra e Corpo de Bombeiros assinam conv\u00eanio | Marcelo Lopes","robots":{"index":"index","follow":"follow","max-snippet":"max-snippet:-1","max-image-preview":"max-image-preview:large","max-video-preview":"max-video-preview:-1"},"canonical":"https:\/\/marcelolopes.jor.br\/site\/2020\/05\/29\/prefeitura-de-astolfo-dutra-e-corpo-de-bombeiros-assinam-convenio\/","og_locale":"pt_BR","og_type":"article","og_title":"Prefeitura de Astolfo Dutra e Corpo de Bombeiros assinam conv\u00eanio | Marcelo Lopes","og_description":"O Comandante-Geral do Corpo de Bombeiros Militar de Minas Gerais (CBMMG) \u2013 Coronel BM Edgard Estevo da Silva \u2013 far\u00e1 nesta sexta-feira, 29 de maio, \u00e0s 11 horas, a assinatura de conv\u00eanio, com a Prefeitura de Astolfo Dutra, para implementa\u00e7\u00e3oLeia mais Prefeitura de Astolfo Dutra e Corpo de Bombeiros assinam conv\u00eanio","og_url":"https:\/\/marcelolopes.jor.br\/site\/2020\/05\/29\/prefeitura-de-astolfo-dutra-e-corpo-de-bombeiros-assinam-convenio\/","og_site_name":"Marcelo Lopes","article_publisher":"https:\/\/www.facebook.com\/sitedomarcelolopes","article_published_time":"2020-05-29T10:00:05+00:00","article_modified_time":"2020-05-29T15:10:30+00:00","og_image":[{"width":800,"height":550,"url":"https:\/\/marcelolopes.jor.br\/site\/wp-content\/uploads\/2020\/05\/Unknown-18.04.31.jpg","type":"image\/jpeg"}],"author":"Marcelo Lopes","twitter_card":"summary_large_image","twitter_misc":{"Escrito por":"Marcelo Lopes","Est. tempo de leitura":"1 minuto"},"schema":{"@context":"https:\/\/schema.org","@graph":[{"@type":"NewsArticle","@id":"https:\/\/marcelolopes.jor.br\/site\/2020\/05\/29\/prefeitura-de-astolfo-dutra-e-corpo-de-bombeiros-assinam-convenio\/#article","isPartOf":{"@id":"https:\/\/marcelolopes.jor.br\/site\/2020\/05\/29\/prefeitura-de-astolfo-dutra-e-corpo-de-bombeiros-assinam-convenio\/"},"author":{"name":"Marcelo Lopes","@id":"https:\/\/marcelolopes.jor.br\/site\/#\/schema\/person\/3e7216a35c34d8fdf952b31da3d1f89f"},"headline":"Prefeitura de Astolfo Dutra e Corpo de Bombeiros assinam conv\u00eanio","datePublished":"2020-05-29T10:00:05+00:00","dateModified":"2020-05-29T15:10:30+00:00","mainEntityOfPage":{"@id":"https:\/\/marcelolopes.jor.br\/site\/2020\/05\/29\/prefeitura-de-astolfo-dutra-e-corpo-de-bombeiros-assinam-convenio\/"},"wordCount":201,"commentCount":0,"publisher":{"@id":"https:\/\/marcelolopes.jor.br\/site\/#organization"},"image":{"@id":"https:\/\/marcelolopes.jor.br\/site\/2020\/05\/29\/prefeitura-de-astolfo-dutra-e-corpo-de-bombeiros-assinam-convenio\/#primaryimage"},"thumbnailUrl":"https:\/\/marcelolopes.jor.br\/site\/wp-content\/uploads\/2020\/05\/Unknown-18.04.31.jpg","keywords":["Brigada dos Bombeiros","corpo de bombeiros","inc\u00eandio","salvamento"],"articleSection":["Not\u00edcias"],"inLanguage":"pt-BR","potentialAction":[{"@type":"CommentAction","name":"Comment","target":["https:\/\/marcelolopes.jor.br\/site\/2020\/05\/29\/prefeitura-de-astolfo-dutra-e-corpo-de-bombeiros-assinam-convenio\/#respond"]}]},{"@type":"WebPage","@id":"https:\/\/marcelolopes.jor.br\/site\/2020\/05\/29\/prefeitura-de-astolfo-dutra-e-corpo-de-bombeiros-assinam-convenio\/","url":"https:\/\/marcelolopes.jor.br\/site\/2020\/05\/29\/prefeitura-de-astolfo-dutra-e-corpo-de-bombeiros-assinam-convenio\/","name":"Prefeitura de Astolfo Dutra e Corpo de Bombeiros assinam conv\u00eanio | Marcelo Lopes","isPartOf":{"@id":"https:\/\/marcelolopes.jor.br\/site\/#website"},"primaryImageOfPage":{"@id":"https:\/\/marcelolopes.jor.br\/site\/2020\/05\/29\/prefeitura-de-astolfo-dutra-e-corpo-de-bombeiros-assinam-convenio\/#primaryimage"},"image":{"@id":"https:\/\/marcelolopes.jor.br\/site\/2020\/05\/29\/prefeitura-de-astolfo-dutra-e-corpo-de-bombeiros-assinam-convenio\/#primaryimage"},"thumbnailUrl":"https:\/\/marcelolopes.jor.br\/site\/wp-content\/uploads\/2020\/05\/Unknown-18.04.31.jpg","datePublished":"2020-05-29T10:00:05+00:00","dateModified":"2020-05-29T15:10:30+00:00","breadcrumb":{"@id":"https:\/\/marcelolopes.jor.br\/site\/2020\/05\/29\/prefeitura-de-astolfo-dutra-e-corpo-de-bombeiros-assinam-convenio\/#breadcrumb"},"inLanguage":"pt-BR","potentialAction":[{"@type":"ReadAction","target":["https:\/\/marcelolopes.jor.br\/site\/2020\/05\/29\/prefeitura-de-astolfo-dutra-e-corpo-de-bombeiros-assinam-convenio\/"]}]},{"@type":"ImageObject","inLanguage":"pt-BR","@id":"https:\/\/marcelolopes.jor.br\/site\/2020\/05\/29\/prefeitura-de-astolfo-dutra-e-corpo-de-bombeiros-assinam-convenio\/#primaryimage","url":"https:\/\/marcelolopes.jor.br\/site\/wp-content\/uploads\/2020\/05\/Unknown-18.04.31.jpg","contentUrl":"https:\/\/marcelolopes.jor.br\/site\/wp-content\/uploads\/2020\/05\/Unknown-18.04.31.jpg","width":800,"height":550},{"@type":"BreadcrumbList","@id":"https:\/\/marcelolopes.jor.br\/site\/2020\/05\/29\/prefeitura-de-astolfo-dutra-e-corpo-de-bombeiros-assinam-convenio\/#breadcrumb","itemListElement":[{"@type":"ListItem","position":1,"name":"Home","item":"https:\/\/marcelolopes.jor.br\/site\/"},{"@type":"ListItem","position":2,"name":"Prefeitura de Astolfo Dutra e Corpo de Bombeiros assinam conv\u00eanio"}]},{"@type":"WebSite","@id":"https:\/\/marcelolopes.jor.br\/site\/#website","url":"https:\/\/marcelolopes.jor.br\/site\/","name":"Marcelo Lopes","description":"Not\u00edcias de Cataguases e Regi\u00e3o","publisher":{"@id":"https:\/\/marcelolopes.jor.br\/site\/#organization"},"potentialAction":[{"@type":"SearchAction","target":{"@type":"EntryPoint","urlTemplate":"https:\/\/marcelolopes.jor.br\/site\/?s={search_term_string}"},"query-input":{"@type":"PropertyValueSpecification","valueRequired":true,"valueName":"search_term_string"}}],"inLanguage":"pt-BR"},{"@type":"Organization","@id":"https:\/\/marcelolopes.jor.br\/site\/#organization","name":"Site do Marcelo Lopes","url":"https:\/\/marcelolopes.jor.br\/site\/","logo":{"@type":"ImageObject","inLanguage":"pt-BR","@id":"https:\/\/marcelolopes.jor.br\/site\/#\/schema\/logo\/image\/","url":"https:\/\/marcelolopes.jor.br\/site\/wp-content\/uploads\/2024\/11\/logo-1.png","contentUrl":"https:\/\/marcelolopes.jor.br\/site\/wp-content\/uploads\/2024\/11\/logo-1.png","width":475,"height":80,"caption":"Site do Marcelo Lopes"},"image":{"@id":"https:\/\/marcelolopes.jor.br\/site\/#\/schema\/logo\/image\/"},"sameAs":["https:\/\/www.facebook.com\/sitedomarcelolopes","https:\/\/www.instagram.com\/sitedomarcelolopes\/","https:\/\/www.linkedin.com\/company\/site-do-marcelo-lopes\/","https:\/\/www.youtube.com\/user\/marcelolopes957"]},{"@type":"Person","@id":"https:\/\/marcelolopes.jor.br\/site\/#\/schema\/person\/3e7216a35c34d8fdf952b31da3d1f89f","name":"Marcelo Lopes","sameAs":["http:\/\/www.marcelolopes.jor.br"],"url":"https:\/\/marcelolopes.jor.br\/site\/author\/marcelo\/"}]}},"wps_subtitle":"Cidade ter\u00e1 a primeira Brigada Municipal autorizada da corpora\u00e7\u00e3o em Minas.","_links":{"self":[{"href":"https:\/\/marcelolopes.jor.br\/site\/wp-json\/wp\/v2\/posts\/14583","targetHints":{"allow":["GET"]}}],"collection":[{"href":"https:\/\/marcelolopes.jor.br\/site\/wp-json\/wp\/v2\/posts"}],"about":[{"href":"https:\/\/marcelolopes.jor.br\/site\/wp-json\/wp\/v2\/types\/post"}],"author":[{"embeddable":true,"href":"https:\/\/marcelolopes.jor.br\/site\/wp-json\/wp\/v2\/users\/2"}],"replies":[{"embeddable":true,"href":"https:\/\/marcelolopes.jor.br\/site\/wp-json\/wp\/v2\/comments?post=14583"}],"version-history":[{"count":0,"href":"https:\/\/marcelolopes.jor.br\/site\/wp-json\/wp\/v2\/posts\/14583\/revisions"}],"wp:featuredmedia":[{"embeddable":true,"href":"https:\/\/marcelolopes.jor.br\/site\/wp-json\/wp\/v2\/media\/14587"}],"wp:attachment":[{"href":"https:\/\/marcelolopes.jor.br\/site\/wp-json\/wp\/v2\/media?parent=14583"}],"wp:term":[{"taxonomy":"category","embeddable":true,"href":"https:\/\/marcelolopes.jor.br\/site\/wp-json\/wp\/v2\/categories?post=14583"},{"taxonomy":"post_tag","embeddable":true,"href":"https:\/\/marcelolopes.jor.br\/site\/wp-json\/wp\/v2\/tags?post=14583"}],"curies":[{"name":"wp","href":"https:\/\/api.w.org\/{rel}","templated":true}]}}