{"id":14511,"date":"2020-05-25T20:00:42","date_gmt":"2020-05-25T23:00:42","guid":{"rendered":"https:\/\/marcelolopes.jor.br\/?p=14511"},"modified":"2020-05-25T18:41:27","modified_gmt":"2020-05-25T21:41:27","slug":"barreiras-sanitarias-sao-desativadas-em-cataguases","status":"publish","type":"post","link":"https:\/\/marcelolopes.jor.br\/site\/2020\/05\/25\/barreiras-sanitarias-sao-desativadas-em-cataguases\/","title":{"rendered":"Barreiras sanit\u00e1rias s\u00e3o desativadas em Cataguases"},"content":{"rendered":"<p style=\"text-align: justify;\">As barreiras sanit\u00e1rias instaladas em Cataguases foram desativadas nesta tarde de segunda-feira, 25 de maio. O Comit\u00ea Gestor do Coronav\u00edrus em Cataguases, respons\u00e1vel pela sua desativa\u00e7\u00e3o, avaliou como positivo seu trabalho. Durante estes 63 dias de funcionamento das barreiras sanit\u00e1rias, viajantes de mais de 330 munic\u00edpios chegaram em Cataguases por motivos diversos. \u201cAs barreiras sanit\u00e1rias cumpriram, portanto, seu papel\u201d, asseguram a Secretaria Municipal de Sa\u00fade, Daniela Rezende e o Presidente do Conselho de Sa\u00fade, m\u00e9dico Joseph Freire. O pr\u00f3prio Comit\u00ea, por\u00e9m, avisou que, caso seja necess\u00e1rio, a barreira poder\u00e1 ser restabelecida.<!--more--><\/p>\n<p style=\"text-align: justify;\">O Comit\u00ea Gestor do Coronav\u00edrus em Cataguases decidiu retirar ainda nesta segunda-feira, as barreiras sanit\u00e1rias instaladas pela Prefeitura de Cataguases, no dia 23 de mar\u00e7o, nos principais acessos da cidade. Elas foram criadas para evitar que pessoas de outras regi\u00f5es pudessem trazer o v\u00edrus da Covid-19 para o munic\u00edpio. Neste sentido o Comit\u00ea Gestor avaliou que as barreiras sanit\u00e1rias tiveram um resultado positivo, oferecendo ampla divulga\u00e7\u00e3o a respeito dos cuidados quanto a dissemina\u00e7\u00e3o do v\u00edrus, inclusive sobre a import\u00e2ncia do uso de m\u00e1scara de prote\u00e7\u00e3o, formas de higieniza\u00e7\u00e3o e necessidade de distanciamento social.<\/p>\n<p style=\"text-align: justify;\">Conforme avalia\u00e7\u00e3o daquele Comit\u00ea, foi verificado que as barreiras poderiam ser suspensas pelos seguintes motivos: exist\u00eancia da transmiss\u00e3o comunit\u00e1ria do v\u00edrus no munic\u00edpio; libera\u00e7\u00e3o do acesso de transporte de passageiros de outros munic\u00edpios; aumento da testagem no munic\u00edpio com testes r\u00e1pidos nas UBS (unidades b\u00e1sicas de sa\u00fade) e exame PCR pelo Hospital de Cataguases; Vigil\u00e2ncia em Sa\u00fade eficiente com o controle do monitoramento dos casos notificados e seus contatos; finaliza\u00e7\u00e3o do oitavo andar para leitos cl\u00ednicos e leitos de UTI para atendimento Covid-19 j\u00e1 em etapas finais e contrata\u00e7\u00e3o de uma enfermeira que ir\u00e1 realizar tamb\u00e9m a coleta de exames PCR nas resid\u00eancias dos pacientes que forem avaliados pelos crit\u00e9rios de coleta nas UBS, garantindo acesso e qualidade na assist\u00eancia dos usu\u00e1rios SUS. Al\u00e9m disso, toda a rede da aten\u00e7\u00e3o b\u00e1sica est\u00e1 organizada, capacitada e com EPIs necess\u00e1rios ao atendimento SUS, e algumas UBS est\u00e3o funcionando com hor\u00e1rio estendido para garantir atendimento aos usu\u00e1rios SUS.<\/p>\n<p style=\"text-align: justify;\"><strong>Fiscaliza\u00e7\u00e3o dos vereadores<\/strong><br \/>\nApesar de importantes para reduzir o cont\u00e1gio pelo novo coronav\u00edrus, esta iniciativa foi alvo de cr\u00edticas de todos os segmentos da sociedade cataguasense pela forma como atuou. Eram comuns abordagens superficiais e seletivas, em alguns casos, sem sequer aferir a temperatura das pessoas que estavam chegando \u00e0 cidade. Estas s\u00e3o algumas das constata\u00e7\u00f5es feitas pelos vereadores Bet\u00e3o do Remo, Rafael Moreira e Hercyl Salgado, da Comiss\u00e3o criada pela C\u00e2mara Municipal para fiscalizar as a\u00e7\u00f5es do Executivo nesta pandemia. Em uma das visitas a estas barreiras, eles a encontraram aberta, sem nenhum profissional no local. Em outra, descobriram um term\u00f4metro sem bateria. O trabalho da comiss\u00e3o, acrescentaram, vai continuar.<\/p>\n<div class=\"vrvnv69f72e220f92b\" ><br><\/div><style type=\"text\/css\">\r\n@media screen and (min-width: 1201px) {\r\n.vrvnv69f72e220f92b {\r\ndisplay: block;\r\n}\r\n}\r\n@media screen and (min-width: 993px) and (max-width: 1200px) {\r\n.vrvnv69f72e220f92b {\r\ndisplay: block;\r\n}\r\n}\r\n@media screen and (min-width: 769px) and (max-width: 992px) {\r\n.vrvnv69f72e220f92b {\r\ndisplay: block;\r\n}\r\n}\r\n@media screen and (min-width: 768px) and (max-width: 768px) {\r\n.vrvnv69f72e220f92b {\r\ndisplay: block;\r\n}\r\n}\r\n@media screen and (max-width: 767px) {\r\n.vrvnv69f72e220f92b {\r\ndisplay: block;\r\n}\r\n}\r\n<\/style>\r\n<div class=\"gdhws69f72e2214f46\" ><div id=\"div_destino\"><\/div>\r\n<script src=\"https:\/\/cdn.snsrsv.com\/sdk.js\"><\/script>\r\n<script >\r\n      new sdk(\"464030C30061EA8BE065000000000001\") \r\n          .appendTo(\"div_destino\")\r\n          .disableStyle(true) \r\n          .setCacheBusterMacro(\"%%CACHEBUSTER%%\")\r\n          .setSize(\"800\",\"214\")\r\n          .setClickMacro(\"%%CLICK_URL_ESC%%\") \r\n          .setReferrerUrlMacro(\"%%REFERRER_URL_ESC%%\") \r\n          .start(); \r\n<\/script><\/div><style type=\"text\/css\">\r\n@media screen and (min-width: 1201px) {\r\n.gdhws69f72e2214f46 {\r\ndisplay: block;\r\n}\r\n}\r\n@media screen and (min-width: 993px) and (max-width: 1200px) {\r\n.gdhws69f72e2214f46 {\r\ndisplay: block;\r\n}\r\n}\r\n@media screen and (min-width: 769px) and (max-width: 992px) {\r\n.gdhws69f72e2214f46 {\r\ndisplay: block;\r\n}\r\n}\r\n@media screen and (min-width: 768px) and (max-width: 768px) {\r\n.gdhws69f72e2214f46 {\r\ndisplay: block;\r\n}\r\n}\r\n@media screen and (max-width: 767px) {\r\n.gdhws69f72e2214f46 {\r\ndisplay: block;\r\n}\r\n}\r\n<\/style>\r\n","protected":false},"excerpt":{"rendered":"<p>As barreiras sanit\u00e1rias instaladas em Cataguases foram desativadas nesta tarde de segunda-feira, 25 de maio. O Comit\u00ea Gestor do Coronav\u00edrus em Cataguases, respons\u00e1vel pela sua desativa\u00e7\u00e3o, avaliou como positivo seu trabalho. Durante estes 63 dias de funcionamento das barreiras sanit\u00e1rias,<\/p>\n<p class=\"link-more\"><a class=\"more-link\" href=\"https:\/\/marcelolopes.jor.br\/site\/2020\/05\/25\/barreiras-sanitarias-sao-desativadas-em-cataguases\/\">Leia mais <span class=\"screen-reader-text\">Barreiras sanit\u00e1rias s\u00e3o desativadas em Cataguases<\/span><\/a><\/p>\n","protected":false},"author":2,"featured_media":14513,"comment_status":"open","ping_status":"open","sticky":false,"template":"","format":"standard","meta":{"footnotes":""},"categories":[1],"tags":[2283,2523,2258,2250],"class_list":["post-14511","post","type-post","status-publish","format-standard","has-post-thumbnail","hentry","category-noticias","tag-barreira-sanitaria","tag-comite-gestor","tag-novo-coronavirus","tag-pandemia","thumb-below-title"],"yoast_head":"<!-- This site is optimized with the Yoast SEO plugin v27.4 - https:\/\/yoast.com\/product\/yoast-seo-wordpress\/ -->\n<title>Barreiras sanit\u00e1rias s\u00e3o desativadas em Cataguases | Marcelo Lopes<\/title>\n<meta name=\"robots\" content=\"index, follow, max-snippet:-1, max-image-preview:large, max-video-preview:-1\" \/>\n<link rel=\"canonical\" href=\"https:\/\/marcelolopes.jor.br\/site\/2020\/05\/25\/barreiras-sanitarias-sao-desativadas-em-cataguases\/\" \/>\n<meta property=\"og:locale\" content=\"pt_BR\" \/>\n<meta property=\"og:type\" content=\"article\" \/>\n<meta property=\"og:title\" content=\"Barreiras sanit\u00e1rias s\u00e3o desativadas em Cataguases | Marcelo Lopes\" \/>\n<meta property=\"og:description\" content=\"As barreiras sanit\u00e1rias instaladas em Cataguases foram desativadas nesta tarde de segunda-feira, 25 de maio. O Comit\u00ea Gestor do Coronav\u00edrus em Cataguases, respons\u00e1vel pela sua desativa\u00e7\u00e3o, avaliou como positivo seu trabalho. Durante estes 63 dias de funcionamento das barreiras sanit\u00e1rias,Leia mais Barreiras sanit\u00e1rias s\u00e3o desativadas em Cataguases\" \/>\n<meta property=\"og:url\" content=\"https:\/\/marcelolopes.jor.br\/site\/2020\/05\/25\/barreiras-sanitarias-sao-desativadas-em-cataguases\/\" \/>\n<meta property=\"og:site_name\" content=\"Marcelo Lopes\" \/>\n<meta property=\"article:publisher\" content=\"https:\/\/www.facebook.com\/sitedomarcelolopes\" \/>\n<meta property=\"article:published_time\" content=\"2020-05-25T23:00:42+00:00\" \/>\n<meta property=\"og:image\" content=\"https:\/\/marcelolopes.jor.br\/site\/wp-content\/uploads\/2020\/05\/Barreira.jpg\" \/>\n\t<meta property=\"og:image:width\" content=\"800\" \/>\n\t<meta property=\"og:image:height\" content=\"522\" \/>\n\t<meta property=\"og:image:type\" content=\"image\/jpeg\" \/>\n<meta name=\"author\" content=\"Marcelo Lopes\" \/>\n<meta name=\"twitter:card\" content=\"summary_large_image\" \/>\n<meta name=\"twitter:label1\" content=\"Escrito por\" \/>\n\t<meta name=\"twitter:data1\" content=\"Marcelo Lopes\" \/>\n\t<meta name=\"twitter:label2\" content=\"Est. tempo de leitura\" \/>\n\t<meta name=\"twitter:data2\" content=\"3 minutos\" \/>\n<script type=\"application\/ld+json\" class=\"yoast-schema-graph\">{\"@context\":\"https:\\\/\\\/schema.org\",\"@graph\":[{\"@type\":\"NewsArticle\",\"@id\":\"https:\\\/\\\/marcelolopes.jor.br\\\/site\\\/2020\\\/05\\\/25\\\/barreiras-sanitarias-sao-desativadas-em-cataguases\\\/#article\",\"isPartOf\":{\"@id\":\"https:\\\/\\\/marcelolopes.jor.br\\\/site\\\/2020\\\/05\\\/25\\\/barreiras-sanitarias-sao-desativadas-em-cataguases\\\/\"},\"author\":{\"name\":\"Marcelo Lopes\",\"@id\":\"https:\\\/\\\/marcelolopes.jor.br\\\/site\\\/#\\\/schema\\\/person\\\/3e7216a35c34d8fdf952b31da3d1f89f\"},\"headline\":\"Barreiras sanit\u00e1rias s\u00e3o desativadas em Cataguases\",\"datePublished\":\"2020-05-25T23:00:42+00:00\",\"mainEntityOfPage\":{\"@id\":\"https:\\\/\\\/marcelolopes.jor.br\\\/site\\\/2020\\\/05\\\/25\\\/barreiras-sanitarias-sao-desativadas-em-cataguases\\\/\"},\"wordCount\":521,\"commentCount\":0,\"publisher\":{\"@id\":\"https:\\\/\\\/marcelolopes.jor.br\\\/site\\\/#organization\"},\"image\":{\"@id\":\"https:\\\/\\\/marcelolopes.jor.br\\\/site\\\/2020\\\/05\\\/25\\\/barreiras-sanitarias-sao-desativadas-em-cataguases\\\/#primaryimage\"},\"thumbnailUrl\":\"https:\\\/\\\/marcelolopes.jor.br\\\/site\\\/wp-content\\\/uploads\\\/2020\\\/05\\\/Barreira.jpg\",\"keywords\":[\"barreira sanit\u00e1ria\",\"Comit\u00ea gestor\",\"novo coronav\u00edrus\",\"pandemia\"],\"articleSection\":[\"Not\u00edcias\"],\"inLanguage\":\"pt-BR\",\"potentialAction\":[{\"@type\":\"CommentAction\",\"name\":\"Comment\",\"target\":[\"https:\\\/\\\/marcelolopes.jor.br\\\/site\\\/2020\\\/05\\\/25\\\/barreiras-sanitarias-sao-desativadas-em-cataguases\\\/#respond\"]}]},{\"@type\":\"WebPage\",\"@id\":\"https:\\\/\\\/marcelolopes.jor.br\\\/site\\\/2020\\\/05\\\/25\\\/barreiras-sanitarias-sao-desativadas-em-cataguases\\\/\",\"url\":\"https:\\\/\\\/marcelolopes.jor.br\\\/site\\\/2020\\\/05\\\/25\\\/barreiras-sanitarias-sao-desativadas-em-cataguases\\\/\",\"name\":\"Barreiras sanit\u00e1rias s\u00e3o desativadas em Cataguases | Marcelo Lopes\",\"isPartOf\":{\"@id\":\"https:\\\/\\\/marcelolopes.jor.br\\\/site\\\/#website\"},\"primaryImageOfPage\":{\"@id\":\"https:\\\/\\\/marcelolopes.jor.br\\\/site\\\/2020\\\/05\\\/25\\\/barreiras-sanitarias-sao-desativadas-em-cataguases\\\/#primaryimage\"},\"image\":{\"@id\":\"https:\\\/\\\/marcelolopes.jor.br\\\/site\\\/2020\\\/05\\\/25\\\/barreiras-sanitarias-sao-desativadas-em-cataguases\\\/#primaryimage\"},\"thumbnailUrl\":\"https:\\\/\\\/marcelolopes.jor.br\\\/site\\\/wp-content\\\/uploads\\\/2020\\\/05\\\/Barreira.jpg\",\"datePublished\":\"2020-05-25T23:00:42+00:00\",\"breadcrumb\":{\"@id\":\"https:\\\/\\\/marcelolopes.jor.br\\\/site\\\/2020\\\/05\\\/25\\\/barreiras-sanitarias-sao-desativadas-em-cataguases\\\/#breadcrumb\"},\"inLanguage\":\"pt-BR\",\"potentialAction\":[{\"@type\":\"ReadAction\",\"target\":[\"https:\\\/\\\/marcelolopes.jor.br\\\/site\\\/2020\\\/05\\\/25\\\/barreiras-sanitarias-sao-desativadas-em-cataguases\\\/\"]}]},{\"@type\":\"ImageObject\",\"inLanguage\":\"pt-BR\",\"@id\":\"https:\\\/\\\/marcelolopes.jor.br\\\/site\\\/2020\\\/05\\\/25\\\/barreiras-sanitarias-sao-desativadas-em-cataguases\\\/#primaryimage\",\"url\":\"https:\\\/\\\/marcelolopes.jor.br\\\/site\\\/wp-content\\\/uploads\\\/2020\\\/05\\\/Barreira.jpg\",\"contentUrl\":\"https:\\\/\\\/marcelolopes.jor.br\\\/site\\\/wp-content\\\/uploads\\\/2020\\\/05\\\/Barreira.jpg\",\"width\":800,\"height\":522},{\"@type\":\"BreadcrumbList\",\"@id\":\"https:\\\/\\\/marcelolopes.jor.br\\\/site\\\/2020\\\/05\\\/25\\\/barreiras-sanitarias-sao-desativadas-em-cataguases\\\/#breadcrumb\",\"itemListElement\":[{\"@type\":\"ListItem\",\"position\":1,\"name\":\"Home\",\"item\":\"https:\\\/\\\/marcelolopes.jor.br\\\/site\\\/\"},{\"@type\":\"ListItem\",\"position\":2,\"name\":\"Barreiras sanit\u00e1rias s\u00e3o desativadas em Cataguases\"}]},{\"@type\":\"WebSite\",\"@id\":\"https:\\\/\\\/marcelolopes.jor.br\\\/site\\\/#website\",\"url\":\"https:\\\/\\\/marcelolopes.jor.br\\\/site\\\/\",\"name\":\"Marcelo Lopes\",\"description\":\"Not\u00edcias de Cataguases e Regi\u00e3o\",\"publisher\":{\"@id\":\"https:\\\/\\\/marcelolopes.jor.br\\\/site\\\/#organization\"},\"potentialAction\":[{\"@type\":\"SearchAction\",\"target\":{\"@type\":\"EntryPoint\",\"urlTemplate\":\"https:\\\/\\\/marcelolopes.jor.br\\\/site\\\/?s={search_term_string}\"},\"query-input\":{\"@type\":\"PropertyValueSpecification\",\"valueRequired\":true,\"valueName\":\"search_term_string\"}}],\"inLanguage\":\"pt-BR\"},{\"@type\":\"Organization\",\"@id\":\"https:\\\/\\\/marcelolopes.jor.br\\\/site\\\/#organization\",\"name\":\"Site do Marcelo Lopes\",\"url\":\"https:\\\/\\\/marcelolopes.jor.br\\\/site\\\/\",\"logo\":{\"@type\":\"ImageObject\",\"inLanguage\":\"pt-BR\",\"@id\":\"https:\\\/\\\/marcelolopes.jor.br\\\/site\\\/#\\\/schema\\\/logo\\\/image\\\/\",\"url\":\"https:\\\/\\\/marcelolopes.jor.br\\\/site\\\/wp-content\\\/uploads\\\/2024\\\/11\\\/logo-1.png\",\"contentUrl\":\"https:\\\/\\\/marcelolopes.jor.br\\\/site\\\/wp-content\\\/uploads\\\/2024\\\/11\\\/logo-1.png\",\"width\":475,\"height\":80,\"caption\":\"Site do Marcelo Lopes\"},\"image\":{\"@id\":\"https:\\\/\\\/marcelolopes.jor.br\\\/site\\\/#\\\/schema\\\/logo\\\/image\\\/\"},\"sameAs\":[\"https:\\\/\\\/www.facebook.com\\\/sitedomarcelolopes\",\"https:\\\/\\\/www.instagram.com\\\/sitedomarcelolopes\\\/\",\"https:\\\/\\\/www.linkedin.com\\\/company\\\/site-do-marcelo-lopes\\\/\",\"https:\\\/\\\/www.youtube.com\\\/user\\\/marcelolopes957\"]},{\"@type\":\"Person\",\"@id\":\"https:\\\/\\\/marcelolopes.jor.br\\\/site\\\/#\\\/schema\\\/person\\\/3e7216a35c34d8fdf952b31da3d1f89f\",\"name\":\"Marcelo Lopes\",\"sameAs\":[\"http:\\\/\\\/www.marcelolopes.jor.br\"],\"url\":\"https:\\\/\\\/marcelolopes.jor.br\\\/site\\\/author\\\/marcelo\\\/\"}]}<\/script>\n<!-- \/ Yoast SEO plugin. -->","yoast_head_json":{"title":"Barreiras sanit\u00e1rias s\u00e3o desativadas em Cataguases | Marcelo Lopes","robots":{"index":"index","follow":"follow","max-snippet":"max-snippet:-1","max-image-preview":"max-image-preview:large","max-video-preview":"max-video-preview:-1"},"canonical":"https:\/\/marcelolopes.jor.br\/site\/2020\/05\/25\/barreiras-sanitarias-sao-desativadas-em-cataguases\/","og_locale":"pt_BR","og_type":"article","og_title":"Barreiras sanit\u00e1rias s\u00e3o desativadas em Cataguases | Marcelo Lopes","og_description":"As barreiras sanit\u00e1rias instaladas em Cataguases foram desativadas nesta tarde de segunda-feira, 25 de maio. O Comit\u00ea Gestor do Coronav\u00edrus em Cataguases, respons\u00e1vel pela sua desativa\u00e7\u00e3o, avaliou como positivo seu trabalho. Durante estes 63 dias de funcionamento das barreiras sanit\u00e1rias,Leia mais Barreiras sanit\u00e1rias s\u00e3o desativadas em Cataguases","og_url":"https:\/\/marcelolopes.jor.br\/site\/2020\/05\/25\/barreiras-sanitarias-sao-desativadas-em-cataguases\/","og_site_name":"Marcelo Lopes","article_publisher":"https:\/\/www.facebook.com\/sitedomarcelolopes","article_published_time":"2020-05-25T23:00:42+00:00","og_image":[{"width":800,"height":522,"url":"https:\/\/marcelolopes.jor.br\/site\/wp-content\/uploads\/2020\/05\/Barreira.jpg","type":"image\/jpeg"}],"author":"Marcelo Lopes","twitter_card":"summary_large_image","twitter_misc":{"Escrito por":"Marcelo Lopes","Est. tempo de leitura":"3 minutos"},"schema":{"@context":"https:\/\/schema.org","@graph":[{"@type":"NewsArticle","@id":"https:\/\/marcelolopes.jor.br\/site\/2020\/05\/25\/barreiras-sanitarias-sao-desativadas-em-cataguases\/#article","isPartOf":{"@id":"https:\/\/marcelolopes.jor.br\/site\/2020\/05\/25\/barreiras-sanitarias-sao-desativadas-em-cataguases\/"},"author":{"name":"Marcelo Lopes","@id":"https:\/\/marcelolopes.jor.br\/site\/#\/schema\/person\/3e7216a35c34d8fdf952b31da3d1f89f"},"headline":"Barreiras sanit\u00e1rias s\u00e3o desativadas em Cataguases","datePublished":"2020-05-25T23:00:42+00:00","mainEntityOfPage":{"@id":"https:\/\/marcelolopes.jor.br\/site\/2020\/05\/25\/barreiras-sanitarias-sao-desativadas-em-cataguases\/"},"wordCount":521,"commentCount":0,"publisher":{"@id":"https:\/\/marcelolopes.jor.br\/site\/#organization"},"image":{"@id":"https:\/\/marcelolopes.jor.br\/site\/2020\/05\/25\/barreiras-sanitarias-sao-desativadas-em-cataguases\/#primaryimage"},"thumbnailUrl":"https:\/\/marcelolopes.jor.br\/site\/wp-content\/uploads\/2020\/05\/Barreira.jpg","keywords":["barreira sanit\u00e1ria","Comit\u00ea gestor","novo coronav\u00edrus","pandemia"],"articleSection":["Not\u00edcias"],"inLanguage":"pt-BR","potentialAction":[{"@type":"CommentAction","name":"Comment","target":["https:\/\/marcelolopes.jor.br\/site\/2020\/05\/25\/barreiras-sanitarias-sao-desativadas-em-cataguases\/#respond"]}]},{"@type":"WebPage","@id":"https:\/\/marcelolopes.jor.br\/site\/2020\/05\/25\/barreiras-sanitarias-sao-desativadas-em-cataguases\/","url":"https:\/\/marcelolopes.jor.br\/site\/2020\/05\/25\/barreiras-sanitarias-sao-desativadas-em-cataguases\/","name":"Barreiras sanit\u00e1rias s\u00e3o desativadas em Cataguases | Marcelo Lopes","isPartOf":{"@id":"https:\/\/marcelolopes.jor.br\/site\/#website"},"primaryImageOfPage":{"@id":"https:\/\/marcelolopes.jor.br\/site\/2020\/05\/25\/barreiras-sanitarias-sao-desativadas-em-cataguases\/#primaryimage"},"image":{"@id":"https:\/\/marcelolopes.jor.br\/site\/2020\/05\/25\/barreiras-sanitarias-sao-desativadas-em-cataguases\/#primaryimage"},"thumbnailUrl":"https:\/\/marcelolopes.jor.br\/site\/wp-content\/uploads\/2020\/05\/Barreira.jpg","datePublished":"2020-05-25T23:00:42+00:00","breadcrumb":{"@id":"https:\/\/marcelolopes.jor.br\/site\/2020\/05\/25\/barreiras-sanitarias-sao-desativadas-em-cataguases\/#breadcrumb"},"inLanguage":"pt-BR","potentialAction":[{"@type":"ReadAction","target":["https:\/\/marcelolopes.jor.br\/site\/2020\/05\/25\/barreiras-sanitarias-sao-desativadas-em-cataguases\/"]}]},{"@type":"ImageObject","inLanguage":"pt-BR","@id":"https:\/\/marcelolopes.jor.br\/site\/2020\/05\/25\/barreiras-sanitarias-sao-desativadas-em-cataguases\/#primaryimage","url":"https:\/\/marcelolopes.jor.br\/site\/wp-content\/uploads\/2020\/05\/Barreira.jpg","contentUrl":"https:\/\/marcelolopes.jor.br\/site\/wp-content\/uploads\/2020\/05\/Barreira.jpg","width":800,"height":522},{"@type":"BreadcrumbList","@id":"https:\/\/marcelolopes.jor.br\/site\/2020\/05\/25\/barreiras-sanitarias-sao-desativadas-em-cataguases\/#breadcrumb","itemListElement":[{"@type":"ListItem","position":1,"name":"Home","item":"https:\/\/marcelolopes.jor.br\/site\/"},{"@type":"ListItem","position":2,"name":"Barreiras sanit\u00e1rias s\u00e3o desativadas em Cataguases"}]},{"@type":"WebSite","@id":"https:\/\/marcelolopes.jor.br\/site\/#website","url":"https:\/\/marcelolopes.jor.br\/site\/","name":"Marcelo Lopes","description":"Not\u00edcias de Cataguases e Regi\u00e3o","publisher":{"@id":"https:\/\/marcelolopes.jor.br\/site\/#organization"},"potentialAction":[{"@type":"SearchAction","target":{"@type":"EntryPoint","urlTemplate":"https:\/\/marcelolopes.jor.br\/site\/?s={search_term_string}"},"query-input":{"@type":"PropertyValueSpecification","valueRequired":true,"valueName":"search_term_string"}}],"inLanguage":"pt-BR"},{"@type":"Organization","@id":"https:\/\/marcelolopes.jor.br\/site\/#organization","name":"Site do Marcelo Lopes","url":"https:\/\/marcelolopes.jor.br\/site\/","logo":{"@type":"ImageObject","inLanguage":"pt-BR","@id":"https:\/\/marcelolopes.jor.br\/site\/#\/schema\/logo\/image\/","url":"https:\/\/marcelolopes.jor.br\/site\/wp-content\/uploads\/2024\/11\/logo-1.png","contentUrl":"https:\/\/marcelolopes.jor.br\/site\/wp-content\/uploads\/2024\/11\/logo-1.png","width":475,"height":80,"caption":"Site do Marcelo Lopes"},"image":{"@id":"https:\/\/marcelolopes.jor.br\/site\/#\/schema\/logo\/image\/"},"sameAs":["https:\/\/www.facebook.com\/sitedomarcelolopes","https:\/\/www.instagram.com\/sitedomarcelolopes\/","https:\/\/www.linkedin.com\/company\/site-do-marcelo-lopes\/","https:\/\/www.youtube.com\/user\/marcelolopes957"]},{"@type":"Person","@id":"https:\/\/marcelolopes.jor.br\/site\/#\/schema\/person\/3e7216a35c34d8fdf952b31da3d1f89f","name":"Marcelo Lopes","sameAs":["http:\/\/www.marcelolopes.jor.br"],"url":"https:\/\/marcelolopes.jor.br\/site\/author\/marcelo\/"}]}},"wps_subtitle":"Decis\u00e3o foi tomada pelo Comit\u00ea Gestor do Coronav\u00edrus do munic\u00edpio.","_links":{"self":[{"href":"https:\/\/marcelolopes.jor.br\/site\/wp-json\/wp\/v2\/posts\/14511","targetHints":{"allow":["GET"]}}],"collection":[{"href":"https:\/\/marcelolopes.jor.br\/site\/wp-json\/wp\/v2\/posts"}],"about":[{"href":"https:\/\/marcelolopes.jor.br\/site\/wp-json\/wp\/v2\/types\/post"}],"author":[{"embeddable":true,"href":"https:\/\/marcelolopes.jor.br\/site\/wp-json\/wp\/v2\/users\/2"}],"replies":[{"embeddable":true,"href":"https:\/\/marcelolopes.jor.br\/site\/wp-json\/wp\/v2\/comments?post=14511"}],"version-history":[{"count":0,"href":"https:\/\/marcelolopes.jor.br\/site\/wp-json\/wp\/v2\/posts\/14511\/revisions"}],"wp:featuredmedia":[{"embeddable":true,"href":"https:\/\/marcelolopes.jor.br\/site\/wp-json\/wp\/v2\/media\/14513"}],"wp:attachment":[{"href":"https:\/\/marcelolopes.jor.br\/site\/wp-json\/wp\/v2\/media?parent=14511"}],"wp:term":[{"taxonomy":"category","embeddable":true,"href":"https:\/\/marcelolopes.jor.br\/site\/wp-json\/wp\/v2\/categories?post=14511"},{"taxonomy":"post_tag","embeddable":true,"href":"https:\/\/marcelolopes.jor.br\/site\/wp-json\/wp\/v2\/tags?post=14511"}],"curies":[{"name":"wp","href":"https:\/\/api.w.org\/{rel}","templated":true}]}}