{"id":14479,"date":"2020-05-25T07:00:24","date_gmt":"2020-05-25T10:00:24","guid":{"rendered":"https:\/\/marcelolopes.jor.br\/?p=14479"},"modified":"2020-05-24T17:26:02","modified_gmt":"2020-05-24T20:26:02","slug":"prefeitura-de-alem-paraiba-instala-unidade-basica-do-covid-19","status":"publish","type":"post","link":"https:\/\/marcelolopes.jor.br\/site\/2020\/05\/25\/prefeitura-de-alem-paraiba-instala-unidade-basica-do-covid-19\/","title":{"rendered":"Prefeitura de Al\u00e9m Para\u00edba instala Unidade B\u00e1sica do Covid-19"},"content":{"rendered":"<p style=\"text-align: justify;\">A Prefeitura de Al\u00e9m Para\u00edba divulgou atrav\u00e9s do seu site oficial, informa\u00e7\u00e3o sobre a instala\u00e7\u00e3o de uma Unidade B\u00e1sica do COVID-19 no munic\u00edpio. Segundo a publica\u00e7\u00e3o, a unidade ser\u00e1 um ponto de apoio para consultas, exames e orienta\u00e7\u00f5es para a popula\u00e7\u00e3o com prov\u00e1veis sintomas da doen\u00e7a.<!--more--><\/p>\n<p style=\"text-align: justify;\">A unidade funcionar\u00e1 nas depend\u00eancias do CEC \u2013 Centro de Educa\u00e7\u00e3o e Cidadania, localizado no bairro da Sa\u00fade pr\u00f3ximo a barreira sanit\u00e1ria. A prefeitura salienta ainda que a Unidade B\u00e1sica do COVID-19 n\u00e3o ser\u00e1 um posto de pronto atendimento e que casos como falta de ar aguda, dor ou press\u00e3o no peito ou perda dos sentidos devem ser dirigidos diretamente ao Hospital S\u00e3o Salvador.<\/p>\n<p style=\"text-align: justify;\">A prefeitura solicita que todas as pessoas que apresentarem sintomas de s\u00edndrome gripal, procurem a referida UBC (Unidade B\u00e1sica do COVID-19).<\/p>\n<p style=\"text-align: justify;\">Confira os sintomas:<\/p>\n<p style=\"text-align: justify;\">&#8211; Febre;<br \/>\n&#8211; Tosse Seca;<br \/>\n&#8211; Dor de Garganta;<br \/>\n&#8211; Cansa\u00e7o;<br \/>\n&#8211; Diarreia;<br \/>\n&#8211; Dor de Cabe\u00e7a;<br \/>\n&#8211; Perda de Paladar ou olfato;<br \/>\n&#8211; Dores no corpo.<\/p>\n<p style=\"text-align: justify;\">Ap\u00f3s realizada a devida triagem, se o caso for considerado suspeito para COVID-19, o paciente receber\u00e1 atendimento no local e, em seguida, o m\u00e9dico poder\u00e1 solicitar exames direto a Secretaria Municipal de Sa\u00fade, n\u00e3o havendo a necessidade de marca\u00e7\u00e3o pelo paciente.<\/p>\n<p style=\"text-align: justify;\">Caso haja ind\u00edcios de contamina\u00e7\u00e3o, o m\u00e9dico poder\u00e1 solicitar a testagem de COVID-19 que ser\u00e1 realizada na mesma unidade. Este teste r\u00e1pido seguir\u00e1 o padr\u00e3o determinado pelo Governo do Estado de Minas Gerais e n\u00e3o haver\u00e1 testagem indiscriminada, sendo realizado somente de acordo com os protocolos, completa o informativo divulgado pela Assessoria de Comunica\u00e7\u00e3o da Prefeitura de Al\u00e9m Para\u00edba.<\/p>\n<p style=\"text-align: justify;\">Fonte: Assessoria de Comunica\u00e7\u00e3o de Al\u00e9m Para\u00edba | Foto: Online Marketing on Unsplash<\/p>\n<div class=\"exwbp69f75c770cb5c\" ><br><\/div><style type=\"text\/css\">\r\n@media screen and (min-width: 1201px) {\r\n.exwbp69f75c770cb5c {\r\ndisplay: block;\r\n}\r\n}\r\n@media screen and (min-width: 993px) and (max-width: 1200px) {\r\n.exwbp69f75c770cb5c {\r\ndisplay: block;\r\n}\r\n}\r\n@media screen and (min-width: 769px) and (max-width: 992px) {\r\n.exwbp69f75c770cb5c {\r\ndisplay: block;\r\n}\r\n}\r\n@media screen and (min-width: 768px) and (max-width: 768px) {\r\n.exwbp69f75c770cb5c {\r\ndisplay: block;\r\n}\r\n}\r\n@media screen and (max-width: 767px) {\r\n.exwbp69f75c770cb5c {\r\ndisplay: block;\r\n}\r\n}\r\n<\/style>\r\n<div class=\"rlurm69f75c77121a7\" ><div id=\"div_destino\"><\/div>\r\n<script src=\"https:\/\/cdn.snsrsv.com\/sdk.js\"><\/script>\r\n<script >\r\n      new sdk(\"464030C30061EA8BE065000000000001\") \r\n          .appendTo(\"div_destino\")\r\n          .disableStyle(true) \r\n          .setCacheBusterMacro(\"%%CACHEBUSTER%%\")\r\n          .setSize(\"800\",\"214\")\r\n          .setClickMacro(\"%%CLICK_URL_ESC%%\") \r\n          .setReferrerUrlMacro(\"%%REFERRER_URL_ESC%%\") \r\n          .start(); \r\n<\/script><\/div><style type=\"text\/css\">\r\n@media screen and (min-width: 1201px) {\r\n.rlurm69f75c77121a7 {\r\ndisplay: block;\r\n}\r\n}\r\n@media screen and (min-width: 993px) and (max-width: 1200px) {\r\n.rlurm69f75c77121a7 {\r\ndisplay: block;\r\n}\r\n}\r\n@media screen and (min-width: 769px) and (max-width: 992px) {\r\n.rlurm69f75c77121a7 {\r\ndisplay: block;\r\n}\r\n}\r\n@media screen and (min-width: 768px) and (max-width: 768px) {\r\n.rlurm69f75c77121a7 {\r\ndisplay: block;\r\n}\r\n}\r\n@media screen and (max-width: 767px) {\r\n.rlurm69f75c77121a7 {\r\ndisplay: block;\r\n}\r\n}\r\n<\/style>\r\n","protected":false},"excerpt":{"rendered":"<p>A Prefeitura de Al\u00e9m Para\u00edba divulgou atrav\u00e9s do seu site oficial, informa\u00e7\u00e3o sobre a instala\u00e7\u00e3o de uma Unidade B\u00e1sica do COVID-19 no munic\u00edpio. Segundo a publica\u00e7\u00e3o, a unidade ser\u00e1 um ponto de apoio para consultas, exames e orienta\u00e7\u00f5es para a<\/p>\n<p class=\"link-more\"><a class=\"more-link\" href=\"https:\/\/marcelolopes.jor.br\/site\/2020\/05\/25\/prefeitura-de-alem-paraiba-instala-unidade-basica-do-covid-19\/\">Leia mais <span class=\"screen-reader-text\">Prefeitura de Al\u00e9m Para\u00edba instala Unidade B\u00e1sica do Covid-19<\/span><\/a><\/p>\n","protected":false},"author":2,"featured_media":14481,"comment_status":"open","ping_status":"open","sticky":false,"template":"","format":"standard","meta":{"footnotes":""},"categories":[1],"tags":[2241,2250,2477,2516],"class_list":["post-14479","post","type-post","status-publish","format-standard","has-post-thumbnail","hentry","category-noticias","tag-covid-19","tag-pandemia","tag-testes-covid-19","tag-unidade-basica-de-saude","thumb-below-title"],"yoast_head":"<!-- This site is optimized with the Yoast SEO plugin v27.4 - https:\/\/yoast.com\/product\/yoast-seo-wordpress\/ -->\n<title>Prefeitura de Al\u00e9m Para\u00edba instala Unidade B\u00e1sica do Covid-19 | Marcelo Lopes<\/title>\n<meta name=\"robots\" content=\"index, follow, max-snippet:-1, max-image-preview:large, max-video-preview:-1\" \/>\n<link rel=\"canonical\" href=\"https:\/\/marcelolopes.jor.br\/site\/2020\/05\/25\/prefeitura-de-alem-paraiba-instala-unidade-basica-do-covid-19\/\" \/>\n<meta property=\"og:locale\" content=\"pt_BR\" \/>\n<meta property=\"og:type\" content=\"article\" \/>\n<meta property=\"og:title\" content=\"Prefeitura de Al\u00e9m Para\u00edba instala Unidade B\u00e1sica do Covid-19 | Marcelo Lopes\" \/>\n<meta property=\"og:description\" content=\"A Prefeitura de Al\u00e9m Para\u00edba divulgou atrav\u00e9s do seu site oficial, informa\u00e7\u00e3o sobre a instala\u00e7\u00e3o de uma Unidade B\u00e1sica do COVID-19 no munic\u00edpio. Segundo a publica\u00e7\u00e3o, a unidade ser\u00e1 um ponto de apoio para consultas, exames e orienta\u00e7\u00f5es para aLeia mais Prefeitura de Al\u00e9m Para\u00edba instala Unidade B\u00e1sica do Covid-19\" \/>\n<meta property=\"og:url\" content=\"https:\/\/marcelolopes.jor.br\/site\/2020\/05\/25\/prefeitura-de-alem-paraiba-instala-unidade-basica-do-covid-19\/\" \/>\n<meta property=\"og:site_name\" content=\"Marcelo Lopes\" \/>\n<meta property=\"article:publisher\" content=\"https:\/\/www.facebook.com\/sitedomarcelolopes\" \/>\n<meta property=\"article:published_time\" content=\"2020-05-25T10:00:24+00:00\" \/>\n<meta property=\"og:image\" content=\"https:\/\/marcelolopes.jor.br\/site\/wp-content\/uploads\/2020\/05\/online-marketing-hIgeoQjS_iE-unsplash.jpg\" \/>\n\t<meta property=\"og:image:width\" content=\"800\" \/>\n\t<meta property=\"og:image:height\" content=\"450\" \/>\n\t<meta property=\"og:image:type\" content=\"image\/jpeg\" \/>\n<meta name=\"author\" content=\"Marcelo Lopes\" \/>\n<meta name=\"twitter:card\" content=\"summary_large_image\" \/>\n<meta name=\"twitter:label1\" content=\"Escrito por\" \/>\n\t<meta name=\"twitter:data1\" content=\"Marcelo Lopes\" \/>\n\t<meta name=\"twitter:label2\" content=\"Est. tempo de leitura\" \/>\n\t<meta name=\"twitter:data2\" content=\"2 minutos\" \/>\n<script type=\"application\/ld+json\" class=\"yoast-schema-graph\">{\"@context\":\"https:\\\/\\\/schema.org\",\"@graph\":[{\"@type\":\"NewsArticle\",\"@id\":\"https:\\\/\\\/marcelolopes.jor.br\\\/site\\\/2020\\\/05\\\/25\\\/prefeitura-de-alem-paraiba-instala-unidade-basica-do-covid-19\\\/#article\",\"isPartOf\":{\"@id\":\"https:\\\/\\\/marcelolopes.jor.br\\\/site\\\/2020\\\/05\\\/25\\\/prefeitura-de-alem-paraiba-instala-unidade-basica-do-covid-19\\\/\"},\"author\":{\"name\":\"Marcelo Lopes\",\"@id\":\"https:\\\/\\\/marcelolopes.jor.br\\\/site\\\/#\\\/schema\\\/person\\\/3e7216a35c34d8fdf952b31da3d1f89f\"},\"headline\":\"Prefeitura de Al\u00e9m Para\u00edba instala Unidade B\u00e1sica do Covid-19\",\"datePublished\":\"2020-05-25T10:00:24+00:00\",\"mainEntityOfPage\":{\"@id\":\"https:\\\/\\\/marcelolopes.jor.br\\\/site\\\/2020\\\/05\\\/25\\\/prefeitura-de-alem-paraiba-instala-unidade-basica-do-covid-19\\\/\"},\"wordCount\":326,\"commentCount\":0,\"publisher\":{\"@id\":\"https:\\\/\\\/marcelolopes.jor.br\\\/site\\\/#organization\"},\"image\":{\"@id\":\"https:\\\/\\\/marcelolopes.jor.br\\\/site\\\/2020\\\/05\\\/25\\\/prefeitura-de-alem-paraiba-instala-unidade-basica-do-covid-19\\\/#primaryimage\"},\"thumbnailUrl\":\"https:\\\/\\\/marcelolopes.jor.br\\\/site\\\/wp-content\\\/uploads\\\/2020\\\/05\\\/online-marketing-hIgeoQjS_iE-unsplash.jpg\",\"keywords\":[\"covid-19\",\"pandemia\",\"testes Covid-19\",\"Unidade B\u00e1sica de Sa\u00fade\"],\"articleSection\":[\"Not\u00edcias\"],\"inLanguage\":\"pt-BR\",\"potentialAction\":[{\"@type\":\"CommentAction\",\"name\":\"Comment\",\"target\":[\"https:\\\/\\\/marcelolopes.jor.br\\\/site\\\/2020\\\/05\\\/25\\\/prefeitura-de-alem-paraiba-instala-unidade-basica-do-covid-19\\\/#respond\"]}]},{\"@type\":\"WebPage\",\"@id\":\"https:\\\/\\\/marcelolopes.jor.br\\\/site\\\/2020\\\/05\\\/25\\\/prefeitura-de-alem-paraiba-instala-unidade-basica-do-covid-19\\\/\",\"url\":\"https:\\\/\\\/marcelolopes.jor.br\\\/site\\\/2020\\\/05\\\/25\\\/prefeitura-de-alem-paraiba-instala-unidade-basica-do-covid-19\\\/\",\"name\":\"Prefeitura de Al\u00e9m Para\u00edba instala Unidade B\u00e1sica do Covid-19 | Marcelo Lopes\",\"isPartOf\":{\"@id\":\"https:\\\/\\\/marcelolopes.jor.br\\\/site\\\/#website\"},\"primaryImageOfPage\":{\"@id\":\"https:\\\/\\\/marcelolopes.jor.br\\\/site\\\/2020\\\/05\\\/25\\\/prefeitura-de-alem-paraiba-instala-unidade-basica-do-covid-19\\\/#primaryimage\"},\"image\":{\"@id\":\"https:\\\/\\\/marcelolopes.jor.br\\\/site\\\/2020\\\/05\\\/25\\\/prefeitura-de-alem-paraiba-instala-unidade-basica-do-covid-19\\\/#primaryimage\"},\"thumbnailUrl\":\"https:\\\/\\\/marcelolopes.jor.br\\\/site\\\/wp-content\\\/uploads\\\/2020\\\/05\\\/online-marketing-hIgeoQjS_iE-unsplash.jpg\",\"datePublished\":\"2020-05-25T10:00:24+00:00\",\"breadcrumb\":{\"@id\":\"https:\\\/\\\/marcelolopes.jor.br\\\/site\\\/2020\\\/05\\\/25\\\/prefeitura-de-alem-paraiba-instala-unidade-basica-do-covid-19\\\/#breadcrumb\"},\"inLanguage\":\"pt-BR\",\"potentialAction\":[{\"@type\":\"ReadAction\",\"target\":[\"https:\\\/\\\/marcelolopes.jor.br\\\/site\\\/2020\\\/05\\\/25\\\/prefeitura-de-alem-paraiba-instala-unidade-basica-do-covid-19\\\/\"]}]},{\"@type\":\"ImageObject\",\"inLanguage\":\"pt-BR\",\"@id\":\"https:\\\/\\\/marcelolopes.jor.br\\\/site\\\/2020\\\/05\\\/25\\\/prefeitura-de-alem-paraiba-instala-unidade-basica-do-covid-19\\\/#primaryimage\",\"url\":\"https:\\\/\\\/marcelolopes.jor.br\\\/site\\\/wp-content\\\/uploads\\\/2020\\\/05\\\/online-marketing-hIgeoQjS_iE-unsplash.jpg\",\"contentUrl\":\"https:\\\/\\\/marcelolopes.jor.br\\\/site\\\/wp-content\\\/uploads\\\/2020\\\/05\\\/online-marketing-hIgeoQjS_iE-unsplash.jpg\",\"width\":800,\"height\":450},{\"@type\":\"BreadcrumbList\",\"@id\":\"https:\\\/\\\/marcelolopes.jor.br\\\/site\\\/2020\\\/05\\\/25\\\/prefeitura-de-alem-paraiba-instala-unidade-basica-do-covid-19\\\/#breadcrumb\",\"itemListElement\":[{\"@type\":\"ListItem\",\"position\":1,\"name\":\"Home\",\"item\":\"https:\\\/\\\/marcelolopes.jor.br\\\/site\\\/\"},{\"@type\":\"ListItem\",\"position\":2,\"name\":\"Prefeitura de Al\u00e9m Para\u00edba instala Unidade B\u00e1sica do Covid-19\"}]},{\"@type\":\"WebSite\",\"@id\":\"https:\\\/\\\/marcelolopes.jor.br\\\/site\\\/#website\",\"url\":\"https:\\\/\\\/marcelolopes.jor.br\\\/site\\\/\",\"name\":\"Marcelo Lopes\",\"description\":\"Not\u00edcias de Cataguases e Regi\u00e3o\",\"publisher\":{\"@id\":\"https:\\\/\\\/marcelolopes.jor.br\\\/site\\\/#organization\"},\"potentialAction\":[{\"@type\":\"SearchAction\",\"target\":{\"@type\":\"EntryPoint\",\"urlTemplate\":\"https:\\\/\\\/marcelolopes.jor.br\\\/site\\\/?s={search_term_string}\"},\"query-input\":{\"@type\":\"PropertyValueSpecification\",\"valueRequired\":true,\"valueName\":\"search_term_string\"}}],\"inLanguage\":\"pt-BR\"},{\"@type\":\"Organization\",\"@id\":\"https:\\\/\\\/marcelolopes.jor.br\\\/site\\\/#organization\",\"name\":\"Site do Marcelo Lopes\",\"url\":\"https:\\\/\\\/marcelolopes.jor.br\\\/site\\\/\",\"logo\":{\"@type\":\"ImageObject\",\"inLanguage\":\"pt-BR\",\"@id\":\"https:\\\/\\\/marcelolopes.jor.br\\\/site\\\/#\\\/schema\\\/logo\\\/image\\\/\",\"url\":\"https:\\\/\\\/marcelolopes.jor.br\\\/site\\\/wp-content\\\/uploads\\\/2024\\\/11\\\/logo-1.png\",\"contentUrl\":\"https:\\\/\\\/marcelolopes.jor.br\\\/site\\\/wp-content\\\/uploads\\\/2024\\\/11\\\/logo-1.png\",\"width\":475,\"height\":80,\"caption\":\"Site do Marcelo Lopes\"},\"image\":{\"@id\":\"https:\\\/\\\/marcelolopes.jor.br\\\/site\\\/#\\\/schema\\\/logo\\\/image\\\/\"},\"sameAs\":[\"https:\\\/\\\/www.facebook.com\\\/sitedomarcelolopes\",\"https:\\\/\\\/www.instagram.com\\\/sitedomarcelolopes\\\/\",\"https:\\\/\\\/www.linkedin.com\\\/company\\\/site-do-marcelo-lopes\\\/\",\"https:\\\/\\\/www.youtube.com\\\/user\\\/marcelolopes957\"]},{\"@type\":\"Person\",\"@id\":\"https:\\\/\\\/marcelolopes.jor.br\\\/site\\\/#\\\/schema\\\/person\\\/3e7216a35c34d8fdf952b31da3d1f89f\",\"name\":\"Marcelo Lopes\",\"sameAs\":[\"http:\\\/\\\/www.marcelolopes.jor.br\"],\"url\":\"https:\\\/\\\/marcelolopes.jor.br\\\/site\\\/author\\\/marcelo\\\/\"}]}<\/script>\n<!-- \/ Yoast SEO plugin. -->","yoast_head_json":{"title":"Prefeitura de Al\u00e9m Para\u00edba instala Unidade B\u00e1sica do Covid-19 | Marcelo Lopes","robots":{"index":"index","follow":"follow","max-snippet":"max-snippet:-1","max-image-preview":"max-image-preview:large","max-video-preview":"max-video-preview:-1"},"canonical":"https:\/\/marcelolopes.jor.br\/site\/2020\/05\/25\/prefeitura-de-alem-paraiba-instala-unidade-basica-do-covid-19\/","og_locale":"pt_BR","og_type":"article","og_title":"Prefeitura de Al\u00e9m Para\u00edba instala Unidade B\u00e1sica do Covid-19 | Marcelo Lopes","og_description":"A Prefeitura de Al\u00e9m Para\u00edba divulgou atrav\u00e9s do seu site oficial, informa\u00e7\u00e3o sobre a instala\u00e7\u00e3o de uma Unidade B\u00e1sica do COVID-19 no munic\u00edpio. Segundo a publica\u00e7\u00e3o, a unidade ser\u00e1 um ponto de apoio para consultas, exames e orienta\u00e7\u00f5es para aLeia mais Prefeitura de Al\u00e9m Para\u00edba instala Unidade B\u00e1sica do Covid-19","og_url":"https:\/\/marcelolopes.jor.br\/site\/2020\/05\/25\/prefeitura-de-alem-paraiba-instala-unidade-basica-do-covid-19\/","og_site_name":"Marcelo Lopes","article_publisher":"https:\/\/www.facebook.com\/sitedomarcelolopes","article_published_time":"2020-05-25T10:00:24+00:00","og_image":[{"width":800,"height":450,"url":"https:\/\/marcelolopes.jor.br\/site\/wp-content\/uploads\/2020\/05\/online-marketing-hIgeoQjS_iE-unsplash.jpg","type":"image\/jpeg"}],"author":"Marcelo Lopes","twitter_card":"summary_large_image","twitter_misc":{"Escrito por":"Marcelo Lopes","Est. tempo de leitura":"2 minutos"},"schema":{"@context":"https:\/\/schema.org","@graph":[{"@type":"NewsArticle","@id":"https:\/\/marcelolopes.jor.br\/site\/2020\/05\/25\/prefeitura-de-alem-paraiba-instala-unidade-basica-do-covid-19\/#article","isPartOf":{"@id":"https:\/\/marcelolopes.jor.br\/site\/2020\/05\/25\/prefeitura-de-alem-paraiba-instala-unidade-basica-do-covid-19\/"},"author":{"name":"Marcelo Lopes","@id":"https:\/\/marcelolopes.jor.br\/site\/#\/schema\/person\/3e7216a35c34d8fdf952b31da3d1f89f"},"headline":"Prefeitura de Al\u00e9m Para\u00edba instala Unidade B\u00e1sica do Covid-19","datePublished":"2020-05-25T10:00:24+00:00","mainEntityOfPage":{"@id":"https:\/\/marcelolopes.jor.br\/site\/2020\/05\/25\/prefeitura-de-alem-paraiba-instala-unidade-basica-do-covid-19\/"},"wordCount":326,"commentCount":0,"publisher":{"@id":"https:\/\/marcelolopes.jor.br\/site\/#organization"},"image":{"@id":"https:\/\/marcelolopes.jor.br\/site\/2020\/05\/25\/prefeitura-de-alem-paraiba-instala-unidade-basica-do-covid-19\/#primaryimage"},"thumbnailUrl":"https:\/\/marcelolopes.jor.br\/site\/wp-content\/uploads\/2020\/05\/online-marketing-hIgeoQjS_iE-unsplash.jpg","keywords":["covid-19","pandemia","testes Covid-19","Unidade B\u00e1sica de Sa\u00fade"],"articleSection":["Not\u00edcias"],"inLanguage":"pt-BR","potentialAction":[{"@type":"CommentAction","name":"Comment","target":["https:\/\/marcelolopes.jor.br\/site\/2020\/05\/25\/prefeitura-de-alem-paraiba-instala-unidade-basica-do-covid-19\/#respond"]}]},{"@type":"WebPage","@id":"https:\/\/marcelolopes.jor.br\/site\/2020\/05\/25\/prefeitura-de-alem-paraiba-instala-unidade-basica-do-covid-19\/","url":"https:\/\/marcelolopes.jor.br\/site\/2020\/05\/25\/prefeitura-de-alem-paraiba-instala-unidade-basica-do-covid-19\/","name":"Prefeitura de Al\u00e9m Para\u00edba instala Unidade B\u00e1sica do Covid-19 | Marcelo Lopes","isPartOf":{"@id":"https:\/\/marcelolopes.jor.br\/site\/#website"},"primaryImageOfPage":{"@id":"https:\/\/marcelolopes.jor.br\/site\/2020\/05\/25\/prefeitura-de-alem-paraiba-instala-unidade-basica-do-covid-19\/#primaryimage"},"image":{"@id":"https:\/\/marcelolopes.jor.br\/site\/2020\/05\/25\/prefeitura-de-alem-paraiba-instala-unidade-basica-do-covid-19\/#primaryimage"},"thumbnailUrl":"https:\/\/marcelolopes.jor.br\/site\/wp-content\/uploads\/2020\/05\/online-marketing-hIgeoQjS_iE-unsplash.jpg","datePublished":"2020-05-25T10:00:24+00:00","breadcrumb":{"@id":"https:\/\/marcelolopes.jor.br\/site\/2020\/05\/25\/prefeitura-de-alem-paraiba-instala-unidade-basica-do-covid-19\/#breadcrumb"},"inLanguage":"pt-BR","potentialAction":[{"@type":"ReadAction","target":["https:\/\/marcelolopes.jor.br\/site\/2020\/05\/25\/prefeitura-de-alem-paraiba-instala-unidade-basica-do-covid-19\/"]}]},{"@type":"ImageObject","inLanguage":"pt-BR","@id":"https:\/\/marcelolopes.jor.br\/site\/2020\/05\/25\/prefeitura-de-alem-paraiba-instala-unidade-basica-do-covid-19\/#primaryimage","url":"https:\/\/marcelolopes.jor.br\/site\/wp-content\/uploads\/2020\/05\/online-marketing-hIgeoQjS_iE-unsplash.jpg","contentUrl":"https:\/\/marcelolopes.jor.br\/site\/wp-content\/uploads\/2020\/05\/online-marketing-hIgeoQjS_iE-unsplash.jpg","width":800,"height":450},{"@type":"BreadcrumbList","@id":"https:\/\/marcelolopes.jor.br\/site\/2020\/05\/25\/prefeitura-de-alem-paraiba-instala-unidade-basica-do-covid-19\/#breadcrumb","itemListElement":[{"@type":"ListItem","position":1,"name":"Home","item":"https:\/\/marcelolopes.jor.br\/site\/"},{"@type":"ListItem","position":2,"name":"Prefeitura de Al\u00e9m Para\u00edba instala Unidade B\u00e1sica do Covid-19"}]},{"@type":"WebSite","@id":"https:\/\/marcelolopes.jor.br\/site\/#website","url":"https:\/\/marcelolopes.jor.br\/site\/","name":"Marcelo Lopes","description":"Not\u00edcias de Cataguases e Regi\u00e3o","publisher":{"@id":"https:\/\/marcelolopes.jor.br\/site\/#organization"},"potentialAction":[{"@type":"SearchAction","target":{"@type":"EntryPoint","urlTemplate":"https:\/\/marcelolopes.jor.br\/site\/?s={search_term_string}"},"query-input":{"@type":"PropertyValueSpecification","valueRequired":true,"valueName":"search_term_string"}}],"inLanguage":"pt-BR"},{"@type":"Organization","@id":"https:\/\/marcelolopes.jor.br\/site\/#organization","name":"Site do Marcelo Lopes","url":"https:\/\/marcelolopes.jor.br\/site\/","logo":{"@type":"ImageObject","inLanguage":"pt-BR","@id":"https:\/\/marcelolopes.jor.br\/site\/#\/schema\/logo\/image\/","url":"https:\/\/marcelolopes.jor.br\/site\/wp-content\/uploads\/2024\/11\/logo-1.png","contentUrl":"https:\/\/marcelolopes.jor.br\/site\/wp-content\/uploads\/2024\/11\/logo-1.png","width":475,"height":80,"caption":"Site do Marcelo Lopes"},"image":{"@id":"https:\/\/marcelolopes.jor.br\/site\/#\/schema\/logo\/image\/"},"sameAs":["https:\/\/www.facebook.com\/sitedomarcelolopes","https:\/\/www.instagram.com\/sitedomarcelolopes\/","https:\/\/www.linkedin.com\/company\/site-do-marcelo-lopes\/","https:\/\/www.youtube.com\/user\/marcelolopes957"]},{"@type":"Person","@id":"https:\/\/marcelolopes.jor.br\/site\/#\/schema\/person\/3e7216a35c34d8fdf952b31da3d1f89f","name":"Marcelo Lopes","sameAs":["http:\/\/www.marcelolopes.jor.br"],"url":"https:\/\/marcelolopes.jor.br\/site\/author\/marcelo\/"}]}},"wps_subtitle":"Segundo a prefeitura, a UBC entrar\u00e1 em opera\u00e7\u00e3o nesta ter\u00e7a-feira dia 26 de maio.","_links":{"self":[{"href":"https:\/\/marcelolopes.jor.br\/site\/wp-json\/wp\/v2\/posts\/14479","targetHints":{"allow":["GET"]}}],"collection":[{"href":"https:\/\/marcelolopes.jor.br\/site\/wp-json\/wp\/v2\/posts"}],"about":[{"href":"https:\/\/marcelolopes.jor.br\/site\/wp-json\/wp\/v2\/types\/post"}],"author":[{"embeddable":true,"href":"https:\/\/marcelolopes.jor.br\/site\/wp-json\/wp\/v2\/users\/2"}],"replies":[{"embeddable":true,"href":"https:\/\/marcelolopes.jor.br\/site\/wp-json\/wp\/v2\/comments?post=14479"}],"version-history":[{"count":0,"href":"https:\/\/marcelolopes.jor.br\/site\/wp-json\/wp\/v2\/posts\/14479\/revisions"}],"wp:featuredmedia":[{"embeddable":true,"href":"https:\/\/marcelolopes.jor.br\/site\/wp-json\/wp\/v2\/media\/14481"}],"wp:attachment":[{"href":"https:\/\/marcelolopes.jor.br\/site\/wp-json\/wp\/v2\/media?parent=14479"}],"wp:term":[{"taxonomy":"category","embeddable":true,"href":"https:\/\/marcelolopes.jor.br\/site\/wp-json\/wp\/v2\/categories?post=14479"},{"taxonomy":"post_tag","embeddable":true,"href":"https:\/\/marcelolopes.jor.br\/site\/wp-json\/wp\/v2\/tags?post=14479"}],"curies":[{"name":"wp","href":"https:\/\/api.w.org\/{rel}","templated":true}]}}