{"id":14433,"date":"2020-05-22T14:26:16","date_gmt":"2020-05-22T17:26:16","guid":{"rendered":"https:\/\/marcelolopes.jor.br\/?p=14433"},"modified":"2020-05-22T16:15:27","modified_gmt":"2020-05-22T19:15:27","slug":"homem-e-morto-em-briga-com-golpes-de-estilete","status":"publish","type":"post","link":"https:\/\/marcelolopes.jor.br\/site\/2020\/05\/22\/homem-e-morto-em-briga-com-golpes-de-estilete\/","title":{"rendered":"Homem \u00e9 morto em briga com golpes de estilete"},"content":{"rendered":"<p style=\"text-align: justify;\"><strong>MAT\u00c9RIA ATUALIZADA &#8211;<\/strong> Um homem de 49 anos de idade morreu no final da manh\u00e3 desta sexta-feira, 22 de maio, no Bairro Bonsucesso, em Cataguases, ap\u00f3s se envolver em uma briga. Ele foi atingido por golpes de estilete no pesco\u00e7o e n\u00e3o resistiu, conforme informou a Pol\u00edcia Militar respons\u00e1vel pelo registro do caso que est\u00e1 sendo tratado como homic\u00eddio. O autor, de 69 anos, se entregou aos policiais e est\u00e1 detido.<!--more--><\/p>\n<p style=\"text-align: justify;\">De acordo com as informa\u00e7\u00f5es obtidas pela reportagem junto \u00e0 Pol\u00edcia Militar no local do crime, o homem que morreu foi identificado como Claudislei da Costa Silva, de 43 anos, mais conhecido como Bab\u00e3o. Conforme informou o tenente Vin\u00edcius Marinato que est\u00e1 \u00e0 frente da ocorr\u00eancia, ele possui diversas passagens pela pol\u00edcia tendo, inclusive, cumprido pena no pres\u00eddio de Cataguases.<\/p>\n<p style=\"text-align: justify;\">Segundo relato daquele oficial, nesta manh\u00e3 de sexta-feira, Bab\u00e3o foi alvo de um Boletim de Ocorr\u00eancia registrado por uma mulher pr\u00f3xima dele, por agress\u00e3o. Isto porque ele soube que ela iria fazer um programa sexual com um homem e, ent\u00e3o, tentou impedi-la. Ainda conforme relato do tenente Marinato, ap\u00f3s o registro, a mulher foi at\u00e9 \u00e0 casa do cliente, mas pouco depois Bab\u00e3o tamb\u00e9m chegou ao local. L\u00e1 tentou entrar no im\u00f3vel e come\u00e7ou a discutir com o propriet\u00e1rio, de 69 anos de idade, a quem tentou agredir. Neste momento, conforme relato do pr\u00f3prio autor aos militares, usou um estilete para se defender e os golpes atingiram o pesco\u00e7o de Bab\u00e3o que n\u00e3o resistiu e morreu antes da chegada do Servi\u00e7o de Atendimento M\u00f3vel de Urg\u00eancia &#8211; SAMU.<\/p>\n<p style=\"text-align: justify;\">A per\u00edcia t\u00e9cnica da Pol\u00edcia Civil foi acionada e far\u00e1 seu trabalho para ajudar a identificar a causa de sua morte. A mulher que faria o programa com o autor dos golpes foi levada junto com ele para a Delegacia de Pol\u00edcia Civil de plant\u00e3o em Leopoldina para prestarem depoimento. A ocorr\u00eancia foi finalizada por volta das 16 horas.<\/p>\n<p>Foto exclusiva: Site do Marcelo Lopes.<\/p>\n<div class=\"eeiar69f74d88d8ba0\" ><br><\/div><style type=\"text\/css\">\r\n@media screen and (min-width: 1201px) {\r\n.eeiar69f74d88d8ba0 {\r\ndisplay: block;\r\n}\r\n}\r\n@media screen and (min-width: 993px) and (max-width: 1200px) {\r\n.eeiar69f74d88d8ba0 {\r\ndisplay: block;\r\n}\r\n}\r\n@media screen and (min-width: 769px) and (max-width: 992px) {\r\n.eeiar69f74d88d8ba0 {\r\ndisplay: block;\r\n}\r\n}\r\n@media screen and (min-width: 768px) and (max-width: 768px) {\r\n.eeiar69f74d88d8ba0 {\r\ndisplay: block;\r\n}\r\n}\r\n@media screen and (max-width: 767px) {\r\n.eeiar69f74d88d8ba0 {\r\ndisplay: block;\r\n}\r\n}\r\n<\/style>\r\n<div class=\"oposa69f74d88deb2c\" ><div id=\"div_destino\"><\/div>\r\n<script src=\"https:\/\/cdn.snsrsv.com\/sdk.js\"><\/script>\r\n<script >\r\n      new sdk(\"464030C30061EA8BE065000000000001\") \r\n          .appendTo(\"div_destino\")\r\n          .disableStyle(true) \r\n          .setCacheBusterMacro(\"%%CACHEBUSTER%%\")\r\n          .setSize(\"800\",\"214\")\r\n          .setClickMacro(\"%%CLICK_URL_ESC%%\") \r\n          .setReferrerUrlMacro(\"%%REFERRER_URL_ESC%%\") \r\n          .start(); \r\n<\/script><\/div><style type=\"text\/css\">\r\n@media screen and (min-width: 1201px) {\r\n.oposa69f74d88deb2c {\r\ndisplay: block;\r\n}\r\n}\r\n@media screen and (min-width: 993px) and (max-width: 1200px) {\r\n.oposa69f74d88deb2c {\r\ndisplay: block;\r\n}\r\n}\r\n@media screen and (min-width: 769px) and (max-width: 992px) {\r\n.oposa69f74d88deb2c {\r\ndisplay: block;\r\n}\r\n}\r\n@media screen and (min-width: 768px) and (max-width: 768px) {\r\n.oposa69f74d88deb2c {\r\ndisplay: block;\r\n}\r\n}\r\n@media screen and (max-width: 767px) {\r\n.oposa69f74d88deb2c {\r\ndisplay: block;\r\n}\r\n}\r\n<\/style>\r\n","protected":false},"excerpt":{"rendered":"<p>MAT\u00c9RIA ATUALIZADA &#8211; Um homem de 49 anos de idade morreu no final da manh\u00e3 desta sexta-feira, 22 de maio, no Bairro Bonsucesso, em Cataguases, ap\u00f3s se envolver em uma briga. Ele foi atingido por golpes de estilete no pesco\u00e7o<\/p>\n<p class=\"link-more\"><a class=\"more-link\" href=\"https:\/\/marcelolopes.jor.br\/site\/2020\/05\/22\/homem-e-morto-em-briga-com-golpes-de-estilete\/\">Leia mais <span class=\"screen-reader-text\">Homem \u00e9 morto em briga com golpes de estilete<\/span><\/a><\/p>\n","protected":false},"author":2,"featured_media":14435,"comment_status":"open","ping_status":"open","sticky":false,"template":"","format":"standard","meta":{"footnotes":""},"categories":[1],"tags":[2507,74,2506,245],"class_list":["post-14433","post","type-post","status-publish","format-standard","has-post-thumbnail","hentry","category-noticias","tag-babao","tag-crime","tag-estilete","tag-homicidio","thumb-below-title"],"yoast_head":"<!-- This site is optimized with the Yoast SEO plugin v27.4 - https:\/\/yoast.com\/product\/yoast-seo-wordpress\/ -->\n<title>Homem \u00e9 morto em briga com golpes de estilete | Marcelo Lopes<\/title>\n<meta name=\"robots\" content=\"index, follow, max-snippet:-1, max-image-preview:large, max-video-preview:-1\" \/>\n<link rel=\"canonical\" href=\"https:\/\/marcelolopes.jor.br\/site\/2020\/05\/22\/homem-e-morto-em-briga-com-golpes-de-estilete\/\" \/>\n<meta property=\"og:locale\" content=\"pt_BR\" \/>\n<meta property=\"og:type\" content=\"article\" \/>\n<meta property=\"og:title\" content=\"Homem \u00e9 morto em briga com golpes de estilete | Marcelo Lopes\" \/>\n<meta property=\"og:description\" content=\"MAT\u00c9RIA ATUALIZADA &#8211; Um homem de 49 anos de idade morreu no final da manh\u00e3 desta sexta-feira, 22 de maio, no Bairro Bonsucesso, em Cataguases, ap\u00f3s se envolver em uma briga. Ele foi atingido por golpes de estilete no pesco\u00e7oLeia mais Homem \u00e9 morto em briga com golpes de estilete\" \/>\n<meta property=\"og:url\" content=\"https:\/\/marcelolopes.jor.br\/site\/2020\/05\/22\/homem-e-morto-em-briga-com-golpes-de-estilete\/\" \/>\n<meta property=\"og:site_name\" content=\"Marcelo Lopes\" \/>\n<meta property=\"article:publisher\" content=\"https:\/\/www.facebook.com\/sitedomarcelolopes\" \/>\n<meta property=\"article:published_time\" content=\"2020-05-22T17:26:16+00:00\" \/>\n<meta property=\"article:modified_time\" content=\"2020-05-22T19:15:27+00:00\" \/>\n<meta property=\"og:image\" content=\"https:\/\/marcelolopes.jor.br\/site\/wp-content\/uploads\/2020\/05\/IMG_3485.jpg\" \/>\n\t<meta property=\"og:image:width\" content=\"800\" \/>\n\t<meta property=\"og:image:height\" content=\"450\" \/>\n\t<meta property=\"og:image:type\" content=\"image\/jpeg\" \/>\n<meta name=\"author\" content=\"Marcelo Lopes\" \/>\n<meta name=\"twitter:card\" content=\"summary_large_image\" \/>\n<meta name=\"twitter:label1\" content=\"Escrito por\" \/>\n\t<meta name=\"twitter:data1\" content=\"Marcelo Lopes\" \/>\n\t<meta name=\"twitter:label2\" content=\"Est. tempo de leitura\" \/>\n\t<meta name=\"twitter:data2\" content=\"2 minutos\" \/>\n<script type=\"application\/ld+json\" class=\"yoast-schema-graph\">{\"@context\":\"https:\\\/\\\/schema.org\",\"@graph\":[{\"@type\":\"NewsArticle\",\"@id\":\"https:\\\/\\\/marcelolopes.jor.br\\\/site\\\/2020\\\/05\\\/22\\\/homem-e-morto-em-briga-com-golpes-de-estilete\\\/#article\",\"isPartOf\":{\"@id\":\"https:\\\/\\\/marcelolopes.jor.br\\\/site\\\/2020\\\/05\\\/22\\\/homem-e-morto-em-briga-com-golpes-de-estilete\\\/\"},\"author\":{\"name\":\"Marcelo Lopes\",\"@id\":\"https:\\\/\\\/marcelolopes.jor.br\\\/site\\\/#\\\/schema\\\/person\\\/3e7216a35c34d8fdf952b31da3d1f89f\"},\"headline\":\"Homem \u00e9 morto em briga com golpes de estilete\",\"datePublished\":\"2020-05-22T17:26:16+00:00\",\"dateModified\":\"2020-05-22T19:15:27+00:00\",\"mainEntityOfPage\":{\"@id\":\"https:\\\/\\\/marcelolopes.jor.br\\\/site\\\/2020\\\/05\\\/22\\\/homem-e-morto-em-briga-com-golpes-de-estilete\\\/\"},\"wordCount\":361,\"commentCount\":0,\"publisher\":{\"@id\":\"https:\\\/\\\/marcelolopes.jor.br\\\/site\\\/#organization\"},\"image\":{\"@id\":\"https:\\\/\\\/marcelolopes.jor.br\\\/site\\\/2020\\\/05\\\/22\\\/homem-e-morto-em-briga-com-golpes-de-estilete\\\/#primaryimage\"},\"thumbnailUrl\":\"https:\\\/\\\/marcelolopes.jor.br\\\/site\\\/wp-content\\\/uploads\\\/2020\\\/05\\\/IMG_3485.jpg\",\"keywords\":[\"Bab\u00e3o\",\"crime\",\"estilete\",\"homic\u00eddio\"],\"articleSection\":[\"Not\u00edcias\"],\"inLanguage\":\"pt-BR\",\"potentialAction\":[{\"@type\":\"CommentAction\",\"name\":\"Comment\",\"target\":[\"https:\\\/\\\/marcelolopes.jor.br\\\/site\\\/2020\\\/05\\\/22\\\/homem-e-morto-em-briga-com-golpes-de-estilete\\\/#respond\"]}]},{\"@type\":\"WebPage\",\"@id\":\"https:\\\/\\\/marcelolopes.jor.br\\\/site\\\/2020\\\/05\\\/22\\\/homem-e-morto-em-briga-com-golpes-de-estilete\\\/\",\"url\":\"https:\\\/\\\/marcelolopes.jor.br\\\/site\\\/2020\\\/05\\\/22\\\/homem-e-morto-em-briga-com-golpes-de-estilete\\\/\",\"name\":\"Homem \u00e9 morto em briga com golpes de estilete | Marcelo Lopes\",\"isPartOf\":{\"@id\":\"https:\\\/\\\/marcelolopes.jor.br\\\/site\\\/#website\"},\"primaryImageOfPage\":{\"@id\":\"https:\\\/\\\/marcelolopes.jor.br\\\/site\\\/2020\\\/05\\\/22\\\/homem-e-morto-em-briga-com-golpes-de-estilete\\\/#primaryimage\"},\"image\":{\"@id\":\"https:\\\/\\\/marcelolopes.jor.br\\\/site\\\/2020\\\/05\\\/22\\\/homem-e-morto-em-briga-com-golpes-de-estilete\\\/#primaryimage\"},\"thumbnailUrl\":\"https:\\\/\\\/marcelolopes.jor.br\\\/site\\\/wp-content\\\/uploads\\\/2020\\\/05\\\/IMG_3485.jpg\",\"datePublished\":\"2020-05-22T17:26:16+00:00\",\"dateModified\":\"2020-05-22T19:15:27+00:00\",\"breadcrumb\":{\"@id\":\"https:\\\/\\\/marcelolopes.jor.br\\\/site\\\/2020\\\/05\\\/22\\\/homem-e-morto-em-briga-com-golpes-de-estilete\\\/#breadcrumb\"},\"inLanguage\":\"pt-BR\",\"potentialAction\":[{\"@type\":\"ReadAction\",\"target\":[\"https:\\\/\\\/marcelolopes.jor.br\\\/site\\\/2020\\\/05\\\/22\\\/homem-e-morto-em-briga-com-golpes-de-estilete\\\/\"]}]},{\"@type\":\"ImageObject\",\"inLanguage\":\"pt-BR\",\"@id\":\"https:\\\/\\\/marcelolopes.jor.br\\\/site\\\/2020\\\/05\\\/22\\\/homem-e-morto-em-briga-com-golpes-de-estilete\\\/#primaryimage\",\"url\":\"https:\\\/\\\/marcelolopes.jor.br\\\/site\\\/wp-content\\\/uploads\\\/2020\\\/05\\\/IMG_3485.jpg\",\"contentUrl\":\"https:\\\/\\\/marcelolopes.jor.br\\\/site\\\/wp-content\\\/uploads\\\/2020\\\/05\\\/IMG_3485.jpg\",\"width\":800,\"height\":450},{\"@type\":\"BreadcrumbList\",\"@id\":\"https:\\\/\\\/marcelolopes.jor.br\\\/site\\\/2020\\\/05\\\/22\\\/homem-e-morto-em-briga-com-golpes-de-estilete\\\/#breadcrumb\",\"itemListElement\":[{\"@type\":\"ListItem\",\"position\":1,\"name\":\"Home\",\"item\":\"https:\\\/\\\/marcelolopes.jor.br\\\/site\\\/\"},{\"@type\":\"ListItem\",\"position\":2,\"name\":\"Homem \u00e9 morto em briga com golpes de estilete\"}]},{\"@type\":\"WebSite\",\"@id\":\"https:\\\/\\\/marcelolopes.jor.br\\\/site\\\/#website\",\"url\":\"https:\\\/\\\/marcelolopes.jor.br\\\/site\\\/\",\"name\":\"Marcelo Lopes\",\"description\":\"Not\u00edcias de Cataguases e Regi\u00e3o\",\"publisher\":{\"@id\":\"https:\\\/\\\/marcelolopes.jor.br\\\/site\\\/#organization\"},\"potentialAction\":[{\"@type\":\"SearchAction\",\"target\":{\"@type\":\"EntryPoint\",\"urlTemplate\":\"https:\\\/\\\/marcelolopes.jor.br\\\/site\\\/?s={search_term_string}\"},\"query-input\":{\"@type\":\"PropertyValueSpecification\",\"valueRequired\":true,\"valueName\":\"search_term_string\"}}],\"inLanguage\":\"pt-BR\"},{\"@type\":\"Organization\",\"@id\":\"https:\\\/\\\/marcelolopes.jor.br\\\/site\\\/#organization\",\"name\":\"Site do Marcelo Lopes\",\"url\":\"https:\\\/\\\/marcelolopes.jor.br\\\/site\\\/\",\"logo\":{\"@type\":\"ImageObject\",\"inLanguage\":\"pt-BR\",\"@id\":\"https:\\\/\\\/marcelolopes.jor.br\\\/site\\\/#\\\/schema\\\/logo\\\/image\\\/\",\"url\":\"https:\\\/\\\/marcelolopes.jor.br\\\/site\\\/wp-content\\\/uploads\\\/2024\\\/11\\\/logo-1.png\",\"contentUrl\":\"https:\\\/\\\/marcelolopes.jor.br\\\/site\\\/wp-content\\\/uploads\\\/2024\\\/11\\\/logo-1.png\",\"width\":475,\"height\":80,\"caption\":\"Site do Marcelo Lopes\"},\"image\":{\"@id\":\"https:\\\/\\\/marcelolopes.jor.br\\\/site\\\/#\\\/schema\\\/logo\\\/image\\\/\"},\"sameAs\":[\"https:\\\/\\\/www.facebook.com\\\/sitedomarcelolopes\",\"https:\\\/\\\/www.instagram.com\\\/sitedomarcelolopes\\\/\",\"https:\\\/\\\/www.linkedin.com\\\/company\\\/site-do-marcelo-lopes\\\/\",\"https:\\\/\\\/www.youtube.com\\\/user\\\/marcelolopes957\"]},{\"@type\":\"Person\",\"@id\":\"https:\\\/\\\/marcelolopes.jor.br\\\/site\\\/#\\\/schema\\\/person\\\/3e7216a35c34d8fdf952b31da3d1f89f\",\"name\":\"Marcelo Lopes\",\"sameAs\":[\"http:\\\/\\\/www.marcelolopes.jor.br\"],\"url\":\"https:\\\/\\\/marcelolopes.jor.br\\\/site\\\/author\\\/marcelo\\\/\"}]}<\/script>\n<!-- \/ Yoast SEO plugin. -->","yoast_head_json":{"title":"Homem \u00e9 morto em briga com golpes de estilete | Marcelo Lopes","robots":{"index":"index","follow":"follow","max-snippet":"max-snippet:-1","max-image-preview":"max-image-preview:large","max-video-preview":"max-video-preview:-1"},"canonical":"https:\/\/marcelolopes.jor.br\/site\/2020\/05\/22\/homem-e-morto-em-briga-com-golpes-de-estilete\/","og_locale":"pt_BR","og_type":"article","og_title":"Homem \u00e9 morto em briga com golpes de estilete | Marcelo Lopes","og_description":"MAT\u00c9RIA ATUALIZADA &#8211; Um homem de 49 anos de idade morreu no final da manh\u00e3 desta sexta-feira, 22 de maio, no Bairro Bonsucesso, em Cataguases, ap\u00f3s se envolver em uma briga. Ele foi atingido por golpes de estilete no pesco\u00e7oLeia mais Homem \u00e9 morto em briga com golpes de estilete","og_url":"https:\/\/marcelolopes.jor.br\/site\/2020\/05\/22\/homem-e-morto-em-briga-com-golpes-de-estilete\/","og_site_name":"Marcelo Lopes","article_publisher":"https:\/\/www.facebook.com\/sitedomarcelolopes","article_published_time":"2020-05-22T17:26:16+00:00","article_modified_time":"2020-05-22T19:15:27+00:00","og_image":[{"width":800,"height":450,"url":"https:\/\/marcelolopes.jor.br\/site\/wp-content\/uploads\/2020\/05\/IMG_3485.jpg","type":"image\/jpeg"}],"author":"Marcelo Lopes","twitter_card":"summary_large_image","twitter_misc":{"Escrito por":"Marcelo Lopes","Est. tempo de leitura":"2 minutos"},"schema":{"@context":"https:\/\/schema.org","@graph":[{"@type":"NewsArticle","@id":"https:\/\/marcelolopes.jor.br\/site\/2020\/05\/22\/homem-e-morto-em-briga-com-golpes-de-estilete\/#article","isPartOf":{"@id":"https:\/\/marcelolopes.jor.br\/site\/2020\/05\/22\/homem-e-morto-em-briga-com-golpes-de-estilete\/"},"author":{"name":"Marcelo Lopes","@id":"https:\/\/marcelolopes.jor.br\/site\/#\/schema\/person\/3e7216a35c34d8fdf952b31da3d1f89f"},"headline":"Homem \u00e9 morto em briga com golpes de estilete","datePublished":"2020-05-22T17:26:16+00:00","dateModified":"2020-05-22T19:15:27+00:00","mainEntityOfPage":{"@id":"https:\/\/marcelolopes.jor.br\/site\/2020\/05\/22\/homem-e-morto-em-briga-com-golpes-de-estilete\/"},"wordCount":361,"commentCount":0,"publisher":{"@id":"https:\/\/marcelolopes.jor.br\/site\/#organization"},"image":{"@id":"https:\/\/marcelolopes.jor.br\/site\/2020\/05\/22\/homem-e-morto-em-briga-com-golpes-de-estilete\/#primaryimage"},"thumbnailUrl":"https:\/\/marcelolopes.jor.br\/site\/wp-content\/uploads\/2020\/05\/IMG_3485.jpg","keywords":["Bab\u00e3o","crime","estilete","homic\u00eddio"],"articleSection":["Not\u00edcias"],"inLanguage":"pt-BR","potentialAction":[{"@type":"CommentAction","name":"Comment","target":["https:\/\/marcelolopes.jor.br\/site\/2020\/05\/22\/homem-e-morto-em-briga-com-golpes-de-estilete\/#respond"]}]},{"@type":"WebPage","@id":"https:\/\/marcelolopes.jor.br\/site\/2020\/05\/22\/homem-e-morto-em-briga-com-golpes-de-estilete\/","url":"https:\/\/marcelolopes.jor.br\/site\/2020\/05\/22\/homem-e-morto-em-briga-com-golpes-de-estilete\/","name":"Homem \u00e9 morto em briga com golpes de estilete | Marcelo Lopes","isPartOf":{"@id":"https:\/\/marcelolopes.jor.br\/site\/#website"},"primaryImageOfPage":{"@id":"https:\/\/marcelolopes.jor.br\/site\/2020\/05\/22\/homem-e-morto-em-briga-com-golpes-de-estilete\/#primaryimage"},"image":{"@id":"https:\/\/marcelolopes.jor.br\/site\/2020\/05\/22\/homem-e-morto-em-briga-com-golpes-de-estilete\/#primaryimage"},"thumbnailUrl":"https:\/\/marcelolopes.jor.br\/site\/wp-content\/uploads\/2020\/05\/IMG_3485.jpg","datePublished":"2020-05-22T17:26:16+00:00","dateModified":"2020-05-22T19:15:27+00:00","breadcrumb":{"@id":"https:\/\/marcelolopes.jor.br\/site\/2020\/05\/22\/homem-e-morto-em-briga-com-golpes-de-estilete\/#breadcrumb"},"inLanguage":"pt-BR","potentialAction":[{"@type":"ReadAction","target":["https:\/\/marcelolopes.jor.br\/site\/2020\/05\/22\/homem-e-morto-em-briga-com-golpes-de-estilete\/"]}]},{"@type":"ImageObject","inLanguage":"pt-BR","@id":"https:\/\/marcelolopes.jor.br\/site\/2020\/05\/22\/homem-e-morto-em-briga-com-golpes-de-estilete\/#primaryimage","url":"https:\/\/marcelolopes.jor.br\/site\/wp-content\/uploads\/2020\/05\/IMG_3485.jpg","contentUrl":"https:\/\/marcelolopes.jor.br\/site\/wp-content\/uploads\/2020\/05\/IMG_3485.jpg","width":800,"height":450},{"@type":"BreadcrumbList","@id":"https:\/\/marcelolopes.jor.br\/site\/2020\/05\/22\/homem-e-morto-em-briga-com-golpes-de-estilete\/#breadcrumb","itemListElement":[{"@type":"ListItem","position":1,"name":"Home","item":"https:\/\/marcelolopes.jor.br\/site\/"},{"@type":"ListItem","position":2,"name":"Homem \u00e9 morto em briga com golpes de estilete"}]},{"@type":"WebSite","@id":"https:\/\/marcelolopes.jor.br\/site\/#website","url":"https:\/\/marcelolopes.jor.br\/site\/","name":"Marcelo Lopes","description":"Not\u00edcias de Cataguases e Regi\u00e3o","publisher":{"@id":"https:\/\/marcelolopes.jor.br\/site\/#organization"},"potentialAction":[{"@type":"SearchAction","target":{"@type":"EntryPoint","urlTemplate":"https:\/\/marcelolopes.jor.br\/site\/?s={search_term_string}"},"query-input":{"@type":"PropertyValueSpecification","valueRequired":true,"valueName":"search_term_string"}}],"inLanguage":"pt-BR"},{"@type":"Organization","@id":"https:\/\/marcelolopes.jor.br\/site\/#organization","name":"Site do Marcelo Lopes","url":"https:\/\/marcelolopes.jor.br\/site\/","logo":{"@type":"ImageObject","inLanguage":"pt-BR","@id":"https:\/\/marcelolopes.jor.br\/site\/#\/schema\/logo\/image\/","url":"https:\/\/marcelolopes.jor.br\/site\/wp-content\/uploads\/2024\/11\/logo-1.png","contentUrl":"https:\/\/marcelolopes.jor.br\/site\/wp-content\/uploads\/2024\/11\/logo-1.png","width":475,"height":80,"caption":"Site do Marcelo Lopes"},"image":{"@id":"https:\/\/marcelolopes.jor.br\/site\/#\/schema\/logo\/image\/"},"sameAs":["https:\/\/www.facebook.com\/sitedomarcelolopes","https:\/\/www.instagram.com\/sitedomarcelolopes\/","https:\/\/www.linkedin.com\/company\/site-do-marcelo-lopes\/","https:\/\/www.youtube.com\/user\/marcelolopes957"]},{"@type":"Person","@id":"https:\/\/marcelolopes.jor.br\/site\/#\/schema\/person\/3e7216a35c34d8fdf952b31da3d1f89f","name":"Marcelo Lopes","sameAs":["http:\/\/www.marcelolopes.jor.br"],"url":"https:\/\/marcelolopes.jor.br\/site\/author\/marcelo\/"}]}},"wps_subtitle":"V\u00edtima \u00e9 conhecida no meio policial pela pr\u00e1tica de furto.","_links":{"self":[{"href":"https:\/\/marcelolopes.jor.br\/site\/wp-json\/wp\/v2\/posts\/14433","targetHints":{"allow":["GET"]}}],"collection":[{"href":"https:\/\/marcelolopes.jor.br\/site\/wp-json\/wp\/v2\/posts"}],"about":[{"href":"https:\/\/marcelolopes.jor.br\/site\/wp-json\/wp\/v2\/types\/post"}],"author":[{"embeddable":true,"href":"https:\/\/marcelolopes.jor.br\/site\/wp-json\/wp\/v2\/users\/2"}],"replies":[{"embeddable":true,"href":"https:\/\/marcelolopes.jor.br\/site\/wp-json\/wp\/v2\/comments?post=14433"}],"version-history":[{"count":0,"href":"https:\/\/marcelolopes.jor.br\/site\/wp-json\/wp\/v2\/posts\/14433\/revisions"}],"wp:featuredmedia":[{"embeddable":true,"href":"https:\/\/marcelolopes.jor.br\/site\/wp-json\/wp\/v2\/media\/14435"}],"wp:attachment":[{"href":"https:\/\/marcelolopes.jor.br\/site\/wp-json\/wp\/v2\/media?parent=14433"}],"wp:term":[{"taxonomy":"category","embeddable":true,"href":"https:\/\/marcelolopes.jor.br\/site\/wp-json\/wp\/v2\/categories?post=14433"},{"taxonomy":"post_tag","embeddable":true,"href":"https:\/\/marcelolopes.jor.br\/site\/wp-json\/wp\/v2\/tags?post=14433"}],"curies":[{"name":"wp","href":"https:\/\/api.w.org\/{rel}","templated":true}]}}