{"id":14238,"date":"2020-05-15T12:00:26","date_gmt":"2020-05-15T15:00:26","guid":{"rendered":"https:\/\/marcelolopes.jor.br\/?p=14238"},"modified":"2020-05-15T11:18:18","modified_gmt":"2020-05-15T14:18:18","slug":"prefeitura-determina-aulas-online-na-rede-municipal-de-ensino","status":"publish","type":"post","link":"https:\/\/marcelolopes.jor.br\/site\/2020\/05\/15\/prefeitura-determina-aulas-online-na-rede-municipal-de-ensino\/","title":{"rendered":"Prefeitura determina aulas online na rede municipal de ensino"},"content":{"rendered":"<p style=\"text-align: justify;\">A Prefeitura de Cataguases, atrav\u00e9s da Secretaria Municipal de Educa\u00e7\u00e3o, expediu uma Resolu\u00e7\u00e3o n\u00famero 05\/2020, definindo o rein\u00edcio das atividades escolares no munic\u00edpio &#8211; de forma n\u00e3o presencial &#8211; a partir do pr\u00f3ximo dia 25 de maio. O texto nivela alunos de 2 anos de idade a jovens e at\u00e9 maiores de idade, que estudam na rede municipal de ensino num mesmo patamar, bem como os alunos com necessidades especiais que, em sala de aula, recebem apoio de outro profissional do setor, al\u00e9m do professor titular da turma.<!--more--><\/p>\n<p style=\"text-align: justify;\">Apesar desta realidade, a Secretaria de Educa\u00e7\u00e3o de Cataguases informa na Resolu\u00e7\u00e3o 05\/2020 que o objetivo \u00e9 cumprir a carga hor\u00e1ria m\u00ednima de aulas do ano conforme preceitua a Lei de Diretrizes e Bases da Educa\u00e7\u00e3o Nacional (LDEBEN). E j\u00e1 definiu a reposi\u00e7\u00e3o de aulas presenciais ap\u00f3s o per\u00edodo de isolamento social. Enquanto isso, o calend\u00e1rio dever\u00e1 ser cumprido por meio de &#8220;atividades n\u00e3o presenciais (mediadas ou n\u00e3o por tecnologias digitais de informa\u00e7\u00e3o e comunica\u00e7\u00e3o) enquanto persistirem restri\u00e7\u00f5es sanit\u00e1rias para presen\u00e7a de estudantes nos ambientes escolares, garantindo as demais horas letivas m\u00ednimas anuais\/semestrais previstos no decurso&#8221;, explica o par\u00e1grafo 2\u00ba do Art. 2\u00ba da mesma Resolu\u00e7\u00e3o.<\/p>\n<p style=\"text-align: justify;\">Em seguida o mesmo texto esclarece o que s\u00e3o atividades n\u00e3o presenciais &#8220;toda e qualquer atividade pedagogicamente ordenada para propiciar a transmiss\u00e3o e apropria\u00e7\u00e3o de objetos de conhecimento\/conte\u00fados curriculares, mediados pelos professores regentes e os profissionais de apoio, nos casos espec\u00edficos da educa\u00e7\u00e3o especial, de forma que atinja todos os alunos, por meio de: procedimentos digitais, prioritariamente: v\u00eddeo aulas, conte\u00fados organizados em plataformas virtuais de ensino e aprendizagem, aplicativos, redes sociais, podcasts, r\u00e1dio ou TV, links, correio eletr\u00f4nico, aplicativos e outros; procedimentos convencionais: atividades previstas nos livros did\u00e1ticos ou paradid\u00e1ticos adotados pela institui\u00e7\u00e3o educacional, apostilas, cadernos tem\u00e1ticos, revistas, portf\u00f3lios e outros.&#8221;<\/p>\n<p style=\"text-align: justify;\">Professores municipais ouvidos pelo Site est\u00e3o apreensivos com esta Resolu\u00e7\u00e3o. Apesar de reconhecerem os problemas que um longo per\u00edodo sem aulas pode ocasionar, inclusive aumento na evas\u00e3o escolar, n\u00e3o escondem as dificuldades que v\u00e3o enfrentar para ministrar aulas online. &#8220;Muita gente n\u00e3o domina o computador para gravar v\u00eddeos porque nunca o utilizou para isso. At\u00e9 porque a maioria de n\u00f3s sempre usa a internet para pesquisa de conte\u00fado e lazer&#8221;, disse uma professora ao Site sob a garantia de anonimato, bem como as demais ouvidas. &#8220;Na minha casa temos apenas um computador para toda a fam\u00edlia e vai ser dif\u00edcil me apoderar dele durante todo o dia para dar aula&#8221;, revela outra professora, lembrando que n\u00e3o tem condi\u00e7\u00e3o de preparar aulas online por meio de seu smartphone.<\/p>\n<p style=\"text-align: justify;\">A Reportagem entrou em contato com o Secret\u00e1rio Municipal de Educa\u00e7\u00e3o, Jos\u00e9 Fernando Milani, mas at\u00e9 o fechamento desta mat\u00e9ria ele n\u00e3o havia retornado.<\/p>\n<div class=\"hugcl69f72e2f28ab0\" ><br><\/div><style type=\"text\/css\">\r\n@media screen and (min-width: 1201px) {\r\n.hugcl69f72e2f28ab0 {\r\ndisplay: block;\r\n}\r\n}\r\n@media screen and (min-width: 993px) and (max-width: 1200px) {\r\n.hugcl69f72e2f28ab0 {\r\ndisplay: block;\r\n}\r\n}\r\n@media screen and (min-width: 769px) and (max-width: 992px) {\r\n.hugcl69f72e2f28ab0 {\r\ndisplay: block;\r\n}\r\n}\r\n@media screen and (min-width: 768px) and (max-width: 768px) {\r\n.hugcl69f72e2f28ab0 {\r\ndisplay: block;\r\n}\r\n}\r\n@media screen and (max-width: 767px) {\r\n.hugcl69f72e2f28ab0 {\r\ndisplay: block;\r\n}\r\n}\r\n<\/style>\r\n<div class=\"rpnjw69f72e2f2e8a4\" ><div id=\"div_destino\"><\/div>\r\n<script src=\"https:\/\/cdn.snsrsv.com\/sdk.js\"><\/script>\r\n<script >\r\n      new sdk(\"464030C30061EA8BE065000000000001\") \r\n          .appendTo(\"div_destino\")\r\n          .disableStyle(true) \r\n          .setCacheBusterMacro(\"%%CACHEBUSTER%%\")\r\n          .setSize(\"800\",\"214\")\r\n          .setClickMacro(\"%%CLICK_URL_ESC%%\") \r\n          .setReferrerUrlMacro(\"%%REFERRER_URL_ESC%%\") \r\n          .start(); \r\n<\/script><\/div><style type=\"text\/css\">\r\n@media screen and (min-width: 1201px) {\r\n.rpnjw69f72e2f2e8a4 {\r\ndisplay: block;\r\n}\r\n}\r\n@media screen and (min-width: 993px) and (max-width: 1200px) {\r\n.rpnjw69f72e2f2e8a4 {\r\ndisplay: block;\r\n}\r\n}\r\n@media screen and (min-width: 769px) and (max-width: 992px) {\r\n.rpnjw69f72e2f2e8a4 {\r\ndisplay: block;\r\n}\r\n}\r\n@media screen and (min-width: 768px) and (max-width: 768px) {\r\n.rpnjw69f72e2f2e8a4 {\r\ndisplay: block;\r\n}\r\n}\r\n@media screen and (max-width: 767px) {\r\n.rpnjw69f72e2f2e8a4 {\r\ndisplay: block;\r\n}\r\n}\r\n<\/style>\r\n","protected":false},"excerpt":{"rendered":"<p>A Prefeitura de Cataguases, atrav\u00e9s da Secretaria Municipal de Educa\u00e7\u00e3o, expediu uma Resolu\u00e7\u00e3o n\u00famero 05\/2020, definindo o rein\u00edcio das atividades escolares no munic\u00edpio &#8211; de forma n\u00e3o presencial &#8211; a partir do pr\u00f3ximo dia 25 de maio. O texto nivela<\/p>\n<p class=\"link-more\"><a class=\"more-link\" href=\"https:\/\/marcelolopes.jor.br\/site\/2020\/05\/15\/prefeitura-determina-aulas-online-na-rede-municipal-de-ensino\/\">Leia mais <span class=\"screen-reader-text\">Prefeitura determina aulas online na rede municipal de ensino<\/span><\/a><\/p>\n","protected":false},"author":2,"featured_media":14240,"comment_status":"open","ping_status":"open","sticky":false,"template":"","format":"standard","meta":{"footnotes":""},"categories":[1],"tags":[1055,2478,51,2479],"class_list":["post-14238","post","type-post","status-publish","format-standard","has-post-thumbnail","hentry","category-noticias","tag-alunos-e-professores","tag-aulas-online","tag-educacao","tag-resolucao","thumb-below-title"],"yoast_head":"<!-- This site is optimized with the Yoast SEO plugin v27.4 - https:\/\/yoast.com\/product\/yoast-seo-wordpress\/ -->\n<title>Prefeitura determina aulas online na rede municipal de ensino | Marcelo Lopes<\/title>\n<meta name=\"robots\" content=\"index, follow, max-snippet:-1, max-image-preview:large, max-video-preview:-1\" \/>\n<link rel=\"canonical\" href=\"https:\/\/marcelolopes.jor.br\/site\/2020\/05\/15\/prefeitura-determina-aulas-online-na-rede-municipal-de-ensino\/\" \/>\n<meta property=\"og:locale\" content=\"pt_BR\" \/>\n<meta property=\"og:type\" content=\"article\" \/>\n<meta property=\"og:title\" content=\"Prefeitura determina aulas online na rede municipal de ensino | Marcelo Lopes\" \/>\n<meta property=\"og:description\" content=\"A Prefeitura de Cataguases, atrav\u00e9s da Secretaria Municipal de Educa\u00e7\u00e3o, expediu uma Resolu\u00e7\u00e3o n\u00famero 05\/2020, definindo o rein\u00edcio das atividades escolares no munic\u00edpio &#8211; de forma n\u00e3o presencial &#8211; a partir do pr\u00f3ximo dia 25 de maio. O texto nivelaLeia mais Prefeitura determina aulas online na rede municipal de ensino\" \/>\n<meta property=\"og:url\" content=\"https:\/\/marcelolopes.jor.br\/site\/2020\/05\/15\/prefeitura-determina-aulas-online-na-rede-municipal-de-ensino\/\" \/>\n<meta property=\"og:site_name\" content=\"Marcelo Lopes\" \/>\n<meta property=\"article:publisher\" content=\"https:\/\/www.facebook.com\/sitedomarcelolopes\" \/>\n<meta property=\"article:published_time\" content=\"2020-05-15T15:00:26+00:00\" \/>\n<meta property=\"og:image\" content=\"https:\/\/marcelolopes.jor.br\/site\/wp-content\/uploads\/2020\/05\/20150130180208_25.jpg\" \/>\n\t<meta property=\"og:image:width\" content=\"800\" \/>\n\t<meta property=\"og:image:height\" content=\"600\" \/>\n\t<meta property=\"og:image:type\" content=\"image\/jpeg\" \/>\n<meta name=\"author\" content=\"Marcelo Lopes\" \/>\n<meta name=\"twitter:card\" content=\"summary_large_image\" \/>\n<meta name=\"twitter:label1\" content=\"Escrito por\" \/>\n\t<meta name=\"twitter:data1\" content=\"Marcelo Lopes\" \/>\n\t<meta name=\"twitter:label2\" content=\"Est. tempo de leitura\" \/>\n\t<meta name=\"twitter:data2\" content=\"3 minutos\" \/>\n<script type=\"application\/ld+json\" class=\"yoast-schema-graph\">{\"@context\":\"https:\\\/\\\/schema.org\",\"@graph\":[{\"@type\":\"NewsArticle\",\"@id\":\"https:\\\/\\\/marcelolopes.jor.br\\\/site\\\/2020\\\/05\\\/15\\\/prefeitura-determina-aulas-online-na-rede-municipal-de-ensino\\\/#article\",\"isPartOf\":{\"@id\":\"https:\\\/\\\/marcelolopes.jor.br\\\/site\\\/2020\\\/05\\\/15\\\/prefeitura-determina-aulas-online-na-rede-municipal-de-ensino\\\/\"},\"author\":{\"name\":\"Marcelo Lopes\",\"@id\":\"https:\\\/\\\/marcelolopes.jor.br\\\/site\\\/#\\\/schema\\\/person\\\/3e7216a35c34d8fdf952b31da3d1f89f\"},\"headline\":\"Prefeitura determina aulas online na rede municipal de ensino\",\"datePublished\":\"2020-05-15T15:00:26+00:00\",\"mainEntityOfPage\":{\"@id\":\"https:\\\/\\\/marcelolopes.jor.br\\\/site\\\/2020\\\/05\\\/15\\\/prefeitura-determina-aulas-online-na-rede-municipal-de-ensino\\\/\"},\"wordCount\":512,\"commentCount\":0,\"publisher\":{\"@id\":\"https:\\\/\\\/marcelolopes.jor.br\\\/site\\\/#organization\"},\"image\":{\"@id\":\"https:\\\/\\\/marcelolopes.jor.br\\\/site\\\/2020\\\/05\\\/15\\\/prefeitura-determina-aulas-online-na-rede-municipal-de-ensino\\\/#primaryimage\"},\"thumbnailUrl\":\"https:\\\/\\\/marcelolopes.jor.br\\\/site\\\/wp-content\\\/uploads\\\/2020\\\/05\\\/20150130180208_25.jpg\",\"keywords\":[\"alunos e professores\",\"aulas online\",\"Educa\u00e7\u00e3o\",\"Resolu\u00e7\u00e3o\"],\"articleSection\":[\"Not\u00edcias\"],\"inLanguage\":\"pt-BR\",\"potentialAction\":[{\"@type\":\"CommentAction\",\"name\":\"Comment\",\"target\":[\"https:\\\/\\\/marcelolopes.jor.br\\\/site\\\/2020\\\/05\\\/15\\\/prefeitura-determina-aulas-online-na-rede-municipal-de-ensino\\\/#respond\"]}]},{\"@type\":\"WebPage\",\"@id\":\"https:\\\/\\\/marcelolopes.jor.br\\\/site\\\/2020\\\/05\\\/15\\\/prefeitura-determina-aulas-online-na-rede-municipal-de-ensino\\\/\",\"url\":\"https:\\\/\\\/marcelolopes.jor.br\\\/site\\\/2020\\\/05\\\/15\\\/prefeitura-determina-aulas-online-na-rede-municipal-de-ensino\\\/\",\"name\":\"Prefeitura determina aulas online na rede municipal de ensino | Marcelo Lopes\",\"isPartOf\":{\"@id\":\"https:\\\/\\\/marcelolopes.jor.br\\\/site\\\/#website\"},\"primaryImageOfPage\":{\"@id\":\"https:\\\/\\\/marcelolopes.jor.br\\\/site\\\/2020\\\/05\\\/15\\\/prefeitura-determina-aulas-online-na-rede-municipal-de-ensino\\\/#primaryimage\"},\"image\":{\"@id\":\"https:\\\/\\\/marcelolopes.jor.br\\\/site\\\/2020\\\/05\\\/15\\\/prefeitura-determina-aulas-online-na-rede-municipal-de-ensino\\\/#primaryimage\"},\"thumbnailUrl\":\"https:\\\/\\\/marcelolopes.jor.br\\\/site\\\/wp-content\\\/uploads\\\/2020\\\/05\\\/20150130180208_25.jpg\",\"datePublished\":\"2020-05-15T15:00:26+00:00\",\"breadcrumb\":{\"@id\":\"https:\\\/\\\/marcelolopes.jor.br\\\/site\\\/2020\\\/05\\\/15\\\/prefeitura-determina-aulas-online-na-rede-municipal-de-ensino\\\/#breadcrumb\"},\"inLanguage\":\"pt-BR\",\"potentialAction\":[{\"@type\":\"ReadAction\",\"target\":[\"https:\\\/\\\/marcelolopes.jor.br\\\/site\\\/2020\\\/05\\\/15\\\/prefeitura-determina-aulas-online-na-rede-municipal-de-ensino\\\/\"]}]},{\"@type\":\"ImageObject\",\"inLanguage\":\"pt-BR\",\"@id\":\"https:\\\/\\\/marcelolopes.jor.br\\\/site\\\/2020\\\/05\\\/15\\\/prefeitura-determina-aulas-online-na-rede-municipal-de-ensino\\\/#primaryimage\",\"url\":\"https:\\\/\\\/marcelolopes.jor.br\\\/site\\\/wp-content\\\/uploads\\\/2020\\\/05\\\/20150130180208_25.jpg\",\"contentUrl\":\"https:\\\/\\\/marcelolopes.jor.br\\\/site\\\/wp-content\\\/uploads\\\/2020\\\/05\\\/20150130180208_25.jpg\",\"width\":800,\"height\":600},{\"@type\":\"BreadcrumbList\",\"@id\":\"https:\\\/\\\/marcelolopes.jor.br\\\/site\\\/2020\\\/05\\\/15\\\/prefeitura-determina-aulas-online-na-rede-municipal-de-ensino\\\/#breadcrumb\",\"itemListElement\":[{\"@type\":\"ListItem\",\"position\":1,\"name\":\"Home\",\"item\":\"https:\\\/\\\/marcelolopes.jor.br\\\/site\\\/\"},{\"@type\":\"ListItem\",\"position\":2,\"name\":\"Prefeitura determina aulas online na rede municipal de ensino\"}]},{\"@type\":\"WebSite\",\"@id\":\"https:\\\/\\\/marcelolopes.jor.br\\\/site\\\/#website\",\"url\":\"https:\\\/\\\/marcelolopes.jor.br\\\/site\\\/\",\"name\":\"Marcelo Lopes\",\"description\":\"Not\u00edcias de Cataguases e Regi\u00e3o\",\"publisher\":{\"@id\":\"https:\\\/\\\/marcelolopes.jor.br\\\/site\\\/#organization\"},\"potentialAction\":[{\"@type\":\"SearchAction\",\"target\":{\"@type\":\"EntryPoint\",\"urlTemplate\":\"https:\\\/\\\/marcelolopes.jor.br\\\/site\\\/?s={search_term_string}\"},\"query-input\":{\"@type\":\"PropertyValueSpecification\",\"valueRequired\":true,\"valueName\":\"search_term_string\"}}],\"inLanguage\":\"pt-BR\"},{\"@type\":\"Organization\",\"@id\":\"https:\\\/\\\/marcelolopes.jor.br\\\/site\\\/#organization\",\"name\":\"Site do Marcelo Lopes\",\"url\":\"https:\\\/\\\/marcelolopes.jor.br\\\/site\\\/\",\"logo\":{\"@type\":\"ImageObject\",\"inLanguage\":\"pt-BR\",\"@id\":\"https:\\\/\\\/marcelolopes.jor.br\\\/site\\\/#\\\/schema\\\/logo\\\/image\\\/\",\"url\":\"https:\\\/\\\/marcelolopes.jor.br\\\/site\\\/wp-content\\\/uploads\\\/2024\\\/11\\\/logo-1.png\",\"contentUrl\":\"https:\\\/\\\/marcelolopes.jor.br\\\/site\\\/wp-content\\\/uploads\\\/2024\\\/11\\\/logo-1.png\",\"width\":475,\"height\":80,\"caption\":\"Site do Marcelo Lopes\"},\"image\":{\"@id\":\"https:\\\/\\\/marcelolopes.jor.br\\\/site\\\/#\\\/schema\\\/logo\\\/image\\\/\"},\"sameAs\":[\"https:\\\/\\\/www.facebook.com\\\/sitedomarcelolopes\",\"https:\\\/\\\/www.instagram.com\\\/sitedomarcelolopes\\\/\",\"https:\\\/\\\/www.linkedin.com\\\/company\\\/site-do-marcelo-lopes\\\/\",\"https:\\\/\\\/www.youtube.com\\\/user\\\/marcelolopes957\"]},{\"@type\":\"Person\",\"@id\":\"https:\\\/\\\/marcelolopes.jor.br\\\/site\\\/#\\\/schema\\\/person\\\/3e7216a35c34d8fdf952b31da3d1f89f\",\"name\":\"Marcelo Lopes\",\"sameAs\":[\"http:\\\/\\\/www.marcelolopes.jor.br\"],\"url\":\"https:\\\/\\\/marcelolopes.jor.br\\\/site\\\/author\\\/marcelo\\\/\"}]}<\/script>\n<!-- \/ Yoast SEO plugin. -->","yoast_head_json":{"title":"Prefeitura determina aulas online na rede municipal de ensino | Marcelo Lopes","robots":{"index":"index","follow":"follow","max-snippet":"max-snippet:-1","max-image-preview":"max-image-preview:large","max-video-preview":"max-video-preview:-1"},"canonical":"https:\/\/marcelolopes.jor.br\/site\/2020\/05\/15\/prefeitura-determina-aulas-online-na-rede-municipal-de-ensino\/","og_locale":"pt_BR","og_type":"article","og_title":"Prefeitura determina aulas online na rede municipal de ensino | Marcelo Lopes","og_description":"A Prefeitura de Cataguases, atrav\u00e9s da Secretaria Municipal de Educa\u00e7\u00e3o, expediu uma Resolu\u00e7\u00e3o n\u00famero 05\/2020, definindo o rein\u00edcio das atividades escolares no munic\u00edpio &#8211; de forma n\u00e3o presencial &#8211; a partir do pr\u00f3ximo dia 25 de maio. O texto nivelaLeia mais Prefeitura determina aulas online na rede municipal de ensino","og_url":"https:\/\/marcelolopes.jor.br\/site\/2020\/05\/15\/prefeitura-determina-aulas-online-na-rede-municipal-de-ensino\/","og_site_name":"Marcelo Lopes","article_publisher":"https:\/\/www.facebook.com\/sitedomarcelolopes","article_published_time":"2020-05-15T15:00:26+00:00","og_image":[{"width":800,"height":600,"url":"https:\/\/marcelolopes.jor.br\/site\/wp-content\/uploads\/2020\/05\/20150130180208_25.jpg","type":"image\/jpeg"}],"author":"Marcelo Lopes","twitter_card":"summary_large_image","twitter_misc":{"Escrito por":"Marcelo Lopes","Est. tempo de leitura":"3 minutos"},"schema":{"@context":"https:\/\/schema.org","@graph":[{"@type":"NewsArticle","@id":"https:\/\/marcelolopes.jor.br\/site\/2020\/05\/15\/prefeitura-determina-aulas-online-na-rede-municipal-de-ensino\/#article","isPartOf":{"@id":"https:\/\/marcelolopes.jor.br\/site\/2020\/05\/15\/prefeitura-determina-aulas-online-na-rede-municipal-de-ensino\/"},"author":{"name":"Marcelo Lopes","@id":"https:\/\/marcelolopes.jor.br\/site\/#\/schema\/person\/3e7216a35c34d8fdf952b31da3d1f89f"},"headline":"Prefeitura determina aulas online na rede municipal de ensino","datePublished":"2020-05-15T15:00:26+00:00","mainEntityOfPage":{"@id":"https:\/\/marcelolopes.jor.br\/site\/2020\/05\/15\/prefeitura-determina-aulas-online-na-rede-municipal-de-ensino\/"},"wordCount":512,"commentCount":0,"publisher":{"@id":"https:\/\/marcelolopes.jor.br\/site\/#organization"},"image":{"@id":"https:\/\/marcelolopes.jor.br\/site\/2020\/05\/15\/prefeitura-determina-aulas-online-na-rede-municipal-de-ensino\/#primaryimage"},"thumbnailUrl":"https:\/\/marcelolopes.jor.br\/site\/wp-content\/uploads\/2020\/05\/20150130180208_25.jpg","keywords":["alunos e professores","aulas online","Educa\u00e7\u00e3o","Resolu\u00e7\u00e3o"],"articleSection":["Not\u00edcias"],"inLanguage":"pt-BR","potentialAction":[{"@type":"CommentAction","name":"Comment","target":["https:\/\/marcelolopes.jor.br\/site\/2020\/05\/15\/prefeitura-determina-aulas-online-na-rede-municipal-de-ensino\/#respond"]}]},{"@type":"WebPage","@id":"https:\/\/marcelolopes.jor.br\/site\/2020\/05\/15\/prefeitura-determina-aulas-online-na-rede-municipal-de-ensino\/","url":"https:\/\/marcelolopes.jor.br\/site\/2020\/05\/15\/prefeitura-determina-aulas-online-na-rede-municipal-de-ensino\/","name":"Prefeitura determina aulas online na rede municipal de ensino | Marcelo Lopes","isPartOf":{"@id":"https:\/\/marcelolopes.jor.br\/site\/#website"},"primaryImageOfPage":{"@id":"https:\/\/marcelolopes.jor.br\/site\/2020\/05\/15\/prefeitura-determina-aulas-online-na-rede-municipal-de-ensino\/#primaryimage"},"image":{"@id":"https:\/\/marcelolopes.jor.br\/site\/2020\/05\/15\/prefeitura-determina-aulas-online-na-rede-municipal-de-ensino\/#primaryimage"},"thumbnailUrl":"https:\/\/marcelolopes.jor.br\/site\/wp-content\/uploads\/2020\/05\/20150130180208_25.jpg","datePublished":"2020-05-15T15:00:26+00:00","breadcrumb":{"@id":"https:\/\/marcelolopes.jor.br\/site\/2020\/05\/15\/prefeitura-determina-aulas-online-na-rede-municipal-de-ensino\/#breadcrumb"},"inLanguage":"pt-BR","potentialAction":[{"@type":"ReadAction","target":["https:\/\/marcelolopes.jor.br\/site\/2020\/05\/15\/prefeitura-determina-aulas-online-na-rede-municipal-de-ensino\/"]}]},{"@type":"ImageObject","inLanguage":"pt-BR","@id":"https:\/\/marcelolopes.jor.br\/site\/2020\/05\/15\/prefeitura-determina-aulas-online-na-rede-municipal-de-ensino\/#primaryimage","url":"https:\/\/marcelolopes.jor.br\/site\/wp-content\/uploads\/2020\/05\/20150130180208_25.jpg","contentUrl":"https:\/\/marcelolopes.jor.br\/site\/wp-content\/uploads\/2020\/05\/20150130180208_25.jpg","width":800,"height":600},{"@type":"BreadcrumbList","@id":"https:\/\/marcelolopes.jor.br\/site\/2020\/05\/15\/prefeitura-determina-aulas-online-na-rede-municipal-de-ensino\/#breadcrumb","itemListElement":[{"@type":"ListItem","position":1,"name":"Home","item":"https:\/\/marcelolopes.jor.br\/site\/"},{"@type":"ListItem","position":2,"name":"Prefeitura determina aulas online na rede municipal de ensino"}]},{"@type":"WebSite","@id":"https:\/\/marcelolopes.jor.br\/site\/#website","url":"https:\/\/marcelolopes.jor.br\/site\/","name":"Marcelo Lopes","description":"Not\u00edcias de Cataguases e Regi\u00e3o","publisher":{"@id":"https:\/\/marcelolopes.jor.br\/site\/#organization"},"potentialAction":[{"@type":"SearchAction","target":{"@type":"EntryPoint","urlTemplate":"https:\/\/marcelolopes.jor.br\/site\/?s={search_term_string}"},"query-input":{"@type":"PropertyValueSpecification","valueRequired":true,"valueName":"search_term_string"}}],"inLanguage":"pt-BR"},{"@type":"Organization","@id":"https:\/\/marcelolopes.jor.br\/site\/#organization","name":"Site do Marcelo Lopes","url":"https:\/\/marcelolopes.jor.br\/site\/","logo":{"@type":"ImageObject","inLanguage":"pt-BR","@id":"https:\/\/marcelolopes.jor.br\/site\/#\/schema\/logo\/image\/","url":"https:\/\/marcelolopes.jor.br\/site\/wp-content\/uploads\/2024\/11\/logo-1.png","contentUrl":"https:\/\/marcelolopes.jor.br\/site\/wp-content\/uploads\/2024\/11\/logo-1.png","width":475,"height":80,"caption":"Site do Marcelo Lopes"},"image":{"@id":"https:\/\/marcelolopes.jor.br\/site\/#\/schema\/logo\/image\/"},"sameAs":["https:\/\/www.facebook.com\/sitedomarcelolopes","https:\/\/www.instagram.com\/sitedomarcelolopes\/","https:\/\/www.linkedin.com\/company\/site-do-marcelo-lopes\/","https:\/\/www.youtube.com\/user\/marcelolopes957"]},{"@type":"Person","@id":"https:\/\/marcelolopes.jor.br\/site\/#\/schema\/person\/3e7216a35c34d8fdf952b31da3d1f89f","name":"Marcelo Lopes","sameAs":["http:\/\/www.marcelolopes.jor.br"],"url":"https:\/\/marcelolopes.jor.br\/site\/author\/marcelo\/"}]}},"wps_subtitle":"Aulas v\u00e3o recome\u00e7ar no pr\u00f3ximo dia 25 de maio, informa Resolu\u00e7\u00e3o.","_links":{"self":[{"href":"https:\/\/marcelolopes.jor.br\/site\/wp-json\/wp\/v2\/posts\/14238","targetHints":{"allow":["GET"]}}],"collection":[{"href":"https:\/\/marcelolopes.jor.br\/site\/wp-json\/wp\/v2\/posts"}],"about":[{"href":"https:\/\/marcelolopes.jor.br\/site\/wp-json\/wp\/v2\/types\/post"}],"author":[{"embeddable":true,"href":"https:\/\/marcelolopes.jor.br\/site\/wp-json\/wp\/v2\/users\/2"}],"replies":[{"embeddable":true,"href":"https:\/\/marcelolopes.jor.br\/site\/wp-json\/wp\/v2\/comments?post=14238"}],"version-history":[{"count":0,"href":"https:\/\/marcelolopes.jor.br\/site\/wp-json\/wp\/v2\/posts\/14238\/revisions"}],"wp:featuredmedia":[{"embeddable":true,"href":"https:\/\/marcelolopes.jor.br\/site\/wp-json\/wp\/v2\/media\/14240"}],"wp:attachment":[{"href":"https:\/\/marcelolopes.jor.br\/site\/wp-json\/wp\/v2\/media?parent=14238"}],"wp:term":[{"taxonomy":"category","embeddable":true,"href":"https:\/\/marcelolopes.jor.br\/site\/wp-json\/wp\/v2\/categories?post=14238"},{"taxonomy":"post_tag","embeddable":true,"href":"https:\/\/marcelolopes.jor.br\/site\/wp-json\/wp\/v2\/tags?post=14238"}],"curies":[{"name":"wp","href":"https:\/\/api.w.org\/{rel}","templated":true}]}}