{"id":1382,"date":"2019-05-15T20:00:30","date_gmt":"2019-05-15T23:00:30","guid":{"rendered":"https:\/\/marcelolopes.jor.br\/?p=1382"},"modified":"2019-05-15T17:56:47","modified_gmt":"2019-05-15T20:56:47","slug":"policia-civil-prende-suspeitos-de-duplo-homicidio-em-leopoldina","status":"publish","type":"post","link":"https:\/\/marcelolopes.jor.br\/site\/2019\/05\/15\/policia-civil-prende-suspeitos-de-duplo-homicidio-em-leopoldina\/","title":{"rendered":"Pol\u00edcia Civil prende suspeitos de duplo homic\u00eddio em Leopoldina"},"content":{"rendered":"<p style=\"text-align: justify;\">Tr\u00eas pessoas foram presas nesta ter\u00e7a-feira, 14 de maio, pela Pol\u00edcia Civil suspeitas de participa\u00e7\u00e3o no assassinato de dois homens que foram encontrados no Rio Pomba, munic\u00edpio de Leopoldina, em janeiro de 2018. A Opera\u00e7\u00e3o &#8220;Novo Mundo&#8221; localizou e prendeu um deles no Bairro Alto do Asilo, em Recreio; outro no interior de S\u00e3o Paulo e um policial militar do Mato Grosso do Sul que estava no Rio Grande do Norte.<!--more--><\/p>\n<p style=\"text-align: justify;\">A Opera\u00e7\u00e3o foi realizada pela 3\u00aa Delegacia Regional de Pol\u00edcia Civil de Leopoldina, ap\u00f3s um ano e quatro meses de investiga\u00e7\u00f5es que contaram tamb\u00e9m com o aux\u00edlio da Pol\u00edcia Federal e Pol\u00edcia Rodovi\u00e1ria Federal. Nesta ter\u00e7a, um indiv\u00edduo de 44 anos foi preso em Recreio durante cumprimento de mandado de pris\u00e3o, al\u00e9m do policial militar do Mato Grosso do Sul, de 47 anos, e um indiv\u00edduo, de 39 anos, detido em S\u00e3o Paulo.<\/p>\n<p style=\"text-align: justify;\">Segundo as informa\u00e7\u00f5es da Pol\u00edcia Civil, o crime teria acontecido em raz\u00e3o de uma guerra de quadrilhas rivais de tr\u00e1fico nacional e internacional de drogas. Parte das provas foi compartilhada pela Pol\u00edcia Federal ap\u00f3s a Opera\u00e7\u00e3o La\u00e7os de Fam\u00edlia. Paralelamente foram expedidos 230 mandados judiciais em cinco Estados contra suspeitos de integrar um esquema de tr\u00e1fico internacional de drogas e lavagem de dinheiro, que desarticulou uma dessas quadrilhas com atua\u00e7\u00e3o principal no munic\u00edpio de Mundo Novo, no Mato Grosso do Sul.<\/p>\n<p style=\"text-align: justify;\">Ainda segundo a pol\u00edcia, o irm\u00e3o de uma das v\u00edtimas e sua esposa desapareceram no Paraguai na mesma \u00e9poca em que o duplo homic\u00eddio foi registrado em Leopoldina, havendo assim informa\u00e7\u00f5es que eles tamb\u00e9m podem estar mortos.<\/p>\n<p style=\"text-align: justify;\">A PCMG destacou o empenho dos policiais da 3\u00aa DRPC de Leopoldina que atrav\u00e9s da produ\u00e7\u00e3o de provas objetivas por meio de quebra de sigilos de dados e telef\u00f4nicos, provas periciais para identifica\u00e7\u00e3o de sangue no ve\u00edculo onde ocorreu a execu\u00e7\u00e3o das v\u00edtimas, entre outras a\u00e7\u00f5es, foram essenciais para a apura\u00e7\u00e3o dos crimes.<\/p>\n<p><em>Fonte e foto: O Vigilante Online<\/em><\/p>\n<div class=\"snomu69f74d423ffad\" ><br><\/div><style type=\"text\/css\">\r\n@media screen and (min-width: 1201px) {\r\n.snomu69f74d423ffad {\r\ndisplay: block;\r\n}\r\n}\r\n@media screen and (min-width: 993px) and (max-width: 1200px) {\r\n.snomu69f74d423ffad {\r\ndisplay: block;\r\n}\r\n}\r\n@media screen and (min-width: 769px) and (max-width: 992px) {\r\n.snomu69f74d423ffad {\r\ndisplay: block;\r\n}\r\n}\r\n@media screen and (min-width: 768px) and (max-width: 768px) {\r\n.snomu69f74d423ffad {\r\ndisplay: block;\r\n}\r\n}\r\n@media screen and (max-width: 767px) {\r\n.snomu69f74d423ffad {\r\ndisplay: block;\r\n}\r\n}\r\n<\/style>\r\n<div class=\"bylav69f74d4247312\" ><div id=\"div_destino\"><\/div>\r\n<script src=\"https:\/\/cdn.snsrsv.com\/sdk.js\"><\/script>\r\n<script >\r\n      new sdk(\"464030C30061EA8BE065000000000001\") \r\n          .appendTo(\"div_destino\")\r\n          .disableStyle(true) \r\n          .setCacheBusterMacro(\"%%CACHEBUSTER%%\")\r\n          .setSize(\"800\",\"214\")\r\n          .setClickMacro(\"%%CLICK_URL_ESC%%\") \r\n          .setReferrerUrlMacro(\"%%REFERRER_URL_ESC%%\") \r\n          .start(); \r\n<\/script><\/div><style type=\"text\/css\">\r\n@media screen and (min-width: 1201px) {\r\n.bylav69f74d4247312 {\r\ndisplay: block;\r\n}\r\n}\r\n@media screen and (min-width: 993px) and (max-width: 1200px) {\r\n.bylav69f74d4247312 {\r\ndisplay: block;\r\n}\r\n}\r\n@media screen and (min-width: 769px) and (max-width: 992px) {\r\n.bylav69f74d4247312 {\r\ndisplay: block;\r\n}\r\n}\r\n@media screen and (min-width: 768px) and (max-width: 768px) {\r\n.bylav69f74d4247312 {\r\ndisplay: block;\r\n}\r\n}\r\n@media screen and (max-width: 767px) {\r\n.bylav69f74d4247312 {\r\ndisplay: block;\r\n}\r\n}\r\n<\/style>\r\n","protected":false},"excerpt":{"rendered":"<p>Tr\u00eas pessoas foram presas nesta ter\u00e7a-feira, 14 de maio, pela Pol\u00edcia Civil suspeitas de participa\u00e7\u00e3o no assassinato de dois homens que foram encontrados no Rio Pomba, munic\u00edpio de Leopoldina, em janeiro de 2018. A Opera\u00e7\u00e3o &#8220;Novo Mundo&#8221; localizou e prendeu<\/p>\n<p class=\"link-more\"><a class=\"more-link\" href=\"https:\/\/marcelolopes.jor.br\/site\/2019\/05\/15\/policia-civil-prende-suspeitos-de-duplo-homicidio-em-leopoldina\/\">Leia mais <span class=\"screen-reader-text\">Pol\u00edcia Civil prende suspeitos de duplo homic\u00eddio em Leopoldina<\/span><\/a><\/p>\n","protected":false},"author":2,"featured_media":1383,"comment_status":"open","ping_status":"open","sticky":false,"template":"","format":"standard","meta":{"footnotes":""},"categories":[1],"tags":[252,253,75,77],"class_list":["post-1382","post","type-post","status-publish","format-standard","has-post-thumbnail","hentry","category-noticias","tag-duplo-homicidio","tag-mandado-de-prisao","tag-policia-civil","tag-prisao","thumb-below-title"],"yoast_head":"<!-- This site is optimized with the Yoast SEO plugin v27.4 - https:\/\/yoast.com\/product\/yoast-seo-wordpress\/ -->\n<title>Pol\u00edcia Civil prende suspeitos de duplo homic\u00eddio em Leopoldina | Marcelo Lopes<\/title>\n<meta name=\"robots\" content=\"index, follow, max-snippet:-1, max-image-preview:large, max-video-preview:-1\" \/>\n<link rel=\"canonical\" href=\"https:\/\/marcelolopes.jor.br\/site\/2019\/05\/15\/policia-civil-prende-suspeitos-de-duplo-homicidio-em-leopoldina\/\" \/>\n<meta property=\"og:locale\" content=\"pt_BR\" \/>\n<meta property=\"og:type\" content=\"article\" \/>\n<meta property=\"og:title\" content=\"Pol\u00edcia Civil prende suspeitos de duplo homic\u00eddio em Leopoldina | Marcelo Lopes\" \/>\n<meta property=\"og:description\" content=\"Tr\u00eas pessoas foram presas nesta ter\u00e7a-feira, 14 de maio, pela Pol\u00edcia Civil suspeitas de participa\u00e7\u00e3o no assassinato de dois homens que foram encontrados no Rio Pomba, munic\u00edpio de Leopoldina, em janeiro de 2018. A Opera\u00e7\u00e3o &#8220;Novo Mundo&#8221; localizou e prendeuLeia mais Pol\u00edcia Civil prende suspeitos de duplo homic\u00eddio em Leopoldina\" \/>\n<meta property=\"og:url\" content=\"https:\/\/marcelolopes.jor.br\/site\/2019\/05\/15\/policia-civil-prende-suspeitos-de-duplo-homicidio-em-leopoldina\/\" \/>\n<meta property=\"og:site_name\" content=\"Marcelo Lopes\" \/>\n<meta property=\"article:publisher\" content=\"https:\/\/www.facebook.com\/sitedomarcelolopes\" \/>\n<meta property=\"article:published_time\" content=\"2019-05-15T23:00:30+00:00\" \/>\n<meta property=\"og:image\" content=\"https:\/\/marcelolopes.jor.br\/site\/wp-content\/uploads\/2019\/05\/4491d49a180f4598a75d723c4dc01531.jpeg\" \/>\n\t<meta property=\"og:image:width\" content=\"900\" \/>\n\t<meta property=\"og:image:height\" content=\"500\" \/>\n\t<meta property=\"og:image:type\" content=\"image\/jpeg\" \/>\n<meta name=\"author\" content=\"Marcelo Lopes\" \/>\n<meta name=\"twitter:card\" content=\"summary_large_image\" \/>\n<meta name=\"twitter:label1\" content=\"Escrito por\" \/>\n\t<meta name=\"twitter:data1\" content=\"Marcelo Lopes\" \/>\n\t<meta name=\"twitter:label2\" content=\"Est. tempo de leitura\" \/>\n\t<meta name=\"twitter:data2\" content=\"2 minutos\" \/>\n<script type=\"application\/ld+json\" class=\"yoast-schema-graph\">{\"@context\":\"https:\\\/\\\/schema.org\",\"@graph\":[{\"@type\":\"NewsArticle\",\"@id\":\"https:\\\/\\\/marcelolopes.jor.br\\\/site\\\/2019\\\/05\\\/15\\\/policia-civil-prende-suspeitos-de-duplo-homicidio-em-leopoldina\\\/#article\",\"isPartOf\":{\"@id\":\"https:\\\/\\\/marcelolopes.jor.br\\\/site\\\/2019\\\/05\\\/15\\\/policia-civil-prende-suspeitos-de-duplo-homicidio-em-leopoldina\\\/\"},\"author\":{\"name\":\"Marcelo Lopes\",\"@id\":\"https:\\\/\\\/marcelolopes.jor.br\\\/site\\\/#\\\/schema\\\/person\\\/3e7216a35c34d8fdf952b31da3d1f89f\"},\"headline\":\"Pol\u00edcia Civil prende suspeitos de duplo homic\u00eddio em Leopoldina\",\"datePublished\":\"2019-05-15T23:00:30+00:00\",\"mainEntityOfPage\":{\"@id\":\"https:\\\/\\\/marcelolopes.jor.br\\\/site\\\/2019\\\/05\\\/15\\\/policia-civil-prende-suspeitos-de-duplo-homicidio-em-leopoldina\\\/\"},\"wordCount\":373,\"commentCount\":0,\"publisher\":{\"@id\":\"https:\\\/\\\/marcelolopes.jor.br\\\/site\\\/#organization\"},\"image\":{\"@id\":\"https:\\\/\\\/marcelolopes.jor.br\\\/site\\\/2019\\\/05\\\/15\\\/policia-civil-prende-suspeitos-de-duplo-homicidio-em-leopoldina\\\/#primaryimage\"},\"thumbnailUrl\":\"https:\\\/\\\/marcelolopes.jor.br\\\/site\\\/wp-content\\\/uploads\\\/2019\\\/05\\\/4491d49a180f4598a75d723c4dc01531.jpeg\",\"keywords\":[\"duplo homic\u00eddio\",\"mandado de pris\u00e3o\",\"pol\u00edcia civil\",\"pris\u00e3o\"],\"articleSection\":[\"Not\u00edcias\"],\"inLanguage\":\"pt-BR\",\"potentialAction\":[{\"@type\":\"CommentAction\",\"name\":\"Comment\",\"target\":[\"https:\\\/\\\/marcelolopes.jor.br\\\/site\\\/2019\\\/05\\\/15\\\/policia-civil-prende-suspeitos-de-duplo-homicidio-em-leopoldina\\\/#respond\"]}]},{\"@type\":\"WebPage\",\"@id\":\"https:\\\/\\\/marcelolopes.jor.br\\\/site\\\/2019\\\/05\\\/15\\\/policia-civil-prende-suspeitos-de-duplo-homicidio-em-leopoldina\\\/\",\"url\":\"https:\\\/\\\/marcelolopes.jor.br\\\/site\\\/2019\\\/05\\\/15\\\/policia-civil-prende-suspeitos-de-duplo-homicidio-em-leopoldina\\\/\",\"name\":\"Pol\u00edcia Civil prende suspeitos de duplo homic\u00eddio em Leopoldina | Marcelo Lopes\",\"isPartOf\":{\"@id\":\"https:\\\/\\\/marcelolopes.jor.br\\\/site\\\/#website\"},\"primaryImageOfPage\":{\"@id\":\"https:\\\/\\\/marcelolopes.jor.br\\\/site\\\/2019\\\/05\\\/15\\\/policia-civil-prende-suspeitos-de-duplo-homicidio-em-leopoldina\\\/#primaryimage\"},\"image\":{\"@id\":\"https:\\\/\\\/marcelolopes.jor.br\\\/site\\\/2019\\\/05\\\/15\\\/policia-civil-prende-suspeitos-de-duplo-homicidio-em-leopoldina\\\/#primaryimage\"},\"thumbnailUrl\":\"https:\\\/\\\/marcelolopes.jor.br\\\/site\\\/wp-content\\\/uploads\\\/2019\\\/05\\\/4491d49a180f4598a75d723c4dc01531.jpeg\",\"datePublished\":\"2019-05-15T23:00:30+00:00\",\"breadcrumb\":{\"@id\":\"https:\\\/\\\/marcelolopes.jor.br\\\/site\\\/2019\\\/05\\\/15\\\/policia-civil-prende-suspeitos-de-duplo-homicidio-em-leopoldina\\\/#breadcrumb\"},\"inLanguage\":\"pt-BR\",\"potentialAction\":[{\"@type\":\"ReadAction\",\"target\":[\"https:\\\/\\\/marcelolopes.jor.br\\\/site\\\/2019\\\/05\\\/15\\\/policia-civil-prende-suspeitos-de-duplo-homicidio-em-leopoldina\\\/\"]}]},{\"@type\":\"ImageObject\",\"inLanguage\":\"pt-BR\",\"@id\":\"https:\\\/\\\/marcelolopes.jor.br\\\/site\\\/2019\\\/05\\\/15\\\/policia-civil-prende-suspeitos-de-duplo-homicidio-em-leopoldina\\\/#primaryimage\",\"url\":\"https:\\\/\\\/marcelolopes.jor.br\\\/site\\\/wp-content\\\/uploads\\\/2019\\\/05\\\/4491d49a180f4598a75d723c4dc01531.jpeg\",\"contentUrl\":\"https:\\\/\\\/marcelolopes.jor.br\\\/site\\\/wp-content\\\/uploads\\\/2019\\\/05\\\/4491d49a180f4598a75d723c4dc01531.jpeg\",\"width\":900,\"height\":500,\"caption\":\"A Opera\u00e7\u00e3o \\\"Novo Mundo\\\" localizou e prendeu tr\u00eas suspeitos do assassinato de duas pessoas em Leopoldina\"},{\"@type\":\"BreadcrumbList\",\"@id\":\"https:\\\/\\\/marcelolopes.jor.br\\\/site\\\/2019\\\/05\\\/15\\\/policia-civil-prende-suspeitos-de-duplo-homicidio-em-leopoldina\\\/#breadcrumb\",\"itemListElement\":[{\"@type\":\"ListItem\",\"position\":1,\"name\":\"Home\",\"item\":\"https:\\\/\\\/marcelolopes.jor.br\\\/site\\\/\"},{\"@type\":\"ListItem\",\"position\":2,\"name\":\"Pol\u00edcia Civil prende suspeitos de duplo homic\u00eddio em Leopoldina\"}]},{\"@type\":\"WebSite\",\"@id\":\"https:\\\/\\\/marcelolopes.jor.br\\\/site\\\/#website\",\"url\":\"https:\\\/\\\/marcelolopes.jor.br\\\/site\\\/\",\"name\":\"Marcelo Lopes\",\"description\":\"Not\u00edcias de Cataguases e Regi\u00e3o\",\"publisher\":{\"@id\":\"https:\\\/\\\/marcelolopes.jor.br\\\/site\\\/#organization\"},\"potentialAction\":[{\"@type\":\"SearchAction\",\"target\":{\"@type\":\"EntryPoint\",\"urlTemplate\":\"https:\\\/\\\/marcelolopes.jor.br\\\/site\\\/?s={search_term_string}\"},\"query-input\":{\"@type\":\"PropertyValueSpecification\",\"valueRequired\":true,\"valueName\":\"search_term_string\"}}],\"inLanguage\":\"pt-BR\"},{\"@type\":\"Organization\",\"@id\":\"https:\\\/\\\/marcelolopes.jor.br\\\/site\\\/#organization\",\"name\":\"Site do Marcelo Lopes\",\"url\":\"https:\\\/\\\/marcelolopes.jor.br\\\/site\\\/\",\"logo\":{\"@type\":\"ImageObject\",\"inLanguage\":\"pt-BR\",\"@id\":\"https:\\\/\\\/marcelolopes.jor.br\\\/site\\\/#\\\/schema\\\/logo\\\/image\\\/\",\"url\":\"https:\\\/\\\/marcelolopes.jor.br\\\/site\\\/wp-content\\\/uploads\\\/2024\\\/11\\\/logo-1.png\",\"contentUrl\":\"https:\\\/\\\/marcelolopes.jor.br\\\/site\\\/wp-content\\\/uploads\\\/2024\\\/11\\\/logo-1.png\",\"width\":475,\"height\":80,\"caption\":\"Site do Marcelo Lopes\"},\"image\":{\"@id\":\"https:\\\/\\\/marcelolopes.jor.br\\\/site\\\/#\\\/schema\\\/logo\\\/image\\\/\"},\"sameAs\":[\"https:\\\/\\\/www.facebook.com\\\/sitedomarcelolopes\",\"https:\\\/\\\/www.instagram.com\\\/sitedomarcelolopes\\\/\",\"https:\\\/\\\/www.linkedin.com\\\/company\\\/site-do-marcelo-lopes\\\/\",\"https:\\\/\\\/www.youtube.com\\\/user\\\/marcelolopes957\"]},{\"@type\":\"Person\",\"@id\":\"https:\\\/\\\/marcelolopes.jor.br\\\/site\\\/#\\\/schema\\\/person\\\/3e7216a35c34d8fdf952b31da3d1f89f\",\"name\":\"Marcelo Lopes\",\"sameAs\":[\"http:\\\/\\\/www.marcelolopes.jor.br\"],\"url\":\"https:\\\/\\\/marcelolopes.jor.br\\\/site\\\/author\\\/marcelo\\\/\"}]}<\/script>\n<!-- \/ Yoast SEO plugin. -->","yoast_head_json":{"title":"Pol\u00edcia Civil prende suspeitos de duplo homic\u00eddio em Leopoldina | Marcelo Lopes","robots":{"index":"index","follow":"follow","max-snippet":"max-snippet:-1","max-image-preview":"max-image-preview:large","max-video-preview":"max-video-preview:-1"},"canonical":"https:\/\/marcelolopes.jor.br\/site\/2019\/05\/15\/policia-civil-prende-suspeitos-de-duplo-homicidio-em-leopoldina\/","og_locale":"pt_BR","og_type":"article","og_title":"Pol\u00edcia Civil prende suspeitos de duplo homic\u00eddio em Leopoldina | Marcelo Lopes","og_description":"Tr\u00eas pessoas foram presas nesta ter\u00e7a-feira, 14 de maio, pela Pol\u00edcia Civil suspeitas de participa\u00e7\u00e3o no assassinato de dois homens que foram encontrados no Rio Pomba, munic\u00edpio de Leopoldina, em janeiro de 2018. A Opera\u00e7\u00e3o &#8220;Novo Mundo&#8221; localizou e prendeuLeia mais Pol\u00edcia Civil prende suspeitos de duplo homic\u00eddio em Leopoldina","og_url":"https:\/\/marcelolopes.jor.br\/site\/2019\/05\/15\/policia-civil-prende-suspeitos-de-duplo-homicidio-em-leopoldina\/","og_site_name":"Marcelo Lopes","article_publisher":"https:\/\/www.facebook.com\/sitedomarcelolopes","article_published_time":"2019-05-15T23:00:30+00:00","og_image":[{"width":900,"height":500,"url":"https:\/\/marcelolopes.jor.br\/site\/wp-content\/uploads\/2019\/05\/4491d49a180f4598a75d723c4dc01531.jpeg","type":"image\/jpeg"}],"author":"Marcelo Lopes","twitter_card":"summary_large_image","twitter_misc":{"Escrito por":"Marcelo Lopes","Est. tempo de leitura":"2 minutos"},"schema":{"@context":"https:\/\/schema.org","@graph":[{"@type":"NewsArticle","@id":"https:\/\/marcelolopes.jor.br\/site\/2019\/05\/15\/policia-civil-prende-suspeitos-de-duplo-homicidio-em-leopoldina\/#article","isPartOf":{"@id":"https:\/\/marcelolopes.jor.br\/site\/2019\/05\/15\/policia-civil-prende-suspeitos-de-duplo-homicidio-em-leopoldina\/"},"author":{"name":"Marcelo Lopes","@id":"https:\/\/marcelolopes.jor.br\/site\/#\/schema\/person\/3e7216a35c34d8fdf952b31da3d1f89f"},"headline":"Pol\u00edcia Civil prende suspeitos de duplo homic\u00eddio em Leopoldina","datePublished":"2019-05-15T23:00:30+00:00","mainEntityOfPage":{"@id":"https:\/\/marcelolopes.jor.br\/site\/2019\/05\/15\/policia-civil-prende-suspeitos-de-duplo-homicidio-em-leopoldina\/"},"wordCount":373,"commentCount":0,"publisher":{"@id":"https:\/\/marcelolopes.jor.br\/site\/#organization"},"image":{"@id":"https:\/\/marcelolopes.jor.br\/site\/2019\/05\/15\/policia-civil-prende-suspeitos-de-duplo-homicidio-em-leopoldina\/#primaryimage"},"thumbnailUrl":"https:\/\/marcelolopes.jor.br\/site\/wp-content\/uploads\/2019\/05\/4491d49a180f4598a75d723c4dc01531.jpeg","keywords":["duplo homic\u00eddio","mandado de pris\u00e3o","pol\u00edcia civil","pris\u00e3o"],"articleSection":["Not\u00edcias"],"inLanguage":"pt-BR","potentialAction":[{"@type":"CommentAction","name":"Comment","target":["https:\/\/marcelolopes.jor.br\/site\/2019\/05\/15\/policia-civil-prende-suspeitos-de-duplo-homicidio-em-leopoldina\/#respond"]}]},{"@type":"WebPage","@id":"https:\/\/marcelolopes.jor.br\/site\/2019\/05\/15\/policia-civil-prende-suspeitos-de-duplo-homicidio-em-leopoldina\/","url":"https:\/\/marcelolopes.jor.br\/site\/2019\/05\/15\/policia-civil-prende-suspeitos-de-duplo-homicidio-em-leopoldina\/","name":"Pol\u00edcia Civil prende suspeitos de duplo homic\u00eddio em Leopoldina | Marcelo Lopes","isPartOf":{"@id":"https:\/\/marcelolopes.jor.br\/site\/#website"},"primaryImageOfPage":{"@id":"https:\/\/marcelolopes.jor.br\/site\/2019\/05\/15\/policia-civil-prende-suspeitos-de-duplo-homicidio-em-leopoldina\/#primaryimage"},"image":{"@id":"https:\/\/marcelolopes.jor.br\/site\/2019\/05\/15\/policia-civil-prende-suspeitos-de-duplo-homicidio-em-leopoldina\/#primaryimage"},"thumbnailUrl":"https:\/\/marcelolopes.jor.br\/site\/wp-content\/uploads\/2019\/05\/4491d49a180f4598a75d723c4dc01531.jpeg","datePublished":"2019-05-15T23:00:30+00:00","breadcrumb":{"@id":"https:\/\/marcelolopes.jor.br\/site\/2019\/05\/15\/policia-civil-prende-suspeitos-de-duplo-homicidio-em-leopoldina\/#breadcrumb"},"inLanguage":"pt-BR","potentialAction":[{"@type":"ReadAction","target":["https:\/\/marcelolopes.jor.br\/site\/2019\/05\/15\/policia-civil-prende-suspeitos-de-duplo-homicidio-em-leopoldina\/"]}]},{"@type":"ImageObject","inLanguage":"pt-BR","@id":"https:\/\/marcelolopes.jor.br\/site\/2019\/05\/15\/policia-civil-prende-suspeitos-de-duplo-homicidio-em-leopoldina\/#primaryimage","url":"https:\/\/marcelolopes.jor.br\/site\/wp-content\/uploads\/2019\/05\/4491d49a180f4598a75d723c4dc01531.jpeg","contentUrl":"https:\/\/marcelolopes.jor.br\/site\/wp-content\/uploads\/2019\/05\/4491d49a180f4598a75d723c4dc01531.jpeg","width":900,"height":500,"caption":"A Opera\u00e7\u00e3o \"Novo Mundo\" localizou e prendeu tr\u00eas suspeitos do assassinato de duas pessoas em Leopoldina"},{"@type":"BreadcrumbList","@id":"https:\/\/marcelolopes.jor.br\/site\/2019\/05\/15\/policia-civil-prende-suspeitos-de-duplo-homicidio-em-leopoldina\/#breadcrumb","itemListElement":[{"@type":"ListItem","position":1,"name":"Home","item":"https:\/\/marcelolopes.jor.br\/site\/"},{"@type":"ListItem","position":2,"name":"Pol\u00edcia Civil prende suspeitos de duplo homic\u00eddio em Leopoldina"}]},{"@type":"WebSite","@id":"https:\/\/marcelolopes.jor.br\/site\/#website","url":"https:\/\/marcelolopes.jor.br\/site\/","name":"Marcelo Lopes","description":"Not\u00edcias de Cataguases e Regi\u00e3o","publisher":{"@id":"https:\/\/marcelolopes.jor.br\/site\/#organization"},"potentialAction":[{"@type":"SearchAction","target":{"@type":"EntryPoint","urlTemplate":"https:\/\/marcelolopes.jor.br\/site\/?s={search_term_string}"},"query-input":{"@type":"PropertyValueSpecification","valueRequired":true,"valueName":"search_term_string"}}],"inLanguage":"pt-BR"},{"@type":"Organization","@id":"https:\/\/marcelolopes.jor.br\/site\/#organization","name":"Site do Marcelo Lopes","url":"https:\/\/marcelolopes.jor.br\/site\/","logo":{"@type":"ImageObject","inLanguage":"pt-BR","@id":"https:\/\/marcelolopes.jor.br\/site\/#\/schema\/logo\/image\/","url":"https:\/\/marcelolopes.jor.br\/site\/wp-content\/uploads\/2024\/11\/logo-1.png","contentUrl":"https:\/\/marcelolopes.jor.br\/site\/wp-content\/uploads\/2024\/11\/logo-1.png","width":475,"height":80,"caption":"Site do Marcelo Lopes"},"image":{"@id":"https:\/\/marcelolopes.jor.br\/site\/#\/schema\/logo\/image\/"},"sameAs":["https:\/\/www.facebook.com\/sitedomarcelolopes","https:\/\/www.instagram.com\/sitedomarcelolopes\/","https:\/\/www.linkedin.com\/company\/site-do-marcelo-lopes\/","https:\/\/www.youtube.com\/user\/marcelolopes957"]},{"@type":"Person","@id":"https:\/\/marcelolopes.jor.br\/site\/#\/schema\/person\/3e7216a35c34d8fdf952b31da3d1f89f","name":"Marcelo Lopes","sameAs":["http:\/\/www.marcelolopes.jor.br"],"url":"https:\/\/marcelolopes.jor.br\/site\/author\/marcelo\/"}]}},"wps_subtitle":"Opera\u00e7\u00e3o Novo Mundo prendeu um homem em Recreio outro no Rio Grande do Norte e o terceiro em S\u00e3o Paulo.","_links":{"self":[{"href":"https:\/\/marcelolopes.jor.br\/site\/wp-json\/wp\/v2\/posts\/1382","targetHints":{"allow":["GET"]}}],"collection":[{"href":"https:\/\/marcelolopes.jor.br\/site\/wp-json\/wp\/v2\/posts"}],"about":[{"href":"https:\/\/marcelolopes.jor.br\/site\/wp-json\/wp\/v2\/types\/post"}],"author":[{"embeddable":true,"href":"https:\/\/marcelolopes.jor.br\/site\/wp-json\/wp\/v2\/users\/2"}],"replies":[{"embeddable":true,"href":"https:\/\/marcelolopes.jor.br\/site\/wp-json\/wp\/v2\/comments?post=1382"}],"version-history":[{"count":0,"href":"https:\/\/marcelolopes.jor.br\/site\/wp-json\/wp\/v2\/posts\/1382\/revisions"}],"wp:featuredmedia":[{"embeddable":true,"href":"https:\/\/marcelolopes.jor.br\/site\/wp-json\/wp\/v2\/media\/1383"}],"wp:attachment":[{"href":"https:\/\/marcelolopes.jor.br\/site\/wp-json\/wp\/v2\/media?parent=1382"}],"wp:term":[{"taxonomy":"category","embeddable":true,"href":"https:\/\/marcelolopes.jor.br\/site\/wp-json\/wp\/v2\/categories?post=1382"},{"taxonomy":"post_tag","embeddable":true,"href":"https:\/\/marcelolopes.jor.br\/site\/wp-json\/wp\/v2\/tags?post=1382"}],"curies":[{"name":"wp","href":"https:\/\/api.w.org\/{rel}","templated":true}]}}