{"id":13799,"date":"2020-04-27T07:00:07","date_gmt":"2020-04-27T10:00:07","guid":{"rendered":"https:\/\/marcelolopes.jor.br\/?p=13799"},"modified":"2022-09-16T18:16:24","modified_gmt":"2022-09-16T21:16:24","slug":"municipios-ganham-mais-prazo-para-elaborarem-planos-de-mobilidade-urbana","status":"publish","type":"post","link":"https:\/\/marcelolopes.jor.br\/site\/2020\/04\/27\/municipios-ganham-mais-prazo-para-elaborarem-planos-de-mobilidade-urbana\/","title":{"rendered":"Munic\u00edpios ganham mais prazo para elaborarem Planos de Mobilidade Urbana"},"content":{"rendered":"<p style=\"text-align: justify;\">Os munic\u00edpios podem ter mais tempo para elaborarem os Planos de Mobilidade Urbana. \u00c9 que a Medida Provis\u00f3ria 906\/19 que prorroga os prazos foi aprovada pelo plen\u00e1rio da C\u00e2mara dos Deputados na \u00faltima quinta-feira, 23 de abril. Agora, o texto segue para aprecia\u00e7\u00e3o no Senado Federal.<!--more--><\/p>\n<p style=\"text-align: justify;\">A vota\u00e7\u00e3o do texto foi poss\u00edvel devido a articula\u00e7\u00e3o da <a href=\"http:\/\/www.cnm.org.br\"><strong><span style=\"color: #800000;\">Confedera\u00e7\u00e3o Nacional de Munic\u00edpios<\/span><\/strong><\/a> (CNM) em parceria com o Instituto de Defesa do Consumidor (Idec) junto ao relator da proposta, o deputado Gustavo Fruet (PDT-PR), e ap\u00f3s um acordo entre os l\u00edderes partid\u00e1rios. A participa\u00e7\u00e3o da entidade foi enaltecida pelo relator. \u201cQuero reafirmar uma tend\u00eancia que \u00e9 o protagonismo das cidades no mundo. Reafirmar a responsabilidade dos governos centrais, lembrando o Brasil e muitas cidades brasileiras assumiram o compromisso para a redu\u00e7\u00e3o de CO2, com metas e com uma a\u00e7\u00e3o muito clara na quest\u00e3o da mobilidade. E por fim eu registro as contribui\u00e7\u00f5es do IDEC e da CNM\u201d, disse.<\/p>\n<p style=\"text-align: justify;\">De acordo com o texto aprovado, os Munic\u00edpios com mais de 250 mil habitantes ter\u00e3o at\u00e9 12 de abril de 2022 para elaborarem os planos. J\u00e1 os Munic\u00edpios com at\u00e9 250 mil habitantes ter\u00e3o at\u00e9 o dia 12 de abril de 2023. A entidade refor\u00e7a que devido \u00e0 pandemia do novo coronav\u00edrus (Covid-19), a prorroga\u00e7\u00e3o maior permite \u00e0s novas administra\u00e7\u00f5es um per\u00edodo para estudar os problemas de mobilidade.<\/p>\n<p style=\"text-align: justify;\">A MP cita ainda que se o Munic\u00edpio n\u00e3o tiver elaborado o plano no prazo fixado somente poder\u00e1 solicitar e receber recursos federais destinados \u00e0 mobilidade urbana caso seja para a elabora\u00e7\u00e3o do pr\u00f3prio plano.<\/p>\n<p style=\"text-align: justify;\"><strong>Obrigatoriedade<\/strong><br \/>\nOs Munic\u00edpios integrantes de \u00e1reas de interesse tur\u00edstico, incluindo cidades litor\u00e2neas que t\u00eam sua din\u00e2mica de mobilidade normalmente alterada nos fins de semana, feriados e per\u00edodos de f\u00e9rias em fun\u00e7\u00e3o do fluxo de turistas, conforme crit\u00e9rios a serem estabelecidos pelo Poder Executivo, tamb\u00e9m ficam obrigadas a elaborarem plano de mobilidade.<\/p>\n<p style=\"text-align: justify;\">Os planos devem ser integrados e compat\u00edveis com os respectivos planos diretores municipais. Al\u00e9m disso, segundo a proposta, dever\u00e1 ser integrado ainda, quando couber, com os planos de desenvolvimento urbano integrado e com os planos metropolitanos de transporte e mobilidade urbana.<\/p>\n<p style=\"text-align: justify;\">Da Ag\u00eancia CNM de Not\u00edcias com informa\u00e7\u00f5es da Ag\u00eancia C\u00e2mara | Foto: Nossa Ci\u00eancia<\/p>\n<div class=\"swumk69f7023fb8dab\" ><br><\/div><style type=\"text\/css\">\r\n@media screen and (min-width: 1201px) {\r\n.swumk69f7023fb8dab {\r\ndisplay: block;\r\n}\r\n}\r\n@media screen and (min-width: 993px) and (max-width: 1200px) {\r\n.swumk69f7023fb8dab {\r\ndisplay: block;\r\n}\r\n}\r\n@media screen and (min-width: 769px) and (max-width: 992px) {\r\n.swumk69f7023fb8dab {\r\ndisplay: block;\r\n}\r\n}\r\n@media screen and (min-width: 768px) and (max-width: 768px) {\r\n.swumk69f7023fb8dab {\r\ndisplay: block;\r\n}\r\n}\r\n@media screen and (max-width: 767px) {\r\n.swumk69f7023fb8dab {\r\ndisplay: block;\r\n}\r\n}\r\n<\/style>\r\n<div class=\"rviqf69f7023fbdd66\" ><div id=\"div_destino\"><\/div>\r\n<script src=\"https:\/\/cdn.snsrsv.com\/sdk.js\"><\/script>\r\n<script >\r\n      new sdk(\"464030C30061EA8BE065000000000001\") \r\n          .appendTo(\"div_destino\")\r\n          .disableStyle(true) \r\n          .setCacheBusterMacro(\"%%CACHEBUSTER%%\")\r\n          .setSize(\"800\",\"214\")\r\n          .setClickMacro(\"%%CLICK_URL_ESC%%\") \r\n          .setReferrerUrlMacro(\"%%REFERRER_URL_ESC%%\") \r\n          .start(); \r\n<\/script><\/div><style type=\"text\/css\">\r\n@media screen and (min-width: 1201px) {\r\n.rviqf69f7023fbdd66 {\r\ndisplay: block;\r\n}\r\n}\r\n@media screen and (min-width: 993px) and (max-width: 1200px) {\r\n.rviqf69f7023fbdd66 {\r\ndisplay: block;\r\n}\r\n}\r\n@media screen and (min-width: 769px) and (max-width: 992px) {\r\n.rviqf69f7023fbdd66 {\r\ndisplay: block;\r\n}\r\n}\r\n@media screen and (min-width: 768px) and (max-width: 768px) {\r\n.rviqf69f7023fbdd66 {\r\ndisplay: block;\r\n}\r\n}\r\n@media screen and (max-width: 767px) {\r\n.rviqf69f7023fbdd66 {\r\ndisplay: block;\r\n}\r\n}\r\n<\/style>\r\n","protected":false},"excerpt":{"rendered":"<p>Os munic\u00edpios podem ter mais tempo para elaborarem os Planos de Mobilidade Urbana. \u00c9 que a Medida Provis\u00f3ria 906\/19 que prorroga os prazos foi aprovada pelo plen\u00e1rio da C\u00e2mara dos Deputados na \u00faltima quinta-feira, 23 de abril. Agora, o texto<\/p>\n<p class=\"link-more\"><a class=\"more-link\" href=\"https:\/\/marcelolopes.jor.br\/site\/2020\/04\/27\/municipios-ganham-mais-prazo-para-elaborarem-planos-de-mobilidade-urbana\/\">Leia mais <span class=\"screen-reader-text\">Munic\u00edpios ganham mais prazo para elaborarem Planos de Mobilidade Urbana<\/span><\/a><\/p>\n","protected":false},"author":2,"featured_media":13801,"comment_status":"open","ping_status":"open","sticky":false,"template":"","format":"standard","meta":{"footnotes":""},"categories":[1],"tags":[1989,1464,1273,2410],"class_list":["post-13799","post","type-post","status-publish","format-standard","has-post-thumbnail","hentry","category-noticias","tag-mobilidade-urbana","tag-municipios","tag-plano-de-mobilidade-urbana","tag-prazo","thumb-below-title"],"yoast_head":"<!-- This site is optimized with the Yoast SEO plugin v27.4 - https:\/\/yoast.com\/product\/yoast-seo-wordpress\/ -->\n<title>Munic\u00edpios ganham mais prazo para elaborarem planos de<\/title>\n<meta name=\"description\" content=\"Munic\u00edpios ganham mais prazo para elaborarem planos de mobilidade urbana. Com at\u00e9 250 mil habitantes o prazo \u00e9 dia 12 de abril.\" \/>\n<meta name=\"robots\" content=\"index, follow, max-snippet:-1, max-image-preview:large, max-video-preview:-1\" \/>\n<link rel=\"canonical\" href=\"https:\/\/marcelolopes.jor.br\/site\/2020\/04\/27\/municipios-ganham-mais-prazo-para-elaborarem-planos-de-mobilidade-urbana\/\" \/>\n<meta property=\"og:locale\" content=\"pt_BR\" \/>\n<meta property=\"og:type\" content=\"article\" \/>\n<meta property=\"og:title\" content=\"Munic\u00edpios ganham mais prazo para elaborarem planos de\" \/>\n<meta property=\"og:description\" content=\"Munic\u00edpios ganham mais prazo para elaborarem planos de mobilidade urbana. Com at\u00e9 250 mil habitantes o prazo \u00e9 dia 12 de abril.\" \/>\n<meta property=\"og:url\" content=\"https:\/\/marcelolopes.jor.br\/site\/2020\/04\/27\/municipios-ganham-mais-prazo-para-elaborarem-planos-de-mobilidade-urbana\/\" \/>\n<meta property=\"og:site_name\" content=\"Marcelo Lopes\" \/>\n<meta property=\"article:publisher\" content=\"https:\/\/www.facebook.com\/sitedomarcelolopes\" \/>\n<meta property=\"article:published_time\" content=\"2020-04-27T10:00:07+00:00\" \/>\n<meta property=\"article:modified_time\" content=\"2022-09-16T21:16:24+00:00\" \/>\n<meta property=\"og:image\" content=\"https:\/\/marcelolopes.jor.br\/site\/wp-content\/uploads\/2020\/04\/mobilidade-urbana.jpg\" \/>\n\t<meta property=\"og:image:width\" content=\"720\" \/>\n\t<meta property=\"og:image:height\" content=\"400\" \/>\n\t<meta property=\"og:image:type\" content=\"image\/jpeg\" \/>\n<meta name=\"author\" content=\"Marcelo Lopes\" \/>\n<meta name=\"twitter:card\" content=\"summary_large_image\" \/>\n<meta name=\"twitter:label1\" content=\"Escrito por\" \/>\n\t<meta name=\"twitter:data1\" content=\"Marcelo Lopes\" \/>\n\t<meta name=\"twitter:label2\" content=\"Est. tempo de leitura\" \/>\n\t<meta name=\"twitter:data2\" content=\"2 minutos\" \/>\n<script type=\"application\/ld+json\" class=\"yoast-schema-graph\">{\"@context\":\"https:\\\/\\\/schema.org\",\"@graph\":[{\"@type\":\"NewsArticle\",\"@id\":\"https:\\\/\\\/marcelolopes.jor.br\\\/site\\\/2020\\\/04\\\/27\\\/municipios-ganham-mais-prazo-para-elaborarem-planos-de-mobilidade-urbana\\\/#article\",\"isPartOf\":{\"@id\":\"https:\\\/\\\/marcelolopes.jor.br\\\/site\\\/2020\\\/04\\\/27\\\/municipios-ganham-mais-prazo-para-elaborarem-planos-de-mobilidade-urbana\\\/\"},\"author\":{\"name\":\"Marcelo Lopes\",\"@id\":\"https:\\\/\\\/marcelolopes.jor.br\\\/site\\\/#\\\/schema\\\/person\\\/3e7216a35c34d8fdf952b31da3d1f89f\"},\"headline\":\"Munic\u00edpios ganham mais prazo para elaborarem Planos de Mobilidade Urbana\",\"datePublished\":\"2020-04-27T10:00:07+00:00\",\"dateModified\":\"2022-09-16T21:16:24+00:00\",\"mainEntityOfPage\":{\"@id\":\"https:\\\/\\\/marcelolopes.jor.br\\\/site\\\/2020\\\/04\\\/27\\\/municipios-ganham-mais-prazo-para-elaborarem-planos-de-mobilidade-urbana\\\/\"},\"wordCount\":412,\"commentCount\":0,\"publisher\":{\"@id\":\"https:\\\/\\\/marcelolopes.jor.br\\\/site\\\/#organization\"},\"image\":{\"@id\":\"https:\\\/\\\/marcelolopes.jor.br\\\/site\\\/2020\\\/04\\\/27\\\/municipios-ganham-mais-prazo-para-elaborarem-planos-de-mobilidade-urbana\\\/#primaryimage\"},\"thumbnailUrl\":\"https:\\\/\\\/marcelolopes.jor.br\\\/site\\\/wp-content\\\/uploads\\\/2020\\\/04\\\/mobilidade-urbana.jpg\",\"keywords\":[\"Mobilidade Urbana\",\"munic\u00edpios\",\"Plano de Mobilidade Urbana\",\"prazo\"],\"articleSection\":[\"Not\u00edcias\"],\"inLanguage\":\"pt-BR\",\"potentialAction\":[{\"@type\":\"CommentAction\",\"name\":\"Comment\",\"target\":[\"https:\\\/\\\/marcelolopes.jor.br\\\/site\\\/2020\\\/04\\\/27\\\/municipios-ganham-mais-prazo-para-elaborarem-planos-de-mobilidade-urbana\\\/#respond\"]}]},{\"@type\":\"WebPage\",\"@id\":\"https:\\\/\\\/marcelolopes.jor.br\\\/site\\\/2020\\\/04\\\/27\\\/municipios-ganham-mais-prazo-para-elaborarem-planos-de-mobilidade-urbana\\\/\",\"url\":\"https:\\\/\\\/marcelolopes.jor.br\\\/site\\\/2020\\\/04\\\/27\\\/municipios-ganham-mais-prazo-para-elaborarem-planos-de-mobilidade-urbana\\\/\",\"name\":\"Munic\u00edpios ganham mais prazo para elaborarem planos de\",\"isPartOf\":{\"@id\":\"https:\\\/\\\/marcelolopes.jor.br\\\/site\\\/#website\"},\"primaryImageOfPage\":{\"@id\":\"https:\\\/\\\/marcelolopes.jor.br\\\/site\\\/2020\\\/04\\\/27\\\/municipios-ganham-mais-prazo-para-elaborarem-planos-de-mobilidade-urbana\\\/#primaryimage\"},\"image\":{\"@id\":\"https:\\\/\\\/marcelolopes.jor.br\\\/site\\\/2020\\\/04\\\/27\\\/municipios-ganham-mais-prazo-para-elaborarem-planos-de-mobilidade-urbana\\\/#primaryimage\"},\"thumbnailUrl\":\"https:\\\/\\\/marcelolopes.jor.br\\\/site\\\/wp-content\\\/uploads\\\/2020\\\/04\\\/mobilidade-urbana.jpg\",\"datePublished\":\"2020-04-27T10:00:07+00:00\",\"dateModified\":\"2022-09-16T21:16:24+00:00\",\"description\":\"Munic\u00edpios ganham mais prazo para elaborarem planos de mobilidade urbana. Com at\u00e9 250 mil habitantes o prazo \u00e9 dia 12 de abril.\",\"breadcrumb\":{\"@id\":\"https:\\\/\\\/marcelolopes.jor.br\\\/site\\\/2020\\\/04\\\/27\\\/municipios-ganham-mais-prazo-para-elaborarem-planos-de-mobilidade-urbana\\\/#breadcrumb\"},\"inLanguage\":\"pt-BR\",\"potentialAction\":[{\"@type\":\"ReadAction\",\"target\":[\"https:\\\/\\\/marcelolopes.jor.br\\\/site\\\/2020\\\/04\\\/27\\\/municipios-ganham-mais-prazo-para-elaborarem-planos-de-mobilidade-urbana\\\/\"]}]},{\"@type\":\"ImageObject\",\"inLanguage\":\"pt-BR\",\"@id\":\"https:\\\/\\\/marcelolopes.jor.br\\\/site\\\/2020\\\/04\\\/27\\\/municipios-ganham-mais-prazo-para-elaborarem-planos-de-mobilidade-urbana\\\/#primaryimage\",\"url\":\"https:\\\/\\\/marcelolopes.jor.br\\\/site\\\/wp-content\\\/uploads\\\/2020\\\/04\\\/mobilidade-urbana.jpg\",\"contentUrl\":\"https:\\\/\\\/marcelolopes.jor.br\\\/site\\\/wp-content\\\/uploads\\\/2020\\\/04\\\/mobilidade-urbana.jpg\",\"width\":720,\"height\":400,\"caption\":\"Munic\u00edpios ganham mais prazo\"},{\"@type\":\"BreadcrumbList\",\"@id\":\"https:\\\/\\\/marcelolopes.jor.br\\\/site\\\/2020\\\/04\\\/27\\\/municipios-ganham-mais-prazo-para-elaborarem-planos-de-mobilidade-urbana\\\/#breadcrumb\",\"itemListElement\":[{\"@type\":\"ListItem\",\"position\":1,\"name\":\"Home\",\"item\":\"https:\\\/\\\/marcelolopes.jor.br\\\/site\\\/\"},{\"@type\":\"ListItem\",\"position\":2,\"name\":\"Munic\u00edpios ganham mais prazo para elaborarem Planos de Mobilidade Urbana\"}]},{\"@type\":\"WebSite\",\"@id\":\"https:\\\/\\\/marcelolopes.jor.br\\\/site\\\/#website\",\"url\":\"https:\\\/\\\/marcelolopes.jor.br\\\/site\\\/\",\"name\":\"Marcelo Lopes\",\"description\":\"Not\u00edcias de Cataguases e Regi\u00e3o\",\"publisher\":{\"@id\":\"https:\\\/\\\/marcelolopes.jor.br\\\/site\\\/#organization\"},\"potentialAction\":[{\"@type\":\"SearchAction\",\"target\":{\"@type\":\"EntryPoint\",\"urlTemplate\":\"https:\\\/\\\/marcelolopes.jor.br\\\/site\\\/?s={search_term_string}\"},\"query-input\":{\"@type\":\"PropertyValueSpecification\",\"valueRequired\":true,\"valueName\":\"search_term_string\"}}],\"inLanguage\":\"pt-BR\"},{\"@type\":\"Organization\",\"@id\":\"https:\\\/\\\/marcelolopes.jor.br\\\/site\\\/#organization\",\"name\":\"Site do Marcelo Lopes\",\"url\":\"https:\\\/\\\/marcelolopes.jor.br\\\/site\\\/\",\"logo\":{\"@type\":\"ImageObject\",\"inLanguage\":\"pt-BR\",\"@id\":\"https:\\\/\\\/marcelolopes.jor.br\\\/site\\\/#\\\/schema\\\/logo\\\/image\\\/\",\"url\":\"https:\\\/\\\/marcelolopes.jor.br\\\/site\\\/wp-content\\\/uploads\\\/2024\\\/11\\\/logo-1.png\",\"contentUrl\":\"https:\\\/\\\/marcelolopes.jor.br\\\/site\\\/wp-content\\\/uploads\\\/2024\\\/11\\\/logo-1.png\",\"width\":475,\"height\":80,\"caption\":\"Site do Marcelo Lopes\"},\"image\":{\"@id\":\"https:\\\/\\\/marcelolopes.jor.br\\\/site\\\/#\\\/schema\\\/logo\\\/image\\\/\"},\"sameAs\":[\"https:\\\/\\\/www.facebook.com\\\/sitedomarcelolopes\",\"https:\\\/\\\/www.instagram.com\\\/sitedomarcelolopes\\\/\",\"https:\\\/\\\/www.linkedin.com\\\/company\\\/site-do-marcelo-lopes\\\/\",\"https:\\\/\\\/www.youtube.com\\\/user\\\/marcelolopes957\"]},{\"@type\":\"Person\",\"@id\":\"https:\\\/\\\/marcelolopes.jor.br\\\/site\\\/#\\\/schema\\\/person\\\/3e7216a35c34d8fdf952b31da3d1f89f\",\"name\":\"Marcelo Lopes\",\"sameAs\":[\"http:\\\/\\\/www.marcelolopes.jor.br\"],\"url\":\"https:\\\/\\\/marcelolopes.jor.br\\\/site\\\/author\\\/marcelo\\\/\"}]}<\/script>\n<!-- \/ Yoast SEO plugin. -->","yoast_head_json":{"title":"Munic\u00edpios ganham mais prazo para elaborarem planos de","description":"Munic\u00edpios ganham mais prazo para elaborarem planos de mobilidade urbana. Com at\u00e9 250 mil habitantes o prazo \u00e9 dia 12 de abril.","robots":{"index":"index","follow":"follow","max-snippet":"max-snippet:-1","max-image-preview":"max-image-preview:large","max-video-preview":"max-video-preview:-1"},"canonical":"https:\/\/marcelolopes.jor.br\/site\/2020\/04\/27\/municipios-ganham-mais-prazo-para-elaborarem-planos-de-mobilidade-urbana\/","og_locale":"pt_BR","og_type":"article","og_title":"Munic\u00edpios ganham mais prazo para elaborarem planos de","og_description":"Munic\u00edpios ganham mais prazo para elaborarem planos de mobilidade urbana. Com at\u00e9 250 mil habitantes o prazo \u00e9 dia 12 de abril.","og_url":"https:\/\/marcelolopes.jor.br\/site\/2020\/04\/27\/municipios-ganham-mais-prazo-para-elaborarem-planos-de-mobilidade-urbana\/","og_site_name":"Marcelo Lopes","article_publisher":"https:\/\/www.facebook.com\/sitedomarcelolopes","article_published_time":"2020-04-27T10:00:07+00:00","article_modified_time":"2022-09-16T21:16:24+00:00","og_image":[{"width":720,"height":400,"url":"https:\/\/marcelolopes.jor.br\/site\/wp-content\/uploads\/2020\/04\/mobilidade-urbana.jpg","type":"image\/jpeg"}],"author":"Marcelo Lopes","twitter_card":"summary_large_image","twitter_misc":{"Escrito por":"Marcelo Lopes","Est. tempo de leitura":"2 minutos"},"schema":{"@context":"https:\/\/schema.org","@graph":[{"@type":"NewsArticle","@id":"https:\/\/marcelolopes.jor.br\/site\/2020\/04\/27\/municipios-ganham-mais-prazo-para-elaborarem-planos-de-mobilidade-urbana\/#article","isPartOf":{"@id":"https:\/\/marcelolopes.jor.br\/site\/2020\/04\/27\/municipios-ganham-mais-prazo-para-elaborarem-planos-de-mobilidade-urbana\/"},"author":{"name":"Marcelo Lopes","@id":"https:\/\/marcelolopes.jor.br\/site\/#\/schema\/person\/3e7216a35c34d8fdf952b31da3d1f89f"},"headline":"Munic\u00edpios ganham mais prazo para elaborarem Planos de Mobilidade Urbana","datePublished":"2020-04-27T10:00:07+00:00","dateModified":"2022-09-16T21:16:24+00:00","mainEntityOfPage":{"@id":"https:\/\/marcelolopes.jor.br\/site\/2020\/04\/27\/municipios-ganham-mais-prazo-para-elaborarem-planos-de-mobilidade-urbana\/"},"wordCount":412,"commentCount":0,"publisher":{"@id":"https:\/\/marcelolopes.jor.br\/site\/#organization"},"image":{"@id":"https:\/\/marcelolopes.jor.br\/site\/2020\/04\/27\/municipios-ganham-mais-prazo-para-elaborarem-planos-de-mobilidade-urbana\/#primaryimage"},"thumbnailUrl":"https:\/\/marcelolopes.jor.br\/site\/wp-content\/uploads\/2020\/04\/mobilidade-urbana.jpg","keywords":["Mobilidade Urbana","munic\u00edpios","Plano de Mobilidade Urbana","prazo"],"articleSection":["Not\u00edcias"],"inLanguage":"pt-BR","potentialAction":[{"@type":"CommentAction","name":"Comment","target":["https:\/\/marcelolopes.jor.br\/site\/2020\/04\/27\/municipios-ganham-mais-prazo-para-elaborarem-planos-de-mobilidade-urbana\/#respond"]}]},{"@type":"WebPage","@id":"https:\/\/marcelolopes.jor.br\/site\/2020\/04\/27\/municipios-ganham-mais-prazo-para-elaborarem-planos-de-mobilidade-urbana\/","url":"https:\/\/marcelolopes.jor.br\/site\/2020\/04\/27\/municipios-ganham-mais-prazo-para-elaborarem-planos-de-mobilidade-urbana\/","name":"Munic\u00edpios ganham mais prazo para elaborarem planos de","isPartOf":{"@id":"https:\/\/marcelolopes.jor.br\/site\/#website"},"primaryImageOfPage":{"@id":"https:\/\/marcelolopes.jor.br\/site\/2020\/04\/27\/municipios-ganham-mais-prazo-para-elaborarem-planos-de-mobilidade-urbana\/#primaryimage"},"image":{"@id":"https:\/\/marcelolopes.jor.br\/site\/2020\/04\/27\/municipios-ganham-mais-prazo-para-elaborarem-planos-de-mobilidade-urbana\/#primaryimage"},"thumbnailUrl":"https:\/\/marcelolopes.jor.br\/site\/wp-content\/uploads\/2020\/04\/mobilidade-urbana.jpg","datePublished":"2020-04-27T10:00:07+00:00","dateModified":"2022-09-16T21:16:24+00:00","description":"Munic\u00edpios ganham mais prazo para elaborarem planos de mobilidade urbana. Com at\u00e9 250 mil habitantes o prazo \u00e9 dia 12 de abril.","breadcrumb":{"@id":"https:\/\/marcelolopes.jor.br\/site\/2020\/04\/27\/municipios-ganham-mais-prazo-para-elaborarem-planos-de-mobilidade-urbana\/#breadcrumb"},"inLanguage":"pt-BR","potentialAction":[{"@type":"ReadAction","target":["https:\/\/marcelolopes.jor.br\/site\/2020\/04\/27\/municipios-ganham-mais-prazo-para-elaborarem-planos-de-mobilidade-urbana\/"]}]},{"@type":"ImageObject","inLanguage":"pt-BR","@id":"https:\/\/marcelolopes.jor.br\/site\/2020\/04\/27\/municipios-ganham-mais-prazo-para-elaborarem-planos-de-mobilidade-urbana\/#primaryimage","url":"https:\/\/marcelolopes.jor.br\/site\/wp-content\/uploads\/2020\/04\/mobilidade-urbana.jpg","contentUrl":"https:\/\/marcelolopes.jor.br\/site\/wp-content\/uploads\/2020\/04\/mobilidade-urbana.jpg","width":720,"height":400,"caption":"Munic\u00edpios ganham mais prazo"},{"@type":"BreadcrumbList","@id":"https:\/\/marcelolopes.jor.br\/site\/2020\/04\/27\/municipios-ganham-mais-prazo-para-elaborarem-planos-de-mobilidade-urbana\/#breadcrumb","itemListElement":[{"@type":"ListItem","position":1,"name":"Home","item":"https:\/\/marcelolopes.jor.br\/site\/"},{"@type":"ListItem","position":2,"name":"Munic\u00edpios ganham mais prazo para elaborarem Planos de Mobilidade Urbana"}]},{"@type":"WebSite","@id":"https:\/\/marcelolopes.jor.br\/site\/#website","url":"https:\/\/marcelolopes.jor.br\/site\/","name":"Marcelo Lopes","description":"Not\u00edcias de Cataguases e Regi\u00e3o","publisher":{"@id":"https:\/\/marcelolopes.jor.br\/site\/#organization"},"potentialAction":[{"@type":"SearchAction","target":{"@type":"EntryPoint","urlTemplate":"https:\/\/marcelolopes.jor.br\/site\/?s={search_term_string}"},"query-input":{"@type":"PropertyValueSpecification","valueRequired":true,"valueName":"search_term_string"}}],"inLanguage":"pt-BR"},{"@type":"Organization","@id":"https:\/\/marcelolopes.jor.br\/site\/#organization","name":"Site do Marcelo Lopes","url":"https:\/\/marcelolopes.jor.br\/site\/","logo":{"@type":"ImageObject","inLanguage":"pt-BR","@id":"https:\/\/marcelolopes.jor.br\/site\/#\/schema\/logo\/image\/","url":"https:\/\/marcelolopes.jor.br\/site\/wp-content\/uploads\/2024\/11\/logo-1.png","contentUrl":"https:\/\/marcelolopes.jor.br\/site\/wp-content\/uploads\/2024\/11\/logo-1.png","width":475,"height":80,"caption":"Site do Marcelo Lopes"},"image":{"@id":"https:\/\/marcelolopes.jor.br\/site\/#\/schema\/logo\/image\/"},"sameAs":["https:\/\/www.facebook.com\/sitedomarcelolopes","https:\/\/www.instagram.com\/sitedomarcelolopes\/","https:\/\/www.linkedin.com\/company\/site-do-marcelo-lopes\/","https:\/\/www.youtube.com\/user\/marcelolopes957"]},{"@type":"Person","@id":"https:\/\/marcelolopes.jor.br\/site\/#\/schema\/person\/3e7216a35c34d8fdf952b31da3d1f89f","name":"Marcelo Lopes","sameAs":["http:\/\/www.marcelolopes.jor.br"],"url":"https:\/\/marcelolopes.jor.br\/site\/author\/marcelo\/"}]}},"wps_subtitle":"Para munic\u00edpios com at\u00e9 250 mil habitantes o prazo \u00e9 dia 12 de abril de 2023.","_links":{"self":[{"href":"https:\/\/marcelolopes.jor.br\/site\/wp-json\/wp\/v2\/posts\/13799","targetHints":{"allow":["GET"]}}],"collection":[{"href":"https:\/\/marcelolopes.jor.br\/site\/wp-json\/wp\/v2\/posts"}],"about":[{"href":"https:\/\/marcelolopes.jor.br\/site\/wp-json\/wp\/v2\/types\/post"}],"author":[{"embeddable":true,"href":"https:\/\/marcelolopes.jor.br\/site\/wp-json\/wp\/v2\/users\/2"}],"replies":[{"embeddable":true,"href":"https:\/\/marcelolopes.jor.br\/site\/wp-json\/wp\/v2\/comments?post=13799"}],"version-history":[{"count":0,"href":"https:\/\/marcelolopes.jor.br\/site\/wp-json\/wp\/v2\/posts\/13799\/revisions"}],"wp:featuredmedia":[{"embeddable":true,"href":"https:\/\/marcelolopes.jor.br\/site\/wp-json\/wp\/v2\/media\/13801"}],"wp:attachment":[{"href":"https:\/\/marcelolopes.jor.br\/site\/wp-json\/wp\/v2\/media?parent=13799"}],"wp:term":[{"taxonomy":"category","embeddable":true,"href":"https:\/\/marcelolopes.jor.br\/site\/wp-json\/wp\/v2\/categories?post=13799"},{"taxonomy":"post_tag","embeddable":true,"href":"https:\/\/marcelolopes.jor.br\/site\/wp-json\/wp\/v2\/tags?post=13799"}],"curies":[{"name":"wp","href":"https:\/\/api.w.org\/{rel}","templated":true}]}}