{"id":13795,"date":"2020-04-26T19:00:15","date_gmt":"2020-04-26T22:00:15","guid":{"rendered":"https:\/\/marcelolopes.jor.br\/?p=13795"},"modified":"2020-04-26T17:28:00","modified_gmt":"2020-04-26T20:28:00","slug":"prefeitura-de-vicosa-tem-queda-na-receita-e-suspende-servicos","status":"publish","type":"post","link":"https:\/\/marcelolopes.jor.br\/site\/2020\/04\/26\/prefeitura-de-vicosa-tem-queda-na-receita-e-suspende-servicos\/","title":{"rendered":"Prefeitura de Vi\u00e7osa tem queda na receita e suspende servi\u00e7os"},"content":{"rendered":"<p style=\"text-align: justify;\">A pandemia do novo coronav\u00edrus afetou a arrecada\u00e7\u00e3o municipal. No \u00faltimo m\u00eas, de acordo com a secretaria de Fazenda, a queda na arrecada\u00e7\u00e3o municipal foi cerca de 2 milh\u00f5es de reais. O recurso vinha do pagamento de impostos e tributos, como o ISS, Impostos sobre Servi\u00e7os (ISS) adiado para o m\u00eas de julho pela Prefeitura de Vi\u00e7osa, por meio do Decreto Municipal n\u00ba 5447\/2020, e do Imposto sobre Circula\u00e7\u00e3o de Mercadorias e Servi\u00e7os (ICMS) prorrogado por 90 dias pelo Governo Federal.<!--more--><\/p>\n<p style=\"text-align: justify;\">Para estabelecer o controle financeiro e continuar com os investimentos cont\u00ednuos na \u00e1rea da sa\u00fade e das a\u00e7\u00f5es ao enfrentamento \u00e0 Covid-19, o Prefeito \u00c2ngelo Chequer assinou, nesta quinta-feira, 23 de abril, o decreto n\u00ba 5459. O documento estabelece a suspens\u00e3o tempor\u00e1ria dos pagamentos de gratifica\u00e7\u00f5es e adicionais dos servidores da educa\u00e7\u00e3o municipal, suspens\u00e3o dos estagi\u00e1rios da secretaria e do aux\u00edlio transporte para os todos os servidores que n\u00e3o estiverem trabalhando neste per\u00edodo.<\/p>\n<p style=\"text-align: justify;\">Atualmente s\u00e3o 120 estagi\u00e1rios na Educa\u00e7\u00e3o. Cerca de 30 deles foram convidados a atuar em outros setores durante a pandemia e n\u00e3o ser\u00e3o afetados. A secret\u00e1ria de educa\u00e7\u00e3o, Ana Monteiro, enfatiza que todos os cortes s\u00e3o provis\u00f3rios: &#8220;os funcion\u00e1rios da educa\u00e7\u00e3o municipal sempre foram motivo de orgulho. Somos refer\u00eancia e devemos isso ao nosso poder de di\u00e1logo e entendimento entre a secretaria, a gest\u00e3o escolar e aos servidores como um todo. Isso vai passar e voltaremos \u00e0 normalidade&#8221;. salientou.<\/p>\n<p style=\"text-align: justify;\">Para o Prefeito \u00c2ngelo Chequer, o momento \u00e9 de administra\u00e7\u00e3o dos recursos e o foco em salvar vidas: &#8220;entendemos que todo o setor produtivo foi prejudicado. E, como numa rea\u00e7\u00e3o em cadeia, o poder executivo tamb\u00e9m sentiu o impacto da paralisa\u00e7\u00e3o das atividades econ\u00f4micas, temos que controlar os gastos para que continuemos firmes nas a\u00e7\u00f5es contra a Covid-19&#8221;.<\/p>\n<p>Fonte: Assessoria de Comunica\u00e7\u00e3o da PMV<\/p>\n<div class=\"pcnjq69f72e680be6d\" ><br><\/div><style type=\"text\/css\">\r\n@media screen and (min-width: 1201px) {\r\n.pcnjq69f72e680be6d {\r\ndisplay: block;\r\n}\r\n}\r\n@media screen and (min-width: 993px) and (max-width: 1200px) {\r\n.pcnjq69f72e680be6d {\r\ndisplay: block;\r\n}\r\n}\r\n@media screen and (min-width: 769px) and (max-width: 992px) {\r\n.pcnjq69f72e680be6d {\r\ndisplay: block;\r\n}\r\n}\r\n@media screen and (min-width: 768px) and (max-width: 768px) {\r\n.pcnjq69f72e680be6d {\r\ndisplay: block;\r\n}\r\n}\r\n@media screen and (max-width: 767px) {\r\n.pcnjq69f72e680be6d {\r\ndisplay: block;\r\n}\r\n}\r\n<\/style>\r\n<div class=\"tlkpy69f72e681015b\" ><div id=\"div_destino\"><\/div>\r\n<script src=\"https:\/\/cdn.snsrsv.com\/sdk.js\"><\/script>\r\n<script >\r\n      new sdk(\"464030C30061EA8BE065000000000001\") \r\n          .appendTo(\"div_destino\")\r\n          .disableStyle(true) \r\n          .setCacheBusterMacro(\"%%CACHEBUSTER%%\")\r\n          .setSize(\"800\",\"214\")\r\n          .setClickMacro(\"%%CLICK_URL_ESC%%\") \r\n          .setReferrerUrlMacro(\"%%REFERRER_URL_ESC%%\") \r\n          .start(); \r\n<\/script><\/div><style type=\"text\/css\">\r\n@media screen and (min-width: 1201px) {\r\n.tlkpy69f72e681015b {\r\ndisplay: block;\r\n}\r\n}\r\n@media screen and (min-width: 993px) and (max-width: 1200px) {\r\n.tlkpy69f72e681015b {\r\ndisplay: block;\r\n}\r\n}\r\n@media screen and (min-width: 769px) and (max-width: 992px) {\r\n.tlkpy69f72e681015b {\r\ndisplay: block;\r\n}\r\n}\r\n@media screen and (min-width: 768px) and (max-width: 768px) {\r\n.tlkpy69f72e681015b {\r\ndisplay: block;\r\n}\r\n}\r\n@media screen and (max-width: 767px) {\r\n.tlkpy69f72e681015b {\r\ndisplay: block;\r\n}\r\n}\r\n<\/style>\r\n","protected":false},"excerpt":{"rendered":"<p>A pandemia do novo coronav\u00edrus afetou a arrecada\u00e7\u00e3o municipal. No \u00faltimo m\u00eas, de acordo com a secretaria de Fazenda, a queda na arrecada\u00e7\u00e3o municipal foi cerca de 2 milh\u00f5es de reais. O recurso vinha do pagamento de impostos e tributos,<\/p>\n<p class=\"link-more\"><a class=\"more-link\" href=\"https:\/\/marcelolopes.jor.br\/site\/2020\/04\/26\/prefeitura-de-vicosa-tem-queda-na-receita-e-suspende-servicos\/\">Leia mais <span class=\"screen-reader-text\">Prefeitura de Vi\u00e7osa tem queda na receita e suspende servi\u00e7os<\/span><\/a><\/p>\n","protected":false},"author":2,"featured_media":13797,"comment_status":"open","ping_status":"open","sticky":false,"template":"","format":"standard","meta":{"footnotes":""},"categories":[1],"tags":[2408,2409,143,1217],"class_list":["post-13795","post","type-post","status-publish","format-standard","has-post-thumbnail","hentry","category-noticias","tag-arrecadacao","tag-corte-de-despesa","tag-impostos","tag-prefeitura-de-vicosa","thumb-below-title"],"yoast_head":"<!-- This site is optimized with the Yoast SEO plugin v27.4 - https:\/\/yoast.com\/product\/yoast-seo-wordpress\/ -->\n<title>Prefeitura de Vi\u00e7osa tem queda na receita e suspende servi\u00e7os | Marcelo Lopes<\/title>\n<meta name=\"robots\" content=\"index, follow, max-snippet:-1, max-image-preview:large, max-video-preview:-1\" \/>\n<link rel=\"canonical\" href=\"https:\/\/marcelolopes.jor.br\/site\/2020\/04\/26\/prefeitura-de-vicosa-tem-queda-na-receita-e-suspende-servicos\/\" \/>\n<meta property=\"og:locale\" content=\"pt_BR\" \/>\n<meta property=\"og:type\" content=\"article\" \/>\n<meta property=\"og:title\" content=\"Prefeitura de Vi\u00e7osa tem queda na receita e suspende servi\u00e7os | Marcelo Lopes\" \/>\n<meta property=\"og:description\" content=\"A pandemia do novo coronav\u00edrus afetou a arrecada\u00e7\u00e3o municipal. No \u00faltimo m\u00eas, de acordo com a secretaria de Fazenda, a queda na arrecada\u00e7\u00e3o municipal foi cerca de 2 milh\u00f5es de reais. O recurso vinha do pagamento de impostos e tributos,Leia mais Prefeitura de Vi\u00e7osa tem queda na receita e suspende servi\u00e7os\" \/>\n<meta property=\"og:url\" content=\"https:\/\/marcelolopes.jor.br\/site\/2020\/04\/26\/prefeitura-de-vicosa-tem-queda-na-receita-e-suspende-servicos\/\" \/>\n<meta property=\"og:site_name\" content=\"Marcelo Lopes\" \/>\n<meta property=\"article:publisher\" content=\"https:\/\/www.facebook.com\/sitedomarcelolopes\" \/>\n<meta property=\"article:published_time\" content=\"2020-04-26T22:00:15+00:00\" \/>\n<meta property=\"og:image\" content=\"https:\/\/marcelolopes.jor.br\/site\/wp-content\/uploads\/2020\/04\/Centro-Administrativo-da-Prefeitura-de-Vi\u00e7osa.jpg\" \/>\n\t<meta property=\"og:image:width\" content=\"2048\" \/>\n\t<meta property=\"og:image:height\" content=\"1536\" \/>\n\t<meta property=\"og:image:type\" content=\"image\/jpeg\" \/>\n<meta name=\"author\" content=\"Marcelo Lopes\" \/>\n<meta name=\"twitter:card\" content=\"summary_large_image\" \/>\n<meta name=\"twitter:label1\" content=\"Escrito por\" \/>\n\t<meta name=\"twitter:data1\" content=\"Marcelo Lopes\" \/>\n\t<meta name=\"twitter:label2\" content=\"Est. tempo de leitura\" \/>\n\t<meta name=\"twitter:data2\" content=\"2 minutos\" \/>\n<script type=\"application\/ld+json\" class=\"yoast-schema-graph\">{\"@context\":\"https:\\\/\\\/schema.org\",\"@graph\":[{\"@type\":\"NewsArticle\",\"@id\":\"https:\\\/\\\/marcelolopes.jor.br\\\/site\\\/2020\\\/04\\\/26\\\/prefeitura-de-vicosa-tem-queda-na-receita-e-suspende-servicos\\\/#article\",\"isPartOf\":{\"@id\":\"https:\\\/\\\/marcelolopes.jor.br\\\/site\\\/2020\\\/04\\\/26\\\/prefeitura-de-vicosa-tem-queda-na-receita-e-suspende-servicos\\\/\"},\"author\":{\"name\":\"Marcelo Lopes\",\"@id\":\"https:\\\/\\\/marcelolopes.jor.br\\\/site\\\/#\\\/schema\\\/person\\\/3e7216a35c34d8fdf952b31da3d1f89f\"},\"headline\":\"Prefeitura de Vi\u00e7osa tem queda na receita e suspende servi\u00e7os\",\"datePublished\":\"2020-04-26T22:00:15+00:00\",\"mainEntityOfPage\":{\"@id\":\"https:\\\/\\\/marcelolopes.jor.br\\\/site\\\/2020\\\/04\\\/26\\\/prefeitura-de-vicosa-tem-queda-na-receita-e-suspende-servicos\\\/\"},\"wordCount\":342,\"commentCount\":0,\"publisher\":{\"@id\":\"https:\\\/\\\/marcelolopes.jor.br\\\/site\\\/#organization\"},\"image\":{\"@id\":\"https:\\\/\\\/marcelolopes.jor.br\\\/site\\\/2020\\\/04\\\/26\\\/prefeitura-de-vicosa-tem-queda-na-receita-e-suspende-servicos\\\/#primaryimage\"},\"thumbnailUrl\":\"https:\\\/\\\/marcelolopes.jor.br\\\/site\\\/wp-content\\\/uploads\\\/2020\\\/04\\\/Centro-Administrativo-da-Prefeitura-de-Vi\u00e7osa.jpg\",\"keywords\":[\"arrecada\u00e7\u00e3o\",\"corte de despesa\",\"impostos\",\"prefeitura de Vi\u00e7osa\"],\"articleSection\":[\"Not\u00edcias\"],\"inLanguage\":\"pt-BR\",\"potentialAction\":[{\"@type\":\"CommentAction\",\"name\":\"Comment\",\"target\":[\"https:\\\/\\\/marcelolopes.jor.br\\\/site\\\/2020\\\/04\\\/26\\\/prefeitura-de-vicosa-tem-queda-na-receita-e-suspende-servicos\\\/#respond\"]}]},{\"@type\":\"WebPage\",\"@id\":\"https:\\\/\\\/marcelolopes.jor.br\\\/site\\\/2020\\\/04\\\/26\\\/prefeitura-de-vicosa-tem-queda-na-receita-e-suspende-servicos\\\/\",\"url\":\"https:\\\/\\\/marcelolopes.jor.br\\\/site\\\/2020\\\/04\\\/26\\\/prefeitura-de-vicosa-tem-queda-na-receita-e-suspende-servicos\\\/\",\"name\":\"Prefeitura de Vi\u00e7osa tem queda na receita e suspende servi\u00e7os | Marcelo Lopes\",\"isPartOf\":{\"@id\":\"https:\\\/\\\/marcelolopes.jor.br\\\/site\\\/#website\"},\"primaryImageOfPage\":{\"@id\":\"https:\\\/\\\/marcelolopes.jor.br\\\/site\\\/2020\\\/04\\\/26\\\/prefeitura-de-vicosa-tem-queda-na-receita-e-suspende-servicos\\\/#primaryimage\"},\"image\":{\"@id\":\"https:\\\/\\\/marcelolopes.jor.br\\\/site\\\/2020\\\/04\\\/26\\\/prefeitura-de-vicosa-tem-queda-na-receita-e-suspende-servicos\\\/#primaryimage\"},\"thumbnailUrl\":\"https:\\\/\\\/marcelolopes.jor.br\\\/site\\\/wp-content\\\/uploads\\\/2020\\\/04\\\/Centro-Administrativo-da-Prefeitura-de-Vi\u00e7osa.jpg\",\"datePublished\":\"2020-04-26T22:00:15+00:00\",\"breadcrumb\":{\"@id\":\"https:\\\/\\\/marcelolopes.jor.br\\\/site\\\/2020\\\/04\\\/26\\\/prefeitura-de-vicosa-tem-queda-na-receita-e-suspende-servicos\\\/#breadcrumb\"},\"inLanguage\":\"pt-BR\",\"potentialAction\":[{\"@type\":\"ReadAction\",\"target\":[\"https:\\\/\\\/marcelolopes.jor.br\\\/site\\\/2020\\\/04\\\/26\\\/prefeitura-de-vicosa-tem-queda-na-receita-e-suspende-servicos\\\/\"]}]},{\"@type\":\"ImageObject\",\"inLanguage\":\"pt-BR\",\"@id\":\"https:\\\/\\\/marcelolopes.jor.br\\\/site\\\/2020\\\/04\\\/26\\\/prefeitura-de-vicosa-tem-queda-na-receita-e-suspende-servicos\\\/#primaryimage\",\"url\":\"https:\\\/\\\/marcelolopes.jor.br\\\/site\\\/wp-content\\\/uploads\\\/2020\\\/04\\\/Centro-Administrativo-da-Prefeitura-de-Vi\u00e7osa.jpg\",\"contentUrl\":\"https:\\\/\\\/marcelolopes.jor.br\\\/site\\\/wp-content\\\/uploads\\\/2020\\\/04\\\/Centro-Administrativo-da-Prefeitura-de-Vi\u00e7osa.jpg\",\"width\":2048,\"height\":1536},{\"@type\":\"BreadcrumbList\",\"@id\":\"https:\\\/\\\/marcelolopes.jor.br\\\/site\\\/2020\\\/04\\\/26\\\/prefeitura-de-vicosa-tem-queda-na-receita-e-suspende-servicos\\\/#breadcrumb\",\"itemListElement\":[{\"@type\":\"ListItem\",\"position\":1,\"name\":\"Home\",\"item\":\"https:\\\/\\\/marcelolopes.jor.br\\\/site\\\/\"},{\"@type\":\"ListItem\",\"position\":2,\"name\":\"Prefeitura de Vi\u00e7osa tem queda na receita e suspende servi\u00e7os\"}]},{\"@type\":\"WebSite\",\"@id\":\"https:\\\/\\\/marcelolopes.jor.br\\\/site\\\/#website\",\"url\":\"https:\\\/\\\/marcelolopes.jor.br\\\/site\\\/\",\"name\":\"Marcelo Lopes\",\"description\":\"Not\u00edcias de Cataguases e Regi\u00e3o\",\"publisher\":{\"@id\":\"https:\\\/\\\/marcelolopes.jor.br\\\/site\\\/#organization\"},\"potentialAction\":[{\"@type\":\"SearchAction\",\"target\":{\"@type\":\"EntryPoint\",\"urlTemplate\":\"https:\\\/\\\/marcelolopes.jor.br\\\/site\\\/?s={search_term_string}\"},\"query-input\":{\"@type\":\"PropertyValueSpecification\",\"valueRequired\":true,\"valueName\":\"search_term_string\"}}],\"inLanguage\":\"pt-BR\"},{\"@type\":\"Organization\",\"@id\":\"https:\\\/\\\/marcelolopes.jor.br\\\/site\\\/#organization\",\"name\":\"Site do Marcelo Lopes\",\"url\":\"https:\\\/\\\/marcelolopes.jor.br\\\/site\\\/\",\"logo\":{\"@type\":\"ImageObject\",\"inLanguage\":\"pt-BR\",\"@id\":\"https:\\\/\\\/marcelolopes.jor.br\\\/site\\\/#\\\/schema\\\/logo\\\/image\\\/\",\"url\":\"https:\\\/\\\/marcelolopes.jor.br\\\/site\\\/wp-content\\\/uploads\\\/2024\\\/11\\\/logo-1.png\",\"contentUrl\":\"https:\\\/\\\/marcelolopes.jor.br\\\/site\\\/wp-content\\\/uploads\\\/2024\\\/11\\\/logo-1.png\",\"width\":475,\"height\":80,\"caption\":\"Site do Marcelo Lopes\"},\"image\":{\"@id\":\"https:\\\/\\\/marcelolopes.jor.br\\\/site\\\/#\\\/schema\\\/logo\\\/image\\\/\"},\"sameAs\":[\"https:\\\/\\\/www.facebook.com\\\/sitedomarcelolopes\",\"https:\\\/\\\/www.instagram.com\\\/sitedomarcelolopes\\\/\",\"https:\\\/\\\/www.linkedin.com\\\/company\\\/site-do-marcelo-lopes\\\/\",\"https:\\\/\\\/www.youtube.com\\\/user\\\/marcelolopes957\"]},{\"@type\":\"Person\",\"@id\":\"https:\\\/\\\/marcelolopes.jor.br\\\/site\\\/#\\\/schema\\\/person\\\/3e7216a35c34d8fdf952b31da3d1f89f\",\"name\":\"Marcelo Lopes\",\"sameAs\":[\"http:\\\/\\\/www.marcelolopes.jor.br\"],\"url\":\"https:\\\/\\\/marcelolopes.jor.br\\\/site\\\/author\\\/marcelo\\\/\"}]}<\/script>\n<!-- \/ Yoast SEO plugin. -->","yoast_head_json":{"title":"Prefeitura de Vi\u00e7osa tem queda na receita e suspende servi\u00e7os | Marcelo Lopes","robots":{"index":"index","follow":"follow","max-snippet":"max-snippet:-1","max-image-preview":"max-image-preview:large","max-video-preview":"max-video-preview:-1"},"canonical":"https:\/\/marcelolopes.jor.br\/site\/2020\/04\/26\/prefeitura-de-vicosa-tem-queda-na-receita-e-suspende-servicos\/","og_locale":"pt_BR","og_type":"article","og_title":"Prefeitura de Vi\u00e7osa tem queda na receita e suspende servi\u00e7os | Marcelo Lopes","og_description":"A pandemia do novo coronav\u00edrus afetou a arrecada\u00e7\u00e3o municipal. No \u00faltimo m\u00eas, de acordo com a secretaria de Fazenda, a queda na arrecada\u00e7\u00e3o municipal foi cerca de 2 milh\u00f5es de reais. O recurso vinha do pagamento de impostos e tributos,Leia mais Prefeitura de Vi\u00e7osa tem queda na receita e suspende servi\u00e7os","og_url":"https:\/\/marcelolopes.jor.br\/site\/2020\/04\/26\/prefeitura-de-vicosa-tem-queda-na-receita-e-suspende-servicos\/","og_site_name":"Marcelo Lopes","article_publisher":"https:\/\/www.facebook.com\/sitedomarcelolopes","article_published_time":"2020-04-26T22:00:15+00:00","og_image":[{"width":2048,"height":1536,"url":"https:\/\/marcelolopes.jor.br\/site\/wp-content\/uploads\/2020\/04\/Centro-Administrativo-da-Prefeitura-de-Vi\u00e7osa.jpg","type":"image\/jpeg"}],"author":"Marcelo Lopes","twitter_card":"summary_large_image","twitter_misc":{"Escrito por":"Marcelo Lopes","Est. tempo de leitura":"2 minutos"},"schema":{"@context":"https:\/\/schema.org","@graph":[{"@type":"NewsArticle","@id":"https:\/\/marcelolopes.jor.br\/site\/2020\/04\/26\/prefeitura-de-vicosa-tem-queda-na-receita-e-suspende-servicos\/#article","isPartOf":{"@id":"https:\/\/marcelolopes.jor.br\/site\/2020\/04\/26\/prefeitura-de-vicosa-tem-queda-na-receita-e-suspende-servicos\/"},"author":{"name":"Marcelo Lopes","@id":"https:\/\/marcelolopes.jor.br\/site\/#\/schema\/person\/3e7216a35c34d8fdf952b31da3d1f89f"},"headline":"Prefeitura de Vi\u00e7osa tem queda na receita e suspende servi\u00e7os","datePublished":"2020-04-26T22:00:15+00:00","mainEntityOfPage":{"@id":"https:\/\/marcelolopes.jor.br\/site\/2020\/04\/26\/prefeitura-de-vicosa-tem-queda-na-receita-e-suspende-servicos\/"},"wordCount":342,"commentCount":0,"publisher":{"@id":"https:\/\/marcelolopes.jor.br\/site\/#organization"},"image":{"@id":"https:\/\/marcelolopes.jor.br\/site\/2020\/04\/26\/prefeitura-de-vicosa-tem-queda-na-receita-e-suspende-servicos\/#primaryimage"},"thumbnailUrl":"https:\/\/marcelolopes.jor.br\/site\/wp-content\/uploads\/2020\/04\/Centro-Administrativo-da-Prefeitura-de-Vi\u00e7osa.jpg","keywords":["arrecada\u00e7\u00e3o","corte de despesa","impostos","prefeitura de Vi\u00e7osa"],"articleSection":["Not\u00edcias"],"inLanguage":"pt-BR","potentialAction":[{"@type":"CommentAction","name":"Comment","target":["https:\/\/marcelolopes.jor.br\/site\/2020\/04\/26\/prefeitura-de-vicosa-tem-queda-na-receita-e-suspende-servicos\/#respond"]}]},{"@type":"WebPage","@id":"https:\/\/marcelolopes.jor.br\/site\/2020\/04\/26\/prefeitura-de-vicosa-tem-queda-na-receita-e-suspende-servicos\/","url":"https:\/\/marcelolopes.jor.br\/site\/2020\/04\/26\/prefeitura-de-vicosa-tem-queda-na-receita-e-suspende-servicos\/","name":"Prefeitura de Vi\u00e7osa tem queda na receita e suspende servi\u00e7os | Marcelo Lopes","isPartOf":{"@id":"https:\/\/marcelolopes.jor.br\/site\/#website"},"primaryImageOfPage":{"@id":"https:\/\/marcelolopes.jor.br\/site\/2020\/04\/26\/prefeitura-de-vicosa-tem-queda-na-receita-e-suspende-servicos\/#primaryimage"},"image":{"@id":"https:\/\/marcelolopes.jor.br\/site\/2020\/04\/26\/prefeitura-de-vicosa-tem-queda-na-receita-e-suspende-servicos\/#primaryimage"},"thumbnailUrl":"https:\/\/marcelolopes.jor.br\/site\/wp-content\/uploads\/2020\/04\/Centro-Administrativo-da-Prefeitura-de-Vi\u00e7osa.jpg","datePublished":"2020-04-26T22:00:15+00:00","breadcrumb":{"@id":"https:\/\/marcelolopes.jor.br\/site\/2020\/04\/26\/prefeitura-de-vicosa-tem-queda-na-receita-e-suspende-servicos\/#breadcrumb"},"inLanguage":"pt-BR","potentialAction":[{"@type":"ReadAction","target":["https:\/\/marcelolopes.jor.br\/site\/2020\/04\/26\/prefeitura-de-vicosa-tem-queda-na-receita-e-suspende-servicos\/"]}]},{"@type":"ImageObject","inLanguage":"pt-BR","@id":"https:\/\/marcelolopes.jor.br\/site\/2020\/04\/26\/prefeitura-de-vicosa-tem-queda-na-receita-e-suspende-servicos\/#primaryimage","url":"https:\/\/marcelolopes.jor.br\/site\/wp-content\/uploads\/2020\/04\/Centro-Administrativo-da-Prefeitura-de-Vi\u00e7osa.jpg","contentUrl":"https:\/\/marcelolopes.jor.br\/site\/wp-content\/uploads\/2020\/04\/Centro-Administrativo-da-Prefeitura-de-Vi\u00e7osa.jpg","width":2048,"height":1536},{"@type":"BreadcrumbList","@id":"https:\/\/marcelolopes.jor.br\/site\/2020\/04\/26\/prefeitura-de-vicosa-tem-queda-na-receita-e-suspende-servicos\/#breadcrumb","itemListElement":[{"@type":"ListItem","position":1,"name":"Home","item":"https:\/\/marcelolopes.jor.br\/site\/"},{"@type":"ListItem","position":2,"name":"Prefeitura de Vi\u00e7osa tem queda na receita e suspende servi\u00e7os"}]},{"@type":"WebSite","@id":"https:\/\/marcelolopes.jor.br\/site\/#website","url":"https:\/\/marcelolopes.jor.br\/site\/","name":"Marcelo Lopes","description":"Not\u00edcias de Cataguases e Regi\u00e3o","publisher":{"@id":"https:\/\/marcelolopes.jor.br\/site\/#organization"},"potentialAction":[{"@type":"SearchAction","target":{"@type":"EntryPoint","urlTemplate":"https:\/\/marcelolopes.jor.br\/site\/?s={search_term_string}"},"query-input":{"@type":"PropertyValueSpecification","valueRequired":true,"valueName":"search_term_string"}}],"inLanguage":"pt-BR"},{"@type":"Organization","@id":"https:\/\/marcelolopes.jor.br\/site\/#organization","name":"Site do Marcelo Lopes","url":"https:\/\/marcelolopes.jor.br\/site\/","logo":{"@type":"ImageObject","inLanguage":"pt-BR","@id":"https:\/\/marcelolopes.jor.br\/site\/#\/schema\/logo\/image\/","url":"https:\/\/marcelolopes.jor.br\/site\/wp-content\/uploads\/2024\/11\/logo-1.png","contentUrl":"https:\/\/marcelolopes.jor.br\/site\/wp-content\/uploads\/2024\/11\/logo-1.png","width":475,"height":80,"caption":"Site do Marcelo Lopes"},"image":{"@id":"https:\/\/marcelolopes.jor.br\/site\/#\/schema\/logo\/image\/"},"sameAs":["https:\/\/www.facebook.com\/sitedomarcelolopes","https:\/\/www.instagram.com\/sitedomarcelolopes\/","https:\/\/www.linkedin.com\/company\/site-do-marcelo-lopes\/","https:\/\/www.youtube.com\/user\/marcelolopes957"]},{"@type":"Person","@id":"https:\/\/marcelolopes.jor.br\/site\/#\/schema\/person\/3e7216a35c34d8fdf952b31da3d1f89f","name":"Marcelo Lopes","sameAs":["http:\/\/www.marcelolopes.jor.br"],"url":"https:\/\/marcelolopes.jor.br\/site\/author\/marcelo\/"}]}},"wps_subtitle":"Arrecada\u00e7\u00e3o do munic\u00edpio foi de cerca de R$ 2 milh\u00f5es, informou o prefeito.","_links":{"self":[{"href":"https:\/\/marcelolopes.jor.br\/site\/wp-json\/wp\/v2\/posts\/13795","targetHints":{"allow":["GET"]}}],"collection":[{"href":"https:\/\/marcelolopes.jor.br\/site\/wp-json\/wp\/v2\/posts"}],"about":[{"href":"https:\/\/marcelolopes.jor.br\/site\/wp-json\/wp\/v2\/types\/post"}],"author":[{"embeddable":true,"href":"https:\/\/marcelolopes.jor.br\/site\/wp-json\/wp\/v2\/users\/2"}],"replies":[{"embeddable":true,"href":"https:\/\/marcelolopes.jor.br\/site\/wp-json\/wp\/v2\/comments?post=13795"}],"version-history":[{"count":0,"href":"https:\/\/marcelolopes.jor.br\/site\/wp-json\/wp\/v2\/posts\/13795\/revisions"}],"wp:featuredmedia":[{"embeddable":true,"href":"https:\/\/marcelolopes.jor.br\/site\/wp-json\/wp\/v2\/media\/13797"}],"wp:attachment":[{"href":"https:\/\/marcelolopes.jor.br\/site\/wp-json\/wp\/v2\/media?parent=13795"}],"wp:term":[{"taxonomy":"category","embeddable":true,"href":"https:\/\/marcelolopes.jor.br\/site\/wp-json\/wp\/v2\/categories?post=13795"},{"taxonomy":"post_tag","embeddable":true,"href":"https:\/\/marcelolopes.jor.br\/site\/wp-json\/wp\/v2\/tags?post=13795"}],"curies":[{"name":"wp","href":"https:\/\/api.w.org\/{rel}","templated":true}]}}