{"id":13786,"date":"2020-04-25T19:00:42","date_gmt":"2020-04-25T22:00:42","guid":{"rendered":"https:\/\/marcelolopes.jor.br\/?p=13786"},"modified":"2020-04-25T18:01:41","modified_gmt":"2020-04-25T21:01:41","slug":"casa-de-caridade-leopoldinense-pede-ajuda-aos-governantes","status":"publish","type":"post","link":"https:\/\/marcelolopes.jor.br\/site\/2020\/04\/25\/casa-de-caridade-leopoldinense-pede-ajuda-aos-governantes\/","title":{"rendered":"Casa de Caridade Leopoldinense pede ajuda aos governantes"},"content":{"rendered":"<p style=\"text-align: justify;\">A Casa de Caridade Leopoldinense, situada em Leopoldina e refer\u00eancia no atendimento aos moradores tamb\u00e9m dos munic\u00edpios de Argirita, Recreio, Palma e Laranjal, divulgou na manh\u00e3 deste s\u00e1bado, 25 de abril, uma &#8220;Carta Aberta&#8221; direcionada aos Governos Federal, Estadual e Municipal. O texto conclama aquelas autoridades a tomarem novas provid\u00eancias no sentido de sanar sua necessidade por insumos e equipamentos, visando dar \u00e0quele hospital condi\u00e7\u00f5es de enfrentar a pandemia provocada pelo novo coronav\u00edrus.<!--more--><\/p>\n<p style=\"text-align: justify;\">A Carta, assinada pela Provedora Vera Maria do Valle Pires, informa que a Casa de Caridade Leopoldinense (CCL) possui 92 leitos dos quais 70% est\u00e3o ocupados. O mais grave, por\u00e9m, ainda conforme o texto, \u00e9 que a taxa de ocupa\u00e7\u00e3o do Centro de Tratamento Intensivo (CTI) atualmente \u00e9 maior do que sua capacidade, alcan\u00e7ando a preocupante marca de 116%, o que deixa a dire\u00e7\u00e3o da entidade &#8220;apreensiva&#8221;. O texto cita o recente repasse de mais de R$ 400 mil feitos pela C\u00e2mara Municipal e Prefeitura, para dizer ser &#8220;necess\u00e1rio que o hospital receba mais aux\u00edlio para que efetivamente esteja preparado&#8221; (para o atendimento \u00e0s v\u00edtimas da pandemia).<\/p>\n<p style=\"text-align: justify;\">O texto que pede uma &#8220;resposta urgente&#8221; das autoridades ao seu clamor, tamb\u00e9m revela que a CCL s\u00f3 vai conseguir &#8220;evitar um quadro ca\u00f3tico e o agravamento dos problemas enfrentados&#8221; decorrentes da &#8220;car\u00eancia de recursos&#8221;, caso os &#8220;\u00f3rg\u00e3os gestores da sa\u00fade (adote) a\u00e7\u00f5es imediatas e concretas para sanar as defici\u00eancias na unidade hospitalar filantr\u00f3pica que possibilite a aquisi\u00e7\u00e3o de medicamentos, insumos, EPIs e equipamentos&#8221;, finaliza o texto.<\/p>\n<p style=\"text-align: justify;\"><strong>Leia a \u00edntegra da Carta Aberta abaixo.<\/strong><\/p>\n<p style=\"text-align: center;\"><em>CARTA ABERTA DA CASA DE CARIDADE LEOPOLDINENSE CONCLAMANDO AOS GOVERNOS FEDERAL, ESTADUAL E MUNICIPAL A TOMAREM MAIORES PROVID\u00caNCIAS DIANTE DA NECESSIDADE DE INSUMOS E EQUIPAMENTOS PARA O HOSPITAL DE LEOPOLDINA ENFRENTAR A PANDEMIA DE COVID-19.<\/em><\/p>\n<p style=\"text-align: center;\"><em>O sistema de sa\u00fade de Leopoldina tem na Casa de Caridade Leopoldinense o seu maior pilar h\u00e1 mais de cem anos. S\u00e3o anos de presta\u00e7\u00e3o de servi\u00e7os hospitalares e de sa\u00fade aos 51 mil leopoldinenses e a toda regi\u00e3o (Argirita, Palma, Recreio e Laranjal). A grande maioria dessa popula\u00e7\u00e3o \u00e9 composta por pessoas que necessitam exclusivamente dos servi\u00e7os do SUS.<\/em><\/p>\n<p style=\"text-align: center;\"><em>\u00c9 not\u00f3ria a necessidade face a pandemia do COVID19 de que o hospital seja devidamente preparado com insumos, medicamentos, respiradores, EPIs e outros, para que possa ter totais condi\u00e7\u00f5es de atender todos os pacientes que necessitarem de interna\u00e7\u00e3o.<\/em><\/p>\n<p style=\"text-align: center;\"><em>Ademais, como \u00e9 de conhecimento do Munic\u00edpio, que inclusive j\u00e1 usou os dados em a\u00e7\u00e3o judicial, hoje a Casa de Caridade Leopoldinense possui 92 leitos, estando com uma taxa de ocupa\u00e7\u00e3o de 70%. A taxa de ocupa\u00e7\u00e3o de nosso CTI \u00e9 de 116%, portanto apesar do reconhecido esfor\u00e7o do Prefeito Municipal e da C\u00e2mara de Vereadores que repassaram 431 mil reais para compra de respiradores \u00e9 necess\u00e1rio que o hospital receba mais auxilio para que efetivamente esteja preparado.<\/em><\/p>\n<p style=\"text-align: center;\"><em>Dentre a enorme problem\u00e1tica hospitalar para o enfrentamento do Covid-19, como o risco de superlota\u00e7\u00e3o da unidade com falta de leitos e insumos, merece destaque, em momentos como o atual, em que uma pandemia assola o Brasil e o mundo, a necessidade de um esfor\u00e7o maior dos Poderes Federal, Estadual e Municipal para que al\u00e9m dos respiradores a Casa de Caridade Leopoldinense possua os demais equipamentos e insumos necess\u00e1rios ao completo enfrentamento da doen\u00e7a.<\/em><\/p>\n<p style=\"text-align: center;\"><em>A j\u00e1 conhecida precariza\u00e7\u00e3o da sa\u00fade p\u00fablica, com o desmantelamento de servi\u00e7os, a superlota\u00e7\u00e3o das unidades de atendimento, escassez de profissionais, falta de materiais e medicamentos, inefic\u00e1cia da assist\u00eancia, descaso e desrespeito com o m\u00e9dico e com a sociedade, que vem ocorrendo no decorrer do tempo, nesse momento n\u00e3o pode ocorrer. O isolamento social sozinho n\u00e3o resolver\u00e1 o combate a pandemia se o nosso hospital n\u00e3o tiver preparado para receber devidamente os pacientes com coronav\u00edrus.<\/em><\/p>\n<p style=\"text-align: center;\"><em>Para evitar que tenhamos um quadro ca\u00f3tico e o agravamento dos problemas enfrentados pela Casa de Caridade Leopoldinense ao longo de sua hist\u00f3ria, Casa de Caridade Leopoldinense, face a car\u00eancia de recursos necess\u00e1rios, a Casa de Caridade Leopoldinense vem a p\u00fablico cobrar dos \u00f3rg\u00e3os gestores da sa\u00fade a\u00e7\u00f5es imediatas e concretas para sanar as defici\u00eancias na unidade hospitalar filantr\u00f3pica que possibilite a aquisi\u00e7\u00e3o de medicamentos, insumos, EPIs e equipamentos.<\/em><\/p>\n<p style=\"text-align: center;\"><em>Por fim, esperamos uma resposta \u201curgente\u201d dos gestores e contar com o apoio do Minist\u00e9rio P\u00fablico e da sociedade leopoldinense para que juntos possamos continuar trabalhando e, principalmente, alcan\u00e7ando um resultado positivo com esse trabalho, garantindo aos m\u00e9dicos condi\u00e7\u00f5es dignas de atender \u00e0 popula\u00e7\u00e3o. A sa\u00fade e o hospital n\u00e3o podem ser negligenciados.<\/em><\/p>\n<p style=\"text-align: center;\"><em>Leopoldina, 25 de abril de 2020.<\/em><\/p>\n<p style=\"text-align: center;\"><em>Vera Maria do Valle Pires<\/em><br \/>\n<em>Provedora<\/em><\/p>\n<p style=\"text-align: justify;\">Fonte e foto: Jornal O Vigilante Online<\/p>\n<div class=\"fmzcd69f72f0257202\" ><br><\/div><style type=\"text\/css\">\r\n@media screen and (min-width: 1201px) {\r\n.fmzcd69f72f0257202 {\r\ndisplay: block;\r\n}\r\n}\r\n@media screen and (min-width: 993px) and (max-width: 1200px) {\r\n.fmzcd69f72f0257202 {\r\ndisplay: block;\r\n}\r\n}\r\n@media screen and (min-width: 769px) and (max-width: 992px) {\r\n.fmzcd69f72f0257202 {\r\ndisplay: block;\r\n}\r\n}\r\n@media screen and (min-width: 768px) and (max-width: 768px) {\r\n.fmzcd69f72f0257202 {\r\ndisplay: block;\r\n}\r\n}\r\n@media screen and (max-width: 767px) {\r\n.fmzcd69f72f0257202 {\r\ndisplay: block;\r\n}\r\n}\r\n<\/style>\r\n<div class=\"svmdf69f72f025c70c\" ><div id=\"div_destino\"><\/div>\r\n<script src=\"https:\/\/cdn.snsrsv.com\/sdk.js\"><\/script>\r\n<script >\r\n      new sdk(\"464030C30061EA8BE065000000000001\") \r\n          .appendTo(\"div_destino\")\r\n          .disableStyle(true) \r\n          .setCacheBusterMacro(\"%%CACHEBUSTER%%\")\r\n          .setSize(\"800\",\"214\")\r\n          .setClickMacro(\"%%CLICK_URL_ESC%%\") \r\n          .setReferrerUrlMacro(\"%%REFERRER_URL_ESC%%\") \r\n          .start(); \r\n<\/script><\/div><style type=\"text\/css\">\r\n@media screen and (min-width: 1201px) {\r\n.svmdf69f72f025c70c {\r\ndisplay: block;\r\n}\r\n}\r\n@media screen and (min-width: 993px) and (max-width: 1200px) {\r\n.svmdf69f72f025c70c {\r\ndisplay: block;\r\n}\r\n}\r\n@media screen and (min-width: 769px) and (max-width: 992px) {\r\n.svmdf69f72f025c70c {\r\ndisplay: block;\r\n}\r\n}\r\n@media screen and (min-width: 768px) and (max-width: 768px) {\r\n.svmdf69f72f025c70c {\r\ndisplay: block;\r\n}\r\n}\r\n@media screen and (max-width: 767px) {\r\n.svmdf69f72f025c70c {\r\ndisplay: block;\r\n}\r\n}\r\n<\/style>\r\n","protected":false},"excerpt":{"rendered":"<p>A Casa de Caridade Leopoldinense, situada em Leopoldina e refer\u00eancia no atendimento aos moradores tamb\u00e9m dos munic\u00edpios de Argirita, Recreio, Palma e Laranjal, divulgou na manh\u00e3 deste s\u00e1bado, 25 de abril, uma &#8220;Carta Aberta&#8221; direcionada aos Governos Federal, Estadual e<\/p>\n<p class=\"link-more\"><a class=\"more-link\" href=\"https:\/\/marcelolopes.jor.br\/site\/2020\/04\/25\/casa-de-caridade-leopoldinense-pede-ajuda-aos-governantes\/\">Leia mais <span class=\"screen-reader-text\">Casa de Caridade Leopoldinense pede ajuda aos governantes<\/span><\/a><\/p>\n","protected":false},"author":2,"featured_media":13788,"comment_status":"open","ping_status":"open","sticky":false,"template":"","format":"standard","meta":{"footnotes":""},"categories":[1],"tags":[79,2312,2407,2364],"class_list":["post-13786","post","type-post","status-publish","format-standard","has-post-thumbnail","hentry","category-noticias","tag-carta-aberta","tag-casa-de-caridade-leopoldinense","tag-falta-de-recursos","tag-respiradores","thumb-below-title"],"yoast_head":"<!-- This site is optimized with the Yoast SEO plugin v27.4 - https:\/\/yoast.com\/product\/yoast-seo-wordpress\/ -->\n<title>Casa de Caridade Leopoldinense pede ajuda aos governantes | Marcelo Lopes<\/title>\n<meta name=\"robots\" content=\"index, follow, max-snippet:-1, max-image-preview:large, max-video-preview:-1\" \/>\n<link rel=\"canonical\" href=\"https:\/\/marcelolopes.jor.br\/site\/2020\/04\/25\/casa-de-caridade-leopoldinense-pede-ajuda-aos-governantes\/\" \/>\n<meta property=\"og:locale\" content=\"pt_BR\" \/>\n<meta property=\"og:type\" content=\"article\" \/>\n<meta property=\"og:title\" content=\"Casa de Caridade Leopoldinense pede ajuda aos governantes | Marcelo Lopes\" \/>\n<meta property=\"og:description\" content=\"A Casa de Caridade Leopoldinense, situada em Leopoldina e refer\u00eancia no atendimento aos moradores tamb\u00e9m dos munic\u00edpios de Argirita, Recreio, Palma e Laranjal, divulgou na manh\u00e3 deste s\u00e1bado, 25 de abril, uma &#8220;Carta Aberta&#8221; direcionada aos Governos Federal, Estadual eLeia mais Casa de Caridade Leopoldinense pede ajuda aos governantes\" \/>\n<meta property=\"og:url\" content=\"https:\/\/marcelolopes.jor.br\/site\/2020\/04\/25\/casa-de-caridade-leopoldinense-pede-ajuda-aos-governantes\/\" \/>\n<meta property=\"og:site_name\" content=\"Marcelo Lopes\" \/>\n<meta property=\"article:publisher\" content=\"https:\/\/www.facebook.com\/sitedomarcelolopes\" \/>\n<meta property=\"article:published_time\" content=\"2020-04-25T22:00:42+00:00\" \/>\n<meta property=\"og:image\" content=\"https:\/\/marcelolopes.jor.br\/site\/wp-content\/uploads\/2020\/04\/e52231f9089a48aea775d647fa79076e.jpg\" \/>\n\t<meta property=\"og:image:width\" content=\"900\" \/>\n\t<meta property=\"og:image:height\" content=\"500\" \/>\n\t<meta property=\"og:image:type\" content=\"image\/jpeg\" \/>\n<meta name=\"author\" content=\"Marcelo Lopes\" \/>\n<meta name=\"twitter:card\" content=\"summary_large_image\" \/>\n<meta name=\"twitter:label1\" content=\"Escrito por\" \/>\n\t<meta name=\"twitter:data1\" content=\"Marcelo Lopes\" \/>\n\t<meta name=\"twitter:label2\" content=\"Est. tempo de leitura\" \/>\n\t<meta name=\"twitter:data2\" content=\"4 minutos\" \/>\n<script type=\"application\/ld+json\" class=\"yoast-schema-graph\">{\"@context\":\"https:\\\/\\\/schema.org\",\"@graph\":[{\"@type\":\"NewsArticle\",\"@id\":\"https:\\\/\\\/marcelolopes.jor.br\\\/site\\\/2020\\\/04\\\/25\\\/casa-de-caridade-leopoldinense-pede-ajuda-aos-governantes\\\/#article\",\"isPartOf\":{\"@id\":\"https:\\\/\\\/marcelolopes.jor.br\\\/site\\\/2020\\\/04\\\/25\\\/casa-de-caridade-leopoldinense-pede-ajuda-aos-governantes\\\/\"},\"author\":{\"name\":\"Marcelo Lopes\",\"@id\":\"https:\\\/\\\/marcelolopes.jor.br\\\/site\\\/#\\\/schema\\\/person\\\/3e7216a35c34d8fdf952b31da3d1f89f\"},\"headline\":\"Casa de Caridade Leopoldinense pede ajuda aos governantes\",\"datePublished\":\"2020-04-25T22:00:42+00:00\",\"mainEntityOfPage\":{\"@id\":\"https:\\\/\\\/marcelolopes.jor.br\\\/site\\\/2020\\\/04\\\/25\\\/casa-de-caridade-leopoldinense-pede-ajuda-aos-governantes\\\/\"},\"wordCount\":824,\"commentCount\":0,\"publisher\":{\"@id\":\"https:\\\/\\\/marcelolopes.jor.br\\\/site\\\/#organization\"},\"image\":{\"@id\":\"https:\\\/\\\/marcelolopes.jor.br\\\/site\\\/2020\\\/04\\\/25\\\/casa-de-caridade-leopoldinense-pede-ajuda-aos-governantes\\\/#primaryimage\"},\"thumbnailUrl\":\"https:\\\/\\\/marcelolopes.jor.br\\\/site\\\/wp-content\\\/uploads\\\/2020\\\/04\\\/e52231f9089a48aea775d647fa79076e.jpg\",\"keywords\":[\"Carta Aberta\",\"Casa de Caridade Leopoldinense\",\"falta de recursos\",\"respiradores\"],\"articleSection\":[\"Not\u00edcias\"],\"inLanguage\":\"pt-BR\",\"potentialAction\":[{\"@type\":\"CommentAction\",\"name\":\"Comment\",\"target\":[\"https:\\\/\\\/marcelolopes.jor.br\\\/site\\\/2020\\\/04\\\/25\\\/casa-de-caridade-leopoldinense-pede-ajuda-aos-governantes\\\/#respond\"]}]},{\"@type\":\"WebPage\",\"@id\":\"https:\\\/\\\/marcelolopes.jor.br\\\/site\\\/2020\\\/04\\\/25\\\/casa-de-caridade-leopoldinense-pede-ajuda-aos-governantes\\\/\",\"url\":\"https:\\\/\\\/marcelolopes.jor.br\\\/site\\\/2020\\\/04\\\/25\\\/casa-de-caridade-leopoldinense-pede-ajuda-aos-governantes\\\/\",\"name\":\"Casa de Caridade Leopoldinense pede ajuda aos governantes | Marcelo Lopes\",\"isPartOf\":{\"@id\":\"https:\\\/\\\/marcelolopes.jor.br\\\/site\\\/#website\"},\"primaryImageOfPage\":{\"@id\":\"https:\\\/\\\/marcelolopes.jor.br\\\/site\\\/2020\\\/04\\\/25\\\/casa-de-caridade-leopoldinense-pede-ajuda-aos-governantes\\\/#primaryimage\"},\"image\":{\"@id\":\"https:\\\/\\\/marcelolopes.jor.br\\\/site\\\/2020\\\/04\\\/25\\\/casa-de-caridade-leopoldinense-pede-ajuda-aos-governantes\\\/#primaryimage\"},\"thumbnailUrl\":\"https:\\\/\\\/marcelolopes.jor.br\\\/site\\\/wp-content\\\/uploads\\\/2020\\\/04\\\/e52231f9089a48aea775d647fa79076e.jpg\",\"datePublished\":\"2020-04-25T22:00:42+00:00\",\"breadcrumb\":{\"@id\":\"https:\\\/\\\/marcelolopes.jor.br\\\/site\\\/2020\\\/04\\\/25\\\/casa-de-caridade-leopoldinense-pede-ajuda-aos-governantes\\\/#breadcrumb\"},\"inLanguage\":\"pt-BR\",\"potentialAction\":[{\"@type\":\"ReadAction\",\"target\":[\"https:\\\/\\\/marcelolopes.jor.br\\\/site\\\/2020\\\/04\\\/25\\\/casa-de-caridade-leopoldinense-pede-ajuda-aos-governantes\\\/\"]}]},{\"@type\":\"ImageObject\",\"inLanguage\":\"pt-BR\",\"@id\":\"https:\\\/\\\/marcelolopes.jor.br\\\/site\\\/2020\\\/04\\\/25\\\/casa-de-caridade-leopoldinense-pede-ajuda-aos-governantes\\\/#primaryimage\",\"url\":\"https:\\\/\\\/marcelolopes.jor.br\\\/site\\\/wp-content\\\/uploads\\\/2020\\\/04\\\/e52231f9089a48aea775d647fa79076e.jpg\",\"contentUrl\":\"https:\\\/\\\/marcelolopes.jor.br\\\/site\\\/wp-content\\\/uploads\\\/2020\\\/04\\\/e52231f9089a48aea775d647fa79076e.jpg\",\"width\":900,\"height\":500},{\"@type\":\"BreadcrumbList\",\"@id\":\"https:\\\/\\\/marcelolopes.jor.br\\\/site\\\/2020\\\/04\\\/25\\\/casa-de-caridade-leopoldinense-pede-ajuda-aos-governantes\\\/#breadcrumb\",\"itemListElement\":[{\"@type\":\"ListItem\",\"position\":1,\"name\":\"Home\",\"item\":\"https:\\\/\\\/marcelolopes.jor.br\\\/site\\\/\"},{\"@type\":\"ListItem\",\"position\":2,\"name\":\"Casa de Caridade Leopoldinense pede ajuda aos governantes\"}]},{\"@type\":\"WebSite\",\"@id\":\"https:\\\/\\\/marcelolopes.jor.br\\\/site\\\/#website\",\"url\":\"https:\\\/\\\/marcelolopes.jor.br\\\/site\\\/\",\"name\":\"Marcelo Lopes\",\"description\":\"Not\u00edcias de Cataguases e Regi\u00e3o\",\"publisher\":{\"@id\":\"https:\\\/\\\/marcelolopes.jor.br\\\/site\\\/#organization\"},\"potentialAction\":[{\"@type\":\"SearchAction\",\"target\":{\"@type\":\"EntryPoint\",\"urlTemplate\":\"https:\\\/\\\/marcelolopes.jor.br\\\/site\\\/?s={search_term_string}\"},\"query-input\":{\"@type\":\"PropertyValueSpecification\",\"valueRequired\":true,\"valueName\":\"search_term_string\"}}],\"inLanguage\":\"pt-BR\"},{\"@type\":\"Organization\",\"@id\":\"https:\\\/\\\/marcelolopes.jor.br\\\/site\\\/#organization\",\"name\":\"Site do Marcelo Lopes\",\"url\":\"https:\\\/\\\/marcelolopes.jor.br\\\/site\\\/\",\"logo\":{\"@type\":\"ImageObject\",\"inLanguage\":\"pt-BR\",\"@id\":\"https:\\\/\\\/marcelolopes.jor.br\\\/site\\\/#\\\/schema\\\/logo\\\/image\\\/\",\"url\":\"https:\\\/\\\/marcelolopes.jor.br\\\/site\\\/wp-content\\\/uploads\\\/2024\\\/11\\\/logo-1.png\",\"contentUrl\":\"https:\\\/\\\/marcelolopes.jor.br\\\/site\\\/wp-content\\\/uploads\\\/2024\\\/11\\\/logo-1.png\",\"width\":475,\"height\":80,\"caption\":\"Site do Marcelo Lopes\"},\"image\":{\"@id\":\"https:\\\/\\\/marcelolopes.jor.br\\\/site\\\/#\\\/schema\\\/logo\\\/image\\\/\"},\"sameAs\":[\"https:\\\/\\\/www.facebook.com\\\/sitedomarcelolopes\",\"https:\\\/\\\/www.instagram.com\\\/sitedomarcelolopes\\\/\",\"https:\\\/\\\/www.linkedin.com\\\/company\\\/site-do-marcelo-lopes\\\/\",\"https:\\\/\\\/www.youtube.com\\\/user\\\/marcelolopes957\"]},{\"@type\":\"Person\",\"@id\":\"https:\\\/\\\/marcelolopes.jor.br\\\/site\\\/#\\\/schema\\\/person\\\/3e7216a35c34d8fdf952b31da3d1f89f\",\"name\":\"Marcelo Lopes\",\"sameAs\":[\"http:\\\/\\\/www.marcelolopes.jor.br\"],\"url\":\"https:\\\/\\\/marcelolopes.jor.br\\\/site\\\/author\\\/marcelo\\\/\"}]}<\/script>\n<!-- \/ Yoast SEO plugin. -->","yoast_head_json":{"title":"Casa de Caridade Leopoldinense pede ajuda aos governantes | Marcelo Lopes","robots":{"index":"index","follow":"follow","max-snippet":"max-snippet:-1","max-image-preview":"max-image-preview:large","max-video-preview":"max-video-preview:-1"},"canonical":"https:\/\/marcelolopes.jor.br\/site\/2020\/04\/25\/casa-de-caridade-leopoldinense-pede-ajuda-aos-governantes\/","og_locale":"pt_BR","og_type":"article","og_title":"Casa de Caridade Leopoldinense pede ajuda aos governantes | Marcelo Lopes","og_description":"A Casa de Caridade Leopoldinense, situada em Leopoldina e refer\u00eancia no atendimento aos moradores tamb\u00e9m dos munic\u00edpios de Argirita, Recreio, Palma e Laranjal, divulgou na manh\u00e3 deste s\u00e1bado, 25 de abril, uma &#8220;Carta Aberta&#8221; direcionada aos Governos Federal, Estadual eLeia mais Casa de Caridade Leopoldinense pede ajuda aos governantes","og_url":"https:\/\/marcelolopes.jor.br\/site\/2020\/04\/25\/casa-de-caridade-leopoldinense-pede-ajuda-aos-governantes\/","og_site_name":"Marcelo Lopes","article_publisher":"https:\/\/www.facebook.com\/sitedomarcelolopes","article_published_time":"2020-04-25T22:00:42+00:00","og_image":[{"width":900,"height":500,"url":"https:\/\/marcelolopes.jor.br\/site\/wp-content\/uploads\/2020\/04\/e52231f9089a48aea775d647fa79076e.jpg","type":"image\/jpeg"}],"author":"Marcelo Lopes","twitter_card":"summary_large_image","twitter_misc":{"Escrito por":"Marcelo Lopes","Est. tempo de leitura":"4 minutos"},"schema":{"@context":"https:\/\/schema.org","@graph":[{"@type":"NewsArticle","@id":"https:\/\/marcelolopes.jor.br\/site\/2020\/04\/25\/casa-de-caridade-leopoldinense-pede-ajuda-aos-governantes\/#article","isPartOf":{"@id":"https:\/\/marcelolopes.jor.br\/site\/2020\/04\/25\/casa-de-caridade-leopoldinense-pede-ajuda-aos-governantes\/"},"author":{"name":"Marcelo Lopes","@id":"https:\/\/marcelolopes.jor.br\/site\/#\/schema\/person\/3e7216a35c34d8fdf952b31da3d1f89f"},"headline":"Casa de Caridade Leopoldinense pede ajuda aos governantes","datePublished":"2020-04-25T22:00:42+00:00","mainEntityOfPage":{"@id":"https:\/\/marcelolopes.jor.br\/site\/2020\/04\/25\/casa-de-caridade-leopoldinense-pede-ajuda-aos-governantes\/"},"wordCount":824,"commentCount":0,"publisher":{"@id":"https:\/\/marcelolopes.jor.br\/site\/#organization"},"image":{"@id":"https:\/\/marcelolopes.jor.br\/site\/2020\/04\/25\/casa-de-caridade-leopoldinense-pede-ajuda-aos-governantes\/#primaryimage"},"thumbnailUrl":"https:\/\/marcelolopes.jor.br\/site\/wp-content\/uploads\/2020\/04\/e52231f9089a48aea775d647fa79076e.jpg","keywords":["Carta Aberta","Casa de Caridade Leopoldinense","falta de recursos","respiradores"],"articleSection":["Not\u00edcias"],"inLanguage":"pt-BR","potentialAction":[{"@type":"CommentAction","name":"Comment","target":["https:\/\/marcelolopes.jor.br\/site\/2020\/04\/25\/casa-de-caridade-leopoldinense-pede-ajuda-aos-governantes\/#respond"]}]},{"@type":"WebPage","@id":"https:\/\/marcelolopes.jor.br\/site\/2020\/04\/25\/casa-de-caridade-leopoldinense-pede-ajuda-aos-governantes\/","url":"https:\/\/marcelolopes.jor.br\/site\/2020\/04\/25\/casa-de-caridade-leopoldinense-pede-ajuda-aos-governantes\/","name":"Casa de Caridade Leopoldinense pede ajuda aos governantes | Marcelo Lopes","isPartOf":{"@id":"https:\/\/marcelolopes.jor.br\/site\/#website"},"primaryImageOfPage":{"@id":"https:\/\/marcelolopes.jor.br\/site\/2020\/04\/25\/casa-de-caridade-leopoldinense-pede-ajuda-aos-governantes\/#primaryimage"},"image":{"@id":"https:\/\/marcelolopes.jor.br\/site\/2020\/04\/25\/casa-de-caridade-leopoldinense-pede-ajuda-aos-governantes\/#primaryimage"},"thumbnailUrl":"https:\/\/marcelolopes.jor.br\/site\/wp-content\/uploads\/2020\/04\/e52231f9089a48aea775d647fa79076e.jpg","datePublished":"2020-04-25T22:00:42+00:00","breadcrumb":{"@id":"https:\/\/marcelolopes.jor.br\/site\/2020\/04\/25\/casa-de-caridade-leopoldinense-pede-ajuda-aos-governantes\/#breadcrumb"},"inLanguage":"pt-BR","potentialAction":[{"@type":"ReadAction","target":["https:\/\/marcelolopes.jor.br\/site\/2020\/04\/25\/casa-de-caridade-leopoldinense-pede-ajuda-aos-governantes\/"]}]},{"@type":"ImageObject","inLanguage":"pt-BR","@id":"https:\/\/marcelolopes.jor.br\/site\/2020\/04\/25\/casa-de-caridade-leopoldinense-pede-ajuda-aos-governantes\/#primaryimage","url":"https:\/\/marcelolopes.jor.br\/site\/wp-content\/uploads\/2020\/04\/e52231f9089a48aea775d647fa79076e.jpg","contentUrl":"https:\/\/marcelolopes.jor.br\/site\/wp-content\/uploads\/2020\/04\/e52231f9089a48aea775d647fa79076e.jpg","width":900,"height":500},{"@type":"BreadcrumbList","@id":"https:\/\/marcelolopes.jor.br\/site\/2020\/04\/25\/casa-de-caridade-leopoldinense-pede-ajuda-aos-governantes\/#breadcrumb","itemListElement":[{"@type":"ListItem","position":1,"name":"Home","item":"https:\/\/marcelolopes.jor.br\/site\/"},{"@type":"ListItem","position":2,"name":"Casa de Caridade Leopoldinense pede ajuda aos governantes"}]},{"@type":"WebSite","@id":"https:\/\/marcelolopes.jor.br\/site\/#website","url":"https:\/\/marcelolopes.jor.br\/site\/","name":"Marcelo Lopes","description":"Not\u00edcias de Cataguases e Regi\u00e3o","publisher":{"@id":"https:\/\/marcelolopes.jor.br\/site\/#organization"},"potentialAction":[{"@type":"SearchAction","target":{"@type":"EntryPoint","urlTemplate":"https:\/\/marcelolopes.jor.br\/site\/?s={search_term_string}"},"query-input":{"@type":"PropertyValueSpecification","valueRequired":true,"valueName":"search_term_string"}}],"inLanguage":"pt-BR"},{"@type":"Organization","@id":"https:\/\/marcelolopes.jor.br\/site\/#organization","name":"Site do Marcelo Lopes","url":"https:\/\/marcelolopes.jor.br\/site\/","logo":{"@type":"ImageObject","inLanguage":"pt-BR","@id":"https:\/\/marcelolopes.jor.br\/site\/#\/schema\/logo\/image\/","url":"https:\/\/marcelolopes.jor.br\/site\/wp-content\/uploads\/2024\/11\/logo-1.png","contentUrl":"https:\/\/marcelolopes.jor.br\/site\/wp-content\/uploads\/2024\/11\/logo-1.png","width":475,"height":80,"caption":"Site do Marcelo Lopes"},"image":{"@id":"https:\/\/marcelolopes.jor.br\/site\/#\/schema\/logo\/image\/"},"sameAs":["https:\/\/www.facebook.com\/sitedomarcelolopes","https:\/\/www.instagram.com\/sitedomarcelolopes\/","https:\/\/www.linkedin.com\/company\/site-do-marcelo-lopes\/","https:\/\/www.youtube.com\/user\/marcelolopes957"]},{"@type":"Person","@id":"https:\/\/marcelolopes.jor.br\/site\/#\/schema\/person\/3e7216a35c34d8fdf952b31da3d1f89f","name":"Marcelo Lopes","sameAs":["http:\/\/www.marcelolopes.jor.br"],"url":"https:\/\/marcelolopes.jor.br\/site\/author\/marcelo\/"}]}},"wps_subtitle":"Em Carta Aberta a CCL reivindica mais recursos para insumos e equipamentos.","_links":{"self":[{"href":"https:\/\/marcelolopes.jor.br\/site\/wp-json\/wp\/v2\/posts\/13786","targetHints":{"allow":["GET"]}}],"collection":[{"href":"https:\/\/marcelolopes.jor.br\/site\/wp-json\/wp\/v2\/posts"}],"about":[{"href":"https:\/\/marcelolopes.jor.br\/site\/wp-json\/wp\/v2\/types\/post"}],"author":[{"embeddable":true,"href":"https:\/\/marcelolopes.jor.br\/site\/wp-json\/wp\/v2\/users\/2"}],"replies":[{"embeddable":true,"href":"https:\/\/marcelolopes.jor.br\/site\/wp-json\/wp\/v2\/comments?post=13786"}],"version-history":[{"count":0,"href":"https:\/\/marcelolopes.jor.br\/site\/wp-json\/wp\/v2\/posts\/13786\/revisions"}],"wp:featuredmedia":[{"embeddable":true,"href":"https:\/\/marcelolopes.jor.br\/site\/wp-json\/wp\/v2\/media\/13788"}],"wp:attachment":[{"href":"https:\/\/marcelolopes.jor.br\/site\/wp-json\/wp\/v2\/media?parent=13786"}],"wp:term":[{"taxonomy":"category","embeddable":true,"href":"https:\/\/marcelolopes.jor.br\/site\/wp-json\/wp\/v2\/categories?post=13786"},{"taxonomy":"post_tag","embeddable":true,"href":"https:\/\/marcelolopes.jor.br\/site\/wp-json\/wp\/v2\/tags?post=13786"}],"curies":[{"name":"wp","href":"https:\/\/api.w.org\/{rel}","templated":true}]}}