{"id":13703,"date":"2020-04-22T20:00:39","date_gmt":"2020-04-22T23:00:39","guid":{"rendered":"https:\/\/marcelolopes.jor.br\/?p=13703"},"modified":"2020-04-22T17:23:23","modified_gmt":"2020-04-22T20:23:23","slug":"hospital-de-cataguases-volta-a-funcionar-na-classificacao-nivel-3","status":"publish","type":"post","link":"https:\/\/marcelolopes.jor.br\/site\/2020\/04\/22\/hospital-de-cataguases-volta-a-funcionar-na-classificacao-nivel-3\/","title":{"rendered":"Hospital de Cataguases volta a funcionar na classifica\u00e7\u00e3o &#8220;N\u00edvel 3&#8221;"},"content":{"rendered":"<p style=\"text-align: justify;\">No dia 17 de mar\u00e7o \u00faltimo, a dire\u00e7\u00e3o do Hospital de Cataguases recebeu a notifica\u00e7\u00e3o da Secretaria de Estado de Sa\u00fade de Minas Gerais, atendendo a seu pedido, de que estava deixando de ser N\u00edvel 2 e retornando \u00e0 categoria &#8220;N\u00edvel 3&#8221;. Em 2014, durante a visita do ent\u00e3o governador Ant\u00f4nio Anastasia a Cataguases foi assinado um protocolo de inten\u00e7\u00f5es entre o governo de Minas e o Hospital que elevou sua categoria para &#8220;N\u00edvel 2&#8221; e, em contrapartida, seriam liberados recursos para obras de infraestrutura que lhe garantiriam o funcionamento na nova modalidade.<!--more--><\/p>\n<p style=\"text-align: justify;\">Nada disso saiu do papel, exceto a exig\u00eancia das autoridades em sa\u00fade de que o Hospital funcionasse com as novas obriga\u00e7\u00f5es que lhe exigiam manter cinco m\u00e9dicos plantonistas diariamente no atendimento \u00e0 popula\u00e7\u00e3o, al\u00e9m do recebimento de R$ 100 mil mensais pelo governo do estado para manter o novo servi\u00e7o. O valor deste recurso continuou sendo o mesmo desde aquela data. &#8220;Em pouco tempo come\u00e7amos a ter problemas na contrata\u00e7\u00e3o de m\u00e9dicos plantonistas e esta situa\u00e7\u00e3o foi se agravando aos poucos&#8221;, conta M\u00e1ximo Barbosa Silva, administrador hospitalar daquela Santa Casa. &#8220;E como a gente n\u00e3o conseguia cumprir nossa obriga\u00e7\u00e3o o repasse que recebemos tamb\u00e9m sofria descontos&#8221;, acrescentou.<\/p>\n<p style=\"text-align: justify;\">&#8220;Desde que o hospital come\u00e7ou a ter problemas em formar as equipes dos plant\u00f5es vimos que n\u00e3o ter\u00edamos condi\u00e7\u00f5es de cumprir este compromisso e come\u00e7amos a buscar uma solu\u00e7\u00e3o em conjunto com a Secretaria Municipal de Sa\u00fade, Ger\u00eancia Regional de Sa\u00fade e at\u00e9 Minist\u00e9rio P\u00fablico, entre outras entidades&#8221;, revela Eliermes Teixeira, Assessor Administrativo do HC. &#8220;Depois de muitas reuni\u00f5es, finalmente conseguimos chegar a um acordo que possibilitou nosso retorno ao n\u00edvel tr\u00eas, porque o atendimento ao p\u00fablico n\u00e3o ser\u00e1 prejudicado&#8221;, afirmou. Rafael Vilela Andrade, advogado do HC, disse ainda que, na pr\u00e1tica, o Hospital j\u00e1 funcionava com as atribui\u00e7\u00f5es do n\u00edvel tr\u00eas exatamente por causa destas defici\u00eancias.<\/p>\n<p style=\"text-align: justify;\">A afirma\u00e7\u00e3o foi corroborada pelo m\u00e9dico Nivaldo Santos Gribel, diretor t\u00e9cnico do Hospital. Ele tamb\u00e9m disse que n\u00e3o h\u00e1 &#8220;culpados pelo retorno ao n\u00edvel tr\u00eas porque o que aconteceu foi que n\u00f3s tentamos fazer a nossa parte e n\u00e3o conseguimos por falta de profissionais t\u00e9cnicos exigidos pelo n\u00edvel dois. Agora, temos certeza que vamos dar o atendimento necess\u00e1rio a todos como ocorre hoje. Al\u00e9m disso estamos negociando com o mun\u00edcipio a melhor forma disso acontecer j\u00e1 que \u00e9 ele que contrata os servi\u00e7os do hospital&#8221;, esclareceu.<\/p>\n<div class=\"rbjfv69f75bf746912\" ><br><\/div><style type=\"text\/css\">\r\n@media screen and (min-width: 1201px) {\r\n.rbjfv69f75bf746912 {\r\ndisplay: block;\r\n}\r\n}\r\n@media screen and (min-width: 993px) and (max-width: 1200px) {\r\n.rbjfv69f75bf746912 {\r\ndisplay: block;\r\n}\r\n}\r\n@media screen and (min-width: 769px) and (max-width: 992px) {\r\n.rbjfv69f75bf746912 {\r\ndisplay: block;\r\n}\r\n}\r\n@media screen and (min-width: 768px) and (max-width: 768px) {\r\n.rbjfv69f75bf746912 {\r\ndisplay: block;\r\n}\r\n}\r\n@media screen and (max-width: 767px) {\r\n.rbjfv69f75bf746912 {\r\ndisplay: block;\r\n}\r\n}\r\n<\/style>\r\n<div class=\"qreku69f75bf74d72e\" ><div id=\"div_destino\"><\/div>\r\n<script src=\"https:\/\/cdn.snsrsv.com\/sdk.js\"><\/script>\r\n<script >\r\n      new sdk(\"464030C30061EA8BE065000000000001\") \r\n          .appendTo(\"div_destino\")\r\n          .disableStyle(true) \r\n          .setCacheBusterMacro(\"%%CACHEBUSTER%%\")\r\n          .setSize(\"800\",\"214\")\r\n          .setClickMacro(\"%%CLICK_URL_ESC%%\") \r\n          .setReferrerUrlMacro(\"%%REFERRER_URL_ESC%%\") \r\n          .start(); \r\n<\/script><\/div><style type=\"text\/css\">\r\n@media screen and (min-width: 1201px) {\r\n.qreku69f75bf74d72e {\r\ndisplay: block;\r\n}\r\n}\r\n@media screen and (min-width: 993px) and (max-width: 1200px) {\r\n.qreku69f75bf74d72e {\r\ndisplay: block;\r\n}\r\n}\r\n@media screen and (min-width: 769px) and (max-width: 992px) {\r\n.qreku69f75bf74d72e {\r\ndisplay: block;\r\n}\r\n}\r\n@media screen and (min-width: 768px) and (max-width: 768px) {\r\n.qreku69f75bf74d72e {\r\ndisplay: block;\r\n}\r\n}\r\n@media screen and (max-width: 767px) {\r\n.qreku69f75bf74d72e {\r\ndisplay: block;\r\n}\r\n}\r\n<\/style>\r\n","protected":false},"excerpt":{"rendered":"<p>No dia 17 de mar\u00e7o \u00faltimo, a dire\u00e7\u00e3o do Hospital de Cataguases recebeu a notifica\u00e7\u00e3o da Secretaria de Estado de Sa\u00fade de Minas Gerais, atendendo a seu pedido, de que estava deixando de ser N\u00edvel 2 e retornando \u00e0 categoria<\/p>\n<p class=\"link-more\"><a class=\"more-link\" href=\"https:\/\/marcelolopes.jor.br\/site\/2020\/04\/22\/hospital-de-cataguases-volta-a-funcionar-na-classificacao-nivel-3\/\">Leia mais <span class=\"screen-reader-text\">Hospital de Cataguases volta a funcionar na classifica\u00e7\u00e3o &#8220;N\u00edvel 3&#8221;<\/span><\/a><\/p>\n","protected":false},"author":2,"featured_media":13705,"comment_status":"open","ping_status":"open","sticky":false,"template":"","format":"standard","meta":{"footnotes":""},"categories":[1],"tags":[2391,341,2390,59],"class_list":["post-13703","post","type-post","status-publish","format-standard","has-post-thumbnail","hentry","category-noticias","tag-atendimento-medico","tag-hospital-de-cataguases","tag-nivel-3","tag-saude","thumb-below-title"],"yoast_head":"<!-- This site is optimized with the Yoast SEO plugin v27.4 - https:\/\/yoast.com\/product\/yoast-seo-wordpress\/ -->\n<title>Hospital de Cataguases volta a funcionar na classifica\u00e7\u00e3o &quot;N\u00edvel 3&quot; | Marcelo Lopes<\/title>\n<meta name=\"robots\" content=\"index, follow, max-snippet:-1, max-image-preview:large, max-video-preview:-1\" \/>\n<link rel=\"canonical\" href=\"https:\/\/marcelolopes.jor.br\/site\/2020\/04\/22\/hospital-de-cataguases-volta-a-funcionar-na-classificacao-nivel-3\/\" \/>\n<meta property=\"og:locale\" content=\"pt_BR\" \/>\n<meta property=\"og:type\" content=\"article\" \/>\n<meta property=\"og:title\" content=\"Hospital de Cataguases volta a funcionar na classifica\u00e7\u00e3o &quot;N\u00edvel 3&quot; | Marcelo Lopes\" \/>\n<meta property=\"og:description\" content=\"No dia 17 de mar\u00e7o \u00faltimo, a dire\u00e7\u00e3o do Hospital de Cataguases recebeu a notifica\u00e7\u00e3o da Secretaria de Estado de Sa\u00fade de Minas Gerais, atendendo a seu pedido, de que estava deixando de ser N\u00edvel 2 e retornando \u00e0 categoriaLeia mais Hospital de Cataguases volta a funcionar na classifica\u00e7\u00e3o &#8220;N\u00edvel 3&#8221;\" \/>\n<meta property=\"og:url\" content=\"https:\/\/marcelolopes.jor.br\/site\/2020\/04\/22\/hospital-de-cataguases-volta-a-funcionar-na-classificacao-nivel-3\/\" \/>\n<meta property=\"og:site_name\" content=\"Marcelo Lopes\" \/>\n<meta property=\"article:publisher\" content=\"https:\/\/www.facebook.com\/sitedomarcelolopes\" \/>\n<meta property=\"article:published_time\" content=\"2020-04-22T23:00:39+00:00\" \/>\n<meta property=\"og:image\" content=\"https:\/\/marcelolopes.jor.br\/site\/wp-content\/uploads\/2020\/04\/HC.jpg\" \/>\n\t<meta property=\"og:image:width\" content=\"800\" \/>\n\t<meta property=\"og:image:height\" content=\"450\" \/>\n\t<meta property=\"og:image:type\" content=\"image\/jpeg\" \/>\n<meta name=\"author\" content=\"Marcelo Lopes\" \/>\n<meta name=\"twitter:card\" content=\"summary_large_image\" \/>\n<meta name=\"twitter:label1\" content=\"Escrito por\" \/>\n\t<meta name=\"twitter:data1\" content=\"Marcelo Lopes\" \/>\n\t<meta name=\"twitter:label2\" content=\"Est. tempo de leitura\" \/>\n\t<meta name=\"twitter:data2\" content=\"2 minutos\" \/>\n<script type=\"application\/ld+json\" class=\"yoast-schema-graph\">{\"@context\":\"https:\\\/\\\/schema.org\",\"@graph\":[{\"@type\":\"NewsArticle\",\"@id\":\"https:\\\/\\\/marcelolopes.jor.br\\\/site\\\/2020\\\/04\\\/22\\\/hospital-de-cataguases-volta-a-funcionar-na-classificacao-nivel-3\\\/#article\",\"isPartOf\":{\"@id\":\"https:\\\/\\\/marcelolopes.jor.br\\\/site\\\/2020\\\/04\\\/22\\\/hospital-de-cataguases-volta-a-funcionar-na-classificacao-nivel-3\\\/\"},\"author\":{\"name\":\"Marcelo Lopes\",\"@id\":\"https:\\\/\\\/marcelolopes.jor.br\\\/site\\\/#\\\/schema\\\/person\\\/3e7216a35c34d8fdf952b31da3d1f89f\"},\"headline\":\"Hospital de Cataguases volta a funcionar na classifica\u00e7\u00e3o &#8220;N\u00edvel 3&#8221;\",\"datePublished\":\"2020-04-22T23:00:39+00:00\",\"mainEntityOfPage\":{\"@id\":\"https:\\\/\\\/marcelolopes.jor.br\\\/site\\\/2020\\\/04\\\/22\\\/hospital-de-cataguases-volta-a-funcionar-na-classificacao-nivel-3\\\/\"},\"wordCount\":457,\"commentCount\":0,\"publisher\":{\"@id\":\"https:\\\/\\\/marcelolopes.jor.br\\\/site\\\/#organization\"},\"image\":{\"@id\":\"https:\\\/\\\/marcelolopes.jor.br\\\/site\\\/2020\\\/04\\\/22\\\/hospital-de-cataguases-volta-a-funcionar-na-classificacao-nivel-3\\\/#primaryimage\"},\"thumbnailUrl\":\"https:\\\/\\\/marcelolopes.jor.br\\\/site\\\/wp-content\\\/uploads\\\/2020\\\/04\\\/HC.jpg\",\"keywords\":[\"atendimento m\u00e9dico\",\"Hospital de Cataguases\",\"N\u00edvel 3\",\"sa\u00fade\"],\"articleSection\":[\"Not\u00edcias\"],\"inLanguage\":\"pt-BR\",\"potentialAction\":[{\"@type\":\"CommentAction\",\"name\":\"Comment\",\"target\":[\"https:\\\/\\\/marcelolopes.jor.br\\\/site\\\/2020\\\/04\\\/22\\\/hospital-de-cataguases-volta-a-funcionar-na-classificacao-nivel-3\\\/#respond\"]}]},{\"@type\":\"WebPage\",\"@id\":\"https:\\\/\\\/marcelolopes.jor.br\\\/site\\\/2020\\\/04\\\/22\\\/hospital-de-cataguases-volta-a-funcionar-na-classificacao-nivel-3\\\/\",\"url\":\"https:\\\/\\\/marcelolopes.jor.br\\\/site\\\/2020\\\/04\\\/22\\\/hospital-de-cataguases-volta-a-funcionar-na-classificacao-nivel-3\\\/\",\"name\":\"Hospital de Cataguases volta a funcionar na classifica\u00e7\u00e3o \\\"N\u00edvel 3\\\" | Marcelo Lopes\",\"isPartOf\":{\"@id\":\"https:\\\/\\\/marcelolopes.jor.br\\\/site\\\/#website\"},\"primaryImageOfPage\":{\"@id\":\"https:\\\/\\\/marcelolopes.jor.br\\\/site\\\/2020\\\/04\\\/22\\\/hospital-de-cataguases-volta-a-funcionar-na-classificacao-nivel-3\\\/#primaryimage\"},\"image\":{\"@id\":\"https:\\\/\\\/marcelolopes.jor.br\\\/site\\\/2020\\\/04\\\/22\\\/hospital-de-cataguases-volta-a-funcionar-na-classificacao-nivel-3\\\/#primaryimage\"},\"thumbnailUrl\":\"https:\\\/\\\/marcelolopes.jor.br\\\/site\\\/wp-content\\\/uploads\\\/2020\\\/04\\\/HC.jpg\",\"datePublished\":\"2020-04-22T23:00:39+00:00\",\"breadcrumb\":{\"@id\":\"https:\\\/\\\/marcelolopes.jor.br\\\/site\\\/2020\\\/04\\\/22\\\/hospital-de-cataguases-volta-a-funcionar-na-classificacao-nivel-3\\\/#breadcrumb\"},\"inLanguage\":\"pt-BR\",\"potentialAction\":[{\"@type\":\"ReadAction\",\"target\":[\"https:\\\/\\\/marcelolopes.jor.br\\\/site\\\/2020\\\/04\\\/22\\\/hospital-de-cataguases-volta-a-funcionar-na-classificacao-nivel-3\\\/\"]}]},{\"@type\":\"ImageObject\",\"inLanguage\":\"pt-BR\",\"@id\":\"https:\\\/\\\/marcelolopes.jor.br\\\/site\\\/2020\\\/04\\\/22\\\/hospital-de-cataguases-volta-a-funcionar-na-classificacao-nivel-3\\\/#primaryimage\",\"url\":\"https:\\\/\\\/marcelolopes.jor.br\\\/site\\\/wp-content\\\/uploads\\\/2020\\\/04\\\/HC.jpg\",\"contentUrl\":\"https:\\\/\\\/marcelolopes.jor.br\\\/site\\\/wp-content\\\/uploads\\\/2020\\\/04\\\/HC.jpg\",\"width\":800,\"height\":450},{\"@type\":\"BreadcrumbList\",\"@id\":\"https:\\\/\\\/marcelolopes.jor.br\\\/site\\\/2020\\\/04\\\/22\\\/hospital-de-cataguases-volta-a-funcionar-na-classificacao-nivel-3\\\/#breadcrumb\",\"itemListElement\":[{\"@type\":\"ListItem\",\"position\":1,\"name\":\"Home\",\"item\":\"https:\\\/\\\/marcelolopes.jor.br\\\/site\\\/\"},{\"@type\":\"ListItem\",\"position\":2,\"name\":\"Hospital de Cataguases volta a funcionar na classifica\u00e7\u00e3o &#8220;N\u00edvel 3&#8221;\"}]},{\"@type\":\"WebSite\",\"@id\":\"https:\\\/\\\/marcelolopes.jor.br\\\/site\\\/#website\",\"url\":\"https:\\\/\\\/marcelolopes.jor.br\\\/site\\\/\",\"name\":\"Marcelo Lopes\",\"description\":\"Not\u00edcias de Cataguases e Regi\u00e3o\",\"publisher\":{\"@id\":\"https:\\\/\\\/marcelolopes.jor.br\\\/site\\\/#organization\"},\"potentialAction\":[{\"@type\":\"SearchAction\",\"target\":{\"@type\":\"EntryPoint\",\"urlTemplate\":\"https:\\\/\\\/marcelolopes.jor.br\\\/site\\\/?s={search_term_string}\"},\"query-input\":{\"@type\":\"PropertyValueSpecification\",\"valueRequired\":true,\"valueName\":\"search_term_string\"}}],\"inLanguage\":\"pt-BR\"},{\"@type\":\"Organization\",\"@id\":\"https:\\\/\\\/marcelolopes.jor.br\\\/site\\\/#organization\",\"name\":\"Site do Marcelo Lopes\",\"url\":\"https:\\\/\\\/marcelolopes.jor.br\\\/site\\\/\",\"logo\":{\"@type\":\"ImageObject\",\"inLanguage\":\"pt-BR\",\"@id\":\"https:\\\/\\\/marcelolopes.jor.br\\\/site\\\/#\\\/schema\\\/logo\\\/image\\\/\",\"url\":\"https:\\\/\\\/marcelolopes.jor.br\\\/site\\\/wp-content\\\/uploads\\\/2024\\\/11\\\/logo-1.png\",\"contentUrl\":\"https:\\\/\\\/marcelolopes.jor.br\\\/site\\\/wp-content\\\/uploads\\\/2024\\\/11\\\/logo-1.png\",\"width\":475,\"height\":80,\"caption\":\"Site do Marcelo Lopes\"},\"image\":{\"@id\":\"https:\\\/\\\/marcelolopes.jor.br\\\/site\\\/#\\\/schema\\\/logo\\\/image\\\/\"},\"sameAs\":[\"https:\\\/\\\/www.facebook.com\\\/sitedomarcelolopes\",\"https:\\\/\\\/www.instagram.com\\\/sitedomarcelolopes\\\/\",\"https:\\\/\\\/www.linkedin.com\\\/company\\\/site-do-marcelo-lopes\\\/\",\"https:\\\/\\\/www.youtube.com\\\/user\\\/marcelolopes957\"]},{\"@type\":\"Person\",\"@id\":\"https:\\\/\\\/marcelolopes.jor.br\\\/site\\\/#\\\/schema\\\/person\\\/3e7216a35c34d8fdf952b31da3d1f89f\",\"name\":\"Marcelo Lopes\",\"sameAs\":[\"http:\\\/\\\/www.marcelolopes.jor.br\"],\"url\":\"https:\\\/\\\/marcelolopes.jor.br\\\/site\\\/author\\\/marcelo\\\/\"}]}<\/script>\n<!-- \/ Yoast SEO plugin. -->","yoast_head_json":{"title":"Hospital de Cataguases volta a funcionar na classifica\u00e7\u00e3o \"N\u00edvel 3\" | Marcelo Lopes","robots":{"index":"index","follow":"follow","max-snippet":"max-snippet:-1","max-image-preview":"max-image-preview:large","max-video-preview":"max-video-preview:-1"},"canonical":"https:\/\/marcelolopes.jor.br\/site\/2020\/04\/22\/hospital-de-cataguases-volta-a-funcionar-na-classificacao-nivel-3\/","og_locale":"pt_BR","og_type":"article","og_title":"Hospital de Cataguases volta a funcionar na classifica\u00e7\u00e3o \"N\u00edvel 3\" | Marcelo Lopes","og_description":"No dia 17 de mar\u00e7o \u00faltimo, a dire\u00e7\u00e3o do Hospital de Cataguases recebeu a notifica\u00e7\u00e3o da Secretaria de Estado de Sa\u00fade de Minas Gerais, atendendo a seu pedido, de que estava deixando de ser N\u00edvel 2 e retornando \u00e0 categoriaLeia mais Hospital de Cataguases volta a funcionar na classifica\u00e7\u00e3o &#8220;N\u00edvel 3&#8221;","og_url":"https:\/\/marcelolopes.jor.br\/site\/2020\/04\/22\/hospital-de-cataguases-volta-a-funcionar-na-classificacao-nivel-3\/","og_site_name":"Marcelo Lopes","article_publisher":"https:\/\/www.facebook.com\/sitedomarcelolopes","article_published_time":"2020-04-22T23:00:39+00:00","og_image":[{"width":800,"height":450,"url":"https:\/\/marcelolopes.jor.br\/site\/wp-content\/uploads\/2020\/04\/HC.jpg","type":"image\/jpeg"}],"author":"Marcelo Lopes","twitter_card":"summary_large_image","twitter_misc":{"Escrito por":"Marcelo Lopes","Est. tempo de leitura":"2 minutos"},"schema":{"@context":"https:\/\/schema.org","@graph":[{"@type":"NewsArticle","@id":"https:\/\/marcelolopes.jor.br\/site\/2020\/04\/22\/hospital-de-cataguases-volta-a-funcionar-na-classificacao-nivel-3\/#article","isPartOf":{"@id":"https:\/\/marcelolopes.jor.br\/site\/2020\/04\/22\/hospital-de-cataguases-volta-a-funcionar-na-classificacao-nivel-3\/"},"author":{"name":"Marcelo Lopes","@id":"https:\/\/marcelolopes.jor.br\/site\/#\/schema\/person\/3e7216a35c34d8fdf952b31da3d1f89f"},"headline":"Hospital de Cataguases volta a funcionar na classifica\u00e7\u00e3o &#8220;N\u00edvel 3&#8221;","datePublished":"2020-04-22T23:00:39+00:00","mainEntityOfPage":{"@id":"https:\/\/marcelolopes.jor.br\/site\/2020\/04\/22\/hospital-de-cataguases-volta-a-funcionar-na-classificacao-nivel-3\/"},"wordCount":457,"commentCount":0,"publisher":{"@id":"https:\/\/marcelolopes.jor.br\/site\/#organization"},"image":{"@id":"https:\/\/marcelolopes.jor.br\/site\/2020\/04\/22\/hospital-de-cataguases-volta-a-funcionar-na-classificacao-nivel-3\/#primaryimage"},"thumbnailUrl":"https:\/\/marcelolopes.jor.br\/site\/wp-content\/uploads\/2020\/04\/HC.jpg","keywords":["atendimento m\u00e9dico","Hospital de Cataguases","N\u00edvel 3","sa\u00fade"],"articleSection":["Not\u00edcias"],"inLanguage":"pt-BR","potentialAction":[{"@type":"CommentAction","name":"Comment","target":["https:\/\/marcelolopes.jor.br\/site\/2020\/04\/22\/hospital-de-cataguases-volta-a-funcionar-na-classificacao-nivel-3\/#respond"]}]},{"@type":"WebPage","@id":"https:\/\/marcelolopes.jor.br\/site\/2020\/04\/22\/hospital-de-cataguases-volta-a-funcionar-na-classificacao-nivel-3\/","url":"https:\/\/marcelolopes.jor.br\/site\/2020\/04\/22\/hospital-de-cataguases-volta-a-funcionar-na-classificacao-nivel-3\/","name":"Hospital de Cataguases volta a funcionar na classifica\u00e7\u00e3o \"N\u00edvel 3\" | Marcelo Lopes","isPartOf":{"@id":"https:\/\/marcelolopes.jor.br\/site\/#website"},"primaryImageOfPage":{"@id":"https:\/\/marcelolopes.jor.br\/site\/2020\/04\/22\/hospital-de-cataguases-volta-a-funcionar-na-classificacao-nivel-3\/#primaryimage"},"image":{"@id":"https:\/\/marcelolopes.jor.br\/site\/2020\/04\/22\/hospital-de-cataguases-volta-a-funcionar-na-classificacao-nivel-3\/#primaryimage"},"thumbnailUrl":"https:\/\/marcelolopes.jor.br\/site\/wp-content\/uploads\/2020\/04\/HC.jpg","datePublished":"2020-04-22T23:00:39+00:00","breadcrumb":{"@id":"https:\/\/marcelolopes.jor.br\/site\/2020\/04\/22\/hospital-de-cataguases-volta-a-funcionar-na-classificacao-nivel-3\/#breadcrumb"},"inLanguage":"pt-BR","potentialAction":[{"@type":"ReadAction","target":["https:\/\/marcelolopes.jor.br\/site\/2020\/04\/22\/hospital-de-cataguases-volta-a-funcionar-na-classificacao-nivel-3\/"]}]},{"@type":"ImageObject","inLanguage":"pt-BR","@id":"https:\/\/marcelolopes.jor.br\/site\/2020\/04\/22\/hospital-de-cataguases-volta-a-funcionar-na-classificacao-nivel-3\/#primaryimage","url":"https:\/\/marcelolopes.jor.br\/site\/wp-content\/uploads\/2020\/04\/HC.jpg","contentUrl":"https:\/\/marcelolopes.jor.br\/site\/wp-content\/uploads\/2020\/04\/HC.jpg","width":800,"height":450},{"@type":"BreadcrumbList","@id":"https:\/\/marcelolopes.jor.br\/site\/2020\/04\/22\/hospital-de-cataguases-volta-a-funcionar-na-classificacao-nivel-3\/#breadcrumb","itemListElement":[{"@type":"ListItem","position":1,"name":"Home","item":"https:\/\/marcelolopes.jor.br\/site\/"},{"@type":"ListItem","position":2,"name":"Hospital de Cataguases volta a funcionar na classifica\u00e7\u00e3o &#8220;N\u00edvel 3&#8221;"}]},{"@type":"WebSite","@id":"https:\/\/marcelolopes.jor.br\/site\/#website","url":"https:\/\/marcelolopes.jor.br\/site\/","name":"Marcelo Lopes","description":"Not\u00edcias de Cataguases e Regi\u00e3o","publisher":{"@id":"https:\/\/marcelolopes.jor.br\/site\/#organization"},"potentialAction":[{"@type":"SearchAction","target":{"@type":"EntryPoint","urlTemplate":"https:\/\/marcelolopes.jor.br\/site\/?s={search_term_string}"},"query-input":{"@type":"PropertyValueSpecification","valueRequired":true,"valueName":"search_term_string"}}],"inLanguage":"pt-BR"},{"@type":"Organization","@id":"https:\/\/marcelolopes.jor.br\/site\/#organization","name":"Site do Marcelo Lopes","url":"https:\/\/marcelolopes.jor.br\/site\/","logo":{"@type":"ImageObject","inLanguage":"pt-BR","@id":"https:\/\/marcelolopes.jor.br\/site\/#\/schema\/logo\/image\/","url":"https:\/\/marcelolopes.jor.br\/site\/wp-content\/uploads\/2024\/11\/logo-1.png","contentUrl":"https:\/\/marcelolopes.jor.br\/site\/wp-content\/uploads\/2024\/11\/logo-1.png","width":475,"height":80,"caption":"Site do Marcelo Lopes"},"image":{"@id":"https:\/\/marcelolopes.jor.br\/site\/#\/schema\/logo\/image\/"},"sameAs":["https:\/\/www.facebook.com\/sitedomarcelolopes","https:\/\/www.instagram.com\/sitedomarcelolopes\/","https:\/\/www.linkedin.com\/company\/site-do-marcelo-lopes\/","https:\/\/www.youtube.com\/user\/marcelolopes957"]},{"@type":"Person","@id":"https:\/\/marcelolopes.jor.br\/site\/#\/schema\/person\/3e7216a35c34d8fdf952b31da3d1f89f","name":"Marcelo Lopes","sameAs":["http:\/\/www.marcelolopes.jor.br"],"url":"https:\/\/marcelolopes.jor.br\/site\/author\/marcelo\/"}]}},"wps_subtitle":"Na pr\u00e1tica nada muda para a popula\u00e7\u00e3o, j\u00e1 que o antigo \"N\u00edvel 2\" n\u00e3o funcionou.","_links":{"self":[{"href":"https:\/\/marcelolopes.jor.br\/site\/wp-json\/wp\/v2\/posts\/13703","targetHints":{"allow":["GET"]}}],"collection":[{"href":"https:\/\/marcelolopes.jor.br\/site\/wp-json\/wp\/v2\/posts"}],"about":[{"href":"https:\/\/marcelolopes.jor.br\/site\/wp-json\/wp\/v2\/types\/post"}],"author":[{"embeddable":true,"href":"https:\/\/marcelolopes.jor.br\/site\/wp-json\/wp\/v2\/users\/2"}],"replies":[{"embeddable":true,"href":"https:\/\/marcelolopes.jor.br\/site\/wp-json\/wp\/v2\/comments?post=13703"}],"version-history":[{"count":0,"href":"https:\/\/marcelolopes.jor.br\/site\/wp-json\/wp\/v2\/posts\/13703\/revisions"}],"wp:featuredmedia":[{"embeddable":true,"href":"https:\/\/marcelolopes.jor.br\/site\/wp-json\/wp\/v2\/media\/13705"}],"wp:attachment":[{"href":"https:\/\/marcelolopes.jor.br\/site\/wp-json\/wp\/v2\/media?parent=13703"}],"wp:term":[{"taxonomy":"category","embeddable":true,"href":"https:\/\/marcelolopes.jor.br\/site\/wp-json\/wp\/v2\/categories?post=13703"},{"taxonomy":"post_tag","embeddable":true,"href":"https:\/\/marcelolopes.jor.br\/site\/wp-json\/wp\/v2\/tags?post=13703"}],"curies":[{"name":"wp","href":"https:\/\/api.w.org\/{rel}","templated":true}]}}